{"id":25775,"date":"2024-07-24T18:34:42","date_gmt":"2024-07-24T16:34:42","guid":{"rendered":"https:\/\/www.caudete.org\/ayuntamiento\/?p=25775"},"modified":"2024-07-25T09:01:45","modified_gmt":"2024-07-25T07:01:45","slug":"urbanismo-posibilita-en-r-7-la-instalacion-de-luminarias-solares-al-urbanizar-parcela","status":"publish","type":"post","link":"https:\/\/www.caudete.org\/ayuntamiento\/urbanismo-posibilita-en-r-7-la-instalacion-de-luminarias-solares-al-urbanizar-parcela\/","title":{"rendered":"Urbanismo posibilita en R-7 la instalaci\u00f3n de luminarias solares al urbanizar parcela"},"content":{"rendered":"<p style=\"text-align: justify;\">La urbanizaci\u00f3n producida como consecuencia de la construcci\u00f3n de viviendas en el llamado R-7 presenta desde hace unas semanas un beneficio com\u00fan tanto para el promotor como para el Ayuntamiento, al permitir la instalaci\u00f3n de farolas solares en vez de las tradicionales.<\/p>\n<p style=\"text-align: justify;\">El Alcalde Mois\u00e9s L\u00f3pez, responsable del \u00e1rea de Urbanismo as\u00ed lo ha trasladado a los medios, toda vez que la propuesta de su Departamento, analizada y consensuada con el de Servicios Municipales, recibi\u00f3 el visto bueno de la Junta de Gobierno Local.<\/p>\n<p style=\"text-align: justify;\">El suelo de R-7 es una categor\u00eda establecida por las Normas Subsidiarias vigentes desde 1996 muy particular en nuestro municipio, generalmente localizada en zona de diseminados, y aleda\u00f1as al casco urbano que en su mayor\u00eda cuenta con acceso rodado mediante caminos de servicios antiguos que se han ampliado en anchura y con un ancho m\u00e1s que suficiente para la carga de edificabilidad que se otorga.<\/p>\n<p style=\"text-align: justify;\">En la actualidad se viene exigiendo en la clasificaci\u00f3n de suelo urbano R-7, cuando se trata de una actuaci\u00f3n edificatoria que tiene por objeto un \u00fanico solar o una sola parcela para su edificaci\u00f3n, la previa o simult\u00e1nea realizaci\u00f3n de las obras de urbanizaci\u00f3n precisas para su conversi\u00f3n en solar y conexi\u00f3n con las redes de infraestructuras y servicios existentes e inmediatos, cuando proceda.<\/p>\n<p style=\"text-align: justify;\">En referencia a la instalaci\u00f3n de alumbrado del viario, se exige que la luminarias se conecten a la red de alumbrado p\u00fablico y que se cumplan las caracter\u00edsticas y condiciones t\u00e9cnicas impuestas por las NNSS de Caudete y dem\u00e1s normativa. Una vez recepcionada la instalaci\u00f3n por el Ayuntamiento el mantenimiento recae sobre \u00e9l.<\/p>\n<p style=\"text-align: justify;\">La conexi\u00f3n de las nuevas luminarias a la red de alumbrado p\u00fablico existente en muchas de las ocasiones suponen una gran longitud, con el consiguiente gran costo econ\u00f3mico, debi\u00e9ndose ejecutar adem\u00e1s cuadros de contadores y cuadros de alumbrado p\u00fablico para cada una de las intervenciones.<\/p>\n<p style=\"text-align: justify;\">La medida, de posibilitar la instalaci\u00f3n de farolas solares en vez de las tradicionales (conectadas a la red), son ventajas para el promotor como para el Consistorio.<\/p>\n<p style=\"text-align: justify;\">A nivel de instalaci\u00f3n, resulta m\u00e1s econ\u00f3mica la medida adoptada que la instalaci\u00f3n de convencionales, y en mantenimiento, aunque supone a d\u00eda de hoy de mayor inversi\u00f3n la sustituci\u00f3n de una solar que una convencional, esta desventaja inicial se ve reducida por el ahorro en el consumo energ\u00e9tico nulo durante la vida de la misma.<\/p>\n<p style=\"text-align: justify;\">Adem\u00e1s, la implantaci\u00f3n de este sistema, requiere menos mantenimiento que las luminarias de calle convencionales, ya que tienen menores posibilidades de sobrecalentamiento, dado que los sistemas solares no tienen cables externos, y el riesgo de accidentes en las reparaciones se minimiza ya que no tienen conexi\u00f3n el\u00e9ctrica.<\/p>\n<p style=\"text-align: justify;\">Es importante remarcar que la ventaja principal es que estos sistemas de alumbrado p\u00fablico solar son respetuosos con el medio ambiente porque sus paneles son exclusivamente dependientes del sol, eliminando as\u00ed su contribuci\u00f3n en la huella de carbono, a la dependencia energ\u00e9tica, minimiza la contaminaci\u00f3n lum\u00ednica y supone reducci\u00f3n de residuos.<\/p>\n<p style=\"text-align: justify;\">Las caracter\u00edsticas principales acordadas para quienes deseen optar por instalaci\u00f3n de luminarias solaras son:<\/p>\n<ul>\n<li style=\"text-align: justify;\">Integraci\u00f3n de luminaria con panel fotovoltaico.<\/li>\n<li style=\"text-align: justify;\">Colocaci\u00f3n sobre columna de 8m de altura (no b\u00e1culo) con galvanizado de 3mm. y di\u00e1metro en punta de 60 mm., colocadas cada 20 metros y a tresbolillo, incluida la cimentaci\u00f3n de hormig\u00f3n armado de dimensiones m\u00ednimas (60x60x60 cm.).<\/li>\n<li style=\"text-align: justify;\">Luminaria solar LED inteligente y aut\u00f3noma modelo Solarline 5 de dimensiones 988x373x312,80 mm., con referencia 51SOLA5-050T40, de potencia 50 W de flujo lum\u00ednico y 8500 lm en 4000 K. Bater\u00eda de LiFePO4 de alta capacidad, controlador de carga y grupo \u00f3ptico LED.<\/li>\n<li style=\"text-align: justify;\">Incluye un sensor de presencia por infrarrojos para aumentar la autonom\u00eda, reduciendo el nivel de iluminaci\u00f3n siguiendo una curva de regulaci\u00f3n, cuando no detecta presencia, con encendido autom\u00e1tico cuando no detecta luz. Inclinaci\u00f3n variable del panel para un mayor aprovechamiento de la luz solar.<\/li>\n<\/ul>\n","protected":false},"excerpt":{"rendered":"<p>La urbanizaci\u00f3n producida como consecuencia de la construcci\u00f3n de viviendas en el llamado R-7 presenta desde hace unas semanas un beneficio com\u00fan tanto para el promotor como para el Ayuntamiento, al permitir la instalaci\u00f3n de farolas solares en vez de las tradicionales. El Alcalde Mois\u00e9s L\u00f3pez, responsable del \u00e1rea de Urbanismo as\u00ed lo ha trasladado &hellip;<\/p>\n","protected":false},"author":3,"featured_media":25650,"comment_status":"closed","ping_status":"open","sticky":false,"template":"","format":"standard","meta":{"ngg_post_thumbnail":0,"footnotes":""},"categories":[48],"tags":[],"class_list":["post-25775","post","type-post","status-publish","format-standard","has-post-thumbnail","hentry","category-urbanismo"],"yoast_head":"<!-- This site is optimized with the Yoast SEO plugin v27.5 - https:\/\/yoast.com\/product\/yoast-seo-wordpress\/ -->\n<title>Urbanismo posibilita en R-7 la instalaci\u00f3n de luminarias solares al urbanizar parcela - MI Ayuntamiento de Caudete<\/title>\n<meta name=\"description\" content=\"P\u00e1gina Oficial del Ayuntamiento de Caudete (Albacete)\" \/>\n<meta name=\"robots\" content=\"index, follow, max-snippet:-1, max-image-preview:large, max-video-preview:-1\" \/>\n<link rel=\"canonical\" href=\"https:\/\/www.caudete.org\/ayuntamiento\/urbanismo-posibilita-en-r-7-la-instalacion-de-luminarias-solares-al-urbanizar-parcela\/\" \/>\n<meta property=\"og:locale\" content=\"es_ES\" \/>\n<meta property=\"og:type\" content=\"article\" \/>\n<meta property=\"og:title\" content=\"Urbanismo posibilita en R-7 la instalaci\u00f3n de luminarias solares al urbanizar parcela - MI Ayuntamiento de Caudete\" \/>\n<meta property=\"og:description\" content=\"P\u00e1gina Oficial del Ayuntamiento de Caudete (Albacete)\" \/>\n<meta property=\"og:url\" content=\"https:\/\/www.caudete.org\/ayuntamiento\/urbanismo-posibilita-en-r-7-la-instalacion-de-luminarias-solares-al-urbanizar-parcela\/\" \/>\n<meta property=\"og:site_name\" content=\"MI Ayuntamiento de Caudete\" \/>\n<meta property=\"article:publisher\" content=\"https:\/\/www.facebook.com\/ayuntamientocaudete\/\" \/>\n<meta property=\"article:published_time\" content=\"2024-07-24T16:34:42+00:00\" \/>\n<meta property=\"article:modified_time\" content=\"2024-07-25T07:01:45+00:00\" \/>\n<meta property=\"og:image\" content=\"https:\/\/www.caudete.org\/ayuntamiento\/wp-content\/uploads\/2024\/07\/WhatsApp-Image-2024-07-11-at-14.24.07-1.jpeg\" \/>\n\t<meta property=\"og:image:width\" content=\"1600\" \/>\n\t<meta property=\"og:image:height\" content=\"900\" \/>\n\t<meta property=\"og:image:type\" content=\"image\/jpeg\" \/>\n<meta name=\"author\" content=\"alcalde\" \/>\n<meta name=\"twitter:card\" content=\"summary_large_image\" \/>\n<meta name=\"twitter:label1\" content=\"Escrito por\" \/>\n\t<meta name=\"twitter:data1\" content=\"alcalde\" \/>\n\t<meta name=\"twitter:label2\" content=\"Tiempo de lectura\" \/>\n\t<meta name=\"twitter:data2\" content=\"4 minutos\" \/>\n<script type=\"application\/ld+json\" class=\"yoast-schema-graph\">{\"@context\":\"https:\\\/\\\/schema.org\",\"@graph\":[{\"@type\":\"Article\",\"@id\":\"https:\\\/\\\/www.caudete.org\\\/ayuntamiento\\\/urbanismo-posibilita-en-r-7-la-instalacion-de-luminarias-solares-al-urbanizar-parcela\\\/#article\",\"isPartOf\":{\"@id\":\"https:\\\/\\\/www.caudete.org\\\/ayuntamiento\\\/urbanismo-posibilita-en-r-7-la-instalacion-de-luminarias-solares-al-urbanizar-parcela\\\/\"},\"author\":{\"name\":\"alcalde\",\"@id\":\"https:\\\/\\\/www.caudete.org\\\/ayuntamiento\\\/#\\\/schema\\\/person\\\/cc646da9133078ee4d8dd47457947253\"},\"headline\":\"Urbanismo posibilita en R-7 la instalaci\u00f3n de luminarias solares al urbanizar parcela\",\"datePublished\":\"2024-07-24T16:34:42+00:00\",\"dateModified\":\"2024-07-25T07:01:45+00:00\",\"mainEntityOfPage\":{\"@id\":\"https:\\\/\\\/www.caudete.org\\\/ayuntamiento\\\/urbanismo-posibilita-en-r-7-la-instalacion-de-luminarias-solares-al-urbanizar-parcela\\\/\"},\"wordCount\":711,\"image\":{\"@id\":\"https:\\\/\\\/www.caudete.org\\\/ayuntamiento\\\/urbanismo-posibilita-en-r-7-la-instalacion-de-luminarias-solares-al-urbanizar-parcela\\\/#primaryimage\"},\"thumbnailUrl\":\"https:\\\/\\\/www.caudete.org\\\/ayuntamiento\\\/wp-content\\\/uploads\\\/2024\\\/07\\\/WhatsApp-Image-2024-07-11-at-14.24.07-1.jpeg\",\"articleSection\":[\"Urbanismo\"],\"inLanguage\":\"es\"},{\"@type\":\"WebPage\",\"@id\":\"https:\\\/\\\/www.caudete.org\\\/ayuntamiento\\\/urbanismo-posibilita-en-r-7-la-instalacion-de-luminarias-solares-al-urbanizar-parcela\\\/\",\"url\":\"https:\\\/\\\/www.caudete.org\\\/ayuntamiento\\\/urbanismo-posibilita-en-r-7-la-instalacion-de-luminarias-solares-al-urbanizar-parcela\\\/\",\"name\":\"Urbanismo posibilita en R-7 la instalaci\u00f3n de luminarias solares al urbanizar parcela - MI Ayuntamiento de Caudete\",\"isPartOf\":{\"@id\":\"https:\\\/\\\/www.caudete.org\\\/ayuntamiento\\\/#website\"},\"primaryImageOfPage\":{\"@id\":\"https:\\\/\\\/www.caudete.org\\\/ayuntamiento\\\/urbanismo-posibilita-en-r-7-la-instalacion-de-luminarias-solares-al-urbanizar-parcela\\\/#primaryimage\"},\"image\":{\"@id\":\"https:\\\/\\\/www.caudete.org\\\/ayuntamiento\\\/urbanismo-posibilita-en-r-7-la-instalacion-de-luminarias-solares-al-urbanizar-parcela\\\/#primaryimage\"},\"thumbnailUrl\":\"https:\\\/\\\/www.caudete.org\\\/ayuntamiento\\\/wp-content\\\/uploads\\\/2024\\\/07\\\/WhatsApp-Image-2024-07-11-at-14.24.07-1.jpeg\",\"datePublished\":\"2024-07-24T16:34:42+00:00\",\"dateModified\":\"2024-07-25T07:01:45+00:00\",\"author\":{\"@id\":\"https:\\\/\\\/www.caudete.org\\\/ayuntamiento\\\/#\\\/schema\\\/person\\\/cc646da9133078ee4d8dd47457947253\"},\"description\":\"P\u00e1gina Oficial del Ayuntamiento de Caudete (Albacete)\",\"breadcrumb\":{\"@id\":\"https:\\\/\\\/www.caudete.org\\\/ayuntamiento\\\/urbanismo-posibilita-en-r-7-la-instalacion-de-luminarias-solares-al-urbanizar-parcela\\\/#breadcrumb\"},\"inLanguage\":\"es\",\"potentialAction\":[{\"@type\":\"ReadAction\",\"target\":[\"https:\\\/\\\/www.caudete.org\\\/ayuntamiento\\\/urbanismo-posibilita-en-r-7-la-instalacion-de-luminarias-solares-al-urbanizar-parcela\\\/\"]}]},{\"@type\":\"ImageObject\",\"inLanguage\":\"es\",\"@id\":\"https:\\\/\\\/www.caudete.org\\\/ayuntamiento\\\/urbanismo-posibilita-en-r-7-la-instalacion-de-luminarias-solares-al-urbanizar-parcela\\\/#primaryimage\",\"url\":\"https:\\\/\\\/www.caudete.org\\\/ayuntamiento\\\/wp-content\\\/uploads\\\/2024\\\/07\\\/WhatsApp-Image-2024-07-11-at-14.24.07-1.jpeg\",\"contentUrl\":\"https:\\\/\\\/www.caudete.org\\\/ayuntamiento\\\/wp-content\\\/uploads\\\/2024\\\/07\\\/WhatsApp-Image-2024-07-11-at-14.24.07-1.jpeg\",\"width\":1600,\"height\":900},{\"@type\":\"BreadcrumbList\",\"@id\":\"https:\\\/\\\/www.caudete.org\\\/ayuntamiento\\\/urbanismo-posibilita-en-r-7-la-instalacion-de-luminarias-solares-al-urbanizar-parcela\\\/#breadcrumb\",\"itemListElement\":[{\"@type\":\"ListItem\",\"position\":1,\"name\":\"Inicio\",\"item\":\"https:\\\/\\\/www.caudete.org\\\/ayuntamiento\\\/\"},{\"@type\":\"ListItem\",\"position\":2,\"name\":\"Urbanismo posibilita en R-7 la instalaci\u00f3n de luminarias solares al urbanizar parcela\"}]},{\"@type\":\"WebSite\",\"@id\":\"https:\\\/\\\/www.caudete.org\\\/ayuntamiento\\\/#website\",\"url\":\"https:\\\/\\\/www.caudete.org\\\/ayuntamiento\\\/\",\"name\":\"MI Ayuntamiento de Caudete\",\"description\":\"P\u00e1gina Oficial del MI Ayuntamiento de Caudete\",\"potentialAction\":[{\"@type\":\"SearchAction\",\"target\":{\"@type\":\"EntryPoint\",\"urlTemplate\":\"https:\\\/\\\/www.caudete.org\\\/ayuntamiento\\\/?s={search_term_string}\"},\"query-input\":{\"@type\":\"PropertyValueSpecification\",\"valueRequired\":true,\"valueName\":\"search_term_string\"}}],\"inLanguage\":\"es\"},{\"@type\":\"Person\",\"@id\":\"https:\\\/\\\/www.caudete.org\\\/ayuntamiento\\\/#\\\/schema\\\/person\\\/cc646da9133078ee4d8dd47457947253\",\"name\":\"alcalde\",\"image\":{\"@type\":\"ImageObject\",\"inLanguage\":\"es\",\"@id\":\"https:\\\/\\\/secure.gravatar.com\\\/avatar\\\/84a817ba065b29ff08d666b215a215f5c79186a645ccb25b14a663d48a130f77?s=96&d=mm&r=g\",\"url\":\"https:\\\/\\\/secure.gravatar.com\\\/avatar\\\/84a817ba065b29ff08d666b215a215f5c79186a645ccb25b14a663d48a130f77?s=96&d=mm&r=g\",\"contentUrl\":\"https:\\\/\\\/secure.gravatar.com\\\/avatar\\\/84a817ba065b29ff08d666b215a215f5c79186a645ccb25b14a663d48a130f77?s=96&d=mm&r=g\",\"caption\":\"alcalde\"},\"url\":\"https:\\\/\\\/www.caudete.org\\\/ayuntamiento\\\/author\\\/alcalde\\\/\"}]}<\/script>\n<!-- \/ Yoast SEO plugin. -->","yoast_head_json":{"title":"Urbanismo posibilita en R-7 la instalaci\u00f3n de luminarias solares al urbanizar parcela - MI Ayuntamiento de Caudete","description":"P\u00e1gina Oficial del Ayuntamiento de Caudete (Albacete)","robots":{"index":"index","follow":"follow","max-snippet":"max-snippet:-1","max-image-preview":"max-image-preview:large","max-video-preview":"max-video-preview:-1"},"canonical":"https:\/\/www.caudete.org\/ayuntamiento\/urbanismo-posibilita-en-r-7-la-instalacion-de-luminarias-solares-al-urbanizar-parcela\/","og_locale":"es_ES","og_type":"article","og_title":"Urbanismo posibilita en R-7 la instalaci\u00f3n de luminarias solares al urbanizar parcela - MI Ayuntamiento de Caudete","og_description":"P\u00e1gina Oficial del Ayuntamiento de Caudete (Albacete)","og_url":"https:\/\/www.caudete.org\/ayuntamiento\/urbanismo-posibilita-en-r-7-la-instalacion-de-luminarias-solares-al-urbanizar-parcela\/","og_site_name":"MI Ayuntamiento de Caudete","article_publisher":"https:\/\/www.facebook.com\/ayuntamientocaudete\/","article_published_time":"2024-07-24T16:34:42+00:00","article_modified_time":"2024-07-25T07:01:45+00:00","og_image":[{"width":1600,"height":900,"url":"https:\/\/www.caudete.org\/ayuntamiento\/wp-content\/uploads\/2024\/07\/WhatsApp-Image-2024-07-11-at-14.24.07-1.jpeg","type":"image\/jpeg"}],"author":"alcalde","twitter_card":"summary_large_image","twitter_misc":{"Escrito por":"alcalde","Tiempo de lectura":"4 minutos"},"schema":{"@context":"https:\/\/schema.org","@graph":[{"@type":"Article","@id":"https:\/\/www.caudete.org\/ayuntamiento\/urbanismo-posibilita-en-r-7-la-instalacion-de-luminarias-solares-al-urbanizar-parcela\/#article","isPartOf":{"@id":"https:\/\/www.caudete.org\/ayuntamiento\/urbanismo-posibilita-en-r-7-la-instalacion-de-luminarias-solares-al-urbanizar-parcela\/"},"author":{"name":"alcalde","@id":"https:\/\/www.caudete.org\/ayuntamiento\/#\/schema\/person\/cc646da9133078ee4d8dd47457947253"},"headline":"Urbanismo posibilita en R-7 la instalaci\u00f3n de luminarias solares al urbanizar parcela","datePublished":"2024-07-24T16:34:42+00:00","dateModified":"2024-07-25T07:01:45+00:00","mainEntityOfPage":{"@id":"https:\/\/www.caudete.org\/ayuntamiento\/urbanismo-posibilita-en-r-7-la-instalacion-de-luminarias-solares-al-urbanizar-parcela\/"},"wordCount":711,"image":{"@id":"https:\/\/www.caudete.org\/ayuntamiento\/urbanismo-posibilita-en-r-7-la-instalacion-de-luminarias-solares-al-urbanizar-parcela\/#primaryimage"},"thumbnailUrl":"https:\/\/www.caudete.org\/ayuntamiento\/wp-content\/uploads\/2024\/07\/WhatsApp-Image-2024-07-11-at-14.24.07-1.jpeg","articleSection":["Urbanismo"],"inLanguage":"es"},{"@type":"WebPage","@id":"https:\/\/www.caudete.org\/ayuntamiento\/urbanismo-posibilita-en-r-7-la-instalacion-de-luminarias-solares-al-urbanizar-parcela\/","url":"https:\/\/www.caudete.org\/ayuntamiento\/urbanismo-posibilita-en-r-7-la-instalacion-de-luminarias-solares-al-urbanizar-parcela\/","name":"Urbanismo posibilita en R-7 la instalaci\u00f3n de luminarias solares al urbanizar parcela - MI Ayuntamiento de Caudete","isPartOf":{"@id":"https:\/\/www.caudete.org\/ayuntamiento\/#website"},"primaryImageOfPage":{"@id":"https:\/\/www.caudete.org\/ayuntamiento\/urbanismo-posibilita-en-r-7-la-instalacion-de-luminarias-solares-al-urbanizar-parcela\/#primaryimage"},"image":{"@id":"https:\/\/www.caudete.org\/ayuntamiento\/urbanismo-posibilita-en-r-7-la-instalacion-de-luminarias-solares-al-urbanizar-parcela\/#primaryimage"},"thumbnailUrl":"https:\/\/www.caudete.org\/ayuntamiento\/wp-content\/uploads\/2024\/07\/WhatsApp-Image-2024-07-11-at-14.24.07-1.jpeg","datePublished":"2024-07-24T16:34:42+00:00","dateModified":"2024-07-25T07:01:45+00:00","author":{"@id":"https:\/\/www.caudete.org\/ayuntamiento\/#\/schema\/person\/cc646da9133078ee4d8dd47457947253"},"description":"P\u00e1gina Oficial del Ayuntamiento de Caudete (Albacete)","breadcrumb":{"@id":"https:\/\/www.caudete.org\/ayuntamiento\/urbanismo-posibilita-en-r-7-la-instalacion-de-luminarias-solares-al-urbanizar-parcela\/#breadcrumb"},"inLanguage":"es","potentialAction":[{"@type":"ReadAction","target":["https:\/\/www.caudete.org\/ayuntamiento\/urbanismo-posibilita-en-r-7-la-instalacion-de-luminarias-solares-al-urbanizar-parcela\/"]}]},{"@type":"ImageObject","inLanguage":"es","@id":"https:\/\/www.caudete.org\/ayuntamiento\/urbanismo-posibilita-en-r-7-la-instalacion-de-luminarias-solares-al-urbanizar-parcela\/#primaryimage","url":"https:\/\/www.caudete.org\/ayuntamiento\/wp-content\/uploads\/2024\/07\/WhatsApp-Image-2024-07-11-at-14.24.07-1.jpeg","contentUrl":"https:\/\/www.caudete.org\/ayuntamiento\/wp-content\/uploads\/2024\/07\/WhatsApp-Image-2024-07-11-at-14.24.07-1.jpeg","width":1600,"height":900},{"@type":"BreadcrumbList","@id":"https:\/\/www.caudete.org\/ayuntamiento\/urbanismo-posibilita-en-r-7-la-instalacion-de-luminarias-solares-al-urbanizar-parcela\/#breadcrumb","itemListElement":[{"@type":"ListItem","position":1,"name":"Inicio","item":"https:\/\/www.caudete.org\/ayuntamiento\/"},{"@type":"ListItem","position":2,"name":"Urbanismo posibilita en R-7 la instalaci\u00f3n de luminarias solares al urbanizar parcela"}]},{"@type":"WebSite","@id":"https:\/\/www.caudete.org\/ayuntamiento\/#website","url":"https:\/\/www.caudete.org\/ayuntamiento\/","name":"MI Ayuntamiento de Caudete","description":"P\u00e1gina Oficial del MI Ayuntamiento de Caudete","potentialAction":[{"@type":"SearchAction","target":{"@type":"EntryPoint","urlTemplate":"https:\/\/www.caudete.org\/ayuntamiento\/?s={search_term_string}"},"query-input":{"@type":"PropertyValueSpecification","valueRequired":true,"valueName":"search_term_string"}}],"inLanguage":"es"},{"@type":"Person","@id":"https:\/\/www.caudete.org\/ayuntamiento\/#\/schema\/person\/cc646da9133078ee4d8dd47457947253","name":"alcalde","image":{"@type":"ImageObject","inLanguage":"es","@id":"https:\/\/secure.gravatar.com\/avatar\/84a817ba065b29ff08d666b215a215f5c79186a645ccb25b14a663d48a130f77?s=96&d=mm&r=g","url":"https:\/\/secure.gravatar.com\/avatar\/84a817ba065b29ff08d666b215a215f5c79186a645ccb25b14a663d48a130f77?s=96&d=mm&r=g","contentUrl":"https:\/\/secure.gravatar.com\/avatar\/84a817ba065b29ff08d666b215a215f5c79186a645ccb25b14a663d48a130f77?s=96&d=mm&r=g","caption":"alcalde"},"url":"https:\/\/www.caudete.org\/ayuntamiento\/author\/alcalde\/"}]}},"_links":{"self":[{"href":"https:\/\/www.caudete.org\/ayuntamiento\/wp-json\/wp\/v2\/posts\/25775","targetHints":{"allow":["GET"]}}],"collection":[{"href":"https:\/\/www.caudete.org\/ayuntamiento\/wp-json\/wp\/v2\/posts"}],"about":[{"href":"https:\/\/www.caudete.org\/ayuntamiento\/wp-json\/wp\/v2\/types\/post"}],"author":[{"embeddable":true,"href":"https:\/\/www.caudete.org\/ayuntamiento\/wp-json\/wp\/v2\/users\/3"}],"replies":[{"embeddable":true,"href":"https:\/\/www.caudete.org\/ayuntamiento\/wp-json\/wp\/v2\/comments?post=25775"}],"version-history":[{"count":3,"href":"https:\/\/www.caudete.org\/ayuntamiento\/wp-json\/wp\/v2\/posts\/25775\/revisions"}],"predecessor-version":[{"id":25790,"href":"https:\/\/www.caudete.org\/ayuntamiento\/wp-json\/wp\/v2\/posts\/25775\/revisions\/25790"}],"wp:featuredmedia":[{"embeddable":true,"href":"https:\/\/www.caudete.org\/ayuntamiento\/wp-json\/wp\/v2\/media\/25650"}],"wp:attachment":[{"href":"https:\/\/www.caudete.org\/ayuntamiento\/wp-json\/wp\/v2\/media?parent=25775"}],"wp:term":[{"taxonomy":"category","embeddable":true,"href":"https:\/\/www.caudete.org\/ayuntamiento\/wp-json\/wp\/v2\/categories?post=25775"},{"taxonomy":"post_tag","embeddable":true,"href":"https:\/\/www.caudete.org\/ayuntamiento\/wp-json\/wp\/v2\/tags?post=25775"}],"curies":[{"name":"wp","href":"https:\/\/api.w.org\/{rel}","templated":true}]}}