{"id":25797,"date":"2024-07-26T10:20:08","date_gmt":"2024-07-26T08:20:08","guid":{"rendered":"https:\/\/www.caudete.org\/ayuntamiento\/?p=25797"},"modified":"2024-07-26T10:20:08","modified_gmt":"2024-07-26T08:20:08","slug":"en-licitacion-hasta-el-8-de-agosto-el-alumbrado-especial-de-fiestas-y-navidad-por-42-965e","status":"publish","type":"post","link":"https:\/\/www.caudete.org\/ayuntamiento\/en-licitacion-hasta-el-8-de-agosto-el-alumbrado-especial-de-fiestas-y-navidad-por-42-965e\/","title":{"rendered":"En licitaci\u00f3n hasta el 8 de Agosto el alumbrado especial de Fiestas y Navidad por 42.965\u20ac"},"content":{"rendered":"<p style=\"text-align: justify;\">El Alcalde Mois\u00e9s L\u00f3pez, responsable del \u00e1rea de Contrataci\u00f3n, indicaba que la Plataforma de Contratos del Estado acoge hasta el pr\u00f3ximo 8 de Agosto la licitaci\u00f3n por la cual las empresas habilitadas e interesadas pueden optar a prestar el servicio de alumbrado especial para las Fiestas de Moros y Cristianos y las de Navidad en Caudete.<\/p>\n<p style=\"text-align: justify;\">Por un importe total de 42.965&#8217;00\u20ac + IVA, el contrato tiene un plazo de ejecuci\u00f3n del 30 de agosto de 2024 al 12 de enero de 2025, ambos incluidos, permitiendo de esta forma dar cobertura a la necesidad de prestar dicho servicio especial, y a su vez permitir que en el ejercicio siguiente el nuevo pliego tenga una duraci\u00f3n mayor y con ello, mejoras lum\u00ednicas, ornamentales y de mayor alcance.<\/p>\n<p style=\"text-align: justify;\">La documentaci\u00f3n refente a dicho expediente puede consultarse en el enlace siguiente\u00a0<a href=\"https:\/\/contrataciondelestado.es\/wps\/portal\/!ut\/p\/b0\/Dco7CoAwDADQI2UTEToUdBAd_WaR2FSJxipYen4dHzxAmAADJdkpyh1If8_s_aMSzoJ9JFW_qDiJ5P4AIyCgcJUU5rLJtrsbjtVya-sBuX_zxhoDz3XZD1uzhN0!\/\" target=\"_blank\" rel=\"nofollow\">AQU\u00cd<\/a><\/p>\n","protected":false},"excerpt":{"rendered":"<p>El Alcalde Mois\u00e9s L\u00f3pez, responsable del \u00e1rea de Contrataci\u00f3n, indicaba que la Plataforma de Contratos del Estado acoge hasta el pr\u00f3ximo 8 de Agosto la licitaci\u00f3n por la cual las empresas habilitadas e interesadas pueden optar a prestar el servicio de alumbrado especial para las Fiestas de Moros y Cristianos y las de Navidad en &hellip;<\/p>\n","protected":false},"author":3,"featured_media":25798,"comment_status":"closed","ping_status":"open","sticky":false,"template":"","format":"standard","meta":{"ngg_post_thumbnail":0,"footnotes":""},"categories":[447],"tags":[],"class_list":["post-25797","post","type-post","status-publish","format-standard","has-post-thumbnail","hentry","category-contratacion"],"yoast_head":"<!-- This site is optimized with the Yoast SEO plugin v27.5 - https:\/\/yoast.com\/product\/yoast-seo-wordpress\/ -->\n<title>En licitaci\u00f3n hasta el 8 de Agosto el alumbrado especial de Fiestas y Navidad por 42.965\u20ac - MI Ayuntamiento de Caudete<\/title>\n<meta name=\"description\" content=\"P\u00e1gina Oficial del Ayuntamiento de Caudete (Albacete)\" \/>\n<meta name=\"robots\" content=\"index, follow, max-snippet:-1, max-image-preview:large, max-video-preview:-1\" \/>\n<link rel=\"canonical\" href=\"https:\/\/www.caudete.org\/ayuntamiento\/en-licitacion-hasta-el-8-de-agosto-el-alumbrado-especial-de-fiestas-y-navidad-por-42-965e\/\" \/>\n<meta property=\"og:locale\" content=\"es_ES\" \/>\n<meta property=\"og:type\" content=\"article\" \/>\n<meta property=\"og:title\" content=\"En licitaci\u00f3n hasta el 8 de Agosto el alumbrado especial de Fiestas y Navidad por 42.965\u20ac - MI Ayuntamiento de Caudete\" \/>\n<meta property=\"og:description\" content=\"P\u00e1gina Oficial del Ayuntamiento de Caudete (Albacete)\" \/>\n<meta property=\"og:url\" content=\"https:\/\/www.caudete.org\/ayuntamiento\/en-licitacion-hasta-el-8-de-agosto-el-alumbrado-especial-de-fiestas-y-navidad-por-42-965e\/\" \/>\n<meta property=\"og:site_name\" content=\"MI Ayuntamiento de Caudete\" \/>\n<meta property=\"article:publisher\" content=\"https:\/\/www.facebook.com\/ayuntamientocaudete\/\" \/>\n<meta property=\"article:published_time\" content=\"2024-07-26T08:20:08+00:00\" \/>\n<meta property=\"og:image\" content=\"https:\/\/www.caudete.org\/ayuntamiento\/wp-content\/uploads\/2024\/07\/luces-2023-caudete-digital.jpg\" \/>\n\t<meta property=\"og:image:width\" content=\"1024\" \/>\n\t<meta property=\"og:image:height\" content=\"528\" \/>\n\t<meta property=\"og:image:type\" content=\"image\/jpeg\" \/>\n<meta name=\"author\" content=\"alcalde\" \/>\n<meta name=\"twitter:card\" content=\"summary_large_image\" \/>\n<meta name=\"twitter:label1\" content=\"Escrito por\" \/>\n\t<meta name=\"twitter:data1\" content=\"alcalde\" \/>\n\t<meta name=\"twitter:label2\" content=\"Tiempo de lectura\" \/>\n\t<meta name=\"twitter:data2\" content=\"1 minuto\" \/>\n<script type=\"application\/ld+json\" class=\"yoast-schema-graph\">{\"@context\":\"https:\\\/\\\/schema.org\",\"@graph\":[{\"@type\":\"Article\",\"@id\":\"https:\\\/\\\/www.caudete.org\\\/ayuntamiento\\\/en-licitacion-hasta-el-8-de-agosto-el-alumbrado-especial-de-fiestas-y-navidad-por-42-965e\\\/#article\",\"isPartOf\":{\"@id\":\"https:\\\/\\\/www.caudete.org\\\/ayuntamiento\\\/en-licitacion-hasta-el-8-de-agosto-el-alumbrado-especial-de-fiestas-y-navidad-por-42-965e\\\/\"},\"author\":{\"name\":\"alcalde\",\"@id\":\"https:\\\/\\\/www.caudete.org\\\/ayuntamiento\\\/#\\\/schema\\\/person\\\/cc646da9133078ee4d8dd47457947253\"},\"headline\":\"En licitaci\u00f3n hasta el 8 de Agosto el alumbrado especial de Fiestas y Navidad por 42.965\u20ac\",\"datePublished\":\"2024-07-26T08:20:08+00:00\",\"mainEntityOfPage\":{\"@id\":\"https:\\\/\\\/www.caudete.org\\\/ayuntamiento\\\/en-licitacion-hasta-el-8-de-agosto-el-alumbrado-especial-de-fiestas-y-navidad-por-42-965e\\\/\"},\"wordCount\":156,\"publisher\":{\"@id\":\"https:\\\/\\\/www.caudete.org\\\/ayuntamiento\\\/#organization\"},\"image\":{\"@id\":\"https:\\\/\\\/www.caudete.org\\\/ayuntamiento\\\/en-licitacion-hasta-el-8-de-agosto-el-alumbrado-especial-de-fiestas-y-navidad-por-42-965e\\\/#primaryimage\"},\"thumbnailUrl\":\"https:\\\/\\\/www.caudete.org\\\/ayuntamiento\\\/wp-content\\\/uploads\\\/2024\\\/07\\\/luces-2023-caudete-digital.jpg\",\"articleSection\":[\"Contrataci\u00f3n\"],\"inLanguage\":\"es\"},{\"@type\":\"WebPage\",\"@id\":\"https:\\\/\\\/www.caudete.org\\\/ayuntamiento\\\/en-licitacion-hasta-el-8-de-agosto-el-alumbrado-especial-de-fiestas-y-navidad-por-42-965e\\\/\",\"url\":\"https:\\\/\\\/www.caudete.org\\\/ayuntamiento\\\/en-licitacion-hasta-el-8-de-agosto-el-alumbrado-especial-de-fiestas-y-navidad-por-42-965e\\\/\",\"name\":\"En licitaci\u00f3n hasta el 8 de Agosto el alumbrado especial de Fiestas y Navidad por 42.965\u20ac - MI Ayuntamiento de Caudete\",\"isPartOf\":{\"@id\":\"https:\\\/\\\/www.caudete.org\\\/ayuntamiento\\\/#website\"},\"primaryImageOfPage\":{\"@id\":\"https:\\\/\\\/www.caudete.org\\\/ayuntamiento\\\/en-licitacion-hasta-el-8-de-agosto-el-alumbrado-especial-de-fiestas-y-navidad-por-42-965e\\\/#primaryimage\"},\"image\":{\"@id\":\"https:\\\/\\\/www.caudete.org\\\/ayuntamiento\\\/en-licitacion-hasta-el-8-de-agosto-el-alumbrado-especial-de-fiestas-y-navidad-por-42-965e\\\/#primaryimage\"},\"thumbnailUrl\":\"https:\\\/\\\/www.caudete.org\\\/ayuntamiento\\\/wp-content\\\/uploads\\\/2024\\\/07\\\/luces-2023-caudete-digital.jpg\",\"datePublished\":\"2024-07-26T08:20:08+00:00\",\"description\":\"P\u00e1gina Oficial del Ayuntamiento de Caudete (Albacete)\",\"breadcrumb\":{\"@id\":\"https:\\\/\\\/www.caudete.org\\\/ayuntamiento\\\/en-licitacion-hasta-el-8-de-agosto-el-alumbrado-especial-de-fiestas-y-navidad-por-42-965e\\\/#breadcrumb\"},\"inLanguage\":\"es\",\"potentialAction\":[{\"@type\":\"ReadAction\",\"target\":[\"https:\\\/\\\/www.caudete.org\\\/ayuntamiento\\\/en-licitacion-hasta-el-8-de-agosto-el-alumbrado-especial-de-fiestas-y-navidad-por-42-965e\\\/\"]}]},{\"@type\":\"ImageObject\",\"inLanguage\":\"es\",\"@id\":\"https:\\\/\\\/www.caudete.org\\\/ayuntamiento\\\/en-licitacion-hasta-el-8-de-agosto-el-alumbrado-especial-de-fiestas-y-navidad-por-42-965e\\\/#primaryimage\",\"url\":\"https:\\\/\\\/www.caudete.org\\\/ayuntamiento\\\/wp-content\\\/uploads\\\/2024\\\/07\\\/luces-2023-caudete-digital.jpg\",\"contentUrl\":\"https:\\\/\\\/www.caudete.org\\\/ayuntamiento\\\/wp-content\\\/uploads\\\/2024\\\/07\\\/luces-2023-caudete-digital.jpg\",\"width\":1024,\"height\":528},{\"@type\":\"BreadcrumbList\",\"@id\":\"https:\\\/\\\/www.caudete.org\\\/ayuntamiento\\\/en-licitacion-hasta-el-8-de-agosto-el-alumbrado-especial-de-fiestas-y-navidad-por-42-965e\\\/#breadcrumb\",\"itemListElement\":[{\"@type\":\"ListItem\",\"position\":1,\"name\":\"Inicio\",\"item\":\"https:\\\/\\\/www.caudete.org\\\/ayuntamiento\\\/\"},{\"@type\":\"ListItem\",\"position\":2,\"name\":\"En licitaci\u00f3n hasta el 8 de Agosto el alumbrado especial de Fiestas y Navidad por 42.965\u20ac\"}]},{\"@type\":\"WebSite\",\"@id\":\"https:\\\/\\\/www.caudete.org\\\/ayuntamiento\\\/#website\",\"url\":\"https:\\\/\\\/www.caudete.org\\\/ayuntamiento\\\/\",\"name\":\"MI Ayuntamiento de Caudete\",\"description\":\"P\u00e1gina Oficial del MI Ayuntamiento de Caudete\",\"publisher\":{\"@id\":\"https:\\\/\\\/www.caudete.org\\\/ayuntamiento\\\/#organization\"},\"potentialAction\":[{\"@type\":\"SearchAction\",\"target\":{\"@type\":\"EntryPoint\",\"urlTemplate\":\"https:\\\/\\\/www.caudete.org\\\/ayuntamiento\\\/?s={search_term_string}\"},\"query-input\":{\"@type\":\"PropertyValueSpecification\",\"valueRequired\":true,\"valueName\":\"search_term_string\"}}],\"inLanguage\":\"es\"},{\"@type\":\"Organization\",\"@id\":\"https:\\\/\\\/www.caudete.org\\\/ayuntamiento\\\/#organization\",\"name\":\"Ayuntamiento de Caudete\",\"url\":\"https:\\\/\\\/www.caudete.org\\\/ayuntamiento\\\/\",\"logo\":{\"@type\":\"ImageObject\",\"inLanguage\":\"es\",\"@id\":\"https:\\\/\\\/www.caudete.org\\\/ayuntamiento\\\/#\\\/schema\\\/logo\\\/image\\\/\",\"url\":\"https:\\\/\\\/www.caudete.org\\\/ayuntamiento\\\/wp-content\\\/uploads\\\/2020\\\/11\\\/logo_ayuntamiento_caudete.jpg\",\"contentUrl\":\"https:\\\/\\\/www.caudete.org\\\/ayuntamiento\\\/wp-content\\\/uploads\\\/2020\\\/11\\\/logo_ayuntamiento_caudete.jpg\",\"width\":600,\"height\":150,\"caption\":\"Ayuntamiento de Caudete\"},\"image\":{\"@id\":\"https:\\\/\\\/www.caudete.org\\\/ayuntamiento\\\/#\\\/schema\\\/logo\\\/image\\\/\"},\"sameAs\":[\"https:\\\/\\\/www.facebook.com\\\/ayuntamientocaudete\\\/\",\"https:\\\/\\\/www.youtube.com\\\/channel\\\/UC6VztHaooNsGpw-tNoBEFnQ\"]},{\"@type\":\"Person\",\"@id\":\"https:\\\/\\\/www.caudete.org\\\/ayuntamiento\\\/#\\\/schema\\\/person\\\/cc646da9133078ee4d8dd47457947253\",\"name\":\"alcalde\",\"image\":{\"@type\":\"ImageObject\",\"inLanguage\":\"es\",\"@id\":\"https:\\\/\\\/secure.gravatar.com\\\/avatar\\\/84a817ba065b29ff08d666b215a215f5c79186a645ccb25b14a663d48a130f77?s=96&d=mm&r=g\",\"url\":\"https:\\\/\\\/secure.gravatar.com\\\/avatar\\\/84a817ba065b29ff08d666b215a215f5c79186a645ccb25b14a663d48a130f77?s=96&d=mm&r=g\",\"contentUrl\":\"https:\\\/\\\/secure.gravatar.com\\\/avatar\\\/84a817ba065b29ff08d666b215a215f5c79186a645ccb25b14a663d48a130f77?s=96&d=mm&r=g\",\"caption\":\"alcalde\"},\"url\":\"https:\\\/\\\/www.caudete.org\\\/ayuntamiento\\\/author\\\/alcalde\\\/\"}]}<\/script>\n<!-- \/ Yoast SEO plugin. -->","yoast_head_json":{"title":"En licitaci\u00f3n hasta el 8 de Agosto el alumbrado especial de Fiestas y Navidad por 42.965\u20ac - MI Ayuntamiento de Caudete","description":"P\u00e1gina Oficial del Ayuntamiento de Caudete (Albacete)","robots":{"index":"index","follow":"follow","max-snippet":"max-snippet:-1","max-image-preview":"max-image-preview:large","max-video-preview":"max-video-preview:-1"},"canonical":"https:\/\/www.caudete.org\/ayuntamiento\/en-licitacion-hasta-el-8-de-agosto-el-alumbrado-especial-de-fiestas-y-navidad-por-42-965e\/","og_locale":"es_ES","og_type":"article","og_title":"En licitaci\u00f3n hasta el 8 de Agosto el alumbrado especial de Fiestas y Navidad por 42.965\u20ac - MI Ayuntamiento de Caudete","og_description":"P\u00e1gina Oficial del Ayuntamiento de Caudete (Albacete)","og_url":"https:\/\/www.caudete.org\/ayuntamiento\/en-licitacion-hasta-el-8-de-agosto-el-alumbrado-especial-de-fiestas-y-navidad-por-42-965e\/","og_site_name":"MI Ayuntamiento de Caudete","article_publisher":"https:\/\/www.facebook.com\/ayuntamientocaudete\/","article_published_time":"2024-07-26T08:20:08+00:00","og_image":[{"width":1024,"height":528,"url":"https:\/\/www.caudete.org\/ayuntamiento\/wp-content\/uploads\/2024\/07\/luces-2023-caudete-digital.jpg","type":"image\/jpeg"}],"author":"alcalde","twitter_card":"summary_large_image","twitter_misc":{"Escrito por":"alcalde","Tiempo de lectura":"1 minuto"},"schema":{"@context":"https:\/\/schema.org","@graph":[{"@type":"Article","@id":"https:\/\/www.caudete.org\/ayuntamiento\/en-licitacion-hasta-el-8-de-agosto-el-alumbrado-especial-de-fiestas-y-navidad-por-42-965e\/#article","isPartOf":{"@id":"https:\/\/www.caudete.org\/ayuntamiento\/en-licitacion-hasta-el-8-de-agosto-el-alumbrado-especial-de-fiestas-y-navidad-por-42-965e\/"},"author":{"name":"alcalde","@id":"https:\/\/www.caudete.org\/ayuntamiento\/#\/schema\/person\/cc646da9133078ee4d8dd47457947253"},"headline":"En licitaci\u00f3n hasta el 8 de Agosto el alumbrado especial de Fiestas y Navidad por 42.965\u20ac","datePublished":"2024-07-26T08:20:08+00:00","mainEntityOfPage":{"@id":"https:\/\/www.caudete.org\/ayuntamiento\/en-licitacion-hasta-el-8-de-agosto-el-alumbrado-especial-de-fiestas-y-navidad-por-42-965e\/"},"wordCount":156,"publisher":{"@id":"https:\/\/www.caudete.org\/ayuntamiento\/#organization"},"image":{"@id":"https:\/\/www.caudete.org\/ayuntamiento\/en-licitacion-hasta-el-8-de-agosto-el-alumbrado-especial-de-fiestas-y-navidad-por-42-965e\/#primaryimage"},"thumbnailUrl":"https:\/\/www.caudete.org\/ayuntamiento\/wp-content\/uploads\/2024\/07\/luces-2023-caudete-digital.jpg","articleSection":["Contrataci\u00f3n"],"inLanguage":"es"},{"@type":"WebPage","@id":"https:\/\/www.caudete.org\/ayuntamiento\/en-licitacion-hasta-el-8-de-agosto-el-alumbrado-especial-de-fiestas-y-navidad-por-42-965e\/","url":"https:\/\/www.caudete.org\/ayuntamiento\/en-licitacion-hasta-el-8-de-agosto-el-alumbrado-especial-de-fiestas-y-navidad-por-42-965e\/","name":"En licitaci\u00f3n hasta el 8 de Agosto el alumbrado especial de Fiestas y Navidad por 42.965\u20ac - MI Ayuntamiento de Caudete","isPartOf":{"@id":"https:\/\/www.caudete.org\/ayuntamiento\/#website"},"primaryImageOfPage":{"@id":"https:\/\/www.caudete.org\/ayuntamiento\/en-licitacion-hasta-el-8-de-agosto-el-alumbrado-especial-de-fiestas-y-navidad-por-42-965e\/#primaryimage"},"image":{"@id":"https:\/\/www.caudete.org\/ayuntamiento\/en-licitacion-hasta-el-8-de-agosto-el-alumbrado-especial-de-fiestas-y-navidad-por-42-965e\/#primaryimage"},"thumbnailUrl":"https:\/\/www.caudete.org\/ayuntamiento\/wp-content\/uploads\/2024\/07\/luces-2023-caudete-digital.jpg","datePublished":"2024-07-26T08:20:08+00:00","description":"P\u00e1gina Oficial del Ayuntamiento de Caudete (Albacete)","breadcrumb":{"@id":"https:\/\/www.caudete.org\/ayuntamiento\/en-licitacion-hasta-el-8-de-agosto-el-alumbrado-especial-de-fiestas-y-navidad-por-42-965e\/#breadcrumb"},"inLanguage":"es","potentialAction":[{"@type":"ReadAction","target":["https:\/\/www.caudete.org\/ayuntamiento\/en-licitacion-hasta-el-8-de-agosto-el-alumbrado-especial-de-fiestas-y-navidad-por-42-965e\/"]}]},{"@type":"ImageObject","inLanguage":"es","@id":"https:\/\/www.caudete.org\/ayuntamiento\/en-licitacion-hasta-el-8-de-agosto-el-alumbrado-especial-de-fiestas-y-navidad-por-42-965e\/#primaryimage","url":"https:\/\/www.caudete.org\/ayuntamiento\/wp-content\/uploads\/2024\/07\/luces-2023-caudete-digital.jpg","contentUrl":"https:\/\/www.caudete.org\/ayuntamiento\/wp-content\/uploads\/2024\/07\/luces-2023-caudete-digital.jpg","width":1024,"height":528},{"@type":"BreadcrumbList","@id":"https:\/\/www.caudete.org\/ayuntamiento\/en-licitacion-hasta-el-8-de-agosto-el-alumbrado-especial-de-fiestas-y-navidad-por-42-965e\/#breadcrumb","itemListElement":[{"@type":"ListItem","position":1,"name":"Inicio","item":"https:\/\/www.caudete.org\/ayuntamiento\/"},{"@type":"ListItem","position":2,"name":"En licitaci\u00f3n hasta el 8 de Agosto el alumbrado especial de Fiestas y Navidad por 42.965\u20ac"}]},{"@type":"WebSite","@id":"https:\/\/www.caudete.org\/ayuntamiento\/#website","url":"https:\/\/www.caudete.org\/ayuntamiento\/","name":"MI Ayuntamiento de Caudete","description":"P\u00e1gina Oficial del MI Ayuntamiento de Caudete","publisher":{"@id":"https:\/\/www.caudete.org\/ayuntamiento\/#organization"},"potentialAction":[{"@type":"SearchAction","target":{"@type":"EntryPoint","urlTemplate":"https:\/\/www.caudete.org\/ayuntamiento\/?s={search_term_string}"},"query-input":{"@type":"PropertyValueSpecification","valueRequired":true,"valueName":"search_term_string"}}],"inLanguage":"es"},{"@type":"Organization","@id":"https:\/\/www.caudete.org\/ayuntamiento\/#organization","name":"Ayuntamiento de Caudete","url":"https:\/\/www.caudete.org\/ayuntamiento\/","logo":{"@type":"ImageObject","inLanguage":"es","@id":"https:\/\/www.caudete.org\/ayuntamiento\/#\/schema\/logo\/image\/","url":"https:\/\/www.caudete.org\/ayuntamiento\/wp-content\/uploads\/2020\/11\/logo_ayuntamiento_caudete.jpg","contentUrl":"https:\/\/www.caudete.org\/ayuntamiento\/wp-content\/uploads\/2020\/11\/logo_ayuntamiento_caudete.jpg","width":600,"height":150,"caption":"Ayuntamiento de Caudete"},"image":{"@id":"https:\/\/www.caudete.org\/ayuntamiento\/#\/schema\/logo\/image\/"},"sameAs":["https:\/\/www.facebook.com\/ayuntamientocaudete\/","https:\/\/www.youtube.com\/channel\/UC6VztHaooNsGpw-tNoBEFnQ"]},{"@type":"Person","@id":"https:\/\/www.caudete.org\/ayuntamiento\/#\/schema\/person\/cc646da9133078ee4d8dd47457947253","name":"alcalde","image":{"@type":"ImageObject","inLanguage":"es","@id":"https:\/\/secure.gravatar.com\/avatar\/84a817ba065b29ff08d666b215a215f5c79186a645ccb25b14a663d48a130f77?s=96&d=mm&r=g","url":"https:\/\/secure.gravatar.com\/avatar\/84a817ba065b29ff08d666b215a215f5c79186a645ccb25b14a663d48a130f77?s=96&d=mm&r=g","contentUrl":"https:\/\/secure.gravatar.com\/avatar\/84a817ba065b29ff08d666b215a215f5c79186a645ccb25b14a663d48a130f77?s=96&d=mm&r=g","caption":"alcalde"},"url":"https:\/\/www.caudete.org\/ayuntamiento\/author\/alcalde\/"}]}},"_links":{"self":[{"href":"https:\/\/www.caudete.org\/ayuntamiento\/wp-json\/wp\/v2\/posts\/25797","targetHints":{"allow":["GET"]}}],"collection":[{"href":"https:\/\/www.caudete.org\/ayuntamiento\/wp-json\/wp\/v2\/posts"}],"about":[{"href":"https:\/\/www.caudete.org\/ayuntamiento\/wp-json\/wp\/v2\/types\/post"}],"author":[{"embeddable":true,"href":"https:\/\/www.caudete.org\/ayuntamiento\/wp-json\/wp\/v2\/users\/3"}],"replies":[{"embeddable":true,"href":"https:\/\/www.caudete.org\/ayuntamiento\/wp-json\/wp\/v2\/comments?post=25797"}],"version-history":[{"count":1,"href":"https:\/\/www.caudete.org\/ayuntamiento\/wp-json\/wp\/v2\/posts\/25797\/revisions"}],"predecessor-version":[{"id":25799,"href":"https:\/\/www.caudete.org\/ayuntamiento\/wp-json\/wp\/v2\/posts\/25797\/revisions\/25799"}],"wp:featuredmedia":[{"embeddable":true,"href":"https:\/\/www.caudete.org\/ayuntamiento\/wp-json\/wp\/v2\/media\/25798"}],"wp:attachment":[{"href":"https:\/\/www.caudete.org\/ayuntamiento\/wp-json\/wp\/v2\/media?parent=25797"}],"wp:term":[{"taxonomy":"category","embeddable":true,"href":"https:\/\/www.caudete.org\/ayuntamiento\/wp-json\/wp\/v2\/categories?post=25797"},{"taxonomy":"post_tag","embeddable":true,"href":"https:\/\/www.caudete.org\/ayuntamiento\/wp-json\/wp\/v2\/tags?post=25797"}],"curies":[{"name":"wp","href":"https:\/\/api.w.org\/{rel}","templated":true}]}}