{"id":25800,"date":"2024-07-26T10:47:16","date_gmt":"2024-07-26T08:47:16","guid":{"rendered":"https:\/\/www.caudete.org\/ayuntamiento\/?p=25800"},"modified":"2024-07-26T10:47:16","modified_gmt":"2024-07-26T08:47:16","slug":"caudete-estuvo-presente-en-la-v-asamblea-de-zincaman-como-parte-de-su-junta-directiva","status":"publish","type":"post","link":"https:\/\/www.caudete.org\/ayuntamiento\/caudete-estuvo-presente-en-la-v-asamblea-de-zincaman-como-parte-de-su-junta-directiva\/","title":{"rendered":"Caudete estuvo presente en la V Asamblea de ZINCAMAN como parte de su Junta Directiva"},"content":{"rendered":"<p><a href=\"https:\/\/www.caudete.org\/ayuntamiento\/wp-content\/uploads\/2024\/07\/WhatsApp-Image-2024-07-16-at-19.59.01.jpeg\" rel='prettyPhoto'><img fetchpriority=\"high\" decoding=\"async\" class=\"alignnone wp-image-25802 size-full\" src=\"https:\/\/www.caudete.org\/ayuntamiento\/wp-content\/uploads\/2024\/07\/WhatsApp-Image-2024-07-16-at-19.59.01.jpeg\" alt=\"\" width=\"1600\" height=\"720\" srcset=\"https:\/\/www.caudete.org\/ayuntamiento\/wp-content\/uploads\/2024\/07\/WhatsApp-Image-2024-07-16-at-19.59.01.jpeg 1600w, https:\/\/www.caudete.org\/ayuntamiento\/wp-content\/uploads\/2024\/07\/WhatsApp-Image-2024-07-16-at-19.59.01-300x135.jpeg 300w, https:\/\/www.caudete.org\/ayuntamiento\/wp-content\/uploads\/2024\/07\/WhatsApp-Image-2024-07-16-at-19.59.01-1024x461.jpeg 1024w, https:\/\/www.caudete.org\/ayuntamiento\/wp-content\/uploads\/2024\/07\/WhatsApp-Image-2024-07-16-at-19.59.01-768x346.jpeg 768w, https:\/\/www.caudete.org\/ayuntamiento\/wp-content\/uploads\/2024\/07\/WhatsApp-Image-2024-07-16-at-19.59.01-1536x691.jpeg 1536w\" sizes=\"(max-width: 1600px) 100vw, 1600px\" \/><\/a><\/p>\n<p style=\"text-align: justify;\">El pasado viernes 12 de julio, ZINCAMAN celebr\u00f3 su V Asamblea General Ordinaria, en el Parque Empresarial Campollano en honor a su 50 aniversario. Una\u00a0cita anual con los socios en la que, adem\u00e1s de la Junta Directiva de ZINCAMAN, presidida por Santos Prieto, se ha congregado a numerosos representantes de Ayuntamientos y entidades privadas asociadas a la entidad, destacando, una vez m\u00e1s, la importancia de la colaboraci\u00f3n p\u00fablico-privada en el desarrollo de las zonas industriales de la regi\u00f3n.<\/p>\n<p style=\"text-align: justify;\">El presidente, Santos Prieto, ha puesto en valor los proyectos llevados a cabo por ZINCAMAN, como es el Proyecto de formaci\u00f3n y empleo de T\u00e9cnico Auxiliar de Mantenimiento de \u00c1reas Industriales, dentro del programa TandEM, el Proyecto de Dinamizaci\u00f3n de las Zonas Industriales de la Provincia de Albacete llamado PRODIZIPA, la Gu\u00eda de Implantaci\u00f3n de la Agenda 2030 en Zonas Industriales con la JCCM y el Plan de Expansi\u00f3n de ZINCAMAN para el a\u00f1o 2024.<\/p>\n<p style=\"text-align: justify;\">Tambi\u00e9n, se ha visto que, la importancia del Anteproyecto de Ley de industria y autonom\u00eda estrat\u00e9gica\u00a0presentada por el Ministerio de Industria, donde por primera vez se dedica varios art\u00edculos para la gobernanza de las \u00e1reas industriales, la necesidad de gestionar, dinamizar y modernizar dichas \u00e1reas.<\/p>\n<p style=\"text-align: justify;\">A la misma asistieron el Alcalde de Albacete, el Presidente de la Diputaci\u00f3n Provincial y la Consejera de Econom\u00eda, Empresas y Empleo de la JCCM, entre otros cargos p\u00fablicos de dichas administraciones.<\/p>\n<p style=\"text-align: justify;\">La Junta Directiva, encabezada por Santos Prieto, est\u00e1 formada por Caudete con la Secretar\u00eda, que ostenta nuestro Alcalde Mois\u00e9s L\u00f3pez, y Almansa con la Tesorer\u00eda mediante el director de Sapres.<\/p>\n<p><a href=\"https:\/\/www.caudete.org\/ayuntamiento\/wp-content\/uploads\/2024\/07\/Zincaman-V-Asamblea-20.jpg\" rel='prettyPhoto'><img decoding=\"async\" class=\"alignnone wp-image-25804 size-full\" src=\"https:\/\/www.caudete.org\/ayuntamiento\/wp-content\/uploads\/2024\/07\/Zincaman-V-Asamblea-20.jpg\" alt=\"\" width=\"1500\" height=\"1000\" srcset=\"https:\/\/www.caudete.org\/ayuntamiento\/wp-content\/uploads\/2024\/07\/Zincaman-V-Asamblea-20.jpg 1500w, https:\/\/www.caudete.org\/ayuntamiento\/wp-content\/uploads\/2024\/07\/Zincaman-V-Asamblea-20-300x200.jpg 300w, https:\/\/www.caudete.org\/ayuntamiento\/wp-content\/uploads\/2024\/07\/Zincaman-V-Asamblea-20-1024x683.jpg 1024w, https:\/\/www.caudete.org\/ayuntamiento\/wp-content\/uploads\/2024\/07\/Zincaman-V-Asamblea-20-768x512.jpg 768w\" sizes=\"(max-width: 1500px) 100vw, 1500px\" \/><\/a> <a href=\"https:\/\/www.caudete.org\/ayuntamiento\/wp-content\/uploads\/2024\/07\/Zincaman-V-Asamblea_2-8.jpg\" rel='prettyPhoto'><img decoding=\"async\" class=\"alignnone wp-image-25803 size-full\" src=\"https:\/\/www.caudete.org\/ayuntamiento\/wp-content\/uploads\/2024\/07\/Zincaman-V-Asamblea_2-8.jpg\" alt=\"\" width=\"1657\" height=\"1000\" srcset=\"https:\/\/www.caudete.org\/ayuntamiento\/wp-content\/uploads\/2024\/07\/Zincaman-V-Asamblea_2-8.jpg 1657w, https:\/\/www.caudete.org\/ayuntamiento\/wp-content\/uploads\/2024\/07\/Zincaman-V-Asamblea_2-8-300x181.jpg 300w, https:\/\/www.caudete.org\/ayuntamiento\/wp-content\/uploads\/2024\/07\/Zincaman-V-Asamblea_2-8-1024x618.jpg 1024w, https:\/\/www.caudete.org\/ayuntamiento\/wp-content\/uploads\/2024\/07\/Zincaman-V-Asamblea_2-8-768x463.jpg 768w, https:\/\/www.caudete.org\/ayuntamiento\/wp-content\/uploads\/2024\/07\/Zincaman-V-Asamblea_2-8-1536x927.jpg 1536w\" sizes=\"(max-width: 1657px) 100vw, 1657px\" \/><\/a><\/p>\n","protected":false},"excerpt":{"rendered":"<p>El pasado viernes 12 de julio, ZINCAMAN celebr\u00f3 su V Asamblea General Ordinaria, en el Parque Empresarial Campollano en honor a su 50 aniversario. Una\u00a0cita anual con los socios en la que, adem\u00e1s de la Junta Directiva de ZINCAMAN, presidida por Santos Prieto, se ha congregado a numerosos representantes de Ayuntamientos y entidades privadas asociadas &hellip;<\/p>\n","protected":false},"author":3,"featured_media":25801,"comment_status":"closed","ping_status":"open","sticky":false,"template":"","format":"standard","meta":{"ngg_post_thumbnail":0,"footnotes":""},"categories":[851],"tags":[],"class_list":["post-25800","post","type-post","status-publish","format-standard","has-post-thumbnail","hentry","category-promocion-y-desarrollo-economico"],"yoast_head":"<!-- This site is optimized with the Yoast SEO plugin v27.4 - https:\/\/yoast.com\/product\/yoast-seo-wordpress\/ -->\n<title>Caudete estuvo presente en la V Asamblea de ZINCAMAN como parte de su Junta Directiva - MI Ayuntamiento de Caudete<\/title>\n<meta name=\"description\" content=\"P\u00e1gina Oficial del Ayuntamiento de Caudete (Albacete)\" \/>\n<meta name=\"robots\" content=\"index, follow, max-snippet:-1, max-image-preview:large, max-video-preview:-1\" \/>\n<link rel=\"canonical\" href=\"https:\/\/www.caudete.org\/ayuntamiento\/caudete-estuvo-presente-en-la-v-asamblea-de-zincaman-como-parte-de-su-junta-directiva\/\" \/>\n<meta property=\"og:locale\" content=\"es_ES\" \/>\n<meta property=\"og:type\" content=\"article\" \/>\n<meta property=\"og:title\" content=\"Caudete estuvo presente en la V Asamblea de ZINCAMAN como parte de su Junta Directiva - MI Ayuntamiento de Caudete\" \/>\n<meta property=\"og:description\" content=\"P\u00e1gina Oficial del Ayuntamiento de Caudete (Albacete)\" \/>\n<meta property=\"og:url\" content=\"https:\/\/www.caudete.org\/ayuntamiento\/caudete-estuvo-presente-en-la-v-asamblea-de-zincaman-como-parte-de-su-junta-directiva\/\" \/>\n<meta property=\"og:site_name\" content=\"MI Ayuntamiento de Caudete\" \/>\n<meta property=\"article:publisher\" content=\"https:\/\/www.facebook.com\/ayuntamientocaudete\/\" \/>\n<meta property=\"article:published_time\" content=\"2024-07-26T08:47:16+00:00\" \/>\n<meta property=\"og:image\" content=\"https:\/\/www.caudete.org\/ayuntamiento\/wp-content\/uploads\/2024\/07\/WhatsApp-Image-2024-07-16-at-19.59.54.jpeg\" \/>\n\t<meta property=\"og:image:width\" content=\"1600\" \/>\n\t<meta property=\"og:image:height\" content=\"720\" \/>\n\t<meta property=\"og:image:type\" content=\"image\/jpeg\" \/>\n<meta name=\"author\" content=\"alcalde\" \/>\n<meta name=\"twitter:card\" content=\"summary_large_image\" \/>\n<meta name=\"twitter:label1\" content=\"Escrito por\" \/>\n\t<meta name=\"twitter:data1\" content=\"alcalde\" \/>\n\t<meta name=\"twitter:label2\" content=\"Tiempo de lectura\" \/>\n\t<meta name=\"twitter:data2\" content=\"3 minutos\" \/>\n<script type=\"application\/ld+json\" class=\"yoast-schema-graph\">{\"@context\":\"https:\\\/\\\/schema.org\",\"@graph\":[{\"@type\":\"Article\",\"@id\":\"https:\\\/\\\/www.caudete.org\\\/ayuntamiento\\\/caudete-estuvo-presente-en-la-v-asamblea-de-zincaman-como-parte-de-su-junta-directiva\\\/#article\",\"isPartOf\":{\"@id\":\"https:\\\/\\\/www.caudete.org\\\/ayuntamiento\\\/caudete-estuvo-presente-en-la-v-asamblea-de-zincaman-como-parte-de-su-junta-directiva\\\/\"},\"author\":{\"name\":\"alcalde\",\"@id\":\"https:\\\/\\\/www.caudete.org\\\/ayuntamiento\\\/#\\\/schema\\\/person\\\/cc646da9133078ee4d8dd47457947253\"},\"headline\":\"Caudete estuvo presente en la V Asamblea de ZINCAMAN como parte de su Junta Directiva\",\"datePublished\":\"2024-07-26T08:47:16+00:00\",\"mainEntityOfPage\":{\"@id\":\"https:\\\/\\\/www.caudete.org\\\/ayuntamiento\\\/caudete-estuvo-presente-en-la-v-asamblea-de-zincaman-como-parte-de-su-junta-directiva\\\/\"},\"wordCount\":296,\"publisher\":{\"@id\":\"https:\\\/\\\/www.caudete.org\\\/ayuntamiento\\\/#organization\"},\"image\":{\"@id\":\"https:\\\/\\\/www.caudete.org\\\/ayuntamiento\\\/caudete-estuvo-presente-en-la-v-asamblea-de-zincaman-como-parte-de-su-junta-directiva\\\/#primaryimage\"},\"thumbnailUrl\":\"https:\\\/\\\/www.caudete.org\\\/ayuntamiento\\\/wp-content\\\/uploads\\\/2024\\\/07\\\/WhatsApp-Image-2024-07-16-at-19.59.54.jpeg\",\"articleSection\":[\"Promoci\u00f3n y Desarrollo Econ\u00f3mico\"],\"inLanguage\":\"es\"},{\"@type\":\"WebPage\",\"@id\":\"https:\\\/\\\/www.caudete.org\\\/ayuntamiento\\\/caudete-estuvo-presente-en-la-v-asamblea-de-zincaman-como-parte-de-su-junta-directiva\\\/\",\"url\":\"https:\\\/\\\/www.caudete.org\\\/ayuntamiento\\\/caudete-estuvo-presente-en-la-v-asamblea-de-zincaman-como-parte-de-su-junta-directiva\\\/\",\"name\":\"Caudete estuvo presente en la V Asamblea de ZINCAMAN como parte de su Junta Directiva - MI Ayuntamiento de Caudete\",\"isPartOf\":{\"@id\":\"https:\\\/\\\/www.caudete.org\\\/ayuntamiento\\\/#website\"},\"primaryImageOfPage\":{\"@id\":\"https:\\\/\\\/www.caudete.org\\\/ayuntamiento\\\/caudete-estuvo-presente-en-la-v-asamblea-de-zincaman-como-parte-de-su-junta-directiva\\\/#primaryimage\"},\"image\":{\"@id\":\"https:\\\/\\\/www.caudete.org\\\/ayuntamiento\\\/caudete-estuvo-presente-en-la-v-asamblea-de-zincaman-como-parte-de-su-junta-directiva\\\/#primaryimage\"},\"thumbnailUrl\":\"https:\\\/\\\/www.caudete.org\\\/ayuntamiento\\\/wp-content\\\/uploads\\\/2024\\\/07\\\/WhatsApp-Image-2024-07-16-at-19.59.54.jpeg\",\"datePublished\":\"2024-07-26T08:47:16+00:00\",\"description\":\"P\u00e1gina Oficial del Ayuntamiento de Caudete (Albacete)\",\"breadcrumb\":{\"@id\":\"https:\\\/\\\/www.caudete.org\\\/ayuntamiento\\\/caudete-estuvo-presente-en-la-v-asamblea-de-zincaman-como-parte-de-su-junta-directiva\\\/#breadcrumb\"},\"inLanguage\":\"es\",\"potentialAction\":[{\"@type\":\"ReadAction\",\"target\":[\"https:\\\/\\\/www.caudete.org\\\/ayuntamiento\\\/caudete-estuvo-presente-en-la-v-asamblea-de-zincaman-como-parte-de-su-junta-directiva\\\/\"]}]},{\"@type\":\"ImageObject\",\"inLanguage\":\"es\",\"@id\":\"https:\\\/\\\/www.caudete.org\\\/ayuntamiento\\\/caudete-estuvo-presente-en-la-v-asamblea-de-zincaman-como-parte-de-su-junta-directiva\\\/#primaryimage\",\"url\":\"https:\\\/\\\/www.caudete.org\\\/ayuntamiento\\\/wp-content\\\/uploads\\\/2024\\\/07\\\/WhatsApp-Image-2024-07-16-at-19.59.54.jpeg\",\"contentUrl\":\"https:\\\/\\\/www.caudete.org\\\/ayuntamiento\\\/wp-content\\\/uploads\\\/2024\\\/07\\\/WhatsApp-Image-2024-07-16-at-19.59.54.jpeg\",\"width\":1600,\"height\":720},{\"@type\":\"BreadcrumbList\",\"@id\":\"https:\\\/\\\/www.caudete.org\\\/ayuntamiento\\\/caudete-estuvo-presente-en-la-v-asamblea-de-zincaman-como-parte-de-su-junta-directiva\\\/#breadcrumb\",\"itemListElement\":[{\"@type\":\"ListItem\",\"position\":1,\"name\":\"Inicio\",\"item\":\"https:\\\/\\\/www.caudete.org\\\/ayuntamiento\\\/\"},{\"@type\":\"ListItem\",\"position\":2,\"name\":\"Caudete estuvo presente en la V Asamblea de ZINCAMAN como parte de su Junta Directiva\"}]},{\"@type\":\"WebSite\",\"@id\":\"https:\\\/\\\/www.caudete.org\\\/ayuntamiento\\\/#website\",\"url\":\"https:\\\/\\\/www.caudete.org\\\/ayuntamiento\\\/\",\"name\":\"MI Ayuntamiento de Caudete\",\"description\":\"P\u00e1gina Oficial del MI Ayuntamiento de Caudete\",\"publisher\":{\"@id\":\"https:\\\/\\\/www.caudete.org\\\/ayuntamiento\\\/#organization\"},\"potentialAction\":[{\"@type\":\"SearchAction\",\"target\":{\"@type\":\"EntryPoint\",\"urlTemplate\":\"https:\\\/\\\/www.caudete.org\\\/ayuntamiento\\\/?s={search_term_string}\"},\"query-input\":{\"@type\":\"PropertyValueSpecification\",\"valueRequired\":true,\"valueName\":\"search_term_string\"}}],\"inLanguage\":\"es\"},{\"@type\":\"Organization\",\"@id\":\"https:\\\/\\\/www.caudete.org\\\/ayuntamiento\\\/#organization\",\"name\":\"Ayuntamiento de Caudete\",\"url\":\"https:\\\/\\\/www.caudete.org\\\/ayuntamiento\\\/\",\"logo\":{\"@type\":\"ImageObject\",\"inLanguage\":\"es\",\"@id\":\"https:\\\/\\\/www.caudete.org\\\/ayuntamiento\\\/#\\\/schema\\\/logo\\\/image\\\/\",\"url\":\"https:\\\/\\\/www.caudete.org\\\/ayuntamiento\\\/wp-content\\\/uploads\\\/2020\\\/11\\\/logo_ayuntamiento_caudete.jpg\",\"contentUrl\":\"https:\\\/\\\/www.caudete.org\\\/ayuntamiento\\\/wp-content\\\/uploads\\\/2020\\\/11\\\/logo_ayuntamiento_caudete.jpg\",\"width\":600,\"height\":150,\"caption\":\"Ayuntamiento de Caudete\"},\"image\":{\"@id\":\"https:\\\/\\\/www.caudete.org\\\/ayuntamiento\\\/#\\\/schema\\\/logo\\\/image\\\/\"},\"sameAs\":[\"https:\\\/\\\/www.facebook.com\\\/ayuntamientocaudete\\\/\",\"https:\\\/\\\/www.youtube.com\\\/channel\\\/UC6VztHaooNsGpw-tNoBEFnQ\"]},{\"@type\":\"Person\",\"@id\":\"https:\\\/\\\/www.caudete.org\\\/ayuntamiento\\\/#\\\/schema\\\/person\\\/cc646da9133078ee4d8dd47457947253\",\"name\":\"alcalde\",\"image\":{\"@type\":\"ImageObject\",\"inLanguage\":\"es\",\"@id\":\"https:\\\/\\\/secure.gravatar.com\\\/avatar\\\/84a817ba065b29ff08d666b215a215f5c79186a645ccb25b14a663d48a130f77?s=96&d=mm&r=g\",\"url\":\"https:\\\/\\\/secure.gravatar.com\\\/avatar\\\/84a817ba065b29ff08d666b215a215f5c79186a645ccb25b14a663d48a130f77?s=96&d=mm&r=g\",\"contentUrl\":\"https:\\\/\\\/secure.gravatar.com\\\/avatar\\\/84a817ba065b29ff08d666b215a215f5c79186a645ccb25b14a663d48a130f77?s=96&d=mm&r=g\",\"caption\":\"alcalde\"},\"url\":\"https:\\\/\\\/www.caudete.org\\\/ayuntamiento\\\/author\\\/alcalde\\\/\"}]}<\/script>\n<!-- \/ Yoast SEO plugin. -->","yoast_head_json":{"title":"Caudete estuvo presente en la V Asamblea de ZINCAMAN como parte de su Junta Directiva - MI Ayuntamiento de Caudete","description":"P\u00e1gina Oficial del Ayuntamiento de Caudete (Albacete)","robots":{"index":"index","follow":"follow","max-snippet":"max-snippet:-1","max-image-preview":"max-image-preview:large","max-video-preview":"max-video-preview:-1"},"canonical":"https:\/\/www.caudete.org\/ayuntamiento\/caudete-estuvo-presente-en-la-v-asamblea-de-zincaman-como-parte-de-su-junta-directiva\/","og_locale":"es_ES","og_type":"article","og_title":"Caudete estuvo presente en la V Asamblea de ZINCAMAN como parte de su Junta Directiva - MI Ayuntamiento de Caudete","og_description":"P\u00e1gina Oficial del Ayuntamiento de Caudete (Albacete)","og_url":"https:\/\/www.caudete.org\/ayuntamiento\/caudete-estuvo-presente-en-la-v-asamblea-de-zincaman-como-parte-de-su-junta-directiva\/","og_site_name":"MI Ayuntamiento de Caudete","article_publisher":"https:\/\/www.facebook.com\/ayuntamientocaudete\/","article_published_time":"2024-07-26T08:47:16+00:00","og_image":[{"width":1600,"height":720,"url":"https:\/\/www.caudete.org\/ayuntamiento\/wp-content\/uploads\/2024\/07\/WhatsApp-Image-2024-07-16-at-19.59.54.jpeg","type":"image\/jpeg"}],"author":"alcalde","twitter_card":"summary_large_image","twitter_misc":{"Escrito por":"alcalde","Tiempo de lectura":"3 minutos"},"schema":{"@context":"https:\/\/schema.org","@graph":[{"@type":"Article","@id":"https:\/\/www.caudete.org\/ayuntamiento\/caudete-estuvo-presente-en-la-v-asamblea-de-zincaman-como-parte-de-su-junta-directiva\/#article","isPartOf":{"@id":"https:\/\/www.caudete.org\/ayuntamiento\/caudete-estuvo-presente-en-la-v-asamblea-de-zincaman-como-parte-de-su-junta-directiva\/"},"author":{"name":"alcalde","@id":"https:\/\/www.caudete.org\/ayuntamiento\/#\/schema\/person\/cc646da9133078ee4d8dd47457947253"},"headline":"Caudete estuvo presente en la V Asamblea de ZINCAMAN como parte de su Junta Directiva","datePublished":"2024-07-26T08:47:16+00:00","mainEntityOfPage":{"@id":"https:\/\/www.caudete.org\/ayuntamiento\/caudete-estuvo-presente-en-la-v-asamblea-de-zincaman-como-parte-de-su-junta-directiva\/"},"wordCount":296,"publisher":{"@id":"https:\/\/www.caudete.org\/ayuntamiento\/#organization"},"image":{"@id":"https:\/\/www.caudete.org\/ayuntamiento\/caudete-estuvo-presente-en-la-v-asamblea-de-zincaman-como-parte-de-su-junta-directiva\/#primaryimage"},"thumbnailUrl":"https:\/\/www.caudete.org\/ayuntamiento\/wp-content\/uploads\/2024\/07\/WhatsApp-Image-2024-07-16-at-19.59.54.jpeg","articleSection":["Promoci\u00f3n y Desarrollo Econ\u00f3mico"],"inLanguage":"es"},{"@type":"WebPage","@id":"https:\/\/www.caudete.org\/ayuntamiento\/caudete-estuvo-presente-en-la-v-asamblea-de-zincaman-como-parte-de-su-junta-directiva\/","url":"https:\/\/www.caudete.org\/ayuntamiento\/caudete-estuvo-presente-en-la-v-asamblea-de-zincaman-como-parte-de-su-junta-directiva\/","name":"Caudete estuvo presente en la V Asamblea de ZINCAMAN como parte de su Junta Directiva - MI Ayuntamiento de Caudete","isPartOf":{"@id":"https:\/\/www.caudete.org\/ayuntamiento\/#website"},"primaryImageOfPage":{"@id":"https:\/\/www.caudete.org\/ayuntamiento\/caudete-estuvo-presente-en-la-v-asamblea-de-zincaman-como-parte-de-su-junta-directiva\/#primaryimage"},"image":{"@id":"https:\/\/www.caudete.org\/ayuntamiento\/caudete-estuvo-presente-en-la-v-asamblea-de-zincaman-como-parte-de-su-junta-directiva\/#primaryimage"},"thumbnailUrl":"https:\/\/www.caudete.org\/ayuntamiento\/wp-content\/uploads\/2024\/07\/WhatsApp-Image-2024-07-16-at-19.59.54.jpeg","datePublished":"2024-07-26T08:47:16+00:00","description":"P\u00e1gina Oficial del Ayuntamiento de Caudete (Albacete)","breadcrumb":{"@id":"https:\/\/www.caudete.org\/ayuntamiento\/caudete-estuvo-presente-en-la-v-asamblea-de-zincaman-como-parte-de-su-junta-directiva\/#breadcrumb"},"inLanguage":"es","potentialAction":[{"@type":"ReadAction","target":["https:\/\/www.caudete.org\/ayuntamiento\/caudete-estuvo-presente-en-la-v-asamblea-de-zincaman-como-parte-de-su-junta-directiva\/"]}]},{"@type":"ImageObject","inLanguage":"es","@id":"https:\/\/www.caudete.org\/ayuntamiento\/caudete-estuvo-presente-en-la-v-asamblea-de-zincaman-como-parte-de-su-junta-directiva\/#primaryimage","url":"https:\/\/www.caudete.org\/ayuntamiento\/wp-content\/uploads\/2024\/07\/WhatsApp-Image-2024-07-16-at-19.59.54.jpeg","contentUrl":"https:\/\/www.caudete.org\/ayuntamiento\/wp-content\/uploads\/2024\/07\/WhatsApp-Image-2024-07-16-at-19.59.54.jpeg","width":1600,"height":720},{"@type":"BreadcrumbList","@id":"https:\/\/www.caudete.org\/ayuntamiento\/caudete-estuvo-presente-en-la-v-asamblea-de-zincaman-como-parte-de-su-junta-directiva\/#breadcrumb","itemListElement":[{"@type":"ListItem","position":1,"name":"Inicio","item":"https:\/\/www.caudete.org\/ayuntamiento\/"},{"@type":"ListItem","position":2,"name":"Caudete estuvo presente en la V Asamblea de ZINCAMAN como parte de su Junta Directiva"}]},{"@type":"WebSite","@id":"https:\/\/www.caudete.org\/ayuntamiento\/#website","url":"https:\/\/www.caudete.org\/ayuntamiento\/","name":"MI Ayuntamiento de Caudete","description":"P\u00e1gina Oficial del MI Ayuntamiento de Caudete","publisher":{"@id":"https:\/\/www.caudete.org\/ayuntamiento\/#organization"},"potentialAction":[{"@type":"SearchAction","target":{"@type":"EntryPoint","urlTemplate":"https:\/\/www.caudete.org\/ayuntamiento\/?s={search_term_string}"},"query-input":{"@type":"PropertyValueSpecification","valueRequired":true,"valueName":"search_term_string"}}],"inLanguage":"es"},{"@type":"Organization","@id":"https:\/\/www.caudete.org\/ayuntamiento\/#organization","name":"Ayuntamiento de Caudete","url":"https:\/\/www.caudete.org\/ayuntamiento\/","logo":{"@type":"ImageObject","inLanguage":"es","@id":"https:\/\/www.caudete.org\/ayuntamiento\/#\/schema\/logo\/image\/","url":"https:\/\/www.caudete.org\/ayuntamiento\/wp-content\/uploads\/2020\/11\/logo_ayuntamiento_caudete.jpg","contentUrl":"https:\/\/www.caudete.org\/ayuntamiento\/wp-content\/uploads\/2020\/11\/logo_ayuntamiento_caudete.jpg","width":600,"height":150,"caption":"Ayuntamiento de Caudete"},"image":{"@id":"https:\/\/www.caudete.org\/ayuntamiento\/#\/schema\/logo\/image\/"},"sameAs":["https:\/\/www.facebook.com\/ayuntamientocaudete\/","https:\/\/www.youtube.com\/channel\/UC6VztHaooNsGpw-tNoBEFnQ"]},{"@type":"Person","@id":"https:\/\/www.caudete.org\/ayuntamiento\/#\/schema\/person\/cc646da9133078ee4d8dd47457947253","name":"alcalde","image":{"@type":"ImageObject","inLanguage":"es","@id":"https:\/\/secure.gravatar.com\/avatar\/84a817ba065b29ff08d666b215a215f5c79186a645ccb25b14a663d48a130f77?s=96&d=mm&r=g","url":"https:\/\/secure.gravatar.com\/avatar\/84a817ba065b29ff08d666b215a215f5c79186a645ccb25b14a663d48a130f77?s=96&d=mm&r=g","contentUrl":"https:\/\/secure.gravatar.com\/avatar\/84a817ba065b29ff08d666b215a215f5c79186a645ccb25b14a663d48a130f77?s=96&d=mm&r=g","caption":"alcalde"},"url":"https:\/\/www.caudete.org\/ayuntamiento\/author\/alcalde\/"}]}},"_links":{"self":[{"href":"https:\/\/www.caudete.org\/ayuntamiento\/wp-json\/wp\/v2\/posts\/25800","targetHints":{"allow":["GET"]}}],"collection":[{"href":"https:\/\/www.caudete.org\/ayuntamiento\/wp-json\/wp\/v2\/posts"}],"about":[{"href":"https:\/\/www.caudete.org\/ayuntamiento\/wp-json\/wp\/v2\/types\/post"}],"author":[{"embeddable":true,"href":"https:\/\/www.caudete.org\/ayuntamiento\/wp-json\/wp\/v2\/users\/3"}],"replies":[{"embeddable":true,"href":"https:\/\/www.caudete.org\/ayuntamiento\/wp-json\/wp\/v2\/comments?post=25800"}],"version-history":[{"count":1,"href":"https:\/\/www.caudete.org\/ayuntamiento\/wp-json\/wp\/v2\/posts\/25800\/revisions"}],"predecessor-version":[{"id":25805,"href":"https:\/\/www.caudete.org\/ayuntamiento\/wp-json\/wp\/v2\/posts\/25800\/revisions\/25805"}],"wp:featuredmedia":[{"embeddable":true,"href":"https:\/\/www.caudete.org\/ayuntamiento\/wp-json\/wp\/v2\/media\/25801"}],"wp:attachment":[{"href":"https:\/\/www.caudete.org\/ayuntamiento\/wp-json\/wp\/v2\/media?parent=25800"}],"wp:term":[{"taxonomy":"category","embeddable":true,"href":"https:\/\/www.caudete.org\/ayuntamiento\/wp-json\/wp\/v2\/categories?post=25800"},{"taxonomy":"post_tag","embeddable":true,"href":"https:\/\/www.caudete.org\/ayuntamiento\/wp-json\/wp\/v2\/tags?post=25800"}],"curies":[{"name":"wp","href":"https:\/\/api.w.org\/{rel}","templated":true}]}}