{"id":25853,"date":"2024-08-21T13:26:51","date_gmt":"2024-08-21T11:26:51","guid":{"rendered":"https:\/\/www.caudete.org\/ayuntamiento\/?p=25853"},"modified":"2024-08-22T11:18:13","modified_gmt":"2024-08-22T09:18:13","slug":"educacion-retrasa-el-inicio-escolar-al-10-de-septiembre-al-ser-considerado-el-9-fiesta-local","status":"publish","type":"post","link":"https:\/\/www.caudete.org\/ayuntamiento\/educacion-retrasa-el-inicio-escolar-al-10-de-septiembre-al-ser-considerado-el-9-fiesta-local\/","title":{"rendered":"Educaci\u00f3n retrasa el inicio escolar al 11 de Septiembre al ser considerado el 9 Fiesta Local"},"content":{"rendered":"<p style=\"text-align: justify;\">La Concejal de Educaci\u00f3n, Manuela Gonz\u00e1lez, acaba de informar sobre la Resoluci\u00f3n de la Delegaci\u00f3n Provincial de Educaci\u00f3n por la que establece que el inicio del curso escolar en Caudete queda fijado para el 10 de Septiembre, la cual fue recibida anoche en el Ayuntamiento.<\/p>\n<p style=\"text-align: justify;\">As\u00ed las cosas, la resoluci\u00f3n (literalmente) queda como sigue:<\/p>\n<ul style=\"text-align: justify;\">\n<li>DECLARAR como no lectivo el d\u00eda 10 de Septiembre de 2024, en sustituci\u00f3n del d\u00eda 9 de Septiembre de 2024 (Fiesta Local).<\/li>\n<li>DECLARAR como no lectivos los d\u00edas 3 y 4 de marzo de 2025\u00a0 (Carnaval).<\/li>\n<li>DECLARAR como no lectivo el d\u00eda 28 de abril de 2025 (Fiesta Local).<\/li>\n<\/ul>\n<p style=\"text-align: justify;\">Cabe destacar que la Resoluci\u00f3n recoge que <em>&#8220;la propuesta del Ayuntamiento de Caudete recogiendo la petici\u00f3n del Consejo Escolar Municipal se ajusta a lo recogido en la Orden 96\/2024 de 7 de junio de junio, de la Consejer\u00eda de Educaci\u00f3n, Cultura y Deportes, por la que se establece el calendario escolar para el curso 2024\/2025, y los criterios y el procedimiento para la elaboraci\u00f3n de los calendarios escolares provinciales en ense\u00f1anzas no universitarias de la comunidad de Castilla-La Mancha y con lo previsto en el apartado s\u00e9ptimo de Resoluci\u00f3n de 17 de junio por la que se aprueba el Calendario Escolar de la Provincia de Albacete en la ense\u00f1anzas no universitarias&#8221;.<\/em><\/p>\n","protected":false},"excerpt":{"rendered":"<p>La Concejal de Educaci\u00f3n, Manuela Gonz\u00e1lez, acaba de informar sobre la Resoluci\u00f3n de la Delegaci\u00f3n Provincial de Educaci\u00f3n por la que establece que el inicio del curso escolar en Caudete queda fijado para el 10 de Septiembre, la cual fue recibida anoche en el Ayuntamiento. As\u00ed las cosas, la resoluci\u00f3n (literalmente) queda como sigue: DECLARAR &hellip;<\/p>\n","protected":false},"author":3,"featured_media":19936,"comment_status":"closed","ping_status":"open","sticky":false,"template":"","format":"standard","meta":{"ngg_post_thumbnail":0,"footnotes":""},"categories":[25],"tags":[],"class_list":["post-25853","post","type-post","status-publish","format-standard","has-post-thumbnail","hentry","category-educacion"],"yoast_head":"<!-- This site is optimized with the Yoast SEO plugin v27.4 - https:\/\/yoast.com\/product\/yoast-seo-wordpress\/ -->\n<title>Educaci\u00f3n retrasa el inicio escolar al 11 de Septiembre al ser considerado el 9 Fiesta Local - MI Ayuntamiento de Caudete<\/title>\n<meta name=\"description\" content=\"P\u00e1gina Oficial del Ayuntamiento de Caudete (Albacete)\" \/>\n<meta name=\"robots\" content=\"index, follow, max-snippet:-1, max-image-preview:large, max-video-preview:-1\" \/>\n<link rel=\"canonical\" href=\"https:\/\/www.caudete.org\/ayuntamiento\/educacion-retrasa-el-inicio-escolar-al-10-de-septiembre-al-ser-considerado-el-9-fiesta-local\/\" \/>\n<meta property=\"og:locale\" content=\"es_ES\" \/>\n<meta property=\"og:type\" content=\"article\" \/>\n<meta property=\"og:title\" content=\"Educaci\u00f3n retrasa el inicio escolar al 11 de Septiembre al ser considerado el 9 Fiesta Local - MI Ayuntamiento de Caudete\" \/>\n<meta property=\"og:description\" content=\"P\u00e1gina Oficial del Ayuntamiento de Caudete (Albacete)\" \/>\n<meta property=\"og:url\" content=\"https:\/\/www.caudete.org\/ayuntamiento\/educacion-retrasa-el-inicio-escolar-al-10-de-septiembre-al-ser-considerado-el-9-fiesta-local\/\" \/>\n<meta property=\"og:site_name\" content=\"MI Ayuntamiento de Caudete\" \/>\n<meta property=\"article:publisher\" content=\"https:\/\/www.facebook.com\/ayuntamientocaudete\/\" \/>\n<meta property=\"article:published_time\" content=\"2024-08-21T11:26:51+00:00\" \/>\n<meta property=\"article:modified_time\" content=\"2024-08-22T09:18:13+00:00\" \/>\n<meta property=\"og:image\" content=\"https:\/\/www.caudete.org\/ayuntamiento\/wp-content\/uploads\/2022\/08\/listado-trabajos-vuelta-al-cole-848x477x80xX.jpg\" \/>\n\t<meta property=\"og:image:width\" content=\"848\" \/>\n\t<meta property=\"og:image:height\" content=\"477\" \/>\n\t<meta property=\"og:image:type\" content=\"image\/jpeg\" \/>\n<meta name=\"author\" content=\"alcalde\" \/>\n<meta name=\"twitter:card\" content=\"summary_large_image\" \/>\n<meta name=\"twitter:label1\" content=\"Escrito por\" \/>\n\t<meta name=\"twitter:data1\" content=\"alcalde\" \/>\n\t<meta name=\"twitter:label2\" content=\"Tiempo de lectura\" \/>\n\t<meta name=\"twitter:data2\" content=\"2 minutos\" \/>\n<script type=\"application\/ld+json\" class=\"yoast-schema-graph\">{\"@context\":\"https:\\\/\\\/schema.org\",\"@graph\":[{\"@type\":\"Article\",\"@id\":\"https:\\\/\\\/www.caudete.org\\\/ayuntamiento\\\/educacion-retrasa-el-inicio-escolar-al-10-de-septiembre-al-ser-considerado-el-9-fiesta-local\\\/#article\",\"isPartOf\":{\"@id\":\"https:\\\/\\\/www.caudete.org\\\/ayuntamiento\\\/educacion-retrasa-el-inicio-escolar-al-10-de-septiembre-al-ser-considerado-el-9-fiesta-local\\\/\"},\"author\":{\"name\":\"alcalde\",\"@id\":\"https:\\\/\\\/www.caudete.org\\\/ayuntamiento\\\/#\\\/schema\\\/person\\\/cc646da9133078ee4d8dd47457947253\"},\"headline\":\"Educaci\u00f3n retrasa el inicio escolar al 11 de Septiembre al ser considerado el 9 Fiesta Local\",\"datePublished\":\"2024-08-21T11:26:51+00:00\",\"dateModified\":\"2024-08-22T09:18:13+00:00\",\"mainEntityOfPage\":{\"@id\":\"https:\\\/\\\/www.caudete.org\\\/ayuntamiento\\\/educacion-retrasa-el-inicio-escolar-al-10-de-septiembre-al-ser-considerado-el-9-fiesta-local\\\/\"},\"wordCount\":235,\"publisher\":{\"@id\":\"https:\\\/\\\/www.caudete.org\\\/ayuntamiento\\\/#organization\"},\"image\":{\"@id\":\"https:\\\/\\\/www.caudete.org\\\/ayuntamiento\\\/educacion-retrasa-el-inicio-escolar-al-10-de-septiembre-al-ser-considerado-el-9-fiesta-local\\\/#primaryimage\"},\"thumbnailUrl\":\"https:\\\/\\\/www.caudete.org\\\/ayuntamiento\\\/wp-content\\\/uploads\\\/2022\\\/08\\\/listado-trabajos-vuelta-al-cole-848x477x80xX.jpg\",\"articleSection\":[\"Educaci\u00f3n\"],\"inLanguage\":\"es\"},{\"@type\":\"WebPage\",\"@id\":\"https:\\\/\\\/www.caudete.org\\\/ayuntamiento\\\/educacion-retrasa-el-inicio-escolar-al-10-de-septiembre-al-ser-considerado-el-9-fiesta-local\\\/\",\"url\":\"https:\\\/\\\/www.caudete.org\\\/ayuntamiento\\\/educacion-retrasa-el-inicio-escolar-al-10-de-septiembre-al-ser-considerado-el-9-fiesta-local\\\/\",\"name\":\"Educaci\u00f3n retrasa el inicio escolar al 11 de Septiembre al ser considerado el 9 Fiesta Local - MI Ayuntamiento de Caudete\",\"isPartOf\":{\"@id\":\"https:\\\/\\\/www.caudete.org\\\/ayuntamiento\\\/#website\"},\"primaryImageOfPage\":{\"@id\":\"https:\\\/\\\/www.caudete.org\\\/ayuntamiento\\\/educacion-retrasa-el-inicio-escolar-al-10-de-septiembre-al-ser-considerado-el-9-fiesta-local\\\/#primaryimage\"},\"image\":{\"@id\":\"https:\\\/\\\/www.caudete.org\\\/ayuntamiento\\\/educacion-retrasa-el-inicio-escolar-al-10-de-septiembre-al-ser-considerado-el-9-fiesta-local\\\/#primaryimage\"},\"thumbnailUrl\":\"https:\\\/\\\/www.caudete.org\\\/ayuntamiento\\\/wp-content\\\/uploads\\\/2022\\\/08\\\/listado-trabajos-vuelta-al-cole-848x477x80xX.jpg\",\"datePublished\":\"2024-08-21T11:26:51+00:00\",\"dateModified\":\"2024-08-22T09:18:13+00:00\",\"description\":\"P\u00e1gina Oficial del Ayuntamiento de Caudete (Albacete)\",\"breadcrumb\":{\"@id\":\"https:\\\/\\\/www.caudete.org\\\/ayuntamiento\\\/educacion-retrasa-el-inicio-escolar-al-10-de-septiembre-al-ser-considerado-el-9-fiesta-local\\\/#breadcrumb\"},\"inLanguage\":\"es\",\"potentialAction\":[{\"@type\":\"ReadAction\",\"target\":[\"https:\\\/\\\/www.caudete.org\\\/ayuntamiento\\\/educacion-retrasa-el-inicio-escolar-al-10-de-septiembre-al-ser-considerado-el-9-fiesta-local\\\/\"]}]},{\"@type\":\"ImageObject\",\"inLanguage\":\"es\",\"@id\":\"https:\\\/\\\/www.caudete.org\\\/ayuntamiento\\\/educacion-retrasa-el-inicio-escolar-al-10-de-septiembre-al-ser-considerado-el-9-fiesta-local\\\/#primaryimage\",\"url\":\"https:\\\/\\\/www.caudete.org\\\/ayuntamiento\\\/wp-content\\\/uploads\\\/2022\\\/08\\\/listado-trabajos-vuelta-al-cole-848x477x80xX.jpg\",\"contentUrl\":\"https:\\\/\\\/www.caudete.org\\\/ayuntamiento\\\/wp-content\\\/uploads\\\/2022\\\/08\\\/listado-trabajos-vuelta-al-cole-848x477x80xX.jpg\",\"width\":848,\"height\":477},{\"@type\":\"BreadcrumbList\",\"@id\":\"https:\\\/\\\/www.caudete.org\\\/ayuntamiento\\\/educacion-retrasa-el-inicio-escolar-al-10-de-septiembre-al-ser-considerado-el-9-fiesta-local\\\/#breadcrumb\",\"itemListElement\":[{\"@type\":\"ListItem\",\"position\":1,\"name\":\"Inicio\",\"item\":\"https:\\\/\\\/www.caudete.org\\\/ayuntamiento\\\/\"},{\"@type\":\"ListItem\",\"position\":2,\"name\":\"Educaci\u00f3n retrasa el inicio escolar al 11 de Septiembre al ser considerado el 9 Fiesta Local\"}]},{\"@type\":\"WebSite\",\"@id\":\"https:\\\/\\\/www.caudete.org\\\/ayuntamiento\\\/#website\",\"url\":\"https:\\\/\\\/www.caudete.org\\\/ayuntamiento\\\/\",\"name\":\"MI Ayuntamiento de Caudete\",\"description\":\"P\u00e1gina Oficial del MI Ayuntamiento de Caudete\",\"publisher\":{\"@id\":\"https:\\\/\\\/www.caudete.org\\\/ayuntamiento\\\/#organization\"},\"potentialAction\":[{\"@type\":\"SearchAction\",\"target\":{\"@type\":\"EntryPoint\",\"urlTemplate\":\"https:\\\/\\\/www.caudete.org\\\/ayuntamiento\\\/?s={search_term_string}\"},\"query-input\":{\"@type\":\"PropertyValueSpecification\",\"valueRequired\":true,\"valueName\":\"search_term_string\"}}],\"inLanguage\":\"es\"},{\"@type\":\"Organization\",\"@id\":\"https:\\\/\\\/www.caudete.org\\\/ayuntamiento\\\/#organization\",\"name\":\"Ayuntamiento de Caudete\",\"url\":\"https:\\\/\\\/www.caudete.org\\\/ayuntamiento\\\/\",\"logo\":{\"@type\":\"ImageObject\",\"inLanguage\":\"es\",\"@id\":\"https:\\\/\\\/www.caudete.org\\\/ayuntamiento\\\/#\\\/schema\\\/logo\\\/image\\\/\",\"url\":\"https:\\\/\\\/www.caudete.org\\\/ayuntamiento\\\/wp-content\\\/uploads\\\/2020\\\/11\\\/logo_ayuntamiento_caudete.jpg\",\"contentUrl\":\"https:\\\/\\\/www.caudete.org\\\/ayuntamiento\\\/wp-content\\\/uploads\\\/2020\\\/11\\\/logo_ayuntamiento_caudete.jpg\",\"width\":600,\"height\":150,\"caption\":\"Ayuntamiento de Caudete\"},\"image\":{\"@id\":\"https:\\\/\\\/www.caudete.org\\\/ayuntamiento\\\/#\\\/schema\\\/logo\\\/image\\\/\"},\"sameAs\":[\"https:\\\/\\\/www.facebook.com\\\/ayuntamientocaudete\\\/\",\"https:\\\/\\\/www.youtube.com\\\/channel\\\/UC6VztHaooNsGpw-tNoBEFnQ\"]},{\"@type\":\"Person\",\"@id\":\"https:\\\/\\\/www.caudete.org\\\/ayuntamiento\\\/#\\\/schema\\\/person\\\/cc646da9133078ee4d8dd47457947253\",\"name\":\"alcalde\",\"image\":{\"@type\":\"ImageObject\",\"inLanguage\":\"es\",\"@id\":\"https:\\\/\\\/secure.gravatar.com\\\/avatar\\\/84a817ba065b29ff08d666b215a215f5c79186a645ccb25b14a663d48a130f77?s=96&d=mm&r=g\",\"url\":\"https:\\\/\\\/secure.gravatar.com\\\/avatar\\\/84a817ba065b29ff08d666b215a215f5c79186a645ccb25b14a663d48a130f77?s=96&d=mm&r=g\",\"contentUrl\":\"https:\\\/\\\/secure.gravatar.com\\\/avatar\\\/84a817ba065b29ff08d666b215a215f5c79186a645ccb25b14a663d48a130f77?s=96&d=mm&r=g\",\"caption\":\"alcalde\"},\"url\":\"https:\\\/\\\/www.caudete.org\\\/ayuntamiento\\\/author\\\/alcalde\\\/\"}]}<\/script>\n<!-- \/ Yoast SEO plugin. -->","yoast_head_json":{"title":"Educaci\u00f3n retrasa el inicio escolar al 11 de Septiembre al ser considerado el 9 Fiesta Local - MI Ayuntamiento de Caudete","description":"P\u00e1gina Oficial del Ayuntamiento de Caudete (Albacete)","robots":{"index":"index","follow":"follow","max-snippet":"max-snippet:-1","max-image-preview":"max-image-preview:large","max-video-preview":"max-video-preview:-1"},"canonical":"https:\/\/www.caudete.org\/ayuntamiento\/educacion-retrasa-el-inicio-escolar-al-10-de-septiembre-al-ser-considerado-el-9-fiesta-local\/","og_locale":"es_ES","og_type":"article","og_title":"Educaci\u00f3n retrasa el inicio escolar al 11 de Septiembre al ser considerado el 9 Fiesta Local - MI Ayuntamiento de Caudete","og_description":"P\u00e1gina Oficial del Ayuntamiento de Caudete (Albacete)","og_url":"https:\/\/www.caudete.org\/ayuntamiento\/educacion-retrasa-el-inicio-escolar-al-10-de-septiembre-al-ser-considerado-el-9-fiesta-local\/","og_site_name":"MI Ayuntamiento de Caudete","article_publisher":"https:\/\/www.facebook.com\/ayuntamientocaudete\/","article_published_time":"2024-08-21T11:26:51+00:00","article_modified_time":"2024-08-22T09:18:13+00:00","og_image":[{"width":848,"height":477,"url":"https:\/\/www.caudete.org\/ayuntamiento\/wp-content\/uploads\/2022\/08\/listado-trabajos-vuelta-al-cole-848x477x80xX.jpg","type":"image\/jpeg"}],"author":"alcalde","twitter_card":"summary_large_image","twitter_misc":{"Escrito por":"alcalde","Tiempo de lectura":"2 minutos"},"schema":{"@context":"https:\/\/schema.org","@graph":[{"@type":"Article","@id":"https:\/\/www.caudete.org\/ayuntamiento\/educacion-retrasa-el-inicio-escolar-al-10-de-septiembre-al-ser-considerado-el-9-fiesta-local\/#article","isPartOf":{"@id":"https:\/\/www.caudete.org\/ayuntamiento\/educacion-retrasa-el-inicio-escolar-al-10-de-septiembre-al-ser-considerado-el-9-fiesta-local\/"},"author":{"name":"alcalde","@id":"https:\/\/www.caudete.org\/ayuntamiento\/#\/schema\/person\/cc646da9133078ee4d8dd47457947253"},"headline":"Educaci\u00f3n retrasa el inicio escolar al 11 de Septiembre al ser considerado el 9 Fiesta Local","datePublished":"2024-08-21T11:26:51+00:00","dateModified":"2024-08-22T09:18:13+00:00","mainEntityOfPage":{"@id":"https:\/\/www.caudete.org\/ayuntamiento\/educacion-retrasa-el-inicio-escolar-al-10-de-septiembre-al-ser-considerado-el-9-fiesta-local\/"},"wordCount":235,"publisher":{"@id":"https:\/\/www.caudete.org\/ayuntamiento\/#organization"},"image":{"@id":"https:\/\/www.caudete.org\/ayuntamiento\/educacion-retrasa-el-inicio-escolar-al-10-de-septiembre-al-ser-considerado-el-9-fiesta-local\/#primaryimage"},"thumbnailUrl":"https:\/\/www.caudete.org\/ayuntamiento\/wp-content\/uploads\/2022\/08\/listado-trabajos-vuelta-al-cole-848x477x80xX.jpg","articleSection":["Educaci\u00f3n"],"inLanguage":"es"},{"@type":"WebPage","@id":"https:\/\/www.caudete.org\/ayuntamiento\/educacion-retrasa-el-inicio-escolar-al-10-de-septiembre-al-ser-considerado-el-9-fiesta-local\/","url":"https:\/\/www.caudete.org\/ayuntamiento\/educacion-retrasa-el-inicio-escolar-al-10-de-septiembre-al-ser-considerado-el-9-fiesta-local\/","name":"Educaci\u00f3n retrasa el inicio escolar al 11 de Septiembre al ser considerado el 9 Fiesta Local - MI Ayuntamiento de Caudete","isPartOf":{"@id":"https:\/\/www.caudete.org\/ayuntamiento\/#website"},"primaryImageOfPage":{"@id":"https:\/\/www.caudete.org\/ayuntamiento\/educacion-retrasa-el-inicio-escolar-al-10-de-septiembre-al-ser-considerado-el-9-fiesta-local\/#primaryimage"},"image":{"@id":"https:\/\/www.caudete.org\/ayuntamiento\/educacion-retrasa-el-inicio-escolar-al-10-de-septiembre-al-ser-considerado-el-9-fiesta-local\/#primaryimage"},"thumbnailUrl":"https:\/\/www.caudete.org\/ayuntamiento\/wp-content\/uploads\/2022\/08\/listado-trabajos-vuelta-al-cole-848x477x80xX.jpg","datePublished":"2024-08-21T11:26:51+00:00","dateModified":"2024-08-22T09:18:13+00:00","description":"P\u00e1gina Oficial del Ayuntamiento de Caudete (Albacete)","breadcrumb":{"@id":"https:\/\/www.caudete.org\/ayuntamiento\/educacion-retrasa-el-inicio-escolar-al-10-de-septiembre-al-ser-considerado-el-9-fiesta-local\/#breadcrumb"},"inLanguage":"es","potentialAction":[{"@type":"ReadAction","target":["https:\/\/www.caudete.org\/ayuntamiento\/educacion-retrasa-el-inicio-escolar-al-10-de-septiembre-al-ser-considerado-el-9-fiesta-local\/"]}]},{"@type":"ImageObject","inLanguage":"es","@id":"https:\/\/www.caudete.org\/ayuntamiento\/educacion-retrasa-el-inicio-escolar-al-10-de-septiembre-al-ser-considerado-el-9-fiesta-local\/#primaryimage","url":"https:\/\/www.caudete.org\/ayuntamiento\/wp-content\/uploads\/2022\/08\/listado-trabajos-vuelta-al-cole-848x477x80xX.jpg","contentUrl":"https:\/\/www.caudete.org\/ayuntamiento\/wp-content\/uploads\/2022\/08\/listado-trabajos-vuelta-al-cole-848x477x80xX.jpg","width":848,"height":477},{"@type":"BreadcrumbList","@id":"https:\/\/www.caudete.org\/ayuntamiento\/educacion-retrasa-el-inicio-escolar-al-10-de-septiembre-al-ser-considerado-el-9-fiesta-local\/#breadcrumb","itemListElement":[{"@type":"ListItem","position":1,"name":"Inicio","item":"https:\/\/www.caudete.org\/ayuntamiento\/"},{"@type":"ListItem","position":2,"name":"Educaci\u00f3n retrasa el inicio escolar al 11 de Septiembre al ser considerado el 9 Fiesta Local"}]},{"@type":"WebSite","@id":"https:\/\/www.caudete.org\/ayuntamiento\/#website","url":"https:\/\/www.caudete.org\/ayuntamiento\/","name":"MI Ayuntamiento de Caudete","description":"P\u00e1gina Oficial del MI Ayuntamiento de Caudete","publisher":{"@id":"https:\/\/www.caudete.org\/ayuntamiento\/#organization"},"potentialAction":[{"@type":"SearchAction","target":{"@type":"EntryPoint","urlTemplate":"https:\/\/www.caudete.org\/ayuntamiento\/?s={search_term_string}"},"query-input":{"@type":"PropertyValueSpecification","valueRequired":true,"valueName":"search_term_string"}}],"inLanguage":"es"},{"@type":"Organization","@id":"https:\/\/www.caudete.org\/ayuntamiento\/#organization","name":"Ayuntamiento de Caudete","url":"https:\/\/www.caudete.org\/ayuntamiento\/","logo":{"@type":"ImageObject","inLanguage":"es","@id":"https:\/\/www.caudete.org\/ayuntamiento\/#\/schema\/logo\/image\/","url":"https:\/\/www.caudete.org\/ayuntamiento\/wp-content\/uploads\/2020\/11\/logo_ayuntamiento_caudete.jpg","contentUrl":"https:\/\/www.caudete.org\/ayuntamiento\/wp-content\/uploads\/2020\/11\/logo_ayuntamiento_caudete.jpg","width":600,"height":150,"caption":"Ayuntamiento de Caudete"},"image":{"@id":"https:\/\/www.caudete.org\/ayuntamiento\/#\/schema\/logo\/image\/"},"sameAs":["https:\/\/www.facebook.com\/ayuntamientocaudete\/","https:\/\/www.youtube.com\/channel\/UC6VztHaooNsGpw-tNoBEFnQ"]},{"@type":"Person","@id":"https:\/\/www.caudete.org\/ayuntamiento\/#\/schema\/person\/cc646da9133078ee4d8dd47457947253","name":"alcalde","image":{"@type":"ImageObject","inLanguage":"es","@id":"https:\/\/secure.gravatar.com\/avatar\/84a817ba065b29ff08d666b215a215f5c79186a645ccb25b14a663d48a130f77?s=96&d=mm&r=g","url":"https:\/\/secure.gravatar.com\/avatar\/84a817ba065b29ff08d666b215a215f5c79186a645ccb25b14a663d48a130f77?s=96&d=mm&r=g","contentUrl":"https:\/\/secure.gravatar.com\/avatar\/84a817ba065b29ff08d666b215a215f5c79186a645ccb25b14a663d48a130f77?s=96&d=mm&r=g","caption":"alcalde"},"url":"https:\/\/www.caudete.org\/ayuntamiento\/author\/alcalde\/"}]}},"_links":{"self":[{"href":"https:\/\/www.caudete.org\/ayuntamiento\/wp-json\/wp\/v2\/posts\/25853","targetHints":{"allow":["GET"]}}],"collection":[{"href":"https:\/\/www.caudete.org\/ayuntamiento\/wp-json\/wp\/v2\/posts"}],"about":[{"href":"https:\/\/www.caudete.org\/ayuntamiento\/wp-json\/wp\/v2\/types\/post"}],"author":[{"embeddable":true,"href":"https:\/\/www.caudete.org\/ayuntamiento\/wp-json\/wp\/v2\/users\/3"}],"replies":[{"embeddable":true,"href":"https:\/\/www.caudete.org\/ayuntamiento\/wp-json\/wp\/v2\/comments?post=25853"}],"version-history":[{"count":3,"href":"https:\/\/www.caudete.org\/ayuntamiento\/wp-json\/wp\/v2\/posts\/25853\/revisions"}],"predecessor-version":[{"id":25860,"href":"https:\/\/www.caudete.org\/ayuntamiento\/wp-json\/wp\/v2\/posts\/25853\/revisions\/25860"}],"wp:featuredmedia":[{"embeddable":true,"href":"https:\/\/www.caudete.org\/ayuntamiento\/wp-json\/wp\/v2\/media\/19936"}],"wp:attachment":[{"href":"https:\/\/www.caudete.org\/ayuntamiento\/wp-json\/wp\/v2\/media?parent=25853"}],"wp:term":[{"taxonomy":"category","embeddable":true,"href":"https:\/\/www.caudete.org\/ayuntamiento\/wp-json\/wp\/v2\/categories?post=25853"},{"taxonomy":"post_tag","embeddable":true,"href":"https:\/\/www.caudete.org\/ayuntamiento\/wp-json\/wp\/v2\/tags?post=25853"}],"curies":[{"name":"wp","href":"https:\/\/api.w.org\/{rel}","templated":true}]}}