{"id":25861,"date":"2024-08-22T12:10:57","date_gmt":"2024-08-22T10:10:57","guid":{"rendered":"https:\/\/www.caudete.org\/ayuntamiento\/?p=25861"},"modified":"2024-08-22T12:10:57","modified_gmt":"2024-08-22T10:10:57","slug":"publicado-el-bando-que-establece-a-las-guaridas-la-ocupacion-de-la-via-publica-en-fiestas","status":"publish","type":"post","link":"https:\/\/www.caudete.org\/ayuntamiento\/publicado-el-bando-que-establece-a-las-guaridas-la-ocupacion-de-la-via-publica-en-fiestas\/","title":{"rendered":"Publicado el BANDO que establece a las guaridas la ocupaci\u00f3n de la v\u00eda p\u00fablica en Fiestas"},"content":{"rendered":"<p style=\"text-align: justify;\">Esta ma\u00f1ana el Alcalde firmaba el Bando Municipal por el que se pone en conocimiento a los caudetanos la posibilidad, un a\u00f1o m\u00e1s, y en el contexto de las Fiestas Patronales, de ocupaci\u00f3n de la v\u00eda p\u00fablica a modo de terraza o velador para las guaridas del municipio.<\/p>\n<p style=\"text-align: justify;\">Este hecho es una medida que ya se considera tradicional en estos d\u00edas para todos esos locales, tanto asociados a escuadras como a grupos de amigos, que se re\u00fanen en un espacio f\u00edsico, y que con motivo de los d\u00edas grandes de Caudete, se permite extraordinariamente dicha ocupaci\u00f3n, siempre que cumplan unos requisitos m\u00ednimos y las normas fijadas para llevarlo a cabo.<\/p>\n<p style=\"text-align: justify;\">La fecha m\u00e1xima para presentar solicitudes los interesados es el pr\u00f3ximo jueves 29 de Agosto a las 23.59h, ya que el plazo para la instalaci\u00f3n de los mismos da comienzo el viernes 30 de Agosto a las 14.00h hasta el 11 de Septiembre a las 14.00h.<\/p>\n<p style=\"text-align: justify;\">A continuaci\u00f3n pueden acceder al enlace del Tabl\u00f3n de Anuncios donde consultar \u00edntegramente el <a href=\"https:\/\/caudete.sedipualba.es\/tablondeanuncios\/anuncio.aspx?id=56846\" target=\"_blank\" rel=\"nofollow\">Bando Municipal<\/a>, as\u00ed como su extracto a continuaci\u00f3n:<\/p>\n<p style=\"text-align: justify; padding-left: 80px;\"><span style=\"font-size: 10pt;\"><em>&#8220;En relaci\u00f3n con la ocupaci\u00f3n de la v\u00eda p\u00fablica a modo de terraza o velador, por parte de los grupos de interesados de las guaridas, durante las Fiestas Patronales de Moros y Cristianos 2024 y, con el objeto de dar cumplimiento a la normativa de aplicaci\u00f3n, tomando en consideraci\u00f3n el Informe emitido por el T\u00e9cnico Municipal (Cod.4994559), de fecha 6 de agosto de 2024, es necesaria la publicaci\u00f3n del presente bando en el tabl\u00f3n de edictos municipal.<\/em><\/span><\/p>\n<p style=\"text-align: justify; padding-left: 80px;\"><span style=\"font-size: 10pt;\"><em>1. Es requisito indispensable que la Guarida que pretenda ocupar la v\u00eda p\u00fablica est\u00e9 legalizada, habiendo presentado la documentaci\u00f3n (anual) requerida en la correspondiente ordenanza.<\/em><\/span><\/p>\n<p style=\"text-align: justify; padding-left: 80px;\"><span style=\"font-size: 10pt;\"><em>2. La ocupaci\u00f3n se podr\u00e1 realizar desde las 14:00 horas del d\u00eda 30 de agosto hasta las 14:00 horas del d\u00eda 11 de septiembre, debiendo quedar completamente libre la zona ocupada fuera de ese periodo, en caso contrario, se incoar\u00e1 el correspondiente expediente sancionador. El plazo m\u00e1ximo para poder solicitar autorizaci\u00f3n de la ocupaci\u00f3n para la instalaci\u00f3n de terraza o velador por parte de los grupos interesados de las guaridas, es hasta el d\u00eda 29 de agosto de 2024 a las 23:59 horas. Dicha solicitud debe hacerse en el Ayuntamiento de Caudete.<\/em><\/span><\/p>\n<p style=\"text-align: justify; padding-left: 80px;\"><span style=\"font-size: 10pt;\"><em>3. En las calles por donde transcurren la procesi\u00f3n, los traslados y los desfiles de la entrada y la enhorabuena no se permite la ocupaci\u00f3n de la v\u00eda p\u00fablica, as\u00ed como en aquellas que se obstaculice el resto de actos festeros incluidos en la programaci\u00f3n oficial de fiestas.<\/em><\/span><\/p>\n<p style=\"text-align: justify; padding-left: 80px;\"><span style=\"font-size: 10pt;\"><em>4. Los niveles de ruido se mantendr\u00e1n dentro de los l\u00edmites que exigen la convivencia ciudadana y el respeto a los dem\u00e1s, asegurando que no se superan los niveles establecidos en la normativa en vigor al respecto, por lo que no se podr\u00e1 disponer de m\u00fasica en el exterior de la guarida.<\/em><\/span><\/p>\n<p style=\"text-align: justify; padding-left: 80px;\"><span style=\"font-size: 10pt;\"><em>5. En cuanto a la zona a ocupar :<\/em><\/span><\/p>\n<p style=\"text-align: justify; padding-left: 80px;\"><span style=\"font-size: 10pt;\"><em>\u2022 En ning\u00fan caso podr\u00e1 invadir la v\u00eda de circulaci\u00f3n de veh\u00edculos ni obstaculizar\u00e1 el paso de los mismos, especialmente de emergencias y servicios municipales.<\/em><\/span><br \/>\n<span style=\"font-size: 10pt;\"><em>\u2022 No se podr\u00e1n anclar elementos al suelo ni a las paredes de los edificios evitando el deterioro de estos, por lo que se deber\u00e1 utilizar un vallado tipo valla peatonal met\u00e1lica o valla de obra, delimitando, perimetralmente, la zona donde se ubiquen la terraza o velador (espacio de la v\u00eda ocupado), con el objeto de evitar la invasi\u00f3n de dicha zona por parte de los veh\u00edculos. Las caracter\u00edsticas del vallado perimetral deber\u00e1n cumplir con una altura m\u00ednima de entre 80 y 110 cm.<\/em><\/span><br \/>\n<span style=\"font-size: 10pt;\"><em>\u2022 La zona cerrada perimetralmente ocupar\u00e1, como m\u00e1ximo, un ancho igual a la fachada de<\/em><\/span><br \/>\n<span style=\"font-size: 10pt;\"><em>la guarida y una profundidad m\u00e1xima de 2 metros, siempre que no se obstaculice el paso de los veh\u00edculos, ni los accesos a los edificios, debiendo quedar un ancho m\u00ednimo para la circulaci\u00f3n de veh\u00edculos de 4 metros, si esto no fuese posible, no se permitir\u00e1 la ocupaci\u00f3n de la v\u00eda.<\/em><\/span><br \/>\n<span style=\"font-size: 10pt;\"><em>\u2022 En todo momento se deber\u00e1 dejar la acera libre para la circulaci\u00f3n de viandantes, tal como espec\u00edfica el Decreto 158\/1.997, C\u00f3digo de Accesibilidad de Castilla la Mancha.<\/em><\/span><br \/>\n<span style=\"font-size: 10pt;\"><em>\u2022 No se podr\u00e1 almacenar material combustible en la zona ocupada, ni colocar elementos fijos que impidan el desmontaje de estos en caso de emergencia o necesidad, sin el uso de herramientas y de forma r\u00e1pida.<\/em><\/span><\/p>\n<p style=\"text-align: justify; padding-left: 80px;\"><span style=\"font-size: 10pt;\"><em>Lo que se hace p\u00fablico para general conocimiento.<\/em><\/span><\/p>\n<p style=\"padding-left: 80px; text-align: center;\"><span style=\"font-size: 10pt;\"><em>EL ALCALDE&#8221;<\/em><\/span><\/p>\n","protected":false},"excerpt":{"rendered":"<p>Esta ma\u00f1ana el Alcalde firmaba el Bando Municipal por el que se pone en conocimiento a los caudetanos la posibilidad, un a\u00f1o m\u00e1s, y en el contexto de las Fiestas Patronales, de ocupaci\u00f3n de la v\u00eda p\u00fablica a modo de terraza o velador para las guaridas del municipio. Este hecho es una medida que ya &hellip;<\/p>\n","protected":false},"author":3,"featured_media":25862,"comment_status":"closed","ping_status":"open","sticky":false,"template":"","format":"standard","meta":{"ngg_post_thumbnail":0,"footnotes":""},"categories":[31],"tags":[],"class_list":["post-25861","post","type-post","status-publish","format-standard","has-post-thumbnail","hentry","category-fiestas"],"yoast_head":"<!-- This site is optimized with the Yoast SEO plugin v27.5 - https:\/\/yoast.com\/product\/yoast-seo-wordpress\/ -->\n<title>Publicado el BANDO que establece a las guaridas la ocupaci\u00f3n de la v\u00eda p\u00fablica en Fiestas - MI Ayuntamiento de Caudete<\/title>\n<meta name=\"description\" content=\"P\u00e1gina Oficial del Ayuntamiento de Caudete (Albacete)\" \/>\n<meta name=\"robots\" content=\"index, follow, max-snippet:-1, max-image-preview:large, max-video-preview:-1\" \/>\n<link rel=\"canonical\" href=\"https:\/\/www.caudete.org\/ayuntamiento\/publicado-el-bando-que-establece-a-las-guaridas-la-ocupacion-de-la-via-publica-en-fiestas\/\" \/>\n<meta property=\"og:locale\" content=\"es_ES\" \/>\n<meta property=\"og:type\" content=\"article\" \/>\n<meta property=\"og:title\" content=\"Publicado el BANDO que establece a las guaridas la ocupaci\u00f3n de la v\u00eda p\u00fablica en Fiestas - MI Ayuntamiento de Caudete\" \/>\n<meta property=\"og:description\" content=\"P\u00e1gina Oficial del Ayuntamiento de Caudete (Albacete)\" \/>\n<meta property=\"og:url\" content=\"https:\/\/www.caudete.org\/ayuntamiento\/publicado-el-bando-que-establece-a-las-guaridas-la-ocupacion-de-la-via-publica-en-fiestas\/\" \/>\n<meta property=\"og:site_name\" content=\"MI Ayuntamiento de Caudete\" \/>\n<meta property=\"article:publisher\" content=\"https:\/\/www.facebook.com\/ayuntamientocaudete\/\" \/>\n<meta property=\"article:published_time\" content=\"2024-08-22T10:10:57+00:00\" \/>\n<meta property=\"og:image\" content=\"https:\/\/www.caudete.org\/ayuntamiento\/wp-content\/uploads\/2024\/08\/IMG_6136.jpg\" \/>\n\t<meta property=\"og:image:width\" content=\"1600\" \/>\n\t<meta property=\"og:image:height\" content=\"1067\" \/>\n\t<meta property=\"og:image:type\" content=\"image\/jpeg\" \/>\n<meta name=\"author\" content=\"alcalde\" \/>\n<meta name=\"twitter:card\" content=\"summary_large_image\" \/>\n<meta name=\"twitter:label1\" content=\"Escrito por\" \/>\n\t<meta name=\"twitter:data1\" content=\"alcalde\" \/>\n\t<meta name=\"twitter:label2\" content=\"Tiempo de lectura\" \/>\n\t<meta name=\"twitter:data2\" content=\"4 minutos\" \/>\n<script type=\"application\/ld+json\" class=\"yoast-schema-graph\">{\"@context\":\"https:\\\/\\\/schema.org\",\"@graph\":[{\"@type\":\"Article\",\"@id\":\"https:\\\/\\\/www.caudete.org\\\/ayuntamiento\\\/publicado-el-bando-que-establece-a-las-guaridas-la-ocupacion-de-la-via-publica-en-fiestas\\\/#article\",\"isPartOf\":{\"@id\":\"https:\\\/\\\/www.caudete.org\\\/ayuntamiento\\\/publicado-el-bando-que-establece-a-las-guaridas-la-ocupacion-de-la-via-publica-en-fiestas\\\/\"},\"author\":{\"name\":\"alcalde\",\"@id\":\"https:\\\/\\\/www.caudete.org\\\/ayuntamiento\\\/#\\\/schema\\\/person\\\/cc646da9133078ee4d8dd47457947253\"},\"headline\":\"Publicado el BANDO que establece a las guaridas la ocupaci\u00f3n de la v\u00eda p\u00fablica en Fiestas\",\"datePublished\":\"2024-08-22T10:10:57+00:00\",\"mainEntityOfPage\":{\"@id\":\"https:\\\/\\\/www.caudete.org\\\/ayuntamiento\\\/publicado-el-bando-que-establece-a-las-guaridas-la-ocupacion-de-la-via-publica-en-fiestas\\\/\"},\"wordCount\":792,\"image\":{\"@id\":\"https:\\\/\\\/www.caudete.org\\\/ayuntamiento\\\/publicado-el-bando-que-establece-a-las-guaridas-la-ocupacion-de-la-via-publica-en-fiestas\\\/#primaryimage\"},\"thumbnailUrl\":\"https:\\\/\\\/www.caudete.org\\\/ayuntamiento\\\/wp-content\\\/uploads\\\/2024\\\/08\\\/IMG_6136.jpg\",\"articleSection\":[\"Fiestas\"],\"inLanguage\":\"es\"},{\"@type\":\"WebPage\",\"@id\":\"https:\\\/\\\/www.caudete.org\\\/ayuntamiento\\\/publicado-el-bando-que-establece-a-las-guaridas-la-ocupacion-de-la-via-publica-en-fiestas\\\/\",\"url\":\"https:\\\/\\\/www.caudete.org\\\/ayuntamiento\\\/publicado-el-bando-que-establece-a-las-guaridas-la-ocupacion-de-la-via-publica-en-fiestas\\\/\",\"name\":\"Publicado el BANDO que establece a las guaridas la ocupaci\u00f3n de la v\u00eda p\u00fablica en Fiestas - MI Ayuntamiento de Caudete\",\"isPartOf\":{\"@id\":\"https:\\\/\\\/www.caudete.org\\\/ayuntamiento\\\/#website\"},\"primaryImageOfPage\":{\"@id\":\"https:\\\/\\\/www.caudete.org\\\/ayuntamiento\\\/publicado-el-bando-que-establece-a-las-guaridas-la-ocupacion-de-la-via-publica-en-fiestas\\\/#primaryimage\"},\"image\":{\"@id\":\"https:\\\/\\\/www.caudete.org\\\/ayuntamiento\\\/publicado-el-bando-que-establece-a-las-guaridas-la-ocupacion-de-la-via-publica-en-fiestas\\\/#primaryimage\"},\"thumbnailUrl\":\"https:\\\/\\\/www.caudete.org\\\/ayuntamiento\\\/wp-content\\\/uploads\\\/2024\\\/08\\\/IMG_6136.jpg\",\"datePublished\":\"2024-08-22T10:10:57+00:00\",\"author\":{\"@id\":\"https:\\\/\\\/www.caudete.org\\\/ayuntamiento\\\/#\\\/schema\\\/person\\\/cc646da9133078ee4d8dd47457947253\"},\"description\":\"P\u00e1gina Oficial del Ayuntamiento de Caudete (Albacete)\",\"breadcrumb\":{\"@id\":\"https:\\\/\\\/www.caudete.org\\\/ayuntamiento\\\/publicado-el-bando-que-establece-a-las-guaridas-la-ocupacion-de-la-via-publica-en-fiestas\\\/#breadcrumb\"},\"inLanguage\":\"es\",\"potentialAction\":[{\"@type\":\"ReadAction\",\"target\":[\"https:\\\/\\\/www.caudete.org\\\/ayuntamiento\\\/publicado-el-bando-que-establece-a-las-guaridas-la-ocupacion-de-la-via-publica-en-fiestas\\\/\"]}]},{\"@type\":\"ImageObject\",\"inLanguage\":\"es\",\"@id\":\"https:\\\/\\\/www.caudete.org\\\/ayuntamiento\\\/publicado-el-bando-que-establece-a-las-guaridas-la-ocupacion-de-la-via-publica-en-fiestas\\\/#primaryimage\",\"url\":\"https:\\\/\\\/www.caudete.org\\\/ayuntamiento\\\/wp-content\\\/uploads\\\/2024\\\/08\\\/IMG_6136.jpg\",\"contentUrl\":\"https:\\\/\\\/www.caudete.org\\\/ayuntamiento\\\/wp-content\\\/uploads\\\/2024\\\/08\\\/IMG_6136.jpg\",\"width\":1600,\"height\":1067},{\"@type\":\"BreadcrumbList\",\"@id\":\"https:\\\/\\\/www.caudete.org\\\/ayuntamiento\\\/publicado-el-bando-que-establece-a-las-guaridas-la-ocupacion-de-la-via-publica-en-fiestas\\\/#breadcrumb\",\"itemListElement\":[{\"@type\":\"ListItem\",\"position\":1,\"name\":\"Inicio\",\"item\":\"https:\\\/\\\/www.caudete.org\\\/ayuntamiento\\\/\"},{\"@type\":\"ListItem\",\"position\":2,\"name\":\"Publicado el BANDO que establece a las guaridas la ocupaci\u00f3n de la v\u00eda p\u00fablica en Fiestas\"}]},{\"@type\":\"WebSite\",\"@id\":\"https:\\\/\\\/www.caudete.org\\\/ayuntamiento\\\/#website\",\"url\":\"https:\\\/\\\/www.caudete.org\\\/ayuntamiento\\\/\",\"name\":\"MI Ayuntamiento de Caudete\",\"description\":\"P\u00e1gina Oficial del MI Ayuntamiento de Caudete\",\"potentialAction\":[{\"@type\":\"SearchAction\",\"target\":{\"@type\":\"EntryPoint\",\"urlTemplate\":\"https:\\\/\\\/www.caudete.org\\\/ayuntamiento\\\/?s={search_term_string}\"},\"query-input\":{\"@type\":\"PropertyValueSpecification\",\"valueRequired\":true,\"valueName\":\"search_term_string\"}}],\"inLanguage\":\"es\"},{\"@type\":\"Person\",\"@id\":\"https:\\\/\\\/www.caudete.org\\\/ayuntamiento\\\/#\\\/schema\\\/person\\\/cc646da9133078ee4d8dd47457947253\",\"name\":\"alcalde\",\"image\":{\"@type\":\"ImageObject\",\"inLanguage\":\"es\",\"@id\":\"https:\\\/\\\/secure.gravatar.com\\\/avatar\\\/84a817ba065b29ff08d666b215a215f5c79186a645ccb25b14a663d48a130f77?s=96&d=mm&r=g\",\"url\":\"https:\\\/\\\/secure.gravatar.com\\\/avatar\\\/84a817ba065b29ff08d666b215a215f5c79186a645ccb25b14a663d48a130f77?s=96&d=mm&r=g\",\"contentUrl\":\"https:\\\/\\\/secure.gravatar.com\\\/avatar\\\/84a817ba065b29ff08d666b215a215f5c79186a645ccb25b14a663d48a130f77?s=96&d=mm&r=g\",\"caption\":\"alcalde\"},\"url\":\"https:\\\/\\\/www.caudete.org\\\/ayuntamiento\\\/author\\\/alcalde\\\/\"}]}<\/script>\n<!-- \/ Yoast SEO plugin. -->","yoast_head_json":{"title":"Publicado el BANDO que establece a las guaridas la ocupaci\u00f3n de la v\u00eda p\u00fablica en Fiestas - MI Ayuntamiento de Caudete","description":"P\u00e1gina Oficial del Ayuntamiento de Caudete (Albacete)","robots":{"index":"index","follow":"follow","max-snippet":"max-snippet:-1","max-image-preview":"max-image-preview:large","max-video-preview":"max-video-preview:-1"},"canonical":"https:\/\/www.caudete.org\/ayuntamiento\/publicado-el-bando-que-establece-a-las-guaridas-la-ocupacion-de-la-via-publica-en-fiestas\/","og_locale":"es_ES","og_type":"article","og_title":"Publicado el BANDO que establece a las guaridas la ocupaci\u00f3n de la v\u00eda p\u00fablica en Fiestas - MI Ayuntamiento de Caudete","og_description":"P\u00e1gina Oficial del Ayuntamiento de Caudete (Albacete)","og_url":"https:\/\/www.caudete.org\/ayuntamiento\/publicado-el-bando-que-establece-a-las-guaridas-la-ocupacion-de-la-via-publica-en-fiestas\/","og_site_name":"MI Ayuntamiento de Caudete","article_publisher":"https:\/\/www.facebook.com\/ayuntamientocaudete\/","article_published_time":"2024-08-22T10:10:57+00:00","og_image":[{"width":1600,"height":1067,"url":"https:\/\/www.caudete.org\/ayuntamiento\/wp-content\/uploads\/2024\/08\/IMG_6136.jpg","type":"image\/jpeg"}],"author":"alcalde","twitter_card":"summary_large_image","twitter_misc":{"Escrito por":"alcalde","Tiempo de lectura":"4 minutos"},"schema":{"@context":"https:\/\/schema.org","@graph":[{"@type":"Article","@id":"https:\/\/www.caudete.org\/ayuntamiento\/publicado-el-bando-que-establece-a-las-guaridas-la-ocupacion-de-la-via-publica-en-fiestas\/#article","isPartOf":{"@id":"https:\/\/www.caudete.org\/ayuntamiento\/publicado-el-bando-que-establece-a-las-guaridas-la-ocupacion-de-la-via-publica-en-fiestas\/"},"author":{"name":"alcalde","@id":"https:\/\/www.caudete.org\/ayuntamiento\/#\/schema\/person\/cc646da9133078ee4d8dd47457947253"},"headline":"Publicado el BANDO que establece a las guaridas la ocupaci\u00f3n de la v\u00eda p\u00fablica en Fiestas","datePublished":"2024-08-22T10:10:57+00:00","mainEntityOfPage":{"@id":"https:\/\/www.caudete.org\/ayuntamiento\/publicado-el-bando-que-establece-a-las-guaridas-la-ocupacion-de-la-via-publica-en-fiestas\/"},"wordCount":792,"image":{"@id":"https:\/\/www.caudete.org\/ayuntamiento\/publicado-el-bando-que-establece-a-las-guaridas-la-ocupacion-de-la-via-publica-en-fiestas\/#primaryimage"},"thumbnailUrl":"https:\/\/www.caudete.org\/ayuntamiento\/wp-content\/uploads\/2024\/08\/IMG_6136.jpg","articleSection":["Fiestas"],"inLanguage":"es"},{"@type":"WebPage","@id":"https:\/\/www.caudete.org\/ayuntamiento\/publicado-el-bando-que-establece-a-las-guaridas-la-ocupacion-de-la-via-publica-en-fiestas\/","url":"https:\/\/www.caudete.org\/ayuntamiento\/publicado-el-bando-que-establece-a-las-guaridas-la-ocupacion-de-la-via-publica-en-fiestas\/","name":"Publicado el BANDO que establece a las guaridas la ocupaci\u00f3n de la v\u00eda p\u00fablica en Fiestas - MI Ayuntamiento de Caudete","isPartOf":{"@id":"https:\/\/www.caudete.org\/ayuntamiento\/#website"},"primaryImageOfPage":{"@id":"https:\/\/www.caudete.org\/ayuntamiento\/publicado-el-bando-que-establece-a-las-guaridas-la-ocupacion-de-la-via-publica-en-fiestas\/#primaryimage"},"image":{"@id":"https:\/\/www.caudete.org\/ayuntamiento\/publicado-el-bando-que-establece-a-las-guaridas-la-ocupacion-de-la-via-publica-en-fiestas\/#primaryimage"},"thumbnailUrl":"https:\/\/www.caudete.org\/ayuntamiento\/wp-content\/uploads\/2024\/08\/IMG_6136.jpg","datePublished":"2024-08-22T10:10:57+00:00","author":{"@id":"https:\/\/www.caudete.org\/ayuntamiento\/#\/schema\/person\/cc646da9133078ee4d8dd47457947253"},"description":"P\u00e1gina Oficial del Ayuntamiento de Caudete (Albacete)","breadcrumb":{"@id":"https:\/\/www.caudete.org\/ayuntamiento\/publicado-el-bando-que-establece-a-las-guaridas-la-ocupacion-de-la-via-publica-en-fiestas\/#breadcrumb"},"inLanguage":"es","potentialAction":[{"@type":"ReadAction","target":["https:\/\/www.caudete.org\/ayuntamiento\/publicado-el-bando-que-establece-a-las-guaridas-la-ocupacion-de-la-via-publica-en-fiestas\/"]}]},{"@type":"ImageObject","inLanguage":"es","@id":"https:\/\/www.caudete.org\/ayuntamiento\/publicado-el-bando-que-establece-a-las-guaridas-la-ocupacion-de-la-via-publica-en-fiestas\/#primaryimage","url":"https:\/\/www.caudete.org\/ayuntamiento\/wp-content\/uploads\/2024\/08\/IMG_6136.jpg","contentUrl":"https:\/\/www.caudete.org\/ayuntamiento\/wp-content\/uploads\/2024\/08\/IMG_6136.jpg","width":1600,"height":1067},{"@type":"BreadcrumbList","@id":"https:\/\/www.caudete.org\/ayuntamiento\/publicado-el-bando-que-establece-a-las-guaridas-la-ocupacion-de-la-via-publica-en-fiestas\/#breadcrumb","itemListElement":[{"@type":"ListItem","position":1,"name":"Inicio","item":"https:\/\/www.caudete.org\/ayuntamiento\/"},{"@type":"ListItem","position":2,"name":"Publicado el BANDO que establece a las guaridas la ocupaci\u00f3n de la v\u00eda p\u00fablica en Fiestas"}]},{"@type":"WebSite","@id":"https:\/\/www.caudete.org\/ayuntamiento\/#website","url":"https:\/\/www.caudete.org\/ayuntamiento\/","name":"MI Ayuntamiento de Caudete","description":"P\u00e1gina Oficial del MI Ayuntamiento de Caudete","potentialAction":[{"@type":"SearchAction","target":{"@type":"EntryPoint","urlTemplate":"https:\/\/www.caudete.org\/ayuntamiento\/?s={search_term_string}"},"query-input":{"@type":"PropertyValueSpecification","valueRequired":true,"valueName":"search_term_string"}}],"inLanguage":"es"},{"@type":"Person","@id":"https:\/\/www.caudete.org\/ayuntamiento\/#\/schema\/person\/cc646da9133078ee4d8dd47457947253","name":"alcalde","image":{"@type":"ImageObject","inLanguage":"es","@id":"https:\/\/secure.gravatar.com\/avatar\/84a817ba065b29ff08d666b215a215f5c79186a645ccb25b14a663d48a130f77?s=96&d=mm&r=g","url":"https:\/\/secure.gravatar.com\/avatar\/84a817ba065b29ff08d666b215a215f5c79186a645ccb25b14a663d48a130f77?s=96&d=mm&r=g","contentUrl":"https:\/\/secure.gravatar.com\/avatar\/84a817ba065b29ff08d666b215a215f5c79186a645ccb25b14a663d48a130f77?s=96&d=mm&r=g","caption":"alcalde"},"url":"https:\/\/www.caudete.org\/ayuntamiento\/author\/alcalde\/"}]}},"_links":{"self":[{"href":"https:\/\/www.caudete.org\/ayuntamiento\/wp-json\/wp\/v2\/posts\/25861","targetHints":{"allow":["GET"]}}],"collection":[{"href":"https:\/\/www.caudete.org\/ayuntamiento\/wp-json\/wp\/v2\/posts"}],"about":[{"href":"https:\/\/www.caudete.org\/ayuntamiento\/wp-json\/wp\/v2\/types\/post"}],"author":[{"embeddable":true,"href":"https:\/\/www.caudete.org\/ayuntamiento\/wp-json\/wp\/v2\/users\/3"}],"replies":[{"embeddable":true,"href":"https:\/\/www.caudete.org\/ayuntamiento\/wp-json\/wp\/v2\/comments?post=25861"}],"version-history":[{"count":1,"href":"https:\/\/www.caudete.org\/ayuntamiento\/wp-json\/wp\/v2\/posts\/25861\/revisions"}],"predecessor-version":[{"id":25863,"href":"https:\/\/www.caudete.org\/ayuntamiento\/wp-json\/wp\/v2\/posts\/25861\/revisions\/25863"}],"wp:featuredmedia":[{"embeddable":true,"href":"https:\/\/www.caudete.org\/ayuntamiento\/wp-json\/wp\/v2\/media\/25862"}],"wp:attachment":[{"href":"https:\/\/www.caudete.org\/ayuntamiento\/wp-json\/wp\/v2\/media?parent=25861"}],"wp:term":[{"taxonomy":"category","embeddable":true,"href":"https:\/\/www.caudete.org\/ayuntamiento\/wp-json\/wp\/v2\/categories?post=25861"},{"taxonomy":"post_tag","embeddable":true,"href":"https:\/\/www.caudete.org\/ayuntamiento\/wp-json\/wp\/v2\/tags?post=25861"}],"curies":[{"name":"wp","href":"https:\/\/api.w.org\/{rel}","templated":true}]}}