{"id":25864,"date":"2024-08-22T12:16:10","date_gmt":"2024-08-22T10:16:10","guid":{"rendered":"https:\/\/www.caudete.org\/ayuntamiento\/?p=25864"},"modified":"2024-08-22T12:16:10","modified_gmt":"2024-08-22T10:16:10","slug":"publicado-el-bando-que-rige-las-normas-de-la-mascleta-del-6-de-septiembre-2","status":"publish","type":"post","link":"https:\/\/www.caudete.org\/ayuntamiento\/publicado-el-bando-que-rige-las-normas-de-la-mascleta-del-6-de-septiembre-2\/","title":{"rendered":"Publicado el BANDO que rige las normas de la Masclet\u00e1 del 6 de Septiembre"},"content":{"rendered":"<p style=\"text-align: justify;\">El Alcalde, Mois\u00e9s L\u00f3pez ha informado que para la celebraci\u00f3n de las pr\u00f3ximas Fiestas Patronales, el Consistorio ultima preparativos en sus calles, y detalles necesarios para una correcta y segura celebraci\u00f3n, como lo es por ejemplo la emisi\u00f3n del Bando Municipal que el Alcalde emite con las normas b\u00e1sicas para el disparo de la Masclet\u00e1 del d\u00eda 6 de Septiembre en pleno centro neur\u00e1lgico de la poblaci\u00f3n, el Paseo Luis Golf.<\/p>\n<p>&nbsp;<\/p>\n<p style=\"text-align: center;\"><strong>B A N D O<\/strong><br \/>\n<strong>D. MOIS\u00c9S L\u00d3PEZ MART\u00cdNEZ, ALCALDE- PRESIDENTE<\/strong><\/p>\n<p style=\"text-align: center;\"><strong>DEL M.I. AYUNTAMIENTO DE CAUDETE,<\/strong><\/p>\n<p style=\"text-align: center;\"><strong>H A C E\u00a0 \u00a0 \u00a0 S A B E R<\/strong><\/p>\n<p style=\"text-align: justify;\">En relaci\u00f3n con el acto de disparo de la MASCLET\u00c1 el d\u00eda 6 de septiembre de 2024, que se lleva a cabo en una zona con en la que existen edificios habitados entre la zona de seguridad a edificios y la zona de seguridad al p\u00fablico y con objeto de dar cumplimiento a lo estipulado en el Reglamento de art\u00edculos pirot\u00e9cnicos y cartucher\u00eda, ITC n\u00ba 8 del RD 989\/2015.<\/p>\n<p style=\"text-align: justify;\">Correspondiendo a este Ayuntamiento el deber de anunciar y prevenir a la poblaci\u00f3n afectada, visto el Informe emitido por el Ingeniero T\u00e9cnico Municipal, de fecha 25 de Julio de 2024 (C\u00f3d. 4978658).<\/p>\n<p style=\"text-align: justify;\">Se pone en su conocimiento lo siguiente:<\/p>\n<p style=\"text-align: justify; padding-left: 40px;\">\u2022 Deber\u00e1n respetar las instrucciones del personal de seguridad y emergencias.<\/p>\n<p style=\"text-align: justify; padding-left: 40px;\">\u2022 Deber\u00e1n acceder a sus domicilios antes del inicio del disparo y no podr\u00e1n salir de los mismos hasta 15 minutos despu\u00e9s de concluido el espect\u00e1culo.<\/p>\n<p style=\"text-align: justify; padding-left: 40px;\">\u2022 Deber\u00e1n cerrar ventanas y balcones en las viviendas y locales, as\u00ed como retirar cualquier material combustibles (ropa, toldos, etc.).<\/p>\n<p style=\"text-align: justify; padding-left: 40px;\">\u2022 No se podr\u00e1 presenciar el disparo de la masclet\u00e0 desde las terrazas, azoteas, balcones o ventanas de los edificios dentro de la zona de seguridad.<\/p>\n<p style=\"text-align: justify; padding-left: 40px;\">\u2022 No existir\u00e1n veh\u00edculos estacionados dentro de la Zona de Seguridad.<\/p>\n<p style=\"text-align: justify; padding-left: 40px;\">\u2022 Si un componente del fuego artificial cayera en una zona de la vivienda, o en la calle, NO se debe tocar, ni empujarlo con el pie (se puede reactivar y explotar).\u00a0 \u00a0 \u00a0DEBER\u00c1N avisar inmediatamente al personal de seguridad situado en la zona del disparo de los fuegos artificiales y NUNCA manipularlo.<\/p>\n<p style=\"text-align: justify; padding-left: 40px;\">\u2022 La masclet\u00e0 se disparar\u00e1 el d\u00eda 6 de septiembre de 2024 sobre las 13:30 horas, en el Paseo Luis Golf.<\/p>\n<p style=\"text-align: justify; padding-left: 40px;\">\u2022 En caso de permanecer en las viviendas, no salgan al exterior durante el trascurso de la masclet\u00e0.<\/p>\n<p style=\"text-align: justify; padding-left: 40px;\">\u2022 No se puede salir de la vivienda para visualizar los fuegos artificiales durante es disparo de la misma y es obligatorio situarse fuera de la zona de seguridad a p\u00fablico.<\/p>\n<p style=\"text-align: justify;\">\n<p style=\"text-align: justify;\">Lo que se hace p\u00fablico para general conocimiento.<\/p>\n","protected":false},"excerpt":{"rendered":"<p>El Alcalde, Mois\u00e9s L\u00f3pez ha informado que para la celebraci\u00f3n de las pr\u00f3ximas Fiestas Patronales, el Consistorio ultima preparativos en sus calles, y detalles necesarios para una correcta y segura celebraci\u00f3n, como lo es por ejemplo la emisi\u00f3n del Bando Municipal que el Alcalde emite con las normas b\u00e1sicas para el disparo de la Masclet\u00e1 &hellip;<\/p>\n","protected":false},"author":3,"featured_media":23168,"comment_status":"closed","ping_status":"open","sticky":false,"template":"","format":"standard","meta":{"ngg_post_thumbnail":0,"footnotes":""},"categories":[31],"tags":[],"class_list":["post-25864","post","type-post","status-publish","format-standard","has-post-thumbnail","hentry","category-fiestas"],"yoast_head":"<!-- This site is optimized with the Yoast SEO plugin v27.5 - https:\/\/yoast.com\/product\/yoast-seo-wordpress\/ -->\n<title>Publicado el BANDO que rige las normas de la Masclet\u00e1 del 6 de Septiembre - MI Ayuntamiento de Caudete<\/title>\n<meta name=\"description\" content=\"P\u00e1gina Oficial del Ayuntamiento de Caudete (Albacete)\" \/>\n<meta name=\"robots\" content=\"index, follow, max-snippet:-1, max-image-preview:large, max-video-preview:-1\" \/>\n<link rel=\"canonical\" href=\"https:\/\/www.caudete.org\/ayuntamiento\/publicado-el-bando-que-rige-las-normas-de-la-mascleta-del-6-de-septiembre-2\/\" \/>\n<meta property=\"og:locale\" content=\"es_ES\" \/>\n<meta property=\"og:type\" content=\"article\" \/>\n<meta property=\"og:title\" content=\"Publicado el BANDO que rige las normas de la Masclet\u00e1 del 6 de Septiembre - MI Ayuntamiento de Caudete\" \/>\n<meta property=\"og:description\" content=\"P\u00e1gina Oficial del Ayuntamiento de Caudete (Albacete)\" \/>\n<meta property=\"og:url\" content=\"https:\/\/www.caudete.org\/ayuntamiento\/publicado-el-bando-que-rige-las-normas-de-la-mascleta-del-6-de-septiembre-2\/\" \/>\n<meta property=\"og:site_name\" content=\"MI Ayuntamiento de Caudete\" \/>\n<meta property=\"article:publisher\" content=\"https:\/\/www.facebook.com\/ayuntamientocaudete\/\" \/>\n<meta property=\"article:published_time\" content=\"2024-08-22T10:16:10+00:00\" \/>\n<meta property=\"og:image\" content=\"https:\/\/www.caudete.org\/ayuntamiento\/wp-content\/uploads\/2023\/08\/istockphoto-1211357536-612x612-1.jpg\" \/>\n\t<meta property=\"og:image:width\" content=\"612\" \/>\n\t<meta property=\"og:image:height\" content=\"399\" \/>\n\t<meta property=\"og:image:type\" content=\"image\/jpeg\" \/>\n<meta name=\"author\" content=\"alcalde\" \/>\n<meta name=\"twitter:card\" content=\"summary_large_image\" \/>\n<meta name=\"twitter:label1\" content=\"Escrito por\" \/>\n\t<meta name=\"twitter:data1\" content=\"alcalde\" \/>\n\t<meta name=\"twitter:label2\" content=\"Tiempo de lectura\" \/>\n\t<meta name=\"twitter:data2\" content=\"3 minutos\" \/>\n<script type=\"application\/ld+json\" class=\"yoast-schema-graph\">{\"@context\":\"https:\\\/\\\/schema.org\",\"@graph\":[{\"@type\":\"Article\",\"@id\":\"https:\\\/\\\/www.caudete.org\\\/ayuntamiento\\\/publicado-el-bando-que-rige-las-normas-de-la-mascleta-del-6-de-septiembre-2\\\/#article\",\"isPartOf\":{\"@id\":\"https:\\\/\\\/www.caudete.org\\\/ayuntamiento\\\/publicado-el-bando-que-rige-las-normas-de-la-mascleta-del-6-de-septiembre-2\\\/\"},\"author\":{\"name\":\"alcalde\",\"@id\":\"https:\\\/\\\/www.caudete.org\\\/ayuntamiento\\\/#\\\/schema\\\/person\\\/cc646da9133078ee4d8dd47457947253\"},\"headline\":\"Publicado el BANDO que rige las normas de la Masclet\u00e1 del 6 de Septiembre\",\"datePublished\":\"2024-08-22T10:16:10+00:00\",\"mainEntityOfPage\":{\"@id\":\"https:\\\/\\\/www.caudete.org\\\/ayuntamiento\\\/publicado-el-bando-que-rige-las-normas-de-la-mascleta-del-6-de-septiembre-2\\\/\"},\"wordCount\":456,\"image\":{\"@id\":\"https:\\\/\\\/www.caudete.org\\\/ayuntamiento\\\/publicado-el-bando-que-rige-las-normas-de-la-mascleta-del-6-de-septiembre-2\\\/#primaryimage\"},\"thumbnailUrl\":\"https:\\\/\\\/www.caudete.org\\\/ayuntamiento\\\/wp-content\\\/uploads\\\/2023\\\/08\\\/istockphoto-1211357536-612x612-1.jpg\",\"articleSection\":[\"Fiestas\"],\"inLanguage\":\"es\"},{\"@type\":\"WebPage\",\"@id\":\"https:\\\/\\\/www.caudete.org\\\/ayuntamiento\\\/publicado-el-bando-que-rige-las-normas-de-la-mascleta-del-6-de-septiembre-2\\\/\",\"url\":\"https:\\\/\\\/www.caudete.org\\\/ayuntamiento\\\/publicado-el-bando-que-rige-las-normas-de-la-mascleta-del-6-de-septiembre-2\\\/\",\"name\":\"Publicado el BANDO que rige las normas de la Masclet\u00e1 del 6 de Septiembre - MI Ayuntamiento de Caudete\",\"isPartOf\":{\"@id\":\"https:\\\/\\\/www.caudete.org\\\/ayuntamiento\\\/#website\"},\"primaryImageOfPage\":{\"@id\":\"https:\\\/\\\/www.caudete.org\\\/ayuntamiento\\\/publicado-el-bando-que-rige-las-normas-de-la-mascleta-del-6-de-septiembre-2\\\/#primaryimage\"},\"image\":{\"@id\":\"https:\\\/\\\/www.caudete.org\\\/ayuntamiento\\\/publicado-el-bando-que-rige-las-normas-de-la-mascleta-del-6-de-septiembre-2\\\/#primaryimage\"},\"thumbnailUrl\":\"https:\\\/\\\/www.caudete.org\\\/ayuntamiento\\\/wp-content\\\/uploads\\\/2023\\\/08\\\/istockphoto-1211357536-612x612-1.jpg\",\"datePublished\":\"2024-08-22T10:16:10+00:00\",\"author\":{\"@id\":\"https:\\\/\\\/www.caudete.org\\\/ayuntamiento\\\/#\\\/schema\\\/person\\\/cc646da9133078ee4d8dd47457947253\"},\"description\":\"P\u00e1gina Oficial del Ayuntamiento de Caudete (Albacete)\",\"breadcrumb\":{\"@id\":\"https:\\\/\\\/www.caudete.org\\\/ayuntamiento\\\/publicado-el-bando-que-rige-las-normas-de-la-mascleta-del-6-de-septiembre-2\\\/#breadcrumb\"},\"inLanguage\":\"es\",\"potentialAction\":[{\"@type\":\"ReadAction\",\"target\":[\"https:\\\/\\\/www.caudete.org\\\/ayuntamiento\\\/publicado-el-bando-que-rige-las-normas-de-la-mascleta-del-6-de-septiembre-2\\\/\"]}]},{\"@type\":\"ImageObject\",\"inLanguage\":\"es\",\"@id\":\"https:\\\/\\\/www.caudete.org\\\/ayuntamiento\\\/publicado-el-bando-que-rige-las-normas-de-la-mascleta-del-6-de-septiembre-2\\\/#primaryimage\",\"url\":\"https:\\\/\\\/www.caudete.org\\\/ayuntamiento\\\/wp-content\\\/uploads\\\/2023\\\/08\\\/istockphoto-1211357536-612x612-1.jpg\",\"contentUrl\":\"https:\\\/\\\/www.caudete.org\\\/ayuntamiento\\\/wp-content\\\/uploads\\\/2023\\\/08\\\/istockphoto-1211357536-612x612-1.jpg\",\"width\":612,\"height\":399,\"caption\":\"Many firecrackers ready for a Mascleta, a typical firework show in Fallas feast, in Denia, Spain.\"},{\"@type\":\"BreadcrumbList\",\"@id\":\"https:\\\/\\\/www.caudete.org\\\/ayuntamiento\\\/publicado-el-bando-que-rige-las-normas-de-la-mascleta-del-6-de-septiembre-2\\\/#breadcrumb\",\"itemListElement\":[{\"@type\":\"ListItem\",\"position\":1,\"name\":\"Inicio\",\"item\":\"https:\\\/\\\/www.caudete.org\\\/ayuntamiento\\\/\"},{\"@type\":\"ListItem\",\"position\":2,\"name\":\"Publicado el BANDO que rige las normas de la Masclet\u00e1 del 6 de Septiembre\"}]},{\"@type\":\"WebSite\",\"@id\":\"https:\\\/\\\/www.caudete.org\\\/ayuntamiento\\\/#website\",\"url\":\"https:\\\/\\\/www.caudete.org\\\/ayuntamiento\\\/\",\"name\":\"MI Ayuntamiento de Caudete\",\"description\":\"P\u00e1gina Oficial del MI Ayuntamiento de Caudete\",\"potentialAction\":[{\"@type\":\"SearchAction\",\"target\":{\"@type\":\"EntryPoint\",\"urlTemplate\":\"https:\\\/\\\/www.caudete.org\\\/ayuntamiento\\\/?s={search_term_string}\"},\"query-input\":{\"@type\":\"PropertyValueSpecification\",\"valueRequired\":true,\"valueName\":\"search_term_string\"}}],\"inLanguage\":\"es\"},{\"@type\":\"Person\",\"@id\":\"https:\\\/\\\/www.caudete.org\\\/ayuntamiento\\\/#\\\/schema\\\/person\\\/cc646da9133078ee4d8dd47457947253\",\"name\":\"alcalde\",\"image\":{\"@type\":\"ImageObject\",\"inLanguage\":\"es\",\"@id\":\"https:\\\/\\\/secure.gravatar.com\\\/avatar\\\/84a817ba065b29ff08d666b215a215f5c79186a645ccb25b14a663d48a130f77?s=96&d=mm&r=g\",\"url\":\"https:\\\/\\\/secure.gravatar.com\\\/avatar\\\/84a817ba065b29ff08d666b215a215f5c79186a645ccb25b14a663d48a130f77?s=96&d=mm&r=g\",\"contentUrl\":\"https:\\\/\\\/secure.gravatar.com\\\/avatar\\\/84a817ba065b29ff08d666b215a215f5c79186a645ccb25b14a663d48a130f77?s=96&d=mm&r=g\",\"caption\":\"alcalde\"},\"url\":\"https:\\\/\\\/www.caudete.org\\\/ayuntamiento\\\/author\\\/alcalde\\\/\"}]}<\/script>\n<!-- \/ Yoast SEO plugin. -->","yoast_head_json":{"title":"Publicado el BANDO que rige las normas de la Masclet\u00e1 del 6 de Septiembre - MI Ayuntamiento de Caudete","description":"P\u00e1gina Oficial del Ayuntamiento de Caudete (Albacete)","robots":{"index":"index","follow":"follow","max-snippet":"max-snippet:-1","max-image-preview":"max-image-preview:large","max-video-preview":"max-video-preview:-1"},"canonical":"https:\/\/www.caudete.org\/ayuntamiento\/publicado-el-bando-que-rige-las-normas-de-la-mascleta-del-6-de-septiembre-2\/","og_locale":"es_ES","og_type":"article","og_title":"Publicado el BANDO que rige las normas de la Masclet\u00e1 del 6 de Septiembre - MI Ayuntamiento de Caudete","og_description":"P\u00e1gina Oficial del Ayuntamiento de Caudete (Albacete)","og_url":"https:\/\/www.caudete.org\/ayuntamiento\/publicado-el-bando-que-rige-las-normas-de-la-mascleta-del-6-de-septiembre-2\/","og_site_name":"MI Ayuntamiento de Caudete","article_publisher":"https:\/\/www.facebook.com\/ayuntamientocaudete\/","article_published_time":"2024-08-22T10:16:10+00:00","og_image":[{"width":612,"height":399,"url":"https:\/\/www.caudete.org\/ayuntamiento\/wp-content\/uploads\/2023\/08\/istockphoto-1211357536-612x612-1.jpg","type":"image\/jpeg"}],"author":"alcalde","twitter_card":"summary_large_image","twitter_misc":{"Escrito por":"alcalde","Tiempo de lectura":"3 minutos"},"schema":{"@context":"https:\/\/schema.org","@graph":[{"@type":"Article","@id":"https:\/\/www.caudete.org\/ayuntamiento\/publicado-el-bando-que-rige-las-normas-de-la-mascleta-del-6-de-septiembre-2\/#article","isPartOf":{"@id":"https:\/\/www.caudete.org\/ayuntamiento\/publicado-el-bando-que-rige-las-normas-de-la-mascleta-del-6-de-septiembre-2\/"},"author":{"name":"alcalde","@id":"https:\/\/www.caudete.org\/ayuntamiento\/#\/schema\/person\/cc646da9133078ee4d8dd47457947253"},"headline":"Publicado el BANDO que rige las normas de la Masclet\u00e1 del 6 de Septiembre","datePublished":"2024-08-22T10:16:10+00:00","mainEntityOfPage":{"@id":"https:\/\/www.caudete.org\/ayuntamiento\/publicado-el-bando-que-rige-las-normas-de-la-mascleta-del-6-de-septiembre-2\/"},"wordCount":456,"image":{"@id":"https:\/\/www.caudete.org\/ayuntamiento\/publicado-el-bando-que-rige-las-normas-de-la-mascleta-del-6-de-septiembre-2\/#primaryimage"},"thumbnailUrl":"https:\/\/www.caudete.org\/ayuntamiento\/wp-content\/uploads\/2023\/08\/istockphoto-1211357536-612x612-1.jpg","articleSection":["Fiestas"],"inLanguage":"es"},{"@type":"WebPage","@id":"https:\/\/www.caudete.org\/ayuntamiento\/publicado-el-bando-que-rige-las-normas-de-la-mascleta-del-6-de-septiembre-2\/","url":"https:\/\/www.caudete.org\/ayuntamiento\/publicado-el-bando-que-rige-las-normas-de-la-mascleta-del-6-de-septiembre-2\/","name":"Publicado el BANDO que rige las normas de la Masclet\u00e1 del 6 de Septiembre - MI Ayuntamiento de Caudete","isPartOf":{"@id":"https:\/\/www.caudete.org\/ayuntamiento\/#website"},"primaryImageOfPage":{"@id":"https:\/\/www.caudete.org\/ayuntamiento\/publicado-el-bando-que-rige-las-normas-de-la-mascleta-del-6-de-septiembre-2\/#primaryimage"},"image":{"@id":"https:\/\/www.caudete.org\/ayuntamiento\/publicado-el-bando-que-rige-las-normas-de-la-mascleta-del-6-de-septiembre-2\/#primaryimage"},"thumbnailUrl":"https:\/\/www.caudete.org\/ayuntamiento\/wp-content\/uploads\/2023\/08\/istockphoto-1211357536-612x612-1.jpg","datePublished":"2024-08-22T10:16:10+00:00","author":{"@id":"https:\/\/www.caudete.org\/ayuntamiento\/#\/schema\/person\/cc646da9133078ee4d8dd47457947253"},"description":"P\u00e1gina Oficial del Ayuntamiento de Caudete (Albacete)","breadcrumb":{"@id":"https:\/\/www.caudete.org\/ayuntamiento\/publicado-el-bando-que-rige-las-normas-de-la-mascleta-del-6-de-septiembre-2\/#breadcrumb"},"inLanguage":"es","potentialAction":[{"@type":"ReadAction","target":["https:\/\/www.caudete.org\/ayuntamiento\/publicado-el-bando-que-rige-las-normas-de-la-mascleta-del-6-de-septiembre-2\/"]}]},{"@type":"ImageObject","inLanguage":"es","@id":"https:\/\/www.caudete.org\/ayuntamiento\/publicado-el-bando-que-rige-las-normas-de-la-mascleta-del-6-de-septiembre-2\/#primaryimage","url":"https:\/\/www.caudete.org\/ayuntamiento\/wp-content\/uploads\/2023\/08\/istockphoto-1211357536-612x612-1.jpg","contentUrl":"https:\/\/www.caudete.org\/ayuntamiento\/wp-content\/uploads\/2023\/08\/istockphoto-1211357536-612x612-1.jpg","width":612,"height":399,"caption":"Many firecrackers ready for a Mascleta, a typical firework show in Fallas feast, in Denia, Spain."},{"@type":"BreadcrumbList","@id":"https:\/\/www.caudete.org\/ayuntamiento\/publicado-el-bando-que-rige-las-normas-de-la-mascleta-del-6-de-septiembre-2\/#breadcrumb","itemListElement":[{"@type":"ListItem","position":1,"name":"Inicio","item":"https:\/\/www.caudete.org\/ayuntamiento\/"},{"@type":"ListItem","position":2,"name":"Publicado el BANDO que rige las normas de la Masclet\u00e1 del 6 de Septiembre"}]},{"@type":"WebSite","@id":"https:\/\/www.caudete.org\/ayuntamiento\/#website","url":"https:\/\/www.caudete.org\/ayuntamiento\/","name":"MI Ayuntamiento de Caudete","description":"P\u00e1gina Oficial del MI Ayuntamiento de Caudete","potentialAction":[{"@type":"SearchAction","target":{"@type":"EntryPoint","urlTemplate":"https:\/\/www.caudete.org\/ayuntamiento\/?s={search_term_string}"},"query-input":{"@type":"PropertyValueSpecification","valueRequired":true,"valueName":"search_term_string"}}],"inLanguage":"es"},{"@type":"Person","@id":"https:\/\/www.caudete.org\/ayuntamiento\/#\/schema\/person\/cc646da9133078ee4d8dd47457947253","name":"alcalde","image":{"@type":"ImageObject","inLanguage":"es","@id":"https:\/\/secure.gravatar.com\/avatar\/84a817ba065b29ff08d666b215a215f5c79186a645ccb25b14a663d48a130f77?s=96&d=mm&r=g","url":"https:\/\/secure.gravatar.com\/avatar\/84a817ba065b29ff08d666b215a215f5c79186a645ccb25b14a663d48a130f77?s=96&d=mm&r=g","contentUrl":"https:\/\/secure.gravatar.com\/avatar\/84a817ba065b29ff08d666b215a215f5c79186a645ccb25b14a663d48a130f77?s=96&d=mm&r=g","caption":"alcalde"},"url":"https:\/\/www.caudete.org\/ayuntamiento\/author\/alcalde\/"}]}},"_links":{"self":[{"href":"https:\/\/www.caudete.org\/ayuntamiento\/wp-json\/wp\/v2\/posts\/25864","targetHints":{"allow":["GET"]}}],"collection":[{"href":"https:\/\/www.caudete.org\/ayuntamiento\/wp-json\/wp\/v2\/posts"}],"about":[{"href":"https:\/\/www.caudete.org\/ayuntamiento\/wp-json\/wp\/v2\/types\/post"}],"author":[{"embeddable":true,"href":"https:\/\/www.caudete.org\/ayuntamiento\/wp-json\/wp\/v2\/users\/3"}],"replies":[{"embeddable":true,"href":"https:\/\/www.caudete.org\/ayuntamiento\/wp-json\/wp\/v2\/comments?post=25864"}],"version-history":[{"count":1,"href":"https:\/\/www.caudete.org\/ayuntamiento\/wp-json\/wp\/v2\/posts\/25864\/revisions"}],"predecessor-version":[{"id":25865,"href":"https:\/\/www.caudete.org\/ayuntamiento\/wp-json\/wp\/v2\/posts\/25864\/revisions\/25865"}],"wp:featuredmedia":[{"embeddable":true,"href":"https:\/\/www.caudete.org\/ayuntamiento\/wp-json\/wp\/v2\/media\/23168"}],"wp:attachment":[{"href":"https:\/\/www.caudete.org\/ayuntamiento\/wp-json\/wp\/v2\/media?parent=25864"}],"wp:term":[{"taxonomy":"category","embeddable":true,"href":"https:\/\/www.caudete.org\/ayuntamiento\/wp-json\/wp\/v2\/categories?post=25864"},{"taxonomy":"post_tag","embeddable":true,"href":"https:\/\/www.caudete.org\/ayuntamiento\/wp-json\/wp\/v2\/tags?post=25864"}],"curies":[{"name":"wp","href":"https:\/\/api.w.org\/{rel}","templated":true}]}}