{"id":25880,"date":"2024-08-27T08:39:31","date_gmt":"2024-08-27T06:39:31","guid":{"rendered":"https:\/\/www.caudete.org\/ayuntamiento\/?p=25880"},"modified":"2024-08-27T09:55:37","modified_gmt":"2024-08-27T07:55:37","slug":"convocada-la-v-edicion-de-decora-tu-calle-engalana-caudete","status":"publish","type":"post","link":"https:\/\/www.caudete.org\/ayuntamiento\/convocada-la-v-edicion-de-decora-tu-calle-engalana-caudete\/","title":{"rendered":"Convocada la V Edici\u00f3n de &#8220;Decora tu Calle, engalana Caudete&#8221;"},"content":{"rendered":"<p style=\"text-align: justify;\">El Ayuntamiento de Caudete ha convocado un a\u00f1o m\u00e1s el Concurso de Decoraci\u00f3n de Calles de Caudete, que con motivo de las Fiestas Patronales de Moros y Cristianos del presente a\u00f1o 2024, alcanza su V edici\u00f3n bajo el lema <em>\u00abDecora tu Calle. Engalana Caudete\u00bb, <\/em>al que se podr\u00e1 acceder presentando solicitud de participacion hasta el martes 3 de Septiembre a las 12h del mediod\u00eda en el Ayuntamiento.<\/p>\n<p style=\"text-align: justify;\">A continuaci\u00f3n facilitamos literalmente las Bases que regir\u00e1n este concurso, pudi\u00e9ndose consultar las mismas as\u00ed como los formularios de inscripci\u00f3n, en el Tabl\u00f3n de Anuncios Municipal <a href=\"https:\/\/caudete.sedipualba.es\/tablondeanuncios\/anuncio.aspx?id=56899\" target=\"_blank\" rel=\"nofollow noopener\">o pinchando aqu\u00ed.<\/a><\/p>\n<p style=\"text-align: center;\"><span style=\"font-size: 14pt;\"><strong>BASES<\/strong><\/span><br \/>\n<span style=\"font-size: 14pt;\"><strong>V CONCURSO DECORACI\u00d3N DE CALLES FIESTAS PATRONALES 2024<\/strong><\/span><br \/>\n<span style=\"font-size: 14pt;\"><strong>\u201cDECORA TU CALLE, ENGALANA CAUDETE\u201d<\/strong><\/span><\/p>\n<p style=\"text-align: justify;\"><span style=\"text-decoration: underline;\"><strong>1. CONVOCATORIA<\/strong><\/span><\/p>\n<p style=\"text-align: justify;\">La Concejal\u00eda de Fiestas convoca el V Concurso de Decoraci\u00f3n de Calles de Caudete, con motivo de nuestras Fiestas Patronales de Moros y Cristianos del presente<br \/>\na\u00f1o 2024, bajo el lema \u201cDECORA TU CALLE, ENGALANA CAUDETE\u201d.<\/p>\n<p style=\"text-align: justify;\"><span style=\"text-decoration: underline;\"><strong>2. OBJETIVO<\/strong><\/span><\/p>\n<p style=\"text-align: justify;\">El objeto es fomentar la participaci\u00f3n ciudadana en el embellecimiento y ornamentaci\u00f3n de las fachadas, establecimientos, locales, calles, plazas y dem\u00e1s rincones singulares del municipio sean o no objeto de pasacalles, desfiles o procesiones, haciendo c\u00f3mplices a los ciudadanos de la localidad, para conseguir mediante el embellecimiento de nuestro pueblo potenciar su atractivo tur\u00edstico, as\u00ed como representar el aspecto art\u00edstico y el car\u00e1cter tradicional.<\/p>\n<p style=\"text-align: justify;\">Adem\u00e1s, mediante este concurso se pretende poner en valor la participaci\u00f3n ciudadana y la mejora de la relaci\u00f3n vecino entorno urbano y poder disfrutar todo, tanto vecinos como visitantes de nuestras calles engalanadas.<\/p>\n<p style=\"text-align: justify;\">Pueden entrar a formar parte del concurso las calles enteras o tramos de ellas. En caso de calles contiguas interesadas en agruparse, podr\u00e1n presentarse unidas siempre que la mayor\u00eda de los vecinos residentes apoyen la iniciativa.<\/p>\n<p style=\"text-align: justify;\"><span style=\"text-decoration: underline;\"><strong>3. PARTICIPANTES<\/strong><\/span><\/p>\n<p style=\"text-align: justify;\">Podr\u00e1n participar en el concurso todos los vecinos (agrupados por calles o tramos de \u00e9stas), comercios o negocios de la poblaci\u00f3n.<\/p>\n<p style=\"text-align: justify;\"><span style=\"text-decoration: underline;\"><strong>4. FORMA Y PLAZOS DE PRESENTACI\u00d3N DE INSTANCIAS<\/strong><\/span><\/p>\n<p style=\"text-align: justify;\">Las solicitudes para tomar parte en el presente concurso se dirigir\u00e1n al Sr. Alcalde-Presidente de la Corporaci\u00f3n, en el plazo comprendido a partir d el d\u00eda siguiente al de la publicaci\u00f3n del anuncio de la presente convocatoria en el Tabl\u00f3n de Anuncios del Ayuntamiento de Caudete, <strong>hasta el martes 3 de Septiembre de 2024 a las 12.00h. <\/strong><\/p>\n<p style=\"text-align: justify;\">Para la presentaci\u00f3n de participaci\u00f3n, los interesados utilizar\u00e1n la solicitud de inscripci\u00f3n adjunta a estas bases, que ser\u00e1 entregada presencialmente en el Registro General de Entrada de este Ayuntamiento, sito en la planta baja del mismo, en C\/ Mayor, 2, o a trav\u00e9s del registro de entrada de la sede electr\u00f3nica.<\/p>\n<p style=\"text-align: justify;\">Junto a la inscripci\u00f3n, se incorporar\u00e1 una carta de apoyo firmada por los interesados, donde se reconocer\u00e1 su delegaci\u00f3n en un representante vecinal, que ser\u00e1 la persona responsable de los tr\u00e1mites a seguir en el concurso. As\u00ed mismo, se indicar\u00e1 la necesidad o no de corte de calle para el montaje y la solicitud de autorizaci\u00f3n para la ocupaci\u00f3n del vuelo de las v\u00edas p\u00fablicas, como para el pintado sobre el asfalto (sin alterar ni obstaculizar se\u00f1alizaci\u00f3n horizontal, bordillos ni aceras), sin<br \/>\nque ello sea entendido como autorizado mientras el Ayuntamiento no se pronuncie a tal efecto.<\/p>\n<p style=\"text-align: justify;\">La participaci\u00f3n conlleva impl\u00edcita la autorizaci\u00f3n de ocupaci\u00f3n de la calle por el tiempo que se concrete en la inscripci\u00f3n y en su caso el corte de la calle, por lo que deber\u00e1 concretarse el tiempo de corte y de ocupaci\u00f3n estrictamente necesario.<\/p>\n<p style=\"text-align: justify;\">En el caso de que alguna calle solicite poder enganchar el alumbrado para el concurso al alumbrado p\u00fablico, la potencia m\u00e1xima ser\u00e1 de 1000 W y las luminarias ser\u00e1n tipo LED<\/p>\n<p style=\"text-align: justify;\"><span style=\"text-decoration: underline;\"><strong>5. MONTAJE<\/strong><\/span><\/p>\n<p style=\"text-align: justify;\">La tem\u00e1tica ser\u00e1 las Fiestas de Moros y Cristianos, y la composici\u00f3n de elementos, o propuestas de ornamentaci\u00f3n de las fachadas, interiores, rincones o espacios p\u00fablicos ser\u00e1 de libre elecci\u00f3n para los participantes.<\/p>\n<p style=\"text-align: justify;\">Los elementos decorativos se ubicaran sobre las fachadas, huecos de ventana, balcones aprovechando el vuelo de las v\u00edas p\u00fablicas o aceras, sin ocupar las v\u00edas de circulaci\u00f3n.<\/p>\n<p style=\"text-align: justify;\"><span style=\"text-decoration: underline;\"><strong>6. CORTES DE TR\u00c1FICO<\/strong><\/span><\/p>\n<p style=\"text-align: justify;\">&#8211; Calles, o tramos de ellas: las v\u00edas se cortaran al tr\u00e1fico \u00fanicamente para el montaje de la calle (si fuere necesario), siempre que as\u00ed se haya expresado en la hoja de inscripci\u00f3n y se tenga la pertinente autorizaci\u00f3n del Ayuntamiento, debiendo ser de obligado cumplimiento lo establecido en dicha autorizaci\u00f3n.<\/p>\n<p style=\"text-align: justify;\">El resto de los d\u00edas, las calles permanecer\u00e1n abiertas al tr\u00e1fico, no debiendo permanecer elemento decorativo alguno de manera que obstruya el tr\u00e1fico de veh\u00edculos o personas. La calle tambi\u00e9n permanecer\u00e1 cerrada el d\u00eda de la visita del Jurado.<\/p>\n<p style=\"text-align: justify;\">&#8211; Comercios: no se precisar\u00e1 de corte de calle salvo que solicite engalanar haciendo uso del vuelo<br \/>\nde la v\u00eda p\u00fablica, o del pavimento de la propia v\u00eda.<\/p>\n<p style=\"text-align: justify;\"><span style=\"text-decoration: underline;\"><strong>7. DURACI\u00d3N DE LA DECORACI\u00d3N<\/strong><\/span><\/p>\n<p style=\"text-align: justify;\">Desde el d\u00eda de la visita del jurado, hasta el 11 de septiembre.<\/p>\n<p style=\"text-align: justify;\"><span style=\"text-decoration: underline;\"><strong>8. RESPONSABILIDAD<\/strong><\/span><\/p>\n<p style=\"text-align: justify;\">En todo caso, el Ayuntamiento queda exonerado de las responsabilidades derivadas de cuantos posibles da\u00f1os materiales, f\u00edsicos o de cualquier otra naturaleza se pudieran producir a terceros con los trabajos de instalaci\u00f3n y montaje, as\u00ed como mientras dure la decoraci\u00f3n expuesta.<\/p>\n<p style=\"text-align: justify;\"><span style=\"text-decoration: underline;\"><strong>9. PREMIOS<\/strong><\/span><\/p>\n<p style=\"text-align: justify;\">Se establece el siguiente premio para la <strong>Categor\u00eda de Calles<\/strong>:<\/p>\n<p style=\"padding-left: 40px; text-align: justify;\"><em><strong>\u2022 PREMIO \u00daNICO <\/strong><\/em>a la calle con decoraci\u00f3n m\u00e1s festera y artesanal<em><strong>,<\/strong><\/em> dotado con un cheque por importe de 100\u20ac.<\/p>\n<p style=\"text-align: justify;\">Se establece el siguiente premio para la <em><strong>Categor\u00eda de Comercios<\/strong><\/em>:<\/p>\n<p style=\"padding-left: 40px; text-align: justify;\">\u2022 <em><strong>PREMIO \u00daNICO<\/strong><\/em>, dotado con un cheque por importe de 100\u20ac.<\/p>\n<p style=\"text-align: justify;\">El cr\u00e9dito presupuestario de los premios se imputa con cargo a la aplicaci\u00f3n presupuestaria 338.48000 del Presupuesto General 2024 (Presupuesto 2023 prorrogado).<\/p>\n<p style=\"text-align: justify;\"><span style=\"text-decoration: underline;\"><strong>10. JURADO<\/strong><\/span><\/p>\n<p style=\"text-align: justify;\">El jurado del Concurso estar\u00e1 formado de la siguiente forma, todos ellos con voz y voto:<br \/>\n\u2022 2 representantes del Ayuntamiento, designados por el Alcalde.<br \/>\n\u2022 1 representante de la Asociaci\u00f3n de Comparsas, designado por dicha instituci\u00f3n.<br \/>\n\u2022 2 personas ajenas a la organizaci\u00f3n y expertos en materias art\u00edsticas interdisciplinares (bellas artes, decoraci\u00f3n, manualidades), designadas por el Alcalde.<\/p>\n<p style=\"text-align: justify;\"><span style=\"text-decoration: underline;\"><strong>11. FALLO DEL JURADO<\/strong><\/span><\/p>\n<p style=\"text-align: justify;\">La visita del jurado a las calles, tramos de ellas o comercios que se hayan presentada se comunicar\u00e1 a los participantes una vez cerrado el plazo de inscripci\u00f3n al presente concurso.<br \/>\nLa valoraci\u00f3n final se realizar\u00e1 una vez visitadas todas las calles y comercios inscritos. Se har\u00e1 p\u00fablico el fallo de las Calles, tramos de ellas y Comercio ganadores del IV Concurso \u201cDecora Tu Calle, Engalana Caudete\u201d y se le comunicar\u00e1 a cada representante del premio otorgado.<\/p>\n<p style=\"text-align: justify;\"><span style=\"text-decoration: underline;\"><strong>12. CRITERIOS DE VALORACI\u00d3N<\/strong><\/span><\/p>\n<p style=\"text-align: justify;\">De 0 a 5 puntos \u2192 Originalidad en el tema escogido.<br \/>\nDe 0 a 10 puntos \u2192 Elementos a\u00e9reos.<br \/>\nDe 0 a 10 puntos \u2192 Aprovechamiento de medios, materiales reciclados y abaratamiento de los cortes de la actividad.<br \/>\nDe o a 10 puntos \u2192 Calidad y dificultad de los trabajos manuales.<br \/>\nDe 0 a 5 puntos \u2192 Elementos de fachadas.<br \/>\nDe 0 a 10 puntos \u2192 Decoraci\u00f3n de pavimento.<br \/>\nDe 0 a 3 puntos \u2192 Puesta en escena durante la visita a la calle.<\/p>\n<p style=\"text-align: justify;\"><span style=\"text-decoration: underline;\"><strong>13. ENTREGA DE PREMIOS<\/strong><\/span><\/p>\n<p style=\"text-align: justify;\">El Ayuntamiento publicar\u00e1 en los medios oficiales y a los participantes el lugar y horario de la entrega de dichos premios.<\/p>\n<p style=\"text-align: justify;\"><span style=\"text-decoration: underline;\"><strong>14. ACEPTACI\u00d3N DE LAS BASES<\/strong><\/span><\/p>\n<p style=\"text-align: justify;\">La participaci\u00f3n en el concurso implica por parte de los solicitantes la aceptaci\u00f3n y cumplimiento de las presentes bases. El incumplimiento de las mismas por parte de un participante supondr\u00e1 la descalificaci\u00f3n en el momento de la puntuaci\u00f3n y la imposibilidad de presentarse a futuras ediciones en caso de producirse una vez realizadas las visitas.<\/p>\n","protected":false},"excerpt":{"rendered":"<p>El Ayuntamiento de Caudete ha convocado un a\u00f1o m\u00e1s el Concurso de Decoraci\u00f3n de Calles de Caudete, que con motivo de las Fiestas Patronales de Moros y Cristianos del presente a\u00f1o 2024, alcanza su V edici\u00f3n bajo el lema \u00abDecora tu Calle. Engalana Caudete\u00bb, al que se podr\u00e1 acceder presentando solicitud de participacion hasta el &hellip;<\/p>\n","protected":false},"author":3,"featured_media":25881,"comment_status":"closed","ping_status":"open","sticky":false,"template":"","format":"standard","meta":{"ngg_post_thumbnail":0,"footnotes":""},"categories":[31],"tags":[],"class_list":["post-25880","post","type-post","status-publish","format-standard","has-post-thumbnail","hentry","category-fiestas"],"yoast_head":"<!-- This site is optimized with the Yoast SEO plugin v27.5 - https:\/\/yoast.com\/product\/yoast-seo-wordpress\/ -->\n<title>Convocada la V Edici\u00f3n de &quot;Decora tu Calle, engalana Caudete&quot; - MI Ayuntamiento de Caudete<\/title>\n<meta name=\"description\" content=\"P\u00e1gina Oficial del Ayuntamiento de Caudete (Albacete)\" \/>\n<meta name=\"robots\" content=\"index, follow, max-snippet:-1, max-image-preview:large, max-video-preview:-1\" \/>\n<link rel=\"canonical\" href=\"https:\/\/www.caudete.org\/ayuntamiento\/convocada-la-v-edicion-de-decora-tu-calle-engalana-caudete\/\" \/>\n<meta property=\"og:locale\" content=\"es_ES\" \/>\n<meta property=\"og:type\" content=\"article\" \/>\n<meta property=\"og:title\" content=\"Convocada la V Edici\u00f3n de &quot;Decora tu Calle, engalana Caudete&quot; - MI Ayuntamiento de Caudete\" \/>\n<meta property=\"og:description\" content=\"P\u00e1gina Oficial del Ayuntamiento de Caudete (Albacete)\" \/>\n<meta property=\"og:url\" content=\"https:\/\/www.caudete.org\/ayuntamiento\/convocada-la-v-edicion-de-decora-tu-calle-engalana-caudete\/\" \/>\n<meta property=\"og:site_name\" content=\"MI Ayuntamiento de Caudete\" \/>\n<meta property=\"article:publisher\" content=\"https:\/\/www.facebook.com\/ayuntamientocaudete\/\" \/>\n<meta property=\"article:published_time\" content=\"2024-08-27T06:39:31+00:00\" \/>\n<meta property=\"article:modified_time\" content=\"2024-08-27T07:55:37+00:00\" \/>\n<meta property=\"og:image\" content=\"https:\/\/www.caudete.org\/ayuntamiento\/wp-content\/uploads\/2024\/08\/fotoengalanacaudete.jpeg\" \/>\n\t<meta property=\"og:image:width\" content=\"900\" \/>\n\t<meta property=\"og:image:height\" content=\"600\" \/>\n\t<meta property=\"og:image:type\" content=\"image\/jpeg\" \/>\n<meta name=\"author\" content=\"alcalde\" \/>\n<meta name=\"twitter:card\" content=\"summary_large_image\" \/>\n<meta name=\"twitter:label1\" content=\"Escrito por\" \/>\n\t<meta name=\"twitter:data1\" content=\"alcalde\" \/>\n\t<meta name=\"twitter:label2\" content=\"Tiempo de lectura\" \/>\n\t<meta name=\"twitter:data2\" content=\"6 minutos\" \/>\n<script type=\"application\/ld+json\" class=\"yoast-schema-graph\">{\"@context\":\"https:\\\/\\\/schema.org\",\"@graph\":[{\"@type\":\"Article\",\"@id\":\"https:\\\/\\\/www.caudete.org\\\/ayuntamiento\\\/convocada-la-v-edicion-de-decora-tu-calle-engalana-caudete\\\/#article\",\"isPartOf\":{\"@id\":\"https:\\\/\\\/www.caudete.org\\\/ayuntamiento\\\/convocada-la-v-edicion-de-decora-tu-calle-engalana-caudete\\\/\"},\"author\":{\"name\":\"alcalde\",\"@id\":\"https:\\\/\\\/www.caudete.org\\\/ayuntamiento\\\/#\\\/schema\\\/person\\\/cc646da9133078ee4d8dd47457947253\"},\"headline\":\"Convocada la V Edici\u00f3n de &#8220;Decora tu Calle, engalana Caudete&#8221;\",\"datePublished\":\"2024-08-27T06:39:31+00:00\",\"dateModified\":\"2024-08-27T07:55:37+00:00\",\"mainEntityOfPage\":{\"@id\":\"https:\\\/\\\/www.caudete.org\\\/ayuntamiento\\\/convocada-la-v-edicion-de-decora-tu-calle-engalana-caudete\\\/\"},\"wordCount\":1295,\"image\":{\"@id\":\"https:\\\/\\\/www.caudete.org\\\/ayuntamiento\\\/convocada-la-v-edicion-de-decora-tu-calle-engalana-caudete\\\/#primaryimage\"},\"thumbnailUrl\":\"https:\\\/\\\/www.caudete.org\\\/ayuntamiento\\\/wp-content\\\/uploads\\\/2024\\\/08\\\/fotoengalanacaudete.jpeg\",\"articleSection\":[\"Fiestas\"],\"inLanguage\":\"es\"},{\"@type\":\"WebPage\",\"@id\":\"https:\\\/\\\/www.caudete.org\\\/ayuntamiento\\\/convocada-la-v-edicion-de-decora-tu-calle-engalana-caudete\\\/\",\"url\":\"https:\\\/\\\/www.caudete.org\\\/ayuntamiento\\\/convocada-la-v-edicion-de-decora-tu-calle-engalana-caudete\\\/\",\"name\":\"Convocada la V Edici\u00f3n de \\\"Decora tu Calle, engalana Caudete\\\" - MI Ayuntamiento de Caudete\",\"isPartOf\":{\"@id\":\"https:\\\/\\\/www.caudete.org\\\/ayuntamiento\\\/#website\"},\"primaryImageOfPage\":{\"@id\":\"https:\\\/\\\/www.caudete.org\\\/ayuntamiento\\\/convocada-la-v-edicion-de-decora-tu-calle-engalana-caudete\\\/#primaryimage\"},\"image\":{\"@id\":\"https:\\\/\\\/www.caudete.org\\\/ayuntamiento\\\/convocada-la-v-edicion-de-decora-tu-calle-engalana-caudete\\\/#primaryimage\"},\"thumbnailUrl\":\"https:\\\/\\\/www.caudete.org\\\/ayuntamiento\\\/wp-content\\\/uploads\\\/2024\\\/08\\\/fotoengalanacaudete.jpeg\",\"datePublished\":\"2024-08-27T06:39:31+00:00\",\"dateModified\":\"2024-08-27T07:55:37+00:00\",\"author\":{\"@id\":\"https:\\\/\\\/www.caudete.org\\\/ayuntamiento\\\/#\\\/schema\\\/person\\\/cc646da9133078ee4d8dd47457947253\"},\"description\":\"P\u00e1gina Oficial del Ayuntamiento de Caudete (Albacete)\",\"breadcrumb\":{\"@id\":\"https:\\\/\\\/www.caudete.org\\\/ayuntamiento\\\/convocada-la-v-edicion-de-decora-tu-calle-engalana-caudete\\\/#breadcrumb\"},\"inLanguage\":\"es\",\"potentialAction\":[{\"@type\":\"ReadAction\",\"target\":[\"https:\\\/\\\/www.caudete.org\\\/ayuntamiento\\\/convocada-la-v-edicion-de-decora-tu-calle-engalana-caudete\\\/\"]}]},{\"@type\":\"ImageObject\",\"inLanguage\":\"es\",\"@id\":\"https:\\\/\\\/www.caudete.org\\\/ayuntamiento\\\/convocada-la-v-edicion-de-decora-tu-calle-engalana-caudete\\\/#primaryimage\",\"url\":\"https:\\\/\\\/www.caudete.org\\\/ayuntamiento\\\/wp-content\\\/uploads\\\/2024\\\/08\\\/fotoengalanacaudete.jpeg\",\"contentUrl\":\"https:\\\/\\\/www.caudete.org\\\/ayuntamiento\\\/wp-content\\\/uploads\\\/2024\\\/08\\\/fotoengalanacaudete.jpeg\",\"width\":900,\"height\":600},{\"@type\":\"BreadcrumbList\",\"@id\":\"https:\\\/\\\/www.caudete.org\\\/ayuntamiento\\\/convocada-la-v-edicion-de-decora-tu-calle-engalana-caudete\\\/#breadcrumb\",\"itemListElement\":[{\"@type\":\"ListItem\",\"position\":1,\"name\":\"Inicio\",\"item\":\"https:\\\/\\\/www.caudete.org\\\/ayuntamiento\\\/\"},{\"@type\":\"ListItem\",\"position\":2,\"name\":\"Convocada la V Edici\u00f3n de &#8220;Decora tu Calle, engalana Caudete&#8221;\"}]},{\"@type\":\"WebSite\",\"@id\":\"https:\\\/\\\/www.caudete.org\\\/ayuntamiento\\\/#website\",\"url\":\"https:\\\/\\\/www.caudete.org\\\/ayuntamiento\\\/\",\"name\":\"MI Ayuntamiento de Caudete\",\"description\":\"P\u00e1gina Oficial del MI Ayuntamiento de Caudete\",\"potentialAction\":[{\"@type\":\"SearchAction\",\"target\":{\"@type\":\"EntryPoint\",\"urlTemplate\":\"https:\\\/\\\/www.caudete.org\\\/ayuntamiento\\\/?s={search_term_string}\"},\"query-input\":{\"@type\":\"PropertyValueSpecification\",\"valueRequired\":true,\"valueName\":\"search_term_string\"}}],\"inLanguage\":\"es\"},{\"@type\":\"Person\",\"@id\":\"https:\\\/\\\/www.caudete.org\\\/ayuntamiento\\\/#\\\/schema\\\/person\\\/cc646da9133078ee4d8dd47457947253\",\"name\":\"alcalde\",\"image\":{\"@type\":\"ImageObject\",\"inLanguage\":\"es\",\"@id\":\"https:\\\/\\\/secure.gravatar.com\\\/avatar\\\/84a817ba065b29ff08d666b215a215f5c79186a645ccb25b14a663d48a130f77?s=96&d=mm&r=g\",\"url\":\"https:\\\/\\\/secure.gravatar.com\\\/avatar\\\/84a817ba065b29ff08d666b215a215f5c79186a645ccb25b14a663d48a130f77?s=96&d=mm&r=g\",\"contentUrl\":\"https:\\\/\\\/secure.gravatar.com\\\/avatar\\\/84a817ba065b29ff08d666b215a215f5c79186a645ccb25b14a663d48a130f77?s=96&d=mm&r=g\",\"caption\":\"alcalde\"},\"url\":\"https:\\\/\\\/www.caudete.org\\\/ayuntamiento\\\/author\\\/alcalde\\\/\"}]}<\/script>\n<!-- \/ Yoast SEO plugin. -->","yoast_head_json":{"title":"Convocada la V Edici\u00f3n de \"Decora tu Calle, engalana Caudete\" - MI Ayuntamiento de Caudete","description":"P\u00e1gina Oficial del Ayuntamiento de Caudete (Albacete)","robots":{"index":"index","follow":"follow","max-snippet":"max-snippet:-1","max-image-preview":"max-image-preview:large","max-video-preview":"max-video-preview:-1"},"canonical":"https:\/\/www.caudete.org\/ayuntamiento\/convocada-la-v-edicion-de-decora-tu-calle-engalana-caudete\/","og_locale":"es_ES","og_type":"article","og_title":"Convocada la V Edici\u00f3n de \"Decora tu Calle, engalana Caudete\" - MI Ayuntamiento de Caudete","og_description":"P\u00e1gina Oficial del Ayuntamiento de Caudete (Albacete)","og_url":"https:\/\/www.caudete.org\/ayuntamiento\/convocada-la-v-edicion-de-decora-tu-calle-engalana-caudete\/","og_site_name":"MI Ayuntamiento de Caudete","article_publisher":"https:\/\/www.facebook.com\/ayuntamientocaudete\/","article_published_time":"2024-08-27T06:39:31+00:00","article_modified_time":"2024-08-27T07:55:37+00:00","og_image":[{"width":900,"height":600,"url":"https:\/\/www.caudete.org\/ayuntamiento\/wp-content\/uploads\/2024\/08\/fotoengalanacaudete.jpeg","type":"image\/jpeg"}],"author":"alcalde","twitter_card":"summary_large_image","twitter_misc":{"Escrito por":"alcalde","Tiempo de lectura":"6 minutos"},"schema":{"@context":"https:\/\/schema.org","@graph":[{"@type":"Article","@id":"https:\/\/www.caudete.org\/ayuntamiento\/convocada-la-v-edicion-de-decora-tu-calle-engalana-caudete\/#article","isPartOf":{"@id":"https:\/\/www.caudete.org\/ayuntamiento\/convocada-la-v-edicion-de-decora-tu-calle-engalana-caudete\/"},"author":{"name":"alcalde","@id":"https:\/\/www.caudete.org\/ayuntamiento\/#\/schema\/person\/cc646da9133078ee4d8dd47457947253"},"headline":"Convocada la V Edici\u00f3n de &#8220;Decora tu Calle, engalana Caudete&#8221;","datePublished":"2024-08-27T06:39:31+00:00","dateModified":"2024-08-27T07:55:37+00:00","mainEntityOfPage":{"@id":"https:\/\/www.caudete.org\/ayuntamiento\/convocada-la-v-edicion-de-decora-tu-calle-engalana-caudete\/"},"wordCount":1295,"image":{"@id":"https:\/\/www.caudete.org\/ayuntamiento\/convocada-la-v-edicion-de-decora-tu-calle-engalana-caudete\/#primaryimage"},"thumbnailUrl":"https:\/\/www.caudete.org\/ayuntamiento\/wp-content\/uploads\/2024\/08\/fotoengalanacaudete.jpeg","articleSection":["Fiestas"],"inLanguage":"es"},{"@type":"WebPage","@id":"https:\/\/www.caudete.org\/ayuntamiento\/convocada-la-v-edicion-de-decora-tu-calle-engalana-caudete\/","url":"https:\/\/www.caudete.org\/ayuntamiento\/convocada-la-v-edicion-de-decora-tu-calle-engalana-caudete\/","name":"Convocada la V Edici\u00f3n de \"Decora tu Calle, engalana Caudete\" - MI Ayuntamiento de Caudete","isPartOf":{"@id":"https:\/\/www.caudete.org\/ayuntamiento\/#website"},"primaryImageOfPage":{"@id":"https:\/\/www.caudete.org\/ayuntamiento\/convocada-la-v-edicion-de-decora-tu-calle-engalana-caudete\/#primaryimage"},"image":{"@id":"https:\/\/www.caudete.org\/ayuntamiento\/convocada-la-v-edicion-de-decora-tu-calle-engalana-caudete\/#primaryimage"},"thumbnailUrl":"https:\/\/www.caudete.org\/ayuntamiento\/wp-content\/uploads\/2024\/08\/fotoengalanacaudete.jpeg","datePublished":"2024-08-27T06:39:31+00:00","dateModified":"2024-08-27T07:55:37+00:00","author":{"@id":"https:\/\/www.caudete.org\/ayuntamiento\/#\/schema\/person\/cc646da9133078ee4d8dd47457947253"},"description":"P\u00e1gina Oficial del Ayuntamiento de Caudete (Albacete)","breadcrumb":{"@id":"https:\/\/www.caudete.org\/ayuntamiento\/convocada-la-v-edicion-de-decora-tu-calle-engalana-caudete\/#breadcrumb"},"inLanguage":"es","potentialAction":[{"@type":"ReadAction","target":["https:\/\/www.caudete.org\/ayuntamiento\/convocada-la-v-edicion-de-decora-tu-calle-engalana-caudete\/"]}]},{"@type":"ImageObject","inLanguage":"es","@id":"https:\/\/www.caudete.org\/ayuntamiento\/convocada-la-v-edicion-de-decora-tu-calle-engalana-caudete\/#primaryimage","url":"https:\/\/www.caudete.org\/ayuntamiento\/wp-content\/uploads\/2024\/08\/fotoengalanacaudete.jpeg","contentUrl":"https:\/\/www.caudete.org\/ayuntamiento\/wp-content\/uploads\/2024\/08\/fotoengalanacaudete.jpeg","width":900,"height":600},{"@type":"BreadcrumbList","@id":"https:\/\/www.caudete.org\/ayuntamiento\/convocada-la-v-edicion-de-decora-tu-calle-engalana-caudete\/#breadcrumb","itemListElement":[{"@type":"ListItem","position":1,"name":"Inicio","item":"https:\/\/www.caudete.org\/ayuntamiento\/"},{"@type":"ListItem","position":2,"name":"Convocada la V Edici\u00f3n de &#8220;Decora tu Calle, engalana Caudete&#8221;"}]},{"@type":"WebSite","@id":"https:\/\/www.caudete.org\/ayuntamiento\/#website","url":"https:\/\/www.caudete.org\/ayuntamiento\/","name":"MI Ayuntamiento de Caudete","description":"P\u00e1gina Oficial del MI Ayuntamiento de Caudete","potentialAction":[{"@type":"SearchAction","target":{"@type":"EntryPoint","urlTemplate":"https:\/\/www.caudete.org\/ayuntamiento\/?s={search_term_string}"},"query-input":{"@type":"PropertyValueSpecification","valueRequired":true,"valueName":"search_term_string"}}],"inLanguage":"es"},{"@type":"Person","@id":"https:\/\/www.caudete.org\/ayuntamiento\/#\/schema\/person\/cc646da9133078ee4d8dd47457947253","name":"alcalde","image":{"@type":"ImageObject","inLanguage":"es","@id":"https:\/\/secure.gravatar.com\/avatar\/84a817ba065b29ff08d666b215a215f5c79186a645ccb25b14a663d48a130f77?s=96&d=mm&r=g","url":"https:\/\/secure.gravatar.com\/avatar\/84a817ba065b29ff08d666b215a215f5c79186a645ccb25b14a663d48a130f77?s=96&d=mm&r=g","contentUrl":"https:\/\/secure.gravatar.com\/avatar\/84a817ba065b29ff08d666b215a215f5c79186a645ccb25b14a663d48a130f77?s=96&d=mm&r=g","caption":"alcalde"},"url":"https:\/\/www.caudete.org\/ayuntamiento\/author\/alcalde\/"}]}},"_links":{"self":[{"href":"https:\/\/www.caudete.org\/ayuntamiento\/wp-json\/wp\/v2\/posts\/25880","targetHints":{"allow":["GET"]}}],"collection":[{"href":"https:\/\/www.caudete.org\/ayuntamiento\/wp-json\/wp\/v2\/posts"}],"about":[{"href":"https:\/\/www.caudete.org\/ayuntamiento\/wp-json\/wp\/v2\/types\/post"}],"author":[{"embeddable":true,"href":"https:\/\/www.caudete.org\/ayuntamiento\/wp-json\/wp\/v2\/users\/3"}],"replies":[{"embeddable":true,"href":"https:\/\/www.caudete.org\/ayuntamiento\/wp-json\/wp\/v2\/comments?post=25880"}],"version-history":[{"count":2,"href":"https:\/\/www.caudete.org\/ayuntamiento\/wp-json\/wp\/v2\/posts\/25880\/revisions"}],"predecessor-version":[{"id":25887,"href":"https:\/\/www.caudete.org\/ayuntamiento\/wp-json\/wp\/v2\/posts\/25880\/revisions\/25887"}],"wp:featuredmedia":[{"embeddable":true,"href":"https:\/\/www.caudete.org\/ayuntamiento\/wp-json\/wp\/v2\/media\/25881"}],"wp:attachment":[{"href":"https:\/\/www.caudete.org\/ayuntamiento\/wp-json\/wp\/v2\/media?parent=25880"}],"wp:term":[{"taxonomy":"category","embeddable":true,"href":"https:\/\/www.caudete.org\/ayuntamiento\/wp-json\/wp\/v2\/categories?post=25880"},{"taxonomy":"post_tag","embeddable":true,"href":"https:\/\/www.caudete.org\/ayuntamiento\/wp-json\/wp\/v2\/tags?post=25880"}],"curies":[{"name":"wp","href":"https:\/\/api.w.org\/{rel}","templated":true}]}}