{"id":25905,"date":"2024-08-29T15:30:22","date_gmt":"2024-08-29T13:30:22","guid":{"rendered":"https:\/\/www.caudete.org\/ayuntamiento\/?p=25905"},"modified":"2024-08-29T15:30:22","modified_gmt":"2024-08-29T13:30:22","slug":"esta-manana-se-ha-realizado-la-junta-local-de-seguridad-previa-a-fiestas","status":"publish","type":"post","link":"https:\/\/www.caudete.org\/ayuntamiento\/esta-manana-se-ha-realizado-la-junta-local-de-seguridad-previa-a-fiestas\/","title":{"rendered":"Esta ma\u00f1ana se ha realizado la JUNTA LOCAL DE SEGURIDAD previa a Fiestas"},"content":{"rendered":"<p>El Subdelegado del Gobierno de Espa\u00f1a en Albacete, Miguel Juan Espinosa, presid\u00eda junto al Alcalde Mois\u00e9s L\u00f3pez la Junta de Local de Seguridad esta ma\u00f1ana en el Sal\u00f3n de Plenos. Esta se ha convocado, siguiendo la tradici\u00f3n, en la semana previa a las pr\u00f3ximas Fiestas Patronales para ultimar detalles relativos a las mismas.<\/p>\n<p>En un primer punto, se ha analizado la evoluci\u00f3n de seguridad ciudadana en la localidad desde la \u00faltima Junta celebrada por parte de Polic\u00eda Local y Guardia Civil, as\u00ed como la actual situaci\u00f3n de ambos cuerpos, intervenciones y tendencia de actuaciones y comisiones de delitos, destacando el descenso en esto \u00faltimo.<\/p>\n<p>Sin embargo y como es habitual, el grueso de la convocatoria era para los diferentes planes de seguridad por la celebraci\u00f3n de las Fiestas, donde existe un riguroso protocolo para los actos de reparto de p\u00f3lvora, disparo de avancarga, masclet\u00e1 y fuegos artificiales, as\u00ed como un repaso del resto de protocolos para los dem\u00e1s actos festeros y del ocio asociado a las Fiestas.<\/p>\n<p>Finalizaba la sesi\u00f3n con ruegos y preguntas, y con el agradecimiento del Subdelegado por la implicaci\u00f3n y colaboraci\u00f3n del Ayuntamiento y Polic\u00eda Local en materia de seguridad, deseando adem\u00e1s unas felices fiestas a los asistentes y al pueblo de Caudete.<\/p>\n","protected":false},"excerpt":{"rendered":"<p>El Subdelegado del Gobierno de Espa\u00f1a en Albacete, Miguel Juan Espinosa, presid\u00eda junto al Alcalde Mois\u00e9s L\u00f3pez la Junta de Local de Seguridad esta ma\u00f1ana en el Sal\u00f3n de Plenos. Esta se ha convocado, siguiendo la tradici\u00f3n, en la semana previa a las pr\u00f3ximas Fiestas Patronales para ultimar detalles relativos a las mismas. En un &hellip;<\/p>\n","protected":false},"author":3,"featured_media":25906,"comment_status":"closed","ping_status":"open","sticky":false,"template":"","format":"standard","meta":{"ngg_post_thumbnail":0,"footnotes":""},"categories":[852],"tags":[],"class_list":["post-25905","post","type-post","status-publish","format-standard","has-post-thumbnail","hentry","category-seguridad-ciudadana"],"yoast_head":"<!-- This site is optimized with the Yoast SEO plugin v27.5 - https:\/\/yoast.com\/product\/yoast-seo-wordpress\/ -->\n<title>Esta ma\u00f1ana se ha realizado la JUNTA LOCAL DE SEGURIDAD previa a Fiestas - MI Ayuntamiento de Caudete<\/title>\n<meta name=\"description\" content=\"P\u00e1gina Oficial del Ayuntamiento de Caudete (Albacete)\" \/>\n<meta name=\"robots\" content=\"index, follow, max-snippet:-1, max-image-preview:large, max-video-preview:-1\" \/>\n<link rel=\"canonical\" href=\"https:\/\/www.caudete.org\/ayuntamiento\/esta-manana-se-ha-realizado-la-junta-local-de-seguridad-previa-a-fiestas\/\" \/>\n<meta property=\"og:locale\" content=\"es_ES\" \/>\n<meta property=\"og:type\" content=\"article\" \/>\n<meta property=\"og:title\" content=\"Esta ma\u00f1ana se ha realizado la JUNTA LOCAL DE SEGURIDAD previa a Fiestas - MI Ayuntamiento de Caudete\" \/>\n<meta property=\"og:description\" content=\"P\u00e1gina Oficial del Ayuntamiento de Caudete (Albacete)\" \/>\n<meta property=\"og:url\" content=\"https:\/\/www.caudete.org\/ayuntamiento\/esta-manana-se-ha-realizado-la-junta-local-de-seguridad-previa-a-fiestas\/\" \/>\n<meta property=\"og:site_name\" content=\"MI Ayuntamiento de Caudete\" \/>\n<meta property=\"article:publisher\" content=\"https:\/\/www.facebook.com\/ayuntamientocaudete\/\" \/>\n<meta property=\"article:published_time\" content=\"2024-08-29T13:30:22+00:00\" \/>\n<meta property=\"og:image\" content=\"https:\/\/www.caudete.org\/ayuntamiento\/wp-content\/uploads\/2024\/08\/WhatsApp-Image-2024-08-29-at-15.25.46.jpeg\" \/>\n\t<meta property=\"og:image:width\" content=\"1058\" \/>\n\t<meta property=\"og:image:height\" content=\"614\" \/>\n\t<meta property=\"og:image:type\" content=\"image\/jpeg\" \/>\n<meta name=\"author\" content=\"alcalde\" \/>\n<meta name=\"twitter:card\" content=\"summary_large_image\" \/>\n<meta name=\"twitter:label1\" content=\"Escrito por\" \/>\n\t<meta name=\"twitter:data1\" content=\"alcalde\" \/>\n\t<meta name=\"twitter:label2\" content=\"Tiempo de lectura\" \/>\n\t<meta name=\"twitter:data2\" content=\"2 minutos\" \/>\n<script type=\"application\/ld+json\" class=\"yoast-schema-graph\">{\"@context\":\"https:\\\/\\\/schema.org\",\"@graph\":[{\"@type\":\"Article\",\"@id\":\"https:\\\/\\\/www.caudete.org\\\/ayuntamiento\\\/esta-manana-se-ha-realizado-la-junta-local-de-seguridad-previa-a-fiestas\\\/#article\",\"isPartOf\":{\"@id\":\"https:\\\/\\\/www.caudete.org\\\/ayuntamiento\\\/esta-manana-se-ha-realizado-la-junta-local-de-seguridad-previa-a-fiestas\\\/\"},\"author\":{\"name\":\"alcalde\",\"@id\":\"https:\\\/\\\/www.caudete.org\\\/ayuntamiento\\\/#\\\/schema\\\/person\\\/cc646da9133078ee4d8dd47457947253\"},\"headline\":\"Esta ma\u00f1ana se ha realizado la JUNTA LOCAL DE SEGURIDAD previa a Fiestas\",\"datePublished\":\"2024-08-29T13:30:22+00:00\",\"mainEntityOfPage\":{\"@id\":\"https:\\\/\\\/www.caudete.org\\\/ayuntamiento\\\/esta-manana-se-ha-realizado-la-junta-local-de-seguridad-previa-a-fiestas\\\/\"},\"wordCount\":240,\"image\":{\"@id\":\"https:\\\/\\\/www.caudete.org\\\/ayuntamiento\\\/esta-manana-se-ha-realizado-la-junta-local-de-seguridad-previa-a-fiestas\\\/#primaryimage\"},\"thumbnailUrl\":\"https:\\\/\\\/www.caudete.org\\\/ayuntamiento\\\/wp-content\\\/uploads\\\/2024\\\/08\\\/WhatsApp-Image-2024-08-29-at-15.25.46.jpeg\",\"articleSection\":[\"Seguridad Ciudadana\"],\"inLanguage\":\"es\"},{\"@type\":\"WebPage\",\"@id\":\"https:\\\/\\\/www.caudete.org\\\/ayuntamiento\\\/esta-manana-se-ha-realizado-la-junta-local-de-seguridad-previa-a-fiestas\\\/\",\"url\":\"https:\\\/\\\/www.caudete.org\\\/ayuntamiento\\\/esta-manana-se-ha-realizado-la-junta-local-de-seguridad-previa-a-fiestas\\\/\",\"name\":\"Esta ma\u00f1ana se ha realizado la JUNTA LOCAL DE SEGURIDAD previa a Fiestas - MI Ayuntamiento de Caudete\",\"isPartOf\":{\"@id\":\"https:\\\/\\\/www.caudete.org\\\/ayuntamiento\\\/#website\"},\"primaryImageOfPage\":{\"@id\":\"https:\\\/\\\/www.caudete.org\\\/ayuntamiento\\\/esta-manana-se-ha-realizado-la-junta-local-de-seguridad-previa-a-fiestas\\\/#primaryimage\"},\"image\":{\"@id\":\"https:\\\/\\\/www.caudete.org\\\/ayuntamiento\\\/esta-manana-se-ha-realizado-la-junta-local-de-seguridad-previa-a-fiestas\\\/#primaryimage\"},\"thumbnailUrl\":\"https:\\\/\\\/www.caudete.org\\\/ayuntamiento\\\/wp-content\\\/uploads\\\/2024\\\/08\\\/WhatsApp-Image-2024-08-29-at-15.25.46.jpeg\",\"datePublished\":\"2024-08-29T13:30:22+00:00\",\"author\":{\"@id\":\"https:\\\/\\\/www.caudete.org\\\/ayuntamiento\\\/#\\\/schema\\\/person\\\/cc646da9133078ee4d8dd47457947253\"},\"description\":\"P\u00e1gina Oficial del Ayuntamiento de Caudete (Albacete)\",\"breadcrumb\":{\"@id\":\"https:\\\/\\\/www.caudete.org\\\/ayuntamiento\\\/esta-manana-se-ha-realizado-la-junta-local-de-seguridad-previa-a-fiestas\\\/#breadcrumb\"},\"inLanguage\":\"es\",\"potentialAction\":[{\"@type\":\"ReadAction\",\"target\":[\"https:\\\/\\\/www.caudete.org\\\/ayuntamiento\\\/esta-manana-se-ha-realizado-la-junta-local-de-seguridad-previa-a-fiestas\\\/\"]}]},{\"@type\":\"ImageObject\",\"inLanguage\":\"es\",\"@id\":\"https:\\\/\\\/www.caudete.org\\\/ayuntamiento\\\/esta-manana-se-ha-realizado-la-junta-local-de-seguridad-previa-a-fiestas\\\/#primaryimage\",\"url\":\"https:\\\/\\\/www.caudete.org\\\/ayuntamiento\\\/wp-content\\\/uploads\\\/2024\\\/08\\\/WhatsApp-Image-2024-08-29-at-15.25.46.jpeg\",\"contentUrl\":\"https:\\\/\\\/www.caudete.org\\\/ayuntamiento\\\/wp-content\\\/uploads\\\/2024\\\/08\\\/WhatsApp-Image-2024-08-29-at-15.25.46.jpeg\",\"width\":1058,\"height\":614},{\"@type\":\"BreadcrumbList\",\"@id\":\"https:\\\/\\\/www.caudete.org\\\/ayuntamiento\\\/esta-manana-se-ha-realizado-la-junta-local-de-seguridad-previa-a-fiestas\\\/#breadcrumb\",\"itemListElement\":[{\"@type\":\"ListItem\",\"position\":1,\"name\":\"Inicio\",\"item\":\"https:\\\/\\\/www.caudete.org\\\/ayuntamiento\\\/\"},{\"@type\":\"ListItem\",\"position\":2,\"name\":\"Esta ma\u00f1ana se ha realizado la JUNTA LOCAL DE SEGURIDAD previa a Fiestas\"}]},{\"@type\":\"WebSite\",\"@id\":\"https:\\\/\\\/www.caudete.org\\\/ayuntamiento\\\/#website\",\"url\":\"https:\\\/\\\/www.caudete.org\\\/ayuntamiento\\\/\",\"name\":\"MI Ayuntamiento de Caudete\",\"description\":\"P\u00e1gina Oficial del MI Ayuntamiento de Caudete\",\"potentialAction\":[{\"@type\":\"SearchAction\",\"target\":{\"@type\":\"EntryPoint\",\"urlTemplate\":\"https:\\\/\\\/www.caudete.org\\\/ayuntamiento\\\/?s={search_term_string}\"},\"query-input\":{\"@type\":\"PropertyValueSpecification\",\"valueRequired\":true,\"valueName\":\"search_term_string\"}}],\"inLanguage\":\"es\"},{\"@type\":\"Person\",\"@id\":\"https:\\\/\\\/www.caudete.org\\\/ayuntamiento\\\/#\\\/schema\\\/person\\\/cc646da9133078ee4d8dd47457947253\",\"name\":\"alcalde\",\"image\":{\"@type\":\"ImageObject\",\"inLanguage\":\"es\",\"@id\":\"https:\\\/\\\/secure.gravatar.com\\\/avatar\\\/84a817ba065b29ff08d666b215a215f5c79186a645ccb25b14a663d48a130f77?s=96&d=mm&r=g\",\"url\":\"https:\\\/\\\/secure.gravatar.com\\\/avatar\\\/84a817ba065b29ff08d666b215a215f5c79186a645ccb25b14a663d48a130f77?s=96&d=mm&r=g\",\"contentUrl\":\"https:\\\/\\\/secure.gravatar.com\\\/avatar\\\/84a817ba065b29ff08d666b215a215f5c79186a645ccb25b14a663d48a130f77?s=96&d=mm&r=g\",\"caption\":\"alcalde\"},\"url\":\"https:\\\/\\\/www.caudete.org\\\/ayuntamiento\\\/author\\\/alcalde\\\/\"}]}<\/script>\n<!-- \/ Yoast SEO plugin. -->","yoast_head_json":{"title":"Esta ma\u00f1ana se ha realizado la JUNTA LOCAL DE SEGURIDAD previa a Fiestas - MI Ayuntamiento de Caudete","description":"P\u00e1gina Oficial del Ayuntamiento de Caudete (Albacete)","robots":{"index":"index","follow":"follow","max-snippet":"max-snippet:-1","max-image-preview":"max-image-preview:large","max-video-preview":"max-video-preview:-1"},"canonical":"https:\/\/www.caudete.org\/ayuntamiento\/esta-manana-se-ha-realizado-la-junta-local-de-seguridad-previa-a-fiestas\/","og_locale":"es_ES","og_type":"article","og_title":"Esta ma\u00f1ana se ha realizado la JUNTA LOCAL DE SEGURIDAD previa a Fiestas - MI Ayuntamiento de Caudete","og_description":"P\u00e1gina Oficial del Ayuntamiento de Caudete (Albacete)","og_url":"https:\/\/www.caudete.org\/ayuntamiento\/esta-manana-se-ha-realizado-la-junta-local-de-seguridad-previa-a-fiestas\/","og_site_name":"MI Ayuntamiento de Caudete","article_publisher":"https:\/\/www.facebook.com\/ayuntamientocaudete\/","article_published_time":"2024-08-29T13:30:22+00:00","og_image":[{"width":1058,"height":614,"url":"https:\/\/www.caudete.org\/ayuntamiento\/wp-content\/uploads\/2024\/08\/WhatsApp-Image-2024-08-29-at-15.25.46.jpeg","type":"image\/jpeg"}],"author":"alcalde","twitter_card":"summary_large_image","twitter_misc":{"Escrito por":"alcalde","Tiempo de lectura":"2 minutos"},"schema":{"@context":"https:\/\/schema.org","@graph":[{"@type":"Article","@id":"https:\/\/www.caudete.org\/ayuntamiento\/esta-manana-se-ha-realizado-la-junta-local-de-seguridad-previa-a-fiestas\/#article","isPartOf":{"@id":"https:\/\/www.caudete.org\/ayuntamiento\/esta-manana-se-ha-realizado-la-junta-local-de-seguridad-previa-a-fiestas\/"},"author":{"name":"alcalde","@id":"https:\/\/www.caudete.org\/ayuntamiento\/#\/schema\/person\/cc646da9133078ee4d8dd47457947253"},"headline":"Esta ma\u00f1ana se ha realizado la JUNTA LOCAL DE SEGURIDAD previa a Fiestas","datePublished":"2024-08-29T13:30:22+00:00","mainEntityOfPage":{"@id":"https:\/\/www.caudete.org\/ayuntamiento\/esta-manana-se-ha-realizado-la-junta-local-de-seguridad-previa-a-fiestas\/"},"wordCount":240,"image":{"@id":"https:\/\/www.caudete.org\/ayuntamiento\/esta-manana-se-ha-realizado-la-junta-local-de-seguridad-previa-a-fiestas\/#primaryimage"},"thumbnailUrl":"https:\/\/www.caudete.org\/ayuntamiento\/wp-content\/uploads\/2024\/08\/WhatsApp-Image-2024-08-29-at-15.25.46.jpeg","articleSection":["Seguridad Ciudadana"],"inLanguage":"es"},{"@type":"WebPage","@id":"https:\/\/www.caudete.org\/ayuntamiento\/esta-manana-se-ha-realizado-la-junta-local-de-seguridad-previa-a-fiestas\/","url":"https:\/\/www.caudete.org\/ayuntamiento\/esta-manana-se-ha-realizado-la-junta-local-de-seguridad-previa-a-fiestas\/","name":"Esta ma\u00f1ana se ha realizado la JUNTA LOCAL DE SEGURIDAD previa a Fiestas - MI Ayuntamiento de Caudete","isPartOf":{"@id":"https:\/\/www.caudete.org\/ayuntamiento\/#website"},"primaryImageOfPage":{"@id":"https:\/\/www.caudete.org\/ayuntamiento\/esta-manana-se-ha-realizado-la-junta-local-de-seguridad-previa-a-fiestas\/#primaryimage"},"image":{"@id":"https:\/\/www.caudete.org\/ayuntamiento\/esta-manana-se-ha-realizado-la-junta-local-de-seguridad-previa-a-fiestas\/#primaryimage"},"thumbnailUrl":"https:\/\/www.caudete.org\/ayuntamiento\/wp-content\/uploads\/2024\/08\/WhatsApp-Image-2024-08-29-at-15.25.46.jpeg","datePublished":"2024-08-29T13:30:22+00:00","author":{"@id":"https:\/\/www.caudete.org\/ayuntamiento\/#\/schema\/person\/cc646da9133078ee4d8dd47457947253"},"description":"P\u00e1gina Oficial del Ayuntamiento de Caudete (Albacete)","breadcrumb":{"@id":"https:\/\/www.caudete.org\/ayuntamiento\/esta-manana-se-ha-realizado-la-junta-local-de-seguridad-previa-a-fiestas\/#breadcrumb"},"inLanguage":"es","potentialAction":[{"@type":"ReadAction","target":["https:\/\/www.caudete.org\/ayuntamiento\/esta-manana-se-ha-realizado-la-junta-local-de-seguridad-previa-a-fiestas\/"]}]},{"@type":"ImageObject","inLanguage":"es","@id":"https:\/\/www.caudete.org\/ayuntamiento\/esta-manana-se-ha-realizado-la-junta-local-de-seguridad-previa-a-fiestas\/#primaryimage","url":"https:\/\/www.caudete.org\/ayuntamiento\/wp-content\/uploads\/2024\/08\/WhatsApp-Image-2024-08-29-at-15.25.46.jpeg","contentUrl":"https:\/\/www.caudete.org\/ayuntamiento\/wp-content\/uploads\/2024\/08\/WhatsApp-Image-2024-08-29-at-15.25.46.jpeg","width":1058,"height":614},{"@type":"BreadcrumbList","@id":"https:\/\/www.caudete.org\/ayuntamiento\/esta-manana-se-ha-realizado-la-junta-local-de-seguridad-previa-a-fiestas\/#breadcrumb","itemListElement":[{"@type":"ListItem","position":1,"name":"Inicio","item":"https:\/\/www.caudete.org\/ayuntamiento\/"},{"@type":"ListItem","position":2,"name":"Esta ma\u00f1ana se ha realizado la JUNTA LOCAL DE SEGURIDAD previa a Fiestas"}]},{"@type":"WebSite","@id":"https:\/\/www.caudete.org\/ayuntamiento\/#website","url":"https:\/\/www.caudete.org\/ayuntamiento\/","name":"MI Ayuntamiento de Caudete","description":"P\u00e1gina Oficial del MI Ayuntamiento de Caudete","potentialAction":[{"@type":"SearchAction","target":{"@type":"EntryPoint","urlTemplate":"https:\/\/www.caudete.org\/ayuntamiento\/?s={search_term_string}"},"query-input":{"@type":"PropertyValueSpecification","valueRequired":true,"valueName":"search_term_string"}}],"inLanguage":"es"},{"@type":"Person","@id":"https:\/\/www.caudete.org\/ayuntamiento\/#\/schema\/person\/cc646da9133078ee4d8dd47457947253","name":"alcalde","image":{"@type":"ImageObject","inLanguage":"es","@id":"https:\/\/secure.gravatar.com\/avatar\/84a817ba065b29ff08d666b215a215f5c79186a645ccb25b14a663d48a130f77?s=96&d=mm&r=g","url":"https:\/\/secure.gravatar.com\/avatar\/84a817ba065b29ff08d666b215a215f5c79186a645ccb25b14a663d48a130f77?s=96&d=mm&r=g","contentUrl":"https:\/\/secure.gravatar.com\/avatar\/84a817ba065b29ff08d666b215a215f5c79186a645ccb25b14a663d48a130f77?s=96&d=mm&r=g","caption":"alcalde"},"url":"https:\/\/www.caudete.org\/ayuntamiento\/author\/alcalde\/"}]}},"_links":{"self":[{"href":"https:\/\/www.caudete.org\/ayuntamiento\/wp-json\/wp\/v2\/posts\/25905","targetHints":{"allow":["GET"]}}],"collection":[{"href":"https:\/\/www.caudete.org\/ayuntamiento\/wp-json\/wp\/v2\/posts"}],"about":[{"href":"https:\/\/www.caudete.org\/ayuntamiento\/wp-json\/wp\/v2\/types\/post"}],"author":[{"embeddable":true,"href":"https:\/\/www.caudete.org\/ayuntamiento\/wp-json\/wp\/v2\/users\/3"}],"replies":[{"embeddable":true,"href":"https:\/\/www.caudete.org\/ayuntamiento\/wp-json\/wp\/v2\/comments?post=25905"}],"version-history":[{"count":1,"href":"https:\/\/www.caudete.org\/ayuntamiento\/wp-json\/wp\/v2\/posts\/25905\/revisions"}],"predecessor-version":[{"id":25907,"href":"https:\/\/www.caudete.org\/ayuntamiento\/wp-json\/wp\/v2\/posts\/25905\/revisions\/25907"}],"wp:featuredmedia":[{"embeddable":true,"href":"https:\/\/www.caudete.org\/ayuntamiento\/wp-json\/wp\/v2\/media\/25906"}],"wp:attachment":[{"href":"https:\/\/www.caudete.org\/ayuntamiento\/wp-json\/wp\/v2\/media?parent=25905"}],"wp:term":[{"taxonomy":"category","embeddable":true,"href":"https:\/\/www.caudete.org\/ayuntamiento\/wp-json\/wp\/v2\/categories?post=25905"},{"taxonomy":"post_tag","embeddable":true,"href":"https:\/\/www.caudete.org\/ayuntamiento\/wp-json\/wp\/v2\/tags?post=25905"}],"curies":[{"name":"wp","href":"https:\/\/api.w.org\/{rel}","templated":true}]}}