{"id":25913,"date":"2024-08-30T09:50:07","date_gmt":"2024-08-30T07:50:07","guid":{"rendered":"https:\/\/www.caudete.org\/ayuntamiento\/?p=25913"},"modified":"2024-08-30T09:51:34","modified_gmt":"2024-08-30T07:51:34","slug":"reunion-con-posibles-afectados-por-el-aforo-del-pozo-de-las-munecas-los-vinales","status":"publish","type":"post","link":"https:\/\/www.caudete.org\/ayuntamiento\/reunion-con-posibles-afectados-por-el-aforo-del-pozo-de-las-munecas-los-vinales\/","title":{"rendered":"Reuni\u00f3n con posibles afectados por el aforo del pozo de Las Mu\u00f1ecas (Los Vi\u00f1ales)"},"content":{"rendered":"<p>Como todos sab\u00e9is, una de las intenciones, incluso antes de que apareciese el problema de la radioactividad en el agua de Caudete, era adquirir dos pozos bien conocidos por los caudetanos, por el gran caudal y calidad de sus aguas, con los que tener reservas suficientes para hacer frente, durante los pr\u00f3ximos a\u00f1os, a la sequ\u00eda que nos afecta, me refiero a los pozos conocidos como el de Las Mu\u00f1ecas (Los Vi\u00f1ales) y el de la Torrecica.<\/p>\n<p>Bien, pues ha llegado el momento de poner a prueba la fiabilidad del primero de ellos, el de Las Mu\u00f1ecas, y para ello hay que hacer el aforo correspondiente que nos dar\u00e1 todos los datos referentes a este pozo y, l\u00f3gicamente, se realizar\u00e1n las anal\u00edticas correspondientes para asegurarnos que la calidad del agua es la deseada.<\/p>\n<p>El aforo consiste en estar durante 24h ininterrumpidas sacando agua del pozo para comprobar que tiene el aporte de agua necesario para que sea un pozo de confianza y duradero en el tiempo.<\/p>\n<p>Como este pozo ya estuvo trabajando, sabemos que, en su momento, pudo sacar 65L por segundo. Esto significa que en las 24h que dure el aforo, vamos a tirar al campo 5.600.000 litros de agua aproximadamente.<\/p>\n<p>La intenci\u00f3n es hacer el aforo de forma controlada para que ese agua sea beneficiosa para todos los propietarios de terrenos afectados, por eso hemos convocado una reuni\u00f3n mediante citaci\u00f3n escrita a cada unos de ellos, tambi\u00e9n por medios escritos (no se puede realizar por televisi\u00f3n por vacaciones del personal) para que acudan el pr\u00f3ximo d\u00eda 3 de septiembre a las 19h a la sala de prensa del MI Ayuntamiento (la que hay nada mas entrar a mano izquierda) donde debatiremos al respecto.<\/p>\n<p>Cuando sepamos la fecha exacta del aforo, se volver\u00e1 a comunicar y adem\u00e1s el Sr Alcalde publicar\u00e1 un bando al respecto.<\/p>\n<p>Permitid que insista una vez mas, para mejorar el servicio del agua necesitamos vuestra colaboraci\u00f3n, y que cuando surja un problema, de cualquier \u00edndole, os pong\u00e1is en contacto con nosotros llamando al siguiente tel\u00e9fono: 96 582 58 69 y con la mayor brevedad posible se os atender\u00e1.<\/p>\n<p style=\"text-align: center;\">Ahora tambi\u00e9n enviando vuestra foto o v\u00eddeo y ubicaci\u00f3n del problema por whatsapp al mismo tel\u00e9fono 965825869.<\/p>\n<p style=\"text-align: center;\">\u00a1\u00a1En la concejal\u00eda del Ciclo Integral del Agua nos esforzamos en dar un buen servicio y gestionar bien tu dinero!!<\/p>\n<p style=\"text-align: center;\"><strong>Comunicado de Jos\u00e9 Miguel Moll\u00e1 Nieto, <\/strong><br \/>\n<strong>concejal del Ciclo Integral del Agua<\/strong><\/p>\n","protected":false},"excerpt":{"rendered":"<p>Como todos sab\u00e9is, una de las intenciones, incluso antes de que apareciese el problema de la radioactividad en el agua de Caudete, era adquirir dos pozos bien conocidos por los caudetanos, por el gran caudal y calidad de sus aguas, con los que tener reservas suficientes para hacer frente, durante los pr\u00f3ximos a\u00f1os, a la &hellip;<\/p>\n","protected":false},"author":5,"featured_media":16555,"comment_status":"closed","ping_status":"open","sticky":false,"template":"","format":"standard","meta":{"ngg_post_thumbnail":0,"footnotes":""},"categories":[49],"tags":[],"class_list":["post-25913","post","type-post","status-publish","format-standard","has-post-thumbnail","hentry","category-ciclo-integral-del-agua"],"yoast_head":"<!-- This site is optimized with the Yoast SEO plugin v27.5 - https:\/\/yoast.com\/product\/yoast-seo-wordpress\/ -->\n<title>Reuni\u00f3n con posibles afectados por el aforo del pozo de Las Mu\u00f1ecas (Los Vi\u00f1ales) - MI Ayuntamiento de Caudete<\/title>\n<meta name=\"description\" content=\"P\u00e1gina Oficial del Ayuntamiento de Caudete (Albacete)\" \/>\n<meta name=\"robots\" content=\"index, follow, max-snippet:-1, max-image-preview:large, max-video-preview:-1\" \/>\n<link rel=\"canonical\" href=\"https:\/\/www.caudete.org\/ayuntamiento\/reunion-con-posibles-afectados-por-el-aforo-del-pozo-de-las-munecas-los-vinales\/\" \/>\n<meta property=\"og:locale\" content=\"es_ES\" \/>\n<meta property=\"og:type\" content=\"article\" \/>\n<meta property=\"og:title\" content=\"Reuni\u00f3n con posibles afectados por el aforo del pozo de Las Mu\u00f1ecas (Los Vi\u00f1ales) - MI Ayuntamiento de Caudete\" \/>\n<meta property=\"og:description\" content=\"P\u00e1gina Oficial del Ayuntamiento de Caudete (Albacete)\" \/>\n<meta property=\"og:url\" content=\"https:\/\/www.caudete.org\/ayuntamiento\/reunion-con-posibles-afectados-por-el-aforo-del-pozo-de-las-munecas-los-vinales\/\" \/>\n<meta property=\"og:site_name\" content=\"MI Ayuntamiento de Caudete\" \/>\n<meta property=\"article:publisher\" content=\"https:\/\/www.facebook.com\/ayuntamientocaudete\/\" \/>\n<meta property=\"article:published_time\" content=\"2024-08-30T07:50:07+00:00\" \/>\n<meta property=\"article:modified_time\" content=\"2024-08-30T07:51:34+00:00\" \/>\n<meta property=\"og:image\" content=\"https:\/\/www.caudete.org\/ayuntamiento\/wp-content\/uploads\/2021\/10\/agua.jpg\" \/>\n\t<meta property=\"og:image:width\" content=\"800\" \/>\n\t<meta property=\"og:image:height\" content=\"397\" \/>\n\t<meta property=\"og:image:type\" content=\"image\/jpeg\" \/>\n<meta name=\"author\" content=\"Dpto Informatica MI Ayuntamiento de Caudete\" \/>\n<meta name=\"twitter:card\" content=\"summary_large_image\" \/>\n<meta name=\"twitter:label1\" content=\"Escrito por\" \/>\n\t<meta name=\"twitter:data1\" content=\"Dpto Informatica MI Ayuntamiento de Caudete\" \/>\n\t<meta name=\"twitter:label2\" content=\"Tiempo de lectura\" \/>\n\t<meta name=\"twitter:data2\" content=\"3 minutos\" \/>\n<script type=\"application\/ld+json\" class=\"yoast-schema-graph\">{\"@context\":\"https:\\\/\\\/schema.org\",\"@graph\":[{\"@type\":\"Article\",\"@id\":\"https:\\\/\\\/www.caudete.org\\\/ayuntamiento\\\/reunion-con-posibles-afectados-por-el-aforo-del-pozo-de-las-munecas-los-vinales\\\/#article\",\"isPartOf\":{\"@id\":\"https:\\\/\\\/www.caudete.org\\\/ayuntamiento\\\/reunion-con-posibles-afectados-por-el-aforo-del-pozo-de-las-munecas-los-vinales\\\/\"},\"author\":{\"name\":\"Dpto Informatica MI Ayuntamiento de Caudete\",\"@id\":\"https:\\\/\\\/www.caudete.org\\\/ayuntamiento\\\/#\\\/schema\\\/person\\\/4b9eab41761957db9b1bf9c418d1ef46\"},\"headline\":\"Reuni\u00f3n con posibles afectados por el aforo del pozo de Las Mu\u00f1ecas (Los Vi\u00f1ales)\",\"datePublished\":\"2024-08-30T07:50:07+00:00\",\"dateModified\":\"2024-08-30T07:51:34+00:00\",\"mainEntityOfPage\":{\"@id\":\"https:\\\/\\\/www.caudete.org\\\/ayuntamiento\\\/reunion-con-posibles-afectados-por-el-aforo-del-pozo-de-las-munecas-los-vinales\\\/\"},\"wordCount\":438,\"image\":{\"@id\":\"https:\\\/\\\/www.caudete.org\\\/ayuntamiento\\\/reunion-con-posibles-afectados-por-el-aforo-del-pozo-de-las-munecas-los-vinales\\\/#primaryimage\"},\"thumbnailUrl\":\"https:\\\/\\\/www.caudete.org\\\/ayuntamiento\\\/wp-content\\\/uploads\\\/2021\\\/10\\\/agua.jpg\",\"articleSection\":[\"Ciclo Integral del Agua\"],\"inLanguage\":\"es\"},{\"@type\":\"WebPage\",\"@id\":\"https:\\\/\\\/www.caudete.org\\\/ayuntamiento\\\/reunion-con-posibles-afectados-por-el-aforo-del-pozo-de-las-munecas-los-vinales\\\/\",\"url\":\"https:\\\/\\\/www.caudete.org\\\/ayuntamiento\\\/reunion-con-posibles-afectados-por-el-aforo-del-pozo-de-las-munecas-los-vinales\\\/\",\"name\":\"Reuni\u00f3n con posibles afectados por el aforo del pozo de Las Mu\u00f1ecas (Los Vi\u00f1ales) - MI Ayuntamiento de Caudete\",\"isPartOf\":{\"@id\":\"https:\\\/\\\/www.caudete.org\\\/ayuntamiento\\\/#website\"},\"primaryImageOfPage\":{\"@id\":\"https:\\\/\\\/www.caudete.org\\\/ayuntamiento\\\/reunion-con-posibles-afectados-por-el-aforo-del-pozo-de-las-munecas-los-vinales\\\/#primaryimage\"},\"image\":{\"@id\":\"https:\\\/\\\/www.caudete.org\\\/ayuntamiento\\\/reunion-con-posibles-afectados-por-el-aforo-del-pozo-de-las-munecas-los-vinales\\\/#primaryimage\"},\"thumbnailUrl\":\"https:\\\/\\\/www.caudete.org\\\/ayuntamiento\\\/wp-content\\\/uploads\\\/2021\\\/10\\\/agua.jpg\",\"datePublished\":\"2024-08-30T07:50:07+00:00\",\"dateModified\":\"2024-08-30T07:51:34+00:00\",\"author\":{\"@id\":\"https:\\\/\\\/www.caudete.org\\\/ayuntamiento\\\/#\\\/schema\\\/person\\\/4b9eab41761957db9b1bf9c418d1ef46\"},\"description\":\"P\u00e1gina Oficial del Ayuntamiento de Caudete (Albacete)\",\"breadcrumb\":{\"@id\":\"https:\\\/\\\/www.caudete.org\\\/ayuntamiento\\\/reunion-con-posibles-afectados-por-el-aforo-del-pozo-de-las-munecas-los-vinales\\\/#breadcrumb\"},\"inLanguage\":\"es\",\"potentialAction\":[{\"@type\":\"ReadAction\",\"target\":[\"https:\\\/\\\/www.caudete.org\\\/ayuntamiento\\\/reunion-con-posibles-afectados-por-el-aforo-del-pozo-de-las-munecas-los-vinales\\\/\"]}]},{\"@type\":\"ImageObject\",\"inLanguage\":\"es\",\"@id\":\"https:\\\/\\\/www.caudete.org\\\/ayuntamiento\\\/reunion-con-posibles-afectados-por-el-aforo-del-pozo-de-las-munecas-los-vinales\\\/#primaryimage\",\"url\":\"https:\\\/\\\/www.caudete.org\\\/ayuntamiento\\\/wp-content\\\/uploads\\\/2021\\\/10\\\/agua.jpg\",\"contentUrl\":\"https:\\\/\\\/www.caudete.org\\\/ayuntamiento\\\/wp-content\\\/uploads\\\/2021\\\/10\\\/agua.jpg\",\"width\":800,\"height\":397,\"caption\":\"Corte agua\"},{\"@type\":\"BreadcrumbList\",\"@id\":\"https:\\\/\\\/www.caudete.org\\\/ayuntamiento\\\/reunion-con-posibles-afectados-por-el-aforo-del-pozo-de-las-munecas-los-vinales\\\/#breadcrumb\",\"itemListElement\":[{\"@type\":\"ListItem\",\"position\":1,\"name\":\"Inicio\",\"item\":\"https:\\\/\\\/www.caudete.org\\\/ayuntamiento\\\/\"},{\"@type\":\"ListItem\",\"position\":2,\"name\":\"Reuni\u00f3n con posibles afectados por el aforo del pozo de Las Mu\u00f1ecas (Los Vi\u00f1ales)\"}]},{\"@type\":\"WebSite\",\"@id\":\"https:\\\/\\\/www.caudete.org\\\/ayuntamiento\\\/#website\",\"url\":\"https:\\\/\\\/www.caudete.org\\\/ayuntamiento\\\/\",\"name\":\"MI Ayuntamiento de Caudete\",\"description\":\"P\u00e1gina Oficial del MI Ayuntamiento de Caudete\",\"potentialAction\":[{\"@type\":\"SearchAction\",\"target\":{\"@type\":\"EntryPoint\",\"urlTemplate\":\"https:\\\/\\\/www.caudete.org\\\/ayuntamiento\\\/?s={search_term_string}\"},\"query-input\":{\"@type\":\"PropertyValueSpecification\",\"valueRequired\":true,\"valueName\":\"search_term_string\"}}],\"inLanguage\":\"es\"},{\"@type\":\"Person\",\"@id\":\"https:\\\/\\\/www.caudete.org\\\/ayuntamiento\\\/#\\\/schema\\\/person\\\/4b9eab41761957db9b1bf9c418d1ef46\",\"name\":\"Dpto Informatica MI Ayuntamiento de Caudete\",\"image\":{\"@type\":\"ImageObject\",\"inLanguage\":\"es\",\"@id\":\"https:\\\/\\\/secure.gravatar.com\\\/avatar\\\/ac0321ee4a0a83e82a253e7b2d348ef539e2c8fe16d06b600bde04de1b364fa7?s=96&d=mm&r=g\",\"url\":\"https:\\\/\\\/secure.gravatar.com\\\/avatar\\\/ac0321ee4a0a83e82a253e7b2d348ef539e2c8fe16d06b600bde04de1b364fa7?s=96&d=mm&r=g\",\"contentUrl\":\"https:\\\/\\\/secure.gravatar.com\\\/avatar\\\/ac0321ee4a0a83e82a253e7b2d348ef539e2c8fe16d06b600bde04de1b364fa7?s=96&d=mm&r=g\",\"caption\":\"Dpto Informatica MI Ayuntamiento de Caudete\"},\"url\":\"https:\\\/\\\/www.caudete.org\\\/ayuntamiento\\\/author\\\/informatica\\\/\"}]}<\/script>\n<!-- \/ Yoast SEO plugin. -->","yoast_head_json":{"title":"Reuni\u00f3n con posibles afectados por el aforo del pozo de Las Mu\u00f1ecas (Los Vi\u00f1ales) - MI Ayuntamiento de Caudete","description":"P\u00e1gina Oficial del Ayuntamiento de Caudete (Albacete)","robots":{"index":"index","follow":"follow","max-snippet":"max-snippet:-1","max-image-preview":"max-image-preview:large","max-video-preview":"max-video-preview:-1"},"canonical":"https:\/\/www.caudete.org\/ayuntamiento\/reunion-con-posibles-afectados-por-el-aforo-del-pozo-de-las-munecas-los-vinales\/","og_locale":"es_ES","og_type":"article","og_title":"Reuni\u00f3n con posibles afectados por el aforo del pozo de Las Mu\u00f1ecas (Los Vi\u00f1ales) - MI Ayuntamiento de Caudete","og_description":"P\u00e1gina Oficial del Ayuntamiento de Caudete (Albacete)","og_url":"https:\/\/www.caudete.org\/ayuntamiento\/reunion-con-posibles-afectados-por-el-aforo-del-pozo-de-las-munecas-los-vinales\/","og_site_name":"MI Ayuntamiento de Caudete","article_publisher":"https:\/\/www.facebook.com\/ayuntamientocaudete\/","article_published_time":"2024-08-30T07:50:07+00:00","article_modified_time":"2024-08-30T07:51:34+00:00","og_image":[{"width":800,"height":397,"url":"https:\/\/www.caudete.org\/ayuntamiento\/wp-content\/uploads\/2021\/10\/agua.jpg","type":"image\/jpeg"}],"author":"Dpto Informatica MI Ayuntamiento de Caudete","twitter_card":"summary_large_image","twitter_misc":{"Escrito por":"Dpto Informatica MI Ayuntamiento de Caudete","Tiempo de lectura":"3 minutos"},"schema":{"@context":"https:\/\/schema.org","@graph":[{"@type":"Article","@id":"https:\/\/www.caudete.org\/ayuntamiento\/reunion-con-posibles-afectados-por-el-aforo-del-pozo-de-las-munecas-los-vinales\/#article","isPartOf":{"@id":"https:\/\/www.caudete.org\/ayuntamiento\/reunion-con-posibles-afectados-por-el-aforo-del-pozo-de-las-munecas-los-vinales\/"},"author":{"name":"Dpto Informatica MI Ayuntamiento de Caudete","@id":"https:\/\/www.caudete.org\/ayuntamiento\/#\/schema\/person\/4b9eab41761957db9b1bf9c418d1ef46"},"headline":"Reuni\u00f3n con posibles afectados por el aforo del pozo de Las Mu\u00f1ecas (Los Vi\u00f1ales)","datePublished":"2024-08-30T07:50:07+00:00","dateModified":"2024-08-30T07:51:34+00:00","mainEntityOfPage":{"@id":"https:\/\/www.caudete.org\/ayuntamiento\/reunion-con-posibles-afectados-por-el-aforo-del-pozo-de-las-munecas-los-vinales\/"},"wordCount":438,"image":{"@id":"https:\/\/www.caudete.org\/ayuntamiento\/reunion-con-posibles-afectados-por-el-aforo-del-pozo-de-las-munecas-los-vinales\/#primaryimage"},"thumbnailUrl":"https:\/\/www.caudete.org\/ayuntamiento\/wp-content\/uploads\/2021\/10\/agua.jpg","articleSection":["Ciclo Integral del Agua"],"inLanguage":"es"},{"@type":"WebPage","@id":"https:\/\/www.caudete.org\/ayuntamiento\/reunion-con-posibles-afectados-por-el-aforo-del-pozo-de-las-munecas-los-vinales\/","url":"https:\/\/www.caudete.org\/ayuntamiento\/reunion-con-posibles-afectados-por-el-aforo-del-pozo-de-las-munecas-los-vinales\/","name":"Reuni\u00f3n con posibles afectados por el aforo del pozo de Las Mu\u00f1ecas (Los Vi\u00f1ales) - MI Ayuntamiento de Caudete","isPartOf":{"@id":"https:\/\/www.caudete.org\/ayuntamiento\/#website"},"primaryImageOfPage":{"@id":"https:\/\/www.caudete.org\/ayuntamiento\/reunion-con-posibles-afectados-por-el-aforo-del-pozo-de-las-munecas-los-vinales\/#primaryimage"},"image":{"@id":"https:\/\/www.caudete.org\/ayuntamiento\/reunion-con-posibles-afectados-por-el-aforo-del-pozo-de-las-munecas-los-vinales\/#primaryimage"},"thumbnailUrl":"https:\/\/www.caudete.org\/ayuntamiento\/wp-content\/uploads\/2021\/10\/agua.jpg","datePublished":"2024-08-30T07:50:07+00:00","dateModified":"2024-08-30T07:51:34+00:00","author":{"@id":"https:\/\/www.caudete.org\/ayuntamiento\/#\/schema\/person\/4b9eab41761957db9b1bf9c418d1ef46"},"description":"P\u00e1gina Oficial del Ayuntamiento de Caudete (Albacete)","breadcrumb":{"@id":"https:\/\/www.caudete.org\/ayuntamiento\/reunion-con-posibles-afectados-por-el-aforo-del-pozo-de-las-munecas-los-vinales\/#breadcrumb"},"inLanguage":"es","potentialAction":[{"@type":"ReadAction","target":["https:\/\/www.caudete.org\/ayuntamiento\/reunion-con-posibles-afectados-por-el-aforo-del-pozo-de-las-munecas-los-vinales\/"]}]},{"@type":"ImageObject","inLanguage":"es","@id":"https:\/\/www.caudete.org\/ayuntamiento\/reunion-con-posibles-afectados-por-el-aforo-del-pozo-de-las-munecas-los-vinales\/#primaryimage","url":"https:\/\/www.caudete.org\/ayuntamiento\/wp-content\/uploads\/2021\/10\/agua.jpg","contentUrl":"https:\/\/www.caudete.org\/ayuntamiento\/wp-content\/uploads\/2021\/10\/agua.jpg","width":800,"height":397,"caption":"Corte agua"},{"@type":"BreadcrumbList","@id":"https:\/\/www.caudete.org\/ayuntamiento\/reunion-con-posibles-afectados-por-el-aforo-del-pozo-de-las-munecas-los-vinales\/#breadcrumb","itemListElement":[{"@type":"ListItem","position":1,"name":"Inicio","item":"https:\/\/www.caudete.org\/ayuntamiento\/"},{"@type":"ListItem","position":2,"name":"Reuni\u00f3n con posibles afectados por el aforo del pozo de Las Mu\u00f1ecas (Los Vi\u00f1ales)"}]},{"@type":"WebSite","@id":"https:\/\/www.caudete.org\/ayuntamiento\/#website","url":"https:\/\/www.caudete.org\/ayuntamiento\/","name":"MI Ayuntamiento de Caudete","description":"P\u00e1gina Oficial del MI Ayuntamiento de Caudete","potentialAction":[{"@type":"SearchAction","target":{"@type":"EntryPoint","urlTemplate":"https:\/\/www.caudete.org\/ayuntamiento\/?s={search_term_string}"},"query-input":{"@type":"PropertyValueSpecification","valueRequired":true,"valueName":"search_term_string"}}],"inLanguage":"es"},{"@type":"Person","@id":"https:\/\/www.caudete.org\/ayuntamiento\/#\/schema\/person\/4b9eab41761957db9b1bf9c418d1ef46","name":"Dpto Informatica MI Ayuntamiento de Caudete","image":{"@type":"ImageObject","inLanguage":"es","@id":"https:\/\/secure.gravatar.com\/avatar\/ac0321ee4a0a83e82a253e7b2d348ef539e2c8fe16d06b600bde04de1b364fa7?s=96&d=mm&r=g","url":"https:\/\/secure.gravatar.com\/avatar\/ac0321ee4a0a83e82a253e7b2d348ef539e2c8fe16d06b600bde04de1b364fa7?s=96&d=mm&r=g","contentUrl":"https:\/\/secure.gravatar.com\/avatar\/ac0321ee4a0a83e82a253e7b2d348ef539e2c8fe16d06b600bde04de1b364fa7?s=96&d=mm&r=g","caption":"Dpto Informatica MI Ayuntamiento de Caudete"},"url":"https:\/\/www.caudete.org\/ayuntamiento\/author\/informatica\/"}]}},"_links":{"self":[{"href":"https:\/\/www.caudete.org\/ayuntamiento\/wp-json\/wp\/v2\/posts\/25913","targetHints":{"allow":["GET"]}}],"collection":[{"href":"https:\/\/www.caudete.org\/ayuntamiento\/wp-json\/wp\/v2\/posts"}],"about":[{"href":"https:\/\/www.caudete.org\/ayuntamiento\/wp-json\/wp\/v2\/types\/post"}],"author":[{"embeddable":true,"href":"https:\/\/www.caudete.org\/ayuntamiento\/wp-json\/wp\/v2\/users\/5"}],"replies":[{"embeddable":true,"href":"https:\/\/www.caudete.org\/ayuntamiento\/wp-json\/wp\/v2\/comments?post=25913"}],"version-history":[{"count":3,"href":"https:\/\/www.caudete.org\/ayuntamiento\/wp-json\/wp\/v2\/posts\/25913\/revisions"}],"predecessor-version":[{"id":25916,"href":"https:\/\/www.caudete.org\/ayuntamiento\/wp-json\/wp\/v2\/posts\/25913\/revisions\/25916"}],"wp:featuredmedia":[{"embeddable":true,"href":"https:\/\/www.caudete.org\/ayuntamiento\/wp-json\/wp\/v2\/media\/16555"}],"wp:attachment":[{"href":"https:\/\/www.caudete.org\/ayuntamiento\/wp-json\/wp\/v2\/media?parent=25913"}],"wp:term":[{"taxonomy":"category","embeddable":true,"href":"https:\/\/www.caudete.org\/ayuntamiento\/wp-json\/wp\/v2\/categories?post=25913"},{"taxonomy":"post_tag","embeddable":true,"href":"https:\/\/www.caudete.org\/ayuntamiento\/wp-json\/wp\/v2\/tags?post=25913"}],"curies":[{"name":"wp","href":"https:\/\/api.w.org\/{rel}","templated":true}]}}