{"id":25988,"date":"2024-09-05T17:34:45","date_gmt":"2024-09-05T15:34:45","guid":{"rendered":"https:\/\/www.caudete.org\/ayuntamiento\/?p=25988"},"modified":"2024-09-12T09:22:44","modified_gmt":"2024-09-12T07:22:44","slug":"convocada-una-bolsa-de-funcionario-interino-de-arquitecto-tecnico","status":"publish","type":"post","link":"https:\/\/www.caudete.org\/ayuntamiento\/convocada-una-bolsa-de-funcionario-interino-de-arquitecto-tecnico\/","title":{"rendered":"Convocada una Bolsa de funcionario interino de Arquitecto Tecnico"},"content":{"rendered":"<p style=\"text-align: justify;\">El Alcalde Mois\u00e9s L\u00f3pez ha informado de la convocatoria de una Bolsa de Trabajo de funcionario interino de Arquitecto Tecnico, toda vez que las Bases Reguladoras han quedado publicadas en el Tabl\u00f3n de Anuncios Municipal.<\/p>\n<p style=\"text-align: justify;\">\u00c9stas, fueron negociadas en Mesa General de Negociaci\u00f3n, y aprobadas por unanimidad entre representantes de los trabajadores y la direcci\u00f3n (Alcalde y Concejal de RRHH), tras ser elaboradas por los Servicios T\u00e9cnicos, Juridicos y Laborales. Igualmente, la Junta de Gobierno Local celebrada el pasado lunes 2 de Septiembre acordaba igualmente por unanimidad sus Bases y Convocatoria.<\/p>\n<p style=\"text-align: justify;\">El plazo de solicitud para los interesados es de 10 d\u00edas h\u00e1biles, siendo por tanto el \u00faltimo d\u00eda el viernes 20 de Septiembre, siguiendo las indicaciones especificadas en las bases en cuanto a documentacion a presentar, asi como el pago de las tasas oficiales.<\/p>\n<p style=\"text-align: justify;\">La necesidad de cobertura surge para poder cubrir las eventualidades que se puedan producir en un futuro en el Consistorio caudetano.<\/p>\n<p style=\"text-align: justify;\">El puesto a cubrir es de funcionario interino, categor\u00eda A2, y la bolsa tendr\u00e1 una duraci\u00f3n m\u00e1xima de 3 a\u00f1os o hasta cubrir la plaza mediante proceso selectivo como funcionario de carrera.<\/p>\n<p style=\"text-align: justify;\">El proceso de selecci\u00f3n fijado en esta convocatoria consta de:<\/p>\n<p style=\"text-align: justify;\"><span style=\"text-decoration: underline;\"><strong>1. FASE DE OPOSICI\u00d3N: (70 puntos)<\/strong><\/span><\/p>\n<p style=\"text-align: justify;\">1.1. PRIMER EJERCICIO: CUESTIONARIO TIPO TEST (Obligatorio y eliminatorio). 0 a 30 puntos.<\/p>\n<p style=\"text-align: justify;\">1.2. SEGUNDO EJERCICIO: SUPUESTO TE\u00d3RICO-PR\u00c1CTICO. (Obligatorio y eliminatorio) 0 a 40 puntos.<\/p>\n<p style=\"text-align: justify;\"><span style=\"text-decoration: underline;\"><strong>2. FASE CONCURSO: (30 puntos)<\/strong><\/span><\/p>\n<p style=\"text-align: justify;\">2.1. FORMACI\u00d3N: Hasta un m\u00e1ximo de 15 puntos de acuerdo (seg\u00fan baremo)<\/p>\n<p style=\"text-align: justify;\">2.2. EXPERIENCIA: Hasta un m\u00e1ximo de 15 puntos (seg\u00fan baremo).<\/p>\n<p style=\"text-align: justify;\">Los aspirantes que hayan superado la fase de oposici\u00f3n se les aplicar\u00e1 la puntuaci\u00f3n obtenida en la fase de concurso. La puntuaci\u00f3n final ser\u00e1 aquella obtenida de la suma de los dos ejercicios que forman la fase de oposici\u00f3n m\u00e1s la puntuaci\u00f3n establecida para la fase de concurso. La calificaci\u00f3n final que no podr\u00e1 ser superior a 100 puntos, ser\u00e1 la suma de los puntos obtenidos en la fase de oposici\u00f3n y la obtenida en la fase de concurso.<\/p>\n","protected":false},"excerpt":{"rendered":"<p>El Alcalde Mois\u00e9s L\u00f3pez ha informado de la convocatoria de una Bolsa de Trabajo de funcionario interino de Arquitecto Tecnico, toda vez que las Bases Reguladoras han quedado publicadas en el Tabl\u00f3n de Anuncios Municipal. \u00c9stas, fueron negociadas en Mesa General de Negociaci\u00f3n, y aprobadas por unanimidad entre representantes de los trabajadores y la direcci\u00f3n &hellip;<\/p>\n","protected":false},"author":3,"featured_media":25989,"comment_status":"closed","ping_status":"open","sticky":false,"template":"","format":"standard","meta":{"ngg_post_thumbnail":0,"footnotes":""},"categories":[33],"tags":[],"class_list":["post-25988","post","type-post","status-publish","format-standard","has-post-thumbnail","hentry","category-recursos-humanos"],"yoast_head":"<!-- This site is optimized with the Yoast SEO plugin v27.5 - https:\/\/yoast.com\/product\/yoast-seo-wordpress\/ -->\n<title>Convocada una Bolsa de funcionario interino de Arquitecto Tecnico - MI Ayuntamiento de Caudete<\/title>\n<meta name=\"description\" content=\"P\u00e1gina Oficial del Ayuntamiento de Caudete (Albacete)\" \/>\n<meta name=\"robots\" content=\"index, follow, max-snippet:-1, max-image-preview:large, max-video-preview:-1\" \/>\n<link rel=\"canonical\" href=\"https:\/\/www.caudete.org\/ayuntamiento\/convocada-una-bolsa-de-funcionario-interino-de-arquitecto-tecnico\/\" \/>\n<meta property=\"og:locale\" content=\"es_ES\" \/>\n<meta property=\"og:type\" content=\"article\" \/>\n<meta property=\"og:title\" content=\"Convocada una Bolsa de funcionario interino de Arquitecto Tecnico - MI Ayuntamiento de Caudete\" \/>\n<meta property=\"og:description\" content=\"P\u00e1gina Oficial del Ayuntamiento de Caudete (Albacete)\" \/>\n<meta property=\"og:url\" content=\"https:\/\/www.caudete.org\/ayuntamiento\/convocada-una-bolsa-de-funcionario-interino-de-arquitecto-tecnico\/\" \/>\n<meta property=\"og:site_name\" content=\"MI Ayuntamiento de Caudete\" \/>\n<meta property=\"article:publisher\" content=\"https:\/\/www.facebook.com\/ayuntamientocaudete\/\" \/>\n<meta property=\"article:published_time\" content=\"2024-09-05T15:34:45+00:00\" \/>\n<meta property=\"article:modified_time\" content=\"2024-09-12T07:22:44+00:00\" \/>\n<meta property=\"og:image\" content=\"https:\/\/www.caudete.org\/ayuntamiento\/wp-content\/uploads\/2024\/09\/IMG_20240905_171020.jpg\" \/>\n\t<meta property=\"og:image:width\" content=\"1024\" \/>\n\t<meta property=\"og:image:height\" content=\"723\" \/>\n\t<meta property=\"og:image:type\" content=\"image\/jpeg\" \/>\n<meta name=\"author\" content=\"alcalde\" \/>\n<meta name=\"twitter:card\" content=\"summary_large_image\" \/>\n<meta name=\"twitter:label1\" content=\"Escrito por\" \/>\n\t<meta name=\"twitter:data1\" content=\"alcalde\" \/>\n\t<meta name=\"twitter:label2\" content=\"Tiempo de lectura\" \/>\n\t<meta name=\"twitter:data2\" content=\"2 minutos\" \/>\n<script type=\"application\/ld+json\" class=\"yoast-schema-graph\">{\"@context\":\"https:\\\/\\\/schema.org\",\"@graph\":[{\"@type\":\"Article\",\"@id\":\"https:\\\/\\\/www.caudete.org\\\/ayuntamiento\\\/convocada-una-bolsa-de-funcionario-interino-de-arquitecto-tecnico\\\/#article\",\"isPartOf\":{\"@id\":\"https:\\\/\\\/www.caudete.org\\\/ayuntamiento\\\/convocada-una-bolsa-de-funcionario-interino-de-arquitecto-tecnico\\\/\"},\"author\":{\"name\":\"alcalde\",\"@id\":\"https:\\\/\\\/www.caudete.org\\\/ayuntamiento\\\/#\\\/schema\\\/person\\\/cc646da9133078ee4d8dd47457947253\"},\"headline\":\"Convocada una Bolsa de funcionario interino de Arquitecto Tecnico\",\"datePublished\":\"2024-09-05T15:34:45+00:00\",\"dateModified\":\"2024-09-12T07:22:44+00:00\",\"mainEntityOfPage\":{\"@id\":\"https:\\\/\\\/www.caudete.org\\\/ayuntamiento\\\/convocada-una-bolsa-de-funcionario-interino-de-arquitecto-tecnico\\\/\"},\"wordCount\":355,\"image\":{\"@id\":\"https:\\\/\\\/www.caudete.org\\\/ayuntamiento\\\/convocada-una-bolsa-de-funcionario-interino-de-arquitecto-tecnico\\\/#primaryimage\"},\"thumbnailUrl\":\"https:\\\/\\\/www.caudete.org\\\/ayuntamiento\\\/wp-content\\\/uploads\\\/2024\\\/09\\\/IMG_20240905_171020.jpg\",\"articleSection\":[\"Recursos Humanos\"],\"inLanguage\":\"es\"},{\"@type\":\"WebPage\",\"@id\":\"https:\\\/\\\/www.caudete.org\\\/ayuntamiento\\\/convocada-una-bolsa-de-funcionario-interino-de-arquitecto-tecnico\\\/\",\"url\":\"https:\\\/\\\/www.caudete.org\\\/ayuntamiento\\\/convocada-una-bolsa-de-funcionario-interino-de-arquitecto-tecnico\\\/\",\"name\":\"Convocada una Bolsa de funcionario interino de Arquitecto Tecnico - MI Ayuntamiento de Caudete\",\"isPartOf\":{\"@id\":\"https:\\\/\\\/www.caudete.org\\\/ayuntamiento\\\/#website\"},\"primaryImageOfPage\":{\"@id\":\"https:\\\/\\\/www.caudete.org\\\/ayuntamiento\\\/convocada-una-bolsa-de-funcionario-interino-de-arquitecto-tecnico\\\/#primaryimage\"},\"image\":{\"@id\":\"https:\\\/\\\/www.caudete.org\\\/ayuntamiento\\\/convocada-una-bolsa-de-funcionario-interino-de-arquitecto-tecnico\\\/#primaryimage\"},\"thumbnailUrl\":\"https:\\\/\\\/www.caudete.org\\\/ayuntamiento\\\/wp-content\\\/uploads\\\/2024\\\/09\\\/IMG_20240905_171020.jpg\",\"datePublished\":\"2024-09-05T15:34:45+00:00\",\"dateModified\":\"2024-09-12T07:22:44+00:00\",\"author\":{\"@id\":\"https:\\\/\\\/www.caudete.org\\\/ayuntamiento\\\/#\\\/schema\\\/person\\\/cc646da9133078ee4d8dd47457947253\"},\"description\":\"P\u00e1gina Oficial del Ayuntamiento de Caudete (Albacete)\",\"breadcrumb\":{\"@id\":\"https:\\\/\\\/www.caudete.org\\\/ayuntamiento\\\/convocada-una-bolsa-de-funcionario-interino-de-arquitecto-tecnico\\\/#breadcrumb\"},\"inLanguage\":\"es\",\"potentialAction\":[{\"@type\":\"ReadAction\",\"target\":[\"https:\\\/\\\/www.caudete.org\\\/ayuntamiento\\\/convocada-una-bolsa-de-funcionario-interino-de-arquitecto-tecnico\\\/\"]}]},{\"@type\":\"ImageObject\",\"inLanguage\":\"es\",\"@id\":\"https:\\\/\\\/www.caudete.org\\\/ayuntamiento\\\/convocada-una-bolsa-de-funcionario-interino-de-arquitecto-tecnico\\\/#primaryimage\",\"url\":\"https:\\\/\\\/www.caudete.org\\\/ayuntamiento\\\/wp-content\\\/uploads\\\/2024\\\/09\\\/IMG_20240905_171020.jpg\",\"contentUrl\":\"https:\\\/\\\/www.caudete.org\\\/ayuntamiento\\\/wp-content\\\/uploads\\\/2024\\\/09\\\/IMG_20240905_171020.jpg\",\"width\":1024,\"height\":723},{\"@type\":\"BreadcrumbList\",\"@id\":\"https:\\\/\\\/www.caudete.org\\\/ayuntamiento\\\/convocada-una-bolsa-de-funcionario-interino-de-arquitecto-tecnico\\\/#breadcrumb\",\"itemListElement\":[{\"@type\":\"ListItem\",\"position\":1,\"name\":\"Inicio\",\"item\":\"https:\\\/\\\/www.caudete.org\\\/ayuntamiento\\\/\"},{\"@type\":\"ListItem\",\"position\":2,\"name\":\"Convocada una Bolsa de funcionario interino de Arquitecto Tecnico\"}]},{\"@type\":\"WebSite\",\"@id\":\"https:\\\/\\\/www.caudete.org\\\/ayuntamiento\\\/#website\",\"url\":\"https:\\\/\\\/www.caudete.org\\\/ayuntamiento\\\/\",\"name\":\"MI Ayuntamiento de Caudete\",\"description\":\"P\u00e1gina Oficial del MI Ayuntamiento de Caudete\",\"potentialAction\":[{\"@type\":\"SearchAction\",\"target\":{\"@type\":\"EntryPoint\",\"urlTemplate\":\"https:\\\/\\\/www.caudete.org\\\/ayuntamiento\\\/?s={search_term_string}\"},\"query-input\":{\"@type\":\"PropertyValueSpecification\",\"valueRequired\":true,\"valueName\":\"search_term_string\"}}],\"inLanguage\":\"es\"},{\"@type\":\"Person\",\"@id\":\"https:\\\/\\\/www.caudete.org\\\/ayuntamiento\\\/#\\\/schema\\\/person\\\/cc646da9133078ee4d8dd47457947253\",\"name\":\"alcalde\",\"image\":{\"@type\":\"ImageObject\",\"inLanguage\":\"es\",\"@id\":\"https:\\\/\\\/secure.gravatar.com\\\/avatar\\\/84a817ba065b29ff08d666b215a215f5c79186a645ccb25b14a663d48a130f77?s=96&d=mm&r=g\",\"url\":\"https:\\\/\\\/secure.gravatar.com\\\/avatar\\\/84a817ba065b29ff08d666b215a215f5c79186a645ccb25b14a663d48a130f77?s=96&d=mm&r=g\",\"contentUrl\":\"https:\\\/\\\/secure.gravatar.com\\\/avatar\\\/84a817ba065b29ff08d666b215a215f5c79186a645ccb25b14a663d48a130f77?s=96&d=mm&r=g\",\"caption\":\"alcalde\"},\"url\":\"https:\\\/\\\/www.caudete.org\\\/ayuntamiento\\\/author\\\/alcalde\\\/\"}]}<\/script>\n<!-- \/ Yoast SEO plugin. -->","yoast_head_json":{"title":"Convocada una Bolsa de funcionario interino de Arquitecto Tecnico - MI Ayuntamiento de Caudete","description":"P\u00e1gina Oficial del Ayuntamiento de Caudete (Albacete)","robots":{"index":"index","follow":"follow","max-snippet":"max-snippet:-1","max-image-preview":"max-image-preview:large","max-video-preview":"max-video-preview:-1"},"canonical":"https:\/\/www.caudete.org\/ayuntamiento\/convocada-una-bolsa-de-funcionario-interino-de-arquitecto-tecnico\/","og_locale":"es_ES","og_type":"article","og_title":"Convocada una Bolsa de funcionario interino de Arquitecto Tecnico - MI Ayuntamiento de Caudete","og_description":"P\u00e1gina Oficial del Ayuntamiento de Caudete (Albacete)","og_url":"https:\/\/www.caudete.org\/ayuntamiento\/convocada-una-bolsa-de-funcionario-interino-de-arquitecto-tecnico\/","og_site_name":"MI Ayuntamiento de Caudete","article_publisher":"https:\/\/www.facebook.com\/ayuntamientocaudete\/","article_published_time":"2024-09-05T15:34:45+00:00","article_modified_time":"2024-09-12T07:22:44+00:00","og_image":[{"width":1024,"height":723,"url":"https:\/\/www.caudete.org\/ayuntamiento\/wp-content\/uploads\/2024\/09\/IMG_20240905_171020.jpg","type":"image\/jpeg"}],"author":"alcalde","twitter_card":"summary_large_image","twitter_misc":{"Escrito por":"alcalde","Tiempo de lectura":"2 minutos"},"schema":{"@context":"https:\/\/schema.org","@graph":[{"@type":"Article","@id":"https:\/\/www.caudete.org\/ayuntamiento\/convocada-una-bolsa-de-funcionario-interino-de-arquitecto-tecnico\/#article","isPartOf":{"@id":"https:\/\/www.caudete.org\/ayuntamiento\/convocada-una-bolsa-de-funcionario-interino-de-arquitecto-tecnico\/"},"author":{"name":"alcalde","@id":"https:\/\/www.caudete.org\/ayuntamiento\/#\/schema\/person\/cc646da9133078ee4d8dd47457947253"},"headline":"Convocada una Bolsa de funcionario interino de Arquitecto Tecnico","datePublished":"2024-09-05T15:34:45+00:00","dateModified":"2024-09-12T07:22:44+00:00","mainEntityOfPage":{"@id":"https:\/\/www.caudete.org\/ayuntamiento\/convocada-una-bolsa-de-funcionario-interino-de-arquitecto-tecnico\/"},"wordCount":355,"image":{"@id":"https:\/\/www.caudete.org\/ayuntamiento\/convocada-una-bolsa-de-funcionario-interino-de-arquitecto-tecnico\/#primaryimage"},"thumbnailUrl":"https:\/\/www.caudete.org\/ayuntamiento\/wp-content\/uploads\/2024\/09\/IMG_20240905_171020.jpg","articleSection":["Recursos Humanos"],"inLanguage":"es"},{"@type":"WebPage","@id":"https:\/\/www.caudete.org\/ayuntamiento\/convocada-una-bolsa-de-funcionario-interino-de-arquitecto-tecnico\/","url":"https:\/\/www.caudete.org\/ayuntamiento\/convocada-una-bolsa-de-funcionario-interino-de-arquitecto-tecnico\/","name":"Convocada una Bolsa de funcionario interino de Arquitecto Tecnico - MI Ayuntamiento de Caudete","isPartOf":{"@id":"https:\/\/www.caudete.org\/ayuntamiento\/#website"},"primaryImageOfPage":{"@id":"https:\/\/www.caudete.org\/ayuntamiento\/convocada-una-bolsa-de-funcionario-interino-de-arquitecto-tecnico\/#primaryimage"},"image":{"@id":"https:\/\/www.caudete.org\/ayuntamiento\/convocada-una-bolsa-de-funcionario-interino-de-arquitecto-tecnico\/#primaryimage"},"thumbnailUrl":"https:\/\/www.caudete.org\/ayuntamiento\/wp-content\/uploads\/2024\/09\/IMG_20240905_171020.jpg","datePublished":"2024-09-05T15:34:45+00:00","dateModified":"2024-09-12T07:22:44+00:00","author":{"@id":"https:\/\/www.caudete.org\/ayuntamiento\/#\/schema\/person\/cc646da9133078ee4d8dd47457947253"},"description":"P\u00e1gina Oficial del Ayuntamiento de Caudete (Albacete)","breadcrumb":{"@id":"https:\/\/www.caudete.org\/ayuntamiento\/convocada-una-bolsa-de-funcionario-interino-de-arquitecto-tecnico\/#breadcrumb"},"inLanguage":"es","potentialAction":[{"@type":"ReadAction","target":["https:\/\/www.caudete.org\/ayuntamiento\/convocada-una-bolsa-de-funcionario-interino-de-arquitecto-tecnico\/"]}]},{"@type":"ImageObject","inLanguage":"es","@id":"https:\/\/www.caudete.org\/ayuntamiento\/convocada-una-bolsa-de-funcionario-interino-de-arquitecto-tecnico\/#primaryimage","url":"https:\/\/www.caudete.org\/ayuntamiento\/wp-content\/uploads\/2024\/09\/IMG_20240905_171020.jpg","contentUrl":"https:\/\/www.caudete.org\/ayuntamiento\/wp-content\/uploads\/2024\/09\/IMG_20240905_171020.jpg","width":1024,"height":723},{"@type":"BreadcrumbList","@id":"https:\/\/www.caudete.org\/ayuntamiento\/convocada-una-bolsa-de-funcionario-interino-de-arquitecto-tecnico\/#breadcrumb","itemListElement":[{"@type":"ListItem","position":1,"name":"Inicio","item":"https:\/\/www.caudete.org\/ayuntamiento\/"},{"@type":"ListItem","position":2,"name":"Convocada una Bolsa de funcionario interino de Arquitecto Tecnico"}]},{"@type":"WebSite","@id":"https:\/\/www.caudete.org\/ayuntamiento\/#website","url":"https:\/\/www.caudete.org\/ayuntamiento\/","name":"MI Ayuntamiento de Caudete","description":"P\u00e1gina Oficial del MI Ayuntamiento de Caudete","potentialAction":[{"@type":"SearchAction","target":{"@type":"EntryPoint","urlTemplate":"https:\/\/www.caudete.org\/ayuntamiento\/?s={search_term_string}"},"query-input":{"@type":"PropertyValueSpecification","valueRequired":true,"valueName":"search_term_string"}}],"inLanguage":"es"},{"@type":"Person","@id":"https:\/\/www.caudete.org\/ayuntamiento\/#\/schema\/person\/cc646da9133078ee4d8dd47457947253","name":"alcalde","image":{"@type":"ImageObject","inLanguage":"es","@id":"https:\/\/secure.gravatar.com\/avatar\/84a817ba065b29ff08d666b215a215f5c79186a645ccb25b14a663d48a130f77?s=96&d=mm&r=g","url":"https:\/\/secure.gravatar.com\/avatar\/84a817ba065b29ff08d666b215a215f5c79186a645ccb25b14a663d48a130f77?s=96&d=mm&r=g","contentUrl":"https:\/\/secure.gravatar.com\/avatar\/84a817ba065b29ff08d666b215a215f5c79186a645ccb25b14a663d48a130f77?s=96&d=mm&r=g","caption":"alcalde"},"url":"https:\/\/www.caudete.org\/ayuntamiento\/author\/alcalde\/"}]}},"_links":{"self":[{"href":"https:\/\/www.caudete.org\/ayuntamiento\/wp-json\/wp\/v2\/posts\/25988","targetHints":{"allow":["GET"]}}],"collection":[{"href":"https:\/\/www.caudete.org\/ayuntamiento\/wp-json\/wp\/v2\/posts"}],"about":[{"href":"https:\/\/www.caudete.org\/ayuntamiento\/wp-json\/wp\/v2\/types\/post"}],"author":[{"embeddable":true,"href":"https:\/\/www.caudete.org\/ayuntamiento\/wp-json\/wp\/v2\/users\/3"}],"replies":[{"embeddable":true,"href":"https:\/\/www.caudete.org\/ayuntamiento\/wp-json\/wp\/v2\/comments?post=25988"}],"version-history":[{"count":3,"href":"https:\/\/www.caudete.org\/ayuntamiento\/wp-json\/wp\/v2\/posts\/25988\/revisions"}],"predecessor-version":[{"id":26014,"href":"https:\/\/www.caudete.org\/ayuntamiento\/wp-json\/wp\/v2\/posts\/25988\/revisions\/26014"}],"wp:featuredmedia":[{"embeddable":true,"href":"https:\/\/www.caudete.org\/ayuntamiento\/wp-json\/wp\/v2\/media\/25989"}],"wp:attachment":[{"href":"https:\/\/www.caudete.org\/ayuntamiento\/wp-json\/wp\/v2\/media?parent=25988"}],"wp:term":[{"taxonomy":"category","embeddable":true,"href":"https:\/\/www.caudete.org\/ayuntamiento\/wp-json\/wp\/v2\/categories?post=25988"},{"taxonomy":"post_tag","embeddable":true,"href":"https:\/\/www.caudete.org\/ayuntamiento\/wp-json\/wp\/v2\/tags?post=25988"}],"curies":[{"name":"wp","href":"https:\/\/api.w.org\/{rel}","templated":true}]}}