{"id":26003,"date":"2024-09-11T15:59:56","date_gmt":"2024-09-11T13:59:56","guid":{"rendered":"https:\/\/www.caudete.org\/ayuntamiento\/?p=26003"},"modified":"2024-09-11T15:59:56","modified_gmt":"2024-09-11T13:59:56","slug":"publicadas-las-bases-que-regiran-la-convocatoria-de-1-nueva-plaza-de-policia-local","status":"publish","type":"post","link":"https:\/\/www.caudete.org\/ayuntamiento\/publicadas-las-bases-que-regiran-la-convocatoria-de-1-nueva-plaza-de-policia-local\/","title":{"rendered":"Publicadas las BASES que regir\u00e1n la convocatoria de 1 nueva plaza de POLIC\u00cdA LOCAL"},"content":{"rendered":"<p style=\"text-align: justify;\">Esta ma\u00f1ana, el Alcalde Mois\u00e9s L\u00f3pez y la Concejal de Seguridad M\u00aa Dolores Requena, informaban de la recientemente aprobada Convocatoria y Bases de la Polic\u00eda Local, que permitir\u00e1 ampliar la plantilla en una plaza m\u00e1s.<\/p>\n<p style=\"text-align: justify;\">Ello obedece a la previsi\u00f3n que el Equipo de Gobierno marc\u00f3 para la presente legislatura, quedando reflejada en la Oferta de Empleo P\u00fablico del 2023, publicada en el DOCM en fecha 23\/01\/2024, y que permitir\u00e1 mejorar el servicio que dicho cuerpo presta a la ciudadan\u00eda.<\/p>\n<p style=\"text-align: justify;\">Fue la pasada semana cuando la Mesa General de Negociaci\u00f3n, compuesta por los representantes de los trabajadores y el Equipo de Gobierno, aprobaba por unanimidad la negociaci\u00f3n de las Bases Reguladoras para posteriormente ser elevadas a la aprobaci\u00f3n de la Junta de Gobierno Local, saliendo adelante mediante el voto de calidad del Alcalde al producirse empate en la votaci\u00f3n.<\/p>\n<p style=\"text-align: justify;\">La convocatoria ser\u00e1 activada una vez que sean publicadas las Bases \u00edntegras en el BOP y BOE, momento en el cual podr\u00e1n presentarse solicitudes y no antes, aunque las propias bases pueden ser consultadas en el Tabl\u00f3n de Anuncios\u00a0<a href=\"https:\/\/caudete.sedipualba.es\/tablondeanuncios\/anuncio.aspx?id=57121\" target=\"_blank\" rel=\"nofollow\">clicando aqu\u00ed.<\/a><\/p>\n<p style=\"text-align: justify;\">As\u00ed pues, se espera que \u201cel proceso selectivo se realice de forma inminente toda vez quede clausurado el proceso de admisi\u00f3n de solicitudes para que antes de que acabe el a\u00f1o, quien supere las pruebas pueda marchar a realizar la formaci\u00f3n en el mes de Enero a Toledo\u201c, tal y como comentaba la Edil M\u00aa Dolores Requena.<\/p>\n<p style=\"text-align: justify;\">Por su parte, el Alcalde a\u00f1ad\u00eda que para\u00a0 pr\u00f3ximos ejercicios entre los objetivos en materia de RRHH figura dar continuidad convocatorias con m\u00e1s plazas para Polic\u00eda Local ya que se trata de un servicio esencial sobre el que se ha realizado un esfuerzo grande, que est\u00e1 dando sus frutos, y que est\u00e1 pr\u00f3ximo a que la plantilla tenga la dotaci\u00f3n suficiente para un servicio de mayor calidad y servicio para los caudetanos, gracias a que puedan quedar cubiertos la totalidad de servicios e incluso permita tener refuerzo en aquellos turnos que se consideren de mayor inter\u00e9s, adem\u00e1s de tener permanentemente atenci\u00f3n al ciudadano en la propia Comisar\u00eda con independencia de la patrulla que est\u00e9 operativa.<\/p>\n<p>&nbsp;<\/p>\n","protected":false},"excerpt":{"rendered":"<p>Esta ma\u00f1ana, el Alcalde Mois\u00e9s L\u00f3pez y la Concejal de Seguridad M\u00aa Dolores Requena, informaban de la recientemente aprobada Convocatoria y Bases de la Polic\u00eda Local, que permitir\u00e1 ampliar la plantilla en una plaza m\u00e1s. Ello obedece a la previsi\u00f3n que el Equipo de Gobierno marc\u00f3 para la presente legislatura, quedando reflejada en la Oferta &hellip;<\/p>\n","protected":false},"author":3,"featured_media":26004,"comment_status":"closed","ping_status":"open","sticky":false,"template":"","format":"standard","meta":{"ngg_post_thumbnail":0,"footnotes":""},"categories":[35],"tags":[],"class_list":["post-26003","post","type-post","status-publish","format-standard","has-post-thumbnail","hentry","category-policia-local"],"yoast_head":"<!-- This site is optimized with the Yoast SEO plugin v27.5 - https:\/\/yoast.com\/product\/yoast-seo-wordpress\/ -->\n<title>Publicadas las BASES que regir\u00e1n la convocatoria de 1 nueva plaza de POLIC\u00cdA LOCAL - MI Ayuntamiento de Caudete<\/title>\n<meta name=\"description\" content=\"P\u00e1gina Oficial del Ayuntamiento de Caudete (Albacete)\" \/>\n<meta name=\"robots\" content=\"index, follow, max-snippet:-1, max-image-preview:large, max-video-preview:-1\" \/>\n<link rel=\"canonical\" href=\"https:\/\/www.caudete.org\/ayuntamiento\/publicadas-las-bases-que-regiran-la-convocatoria-de-1-nueva-plaza-de-policia-local\/\" \/>\n<meta property=\"og:locale\" content=\"es_ES\" \/>\n<meta property=\"og:type\" content=\"article\" \/>\n<meta property=\"og:title\" content=\"Publicadas las BASES que regir\u00e1n la convocatoria de 1 nueva plaza de POLIC\u00cdA LOCAL - MI Ayuntamiento de Caudete\" \/>\n<meta property=\"og:description\" content=\"P\u00e1gina Oficial del Ayuntamiento de Caudete (Albacete)\" \/>\n<meta property=\"og:url\" content=\"https:\/\/www.caudete.org\/ayuntamiento\/publicadas-las-bases-que-regiran-la-convocatoria-de-1-nueva-plaza-de-policia-local\/\" \/>\n<meta property=\"og:site_name\" content=\"MI Ayuntamiento de Caudete\" \/>\n<meta property=\"article:publisher\" content=\"https:\/\/www.facebook.com\/ayuntamientocaudete\/\" \/>\n<meta property=\"article:published_time\" content=\"2024-09-11T13:59:56+00:00\" \/>\n<meta property=\"og:image\" content=\"https:\/\/www.caudete.org\/ayuntamiento\/wp-content\/uploads\/2024\/09\/PROVISION-PLAZA-POLICIA-LOCAL.jpg\" \/>\n\t<meta property=\"og:image:width\" content=\"997\" \/>\n\t<meta property=\"og:image:height\" content=\"691\" \/>\n\t<meta property=\"og:image:type\" content=\"image\/jpeg\" \/>\n<meta name=\"author\" content=\"alcalde\" \/>\n<meta name=\"twitter:card\" content=\"summary_large_image\" \/>\n<meta name=\"twitter:label1\" content=\"Escrito por\" \/>\n\t<meta name=\"twitter:data1\" content=\"alcalde\" \/>\n\t<meta name=\"twitter:label2\" content=\"Tiempo de lectura\" \/>\n\t<meta name=\"twitter:data2\" content=\"2 minutos\" \/>\n<script type=\"application\/ld+json\" class=\"yoast-schema-graph\">{\"@context\":\"https:\\\/\\\/schema.org\",\"@graph\":[{\"@type\":\"Article\",\"@id\":\"https:\\\/\\\/www.caudete.org\\\/ayuntamiento\\\/publicadas-las-bases-que-regiran-la-convocatoria-de-1-nueva-plaza-de-policia-local\\\/#article\",\"isPartOf\":{\"@id\":\"https:\\\/\\\/www.caudete.org\\\/ayuntamiento\\\/publicadas-las-bases-que-regiran-la-convocatoria-de-1-nueva-plaza-de-policia-local\\\/\"},\"author\":{\"name\":\"alcalde\",\"@id\":\"https:\\\/\\\/www.caudete.org\\\/ayuntamiento\\\/#\\\/schema\\\/person\\\/cc646da9133078ee4d8dd47457947253\"},\"headline\":\"Publicadas las BASES que regir\u00e1n la convocatoria de 1 nueva plaza de POLIC\u00cdA LOCAL\",\"datePublished\":\"2024-09-11T13:59:56+00:00\",\"mainEntityOfPage\":{\"@id\":\"https:\\\/\\\/www.caudete.org\\\/ayuntamiento\\\/publicadas-las-bases-que-regiran-la-convocatoria-de-1-nueva-plaza-de-policia-local\\\/\"},\"wordCount\":394,\"image\":{\"@id\":\"https:\\\/\\\/www.caudete.org\\\/ayuntamiento\\\/publicadas-las-bases-que-regiran-la-convocatoria-de-1-nueva-plaza-de-policia-local\\\/#primaryimage\"},\"thumbnailUrl\":\"https:\\\/\\\/www.caudete.org\\\/ayuntamiento\\\/wp-content\\\/uploads\\\/2024\\\/09\\\/PROVISION-PLAZA-POLICIA-LOCAL.jpg\",\"articleSection\":[\"Polic\u00eda Local\"],\"inLanguage\":\"es\"},{\"@type\":\"WebPage\",\"@id\":\"https:\\\/\\\/www.caudete.org\\\/ayuntamiento\\\/publicadas-las-bases-que-regiran-la-convocatoria-de-1-nueva-plaza-de-policia-local\\\/\",\"url\":\"https:\\\/\\\/www.caudete.org\\\/ayuntamiento\\\/publicadas-las-bases-que-regiran-la-convocatoria-de-1-nueva-plaza-de-policia-local\\\/\",\"name\":\"Publicadas las BASES que regir\u00e1n la convocatoria de 1 nueva plaza de POLIC\u00cdA LOCAL - MI Ayuntamiento de Caudete\",\"isPartOf\":{\"@id\":\"https:\\\/\\\/www.caudete.org\\\/ayuntamiento\\\/#website\"},\"primaryImageOfPage\":{\"@id\":\"https:\\\/\\\/www.caudete.org\\\/ayuntamiento\\\/publicadas-las-bases-que-regiran-la-convocatoria-de-1-nueva-plaza-de-policia-local\\\/#primaryimage\"},\"image\":{\"@id\":\"https:\\\/\\\/www.caudete.org\\\/ayuntamiento\\\/publicadas-las-bases-que-regiran-la-convocatoria-de-1-nueva-plaza-de-policia-local\\\/#primaryimage\"},\"thumbnailUrl\":\"https:\\\/\\\/www.caudete.org\\\/ayuntamiento\\\/wp-content\\\/uploads\\\/2024\\\/09\\\/PROVISION-PLAZA-POLICIA-LOCAL.jpg\",\"datePublished\":\"2024-09-11T13:59:56+00:00\",\"author\":{\"@id\":\"https:\\\/\\\/www.caudete.org\\\/ayuntamiento\\\/#\\\/schema\\\/person\\\/cc646da9133078ee4d8dd47457947253\"},\"description\":\"P\u00e1gina Oficial del Ayuntamiento de Caudete (Albacete)\",\"breadcrumb\":{\"@id\":\"https:\\\/\\\/www.caudete.org\\\/ayuntamiento\\\/publicadas-las-bases-que-regiran-la-convocatoria-de-1-nueva-plaza-de-policia-local\\\/#breadcrumb\"},\"inLanguage\":\"es\",\"potentialAction\":[{\"@type\":\"ReadAction\",\"target\":[\"https:\\\/\\\/www.caudete.org\\\/ayuntamiento\\\/publicadas-las-bases-que-regiran-la-convocatoria-de-1-nueva-plaza-de-policia-local\\\/\"]}]},{\"@type\":\"ImageObject\",\"inLanguage\":\"es\",\"@id\":\"https:\\\/\\\/www.caudete.org\\\/ayuntamiento\\\/publicadas-las-bases-que-regiran-la-convocatoria-de-1-nueva-plaza-de-policia-local\\\/#primaryimage\",\"url\":\"https:\\\/\\\/www.caudete.org\\\/ayuntamiento\\\/wp-content\\\/uploads\\\/2024\\\/09\\\/PROVISION-PLAZA-POLICIA-LOCAL.jpg\",\"contentUrl\":\"https:\\\/\\\/www.caudete.org\\\/ayuntamiento\\\/wp-content\\\/uploads\\\/2024\\\/09\\\/PROVISION-PLAZA-POLICIA-LOCAL.jpg\",\"width\":997,\"height\":691},{\"@type\":\"BreadcrumbList\",\"@id\":\"https:\\\/\\\/www.caudete.org\\\/ayuntamiento\\\/publicadas-las-bases-que-regiran-la-convocatoria-de-1-nueva-plaza-de-policia-local\\\/#breadcrumb\",\"itemListElement\":[{\"@type\":\"ListItem\",\"position\":1,\"name\":\"Inicio\",\"item\":\"https:\\\/\\\/www.caudete.org\\\/ayuntamiento\\\/\"},{\"@type\":\"ListItem\",\"position\":2,\"name\":\"Publicadas las BASES que regir\u00e1n la convocatoria de 1 nueva plaza de POLIC\u00cdA LOCAL\"}]},{\"@type\":\"WebSite\",\"@id\":\"https:\\\/\\\/www.caudete.org\\\/ayuntamiento\\\/#website\",\"url\":\"https:\\\/\\\/www.caudete.org\\\/ayuntamiento\\\/\",\"name\":\"MI Ayuntamiento de Caudete\",\"description\":\"P\u00e1gina Oficial del MI Ayuntamiento de Caudete\",\"potentialAction\":[{\"@type\":\"SearchAction\",\"target\":{\"@type\":\"EntryPoint\",\"urlTemplate\":\"https:\\\/\\\/www.caudete.org\\\/ayuntamiento\\\/?s={search_term_string}\"},\"query-input\":{\"@type\":\"PropertyValueSpecification\",\"valueRequired\":true,\"valueName\":\"search_term_string\"}}],\"inLanguage\":\"es\"},{\"@type\":\"Person\",\"@id\":\"https:\\\/\\\/www.caudete.org\\\/ayuntamiento\\\/#\\\/schema\\\/person\\\/cc646da9133078ee4d8dd47457947253\",\"name\":\"alcalde\",\"image\":{\"@type\":\"ImageObject\",\"inLanguage\":\"es\",\"@id\":\"https:\\\/\\\/secure.gravatar.com\\\/avatar\\\/84a817ba065b29ff08d666b215a215f5c79186a645ccb25b14a663d48a130f77?s=96&d=mm&r=g\",\"url\":\"https:\\\/\\\/secure.gravatar.com\\\/avatar\\\/84a817ba065b29ff08d666b215a215f5c79186a645ccb25b14a663d48a130f77?s=96&d=mm&r=g\",\"contentUrl\":\"https:\\\/\\\/secure.gravatar.com\\\/avatar\\\/84a817ba065b29ff08d666b215a215f5c79186a645ccb25b14a663d48a130f77?s=96&d=mm&r=g\",\"caption\":\"alcalde\"},\"url\":\"https:\\\/\\\/www.caudete.org\\\/ayuntamiento\\\/author\\\/alcalde\\\/\"}]}<\/script>\n<!-- \/ Yoast SEO plugin. -->","yoast_head_json":{"title":"Publicadas las BASES que regir\u00e1n la convocatoria de 1 nueva plaza de POLIC\u00cdA LOCAL - MI Ayuntamiento de Caudete","description":"P\u00e1gina Oficial del Ayuntamiento de Caudete (Albacete)","robots":{"index":"index","follow":"follow","max-snippet":"max-snippet:-1","max-image-preview":"max-image-preview:large","max-video-preview":"max-video-preview:-1"},"canonical":"https:\/\/www.caudete.org\/ayuntamiento\/publicadas-las-bases-que-regiran-la-convocatoria-de-1-nueva-plaza-de-policia-local\/","og_locale":"es_ES","og_type":"article","og_title":"Publicadas las BASES que regir\u00e1n la convocatoria de 1 nueva plaza de POLIC\u00cdA LOCAL - MI Ayuntamiento de Caudete","og_description":"P\u00e1gina Oficial del Ayuntamiento de Caudete (Albacete)","og_url":"https:\/\/www.caudete.org\/ayuntamiento\/publicadas-las-bases-que-regiran-la-convocatoria-de-1-nueva-plaza-de-policia-local\/","og_site_name":"MI Ayuntamiento de Caudete","article_publisher":"https:\/\/www.facebook.com\/ayuntamientocaudete\/","article_published_time":"2024-09-11T13:59:56+00:00","og_image":[{"width":997,"height":691,"url":"https:\/\/www.caudete.org\/ayuntamiento\/wp-content\/uploads\/2024\/09\/PROVISION-PLAZA-POLICIA-LOCAL.jpg","type":"image\/jpeg"}],"author":"alcalde","twitter_card":"summary_large_image","twitter_misc":{"Escrito por":"alcalde","Tiempo de lectura":"2 minutos"},"schema":{"@context":"https:\/\/schema.org","@graph":[{"@type":"Article","@id":"https:\/\/www.caudete.org\/ayuntamiento\/publicadas-las-bases-que-regiran-la-convocatoria-de-1-nueva-plaza-de-policia-local\/#article","isPartOf":{"@id":"https:\/\/www.caudete.org\/ayuntamiento\/publicadas-las-bases-que-regiran-la-convocatoria-de-1-nueva-plaza-de-policia-local\/"},"author":{"name":"alcalde","@id":"https:\/\/www.caudete.org\/ayuntamiento\/#\/schema\/person\/cc646da9133078ee4d8dd47457947253"},"headline":"Publicadas las BASES que regir\u00e1n la convocatoria de 1 nueva plaza de POLIC\u00cdA LOCAL","datePublished":"2024-09-11T13:59:56+00:00","mainEntityOfPage":{"@id":"https:\/\/www.caudete.org\/ayuntamiento\/publicadas-las-bases-que-regiran-la-convocatoria-de-1-nueva-plaza-de-policia-local\/"},"wordCount":394,"image":{"@id":"https:\/\/www.caudete.org\/ayuntamiento\/publicadas-las-bases-que-regiran-la-convocatoria-de-1-nueva-plaza-de-policia-local\/#primaryimage"},"thumbnailUrl":"https:\/\/www.caudete.org\/ayuntamiento\/wp-content\/uploads\/2024\/09\/PROVISION-PLAZA-POLICIA-LOCAL.jpg","articleSection":["Polic\u00eda Local"],"inLanguage":"es"},{"@type":"WebPage","@id":"https:\/\/www.caudete.org\/ayuntamiento\/publicadas-las-bases-que-regiran-la-convocatoria-de-1-nueva-plaza-de-policia-local\/","url":"https:\/\/www.caudete.org\/ayuntamiento\/publicadas-las-bases-que-regiran-la-convocatoria-de-1-nueva-plaza-de-policia-local\/","name":"Publicadas las BASES que regir\u00e1n la convocatoria de 1 nueva plaza de POLIC\u00cdA LOCAL - MI Ayuntamiento de Caudete","isPartOf":{"@id":"https:\/\/www.caudete.org\/ayuntamiento\/#website"},"primaryImageOfPage":{"@id":"https:\/\/www.caudete.org\/ayuntamiento\/publicadas-las-bases-que-regiran-la-convocatoria-de-1-nueva-plaza-de-policia-local\/#primaryimage"},"image":{"@id":"https:\/\/www.caudete.org\/ayuntamiento\/publicadas-las-bases-que-regiran-la-convocatoria-de-1-nueva-plaza-de-policia-local\/#primaryimage"},"thumbnailUrl":"https:\/\/www.caudete.org\/ayuntamiento\/wp-content\/uploads\/2024\/09\/PROVISION-PLAZA-POLICIA-LOCAL.jpg","datePublished":"2024-09-11T13:59:56+00:00","author":{"@id":"https:\/\/www.caudete.org\/ayuntamiento\/#\/schema\/person\/cc646da9133078ee4d8dd47457947253"},"description":"P\u00e1gina Oficial del Ayuntamiento de Caudete (Albacete)","breadcrumb":{"@id":"https:\/\/www.caudete.org\/ayuntamiento\/publicadas-las-bases-que-regiran-la-convocatoria-de-1-nueva-plaza-de-policia-local\/#breadcrumb"},"inLanguage":"es","potentialAction":[{"@type":"ReadAction","target":["https:\/\/www.caudete.org\/ayuntamiento\/publicadas-las-bases-que-regiran-la-convocatoria-de-1-nueva-plaza-de-policia-local\/"]}]},{"@type":"ImageObject","inLanguage":"es","@id":"https:\/\/www.caudete.org\/ayuntamiento\/publicadas-las-bases-que-regiran-la-convocatoria-de-1-nueva-plaza-de-policia-local\/#primaryimage","url":"https:\/\/www.caudete.org\/ayuntamiento\/wp-content\/uploads\/2024\/09\/PROVISION-PLAZA-POLICIA-LOCAL.jpg","contentUrl":"https:\/\/www.caudete.org\/ayuntamiento\/wp-content\/uploads\/2024\/09\/PROVISION-PLAZA-POLICIA-LOCAL.jpg","width":997,"height":691},{"@type":"BreadcrumbList","@id":"https:\/\/www.caudete.org\/ayuntamiento\/publicadas-las-bases-que-regiran-la-convocatoria-de-1-nueva-plaza-de-policia-local\/#breadcrumb","itemListElement":[{"@type":"ListItem","position":1,"name":"Inicio","item":"https:\/\/www.caudete.org\/ayuntamiento\/"},{"@type":"ListItem","position":2,"name":"Publicadas las BASES que regir\u00e1n la convocatoria de 1 nueva plaza de POLIC\u00cdA LOCAL"}]},{"@type":"WebSite","@id":"https:\/\/www.caudete.org\/ayuntamiento\/#website","url":"https:\/\/www.caudete.org\/ayuntamiento\/","name":"MI Ayuntamiento de Caudete","description":"P\u00e1gina Oficial del MI Ayuntamiento de Caudete","potentialAction":[{"@type":"SearchAction","target":{"@type":"EntryPoint","urlTemplate":"https:\/\/www.caudete.org\/ayuntamiento\/?s={search_term_string}"},"query-input":{"@type":"PropertyValueSpecification","valueRequired":true,"valueName":"search_term_string"}}],"inLanguage":"es"},{"@type":"Person","@id":"https:\/\/www.caudete.org\/ayuntamiento\/#\/schema\/person\/cc646da9133078ee4d8dd47457947253","name":"alcalde","image":{"@type":"ImageObject","inLanguage":"es","@id":"https:\/\/secure.gravatar.com\/avatar\/84a817ba065b29ff08d666b215a215f5c79186a645ccb25b14a663d48a130f77?s=96&d=mm&r=g","url":"https:\/\/secure.gravatar.com\/avatar\/84a817ba065b29ff08d666b215a215f5c79186a645ccb25b14a663d48a130f77?s=96&d=mm&r=g","contentUrl":"https:\/\/secure.gravatar.com\/avatar\/84a817ba065b29ff08d666b215a215f5c79186a645ccb25b14a663d48a130f77?s=96&d=mm&r=g","caption":"alcalde"},"url":"https:\/\/www.caudete.org\/ayuntamiento\/author\/alcalde\/"}]}},"_links":{"self":[{"href":"https:\/\/www.caudete.org\/ayuntamiento\/wp-json\/wp\/v2\/posts\/26003","targetHints":{"allow":["GET"]}}],"collection":[{"href":"https:\/\/www.caudete.org\/ayuntamiento\/wp-json\/wp\/v2\/posts"}],"about":[{"href":"https:\/\/www.caudete.org\/ayuntamiento\/wp-json\/wp\/v2\/types\/post"}],"author":[{"embeddable":true,"href":"https:\/\/www.caudete.org\/ayuntamiento\/wp-json\/wp\/v2\/users\/3"}],"replies":[{"embeddable":true,"href":"https:\/\/www.caudete.org\/ayuntamiento\/wp-json\/wp\/v2\/comments?post=26003"}],"version-history":[{"count":2,"href":"https:\/\/www.caudete.org\/ayuntamiento\/wp-json\/wp\/v2\/posts\/26003\/revisions"}],"predecessor-version":[{"id":30906,"href":"https:\/\/www.caudete.org\/ayuntamiento\/wp-json\/wp\/v2\/posts\/26003\/revisions\/30906"}],"wp:featuredmedia":[{"embeddable":true,"href":"https:\/\/www.caudete.org\/ayuntamiento\/wp-json\/wp\/v2\/media\/26004"}],"wp:attachment":[{"href":"https:\/\/www.caudete.org\/ayuntamiento\/wp-json\/wp\/v2\/media?parent=26003"}],"wp:term":[{"taxonomy":"category","embeddable":true,"href":"https:\/\/www.caudete.org\/ayuntamiento\/wp-json\/wp\/v2\/categories?post=26003"},{"taxonomy":"post_tag","embeddable":true,"href":"https:\/\/www.caudete.org\/ayuntamiento\/wp-json\/wp\/v2\/tags?post=26003"}],"curies":[{"name":"wp","href":"https:\/\/api.w.org\/{rel}","templated":true}]}}