{"id":26065,"date":"2024-09-18T08:32:57","date_gmt":"2024-09-18T06:32:57","guid":{"rendered":"https:\/\/www.caudete.org\/ayuntamiento\/?p=26065"},"modified":"2024-09-18T08:32:57","modified_gmt":"2024-09-18T06:32:57","slug":"la-agenda2030-convoco-ayer-a-la-corporacion-municipal-con-el-objetivo-puesto-en-un-plan-de-accion-local","status":"publish","type":"post","link":"https:\/\/www.caudete.org\/ayuntamiento\/la-agenda2030-convoco-ayer-a-la-corporacion-municipal-con-el-objetivo-puesto-en-un-plan-de-accion-local\/","title":{"rendered":"La AGENDA2030 convoc\u00f3 ayer a la Corporaci\u00f3n Municipal con el objetivo puesto en un Plan de Acci\u00f3n Local"},"content":{"rendered":"<p style=\"text-align: justify;\">La Sala de Prensa acog\u00eda ayer al mediod\u00eda una reuni\u00f3n de trabajo a la que estaban convocados los portavoces de los diferentes grupos pol\u00edticos municipales, con el objetivo de adentrarse en la din\u00e1mica y particularidades de la Agenda 2030 para as\u00ed trabajar en la redacci\u00f3n de un Plan de Acci\u00f3n Local consensuado por el conjunto de la Corporaci\u00f3n Municipal para su implementaci\u00f3n en la localidad.<\/p>\n<p style=\"text-align: justify;\">En este sentido, el Ayuntamiento entr\u00f3 a formar parte de la Red de Entidades Locales de la Agenda2030 en Mayo de 2021 mediante Acuerdo Plenario, trabajando sobre la materia a\u00f1os posteriores permitiendo establecer un primer borrador de Plan de Acci\u00f3n Local, identificando acciones para el progreso del municipio alineado a los ODS (objetivos de desarrollo sostenible).<\/p>\n<p style=\"text-align: justify;\">Tal y como explicaba la Concejal encargada del proyecto, Mar\u00eda Dolores Requena, gracias al asesoramiento experto, se ha fijado como meta la aprobaci\u00f3n de esta herramienta para m\u00e1ximo el primer trimestre de 2025, donde no solo la parte pol\u00edtica (Corporaci\u00f3n) sino tambi\u00e9n la ciudadan\u00eda y el tejido asociativo podr\u00e1 participar para definir la estrategia y acciones que Caudete se marca como objetivo a corto, medio y largo plazo. Sin embargo, el documento se considera vivo y por tanto modificable seg\u00fan las necesidades que vayan sucediendo as\u00ed como por el grado de cumplimiento del plan.<\/p>\n<p style=\"text-align: justify;\">Se da la circunstancia de que el Plan de Acci\u00f3n Local, como herramienta participativa, contar\u00e1 con la fase de participaci\u00f3n ciudadana, de exposici\u00f3n p\u00fablica y de aprobaci\u00f3n plenaria, y que todo ello permitir\u00e1 al Consistorio poder acceder a convocatorias de ayudas y subvenciones que las diferentes administraciones convoquen para llevar a cabo acciones concretas para el beneficio de la ciudadan\u00eda.<\/p>\n","protected":false},"excerpt":{"rendered":"<p>La Sala de Prensa acog\u00eda ayer al mediod\u00eda una reuni\u00f3n de trabajo a la que estaban convocados los portavoces de los diferentes grupos pol\u00edticos municipales, con el objetivo de adentrarse en la din\u00e1mica y particularidades de la Agenda 2030 para as\u00ed trabajar en la redacci\u00f3n de un Plan de Acci\u00f3n Local consensuado por el conjunto &hellip;<\/p>\n","protected":false},"author":3,"featured_media":26066,"comment_status":"closed","ping_status":"open","sticky":false,"template":"","format":"standard","meta":{"ngg_post_thumbnail":0,"footnotes":""},"categories":[851],"tags":[],"class_list":["post-26065","post","type-post","status-publish","format-standard","has-post-thumbnail","hentry","category-promocion-y-desarrollo-economico"],"yoast_head":"<!-- This site is optimized with the Yoast SEO plugin v27.4 - https:\/\/yoast.com\/product\/yoast-seo-wordpress\/ -->\n<title>La AGENDA2030 convoc\u00f3 ayer a la Corporaci\u00f3n Municipal con el objetivo puesto en un Plan de Acci\u00f3n Local - MI Ayuntamiento de Caudete<\/title>\n<meta name=\"description\" content=\"P\u00e1gina Oficial del Ayuntamiento de Caudete (Albacete)\" \/>\n<meta name=\"robots\" content=\"index, follow, max-snippet:-1, max-image-preview:large, max-video-preview:-1\" \/>\n<link rel=\"canonical\" href=\"https:\/\/www.caudete.org\/ayuntamiento\/la-agenda2030-convoco-ayer-a-la-corporacion-municipal-con-el-objetivo-puesto-en-un-plan-de-accion-local\/\" \/>\n<meta property=\"og:locale\" content=\"es_ES\" \/>\n<meta property=\"og:type\" content=\"article\" \/>\n<meta property=\"og:title\" content=\"La AGENDA2030 convoc\u00f3 ayer a la Corporaci\u00f3n Municipal con el objetivo puesto en un Plan de Acci\u00f3n Local - MI Ayuntamiento de Caudete\" \/>\n<meta property=\"og:description\" content=\"P\u00e1gina Oficial del Ayuntamiento de Caudete (Albacete)\" \/>\n<meta property=\"og:url\" content=\"https:\/\/www.caudete.org\/ayuntamiento\/la-agenda2030-convoco-ayer-a-la-corporacion-municipal-con-el-objetivo-puesto-en-un-plan-de-accion-local\/\" \/>\n<meta property=\"og:site_name\" content=\"MI Ayuntamiento de Caudete\" \/>\n<meta property=\"article:publisher\" content=\"https:\/\/www.facebook.com\/ayuntamientocaudete\/\" \/>\n<meta property=\"article:published_time\" content=\"2024-09-18T06:32:57+00:00\" \/>\n<meta property=\"og:image\" content=\"https:\/\/www.caudete.org\/ayuntamiento\/wp-content\/uploads\/2024\/09\/agenda2030.jpg\" \/>\n\t<meta property=\"og:image:width\" content=\"985\" \/>\n\t<meta property=\"og:image:height\" content=\"572\" \/>\n\t<meta property=\"og:image:type\" content=\"image\/jpeg\" \/>\n<meta name=\"author\" content=\"alcalde\" \/>\n<meta name=\"twitter:card\" content=\"summary_large_image\" \/>\n<meta name=\"twitter:label1\" content=\"Escrito por\" \/>\n\t<meta name=\"twitter:data1\" content=\"alcalde\" \/>\n\t<meta name=\"twitter:label2\" content=\"Tiempo de lectura\" \/>\n\t<meta name=\"twitter:data2\" content=\"2 minutos\" \/>\n<script type=\"application\/ld+json\" class=\"yoast-schema-graph\">{\"@context\":\"https:\\\/\\\/schema.org\",\"@graph\":[{\"@type\":\"Article\",\"@id\":\"https:\\\/\\\/www.caudete.org\\\/ayuntamiento\\\/la-agenda2030-convoco-ayer-a-la-corporacion-municipal-con-el-objetivo-puesto-en-un-plan-de-accion-local\\\/#article\",\"isPartOf\":{\"@id\":\"https:\\\/\\\/www.caudete.org\\\/ayuntamiento\\\/la-agenda2030-convoco-ayer-a-la-corporacion-municipal-con-el-objetivo-puesto-en-un-plan-de-accion-local\\\/\"},\"author\":{\"name\":\"alcalde\",\"@id\":\"https:\\\/\\\/www.caudete.org\\\/ayuntamiento\\\/#\\\/schema\\\/person\\\/cc646da9133078ee4d8dd47457947253\"},\"headline\":\"La AGENDA2030 convoc\u00f3 ayer a la Corporaci\u00f3n Municipal con el objetivo puesto en un Plan de Acci\u00f3n Local\",\"datePublished\":\"2024-09-18T06:32:57+00:00\",\"mainEntityOfPage\":{\"@id\":\"https:\\\/\\\/www.caudete.org\\\/ayuntamiento\\\/la-agenda2030-convoco-ayer-a-la-corporacion-municipal-con-el-objetivo-puesto-en-un-plan-de-accion-local\\\/\"},\"wordCount\":317,\"publisher\":{\"@id\":\"https:\\\/\\\/www.caudete.org\\\/ayuntamiento\\\/#organization\"},\"image\":{\"@id\":\"https:\\\/\\\/www.caudete.org\\\/ayuntamiento\\\/la-agenda2030-convoco-ayer-a-la-corporacion-municipal-con-el-objetivo-puesto-en-un-plan-de-accion-local\\\/#primaryimage\"},\"thumbnailUrl\":\"https:\\\/\\\/www.caudete.org\\\/ayuntamiento\\\/wp-content\\\/uploads\\\/2024\\\/09\\\/agenda2030.jpg\",\"articleSection\":[\"Promoci\u00f3n y Desarrollo Econ\u00f3mico\"],\"inLanguage\":\"es\"},{\"@type\":\"WebPage\",\"@id\":\"https:\\\/\\\/www.caudete.org\\\/ayuntamiento\\\/la-agenda2030-convoco-ayer-a-la-corporacion-municipal-con-el-objetivo-puesto-en-un-plan-de-accion-local\\\/\",\"url\":\"https:\\\/\\\/www.caudete.org\\\/ayuntamiento\\\/la-agenda2030-convoco-ayer-a-la-corporacion-municipal-con-el-objetivo-puesto-en-un-plan-de-accion-local\\\/\",\"name\":\"La AGENDA2030 convoc\u00f3 ayer a la Corporaci\u00f3n Municipal con el objetivo puesto en un Plan de Acci\u00f3n Local - MI Ayuntamiento de Caudete\",\"isPartOf\":{\"@id\":\"https:\\\/\\\/www.caudete.org\\\/ayuntamiento\\\/#website\"},\"primaryImageOfPage\":{\"@id\":\"https:\\\/\\\/www.caudete.org\\\/ayuntamiento\\\/la-agenda2030-convoco-ayer-a-la-corporacion-municipal-con-el-objetivo-puesto-en-un-plan-de-accion-local\\\/#primaryimage\"},\"image\":{\"@id\":\"https:\\\/\\\/www.caudete.org\\\/ayuntamiento\\\/la-agenda2030-convoco-ayer-a-la-corporacion-municipal-con-el-objetivo-puesto-en-un-plan-de-accion-local\\\/#primaryimage\"},\"thumbnailUrl\":\"https:\\\/\\\/www.caudete.org\\\/ayuntamiento\\\/wp-content\\\/uploads\\\/2024\\\/09\\\/agenda2030.jpg\",\"datePublished\":\"2024-09-18T06:32:57+00:00\",\"description\":\"P\u00e1gina Oficial del Ayuntamiento de Caudete (Albacete)\",\"breadcrumb\":{\"@id\":\"https:\\\/\\\/www.caudete.org\\\/ayuntamiento\\\/la-agenda2030-convoco-ayer-a-la-corporacion-municipal-con-el-objetivo-puesto-en-un-plan-de-accion-local\\\/#breadcrumb\"},\"inLanguage\":\"es\",\"potentialAction\":[{\"@type\":\"ReadAction\",\"target\":[\"https:\\\/\\\/www.caudete.org\\\/ayuntamiento\\\/la-agenda2030-convoco-ayer-a-la-corporacion-municipal-con-el-objetivo-puesto-en-un-plan-de-accion-local\\\/\"]}]},{\"@type\":\"ImageObject\",\"inLanguage\":\"es\",\"@id\":\"https:\\\/\\\/www.caudete.org\\\/ayuntamiento\\\/la-agenda2030-convoco-ayer-a-la-corporacion-municipal-con-el-objetivo-puesto-en-un-plan-de-accion-local\\\/#primaryimage\",\"url\":\"https:\\\/\\\/www.caudete.org\\\/ayuntamiento\\\/wp-content\\\/uploads\\\/2024\\\/09\\\/agenda2030.jpg\",\"contentUrl\":\"https:\\\/\\\/www.caudete.org\\\/ayuntamiento\\\/wp-content\\\/uploads\\\/2024\\\/09\\\/agenda2030.jpg\",\"width\":985,\"height\":572},{\"@type\":\"BreadcrumbList\",\"@id\":\"https:\\\/\\\/www.caudete.org\\\/ayuntamiento\\\/la-agenda2030-convoco-ayer-a-la-corporacion-municipal-con-el-objetivo-puesto-en-un-plan-de-accion-local\\\/#breadcrumb\",\"itemListElement\":[{\"@type\":\"ListItem\",\"position\":1,\"name\":\"Inicio\",\"item\":\"https:\\\/\\\/www.caudete.org\\\/ayuntamiento\\\/\"},{\"@type\":\"ListItem\",\"position\":2,\"name\":\"La AGENDA2030 convoc\u00f3 ayer a la Corporaci\u00f3n Municipal con el objetivo puesto en un Plan de Acci\u00f3n Local\"}]},{\"@type\":\"WebSite\",\"@id\":\"https:\\\/\\\/www.caudete.org\\\/ayuntamiento\\\/#website\",\"url\":\"https:\\\/\\\/www.caudete.org\\\/ayuntamiento\\\/\",\"name\":\"MI Ayuntamiento de Caudete\",\"description\":\"P\u00e1gina Oficial del MI Ayuntamiento de Caudete\",\"publisher\":{\"@id\":\"https:\\\/\\\/www.caudete.org\\\/ayuntamiento\\\/#organization\"},\"potentialAction\":[{\"@type\":\"SearchAction\",\"target\":{\"@type\":\"EntryPoint\",\"urlTemplate\":\"https:\\\/\\\/www.caudete.org\\\/ayuntamiento\\\/?s={search_term_string}\"},\"query-input\":{\"@type\":\"PropertyValueSpecification\",\"valueRequired\":true,\"valueName\":\"search_term_string\"}}],\"inLanguage\":\"es\"},{\"@type\":\"Organization\",\"@id\":\"https:\\\/\\\/www.caudete.org\\\/ayuntamiento\\\/#organization\",\"name\":\"Ayuntamiento de Caudete\",\"url\":\"https:\\\/\\\/www.caudete.org\\\/ayuntamiento\\\/\",\"logo\":{\"@type\":\"ImageObject\",\"inLanguage\":\"es\",\"@id\":\"https:\\\/\\\/www.caudete.org\\\/ayuntamiento\\\/#\\\/schema\\\/logo\\\/image\\\/\",\"url\":\"https:\\\/\\\/www.caudete.org\\\/ayuntamiento\\\/wp-content\\\/uploads\\\/2020\\\/11\\\/logo_ayuntamiento_caudete.jpg\",\"contentUrl\":\"https:\\\/\\\/www.caudete.org\\\/ayuntamiento\\\/wp-content\\\/uploads\\\/2020\\\/11\\\/logo_ayuntamiento_caudete.jpg\",\"width\":600,\"height\":150,\"caption\":\"Ayuntamiento de Caudete\"},\"image\":{\"@id\":\"https:\\\/\\\/www.caudete.org\\\/ayuntamiento\\\/#\\\/schema\\\/logo\\\/image\\\/\"},\"sameAs\":[\"https:\\\/\\\/www.facebook.com\\\/ayuntamientocaudete\\\/\",\"https:\\\/\\\/www.youtube.com\\\/channel\\\/UC6VztHaooNsGpw-tNoBEFnQ\"]},{\"@type\":\"Person\",\"@id\":\"https:\\\/\\\/www.caudete.org\\\/ayuntamiento\\\/#\\\/schema\\\/person\\\/cc646da9133078ee4d8dd47457947253\",\"name\":\"alcalde\",\"image\":{\"@type\":\"ImageObject\",\"inLanguage\":\"es\",\"@id\":\"https:\\\/\\\/secure.gravatar.com\\\/avatar\\\/84a817ba065b29ff08d666b215a215f5c79186a645ccb25b14a663d48a130f77?s=96&d=mm&r=g\",\"url\":\"https:\\\/\\\/secure.gravatar.com\\\/avatar\\\/84a817ba065b29ff08d666b215a215f5c79186a645ccb25b14a663d48a130f77?s=96&d=mm&r=g\",\"contentUrl\":\"https:\\\/\\\/secure.gravatar.com\\\/avatar\\\/84a817ba065b29ff08d666b215a215f5c79186a645ccb25b14a663d48a130f77?s=96&d=mm&r=g\",\"caption\":\"alcalde\"},\"url\":\"https:\\\/\\\/www.caudete.org\\\/ayuntamiento\\\/author\\\/alcalde\\\/\"}]}<\/script>\n<!-- \/ Yoast SEO plugin. -->","yoast_head_json":{"title":"La AGENDA2030 convoc\u00f3 ayer a la Corporaci\u00f3n Municipal con el objetivo puesto en un Plan de Acci\u00f3n Local - MI Ayuntamiento de Caudete","description":"P\u00e1gina Oficial del Ayuntamiento de Caudete (Albacete)","robots":{"index":"index","follow":"follow","max-snippet":"max-snippet:-1","max-image-preview":"max-image-preview:large","max-video-preview":"max-video-preview:-1"},"canonical":"https:\/\/www.caudete.org\/ayuntamiento\/la-agenda2030-convoco-ayer-a-la-corporacion-municipal-con-el-objetivo-puesto-en-un-plan-de-accion-local\/","og_locale":"es_ES","og_type":"article","og_title":"La AGENDA2030 convoc\u00f3 ayer a la Corporaci\u00f3n Municipal con el objetivo puesto en un Plan de Acci\u00f3n Local - MI Ayuntamiento de Caudete","og_description":"P\u00e1gina Oficial del Ayuntamiento de Caudete (Albacete)","og_url":"https:\/\/www.caudete.org\/ayuntamiento\/la-agenda2030-convoco-ayer-a-la-corporacion-municipal-con-el-objetivo-puesto-en-un-plan-de-accion-local\/","og_site_name":"MI Ayuntamiento de Caudete","article_publisher":"https:\/\/www.facebook.com\/ayuntamientocaudete\/","article_published_time":"2024-09-18T06:32:57+00:00","og_image":[{"width":985,"height":572,"url":"https:\/\/www.caudete.org\/ayuntamiento\/wp-content\/uploads\/2024\/09\/agenda2030.jpg","type":"image\/jpeg"}],"author":"alcalde","twitter_card":"summary_large_image","twitter_misc":{"Escrito por":"alcalde","Tiempo de lectura":"2 minutos"},"schema":{"@context":"https:\/\/schema.org","@graph":[{"@type":"Article","@id":"https:\/\/www.caudete.org\/ayuntamiento\/la-agenda2030-convoco-ayer-a-la-corporacion-municipal-con-el-objetivo-puesto-en-un-plan-de-accion-local\/#article","isPartOf":{"@id":"https:\/\/www.caudete.org\/ayuntamiento\/la-agenda2030-convoco-ayer-a-la-corporacion-municipal-con-el-objetivo-puesto-en-un-plan-de-accion-local\/"},"author":{"name":"alcalde","@id":"https:\/\/www.caudete.org\/ayuntamiento\/#\/schema\/person\/cc646da9133078ee4d8dd47457947253"},"headline":"La AGENDA2030 convoc\u00f3 ayer a la Corporaci\u00f3n Municipal con el objetivo puesto en un Plan de Acci\u00f3n Local","datePublished":"2024-09-18T06:32:57+00:00","mainEntityOfPage":{"@id":"https:\/\/www.caudete.org\/ayuntamiento\/la-agenda2030-convoco-ayer-a-la-corporacion-municipal-con-el-objetivo-puesto-en-un-plan-de-accion-local\/"},"wordCount":317,"publisher":{"@id":"https:\/\/www.caudete.org\/ayuntamiento\/#organization"},"image":{"@id":"https:\/\/www.caudete.org\/ayuntamiento\/la-agenda2030-convoco-ayer-a-la-corporacion-municipal-con-el-objetivo-puesto-en-un-plan-de-accion-local\/#primaryimage"},"thumbnailUrl":"https:\/\/www.caudete.org\/ayuntamiento\/wp-content\/uploads\/2024\/09\/agenda2030.jpg","articleSection":["Promoci\u00f3n y Desarrollo Econ\u00f3mico"],"inLanguage":"es"},{"@type":"WebPage","@id":"https:\/\/www.caudete.org\/ayuntamiento\/la-agenda2030-convoco-ayer-a-la-corporacion-municipal-con-el-objetivo-puesto-en-un-plan-de-accion-local\/","url":"https:\/\/www.caudete.org\/ayuntamiento\/la-agenda2030-convoco-ayer-a-la-corporacion-municipal-con-el-objetivo-puesto-en-un-plan-de-accion-local\/","name":"La AGENDA2030 convoc\u00f3 ayer a la Corporaci\u00f3n Municipal con el objetivo puesto en un Plan de Acci\u00f3n Local - MI Ayuntamiento de Caudete","isPartOf":{"@id":"https:\/\/www.caudete.org\/ayuntamiento\/#website"},"primaryImageOfPage":{"@id":"https:\/\/www.caudete.org\/ayuntamiento\/la-agenda2030-convoco-ayer-a-la-corporacion-municipal-con-el-objetivo-puesto-en-un-plan-de-accion-local\/#primaryimage"},"image":{"@id":"https:\/\/www.caudete.org\/ayuntamiento\/la-agenda2030-convoco-ayer-a-la-corporacion-municipal-con-el-objetivo-puesto-en-un-plan-de-accion-local\/#primaryimage"},"thumbnailUrl":"https:\/\/www.caudete.org\/ayuntamiento\/wp-content\/uploads\/2024\/09\/agenda2030.jpg","datePublished":"2024-09-18T06:32:57+00:00","description":"P\u00e1gina Oficial del Ayuntamiento de Caudete (Albacete)","breadcrumb":{"@id":"https:\/\/www.caudete.org\/ayuntamiento\/la-agenda2030-convoco-ayer-a-la-corporacion-municipal-con-el-objetivo-puesto-en-un-plan-de-accion-local\/#breadcrumb"},"inLanguage":"es","potentialAction":[{"@type":"ReadAction","target":["https:\/\/www.caudete.org\/ayuntamiento\/la-agenda2030-convoco-ayer-a-la-corporacion-municipal-con-el-objetivo-puesto-en-un-plan-de-accion-local\/"]}]},{"@type":"ImageObject","inLanguage":"es","@id":"https:\/\/www.caudete.org\/ayuntamiento\/la-agenda2030-convoco-ayer-a-la-corporacion-municipal-con-el-objetivo-puesto-en-un-plan-de-accion-local\/#primaryimage","url":"https:\/\/www.caudete.org\/ayuntamiento\/wp-content\/uploads\/2024\/09\/agenda2030.jpg","contentUrl":"https:\/\/www.caudete.org\/ayuntamiento\/wp-content\/uploads\/2024\/09\/agenda2030.jpg","width":985,"height":572},{"@type":"BreadcrumbList","@id":"https:\/\/www.caudete.org\/ayuntamiento\/la-agenda2030-convoco-ayer-a-la-corporacion-municipal-con-el-objetivo-puesto-en-un-plan-de-accion-local\/#breadcrumb","itemListElement":[{"@type":"ListItem","position":1,"name":"Inicio","item":"https:\/\/www.caudete.org\/ayuntamiento\/"},{"@type":"ListItem","position":2,"name":"La AGENDA2030 convoc\u00f3 ayer a la Corporaci\u00f3n Municipal con el objetivo puesto en un Plan de Acci\u00f3n Local"}]},{"@type":"WebSite","@id":"https:\/\/www.caudete.org\/ayuntamiento\/#website","url":"https:\/\/www.caudete.org\/ayuntamiento\/","name":"MI Ayuntamiento de Caudete","description":"P\u00e1gina Oficial del MI Ayuntamiento de Caudete","publisher":{"@id":"https:\/\/www.caudete.org\/ayuntamiento\/#organization"},"potentialAction":[{"@type":"SearchAction","target":{"@type":"EntryPoint","urlTemplate":"https:\/\/www.caudete.org\/ayuntamiento\/?s={search_term_string}"},"query-input":{"@type":"PropertyValueSpecification","valueRequired":true,"valueName":"search_term_string"}}],"inLanguage":"es"},{"@type":"Organization","@id":"https:\/\/www.caudete.org\/ayuntamiento\/#organization","name":"Ayuntamiento de Caudete","url":"https:\/\/www.caudete.org\/ayuntamiento\/","logo":{"@type":"ImageObject","inLanguage":"es","@id":"https:\/\/www.caudete.org\/ayuntamiento\/#\/schema\/logo\/image\/","url":"https:\/\/www.caudete.org\/ayuntamiento\/wp-content\/uploads\/2020\/11\/logo_ayuntamiento_caudete.jpg","contentUrl":"https:\/\/www.caudete.org\/ayuntamiento\/wp-content\/uploads\/2020\/11\/logo_ayuntamiento_caudete.jpg","width":600,"height":150,"caption":"Ayuntamiento de Caudete"},"image":{"@id":"https:\/\/www.caudete.org\/ayuntamiento\/#\/schema\/logo\/image\/"},"sameAs":["https:\/\/www.facebook.com\/ayuntamientocaudete\/","https:\/\/www.youtube.com\/channel\/UC6VztHaooNsGpw-tNoBEFnQ"]},{"@type":"Person","@id":"https:\/\/www.caudete.org\/ayuntamiento\/#\/schema\/person\/cc646da9133078ee4d8dd47457947253","name":"alcalde","image":{"@type":"ImageObject","inLanguage":"es","@id":"https:\/\/secure.gravatar.com\/avatar\/84a817ba065b29ff08d666b215a215f5c79186a645ccb25b14a663d48a130f77?s=96&d=mm&r=g","url":"https:\/\/secure.gravatar.com\/avatar\/84a817ba065b29ff08d666b215a215f5c79186a645ccb25b14a663d48a130f77?s=96&d=mm&r=g","contentUrl":"https:\/\/secure.gravatar.com\/avatar\/84a817ba065b29ff08d666b215a215f5c79186a645ccb25b14a663d48a130f77?s=96&d=mm&r=g","caption":"alcalde"},"url":"https:\/\/www.caudete.org\/ayuntamiento\/author\/alcalde\/"}]}},"_links":{"self":[{"href":"https:\/\/www.caudete.org\/ayuntamiento\/wp-json\/wp\/v2\/posts\/26065","targetHints":{"allow":["GET"]}}],"collection":[{"href":"https:\/\/www.caudete.org\/ayuntamiento\/wp-json\/wp\/v2\/posts"}],"about":[{"href":"https:\/\/www.caudete.org\/ayuntamiento\/wp-json\/wp\/v2\/types\/post"}],"author":[{"embeddable":true,"href":"https:\/\/www.caudete.org\/ayuntamiento\/wp-json\/wp\/v2\/users\/3"}],"replies":[{"embeddable":true,"href":"https:\/\/www.caudete.org\/ayuntamiento\/wp-json\/wp\/v2\/comments?post=26065"}],"version-history":[{"count":1,"href":"https:\/\/www.caudete.org\/ayuntamiento\/wp-json\/wp\/v2\/posts\/26065\/revisions"}],"predecessor-version":[{"id":26067,"href":"https:\/\/www.caudete.org\/ayuntamiento\/wp-json\/wp\/v2\/posts\/26065\/revisions\/26067"}],"wp:featuredmedia":[{"embeddable":true,"href":"https:\/\/www.caudete.org\/ayuntamiento\/wp-json\/wp\/v2\/media\/26066"}],"wp:attachment":[{"href":"https:\/\/www.caudete.org\/ayuntamiento\/wp-json\/wp\/v2\/media?parent=26065"}],"wp:term":[{"taxonomy":"category","embeddable":true,"href":"https:\/\/www.caudete.org\/ayuntamiento\/wp-json\/wp\/v2\/categories?post=26065"},{"taxonomy":"post_tag","embeddable":true,"href":"https:\/\/www.caudete.org\/ayuntamiento\/wp-json\/wp\/v2\/tags?post=26065"}],"curies":[{"name":"wp","href":"https:\/\/api.w.org\/{rel}","templated":true}]}}