{"id":26092,"date":"2024-09-20T09:14:20","date_gmt":"2024-09-20T07:14:20","guid":{"rendered":"https:\/\/www.caudete.org\/ayuntamiento\/?p=26092"},"modified":"2024-09-19T20:42:03","modified_gmt":"2024-09-19T18:42:03","slug":"el-peezrd-sigue-recuperando-espacios-de-la-oficina-de-turismo","status":"publish","type":"post","link":"https:\/\/www.caudete.org\/ayuntamiento\/el-peezrd-sigue-recuperando-espacios-de-la-oficina-de-turismo\/","title":{"rendered":"El PEEZRD sigue recuperando espacios de la Oficina de Turismo"},"content":{"rendered":"<p><a href=\"https:\/\/www.caudete.org\/ayuntamiento\/wp-content\/uploads\/2024\/09\/WhatsApp-Image-2024-09-18-at-10.16.36.jpeg\" rel='prettyPhoto'><img fetchpriority=\"high\" decoding=\"async\" class=\"alignnone wp-image-26094 size-full\" src=\"https:\/\/www.caudete.org\/ayuntamiento\/wp-content\/uploads\/2024\/09\/WhatsApp-Image-2024-09-18-at-10.16.36.jpeg\" alt=\"\" width=\"2048\" height=\"1152\" srcset=\"https:\/\/www.caudete.org\/ayuntamiento\/wp-content\/uploads\/2024\/09\/WhatsApp-Image-2024-09-18-at-10.16.36.jpeg 2048w, https:\/\/www.caudete.org\/ayuntamiento\/wp-content\/uploads\/2024\/09\/WhatsApp-Image-2024-09-18-at-10.16.36-300x169.jpeg 300w, https:\/\/www.caudete.org\/ayuntamiento\/wp-content\/uploads\/2024\/09\/WhatsApp-Image-2024-09-18-at-10.16.36-1024x576.jpeg 1024w, https:\/\/www.caudete.org\/ayuntamiento\/wp-content\/uploads\/2024\/09\/WhatsApp-Image-2024-09-18-at-10.16.36-768x432.jpeg 768w, https:\/\/www.caudete.org\/ayuntamiento\/wp-content\/uploads\/2024\/09\/WhatsApp-Image-2024-09-18-at-10.16.36-1536x864.jpeg 1536w\" sizes=\"(max-width: 2048px) 100vw, 2048px\" \/><\/a><\/p>\n<p><a href=\"https:\/\/www.caudete.org\/ayuntamiento\/wp-content\/uploads\/2024\/09\/WhatsApp-Image-2024-09-19-at-20.13.56.jpeg\" rel='prettyPhoto'><img decoding=\"async\" class=\"alignnone wp-image-26098 size-full\" src=\"https:\/\/www.caudete.org\/ayuntamiento\/wp-content\/uploads\/2024\/09\/WhatsApp-Image-2024-09-19-at-20.13.56.jpeg\" alt=\"\" width=\"1536\" height=\"2048\" srcset=\"https:\/\/www.caudete.org\/ayuntamiento\/wp-content\/uploads\/2024\/09\/WhatsApp-Image-2024-09-19-at-20.13.56.jpeg 1536w, https:\/\/www.caudete.org\/ayuntamiento\/wp-content\/uploads\/2024\/09\/WhatsApp-Image-2024-09-19-at-20.13.56-225x300.jpeg 225w, https:\/\/www.caudete.org\/ayuntamiento\/wp-content\/uploads\/2024\/09\/WhatsApp-Image-2024-09-19-at-20.13.56-768x1024.jpeg 768w, https:\/\/www.caudete.org\/ayuntamiento\/wp-content\/uploads\/2024\/09\/WhatsApp-Image-2024-09-19-at-20.13.56-1152x1536.jpeg 1152w\" sizes=\"(max-width: 1536px) 100vw, 1536px\" \/><\/a><\/p>\n<p style=\"text-align: justify;\">El Alcalde Mois\u00e9s L\u00f3pez, encargado del \u00e1rea de Obras junto al Concejal de Turismo y Patrimonio Diego Cuenca, han presentado esta ma\u00f1ana en TV uno de los proyectos del PEEZRD con los que este a\u00f1o Caudete cuenta en su programaci\u00f3n.<\/p>\n<p style=\"text-align: justify;\">Del total de 18 operarios, un grupo de 6 trabajadores tienen el cometido durante 3 meses de contrato laboral a desempe\u00f1ar un proyecto de recuperaci\u00f3n y puesta en valor de recursos patrimoniales, y que ha sido enfocado principalmente en la Oficina de Turismo, la cual tras poco m\u00e1s de 1 a\u00f1o y medio de vida ha conseguido atraer y cautivar a miles de personas que han pasado ya por sus instalaciones.<\/p>\n<p style=\"text-align: justify;\">Si en un primer momento abri\u00f3 sus puertas habiendo habilitado parte de la planta baja del centenario inmueble, y poco despu\u00e9s, con el PEEZRD del 2023 recuper\u00f3 y puso en valor parcialmente su Bodega, en este a\u00f1o 2024 cobra nuevo impulso, y a gran escala debido al alcance de las obras menores que est\u00e1n ejecutando.<\/p>\n<p style=\"text-align: justify;\">Por un lado, toda la carpinter\u00eda exterior de madera en planta baja y rejer\u00eda de forja ha sido restaurada, a lo que le ha seguido parte del mobiliario adquirido a finales de a\u00f1o para la Bodega, consistente en 12 barricas de roble.<\/p>\n<p style=\"text-align: justify;\">En la zona de patios, ha sido recuperada el forjado de vigas de madera del porche, el cubierto de carruaje, y zona de acceso a vivienda; as\u00ed como el pavimento original de losas de uno de los patios interiores, y las caballerizas ubicada en otro de ellos.<\/p>\n<p style=\"text-align: justify;\">Ya en la zona de vivienda, ha sido rehabilitado todos los paramentos, carpinter\u00edas y dem\u00e1s elementos del terrado, cocina, despensas y de parte de las habitaciones contiguas a la parte noble de la vivienda.<\/p>\n<p style=\"text-align: justify;\">Seg\u00fan han trasladado, las previsiones establecidas se est\u00e1n cumpliendo a buen ritmo, y pronto los caudetanos podr\u00e1n disfrutar de estos nuevos espacios recuperados en la Oficina de Turismo.<\/p>\n<p><a href=\"https:\/\/www.caudete.org\/ayuntamiento\/wp-content\/uploads\/2024\/09\/WhatsApp-Image-2024-09-19-at-20.13.56-2.jpeg\" rel='prettyPhoto'><img decoding=\"async\" class=\"alignnone wp-image-26096 size-full\" src=\"https:\/\/www.caudete.org\/ayuntamiento\/wp-content\/uploads\/2024\/09\/WhatsApp-Image-2024-09-19-at-20.13.56-2.jpeg\" alt=\"\" width=\"1536\" height=\"2048\" srcset=\"https:\/\/www.caudete.org\/ayuntamiento\/wp-content\/uploads\/2024\/09\/WhatsApp-Image-2024-09-19-at-20.13.56-2.jpeg 1536w, https:\/\/www.caudete.org\/ayuntamiento\/wp-content\/uploads\/2024\/09\/WhatsApp-Image-2024-09-19-at-20.13.56-2-225x300.jpeg 225w, https:\/\/www.caudete.org\/ayuntamiento\/wp-content\/uploads\/2024\/09\/WhatsApp-Image-2024-09-19-at-20.13.56-2-768x1024.jpeg 768w, https:\/\/www.caudete.org\/ayuntamiento\/wp-content\/uploads\/2024\/09\/WhatsApp-Image-2024-09-19-at-20.13.56-2-1152x1536.jpeg 1152w\" sizes=\"(max-width: 1536px) 100vw, 1536px\" \/><\/a><\/p>\n<p>&nbsp;<\/p>\n","protected":false},"excerpt":{"rendered":"<p>El Alcalde Mois\u00e9s L\u00f3pez, encargado del \u00e1rea de Obras junto al Concejal de Turismo y Patrimonio Diego Cuenca, han presentado esta ma\u00f1ana en TV uno de los proyectos del PEEZRD con los que este a\u00f1o Caudete cuenta en su programaci\u00f3n. Del total de 18 operarios, un grupo de 6 trabajadores tienen el cometido durante 3 &hellip;<\/p>\n","protected":false},"author":3,"featured_media":26095,"comment_status":"closed","ping_status":"open","sticky":false,"template":"","format":"standard","meta":{"ngg_post_thumbnail":0,"footnotes":""},"categories":[675],"tags":[],"class_list":["post-26092","post","type-post","status-publish","format-standard","has-post-thumbnail","hentry","category-obras"],"yoast_head":"<!-- This site is optimized with the Yoast SEO plugin v27.5 - https:\/\/yoast.com\/product\/yoast-seo-wordpress\/ -->\n<title>El PEEZRD sigue recuperando espacios de la Oficina de Turismo - MI Ayuntamiento de Caudete<\/title>\n<meta name=\"description\" content=\"P\u00e1gina Oficial del Ayuntamiento de Caudete (Albacete)\" \/>\n<meta name=\"robots\" content=\"index, follow, max-snippet:-1, max-image-preview:large, max-video-preview:-1\" \/>\n<link rel=\"canonical\" href=\"https:\/\/www.caudete.org\/ayuntamiento\/el-peezrd-sigue-recuperando-espacios-de-la-oficina-de-turismo\/\" \/>\n<meta property=\"og:locale\" content=\"es_ES\" \/>\n<meta property=\"og:type\" content=\"article\" \/>\n<meta property=\"og:title\" content=\"El PEEZRD sigue recuperando espacios de la Oficina de Turismo - MI Ayuntamiento de Caudete\" \/>\n<meta property=\"og:description\" content=\"P\u00e1gina Oficial del Ayuntamiento de Caudete (Albacete)\" \/>\n<meta property=\"og:url\" content=\"https:\/\/www.caudete.org\/ayuntamiento\/el-peezrd-sigue-recuperando-espacios-de-la-oficina-de-turismo\/\" \/>\n<meta property=\"og:site_name\" content=\"MI Ayuntamiento de Caudete\" \/>\n<meta property=\"article:publisher\" content=\"https:\/\/www.facebook.com\/ayuntamientocaudete\/\" \/>\n<meta property=\"article:published_time\" content=\"2024-09-20T07:14:20+00:00\" \/>\n<meta property=\"og:image\" content=\"https:\/\/www.caudete.org\/ayuntamiento\/wp-content\/uploads\/2024\/09\/WhatsApp-Image-2024-09-19-at-20.13.57.jpeg\" \/>\n\t<meta property=\"og:image:width\" content=\"2048\" \/>\n\t<meta property=\"og:image:height\" content=\"1536\" \/>\n\t<meta property=\"og:image:type\" content=\"image\/jpeg\" \/>\n<meta name=\"author\" content=\"alcalde\" \/>\n<meta name=\"twitter:card\" content=\"summary_large_image\" \/>\n<meta name=\"twitter:label1\" content=\"Escrito por\" \/>\n\t<meta name=\"twitter:data1\" content=\"alcalde\" \/>\n\t<meta name=\"twitter:label2\" content=\"Tiempo de lectura\" \/>\n\t<meta name=\"twitter:data2\" content=\"3 minutos\" \/>\n<script type=\"application\/ld+json\" class=\"yoast-schema-graph\">{\"@context\":\"https:\\\/\\\/schema.org\",\"@graph\":[{\"@type\":\"Article\",\"@id\":\"https:\\\/\\\/www.caudete.org\\\/ayuntamiento\\\/el-peezrd-sigue-recuperando-espacios-de-la-oficina-de-turismo\\\/#article\",\"isPartOf\":{\"@id\":\"https:\\\/\\\/www.caudete.org\\\/ayuntamiento\\\/el-peezrd-sigue-recuperando-espacios-de-la-oficina-de-turismo\\\/\"},\"author\":{\"name\":\"alcalde\",\"@id\":\"https:\\\/\\\/www.caudete.org\\\/ayuntamiento\\\/#\\\/schema\\\/person\\\/cc646da9133078ee4d8dd47457947253\"},\"headline\":\"El PEEZRD sigue recuperando espacios de la Oficina de Turismo\",\"datePublished\":\"2024-09-20T07:14:20+00:00\",\"mainEntityOfPage\":{\"@id\":\"https:\\\/\\\/www.caudete.org\\\/ayuntamiento\\\/el-peezrd-sigue-recuperando-espacios-de-la-oficina-de-turismo\\\/\"},\"wordCount\":341,\"image\":{\"@id\":\"https:\\\/\\\/www.caudete.org\\\/ayuntamiento\\\/el-peezrd-sigue-recuperando-espacios-de-la-oficina-de-turismo\\\/#primaryimage\"},\"thumbnailUrl\":\"https:\\\/\\\/www.caudete.org\\\/ayuntamiento\\\/wp-content\\\/uploads\\\/2024\\\/09\\\/WhatsApp-Image-2024-09-19-at-20.13.57.jpeg\",\"articleSection\":[\"Obras\"],\"inLanguage\":\"es\"},{\"@type\":\"WebPage\",\"@id\":\"https:\\\/\\\/www.caudete.org\\\/ayuntamiento\\\/el-peezrd-sigue-recuperando-espacios-de-la-oficina-de-turismo\\\/\",\"url\":\"https:\\\/\\\/www.caudete.org\\\/ayuntamiento\\\/el-peezrd-sigue-recuperando-espacios-de-la-oficina-de-turismo\\\/\",\"name\":\"El PEEZRD sigue recuperando espacios de la Oficina de Turismo - MI Ayuntamiento de Caudete\",\"isPartOf\":{\"@id\":\"https:\\\/\\\/www.caudete.org\\\/ayuntamiento\\\/#website\"},\"primaryImageOfPage\":{\"@id\":\"https:\\\/\\\/www.caudete.org\\\/ayuntamiento\\\/el-peezrd-sigue-recuperando-espacios-de-la-oficina-de-turismo\\\/#primaryimage\"},\"image\":{\"@id\":\"https:\\\/\\\/www.caudete.org\\\/ayuntamiento\\\/el-peezrd-sigue-recuperando-espacios-de-la-oficina-de-turismo\\\/#primaryimage\"},\"thumbnailUrl\":\"https:\\\/\\\/www.caudete.org\\\/ayuntamiento\\\/wp-content\\\/uploads\\\/2024\\\/09\\\/WhatsApp-Image-2024-09-19-at-20.13.57.jpeg\",\"datePublished\":\"2024-09-20T07:14:20+00:00\",\"author\":{\"@id\":\"https:\\\/\\\/www.caudete.org\\\/ayuntamiento\\\/#\\\/schema\\\/person\\\/cc646da9133078ee4d8dd47457947253\"},\"description\":\"P\u00e1gina Oficial del Ayuntamiento de Caudete (Albacete)\",\"breadcrumb\":{\"@id\":\"https:\\\/\\\/www.caudete.org\\\/ayuntamiento\\\/el-peezrd-sigue-recuperando-espacios-de-la-oficina-de-turismo\\\/#breadcrumb\"},\"inLanguage\":\"es\",\"potentialAction\":[{\"@type\":\"ReadAction\",\"target\":[\"https:\\\/\\\/www.caudete.org\\\/ayuntamiento\\\/el-peezrd-sigue-recuperando-espacios-de-la-oficina-de-turismo\\\/\"]}]},{\"@type\":\"ImageObject\",\"inLanguage\":\"es\",\"@id\":\"https:\\\/\\\/www.caudete.org\\\/ayuntamiento\\\/el-peezrd-sigue-recuperando-espacios-de-la-oficina-de-turismo\\\/#primaryimage\",\"url\":\"https:\\\/\\\/www.caudete.org\\\/ayuntamiento\\\/wp-content\\\/uploads\\\/2024\\\/09\\\/WhatsApp-Image-2024-09-19-at-20.13.57.jpeg\",\"contentUrl\":\"https:\\\/\\\/www.caudete.org\\\/ayuntamiento\\\/wp-content\\\/uploads\\\/2024\\\/09\\\/WhatsApp-Image-2024-09-19-at-20.13.57.jpeg\",\"width\":2048,\"height\":1536},{\"@type\":\"BreadcrumbList\",\"@id\":\"https:\\\/\\\/www.caudete.org\\\/ayuntamiento\\\/el-peezrd-sigue-recuperando-espacios-de-la-oficina-de-turismo\\\/#breadcrumb\",\"itemListElement\":[{\"@type\":\"ListItem\",\"position\":1,\"name\":\"Inicio\",\"item\":\"https:\\\/\\\/www.caudete.org\\\/ayuntamiento\\\/\"},{\"@type\":\"ListItem\",\"position\":2,\"name\":\"El PEEZRD sigue recuperando espacios de la Oficina de Turismo\"}]},{\"@type\":\"WebSite\",\"@id\":\"https:\\\/\\\/www.caudete.org\\\/ayuntamiento\\\/#website\",\"url\":\"https:\\\/\\\/www.caudete.org\\\/ayuntamiento\\\/\",\"name\":\"MI Ayuntamiento de Caudete\",\"description\":\"P\u00e1gina Oficial del MI Ayuntamiento de Caudete\",\"potentialAction\":[{\"@type\":\"SearchAction\",\"target\":{\"@type\":\"EntryPoint\",\"urlTemplate\":\"https:\\\/\\\/www.caudete.org\\\/ayuntamiento\\\/?s={search_term_string}\"},\"query-input\":{\"@type\":\"PropertyValueSpecification\",\"valueRequired\":true,\"valueName\":\"search_term_string\"}}],\"inLanguage\":\"es\"},{\"@type\":\"Person\",\"@id\":\"https:\\\/\\\/www.caudete.org\\\/ayuntamiento\\\/#\\\/schema\\\/person\\\/cc646da9133078ee4d8dd47457947253\",\"name\":\"alcalde\",\"image\":{\"@type\":\"ImageObject\",\"inLanguage\":\"es\",\"@id\":\"https:\\\/\\\/secure.gravatar.com\\\/avatar\\\/84a817ba065b29ff08d666b215a215f5c79186a645ccb25b14a663d48a130f77?s=96&d=mm&r=g\",\"url\":\"https:\\\/\\\/secure.gravatar.com\\\/avatar\\\/84a817ba065b29ff08d666b215a215f5c79186a645ccb25b14a663d48a130f77?s=96&d=mm&r=g\",\"contentUrl\":\"https:\\\/\\\/secure.gravatar.com\\\/avatar\\\/84a817ba065b29ff08d666b215a215f5c79186a645ccb25b14a663d48a130f77?s=96&d=mm&r=g\",\"caption\":\"alcalde\"},\"url\":\"https:\\\/\\\/www.caudete.org\\\/ayuntamiento\\\/author\\\/alcalde\\\/\"}]}<\/script>\n<!-- \/ Yoast SEO plugin. -->","yoast_head_json":{"title":"El PEEZRD sigue recuperando espacios de la Oficina de Turismo - MI Ayuntamiento de Caudete","description":"P\u00e1gina Oficial del Ayuntamiento de Caudete (Albacete)","robots":{"index":"index","follow":"follow","max-snippet":"max-snippet:-1","max-image-preview":"max-image-preview:large","max-video-preview":"max-video-preview:-1"},"canonical":"https:\/\/www.caudete.org\/ayuntamiento\/el-peezrd-sigue-recuperando-espacios-de-la-oficina-de-turismo\/","og_locale":"es_ES","og_type":"article","og_title":"El PEEZRD sigue recuperando espacios de la Oficina de Turismo - MI Ayuntamiento de Caudete","og_description":"P\u00e1gina Oficial del Ayuntamiento de Caudete (Albacete)","og_url":"https:\/\/www.caudete.org\/ayuntamiento\/el-peezrd-sigue-recuperando-espacios-de-la-oficina-de-turismo\/","og_site_name":"MI Ayuntamiento de Caudete","article_publisher":"https:\/\/www.facebook.com\/ayuntamientocaudete\/","article_published_time":"2024-09-20T07:14:20+00:00","og_image":[{"width":2048,"height":1536,"url":"https:\/\/www.caudete.org\/ayuntamiento\/wp-content\/uploads\/2024\/09\/WhatsApp-Image-2024-09-19-at-20.13.57.jpeg","type":"image\/jpeg"}],"author":"alcalde","twitter_card":"summary_large_image","twitter_misc":{"Escrito por":"alcalde","Tiempo de lectura":"3 minutos"},"schema":{"@context":"https:\/\/schema.org","@graph":[{"@type":"Article","@id":"https:\/\/www.caudete.org\/ayuntamiento\/el-peezrd-sigue-recuperando-espacios-de-la-oficina-de-turismo\/#article","isPartOf":{"@id":"https:\/\/www.caudete.org\/ayuntamiento\/el-peezrd-sigue-recuperando-espacios-de-la-oficina-de-turismo\/"},"author":{"name":"alcalde","@id":"https:\/\/www.caudete.org\/ayuntamiento\/#\/schema\/person\/cc646da9133078ee4d8dd47457947253"},"headline":"El PEEZRD sigue recuperando espacios de la Oficina de Turismo","datePublished":"2024-09-20T07:14:20+00:00","mainEntityOfPage":{"@id":"https:\/\/www.caudete.org\/ayuntamiento\/el-peezrd-sigue-recuperando-espacios-de-la-oficina-de-turismo\/"},"wordCount":341,"image":{"@id":"https:\/\/www.caudete.org\/ayuntamiento\/el-peezrd-sigue-recuperando-espacios-de-la-oficina-de-turismo\/#primaryimage"},"thumbnailUrl":"https:\/\/www.caudete.org\/ayuntamiento\/wp-content\/uploads\/2024\/09\/WhatsApp-Image-2024-09-19-at-20.13.57.jpeg","articleSection":["Obras"],"inLanguage":"es"},{"@type":"WebPage","@id":"https:\/\/www.caudete.org\/ayuntamiento\/el-peezrd-sigue-recuperando-espacios-de-la-oficina-de-turismo\/","url":"https:\/\/www.caudete.org\/ayuntamiento\/el-peezrd-sigue-recuperando-espacios-de-la-oficina-de-turismo\/","name":"El PEEZRD sigue recuperando espacios de la Oficina de Turismo - MI Ayuntamiento de Caudete","isPartOf":{"@id":"https:\/\/www.caudete.org\/ayuntamiento\/#website"},"primaryImageOfPage":{"@id":"https:\/\/www.caudete.org\/ayuntamiento\/el-peezrd-sigue-recuperando-espacios-de-la-oficina-de-turismo\/#primaryimage"},"image":{"@id":"https:\/\/www.caudete.org\/ayuntamiento\/el-peezrd-sigue-recuperando-espacios-de-la-oficina-de-turismo\/#primaryimage"},"thumbnailUrl":"https:\/\/www.caudete.org\/ayuntamiento\/wp-content\/uploads\/2024\/09\/WhatsApp-Image-2024-09-19-at-20.13.57.jpeg","datePublished":"2024-09-20T07:14:20+00:00","author":{"@id":"https:\/\/www.caudete.org\/ayuntamiento\/#\/schema\/person\/cc646da9133078ee4d8dd47457947253"},"description":"P\u00e1gina Oficial del Ayuntamiento de Caudete (Albacete)","breadcrumb":{"@id":"https:\/\/www.caudete.org\/ayuntamiento\/el-peezrd-sigue-recuperando-espacios-de-la-oficina-de-turismo\/#breadcrumb"},"inLanguage":"es","potentialAction":[{"@type":"ReadAction","target":["https:\/\/www.caudete.org\/ayuntamiento\/el-peezrd-sigue-recuperando-espacios-de-la-oficina-de-turismo\/"]}]},{"@type":"ImageObject","inLanguage":"es","@id":"https:\/\/www.caudete.org\/ayuntamiento\/el-peezrd-sigue-recuperando-espacios-de-la-oficina-de-turismo\/#primaryimage","url":"https:\/\/www.caudete.org\/ayuntamiento\/wp-content\/uploads\/2024\/09\/WhatsApp-Image-2024-09-19-at-20.13.57.jpeg","contentUrl":"https:\/\/www.caudete.org\/ayuntamiento\/wp-content\/uploads\/2024\/09\/WhatsApp-Image-2024-09-19-at-20.13.57.jpeg","width":2048,"height":1536},{"@type":"BreadcrumbList","@id":"https:\/\/www.caudete.org\/ayuntamiento\/el-peezrd-sigue-recuperando-espacios-de-la-oficina-de-turismo\/#breadcrumb","itemListElement":[{"@type":"ListItem","position":1,"name":"Inicio","item":"https:\/\/www.caudete.org\/ayuntamiento\/"},{"@type":"ListItem","position":2,"name":"El PEEZRD sigue recuperando espacios de la Oficina de Turismo"}]},{"@type":"WebSite","@id":"https:\/\/www.caudete.org\/ayuntamiento\/#website","url":"https:\/\/www.caudete.org\/ayuntamiento\/","name":"MI Ayuntamiento de Caudete","description":"P\u00e1gina Oficial del MI Ayuntamiento de Caudete","potentialAction":[{"@type":"SearchAction","target":{"@type":"EntryPoint","urlTemplate":"https:\/\/www.caudete.org\/ayuntamiento\/?s={search_term_string}"},"query-input":{"@type":"PropertyValueSpecification","valueRequired":true,"valueName":"search_term_string"}}],"inLanguage":"es"},{"@type":"Person","@id":"https:\/\/www.caudete.org\/ayuntamiento\/#\/schema\/person\/cc646da9133078ee4d8dd47457947253","name":"alcalde","image":{"@type":"ImageObject","inLanguage":"es","@id":"https:\/\/secure.gravatar.com\/avatar\/84a817ba065b29ff08d666b215a215f5c79186a645ccb25b14a663d48a130f77?s=96&d=mm&r=g","url":"https:\/\/secure.gravatar.com\/avatar\/84a817ba065b29ff08d666b215a215f5c79186a645ccb25b14a663d48a130f77?s=96&d=mm&r=g","contentUrl":"https:\/\/secure.gravatar.com\/avatar\/84a817ba065b29ff08d666b215a215f5c79186a645ccb25b14a663d48a130f77?s=96&d=mm&r=g","caption":"alcalde"},"url":"https:\/\/www.caudete.org\/ayuntamiento\/author\/alcalde\/"}]}},"_links":{"self":[{"href":"https:\/\/www.caudete.org\/ayuntamiento\/wp-json\/wp\/v2\/posts\/26092","targetHints":{"allow":["GET"]}}],"collection":[{"href":"https:\/\/www.caudete.org\/ayuntamiento\/wp-json\/wp\/v2\/posts"}],"about":[{"href":"https:\/\/www.caudete.org\/ayuntamiento\/wp-json\/wp\/v2\/types\/post"}],"author":[{"embeddable":true,"href":"https:\/\/www.caudete.org\/ayuntamiento\/wp-json\/wp\/v2\/users\/3"}],"replies":[{"embeddable":true,"href":"https:\/\/www.caudete.org\/ayuntamiento\/wp-json\/wp\/v2\/comments?post=26092"}],"version-history":[{"count":1,"href":"https:\/\/www.caudete.org\/ayuntamiento\/wp-json\/wp\/v2\/posts\/26092\/revisions"}],"predecessor-version":[{"id":26099,"href":"https:\/\/www.caudete.org\/ayuntamiento\/wp-json\/wp\/v2\/posts\/26092\/revisions\/26099"}],"wp:featuredmedia":[{"embeddable":true,"href":"https:\/\/www.caudete.org\/ayuntamiento\/wp-json\/wp\/v2\/media\/26095"}],"wp:attachment":[{"href":"https:\/\/www.caudete.org\/ayuntamiento\/wp-json\/wp\/v2\/media?parent=26092"}],"wp:term":[{"taxonomy":"category","embeddable":true,"href":"https:\/\/www.caudete.org\/ayuntamiento\/wp-json\/wp\/v2\/categories?post=26092"},{"taxonomy":"post_tag","embeddable":true,"href":"https:\/\/www.caudete.org\/ayuntamiento\/wp-json\/wp\/v2\/tags?post=26092"}],"curies":[{"name":"wp","href":"https:\/\/api.w.org\/{rel}","templated":true}]}}