{"id":26108,"date":"2024-09-20T15:02:54","date_gmt":"2024-09-20T13:02:54","guid":{"rendered":"https:\/\/www.caudete.org\/ayuntamiento\/?p=26108"},"modified":"2024-09-20T15:26:55","modified_gmt":"2024-09-20T13:26:55","slug":"el-cruce-entre-avda-villena-y-el-molino-se-regula-desde-hoy-con-rotonda-como-alternativa-a-los-semaforos","status":"publish","type":"post","link":"https:\/\/www.caudete.org\/ayuntamiento\/el-cruce-entre-avda-villena-y-el-molino-se-regula-desde-hoy-con-rotonda-como-alternativa-a-los-semaforos\/","title":{"rendered":"El cruce entre Avda.Villena y El Molino se regula desde hoy con ROTONDA como alternativa a los Sem\u00e1foros"},"content":{"rendered":"<p><a href=\"https:\/\/www.caudete.org\/ayuntamiento\/wp-content\/uploads\/2024\/09\/WhatsApp-Image-2024-09-20-at-15.22.21.jpeg\" rel='prettyPhoto'><img fetchpriority=\"high\" decoding=\"async\" class=\"alignnone wp-image-26111 size-full\" src=\"https:\/\/www.caudete.org\/ayuntamiento\/wp-content\/uploads\/2024\/09\/WhatsApp-Image-2024-09-20-at-15.22.21.jpeg\" alt=\"\" width=\"2048\" height=\"1536\" srcset=\"https:\/\/www.caudete.org\/ayuntamiento\/wp-content\/uploads\/2024\/09\/WhatsApp-Image-2024-09-20-at-15.22.21.jpeg 2048w, https:\/\/www.caudete.org\/ayuntamiento\/wp-content\/uploads\/2024\/09\/WhatsApp-Image-2024-09-20-at-15.22.21-300x225.jpeg 300w, https:\/\/www.caudete.org\/ayuntamiento\/wp-content\/uploads\/2024\/09\/WhatsApp-Image-2024-09-20-at-15.22.21-1024x768.jpeg 1024w, https:\/\/www.caudete.org\/ayuntamiento\/wp-content\/uploads\/2024\/09\/WhatsApp-Image-2024-09-20-at-15.22.21-768x576.jpeg 768w, https:\/\/www.caudete.org\/ayuntamiento\/wp-content\/uploads\/2024\/09\/WhatsApp-Image-2024-09-20-at-15.22.21-1536x1152.jpeg 1536w\" sizes=\"(max-width: 2048px) 100vw, 2048px\" \/><\/a><\/p>\n<p style=\"text-align: justify;\">Est\u00e1 ma\u00f1ana, un grupo de operarios de la Brigada de Obras acomet\u00eda trabajos de reordenaci\u00f3n del trafico y la movilidad en el cruce de la Avenida de Joaqu\u00edn Pascual con Calle El Molino.<\/p>\n<p style=\"text-align: justify;\">Un tramo de v\u00edas con intensidad de tr\u00e1fico en momentos puntuales del d\u00eda en uno de los principales accesos al municipio, que necesitaba de una actuaci\u00f3n que mejorase adem\u00e1s de la seguridad, la circulaci\u00f3n de veh\u00edculos y el tr\u00e1nsito de peatones, y que tras un tiempo de estudio, los Servicios T\u00e9cnicos Municipales junto a la Polic\u00eda Local bajo la direcci\u00f3n del Departamento de Urbanismo y el \u00e1rea de Movilidad Urbana han materializado una soluci\u00f3n al funcionamiento habitual.<\/p>\n<p style=\"text-align: justify;\">De esta forma, se plantea como alternativa a los sem\u00e1foros la regulaci\u00f3n mediante una rotonda.<\/p>\n<p style=\"text-align: justify;\">Una reordenaci\u00f3n del tr\u00e1fico que adem\u00e1s mejora la fluidez del tr\u00e1nsito y modera la velocidad de circulaci\u00f3n, reduce tiempos de espera, redistribuye el trafico y m\u00ednima el mantenimiento.<\/p>\n<p style=\"text-align: justify;\">Por el momento, la rotonda ha sido marcada y puesta en marcha para estudiar el funcionamiento de la misma, mediante el marcaje con 20 pivotes reflectantes, y la se\u00f1alizaci\u00f3n propia, estando los sem\u00e1foros en \u00e1mbar. Unos trabajos para los que no ha sido necesario hacer ning\u00fan desembolso o inversi\u00f3n necesaria.<\/p>\n<p><a href=\"https:\/\/www.caudete.org\/ayuntamiento\/wp-content\/uploads\/2024\/09\/WhatsApp-Image-2024-09-20-at-15.24.16.jpeg\" rel='prettyPhoto'><img decoding=\"async\" class=\"alignnone wp-image-26113 size-full\" src=\"https:\/\/www.caudete.org\/ayuntamiento\/wp-content\/uploads\/2024\/09\/WhatsApp-Image-2024-09-20-at-15.24.16.jpeg\" alt=\"\" width=\"1204\" height=\"894\" srcset=\"https:\/\/www.caudete.org\/ayuntamiento\/wp-content\/uploads\/2024\/09\/WhatsApp-Image-2024-09-20-at-15.24.16.jpeg 1204w, https:\/\/www.caudete.org\/ayuntamiento\/wp-content\/uploads\/2024\/09\/WhatsApp-Image-2024-09-20-at-15.24.16-300x223.jpeg 300w, https:\/\/www.caudete.org\/ayuntamiento\/wp-content\/uploads\/2024\/09\/WhatsApp-Image-2024-09-20-at-15.24.16-1024x760.jpeg 1024w, https:\/\/www.caudete.org\/ayuntamiento\/wp-content\/uploads\/2024\/09\/WhatsApp-Image-2024-09-20-at-15.24.16-768x570.jpeg 768w\" sizes=\"(max-width: 1204px) 100vw, 1204px\" \/><\/a> <a href=\"https:\/\/www.caudete.org\/ayuntamiento\/wp-content\/uploads\/2024\/09\/WhatsApp-Image-2024-09-20-at-15.24.15.jpeg\" rel='prettyPhoto'><img decoding=\"async\" class=\"alignnone wp-image-26114 size-full\" src=\"https:\/\/www.caudete.org\/ayuntamiento\/wp-content\/uploads\/2024\/09\/WhatsApp-Image-2024-09-20-at-15.24.15.jpeg\" alt=\"\" width=\"2048\" height=\"1536\" srcset=\"https:\/\/www.caudete.org\/ayuntamiento\/wp-content\/uploads\/2024\/09\/WhatsApp-Image-2024-09-20-at-15.24.15.jpeg 2048w, https:\/\/www.caudete.org\/ayuntamiento\/wp-content\/uploads\/2024\/09\/WhatsApp-Image-2024-09-20-at-15.24.15-300x225.jpeg 300w, https:\/\/www.caudete.org\/ayuntamiento\/wp-content\/uploads\/2024\/09\/WhatsApp-Image-2024-09-20-at-15.24.15-1024x768.jpeg 1024w, https:\/\/www.caudete.org\/ayuntamiento\/wp-content\/uploads\/2024\/09\/WhatsApp-Image-2024-09-20-at-15.24.15-768x576.jpeg 768w, https:\/\/www.caudete.org\/ayuntamiento\/wp-content\/uploads\/2024\/09\/WhatsApp-Image-2024-09-20-at-15.24.15-1536x1152.jpeg 1536w\" sizes=\"(max-width: 2048px) 100vw, 2048px\" \/><\/a><\/p>\n","protected":false},"excerpt":{"rendered":"<p>Est\u00e1 ma\u00f1ana, un grupo de operarios de la Brigada de Obras acomet\u00eda trabajos de reordenaci\u00f3n del trafico y la movilidad en el cruce de la Avenida de Joaqu\u00edn Pascual con Calle El Molino. Un tramo de v\u00edas con intensidad de tr\u00e1fico en momentos puntuales del d\u00eda en uno de los principales accesos al municipio, que &hellip;<\/p>\n","protected":false},"author":3,"featured_media":26111,"comment_status":"closed","ping_status":"open","sticky":false,"template":"","format":"standard","meta":{"ngg_post_thumbnail":0,"footnotes":""},"categories":[46],"tags":[],"class_list":["post-26108","post","type-post","status-publish","format-standard","has-post-thumbnail","hentry","category-movilidad-urbana"],"yoast_head":"<!-- This site is optimized with the Yoast SEO plugin v27.5 - https:\/\/yoast.com\/product\/yoast-seo-wordpress\/ -->\n<title>El cruce entre Avda.Villena y El Molino se regula desde hoy con ROTONDA como alternativa a los Sem\u00e1foros - MI Ayuntamiento de Caudete<\/title>\n<meta name=\"description\" content=\"P\u00e1gina Oficial del Ayuntamiento de Caudete (Albacete)\" \/>\n<meta name=\"robots\" content=\"index, follow, max-snippet:-1, max-image-preview:large, max-video-preview:-1\" \/>\n<link rel=\"canonical\" href=\"https:\/\/www.caudete.org\/ayuntamiento\/el-cruce-entre-avda-villena-y-el-molino-se-regula-desde-hoy-con-rotonda-como-alternativa-a-los-semaforos\/\" \/>\n<meta property=\"og:locale\" content=\"es_ES\" \/>\n<meta property=\"og:type\" content=\"article\" \/>\n<meta property=\"og:title\" content=\"El cruce entre Avda.Villena y El Molino se regula desde hoy con ROTONDA como alternativa a los Sem\u00e1foros - MI Ayuntamiento de Caudete\" \/>\n<meta property=\"og:description\" content=\"P\u00e1gina Oficial del Ayuntamiento de Caudete (Albacete)\" \/>\n<meta property=\"og:url\" content=\"https:\/\/www.caudete.org\/ayuntamiento\/el-cruce-entre-avda-villena-y-el-molino-se-regula-desde-hoy-con-rotonda-como-alternativa-a-los-semaforos\/\" \/>\n<meta property=\"og:site_name\" content=\"MI Ayuntamiento de Caudete\" \/>\n<meta property=\"article:publisher\" content=\"https:\/\/www.facebook.com\/ayuntamientocaudete\/\" \/>\n<meta property=\"article:published_time\" content=\"2024-09-20T13:02:54+00:00\" \/>\n<meta property=\"article:modified_time\" content=\"2024-09-20T13:26:55+00:00\" \/>\n<meta property=\"og:image\" content=\"https:\/\/www.caudete.org\/ayuntamiento\/wp-content\/uploads\/2024\/09\/WhatsApp-Image-2024-09-20-at-15.22.21.jpeg\" \/>\n\t<meta property=\"og:image:width\" content=\"2048\" \/>\n\t<meta property=\"og:image:height\" content=\"1536\" \/>\n\t<meta property=\"og:image:type\" content=\"image\/jpeg\" \/>\n<meta name=\"author\" content=\"alcalde\" \/>\n<meta name=\"twitter:card\" content=\"summary_large_image\" \/>\n<meta name=\"twitter:label1\" content=\"Escrito por\" \/>\n\t<meta name=\"twitter:data1\" content=\"alcalde\" \/>\n\t<meta name=\"twitter:label2\" content=\"Tiempo de lectura\" \/>\n\t<meta name=\"twitter:data2\" content=\"2 minutos\" \/>\n<script type=\"application\/ld+json\" class=\"yoast-schema-graph\">{\"@context\":\"https:\\\/\\\/schema.org\",\"@graph\":[{\"@type\":\"Article\",\"@id\":\"https:\\\/\\\/www.caudete.org\\\/ayuntamiento\\\/el-cruce-entre-avda-villena-y-el-molino-se-regula-desde-hoy-con-rotonda-como-alternativa-a-los-semaforos\\\/#article\",\"isPartOf\":{\"@id\":\"https:\\\/\\\/www.caudete.org\\\/ayuntamiento\\\/el-cruce-entre-avda-villena-y-el-molino-se-regula-desde-hoy-con-rotonda-como-alternativa-a-los-semaforos\\\/\"},\"author\":{\"name\":\"alcalde\",\"@id\":\"https:\\\/\\\/www.caudete.org\\\/ayuntamiento\\\/#\\\/schema\\\/person\\\/cc646da9133078ee4d8dd47457947253\"},\"headline\":\"El cruce entre Avda.Villena y El Molino se regula desde hoy con ROTONDA como alternativa a los Sem\u00e1foros\",\"datePublished\":\"2024-09-20T13:02:54+00:00\",\"dateModified\":\"2024-09-20T13:26:55+00:00\",\"mainEntityOfPage\":{\"@id\":\"https:\\\/\\\/www.caudete.org\\\/ayuntamiento\\\/el-cruce-entre-avda-villena-y-el-molino-se-regula-desde-hoy-con-rotonda-como-alternativa-a-los-semaforos\\\/\"},\"wordCount\":251,\"publisher\":{\"@id\":\"https:\\\/\\\/www.caudete.org\\\/ayuntamiento\\\/#organization\"},\"image\":{\"@id\":\"https:\\\/\\\/www.caudete.org\\\/ayuntamiento\\\/el-cruce-entre-avda-villena-y-el-molino-se-regula-desde-hoy-con-rotonda-como-alternativa-a-los-semaforos\\\/#primaryimage\"},\"thumbnailUrl\":\"https:\\\/\\\/www.caudete.org\\\/ayuntamiento\\\/wp-content\\\/uploads\\\/2024\\\/09\\\/WhatsApp-Image-2024-09-20-at-15.22.21.jpeg\",\"articleSection\":[\"Movilidad Urbana\"],\"inLanguage\":\"es\"},{\"@type\":\"WebPage\",\"@id\":\"https:\\\/\\\/www.caudete.org\\\/ayuntamiento\\\/el-cruce-entre-avda-villena-y-el-molino-se-regula-desde-hoy-con-rotonda-como-alternativa-a-los-semaforos\\\/\",\"url\":\"https:\\\/\\\/www.caudete.org\\\/ayuntamiento\\\/el-cruce-entre-avda-villena-y-el-molino-se-regula-desde-hoy-con-rotonda-como-alternativa-a-los-semaforos\\\/\",\"name\":\"El cruce entre Avda.Villena y El Molino se regula desde hoy con ROTONDA como alternativa a los Sem\u00e1foros - MI Ayuntamiento de Caudete\",\"isPartOf\":{\"@id\":\"https:\\\/\\\/www.caudete.org\\\/ayuntamiento\\\/#website\"},\"primaryImageOfPage\":{\"@id\":\"https:\\\/\\\/www.caudete.org\\\/ayuntamiento\\\/el-cruce-entre-avda-villena-y-el-molino-se-regula-desde-hoy-con-rotonda-como-alternativa-a-los-semaforos\\\/#primaryimage\"},\"image\":{\"@id\":\"https:\\\/\\\/www.caudete.org\\\/ayuntamiento\\\/el-cruce-entre-avda-villena-y-el-molino-se-regula-desde-hoy-con-rotonda-como-alternativa-a-los-semaforos\\\/#primaryimage\"},\"thumbnailUrl\":\"https:\\\/\\\/www.caudete.org\\\/ayuntamiento\\\/wp-content\\\/uploads\\\/2024\\\/09\\\/WhatsApp-Image-2024-09-20-at-15.22.21.jpeg\",\"datePublished\":\"2024-09-20T13:02:54+00:00\",\"dateModified\":\"2024-09-20T13:26:55+00:00\",\"description\":\"P\u00e1gina Oficial del Ayuntamiento de Caudete (Albacete)\",\"breadcrumb\":{\"@id\":\"https:\\\/\\\/www.caudete.org\\\/ayuntamiento\\\/el-cruce-entre-avda-villena-y-el-molino-se-regula-desde-hoy-con-rotonda-como-alternativa-a-los-semaforos\\\/#breadcrumb\"},\"inLanguage\":\"es\",\"potentialAction\":[{\"@type\":\"ReadAction\",\"target\":[\"https:\\\/\\\/www.caudete.org\\\/ayuntamiento\\\/el-cruce-entre-avda-villena-y-el-molino-se-regula-desde-hoy-con-rotonda-como-alternativa-a-los-semaforos\\\/\"]}]},{\"@type\":\"ImageObject\",\"inLanguage\":\"es\",\"@id\":\"https:\\\/\\\/www.caudete.org\\\/ayuntamiento\\\/el-cruce-entre-avda-villena-y-el-molino-se-regula-desde-hoy-con-rotonda-como-alternativa-a-los-semaforos\\\/#primaryimage\",\"url\":\"https:\\\/\\\/www.caudete.org\\\/ayuntamiento\\\/wp-content\\\/uploads\\\/2024\\\/09\\\/WhatsApp-Image-2024-09-20-at-15.22.21.jpeg\",\"contentUrl\":\"https:\\\/\\\/www.caudete.org\\\/ayuntamiento\\\/wp-content\\\/uploads\\\/2024\\\/09\\\/WhatsApp-Image-2024-09-20-at-15.22.21.jpeg\",\"width\":2048,\"height\":1536},{\"@type\":\"BreadcrumbList\",\"@id\":\"https:\\\/\\\/www.caudete.org\\\/ayuntamiento\\\/el-cruce-entre-avda-villena-y-el-molino-se-regula-desde-hoy-con-rotonda-como-alternativa-a-los-semaforos\\\/#breadcrumb\",\"itemListElement\":[{\"@type\":\"ListItem\",\"position\":1,\"name\":\"Inicio\",\"item\":\"https:\\\/\\\/www.caudete.org\\\/ayuntamiento\\\/\"},{\"@type\":\"ListItem\",\"position\":2,\"name\":\"El cruce entre Avda.Villena y El Molino se regula desde hoy con ROTONDA como alternativa a los Sem\u00e1foros\"}]},{\"@type\":\"WebSite\",\"@id\":\"https:\\\/\\\/www.caudete.org\\\/ayuntamiento\\\/#website\",\"url\":\"https:\\\/\\\/www.caudete.org\\\/ayuntamiento\\\/\",\"name\":\"MI Ayuntamiento de Caudete\",\"description\":\"P\u00e1gina Oficial del MI Ayuntamiento de Caudete\",\"publisher\":{\"@id\":\"https:\\\/\\\/www.caudete.org\\\/ayuntamiento\\\/#organization\"},\"potentialAction\":[{\"@type\":\"SearchAction\",\"target\":{\"@type\":\"EntryPoint\",\"urlTemplate\":\"https:\\\/\\\/www.caudete.org\\\/ayuntamiento\\\/?s={search_term_string}\"},\"query-input\":{\"@type\":\"PropertyValueSpecification\",\"valueRequired\":true,\"valueName\":\"search_term_string\"}}],\"inLanguage\":\"es\"},{\"@type\":\"Organization\",\"@id\":\"https:\\\/\\\/www.caudete.org\\\/ayuntamiento\\\/#organization\",\"name\":\"Ayuntamiento de Caudete\",\"url\":\"https:\\\/\\\/www.caudete.org\\\/ayuntamiento\\\/\",\"logo\":{\"@type\":\"ImageObject\",\"inLanguage\":\"es\",\"@id\":\"https:\\\/\\\/www.caudete.org\\\/ayuntamiento\\\/#\\\/schema\\\/logo\\\/image\\\/\",\"url\":\"https:\\\/\\\/www.caudete.org\\\/ayuntamiento\\\/wp-content\\\/uploads\\\/2020\\\/11\\\/logo_ayuntamiento_caudete.jpg\",\"contentUrl\":\"https:\\\/\\\/www.caudete.org\\\/ayuntamiento\\\/wp-content\\\/uploads\\\/2020\\\/11\\\/logo_ayuntamiento_caudete.jpg\",\"width\":600,\"height\":150,\"caption\":\"Ayuntamiento de Caudete\"},\"image\":{\"@id\":\"https:\\\/\\\/www.caudete.org\\\/ayuntamiento\\\/#\\\/schema\\\/logo\\\/image\\\/\"},\"sameAs\":[\"https:\\\/\\\/www.facebook.com\\\/ayuntamientocaudete\\\/\",\"https:\\\/\\\/www.youtube.com\\\/channel\\\/UC6VztHaooNsGpw-tNoBEFnQ\"]},{\"@type\":\"Person\",\"@id\":\"https:\\\/\\\/www.caudete.org\\\/ayuntamiento\\\/#\\\/schema\\\/person\\\/cc646da9133078ee4d8dd47457947253\",\"name\":\"alcalde\",\"image\":{\"@type\":\"ImageObject\",\"inLanguage\":\"es\",\"@id\":\"https:\\\/\\\/secure.gravatar.com\\\/avatar\\\/84a817ba065b29ff08d666b215a215f5c79186a645ccb25b14a663d48a130f77?s=96&d=mm&r=g\",\"url\":\"https:\\\/\\\/secure.gravatar.com\\\/avatar\\\/84a817ba065b29ff08d666b215a215f5c79186a645ccb25b14a663d48a130f77?s=96&d=mm&r=g\",\"contentUrl\":\"https:\\\/\\\/secure.gravatar.com\\\/avatar\\\/84a817ba065b29ff08d666b215a215f5c79186a645ccb25b14a663d48a130f77?s=96&d=mm&r=g\",\"caption\":\"alcalde\"},\"url\":\"https:\\\/\\\/www.caudete.org\\\/ayuntamiento\\\/author\\\/alcalde\\\/\"}]}<\/script>\n<!-- \/ Yoast SEO plugin. -->","yoast_head_json":{"title":"El cruce entre Avda.Villena y El Molino se regula desde hoy con ROTONDA como alternativa a los Sem\u00e1foros - MI Ayuntamiento de Caudete","description":"P\u00e1gina Oficial del Ayuntamiento de Caudete (Albacete)","robots":{"index":"index","follow":"follow","max-snippet":"max-snippet:-1","max-image-preview":"max-image-preview:large","max-video-preview":"max-video-preview:-1"},"canonical":"https:\/\/www.caudete.org\/ayuntamiento\/el-cruce-entre-avda-villena-y-el-molino-se-regula-desde-hoy-con-rotonda-como-alternativa-a-los-semaforos\/","og_locale":"es_ES","og_type":"article","og_title":"El cruce entre Avda.Villena y El Molino se regula desde hoy con ROTONDA como alternativa a los Sem\u00e1foros - MI Ayuntamiento de Caudete","og_description":"P\u00e1gina Oficial del Ayuntamiento de Caudete (Albacete)","og_url":"https:\/\/www.caudete.org\/ayuntamiento\/el-cruce-entre-avda-villena-y-el-molino-se-regula-desde-hoy-con-rotonda-como-alternativa-a-los-semaforos\/","og_site_name":"MI Ayuntamiento de Caudete","article_publisher":"https:\/\/www.facebook.com\/ayuntamientocaudete\/","article_published_time":"2024-09-20T13:02:54+00:00","article_modified_time":"2024-09-20T13:26:55+00:00","og_image":[{"width":2048,"height":1536,"url":"https:\/\/www.caudete.org\/ayuntamiento\/wp-content\/uploads\/2024\/09\/WhatsApp-Image-2024-09-20-at-15.22.21.jpeg","type":"image\/jpeg"}],"author":"alcalde","twitter_card":"summary_large_image","twitter_misc":{"Escrito por":"alcalde","Tiempo de lectura":"2 minutos"},"schema":{"@context":"https:\/\/schema.org","@graph":[{"@type":"Article","@id":"https:\/\/www.caudete.org\/ayuntamiento\/el-cruce-entre-avda-villena-y-el-molino-se-regula-desde-hoy-con-rotonda-como-alternativa-a-los-semaforos\/#article","isPartOf":{"@id":"https:\/\/www.caudete.org\/ayuntamiento\/el-cruce-entre-avda-villena-y-el-molino-se-regula-desde-hoy-con-rotonda-como-alternativa-a-los-semaforos\/"},"author":{"name":"alcalde","@id":"https:\/\/www.caudete.org\/ayuntamiento\/#\/schema\/person\/cc646da9133078ee4d8dd47457947253"},"headline":"El cruce entre Avda.Villena y El Molino se regula desde hoy con ROTONDA como alternativa a los Sem\u00e1foros","datePublished":"2024-09-20T13:02:54+00:00","dateModified":"2024-09-20T13:26:55+00:00","mainEntityOfPage":{"@id":"https:\/\/www.caudete.org\/ayuntamiento\/el-cruce-entre-avda-villena-y-el-molino-se-regula-desde-hoy-con-rotonda-como-alternativa-a-los-semaforos\/"},"wordCount":251,"publisher":{"@id":"https:\/\/www.caudete.org\/ayuntamiento\/#organization"},"image":{"@id":"https:\/\/www.caudete.org\/ayuntamiento\/el-cruce-entre-avda-villena-y-el-molino-se-regula-desde-hoy-con-rotonda-como-alternativa-a-los-semaforos\/#primaryimage"},"thumbnailUrl":"https:\/\/www.caudete.org\/ayuntamiento\/wp-content\/uploads\/2024\/09\/WhatsApp-Image-2024-09-20-at-15.22.21.jpeg","articleSection":["Movilidad Urbana"],"inLanguage":"es"},{"@type":"WebPage","@id":"https:\/\/www.caudete.org\/ayuntamiento\/el-cruce-entre-avda-villena-y-el-molino-se-regula-desde-hoy-con-rotonda-como-alternativa-a-los-semaforos\/","url":"https:\/\/www.caudete.org\/ayuntamiento\/el-cruce-entre-avda-villena-y-el-molino-se-regula-desde-hoy-con-rotonda-como-alternativa-a-los-semaforos\/","name":"El cruce entre Avda.Villena y El Molino se regula desde hoy con ROTONDA como alternativa a los Sem\u00e1foros - MI Ayuntamiento de Caudete","isPartOf":{"@id":"https:\/\/www.caudete.org\/ayuntamiento\/#website"},"primaryImageOfPage":{"@id":"https:\/\/www.caudete.org\/ayuntamiento\/el-cruce-entre-avda-villena-y-el-molino-se-regula-desde-hoy-con-rotonda-como-alternativa-a-los-semaforos\/#primaryimage"},"image":{"@id":"https:\/\/www.caudete.org\/ayuntamiento\/el-cruce-entre-avda-villena-y-el-molino-se-regula-desde-hoy-con-rotonda-como-alternativa-a-los-semaforos\/#primaryimage"},"thumbnailUrl":"https:\/\/www.caudete.org\/ayuntamiento\/wp-content\/uploads\/2024\/09\/WhatsApp-Image-2024-09-20-at-15.22.21.jpeg","datePublished":"2024-09-20T13:02:54+00:00","dateModified":"2024-09-20T13:26:55+00:00","description":"P\u00e1gina Oficial del Ayuntamiento de Caudete (Albacete)","breadcrumb":{"@id":"https:\/\/www.caudete.org\/ayuntamiento\/el-cruce-entre-avda-villena-y-el-molino-se-regula-desde-hoy-con-rotonda-como-alternativa-a-los-semaforos\/#breadcrumb"},"inLanguage":"es","potentialAction":[{"@type":"ReadAction","target":["https:\/\/www.caudete.org\/ayuntamiento\/el-cruce-entre-avda-villena-y-el-molino-se-regula-desde-hoy-con-rotonda-como-alternativa-a-los-semaforos\/"]}]},{"@type":"ImageObject","inLanguage":"es","@id":"https:\/\/www.caudete.org\/ayuntamiento\/el-cruce-entre-avda-villena-y-el-molino-se-regula-desde-hoy-con-rotonda-como-alternativa-a-los-semaforos\/#primaryimage","url":"https:\/\/www.caudete.org\/ayuntamiento\/wp-content\/uploads\/2024\/09\/WhatsApp-Image-2024-09-20-at-15.22.21.jpeg","contentUrl":"https:\/\/www.caudete.org\/ayuntamiento\/wp-content\/uploads\/2024\/09\/WhatsApp-Image-2024-09-20-at-15.22.21.jpeg","width":2048,"height":1536},{"@type":"BreadcrumbList","@id":"https:\/\/www.caudete.org\/ayuntamiento\/el-cruce-entre-avda-villena-y-el-molino-se-regula-desde-hoy-con-rotonda-como-alternativa-a-los-semaforos\/#breadcrumb","itemListElement":[{"@type":"ListItem","position":1,"name":"Inicio","item":"https:\/\/www.caudete.org\/ayuntamiento\/"},{"@type":"ListItem","position":2,"name":"El cruce entre Avda.Villena y El Molino se regula desde hoy con ROTONDA como alternativa a los Sem\u00e1foros"}]},{"@type":"WebSite","@id":"https:\/\/www.caudete.org\/ayuntamiento\/#website","url":"https:\/\/www.caudete.org\/ayuntamiento\/","name":"MI Ayuntamiento de Caudete","description":"P\u00e1gina Oficial del MI Ayuntamiento de Caudete","publisher":{"@id":"https:\/\/www.caudete.org\/ayuntamiento\/#organization"},"potentialAction":[{"@type":"SearchAction","target":{"@type":"EntryPoint","urlTemplate":"https:\/\/www.caudete.org\/ayuntamiento\/?s={search_term_string}"},"query-input":{"@type":"PropertyValueSpecification","valueRequired":true,"valueName":"search_term_string"}}],"inLanguage":"es"},{"@type":"Organization","@id":"https:\/\/www.caudete.org\/ayuntamiento\/#organization","name":"Ayuntamiento de Caudete","url":"https:\/\/www.caudete.org\/ayuntamiento\/","logo":{"@type":"ImageObject","inLanguage":"es","@id":"https:\/\/www.caudete.org\/ayuntamiento\/#\/schema\/logo\/image\/","url":"https:\/\/www.caudete.org\/ayuntamiento\/wp-content\/uploads\/2020\/11\/logo_ayuntamiento_caudete.jpg","contentUrl":"https:\/\/www.caudete.org\/ayuntamiento\/wp-content\/uploads\/2020\/11\/logo_ayuntamiento_caudete.jpg","width":600,"height":150,"caption":"Ayuntamiento de Caudete"},"image":{"@id":"https:\/\/www.caudete.org\/ayuntamiento\/#\/schema\/logo\/image\/"},"sameAs":["https:\/\/www.facebook.com\/ayuntamientocaudete\/","https:\/\/www.youtube.com\/channel\/UC6VztHaooNsGpw-tNoBEFnQ"]},{"@type":"Person","@id":"https:\/\/www.caudete.org\/ayuntamiento\/#\/schema\/person\/cc646da9133078ee4d8dd47457947253","name":"alcalde","image":{"@type":"ImageObject","inLanguage":"es","@id":"https:\/\/secure.gravatar.com\/avatar\/84a817ba065b29ff08d666b215a215f5c79186a645ccb25b14a663d48a130f77?s=96&d=mm&r=g","url":"https:\/\/secure.gravatar.com\/avatar\/84a817ba065b29ff08d666b215a215f5c79186a645ccb25b14a663d48a130f77?s=96&d=mm&r=g","contentUrl":"https:\/\/secure.gravatar.com\/avatar\/84a817ba065b29ff08d666b215a215f5c79186a645ccb25b14a663d48a130f77?s=96&d=mm&r=g","caption":"alcalde"},"url":"https:\/\/www.caudete.org\/ayuntamiento\/author\/alcalde\/"}]}},"_links":{"self":[{"href":"https:\/\/www.caudete.org\/ayuntamiento\/wp-json\/wp\/v2\/posts\/26108","targetHints":{"allow":["GET"]}}],"collection":[{"href":"https:\/\/www.caudete.org\/ayuntamiento\/wp-json\/wp\/v2\/posts"}],"about":[{"href":"https:\/\/www.caudete.org\/ayuntamiento\/wp-json\/wp\/v2\/types\/post"}],"author":[{"embeddable":true,"href":"https:\/\/www.caudete.org\/ayuntamiento\/wp-json\/wp\/v2\/users\/3"}],"replies":[{"embeddable":true,"href":"https:\/\/www.caudete.org\/ayuntamiento\/wp-json\/wp\/v2\/comments?post=26108"}],"version-history":[{"count":3,"href":"https:\/\/www.caudete.org\/ayuntamiento\/wp-json\/wp\/v2\/posts\/26108\/revisions"}],"predecessor-version":[{"id":26112,"href":"https:\/\/www.caudete.org\/ayuntamiento\/wp-json\/wp\/v2\/posts\/26108\/revisions\/26112"}],"wp:featuredmedia":[{"embeddable":true,"href":"https:\/\/www.caudete.org\/ayuntamiento\/wp-json\/wp\/v2\/media\/26111"}],"wp:attachment":[{"href":"https:\/\/www.caudete.org\/ayuntamiento\/wp-json\/wp\/v2\/media?parent=26108"}],"wp:term":[{"taxonomy":"category","embeddable":true,"href":"https:\/\/www.caudete.org\/ayuntamiento\/wp-json\/wp\/v2\/categories?post=26108"},{"taxonomy":"post_tag","embeddable":true,"href":"https:\/\/www.caudete.org\/ayuntamiento\/wp-json\/wp\/v2\/tags?post=26108"}],"curies":[{"name":"wp","href":"https:\/\/api.w.org\/{rel}","templated":true}]}}