{"id":26121,"date":"2024-09-25T15:16:31","date_gmt":"2024-09-25T13:16:31","guid":{"rendered":"https:\/\/www.caudete.org\/ayuntamiento\/?p=26121"},"modified":"2024-09-25T15:16:31","modified_gmt":"2024-09-25T13:16:31","slug":"programadas-visitas-turisticas-y-catas-de-vinos-coincidiendo-con-la-feria-de-san-miguel","status":"publish","type":"post","link":"https:\/\/www.caudete.org\/ayuntamiento\/programadas-visitas-turisticas-y-catas-de-vinos-coincidiendo-con-la-feria-de-san-miguel\/","title":{"rendered":"Programadas VISITAS TUR\u00cdSTICAS y CATAS DE VINOS coincidiendo con la Feria de San Miguel"},"content":{"rendered":"<div class=\"xdj266r x11i5rnm xat24cr x1mh8g0r x1vvkbs x126k92a\">\n<div dir=\"auto\"><a href=\"https:\/\/www.caudete.org\/ayuntamiento\/wp-content\/uploads\/2024\/09\/feria-san-miguel-1.jpg\" rel='prettyPhoto'><img fetchpriority=\"high\" decoding=\"async\" class=\"wp-image-26124 size-full aligncenter\" src=\"https:\/\/www.caudete.org\/ayuntamiento\/wp-content\/uploads\/2024\/09\/feria-san-miguel-1.jpg\" alt=\"\" width=\"981\" height=\"516\" srcset=\"https:\/\/www.caudete.org\/ayuntamiento\/wp-content\/uploads\/2024\/09\/feria-san-miguel-1.jpg 981w, https:\/\/www.caudete.org\/ayuntamiento\/wp-content\/uploads\/2024\/09\/feria-san-miguel-1-300x158.jpg 300w, https:\/\/www.caudete.org\/ayuntamiento\/wp-content\/uploads\/2024\/09\/feria-san-miguel-1-768x404.jpg 768w\" sizes=\"(max-width: 981px) 100vw, 981px\" \/><\/a><\/div>\n<div dir=\"auto\" style=\"text-align: justify;\">Diego Cuenca, Concejal de Turismo ha informado que dentro de la programaci\u00f3n prevista para el pr\u00f3ximo fin de semana, en el que se realizar\u00e1 la Feria de San Miguel, se llevar\u00e1n a cabo visitas guiadas, y cata de vino.<\/div>\n<div dir=\"auto\" style=\"text-align: justify;\"><\/div>\n<\/div>\n<div dir=\"auto\" style=\"text-align: justify;\">Para las visitas guiadas, es preciso inscribirse previamente en la propia Oficina de Turismo (C\/Abad\u00eda 2) o en el tel\u00e9fono de contacto 965828134, ya que se limitan las plazas a 25 turistas por visita, siendo los d\u00edas programados el S\u00e1bado 28 y Domingo 29, en ambos casos a las 12:00 con inicio en los &#8220;arcos&#8221; de &#8220;La Lonja&#8221;.<\/div>\n<div dir=\"auto\" style=\"text-align: justify;\"><\/div>\n<div dir=\"auto\" style=\"text-align: justify;\">Para la cata de vino y maridaje con embutidos, ser\u00e1n ofrecidos por Bodegas Deitania y Carnicer\u00eda Mil\u00e1n, para lo cual tambi\u00e9n es imprescindible inscribirse y abonar la cuota de 15\u20ac por persona. En este caso, se realizar\u00e1n en la Bodega de la Oficina de Turismo, el s\u00e1bado 28 a las 12.30h y a las 17,30 horas.<\/div>\n<div dir=\"auto\"><\/div>\n<div dir=\"auto\" style=\"text-align: center;\"><a href=\"https:\/\/www.caudete.org\/ayuntamiento\/wp-content\/uploads\/2024\/09\/caudete_turismo_horizontal.jpg\" rel='prettyPhoto'><img decoding=\"async\" class=\"alignnone wp-image-26125 size-full\" src=\"https:\/\/www.caudete.org\/ayuntamiento\/wp-content\/uploads\/2024\/09\/caudete_turismo_horizontal.jpg\" alt=\"\" width=\"625\" height=\"157\" srcset=\"https:\/\/www.caudete.org\/ayuntamiento\/wp-content\/uploads\/2024\/09\/caudete_turismo_horizontal.jpg 625w, https:\/\/www.caudete.org\/ayuntamiento\/wp-content\/uploads\/2024\/09\/caudete_turismo_horizontal-300x75.jpg 300w\" sizes=\"(max-width: 625px) 100vw, 625px\" \/><\/a><\/div>\n<div class=\"xdj266r x11i5rnm xat24cr x1mh8g0r x1vvkbs x126k92a\">\n<div dir=\"auto\"><\/div>\n<\/div>\n<div class=\"x11i5rnm xat24cr x1mh8g0r x1vvkbs xtlvy1s x126k92a\">\n<div dir=\"auto\"><\/div>\n<\/div>\n","protected":false},"excerpt":{"rendered":"<p>Diego Cuenca, Concejal de Turismo ha informado que dentro de la programaci\u00f3n prevista para el pr\u00f3ximo fin de semana, en el que se realizar\u00e1 la Feria de San Miguel, se llevar\u00e1n a cabo visitas guiadas, y cata de vino. Para las visitas guiadas, es preciso inscribirse previamente en la propia Oficina de Turismo (C\/Abad\u00eda 2) &hellip;<\/p>\n","protected":false},"author":3,"featured_media":26124,"comment_status":"closed","ping_status":"open","sticky":false,"template":"","format":"standard","meta":{"ngg_post_thumbnail":0,"footnotes":""},"categories":[43],"tags":[],"class_list":["post-26121","post","type-post","status-publish","format-standard","has-post-thumbnail","hentry","category-turismo"],"yoast_head":"<!-- This site is optimized with the Yoast SEO plugin v27.5 - https:\/\/yoast.com\/product\/yoast-seo-wordpress\/ -->\n<title>Programadas VISITAS TUR\u00cdSTICAS y CATAS DE VINOS coincidiendo con la Feria de San Miguel - MI Ayuntamiento de Caudete<\/title>\n<meta name=\"description\" content=\"P\u00e1gina Oficial del Ayuntamiento de Caudete (Albacete)\" \/>\n<meta name=\"robots\" content=\"index, follow, max-snippet:-1, max-image-preview:large, max-video-preview:-1\" \/>\n<link rel=\"canonical\" href=\"https:\/\/www.caudete.org\/ayuntamiento\/programadas-visitas-turisticas-y-catas-de-vinos-coincidiendo-con-la-feria-de-san-miguel\/\" \/>\n<meta property=\"og:locale\" content=\"es_ES\" \/>\n<meta property=\"og:type\" content=\"article\" \/>\n<meta property=\"og:title\" content=\"Programadas VISITAS TUR\u00cdSTICAS y CATAS DE VINOS coincidiendo con la Feria de San Miguel - MI Ayuntamiento de Caudete\" \/>\n<meta property=\"og:description\" content=\"P\u00e1gina Oficial del Ayuntamiento de Caudete (Albacete)\" \/>\n<meta property=\"og:url\" content=\"https:\/\/www.caudete.org\/ayuntamiento\/programadas-visitas-turisticas-y-catas-de-vinos-coincidiendo-con-la-feria-de-san-miguel\/\" \/>\n<meta property=\"og:site_name\" content=\"MI Ayuntamiento de Caudete\" \/>\n<meta property=\"article:publisher\" content=\"https:\/\/www.facebook.com\/ayuntamientocaudete\/\" \/>\n<meta property=\"article:published_time\" content=\"2024-09-25T13:16:31+00:00\" \/>\n<meta property=\"og:image\" content=\"https:\/\/www.caudete.org\/ayuntamiento\/wp-content\/uploads\/2024\/09\/feria-san-miguel-1.jpg\" \/>\n\t<meta property=\"og:image:width\" content=\"981\" \/>\n\t<meta property=\"og:image:height\" content=\"516\" \/>\n\t<meta property=\"og:image:type\" content=\"image\/jpeg\" \/>\n<meta name=\"author\" content=\"alcalde\" \/>\n<meta name=\"twitter:card\" content=\"summary_large_image\" \/>\n<meta name=\"twitter:label1\" content=\"Escrito por\" \/>\n\t<meta name=\"twitter:data1\" content=\"alcalde\" \/>\n\t<meta name=\"twitter:label2\" content=\"Tiempo de lectura\" \/>\n\t<meta name=\"twitter:data2\" content=\"2 minutos\" \/>\n<script type=\"application\/ld+json\" class=\"yoast-schema-graph\">{\"@context\":\"https:\\\/\\\/schema.org\",\"@graph\":[{\"@type\":\"Article\",\"@id\":\"https:\\\/\\\/www.caudete.org\\\/ayuntamiento\\\/programadas-visitas-turisticas-y-catas-de-vinos-coincidiendo-con-la-feria-de-san-miguel\\\/#article\",\"isPartOf\":{\"@id\":\"https:\\\/\\\/www.caudete.org\\\/ayuntamiento\\\/programadas-visitas-turisticas-y-catas-de-vinos-coincidiendo-con-la-feria-de-san-miguel\\\/\"},\"author\":{\"name\":\"alcalde\",\"@id\":\"https:\\\/\\\/www.caudete.org\\\/ayuntamiento\\\/#\\\/schema\\\/person\\\/cc646da9133078ee4d8dd47457947253\"},\"headline\":\"Programadas VISITAS TUR\u00cdSTICAS y CATAS DE VINOS coincidiendo con la Feria de San Miguel\",\"datePublished\":\"2024-09-25T13:16:31+00:00\",\"mainEntityOfPage\":{\"@id\":\"https:\\\/\\\/www.caudete.org\\\/ayuntamiento\\\/programadas-visitas-turisticas-y-catas-de-vinos-coincidiendo-con-la-feria-de-san-miguel\\\/\"},\"wordCount\":173,\"image\":{\"@id\":\"https:\\\/\\\/www.caudete.org\\\/ayuntamiento\\\/programadas-visitas-turisticas-y-catas-de-vinos-coincidiendo-con-la-feria-de-san-miguel\\\/#primaryimage\"},\"thumbnailUrl\":\"https:\\\/\\\/www.caudete.org\\\/ayuntamiento\\\/wp-content\\\/uploads\\\/2024\\\/09\\\/feria-san-miguel-1.jpg\",\"articleSection\":[\"Turismo\"],\"inLanguage\":\"es\"},{\"@type\":\"WebPage\",\"@id\":\"https:\\\/\\\/www.caudete.org\\\/ayuntamiento\\\/programadas-visitas-turisticas-y-catas-de-vinos-coincidiendo-con-la-feria-de-san-miguel\\\/\",\"url\":\"https:\\\/\\\/www.caudete.org\\\/ayuntamiento\\\/programadas-visitas-turisticas-y-catas-de-vinos-coincidiendo-con-la-feria-de-san-miguel\\\/\",\"name\":\"Programadas VISITAS TUR\u00cdSTICAS y CATAS DE VINOS coincidiendo con la Feria de San Miguel - MI Ayuntamiento de Caudete\",\"isPartOf\":{\"@id\":\"https:\\\/\\\/www.caudete.org\\\/ayuntamiento\\\/#website\"},\"primaryImageOfPage\":{\"@id\":\"https:\\\/\\\/www.caudete.org\\\/ayuntamiento\\\/programadas-visitas-turisticas-y-catas-de-vinos-coincidiendo-con-la-feria-de-san-miguel\\\/#primaryimage\"},\"image\":{\"@id\":\"https:\\\/\\\/www.caudete.org\\\/ayuntamiento\\\/programadas-visitas-turisticas-y-catas-de-vinos-coincidiendo-con-la-feria-de-san-miguel\\\/#primaryimage\"},\"thumbnailUrl\":\"https:\\\/\\\/www.caudete.org\\\/ayuntamiento\\\/wp-content\\\/uploads\\\/2024\\\/09\\\/feria-san-miguel-1.jpg\",\"datePublished\":\"2024-09-25T13:16:31+00:00\",\"author\":{\"@id\":\"https:\\\/\\\/www.caudete.org\\\/ayuntamiento\\\/#\\\/schema\\\/person\\\/cc646da9133078ee4d8dd47457947253\"},\"description\":\"P\u00e1gina Oficial del Ayuntamiento de Caudete (Albacete)\",\"breadcrumb\":{\"@id\":\"https:\\\/\\\/www.caudete.org\\\/ayuntamiento\\\/programadas-visitas-turisticas-y-catas-de-vinos-coincidiendo-con-la-feria-de-san-miguel\\\/#breadcrumb\"},\"inLanguage\":\"es\",\"potentialAction\":[{\"@type\":\"ReadAction\",\"target\":[\"https:\\\/\\\/www.caudete.org\\\/ayuntamiento\\\/programadas-visitas-turisticas-y-catas-de-vinos-coincidiendo-con-la-feria-de-san-miguel\\\/\"]}]},{\"@type\":\"ImageObject\",\"inLanguage\":\"es\",\"@id\":\"https:\\\/\\\/www.caudete.org\\\/ayuntamiento\\\/programadas-visitas-turisticas-y-catas-de-vinos-coincidiendo-con-la-feria-de-san-miguel\\\/#primaryimage\",\"url\":\"https:\\\/\\\/www.caudete.org\\\/ayuntamiento\\\/wp-content\\\/uploads\\\/2024\\\/09\\\/feria-san-miguel-1.jpg\",\"contentUrl\":\"https:\\\/\\\/www.caudete.org\\\/ayuntamiento\\\/wp-content\\\/uploads\\\/2024\\\/09\\\/feria-san-miguel-1.jpg\",\"width\":981,\"height\":516},{\"@type\":\"BreadcrumbList\",\"@id\":\"https:\\\/\\\/www.caudete.org\\\/ayuntamiento\\\/programadas-visitas-turisticas-y-catas-de-vinos-coincidiendo-con-la-feria-de-san-miguel\\\/#breadcrumb\",\"itemListElement\":[{\"@type\":\"ListItem\",\"position\":1,\"name\":\"Inicio\",\"item\":\"https:\\\/\\\/www.caudete.org\\\/ayuntamiento\\\/\"},{\"@type\":\"ListItem\",\"position\":2,\"name\":\"Programadas VISITAS TUR\u00cdSTICAS y CATAS DE VINOS coincidiendo con la Feria de San Miguel\"}]},{\"@type\":\"WebSite\",\"@id\":\"https:\\\/\\\/www.caudete.org\\\/ayuntamiento\\\/#website\",\"url\":\"https:\\\/\\\/www.caudete.org\\\/ayuntamiento\\\/\",\"name\":\"MI Ayuntamiento de Caudete\",\"description\":\"P\u00e1gina Oficial del MI Ayuntamiento de Caudete\",\"potentialAction\":[{\"@type\":\"SearchAction\",\"target\":{\"@type\":\"EntryPoint\",\"urlTemplate\":\"https:\\\/\\\/www.caudete.org\\\/ayuntamiento\\\/?s={search_term_string}\"},\"query-input\":{\"@type\":\"PropertyValueSpecification\",\"valueRequired\":true,\"valueName\":\"search_term_string\"}}],\"inLanguage\":\"es\"},{\"@type\":\"Person\",\"@id\":\"https:\\\/\\\/www.caudete.org\\\/ayuntamiento\\\/#\\\/schema\\\/person\\\/cc646da9133078ee4d8dd47457947253\",\"name\":\"alcalde\",\"image\":{\"@type\":\"ImageObject\",\"inLanguage\":\"es\",\"@id\":\"https:\\\/\\\/secure.gravatar.com\\\/avatar\\\/84a817ba065b29ff08d666b215a215f5c79186a645ccb25b14a663d48a130f77?s=96&d=mm&r=g\",\"url\":\"https:\\\/\\\/secure.gravatar.com\\\/avatar\\\/84a817ba065b29ff08d666b215a215f5c79186a645ccb25b14a663d48a130f77?s=96&d=mm&r=g\",\"contentUrl\":\"https:\\\/\\\/secure.gravatar.com\\\/avatar\\\/84a817ba065b29ff08d666b215a215f5c79186a645ccb25b14a663d48a130f77?s=96&d=mm&r=g\",\"caption\":\"alcalde\"},\"url\":\"https:\\\/\\\/www.caudete.org\\\/ayuntamiento\\\/author\\\/alcalde\\\/\"}]}<\/script>\n<!-- \/ Yoast SEO plugin. -->","yoast_head_json":{"title":"Programadas VISITAS TUR\u00cdSTICAS y CATAS DE VINOS coincidiendo con la Feria de San Miguel - MI Ayuntamiento de Caudete","description":"P\u00e1gina Oficial del Ayuntamiento de Caudete (Albacete)","robots":{"index":"index","follow":"follow","max-snippet":"max-snippet:-1","max-image-preview":"max-image-preview:large","max-video-preview":"max-video-preview:-1"},"canonical":"https:\/\/www.caudete.org\/ayuntamiento\/programadas-visitas-turisticas-y-catas-de-vinos-coincidiendo-con-la-feria-de-san-miguel\/","og_locale":"es_ES","og_type":"article","og_title":"Programadas VISITAS TUR\u00cdSTICAS y CATAS DE VINOS coincidiendo con la Feria de San Miguel - MI Ayuntamiento de Caudete","og_description":"P\u00e1gina Oficial del Ayuntamiento de Caudete (Albacete)","og_url":"https:\/\/www.caudete.org\/ayuntamiento\/programadas-visitas-turisticas-y-catas-de-vinos-coincidiendo-con-la-feria-de-san-miguel\/","og_site_name":"MI Ayuntamiento de Caudete","article_publisher":"https:\/\/www.facebook.com\/ayuntamientocaudete\/","article_published_time":"2024-09-25T13:16:31+00:00","og_image":[{"width":981,"height":516,"url":"https:\/\/www.caudete.org\/ayuntamiento\/wp-content\/uploads\/2024\/09\/feria-san-miguel-1.jpg","type":"image\/jpeg"}],"author":"alcalde","twitter_card":"summary_large_image","twitter_misc":{"Escrito por":"alcalde","Tiempo de lectura":"2 minutos"},"schema":{"@context":"https:\/\/schema.org","@graph":[{"@type":"Article","@id":"https:\/\/www.caudete.org\/ayuntamiento\/programadas-visitas-turisticas-y-catas-de-vinos-coincidiendo-con-la-feria-de-san-miguel\/#article","isPartOf":{"@id":"https:\/\/www.caudete.org\/ayuntamiento\/programadas-visitas-turisticas-y-catas-de-vinos-coincidiendo-con-la-feria-de-san-miguel\/"},"author":{"name":"alcalde","@id":"https:\/\/www.caudete.org\/ayuntamiento\/#\/schema\/person\/cc646da9133078ee4d8dd47457947253"},"headline":"Programadas VISITAS TUR\u00cdSTICAS y CATAS DE VINOS coincidiendo con la Feria de San Miguel","datePublished":"2024-09-25T13:16:31+00:00","mainEntityOfPage":{"@id":"https:\/\/www.caudete.org\/ayuntamiento\/programadas-visitas-turisticas-y-catas-de-vinos-coincidiendo-con-la-feria-de-san-miguel\/"},"wordCount":173,"image":{"@id":"https:\/\/www.caudete.org\/ayuntamiento\/programadas-visitas-turisticas-y-catas-de-vinos-coincidiendo-con-la-feria-de-san-miguel\/#primaryimage"},"thumbnailUrl":"https:\/\/www.caudete.org\/ayuntamiento\/wp-content\/uploads\/2024\/09\/feria-san-miguel-1.jpg","articleSection":["Turismo"],"inLanguage":"es"},{"@type":"WebPage","@id":"https:\/\/www.caudete.org\/ayuntamiento\/programadas-visitas-turisticas-y-catas-de-vinos-coincidiendo-con-la-feria-de-san-miguel\/","url":"https:\/\/www.caudete.org\/ayuntamiento\/programadas-visitas-turisticas-y-catas-de-vinos-coincidiendo-con-la-feria-de-san-miguel\/","name":"Programadas VISITAS TUR\u00cdSTICAS y CATAS DE VINOS coincidiendo con la Feria de San Miguel - MI Ayuntamiento de Caudete","isPartOf":{"@id":"https:\/\/www.caudete.org\/ayuntamiento\/#website"},"primaryImageOfPage":{"@id":"https:\/\/www.caudete.org\/ayuntamiento\/programadas-visitas-turisticas-y-catas-de-vinos-coincidiendo-con-la-feria-de-san-miguel\/#primaryimage"},"image":{"@id":"https:\/\/www.caudete.org\/ayuntamiento\/programadas-visitas-turisticas-y-catas-de-vinos-coincidiendo-con-la-feria-de-san-miguel\/#primaryimage"},"thumbnailUrl":"https:\/\/www.caudete.org\/ayuntamiento\/wp-content\/uploads\/2024\/09\/feria-san-miguel-1.jpg","datePublished":"2024-09-25T13:16:31+00:00","author":{"@id":"https:\/\/www.caudete.org\/ayuntamiento\/#\/schema\/person\/cc646da9133078ee4d8dd47457947253"},"description":"P\u00e1gina Oficial del Ayuntamiento de Caudete (Albacete)","breadcrumb":{"@id":"https:\/\/www.caudete.org\/ayuntamiento\/programadas-visitas-turisticas-y-catas-de-vinos-coincidiendo-con-la-feria-de-san-miguel\/#breadcrumb"},"inLanguage":"es","potentialAction":[{"@type":"ReadAction","target":["https:\/\/www.caudete.org\/ayuntamiento\/programadas-visitas-turisticas-y-catas-de-vinos-coincidiendo-con-la-feria-de-san-miguel\/"]}]},{"@type":"ImageObject","inLanguage":"es","@id":"https:\/\/www.caudete.org\/ayuntamiento\/programadas-visitas-turisticas-y-catas-de-vinos-coincidiendo-con-la-feria-de-san-miguel\/#primaryimage","url":"https:\/\/www.caudete.org\/ayuntamiento\/wp-content\/uploads\/2024\/09\/feria-san-miguel-1.jpg","contentUrl":"https:\/\/www.caudete.org\/ayuntamiento\/wp-content\/uploads\/2024\/09\/feria-san-miguel-1.jpg","width":981,"height":516},{"@type":"BreadcrumbList","@id":"https:\/\/www.caudete.org\/ayuntamiento\/programadas-visitas-turisticas-y-catas-de-vinos-coincidiendo-con-la-feria-de-san-miguel\/#breadcrumb","itemListElement":[{"@type":"ListItem","position":1,"name":"Inicio","item":"https:\/\/www.caudete.org\/ayuntamiento\/"},{"@type":"ListItem","position":2,"name":"Programadas VISITAS TUR\u00cdSTICAS y CATAS DE VINOS coincidiendo con la Feria de San Miguel"}]},{"@type":"WebSite","@id":"https:\/\/www.caudete.org\/ayuntamiento\/#website","url":"https:\/\/www.caudete.org\/ayuntamiento\/","name":"MI Ayuntamiento de Caudete","description":"P\u00e1gina Oficial del MI Ayuntamiento de Caudete","potentialAction":[{"@type":"SearchAction","target":{"@type":"EntryPoint","urlTemplate":"https:\/\/www.caudete.org\/ayuntamiento\/?s={search_term_string}"},"query-input":{"@type":"PropertyValueSpecification","valueRequired":true,"valueName":"search_term_string"}}],"inLanguage":"es"},{"@type":"Person","@id":"https:\/\/www.caudete.org\/ayuntamiento\/#\/schema\/person\/cc646da9133078ee4d8dd47457947253","name":"alcalde","image":{"@type":"ImageObject","inLanguage":"es","@id":"https:\/\/secure.gravatar.com\/avatar\/84a817ba065b29ff08d666b215a215f5c79186a645ccb25b14a663d48a130f77?s=96&d=mm&r=g","url":"https:\/\/secure.gravatar.com\/avatar\/84a817ba065b29ff08d666b215a215f5c79186a645ccb25b14a663d48a130f77?s=96&d=mm&r=g","contentUrl":"https:\/\/secure.gravatar.com\/avatar\/84a817ba065b29ff08d666b215a215f5c79186a645ccb25b14a663d48a130f77?s=96&d=mm&r=g","caption":"alcalde"},"url":"https:\/\/www.caudete.org\/ayuntamiento\/author\/alcalde\/"}]}},"_links":{"self":[{"href":"https:\/\/www.caudete.org\/ayuntamiento\/wp-json\/wp\/v2\/posts\/26121","targetHints":{"allow":["GET"]}}],"collection":[{"href":"https:\/\/www.caudete.org\/ayuntamiento\/wp-json\/wp\/v2\/posts"}],"about":[{"href":"https:\/\/www.caudete.org\/ayuntamiento\/wp-json\/wp\/v2\/types\/post"}],"author":[{"embeddable":true,"href":"https:\/\/www.caudete.org\/ayuntamiento\/wp-json\/wp\/v2\/users\/3"}],"replies":[{"embeddable":true,"href":"https:\/\/www.caudete.org\/ayuntamiento\/wp-json\/wp\/v2\/comments?post=26121"}],"version-history":[{"count":1,"href":"https:\/\/www.caudete.org\/ayuntamiento\/wp-json\/wp\/v2\/posts\/26121\/revisions"}],"predecessor-version":[{"id":26126,"href":"https:\/\/www.caudete.org\/ayuntamiento\/wp-json\/wp\/v2\/posts\/26121\/revisions\/26126"}],"wp:featuredmedia":[{"embeddable":true,"href":"https:\/\/www.caudete.org\/ayuntamiento\/wp-json\/wp\/v2\/media\/26124"}],"wp:attachment":[{"href":"https:\/\/www.caudete.org\/ayuntamiento\/wp-json\/wp\/v2\/media?parent=26121"}],"wp:term":[{"taxonomy":"category","embeddable":true,"href":"https:\/\/www.caudete.org\/ayuntamiento\/wp-json\/wp\/v2\/categories?post=26121"},{"taxonomy":"post_tag","embeddable":true,"href":"https:\/\/www.caudete.org\/ayuntamiento\/wp-json\/wp\/v2\/tags?post=26121"}],"curies":[{"name":"wp","href":"https:\/\/api.w.org\/{rel}","templated":true}]}}