{"id":26141,"date":"2024-09-28T09:00:09","date_gmt":"2024-09-28T07:00:09","guid":{"rendered":"https:\/\/www.caudete.org\/ayuntamiento\/?p=26141"},"modified":"2024-11-11T12:24:35","modified_gmt":"2024-11-11T11:24:35","slug":"ayudas-economicas-para-personas-afectadas-por-la-celiaquia","status":"publish","type":"post","link":"https:\/\/www.caudete.org\/ayuntamiento\/ayudas-economicas-para-personas-afectadas-por-la-celiaquia\/","title":{"rendered":"Ayudas econ\u00f3micas para personas afectadas por la celiaqu\u00eda"},"content":{"rendered":"<p>Mar\u00eda Mart\u00ednez Concejal de Sanidad informa de las <strong>AYUDAS ECON\u00d3MICAS PARA PERSONAS AFECTADAS POR LA CELIAQU\u00cdA<\/strong><\/p>\n<p><strong>La Consejer\u00eda de Sanidad ha abierto una convocatoria de ayudas para personas que padecen la enfermedad de Celiaqu\u00eda, de modo que se les faciliten m\u00e1s recursos para afrontarla<\/strong><\/p>\n<p>La celiaqu\u00eda o enfermedad cel\u00edaca, es un proceso cr\u00f3nico, multiorg\u00e1nico, autoimnune, que puede lesionar el intestino y otros \u00f3rganos o tejidos corporales. La causa de dicha patolog\u00eda est\u00e1 asociada a una &#8220;intolerancia&#8221; permanente al gluten. Un conjunto de prote\u00ednas presentes en el trigo, avena, cebada y centeno, as\u00ed como sus h\u00edbridos y otros productos derivados de estos cereales. No es simplemente una intolerancia alimentaria, ni una alergia, ni un trastorno \u00fanicamente digestivo. Es m\u00e1s bien una enfermedad sist\u00e9mica. Su no diagn\u00f3stico y no tratamiento, puede derivar en algunos tipos de c\u00e1ncer, graves problemas digestivos, enfermedades cardiovasculares, problemas neurol\u00f3gicos, osteoporosis etc. Todo ello precisa tratamientos muy singulares, as\u00ed como una dieta sin gluten muy estricta, y por supuesto muy costosa a nivel econ\u00f3mico.<\/p>\n<p>Una familia con al menos una persona celiaca, se gasta a la semana en la cesta de la compra 21,42 \u20ac m\u00e1s que una familia sin celiacos. Esta cifra alcanza los 85,68\u20ac al mes y los 1.028,22\u20ac al a\u00f1o. Siendo la dieta el elemento central del tratamiento para la enfermedad, la realidad actual es el sobrecoste de la compra de alimentos \u201csin gluten\u201d, a d\u00eda de hoy m\u00e1s accesible que hace a\u00f1os, pero con precios todav\u00eda muy desorbitados.<\/p>\n<p>En ese contexto aparece la <strong>Convocatoria de la Consejer\u00eda de Sanidad para la ayuda a personas afectadas por la enfermedad cel\u00edaca en Castilla la Mancha<\/strong>, resoluci\u00f3n de 11\/09\/2024. Resumiendo la misma, se informa que:<br \/>\n-Plazo de Solicitud: desde el <strong>18\/09\/2024 hasta el 15\/11\/2024<\/strong><br \/>\n-Importe de la subvenci\u00f3n: <strong>500 \u20ac por persona y 1.000\u20ac por unidad familiar<\/strong><br \/>\n-Personas que puede acceder: quien tenga un <strong>diagn\u00f3stico de persona celiaca<\/strong>, resida en Castilla la Mancha por lo menos 6 meses, tener una renta no superior a 16.800\u20ac, as\u00ed como otros requisitos que contemplan las bases<br \/>\n-Plazo de resoluci\u00f3n: <strong>3 meses<\/strong><br \/>\n-Formulario de solicitud: en la direcci\u00f3n www.jccm.es\/sede\/tramite\/M2K<br \/>\n-D\u00f3nde presentar: de modo online con certificado digital en esa web, o presentando el formulario y documentaci\u00f3n en cualquier oficina de registro.<br \/>\n-Documentaci\u00f3n a presentar: formulario; libro de familia o poderes de representaci\u00f3n si es el padre, madre o tutor legal; informe m\u00e9dico<\/p>\n<p>La Concejal\u00eda de Sanidad se suma a esta iniciativa, dando difusi\u00f3n a dicha convocatoria, as\u00ed como visibilizando esta enfermedad cel\u00edaca que tambi\u00e9n padecen muchas personas de nuestro municipio.<\/p>\n<p><img fetchpriority=\"high\" decoding=\"async\" class=\"alignnone size-full wp-image-26143\" src=\"https:\/\/www.caudete.org\/ayuntamiento\/wp-content\/uploads\/2024\/09\/CELIAQUIA_pages-to-jpg-0001.jpg\" alt=\"\" width=\"1000\" height=\"750\" srcset=\"https:\/\/www.caudete.org\/ayuntamiento\/wp-content\/uploads\/2024\/09\/CELIAQUIA_pages-to-jpg-0001.jpg 1000w, https:\/\/www.caudete.org\/ayuntamiento\/wp-content\/uploads\/2024\/09\/CELIAQUIA_pages-to-jpg-0001-300x225.jpg 300w, https:\/\/www.caudete.org\/ayuntamiento\/wp-content\/uploads\/2024\/09\/CELIAQUIA_pages-to-jpg-0001-768x576.jpg 768w\" sizes=\"(max-width: 1000px) 100vw, 1000px\" \/><\/p>\n","protected":false},"excerpt":{"rendered":"<p>Mar\u00eda Mart\u00ednez Concejal de Sanidad informa de las AYUDAS ECON\u00d3MICAS PARA PERSONAS AFECTADAS POR LA CELIAQU\u00cdA La Consejer\u00eda de Sanidad ha abierto una convocatoria de ayudas para personas que padecen la enfermedad de Celiaqu\u00eda, de modo que se les faciliten m\u00e1s recursos para afrontarla La celiaqu\u00eda o enfermedad cel\u00edaca, es un proceso cr\u00f3nico, multiorg\u00e1nico, autoimnune, &hellip;<\/p>\n","protected":false},"author":5,"featured_media":26142,"comment_status":"closed","ping_status":"open","sticky":false,"template":"","format":"standard","meta":{"ngg_post_thumbnail":0,"footnotes":""},"categories":[16],"tags":[],"class_list":["post-26141","post","type-post","status-publish","format-standard","has-post-thumbnail","hentry","category-sanidad"],"yoast_head":"<!-- This site is optimized with the Yoast SEO plugin v27.5 - https:\/\/yoast.com\/product\/yoast-seo-wordpress\/ -->\n<title>Ayudas econ\u00f3micas para personas afectadas por la celiaqu\u00eda - MI Ayuntamiento de Caudete<\/title>\n<meta name=\"description\" content=\"P\u00e1gina Oficial del Ayuntamiento de Caudete (Albacete)\" \/>\n<meta name=\"robots\" content=\"index, follow, max-snippet:-1, max-image-preview:large, max-video-preview:-1\" \/>\n<link rel=\"canonical\" href=\"https:\/\/www.caudete.org\/ayuntamiento\/ayudas-economicas-para-personas-afectadas-por-la-celiaquia\/\" \/>\n<meta property=\"og:locale\" content=\"es_ES\" \/>\n<meta property=\"og:type\" content=\"article\" \/>\n<meta property=\"og:title\" content=\"Ayudas econ\u00f3micas para personas afectadas por la celiaqu\u00eda - MI Ayuntamiento de Caudete\" \/>\n<meta property=\"og:description\" content=\"P\u00e1gina Oficial del Ayuntamiento de Caudete (Albacete)\" \/>\n<meta property=\"og:url\" content=\"https:\/\/www.caudete.org\/ayuntamiento\/ayudas-economicas-para-personas-afectadas-por-la-celiaquia\/\" \/>\n<meta property=\"og:site_name\" content=\"MI Ayuntamiento de Caudete\" \/>\n<meta property=\"article:publisher\" content=\"https:\/\/www.facebook.com\/ayuntamientocaudete\/\" \/>\n<meta property=\"article:published_time\" content=\"2024-09-28T07:00:09+00:00\" \/>\n<meta property=\"article:modified_time\" content=\"2024-11-11T11:24:35+00:00\" \/>\n<meta property=\"og:image\" content=\"https:\/\/www.caudete.org\/ayuntamiento\/wp-content\/uploads\/2024\/09\/CELIAQUIA_pages-to-jpg-0001-port.jpg\" \/>\n\t<meta property=\"og:image:width\" content=\"997\" \/>\n\t<meta property=\"og:image:height\" content=\"498\" \/>\n\t<meta property=\"og:image:type\" content=\"image\/jpeg\" \/>\n<meta name=\"author\" content=\"Dpto Informatica MI Ayuntamiento de Caudete\" \/>\n<meta name=\"twitter:card\" content=\"summary_large_image\" \/>\n<meta name=\"twitter:label1\" content=\"Escrito por\" \/>\n\t<meta name=\"twitter:data1\" content=\"Dpto Informatica MI Ayuntamiento de Caudete\" \/>\n\t<meta name=\"twitter:label2\" content=\"Tiempo de lectura\" \/>\n\t<meta name=\"twitter:data2\" content=\"3 minutos\" \/>\n<script type=\"application\/ld+json\" class=\"yoast-schema-graph\">{\"@context\":\"https:\\\/\\\/schema.org\",\"@graph\":[{\"@type\":\"Article\",\"@id\":\"https:\\\/\\\/www.caudete.org\\\/ayuntamiento\\\/ayudas-economicas-para-personas-afectadas-por-la-celiaquia\\\/#article\",\"isPartOf\":{\"@id\":\"https:\\\/\\\/www.caudete.org\\\/ayuntamiento\\\/ayudas-economicas-para-personas-afectadas-por-la-celiaquia\\\/\"},\"author\":{\"name\":\"Dpto Informatica MI Ayuntamiento de Caudete\",\"@id\":\"https:\\\/\\\/www.caudete.org\\\/ayuntamiento\\\/#\\\/schema\\\/person\\\/4b9eab41761957db9b1bf9c418d1ef46\"},\"headline\":\"Ayudas econ\u00f3micas para personas afectadas por la celiaqu\u00eda\",\"datePublished\":\"2024-09-28T07:00:09+00:00\",\"dateModified\":\"2024-11-11T11:24:35+00:00\",\"mainEntityOfPage\":{\"@id\":\"https:\\\/\\\/www.caudete.org\\\/ayuntamiento\\\/ayudas-economicas-para-personas-afectadas-por-la-celiaquia\\\/\"},\"wordCount\":464,\"image\":{\"@id\":\"https:\\\/\\\/www.caudete.org\\\/ayuntamiento\\\/ayudas-economicas-para-personas-afectadas-por-la-celiaquia\\\/#primaryimage\"},\"thumbnailUrl\":\"https:\\\/\\\/www.caudete.org\\\/ayuntamiento\\\/wp-content\\\/uploads\\\/2024\\\/09\\\/CELIAQUIA_pages-to-jpg-0001-port.jpg\",\"articleSection\":[\"Sanidad\"],\"inLanguage\":\"es\"},{\"@type\":\"WebPage\",\"@id\":\"https:\\\/\\\/www.caudete.org\\\/ayuntamiento\\\/ayudas-economicas-para-personas-afectadas-por-la-celiaquia\\\/\",\"url\":\"https:\\\/\\\/www.caudete.org\\\/ayuntamiento\\\/ayudas-economicas-para-personas-afectadas-por-la-celiaquia\\\/\",\"name\":\"Ayudas econ\u00f3micas para personas afectadas por la celiaqu\u00eda - MI Ayuntamiento de Caudete\",\"isPartOf\":{\"@id\":\"https:\\\/\\\/www.caudete.org\\\/ayuntamiento\\\/#website\"},\"primaryImageOfPage\":{\"@id\":\"https:\\\/\\\/www.caudete.org\\\/ayuntamiento\\\/ayudas-economicas-para-personas-afectadas-por-la-celiaquia\\\/#primaryimage\"},\"image\":{\"@id\":\"https:\\\/\\\/www.caudete.org\\\/ayuntamiento\\\/ayudas-economicas-para-personas-afectadas-por-la-celiaquia\\\/#primaryimage\"},\"thumbnailUrl\":\"https:\\\/\\\/www.caudete.org\\\/ayuntamiento\\\/wp-content\\\/uploads\\\/2024\\\/09\\\/CELIAQUIA_pages-to-jpg-0001-port.jpg\",\"datePublished\":\"2024-09-28T07:00:09+00:00\",\"dateModified\":\"2024-11-11T11:24:35+00:00\",\"author\":{\"@id\":\"https:\\\/\\\/www.caudete.org\\\/ayuntamiento\\\/#\\\/schema\\\/person\\\/4b9eab41761957db9b1bf9c418d1ef46\"},\"description\":\"P\u00e1gina Oficial del Ayuntamiento de Caudete (Albacete)\",\"breadcrumb\":{\"@id\":\"https:\\\/\\\/www.caudete.org\\\/ayuntamiento\\\/ayudas-economicas-para-personas-afectadas-por-la-celiaquia\\\/#breadcrumb\"},\"inLanguage\":\"es\",\"potentialAction\":[{\"@type\":\"ReadAction\",\"target\":[\"https:\\\/\\\/www.caudete.org\\\/ayuntamiento\\\/ayudas-economicas-para-personas-afectadas-por-la-celiaquia\\\/\"]}]},{\"@type\":\"ImageObject\",\"inLanguage\":\"es\",\"@id\":\"https:\\\/\\\/www.caudete.org\\\/ayuntamiento\\\/ayudas-economicas-para-personas-afectadas-por-la-celiaquia\\\/#primaryimage\",\"url\":\"https:\\\/\\\/www.caudete.org\\\/ayuntamiento\\\/wp-content\\\/uploads\\\/2024\\\/09\\\/CELIAQUIA_pages-to-jpg-0001-port.jpg\",\"contentUrl\":\"https:\\\/\\\/www.caudete.org\\\/ayuntamiento\\\/wp-content\\\/uploads\\\/2024\\\/09\\\/CELIAQUIA_pages-to-jpg-0001-port.jpg\",\"width\":997,\"height\":498},{\"@type\":\"BreadcrumbList\",\"@id\":\"https:\\\/\\\/www.caudete.org\\\/ayuntamiento\\\/ayudas-economicas-para-personas-afectadas-por-la-celiaquia\\\/#breadcrumb\",\"itemListElement\":[{\"@type\":\"ListItem\",\"position\":1,\"name\":\"Inicio\",\"item\":\"https:\\\/\\\/www.caudete.org\\\/ayuntamiento\\\/\"},{\"@type\":\"ListItem\",\"position\":2,\"name\":\"Ayudas econ\u00f3micas para personas afectadas por la celiaqu\u00eda\"}]},{\"@type\":\"WebSite\",\"@id\":\"https:\\\/\\\/www.caudete.org\\\/ayuntamiento\\\/#website\",\"url\":\"https:\\\/\\\/www.caudete.org\\\/ayuntamiento\\\/\",\"name\":\"MI Ayuntamiento de Caudete\",\"description\":\"P\u00e1gina Oficial del MI Ayuntamiento de Caudete\",\"potentialAction\":[{\"@type\":\"SearchAction\",\"target\":{\"@type\":\"EntryPoint\",\"urlTemplate\":\"https:\\\/\\\/www.caudete.org\\\/ayuntamiento\\\/?s={search_term_string}\"},\"query-input\":{\"@type\":\"PropertyValueSpecification\",\"valueRequired\":true,\"valueName\":\"search_term_string\"}}],\"inLanguage\":\"es\"},{\"@type\":\"Person\",\"@id\":\"https:\\\/\\\/www.caudete.org\\\/ayuntamiento\\\/#\\\/schema\\\/person\\\/4b9eab41761957db9b1bf9c418d1ef46\",\"name\":\"Dpto Informatica MI Ayuntamiento de Caudete\",\"image\":{\"@type\":\"ImageObject\",\"inLanguage\":\"es\",\"@id\":\"https:\\\/\\\/secure.gravatar.com\\\/avatar\\\/ac0321ee4a0a83e82a253e7b2d348ef539e2c8fe16d06b600bde04de1b364fa7?s=96&d=mm&r=g\",\"url\":\"https:\\\/\\\/secure.gravatar.com\\\/avatar\\\/ac0321ee4a0a83e82a253e7b2d348ef539e2c8fe16d06b600bde04de1b364fa7?s=96&d=mm&r=g\",\"contentUrl\":\"https:\\\/\\\/secure.gravatar.com\\\/avatar\\\/ac0321ee4a0a83e82a253e7b2d348ef539e2c8fe16d06b600bde04de1b364fa7?s=96&d=mm&r=g\",\"caption\":\"Dpto Informatica MI Ayuntamiento de Caudete\"},\"url\":\"https:\\\/\\\/www.caudete.org\\\/ayuntamiento\\\/author\\\/informatica\\\/\"}]}<\/script>\n<!-- \/ Yoast SEO plugin. -->","yoast_head_json":{"title":"Ayudas econ\u00f3micas para personas afectadas por la celiaqu\u00eda - MI Ayuntamiento de Caudete","description":"P\u00e1gina Oficial del Ayuntamiento de Caudete (Albacete)","robots":{"index":"index","follow":"follow","max-snippet":"max-snippet:-1","max-image-preview":"max-image-preview:large","max-video-preview":"max-video-preview:-1"},"canonical":"https:\/\/www.caudete.org\/ayuntamiento\/ayudas-economicas-para-personas-afectadas-por-la-celiaquia\/","og_locale":"es_ES","og_type":"article","og_title":"Ayudas econ\u00f3micas para personas afectadas por la celiaqu\u00eda - MI Ayuntamiento de Caudete","og_description":"P\u00e1gina Oficial del Ayuntamiento de Caudete (Albacete)","og_url":"https:\/\/www.caudete.org\/ayuntamiento\/ayudas-economicas-para-personas-afectadas-por-la-celiaquia\/","og_site_name":"MI Ayuntamiento de Caudete","article_publisher":"https:\/\/www.facebook.com\/ayuntamientocaudete\/","article_published_time":"2024-09-28T07:00:09+00:00","article_modified_time":"2024-11-11T11:24:35+00:00","og_image":[{"width":997,"height":498,"url":"https:\/\/www.caudete.org\/ayuntamiento\/wp-content\/uploads\/2024\/09\/CELIAQUIA_pages-to-jpg-0001-port.jpg","type":"image\/jpeg"}],"author":"Dpto Informatica MI Ayuntamiento de Caudete","twitter_card":"summary_large_image","twitter_misc":{"Escrito por":"Dpto Informatica MI Ayuntamiento de Caudete","Tiempo de lectura":"3 minutos"},"schema":{"@context":"https:\/\/schema.org","@graph":[{"@type":"Article","@id":"https:\/\/www.caudete.org\/ayuntamiento\/ayudas-economicas-para-personas-afectadas-por-la-celiaquia\/#article","isPartOf":{"@id":"https:\/\/www.caudete.org\/ayuntamiento\/ayudas-economicas-para-personas-afectadas-por-la-celiaquia\/"},"author":{"name":"Dpto Informatica MI Ayuntamiento de Caudete","@id":"https:\/\/www.caudete.org\/ayuntamiento\/#\/schema\/person\/4b9eab41761957db9b1bf9c418d1ef46"},"headline":"Ayudas econ\u00f3micas para personas afectadas por la celiaqu\u00eda","datePublished":"2024-09-28T07:00:09+00:00","dateModified":"2024-11-11T11:24:35+00:00","mainEntityOfPage":{"@id":"https:\/\/www.caudete.org\/ayuntamiento\/ayudas-economicas-para-personas-afectadas-por-la-celiaquia\/"},"wordCount":464,"image":{"@id":"https:\/\/www.caudete.org\/ayuntamiento\/ayudas-economicas-para-personas-afectadas-por-la-celiaquia\/#primaryimage"},"thumbnailUrl":"https:\/\/www.caudete.org\/ayuntamiento\/wp-content\/uploads\/2024\/09\/CELIAQUIA_pages-to-jpg-0001-port.jpg","articleSection":["Sanidad"],"inLanguage":"es"},{"@type":"WebPage","@id":"https:\/\/www.caudete.org\/ayuntamiento\/ayudas-economicas-para-personas-afectadas-por-la-celiaquia\/","url":"https:\/\/www.caudete.org\/ayuntamiento\/ayudas-economicas-para-personas-afectadas-por-la-celiaquia\/","name":"Ayudas econ\u00f3micas para personas afectadas por la celiaqu\u00eda - MI Ayuntamiento de Caudete","isPartOf":{"@id":"https:\/\/www.caudete.org\/ayuntamiento\/#website"},"primaryImageOfPage":{"@id":"https:\/\/www.caudete.org\/ayuntamiento\/ayudas-economicas-para-personas-afectadas-por-la-celiaquia\/#primaryimage"},"image":{"@id":"https:\/\/www.caudete.org\/ayuntamiento\/ayudas-economicas-para-personas-afectadas-por-la-celiaquia\/#primaryimage"},"thumbnailUrl":"https:\/\/www.caudete.org\/ayuntamiento\/wp-content\/uploads\/2024\/09\/CELIAQUIA_pages-to-jpg-0001-port.jpg","datePublished":"2024-09-28T07:00:09+00:00","dateModified":"2024-11-11T11:24:35+00:00","author":{"@id":"https:\/\/www.caudete.org\/ayuntamiento\/#\/schema\/person\/4b9eab41761957db9b1bf9c418d1ef46"},"description":"P\u00e1gina Oficial del Ayuntamiento de Caudete (Albacete)","breadcrumb":{"@id":"https:\/\/www.caudete.org\/ayuntamiento\/ayudas-economicas-para-personas-afectadas-por-la-celiaquia\/#breadcrumb"},"inLanguage":"es","potentialAction":[{"@type":"ReadAction","target":["https:\/\/www.caudete.org\/ayuntamiento\/ayudas-economicas-para-personas-afectadas-por-la-celiaquia\/"]}]},{"@type":"ImageObject","inLanguage":"es","@id":"https:\/\/www.caudete.org\/ayuntamiento\/ayudas-economicas-para-personas-afectadas-por-la-celiaquia\/#primaryimage","url":"https:\/\/www.caudete.org\/ayuntamiento\/wp-content\/uploads\/2024\/09\/CELIAQUIA_pages-to-jpg-0001-port.jpg","contentUrl":"https:\/\/www.caudete.org\/ayuntamiento\/wp-content\/uploads\/2024\/09\/CELIAQUIA_pages-to-jpg-0001-port.jpg","width":997,"height":498},{"@type":"BreadcrumbList","@id":"https:\/\/www.caudete.org\/ayuntamiento\/ayudas-economicas-para-personas-afectadas-por-la-celiaquia\/#breadcrumb","itemListElement":[{"@type":"ListItem","position":1,"name":"Inicio","item":"https:\/\/www.caudete.org\/ayuntamiento\/"},{"@type":"ListItem","position":2,"name":"Ayudas econ\u00f3micas para personas afectadas por la celiaqu\u00eda"}]},{"@type":"WebSite","@id":"https:\/\/www.caudete.org\/ayuntamiento\/#website","url":"https:\/\/www.caudete.org\/ayuntamiento\/","name":"MI Ayuntamiento de Caudete","description":"P\u00e1gina Oficial del MI Ayuntamiento de Caudete","potentialAction":[{"@type":"SearchAction","target":{"@type":"EntryPoint","urlTemplate":"https:\/\/www.caudete.org\/ayuntamiento\/?s={search_term_string}"},"query-input":{"@type":"PropertyValueSpecification","valueRequired":true,"valueName":"search_term_string"}}],"inLanguage":"es"},{"@type":"Person","@id":"https:\/\/www.caudete.org\/ayuntamiento\/#\/schema\/person\/4b9eab41761957db9b1bf9c418d1ef46","name":"Dpto Informatica MI Ayuntamiento de Caudete","image":{"@type":"ImageObject","inLanguage":"es","@id":"https:\/\/secure.gravatar.com\/avatar\/ac0321ee4a0a83e82a253e7b2d348ef539e2c8fe16d06b600bde04de1b364fa7?s=96&d=mm&r=g","url":"https:\/\/secure.gravatar.com\/avatar\/ac0321ee4a0a83e82a253e7b2d348ef539e2c8fe16d06b600bde04de1b364fa7?s=96&d=mm&r=g","contentUrl":"https:\/\/secure.gravatar.com\/avatar\/ac0321ee4a0a83e82a253e7b2d348ef539e2c8fe16d06b600bde04de1b364fa7?s=96&d=mm&r=g","caption":"Dpto Informatica MI Ayuntamiento de Caudete"},"url":"https:\/\/www.caudete.org\/ayuntamiento\/author\/informatica\/"}]}},"_links":{"self":[{"href":"https:\/\/www.caudete.org\/ayuntamiento\/wp-json\/wp\/v2\/posts\/26141","targetHints":{"allow":["GET"]}}],"collection":[{"href":"https:\/\/www.caudete.org\/ayuntamiento\/wp-json\/wp\/v2\/posts"}],"about":[{"href":"https:\/\/www.caudete.org\/ayuntamiento\/wp-json\/wp\/v2\/types\/post"}],"author":[{"embeddable":true,"href":"https:\/\/www.caudete.org\/ayuntamiento\/wp-json\/wp\/v2\/users\/5"}],"replies":[{"embeddable":true,"href":"https:\/\/www.caudete.org\/ayuntamiento\/wp-json\/wp\/v2\/comments?post=26141"}],"version-history":[{"count":1,"href":"https:\/\/www.caudete.org\/ayuntamiento\/wp-json\/wp\/v2\/posts\/26141\/revisions"}],"predecessor-version":[{"id":26144,"href":"https:\/\/www.caudete.org\/ayuntamiento\/wp-json\/wp\/v2\/posts\/26141\/revisions\/26144"}],"wp:featuredmedia":[{"embeddable":true,"href":"https:\/\/www.caudete.org\/ayuntamiento\/wp-json\/wp\/v2\/media\/26142"}],"wp:attachment":[{"href":"https:\/\/www.caudete.org\/ayuntamiento\/wp-json\/wp\/v2\/media?parent=26141"}],"wp:term":[{"taxonomy":"category","embeddable":true,"href":"https:\/\/www.caudete.org\/ayuntamiento\/wp-json\/wp\/v2\/categories?post=26141"},{"taxonomy":"post_tag","embeddable":true,"href":"https:\/\/www.caudete.org\/ayuntamiento\/wp-json\/wp\/v2\/tags?post=26141"}],"curies":[{"name":"wp","href":"https:\/\/api.w.org\/{rel}","templated":true}]}}