{"id":26153,"date":"2024-10-02T09:00:21","date_gmt":"2024-10-02T07:00:21","guid":{"rendered":"https:\/\/www.caudete.org\/ayuntamiento\/?p=26153"},"modified":"2024-10-02T01:27:18","modified_gmt":"2024-10-01T23:27:18","slug":"caudeteemprende-angel-iniguez-abre-el-comercio-de-electronica-dobleyelectronica","status":"publish","type":"post","link":"https:\/\/www.caudete.org\/ayuntamiento\/caudeteemprende-angel-iniguez-abre-el-comercio-de-electronica-dobleyelectronica\/","title":{"rendered":"CaudeteEMPRENDE: \u00c1ngel \u00cd\u00f1iguez abre el comercio de electr\u00f3nica DOBLEYELECTRONICA"},"content":{"rendered":"<p style=\"text-align: justify;\">Dentro de la campa\u00f1a CaudeteEMPRENDE, el concejal Diego Cuenca nos presenta la nueva tienda que ha abierto sus puertas en Caudete, concretamente en la calle La Zafra.<\/p>\n<p style=\"text-align: justify;\">\u00c1ngel \u00cd\u00f1iguez Moreno su due\u00f1o nos presenta as\u00ed &#8220;dobleyelectronica&#8221;:<\/p>\n<p style=\"text-align: justify;\"><em>&#8220;Dobleyelectronica nace en septiembre de 2024 un proyecto que tenia muchos a\u00f1os en la cabeza y que llevaba muchos a\u00f1os realizando como hobby y que al final gracias a un gran esfuerzo y ayuda de mis familiares y amigos lo e llevado acabo en dobleyelectronica vendemos aparatos electr\u00f3nicos como tambi\u00e9n decoraci\u00f3n electr\u00f3nica reparamos aparatos electr\u00f3nicos y montamos pc-gaming a medida y tambi\u00e9n montamos ordenadores normales para usuario normal tambien disponemos de port\u00e1tiles y todo tipo de perif\u00e9ricos para la inform\u00e1tica y electr\u00f3nica general peque\u00f1os electrodom\u00e9sticos para el hogar ,tambi\u00e9n disponemos de art\u00edculos personalizables mediante sublimaci\u00f3n y vinilo como por ejemplo camisetas tazas bolsas gorras botellas etc., articulos de navidad y art\u00edculos para fiestas puntuales como Halloween, d\u00eda del padre, de la madre, despedidas y bodas, y tambi\u00e9n un gran catalogo de art\u00edculos de regalo para bebes.&#8221;<\/em><\/p>\n<p style=\"text-align: justify;\">Por su parte, el Concejal les ha transmitido la cercan\u00eda del Consistorio, aprovechando para agradecerle que haya elegido Caudete para este proyecto, a la vez que deseado toda la suerte posible en esta nueva andadura.<\/p>\n<p style=\"text-align: justify;\">CaudeteEMPRENDE es una campa\u00f1a creada desde la Concejal\u00eda de Comercio con el objetivo de dar visibilidad y apoyo a los nuevos comercios de la localidad, acerc\u00e1ndolos a la ciudadan\u00eda a trav\u00e9s de las redes sociales del M.I. Ayuntamiento y la TV.<\/p>\n<p><a href=\"https:\/\/www.caudete.org\/ayuntamiento\/wp-content\/uploads\/2024\/10\/WhatsApp-Image-2024-09-30-at-23.09.21.jpeg\" rel='prettyPhoto'><img fetchpriority=\"high\" decoding=\"async\" class=\"alignnone wp-image-26154 size-full\" src=\"https:\/\/www.caudete.org\/ayuntamiento\/wp-content\/uploads\/2024\/10\/WhatsApp-Image-2024-09-30-at-23.09.21.jpeg\" alt=\"\" width=\"1599\" height=\"899\" srcset=\"https:\/\/www.caudete.org\/ayuntamiento\/wp-content\/uploads\/2024\/10\/WhatsApp-Image-2024-09-30-at-23.09.21.jpeg 1599w, https:\/\/www.caudete.org\/ayuntamiento\/wp-content\/uploads\/2024\/10\/WhatsApp-Image-2024-09-30-at-23.09.21-300x169.jpeg 300w, https:\/\/www.caudete.org\/ayuntamiento\/wp-content\/uploads\/2024\/10\/WhatsApp-Image-2024-09-30-at-23.09.21-1024x576.jpeg 1024w, https:\/\/www.caudete.org\/ayuntamiento\/wp-content\/uploads\/2024\/10\/WhatsApp-Image-2024-09-30-at-23.09.21-768x432.jpeg 768w, https:\/\/www.caudete.org\/ayuntamiento\/wp-content\/uploads\/2024\/10\/WhatsApp-Image-2024-09-30-at-23.09.21-1536x864.jpeg 1536w\" sizes=\"(max-width: 1599px) 100vw, 1599px\" \/><\/a><\/p>\n","protected":false},"excerpt":{"rendered":"<p>Dentro de la campa\u00f1a CaudeteEMPRENDE, el concejal Diego Cuenca nos presenta la nueva tienda que ha abierto sus puertas en Caudete, concretamente en la calle La Zafra. \u00c1ngel \u00cd\u00f1iguez Moreno su due\u00f1o nos presenta as\u00ed &#8220;dobleyelectronica&#8221;: &#8220;Dobleyelectronica nace en septiembre de 2024 un proyecto que tenia muchos a\u00f1os en la cabeza y que llevaba muchos &hellip;<\/p>\n","protected":false},"author":3,"featured_media":26154,"comment_status":"closed","ping_status":"open","sticky":false,"template":"","format":"standard","meta":{"ngg_post_thumbnail":0,"footnotes":""},"categories":[42],"tags":[],"class_list":["post-26153","post","type-post","status-publish","format-standard","has-post-thumbnail","hentry","category-comercio"],"yoast_head":"<!-- This site is optimized with the Yoast SEO plugin v27.5 - https:\/\/yoast.com\/product\/yoast-seo-wordpress\/ -->\n<title>CaudeteEMPRENDE: \u00c1ngel \u00cd\u00f1iguez abre el comercio de electr\u00f3nica DOBLEYELECTRONICA - MI Ayuntamiento de Caudete<\/title>\n<meta name=\"description\" content=\"P\u00e1gina Oficial del Ayuntamiento de Caudete (Albacete)\" \/>\n<meta name=\"robots\" content=\"index, follow, max-snippet:-1, max-image-preview:large, max-video-preview:-1\" \/>\n<link rel=\"canonical\" href=\"https:\/\/www.caudete.org\/ayuntamiento\/caudeteemprende-angel-iniguez-abre-el-comercio-de-electronica-dobleyelectronica\/\" \/>\n<meta property=\"og:locale\" content=\"es_ES\" \/>\n<meta property=\"og:type\" content=\"article\" \/>\n<meta property=\"og:title\" content=\"CaudeteEMPRENDE: \u00c1ngel \u00cd\u00f1iguez abre el comercio de electr\u00f3nica DOBLEYELECTRONICA - MI Ayuntamiento de Caudete\" \/>\n<meta property=\"og:description\" content=\"P\u00e1gina Oficial del Ayuntamiento de Caudete (Albacete)\" \/>\n<meta property=\"og:url\" content=\"https:\/\/www.caudete.org\/ayuntamiento\/caudeteemprende-angel-iniguez-abre-el-comercio-de-electronica-dobleyelectronica\/\" \/>\n<meta property=\"og:site_name\" content=\"MI Ayuntamiento de Caudete\" \/>\n<meta property=\"article:publisher\" content=\"https:\/\/www.facebook.com\/ayuntamientocaudete\/\" \/>\n<meta property=\"article:published_time\" content=\"2024-10-02T07:00:21+00:00\" \/>\n<meta property=\"og:image\" content=\"https:\/\/www.caudete.org\/ayuntamiento\/wp-content\/uploads\/2024\/10\/WhatsApp-Image-2024-09-30-at-23.09.21.jpeg\" \/>\n\t<meta property=\"og:image:width\" content=\"1599\" \/>\n\t<meta property=\"og:image:height\" content=\"899\" \/>\n\t<meta property=\"og:image:type\" content=\"image\/jpeg\" \/>\n<meta name=\"author\" content=\"alcalde\" \/>\n<meta name=\"twitter:card\" content=\"summary_large_image\" \/>\n<meta name=\"twitter:label1\" content=\"Escrito por\" \/>\n\t<meta name=\"twitter:data1\" content=\"alcalde\" \/>\n\t<meta name=\"twitter:label2\" content=\"Tiempo de lectura\" \/>\n\t<meta name=\"twitter:data2\" content=\"2 minutos\" \/>\n<script type=\"application\/ld+json\" class=\"yoast-schema-graph\">{\"@context\":\"https:\\\/\\\/schema.org\",\"@graph\":[{\"@type\":\"Article\",\"@id\":\"https:\\\/\\\/www.caudete.org\\\/ayuntamiento\\\/caudeteemprende-angel-iniguez-abre-el-comercio-de-electronica-dobleyelectronica\\\/#article\",\"isPartOf\":{\"@id\":\"https:\\\/\\\/www.caudete.org\\\/ayuntamiento\\\/caudeteemprende-angel-iniguez-abre-el-comercio-de-electronica-dobleyelectronica\\\/\"},\"author\":{\"name\":\"alcalde\",\"@id\":\"https:\\\/\\\/www.caudete.org\\\/ayuntamiento\\\/#\\\/schema\\\/person\\\/cc646da9133078ee4d8dd47457947253\"},\"headline\":\"CaudeteEMPRENDE: \u00c1ngel \u00cd\u00f1iguez abre el comercio de electr\u00f3nica DOBLEYELECTRONICA\",\"datePublished\":\"2024-10-02T07:00:21+00:00\",\"mainEntityOfPage\":{\"@id\":\"https:\\\/\\\/www.caudete.org\\\/ayuntamiento\\\/caudeteemprende-angel-iniguez-abre-el-comercio-de-electronica-dobleyelectronica\\\/\"},\"wordCount\":287,\"image\":{\"@id\":\"https:\\\/\\\/www.caudete.org\\\/ayuntamiento\\\/caudeteemprende-angel-iniguez-abre-el-comercio-de-electronica-dobleyelectronica\\\/#primaryimage\"},\"thumbnailUrl\":\"https:\\\/\\\/www.caudete.org\\\/ayuntamiento\\\/wp-content\\\/uploads\\\/2024\\\/10\\\/WhatsApp-Image-2024-09-30-at-23.09.21.jpeg\",\"articleSection\":[\"Comercio\"],\"inLanguage\":\"es\"},{\"@type\":\"WebPage\",\"@id\":\"https:\\\/\\\/www.caudete.org\\\/ayuntamiento\\\/caudeteemprende-angel-iniguez-abre-el-comercio-de-electronica-dobleyelectronica\\\/\",\"url\":\"https:\\\/\\\/www.caudete.org\\\/ayuntamiento\\\/caudeteemprende-angel-iniguez-abre-el-comercio-de-electronica-dobleyelectronica\\\/\",\"name\":\"CaudeteEMPRENDE: \u00c1ngel \u00cd\u00f1iguez abre el comercio de electr\u00f3nica DOBLEYELECTRONICA - MI Ayuntamiento de Caudete\",\"isPartOf\":{\"@id\":\"https:\\\/\\\/www.caudete.org\\\/ayuntamiento\\\/#website\"},\"primaryImageOfPage\":{\"@id\":\"https:\\\/\\\/www.caudete.org\\\/ayuntamiento\\\/caudeteemprende-angel-iniguez-abre-el-comercio-de-electronica-dobleyelectronica\\\/#primaryimage\"},\"image\":{\"@id\":\"https:\\\/\\\/www.caudete.org\\\/ayuntamiento\\\/caudeteemprende-angel-iniguez-abre-el-comercio-de-electronica-dobleyelectronica\\\/#primaryimage\"},\"thumbnailUrl\":\"https:\\\/\\\/www.caudete.org\\\/ayuntamiento\\\/wp-content\\\/uploads\\\/2024\\\/10\\\/WhatsApp-Image-2024-09-30-at-23.09.21.jpeg\",\"datePublished\":\"2024-10-02T07:00:21+00:00\",\"author\":{\"@id\":\"https:\\\/\\\/www.caudete.org\\\/ayuntamiento\\\/#\\\/schema\\\/person\\\/cc646da9133078ee4d8dd47457947253\"},\"description\":\"P\u00e1gina Oficial del Ayuntamiento de Caudete (Albacete)\",\"breadcrumb\":{\"@id\":\"https:\\\/\\\/www.caudete.org\\\/ayuntamiento\\\/caudeteemprende-angel-iniguez-abre-el-comercio-de-electronica-dobleyelectronica\\\/#breadcrumb\"},\"inLanguage\":\"es\",\"potentialAction\":[{\"@type\":\"ReadAction\",\"target\":[\"https:\\\/\\\/www.caudete.org\\\/ayuntamiento\\\/caudeteemprende-angel-iniguez-abre-el-comercio-de-electronica-dobleyelectronica\\\/\"]}]},{\"@type\":\"ImageObject\",\"inLanguage\":\"es\",\"@id\":\"https:\\\/\\\/www.caudete.org\\\/ayuntamiento\\\/caudeteemprende-angel-iniguez-abre-el-comercio-de-electronica-dobleyelectronica\\\/#primaryimage\",\"url\":\"https:\\\/\\\/www.caudete.org\\\/ayuntamiento\\\/wp-content\\\/uploads\\\/2024\\\/10\\\/WhatsApp-Image-2024-09-30-at-23.09.21.jpeg\",\"contentUrl\":\"https:\\\/\\\/www.caudete.org\\\/ayuntamiento\\\/wp-content\\\/uploads\\\/2024\\\/10\\\/WhatsApp-Image-2024-09-30-at-23.09.21.jpeg\",\"width\":1599,\"height\":899},{\"@type\":\"BreadcrumbList\",\"@id\":\"https:\\\/\\\/www.caudete.org\\\/ayuntamiento\\\/caudeteemprende-angel-iniguez-abre-el-comercio-de-electronica-dobleyelectronica\\\/#breadcrumb\",\"itemListElement\":[{\"@type\":\"ListItem\",\"position\":1,\"name\":\"Inicio\",\"item\":\"https:\\\/\\\/www.caudete.org\\\/ayuntamiento\\\/\"},{\"@type\":\"ListItem\",\"position\":2,\"name\":\"CaudeteEMPRENDE: \u00c1ngel \u00cd\u00f1iguez abre el comercio de electr\u00f3nica DOBLEYELECTRONICA\"}]},{\"@type\":\"WebSite\",\"@id\":\"https:\\\/\\\/www.caudete.org\\\/ayuntamiento\\\/#website\",\"url\":\"https:\\\/\\\/www.caudete.org\\\/ayuntamiento\\\/\",\"name\":\"MI Ayuntamiento de Caudete\",\"description\":\"P\u00e1gina Oficial del MI Ayuntamiento de Caudete\",\"potentialAction\":[{\"@type\":\"SearchAction\",\"target\":{\"@type\":\"EntryPoint\",\"urlTemplate\":\"https:\\\/\\\/www.caudete.org\\\/ayuntamiento\\\/?s={search_term_string}\"},\"query-input\":{\"@type\":\"PropertyValueSpecification\",\"valueRequired\":true,\"valueName\":\"search_term_string\"}}],\"inLanguage\":\"es\"},{\"@type\":\"Person\",\"@id\":\"https:\\\/\\\/www.caudete.org\\\/ayuntamiento\\\/#\\\/schema\\\/person\\\/cc646da9133078ee4d8dd47457947253\",\"name\":\"alcalde\",\"image\":{\"@type\":\"ImageObject\",\"inLanguage\":\"es\",\"@id\":\"https:\\\/\\\/secure.gravatar.com\\\/avatar\\\/84a817ba065b29ff08d666b215a215f5c79186a645ccb25b14a663d48a130f77?s=96&d=mm&r=g\",\"url\":\"https:\\\/\\\/secure.gravatar.com\\\/avatar\\\/84a817ba065b29ff08d666b215a215f5c79186a645ccb25b14a663d48a130f77?s=96&d=mm&r=g\",\"contentUrl\":\"https:\\\/\\\/secure.gravatar.com\\\/avatar\\\/84a817ba065b29ff08d666b215a215f5c79186a645ccb25b14a663d48a130f77?s=96&d=mm&r=g\",\"caption\":\"alcalde\"},\"url\":\"https:\\\/\\\/www.caudete.org\\\/ayuntamiento\\\/author\\\/alcalde\\\/\"}]}<\/script>\n<!-- \/ Yoast SEO plugin. -->","yoast_head_json":{"title":"CaudeteEMPRENDE: \u00c1ngel \u00cd\u00f1iguez abre el comercio de electr\u00f3nica DOBLEYELECTRONICA - MI Ayuntamiento de Caudete","description":"P\u00e1gina Oficial del Ayuntamiento de Caudete (Albacete)","robots":{"index":"index","follow":"follow","max-snippet":"max-snippet:-1","max-image-preview":"max-image-preview:large","max-video-preview":"max-video-preview:-1"},"canonical":"https:\/\/www.caudete.org\/ayuntamiento\/caudeteemprende-angel-iniguez-abre-el-comercio-de-electronica-dobleyelectronica\/","og_locale":"es_ES","og_type":"article","og_title":"CaudeteEMPRENDE: \u00c1ngel \u00cd\u00f1iguez abre el comercio de electr\u00f3nica DOBLEYELECTRONICA - MI Ayuntamiento de Caudete","og_description":"P\u00e1gina Oficial del Ayuntamiento de Caudete (Albacete)","og_url":"https:\/\/www.caudete.org\/ayuntamiento\/caudeteemprende-angel-iniguez-abre-el-comercio-de-electronica-dobleyelectronica\/","og_site_name":"MI Ayuntamiento de Caudete","article_publisher":"https:\/\/www.facebook.com\/ayuntamientocaudete\/","article_published_time":"2024-10-02T07:00:21+00:00","og_image":[{"width":1599,"height":899,"url":"https:\/\/www.caudete.org\/ayuntamiento\/wp-content\/uploads\/2024\/10\/WhatsApp-Image-2024-09-30-at-23.09.21.jpeg","type":"image\/jpeg"}],"author":"alcalde","twitter_card":"summary_large_image","twitter_misc":{"Escrito por":"alcalde","Tiempo de lectura":"2 minutos"},"schema":{"@context":"https:\/\/schema.org","@graph":[{"@type":"Article","@id":"https:\/\/www.caudete.org\/ayuntamiento\/caudeteemprende-angel-iniguez-abre-el-comercio-de-electronica-dobleyelectronica\/#article","isPartOf":{"@id":"https:\/\/www.caudete.org\/ayuntamiento\/caudeteemprende-angel-iniguez-abre-el-comercio-de-electronica-dobleyelectronica\/"},"author":{"name":"alcalde","@id":"https:\/\/www.caudete.org\/ayuntamiento\/#\/schema\/person\/cc646da9133078ee4d8dd47457947253"},"headline":"CaudeteEMPRENDE: \u00c1ngel \u00cd\u00f1iguez abre el comercio de electr\u00f3nica DOBLEYELECTRONICA","datePublished":"2024-10-02T07:00:21+00:00","mainEntityOfPage":{"@id":"https:\/\/www.caudete.org\/ayuntamiento\/caudeteemprende-angel-iniguez-abre-el-comercio-de-electronica-dobleyelectronica\/"},"wordCount":287,"image":{"@id":"https:\/\/www.caudete.org\/ayuntamiento\/caudeteemprende-angel-iniguez-abre-el-comercio-de-electronica-dobleyelectronica\/#primaryimage"},"thumbnailUrl":"https:\/\/www.caudete.org\/ayuntamiento\/wp-content\/uploads\/2024\/10\/WhatsApp-Image-2024-09-30-at-23.09.21.jpeg","articleSection":["Comercio"],"inLanguage":"es"},{"@type":"WebPage","@id":"https:\/\/www.caudete.org\/ayuntamiento\/caudeteemprende-angel-iniguez-abre-el-comercio-de-electronica-dobleyelectronica\/","url":"https:\/\/www.caudete.org\/ayuntamiento\/caudeteemprende-angel-iniguez-abre-el-comercio-de-electronica-dobleyelectronica\/","name":"CaudeteEMPRENDE: \u00c1ngel \u00cd\u00f1iguez abre el comercio de electr\u00f3nica DOBLEYELECTRONICA - MI Ayuntamiento de Caudete","isPartOf":{"@id":"https:\/\/www.caudete.org\/ayuntamiento\/#website"},"primaryImageOfPage":{"@id":"https:\/\/www.caudete.org\/ayuntamiento\/caudeteemprende-angel-iniguez-abre-el-comercio-de-electronica-dobleyelectronica\/#primaryimage"},"image":{"@id":"https:\/\/www.caudete.org\/ayuntamiento\/caudeteemprende-angel-iniguez-abre-el-comercio-de-electronica-dobleyelectronica\/#primaryimage"},"thumbnailUrl":"https:\/\/www.caudete.org\/ayuntamiento\/wp-content\/uploads\/2024\/10\/WhatsApp-Image-2024-09-30-at-23.09.21.jpeg","datePublished":"2024-10-02T07:00:21+00:00","author":{"@id":"https:\/\/www.caudete.org\/ayuntamiento\/#\/schema\/person\/cc646da9133078ee4d8dd47457947253"},"description":"P\u00e1gina Oficial del Ayuntamiento de Caudete (Albacete)","breadcrumb":{"@id":"https:\/\/www.caudete.org\/ayuntamiento\/caudeteemprende-angel-iniguez-abre-el-comercio-de-electronica-dobleyelectronica\/#breadcrumb"},"inLanguage":"es","potentialAction":[{"@type":"ReadAction","target":["https:\/\/www.caudete.org\/ayuntamiento\/caudeteemprende-angel-iniguez-abre-el-comercio-de-electronica-dobleyelectronica\/"]}]},{"@type":"ImageObject","inLanguage":"es","@id":"https:\/\/www.caudete.org\/ayuntamiento\/caudeteemprende-angel-iniguez-abre-el-comercio-de-electronica-dobleyelectronica\/#primaryimage","url":"https:\/\/www.caudete.org\/ayuntamiento\/wp-content\/uploads\/2024\/10\/WhatsApp-Image-2024-09-30-at-23.09.21.jpeg","contentUrl":"https:\/\/www.caudete.org\/ayuntamiento\/wp-content\/uploads\/2024\/10\/WhatsApp-Image-2024-09-30-at-23.09.21.jpeg","width":1599,"height":899},{"@type":"BreadcrumbList","@id":"https:\/\/www.caudete.org\/ayuntamiento\/caudeteemprende-angel-iniguez-abre-el-comercio-de-electronica-dobleyelectronica\/#breadcrumb","itemListElement":[{"@type":"ListItem","position":1,"name":"Inicio","item":"https:\/\/www.caudete.org\/ayuntamiento\/"},{"@type":"ListItem","position":2,"name":"CaudeteEMPRENDE: \u00c1ngel \u00cd\u00f1iguez abre el comercio de electr\u00f3nica DOBLEYELECTRONICA"}]},{"@type":"WebSite","@id":"https:\/\/www.caudete.org\/ayuntamiento\/#website","url":"https:\/\/www.caudete.org\/ayuntamiento\/","name":"MI Ayuntamiento de Caudete","description":"P\u00e1gina Oficial del MI Ayuntamiento de Caudete","potentialAction":[{"@type":"SearchAction","target":{"@type":"EntryPoint","urlTemplate":"https:\/\/www.caudete.org\/ayuntamiento\/?s={search_term_string}"},"query-input":{"@type":"PropertyValueSpecification","valueRequired":true,"valueName":"search_term_string"}}],"inLanguage":"es"},{"@type":"Person","@id":"https:\/\/www.caudete.org\/ayuntamiento\/#\/schema\/person\/cc646da9133078ee4d8dd47457947253","name":"alcalde","image":{"@type":"ImageObject","inLanguage":"es","@id":"https:\/\/secure.gravatar.com\/avatar\/84a817ba065b29ff08d666b215a215f5c79186a645ccb25b14a663d48a130f77?s=96&d=mm&r=g","url":"https:\/\/secure.gravatar.com\/avatar\/84a817ba065b29ff08d666b215a215f5c79186a645ccb25b14a663d48a130f77?s=96&d=mm&r=g","contentUrl":"https:\/\/secure.gravatar.com\/avatar\/84a817ba065b29ff08d666b215a215f5c79186a645ccb25b14a663d48a130f77?s=96&d=mm&r=g","caption":"alcalde"},"url":"https:\/\/www.caudete.org\/ayuntamiento\/author\/alcalde\/"}]}},"_links":{"self":[{"href":"https:\/\/www.caudete.org\/ayuntamiento\/wp-json\/wp\/v2\/posts\/26153","targetHints":{"allow":["GET"]}}],"collection":[{"href":"https:\/\/www.caudete.org\/ayuntamiento\/wp-json\/wp\/v2\/posts"}],"about":[{"href":"https:\/\/www.caudete.org\/ayuntamiento\/wp-json\/wp\/v2\/types\/post"}],"author":[{"embeddable":true,"href":"https:\/\/www.caudete.org\/ayuntamiento\/wp-json\/wp\/v2\/users\/3"}],"replies":[{"embeddable":true,"href":"https:\/\/www.caudete.org\/ayuntamiento\/wp-json\/wp\/v2\/comments?post=26153"}],"version-history":[{"count":2,"href":"https:\/\/www.caudete.org\/ayuntamiento\/wp-json\/wp\/v2\/posts\/26153\/revisions"}],"predecessor-version":[{"id":26156,"href":"https:\/\/www.caudete.org\/ayuntamiento\/wp-json\/wp\/v2\/posts\/26153\/revisions\/26156"}],"wp:featuredmedia":[{"embeddable":true,"href":"https:\/\/www.caudete.org\/ayuntamiento\/wp-json\/wp\/v2\/media\/26154"}],"wp:attachment":[{"href":"https:\/\/www.caudete.org\/ayuntamiento\/wp-json\/wp\/v2\/media?parent=26153"}],"wp:term":[{"taxonomy":"category","embeddable":true,"href":"https:\/\/www.caudete.org\/ayuntamiento\/wp-json\/wp\/v2\/categories?post=26153"},{"taxonomy":"post_tag","embeddable":true,"href":"https:\/\/www.caudete.org\/ayuntamiento\/wp-json\/wp\/v2\/tags?post=26153"}],"curies":[{"name":"wp","href":"https:\/\/api.w.org\/{rel}","templated":true}]}}