{"id":26179,"date":"2024-10-03T09:55:19","date_gmt":"2024-10-03T07:55:19","guid":{"rendered":"https:\/\/www.caudete.org\/ayuntamiento\/?p=26179"},"modified":"2024-10-03T09:55:19","modified_gmt":"2024-10-03T07:55:19","slug":"balance-positivo-de-la-ferias-de-san-miguel-y-de-la-solidaridad","status":"publish","type":"post","link":"https:\/\/www.caudete.org\/ayuntamiento\/balance-positivo-de-la-ferias-de-san-miguel-y-de-la-solidaridad\/","title":{"rendered":"Balance positivo de la Ferias de San Miguel y de la Solidaridad"},"content":{"rendered":"<div class=\"xdj266r x11i5rnm xat24cr x1mh8g0r x1vvkbs x126k92a\">\n<div dir=\"auto\" style=\"text-align: justify;\">Diego Cuenca, Concejal de Turismo ha hecho balance de la Feria de San Miguel celebrada el pasado fin de semana, toda vez que se ha reunido para analizar la situaci\u00f3n con el Departamento de Turismo y el colectivo sociosanitario protagonista de la Feria de la Solidaridad.<\/div>\n<div dir=\"auto\"><\/div>\n<div dir=\"auto\" style=\"text-align: justify;\">El pasado fin de semana tuvo lugar la Feria de San Miguel, evento que va consolid\u00e1ndose a\u00f1o tras a\u00f1o. La Oficina de Turismo, Casa de Miguel Mart\u00ednez, tuvo jornada de puertas abiertas. En torno a 900 personas visitaron la casa, a las que a\u00f1adimos aquellas que accedieron en visitas guiadas programadas durante la feria.<\/div>\n<\/div>\n<div class=\"x11i5rnm xat24cr x1mh8g0r x1vvkbs xtlvy1s x126k92a\" style=\"text-align: justify;\">\n<div dir=\"auto\"><\/div>\n<\/div>\n<div class=\"x11i5rnm xat24cr x1mh8g0r x1vvkbs xtlvy1s x126k92a\" style=\"text-align: justify;\">\n<div dir=\"auto\">En cuanto a la procedencia de las visitas, la mayor parte fueron caudetanos, seguidos de visitantes de Alicante (Villena, Elda, Biar, San Vicente), y Valencia (Onteniente, Fuente La Higuera, Picassent).<\/div>\n<div dir=\"auto\"><\/div>\n<\/div>\n<div class=\"x11i5rnm xat24cr x1mh8g0r x1vvkbs xtlvy1s x126k92a\" style=\"text-align: justify;\">\n<div dir=\"auto\">En esta edici\u00f3n de la feria cont\u00e1bamos con el apoyo de la A. D. Comarca Monte Ib\u00e9rico-Corredor de Almansa y, gracias a la promoci\u00f3n de este evento en toda la comarca, fue rese\u00f1able la afluencia de visitantes de Almansa, Bonete, Alpera y del propio Albacete.<\/div>\n<div dir=\"auto\"><\/div>\n<\/div>\n<div class=\"x11i5rnm xat24cr x1mh8g0r x1vvkbs xtlvy1s x126k92a\">\n<div dir=\"auto\" style=\"text-align: justify;\">Los Artesanos de Amata ofrecieron una amplia variedad de productos artesanales, piezas exclusivas de originales dise\u00f1os, as\u00ed como puestos de comida, atracciones de calle y talleres para ni\u00f1os.<\/div>\n<div dir=\"auto\"><\/div>\n<\/div>\n<div class=\"x11i5rnm xat24cr x1mh8g0r x1vvkbs xtlvy1s x126k92a\">\n<div dir=\"auto\" style=\"text-align: justify;\">Bodega Deitania nos deleit\u00f3 con una cata de sus vinos en la bodega de la Oficina de Turismo, acompa\u00f1ada con una selecci\u00f3n de embutidos y jam\u00f3n de Carnicer\u00eda Mil\u00e1n. La iniciativa fue muy bien acogida y los participantes pasaron un buen rato.<\/div>\n<div dir=\"auto\" style=\"text-align: justify;\"><\/div>\n<\/div>\n<div class=\"x11i5rnm xat24cr x1mh8g0r x1vvkbs xtlvy1s x126k92a\" style=\"text-align: justify;\">\n<div dir=\"auto\">Paralelamente tuvo lugar el Torneo de Ajedrez organizado por el Club de Ajedrez de Caudete. Rese\u00f1amos la importante labor que este club hace por acercar a j\u00f3venes y adultos esta interesante disciplina que colabora a estimular la concentraci\u00f3n, la memoria y la estrategia. El torneo fue un \u00e9xito en participaci\u00f3n.<\/div>\n<div dir=\"auto\"><\/div>\n<\/div>\n<div class=\"x11i5rnm xat24cr x1mh8g0r x1vvkbs xtlvy1s x126k92a\" style=\"text-align: justify;\">\n<div dir=\"auto\">Por otra parte, tuvieron lugar tres visitas guiadas durante la feria. Uno de estos grupos vino de Alicante, en viaje programado por agencia de viajes, con complet\u00f3 su d\u00eda en Caudete con una visita a la feria por la ma\u00f1ana y un itinerario tur\u00edstico por el centro de la localidad por la tarde.<\/div>\n<div dir=\"auto\"><\/div>\n<\/div>\n<div class=\"x11i5rnm xat24cr x1mh8g0r x1vvkbs xtlvy1s x126k92a\">\n<div dir=\"auto\" style=\"text-align: justify;\">Tambi\u00e9n las asociaciones socio-sanitarias locales tuvieron su espacio en el Paseo Luis Golf, a la que concurren una decena de asociaciones locales que dan a conocer su labor social, su calendario de actividades.<\/div>\n<\/div>\n","protected":false},"excerpt":{"rendered":"<p>Diego Cuenca, Concejal de Turismo ha hecho balance de la Feria de San Miguel celebrada el pasado fin de semana, toda vez que se ha reunido para analizar la situaci\u00f3n con el Departamento de Turismo y el colectivo sociosanitario protagonista de la Feria de la Solidaridad. El pasado fin de semana tuvo lugar la Feria &hellip;<\/p>\n","protected":false},"author":3,"featured_media":26180,"comment_status":"closed","ping_status":"open","sticky":false,"template":"","format":"standard","meta":{"ngg_post_thumbnail":0,"footnotes":""},"categories":[43],"tags":[],"class_list":["post-26179","post","type-post","status-publish","format-standard","has-post-thumbnail","hentry","category-turismo"],"yoast_head":"<!-- This site is optimized with the Yoast SEO plugin v27.5 - https:\/\/yoast.com\/product\/yoast-seo-wordpress\/ -->\n<title>Balance positivo de la Ferias de San Miguel y de la Solidaridad - MI Ayuntamiento de Caudete<\/title>\n<meta name=\"description\" content=\"P\u00e1gina Oficial del Ayuntamiento de Caudete (Albacete)\" \/>\n<meta name=\"robots\" content=\"index, follow, max-snippet:-1, max-image-preview:large, max-video-preview:-1\" \/>\n<link rel=\"canonical\" href=\"https:\/\/www.caudete.org\/ayuntamiento\/balance-positivo-de-la-ferias-de-san-miguel-y-de-la-solidaridad\/\" \/>\n<meta property=\"og:locale\" content=\"es_ES\" \/>\n<meta property=\"og:type\" content=\"article\" \/>\n<meta property=\"og:title\" content=\"Balance positivo de la Ferias de San Miguel y de la Solidaridad - MI Ayuntamiento de Caudete\" \/>\n<meta property=\"og:description\" content=\"P\u00e1gina Oficial del Ayuntamiento de Caudete (Albacete)\" \/>\n<meta property=\"og:url\" content=\"https:\/\/www.caudete.org\/ayuntamiento\/balance-positivo-de-la-ferias-de-san-miguel-y-de-la-solidaridad\/\" \/>\n<meta property=\"og:site_name\" content=\"MI Ayuntamiento de Caudete\" \/>\n<meta property=\"article:publisher\" content=\"https:\/\/www.facebook.com\/ayuntamientocaudete\/\" \/>\n<meta property=\"article:published_time\" content=\"2024-10-03T07:55:19+00:00\" \/>\n<meta property=\"og:image\" content=\"https:\/\/www.caudete.org\/ayuntamiento\/wp-content\/uploads\/2024\/10\/ERIA-SAN-MIGUEL.jpg\" \/>\n\t<meta property=\"og:image:width\" content=\"1132\" \/>\n\t<meta property=\"og:image:height\" content=\"688\" \/>\n\t<meta property=\"og:image:type\" content=\"image\/jpeg\" \/>\n<meta name=\"author\" content=\"alcalde\" \/>\n<meta name=\"twitter:card\" content=\"summary_large_image\" \/>\n<meta name=\"twitter:label1\" content=\"Escrito por\" \/>\n\t<meta name=\"twitter:data1\" content=\"alcalde\" \/>\n\t<meta name=\"twitter:label2\" content=\"Tiempo de lectura\" \/>\n\t<meta name=\"twitter:data2\" content=\"2 minutos\" \/>\n<script type=\"application\/ld+json\" class=\"yoast-schema-graph\">{\"@context\":\"https:\\\/\\\/schema.org\",\"@graph\":[{\"@type\":\"Article\",\"@id\":\"https:\\\/\\\/www.caudete.org\\\/ayuntamiento\\\/balance-positivo-de-la-ferias-de-san-miguel-y-de-la-solidaridad\\\/#article\",\"isPartOf\":{\"@id\":\"https:\\\/\\\/www.caudete.org\\\/ayuntamiento\\\/balance-positivo-de-la-ferias-de-san-miguel-y-de-la-solidaridad\\\/\"},\"author\":{\"name\":\"alcalde\",\"@id\":\"https:\\\/\\\/www.caudete.org\\\/ayuntamiento\\\/#\\\/schema\\\/person\\\/cc646da9133078ee4d8dd47457947253\"},\"headline\":\"Balance positivo de la Ferias de San Miguel y de la Solidaridad\",\"datePublished\":\"2024-10-03T07:55:19+00:00\",\"mainEntityOfPage\":{\"@id\":\"https:\\\/\\\/www.caudete.org\\\/ayuntamiento\\\/balance-positivo-de-la-ferias-de-san-miguel-y-de-la-solidaridad\\\/\"},\"wordCount\":418,\"image\":{\"@id\":\"https:\\\/\\\/www.caudete.org\\\/ayuntamiento\\\/balance-positivo-de-la-ferias-de-san-miguel-y-de-la-solidaridad\\\/#primaryimage\"},\"thumbnailUrl\":\"https:\\\/\\\/www.caudete.org\\\/ayuntamiento\\\/wp-content\\\/uploads\\\/2024\\\/10\\\/ERIA-SAN-MIGUEL.jpg\",\"articleSection\":[\"Turismo\"],\"inLanguage\":\"es\"},{\"@type\":\"WebPage\",\"@id\":\"https:\\\/\\\/www.caudete.org\\\/ayuntamiento\\\/balance-positivo-de-la-ferias-de-san-miguel-y-de-la-solidaridad\\\/\",\"url\":\"https:\\\/\\\/www.caudete.org\\\/ayuntamiento\\\/balance-positivo-de-la-ferias-de-san-miguel-y-de-la-solidaridad\\\/\",\"name\":\"Balance positivo de la Ferias de San Miguel y de la Solidaridad - MI Ayuntamiento de Caudete\",\"isPartOf\":{\"@id\":\"https:\\\/\\\/www.caudete.org\\\/ayuntamiento\\\/#website\"},\"primaryImageOfPage\":{\"@id\":\"https:\\\/\\\/www.caudete.org\\\/ayuntamiento\\\/balance-positivo-de-la-ferias-de-san-miguel-y-de-la-solidaridad\\\/#primaryimage\"},\"image\":{\"@id\":\"https:\\\/\\\/www.caudete.org\\\/ayuntamiento\\\/balance-positivo-de-la-ferias-de-san-miguel-y-de-la-solidaridad\\\/#primaryimage\"},\"thumbnailUrl\":\"https:\\\/\\\/www.caudete.org\\\/ayuntamiento\\\/wp-content\\\/uploads\\\/2024\\\/10\\\/ERIA-SAN-MIGUEL.jpg\",\"datePublished\":\"2024-10-03T07:55:19+00:00\",\"author\":{\"@id\":\"https:\\\/\\\/www.caudete.org\\\/ayuntamiento\\\/#\\\/schema\\\/person\\\/cc646da9133078ee4d8dd47457947253\"},\"description\":\"P\u00e1gina Oficial del Ayuntamiento de Caudete (Albacete)\",\"breadcrumb\":{\"@id\":\"https:\\\/\\\/www.caudete.org\\\/ayuntamiento\\\/balance-positivo-de-la-ferias-de-san-miguel-y-de-la-solidaridad\\\/#breadcrumb\"},\"inLanguage\":\"es\",\"potentialAction\":[{\"@type\":\"ReadAction\",\"target\":[\"https:\\\/\\\/www.caudete.org\\\/ayuntamiento\\\/balance-positivo-de-la-ferias-de-san-miguel-y-de-la-solidaridad\\\/\"]}]},{\"@type\":\"ImageObject\",\"inLanguage\":\"es\",\"@id\":\"https:\\\/\\\/www.caudete.org\\\/ayuntamiento\\\/balance-positivo-de-la-ferias-de-san-miguel-y-de-la-solidaridad\\\/#primaryimage\",\"url\":\"https:\\\/\\\/www.caudete.org\\\/ayuntamiento\\\/wp-content\\\/uploads\\\/2024\\\/10\\\/ERIA-SAN-MIGUEL.jpg\",\"contentUrl\":\"https:\\\/\\\/www.caudete.org\\\/ayuntamiento\\\/wp-content\\\/uploads\\\/2024\\\/10\\\/ERIA-SAN-MIGUEL.jpg\",\"width\":1132,\"height\":688},{\"@type\":\"BreadcrumbList\",\"@id\":\"https:\\\/\\\/www.caudete.org\\\/ayuntamiento\\\/balance-positivo-de-la-ferias-de-san-miguel-y-de-la-solidaridad\\\/#breadcrumb\",\"itemListElement\":[{\"@type\":\"ListItem\",\"position\":1,\"name\":\"Inicio\",\"item\":\"https:\\\/\\\/www.caudete.org\\\/ayuntamiento\\\/\"},{\"@type\":\"ListItem\",\"position\":2,\"name\":\"Balance positivo de la Ferias de San Miguel y de la Solidaridad\"}]},{\"@type\":\"WebSite\",\"@id\":\"https:\\\/\\\/www.caudete.org\\\/ayuntamiento\\\/#website\",\"url\":\"https:\\\/\\\/www.caudete.org\\\/ayuntamiento\\\/\",\"name\":\"MI Ayuntamiento de Caudete\",\"description\":\"P\u00e1gina Oficial del MI Ayuntamiento de Caudete\",\"potentialAction\":[{\"@type\":\"SearchAction\",\"target\":{\"@type\":\"EntryPoint\",\"urlTemplate\":\"https:\\\/\\\/www.caudete.org\\\/ayuntamiento\\\/?s={search_term_string}\"},\"query-input\":{\"@type\":\"PropertyValueSpecification\",\"valueRequired\":true,\"valueName\":\"search_term_string\"}}],\"inLanguage\":\"es\"},{\"@type\":\"Person\",\"@id\":\"https:\\\/\\\/www.caudete.org\\\/ayuntamiento\\\/#\\\/schema\\\/person\\\/cc646da9133078ee4d8dd47457947253\",\"name\":\"alcalde\",\"image\":{\"@type\":\"ImageObject\",\"inLanguage\":\"es\",\"@id\":\"https:\\\/\\\/secure.gravatar.com\\\/avatar\\\/84a817ba065b29ff08d666b215a215f5c79186a645ccb25b14a663d48a130f77?s=96&d=mm&r=g\",\"url\":\"https:\\\/\\\/secure.gravatar.com\\\/avatar\\\/84a817ba065b29ff08d666b215a215f5c79186a645ccb25b14a663d48a130f77?s=96&d=mm&r=g\",\"contentUrl\":\"https:\\\/\\\/secure.gravatar.com\\\/avatar\\\/84a817ba065b29ff08d666b215a215f5c79186a645ccb25b14a663d48a130f77?s=96&d=mm&r=g\",\"caption\":\"alcalde\"},\"url\":\"https:\\\/\\\/www.caudete.org\\\/ayuntamiento\\\/author\\\/alcalde\\\/\"}]}<\/script>\n<!-- \/ Yoast SEO plugin. -->","yoast_head_json":{"title":"Balance positivo de la Ferias de San Miguel y de la Solidaridad - MI Ayuntamiento de Caudete","description":"P\u00e1gina Oficial del Ayuntamiento de Caudete (Albacete)","robots":{"index":"index","follow":"follow","max-snippet":"max-snippet:-1","max-image-preview":"max-image-preview:large","max-video-preview":"max-video-preview:-1"},"canonical":"https:\/\/www.caudete.org\/ayuntamiento\/balance-positivo-de-la-ferias-de-san-miguel-y-de-la-solidaridad\/","og_locale":"es_ES","og_type":"article","og_title":"Balance positivo de la Ferias de San Miguel y de la Solidaridad - MI Ayuntamiento de Caudete","og_description":"P\u00e1gina Oficial del Ayuntamiento de Caudete (Albacete)","og_url":"https:\/\/www.caudete.org\/ayuntamiento\/balance-positivo-de-la-ferias-de-san-miguel-y-de-la-solidaridad\/","og_site_name":"MI Ayuntamiento de Caudete","article_publisher":"https:\/\/www.facebook.com\/ayuntamientocaudete\/","article_published_time":"2024-10-03T07:55:19+00:00","og_image":[{"width":1132,"height":688,"url":"https:\/\/www.caudete.org\/ayuntamiento\/wp-content\/uploads\/2024\/10\/ERIA-SAN-MIGUEL.jpg","type":"image\/jpeg"}],"author":"alcalde","twitter_card":"summary_large_image","twitter_misc":{"Escrito por":"alcalde","Tiempo de lectura":"2 minutos"},"schema":{"@context":"https:\/\/schema.org","@graph":[{"@type":"Article","@id":"https:\/\/www.caudete.org\/ayuntamiento\/balance-positivo-de-la-ferias-de-san-miguel-y-de-la-solidaridad\/#article","isPartOf":{"@id":"https:\/\/www.caudete.org\/ayuntamiento\/balance-positivo-de-la-ferias-de-san-miguel-y-de-la-solidaridad\/"},"author":{"name":"alcalde","@id":"https:\/\/www.caudete.org\/ayuntamiento\/#\/schema\/person\/cc646da9133078ee4d8dd47457947253"},"headline":"Balance positivo de la Ferias de San Miguel y de la Solidaridad","datePublished":"2024-10-03T07:55:19+00:00","mainEntityOfPage":{"@id":"https:\/\/www.caudete.org\/ayuntamiento\/balance-positivo-de-la-ferias-de-san-miguel-y-de-la-solidaridad\/"},"wordCount":418,"image":{"@id":"https:\/\/www.caudete.org\/ayuntamiento\/balance-positivo-de-la-ferias-de-san-miguel-y-de-la-solidaridad\/#primaryimage"},"thumbnailUrl":"https:\/\/www.caudete.org\/ayuntamiento\/wp-content\/uploads\/2024\/10\/ERIA-SAN-MIGUEL.jpg","articleSection":["Turismo"],"inLanguage":"es"},{"@type":"WebPage","@id":"https:\/\/www.caudete.org\/ayuntamiento\/balance-positivo-de-la-ferias-de-san-miguel-y-de-la-solidaridad\/","url":"https:\/\/www.caudete.org\/ayuntamiento\/balance-positivo-de-la-ferias-de-san-miguel-y-de-la-solidaridad\/","name":"Balance positivo de la Ferias de San Miguel y de la Solidaridad - MI Ayuntamiento de Caudete","isPartOf":{"@id":"https:\/\/www.caudete.org\/ayuntamiento\/#website"},"primaryImageOfPage":{"@id":"https:\/\/www.caudete.org\/ayuntamiento\/balance-positivo-de-la-ferias-de-san-miguel-y-de-la-solidaridad\/#primaryimage"},"image":{"@id":"https:\/\/www.caudete.org\/ayuntamiento\/balance-positivo-de-la-ferias-de-san-miguel-y-de-la-solidaridad\/#primaryimage"},"thumbnailUrl":"https:\/\/www.caudete.org\/ayuntamiento\/wp-content\/uploads\/2024\/10\/ERIA-SAN-MIGUEL.jpg","datePublished":"2024-10-03T07:55:19+00:00","author":{"@id":"https:\/\/www.caudete.org\/ayuntamiento\/#\/schema\/person\/cc646da9133078ee4d8dd47457947253"},"description":"P\u00e1gina Oficial del Ayuntamiento de Caudete (Albacete)","breadcrumb":{"@id":"https:\/\/www.caudete.org\/ayuntamiento\/balance-positivo-de-la-ferias-de-san-miguel-y-de-la-solidaridad\/#breadcrumb"},"inLanguage":"es","potentialAction":[{"@type":"ReadAction","target":["https:\/\/www.caudete.org\/ayuntamiento\/balance-positivo-de-la-ferias-de-san-miguel-y-de-la-solidaridad\/"]}]},{"@type":"ImageObject","inLanguage":"es","@id":"https:\/\/www.caudete.org\/ayuntamiento\/balance-positivo-de-la-ferias-de-san-miguel-y-de-la-solidaridad\/#primaryimage","url":"https:\/\/www.caudete.org\/ayuntamiento\/wp-content\/uploads\/2024\/10\/ERIA-SAN-MIGUEL.jpg","contentUrl":"https:\/\/www.caudete.org\/ayuntamiento\/wp-content\/uploads\/2024\/10\/ERIA-SAN-MIGUEL.jpg","width":1132,"height":688},{"@type":"BreadcrumbList","@id":"https:\/\/www.caudete.org\/ayuntamiento\/balance-positivo-de-la-ferias-de-san-miguel-y-de-la-solidaridad\/#breadcrumb","itemListElement":[{"@type":"ListItem","position":1,"name":"Inicio","item":"https:\/\/www.caudete.org\/ayuntamiento\/"},{"@type":"ListItem","position":2,"name":"Balance positivo de la Ferias de San Miguel y de la Solidaridad"}]},{"@type":"WebSite","@id":"https:\/\/www.caudete.org\/ayuntamiento\/#website","url":"https:\/\/www.caudete.org\/ayuntamiento\/","name":"MI Ayuntamiento de Caudete","description":"P\u00e1gina Oficial del MI Ayuntamiento de Caudete","potentialAction":[{"@type":"SearchAction","target":{"@type":"EntryPoint","urlTemplate":"https:\/\/www.caudete.org\/ayuntamiento\/?s={search_term_string}"},"query-input":{"@type":"PropertyValueSpecification","valueRequired":true,"valueName":"search_term_string"}}],"inLanguage":"es"},{"@type":"Person","@id":"https:\/\/www.caudete.org\/ayuntamiento\/#\/schema\/person\/cc646da9133078ee4d8dd47457947253","name":"alcalde","image":{"@type":"ImageObject","inLanguage":"es","@id":"https:\/\/secure.gravatar.com\/avatar\/84a817ba065b29ff08d666b215a215f5c79186a645ccb25b14a663d48a130f77?s=96&d=mm&r=g","url":"https:\/\/secure.gravatar.com\/avatar\/84a817ba065b29ff08d666b215a215f5c79186a645ccb25b14a663d48a130f77?s=96&d=mm&r=g","contentUrl":"https:\/\/secure.gravatar.com\/avatar\/84a817ba065b29ff08d666b215a215f5c79186a645ccb25b14a663d48a130f77?s=96&d=mm&r=g","caption":"alcalde"},"url":"https:\/\/www.caudete.org\/ayuntamiento\/author\/alcalde\/"}]}},"_links":{"self":[{"href":"https:\/\/www.caudete.org\/ayuntamiento\/wp-json\/wp\/v2\/posts\/26179","targetHints":{"allow":["GET"]}}],"collection":[{"href":"https:\/\/www.caudete.org\/ayuntamiento\/wp-json\/wp\/v2\/posts"}],"about":[{"href":"https:\/\/www.caudete.org\/ayuntamiento\/wp-json\/wp\/v2\/types\/post"}],"author":[{"embeddable":true,"href":"https:\/\/www.caudete.org\/ayuntamiento\/wp-json\/wp\/v2\/users\/3"}],"replies":[{"embeddable":true,"href":"https:\/\/www.caudete.org\/ayuntamiento\/wp-json\/wp\/v2\/comments?post=26179"}],"version-history":[{"count":1,"href":"https:\/\/www.caudete.org\/ayuntamiento\/wp-json\/wp\/v2\/posts\/26179\/revisions"}],"predecessor-version":[{"id":26181,"href":"https:\/\/www.caudete.org\/ayuntamiento\/wp-json\/wp\/v2\/posts\/26179\/revisions\/26181"}],"wp:featuredmedia":[{"embeddable":true,"href":"https:\/\/www.caudete.org\/ayuntamiento\/wp-json\/wp\/v2\/media\/26180"}],"wp:attachment":[{"href":"https:\/\/www.caudete.org\/ayuntamiento\/wp-json\/wp\/v2\/media?parent=26179"}],"wp:term":[{"taxonomy":"category","embeddable":true,"href":"https:\/\/www.caudete.org\/ayuntamiento\/wp-json\/wp\/v2\/categories?post=26179"},{"taxonomy":"post_tag","embeddable":true,"href":"https:\/\/www.caudete.org\/ayuntamiento\/wp-json\/wp\/v2\/tags?post=26179"}],"curies":[{"name":"wp","href":"https:\/\/api.w.org\/{rel}","templated":true}]}}