{"id":26186,"date":"2024-10-04T12:00:33","date_gmt":"2024-10-04T10:00:33","guid":{"rendered":"https:\/\/www.caudete.org\/ayuntamiento\/?p=26186"},"modified":"2024-10-14T10:20:58","modified_gmt":"2024-10-14T08:20:58","slug":"que-piensas-sobre-la-feria-de-atracciones-en-fiestas-y-sobre-vive-las-fiestas-en-la-calle","status":"publish","type":"post","link":"https:\/\/www.caudete.org\/ayuntamiento\/que-piensas-sobre-la-feria-de-atracciones-en-fiestas-y-sobre-vive-las-fiestas-en-la-calle\/","title":{"rendered":"\u00bfQu\u00e9 piensas sobre la Feria de Atracciones en Fiestas?..y \u00bfsobre Vive las Fiestas en la Calle?"},"content":{"rendered":"<p style=\"text-align: justify;\">Esta ma\u00f1ana, el Alcalde Mois\u00e9s L\u00f3pez y el Concejal de Participaci\u00f3n Ciudadana, Diego Cuenca, han presentado una nueva encuesta para recabar informaci\u00f3n de los ciudadanos de una forma r\u00e1pida, f\u00e1cil y amena con la que poder trabajar para mejorar tanto la Feria de Atracciones como el programa \u2018Vive las Fiestas en la Calle\u2019.<\/p>\n<p style=\"text-align: justify;\">El pasado a\u00f1o ya se hizo algo similar por parte del Gobierno Municipal, y tal y como expres\u00f3 el Alcalde en el \u00faltimo Pleno, con esta nueva encuesta se podr\u00e1 analizar m\u00e1s a fondo las cuestiones planteadas, ya que se tendr\u00e1 informaci\u00f3n sobre un mismo tema con la diferencia de un a\u00f1o de distancia en el tiempo. De hecho, son pr\u00e1cticamente las mismas preguntas las que se plantean. El objetivo, poder actuar seg\u00fan la opini\u00f3n de los caudetanos.<\/p>\n<p style=\"text-align: justify;\">Adem\u00e1s, el Concejal destacaba que la participaci\u00f3n en este tipo de iniciativas ayuda al Consistorio a conocer el grado de satisfacci\u00f3n de iniciativas o cambios de modelo como el ya consolidado programa &#8220;Vive las Fiestas en la Calle&#8221; que ha alcanzado su IV edici\u00f3n, as\u00ed como el poder mejorar o reforzar aquellos matices que pueden haber sido insuficientes o generado algunas molestias, a la vez que poder potenciar aquellas acciones mejor valoradas por los encuestados, o introducir aspectos que la ciudadan\u00eda pueda demandar para futuras ediciones.<\/p>\n<p style=\"text-align: justify;\">La encuesta estar\u00e1 abierta desde hoy mismo y hasta el pr\u00f3ximo domingo 13 de Octubre a las 23:59 horas.<\/p>\n<p style=\"text-align: justify;\">La encuesta se puede enviar a trav\u00e9s del siguiente enlace:<\/p>\n<p style=\"text-align: center;\"><a href=\"https:\/\/forms.gle\/sUT4Lvxr3nvNgxxC9\" target=\"_blank\" rel=\"nofollow\">ENCUESTA 2024 SOBRE LA FERIA Y VIVE LAS FIESTAS EN LA CALLE<\/a><\/p>\n<p>&nbsp;<\/p>\n","protected":false},"excerpt":{"rendered":"<p>Esta ma\u00f1ana, el Alcalde Mois\u00e9s L\u00f3pez y el Concejal de Participaci\u00f3n Ciudadana, Diego Cuenca, han presentado una nueva encuesta para recabar informaci\u00f3n de los ciudadanos de una forma r\u00e1pida, f\u00e1cil y amena con la que poder trabajar para mejorar tanto la Feria de Atracciones como el programa \u2018Vive las Fiestas en la Calle\u2019. El pasado &hellip;<\/p>\n","protected":false},"author":3,"featured_media":25919,"comment_status":"closed","ping_status":"open","sticky":false,"template":"","format":"standard","meta":{"ngg_post_thumbnail":0,"footnotes":""},"categories":[38],"tags":[],"class_list":["post-26186","post","type-post","status-publish","format-standard","has-post-thumbnail","hentry","category-participacion-ciudadana"],"yoast_head":"<!-- This site is optimized with the Yoast SEO plugin v27.5 - https:\/\/yoast.com\/product\/yoast-seo-wordpress\/ -->\n<title>\u00bfQu\u00e9 piensas sobre la Feria de Atracciones en Fiestas?..y \u00bfsobre Vive las Fiestas en la Calle? - MI Ayuntamiento de Caudete<\/title>\n<meta name=\"description\" content=\"P\u00e1gina Oficial del Ayuntamiento de Caudete (Albacete)\" \/>\n<meta name=\"robots\" content=\"index, follow, max-snippet:-1, max-image-preview:large, max-video-preview:-1\" \/>\n<link rel=\"canonical\" href=\"https:\/\/www.caudete.org\/ayuntamiento\/que-piensas-sobre-la-feria-de-atracciones-en-fiestas-y-sobre-vive-las-fiestas-en-la-calle\/\" \/>\n<meta property=\"og:locale\" content=\"es_ES\" \/>\n<meta property=\"og:type\" content=\"article\" \/>\n<meta property=\"og:title\" content=\"\u00bfQu\u00e9 piensas sobre la Feria de Atracciones en Fiestas?..y \u00bfsobre Vive las Fiestas en la Calle? - MI Ayuntamiento de Caudete\" \/>\n<meta property=\"og:description\" content=\"P\u00e1gina Oficial del Ayuntamiento de Caudete (Albacete)\" \/>\n<meta property=\"og:url\" content=\"https:\/\/www.caudete.org\/ayuntamiento\/que-piensas-sobre-la-feria-de-atracciones-en-fiestas-y-sobre-vive-las-fiestas-en-la-calle\/\" \/>\n<meta property=\"og:site_name\" content=\"MI Ayuntamiento de Caudete\" \/>\n<meta property=\"article:publisher\" content=\"https:\/\/www.facebook.com\/ayuntamientocaudete\/\" \/>\n<meta property=\"article:published_time\" content=\"2024-10-04T10:00:33+00:00\" \/>\n<meta property=\"article:modified_time\" content=\"2024-10-14T08:20:58+00:00\" \/>\n<meta property=\"og:image\" content=\"https:\/\/www.caudete.org\/ayuntamiento\/wp-content\/uploads\/2024\/08\/VIVELASFIESTASENLACALLE2024.jpg\" \/>\n\t<meta property=\"og:image:width\" content=\"987\" \/>\n\t<meta property=\"og:image:height\" content=\"606\" \/>\n\t<meta property=\"og:image:type\" content=\"image\/jpeg\" \/>\n<meta name=\"author\" content=\"alcalde\" \/>\n<meta name=\"twitter:card\" content=\"summary_large_image\" \/>\n<meta name=\"twitter:label1\" content=\"Escrito por\" \/>\n\t<meta name=\"twitter:data1\" content=\"alcalde\" \/>\n\t<meta name=\"twitter:label2\" content=\"Tiempo de lectura\" \/>\n\t<meta name=\"twitter:data2\" content=\"2 minutos\" \/>\n<script type=\"application\/ld+json\" class=\"yoast-schema-graph\">{\"@context\":\"https:\\\/\\\/schema.org\",\"@graph\":[{\"@type\":\"Article\",\"@id\":\"https:\\\/\\\/www.caudete.org\\\/ayuntamiento\\\/que-piensas-sobre-la-feria-de-atracciones-en-fiestas-y-sobre-vive-las-fiestas-en-la-calle\\\/#article\",\"isPartOf\":{\"@id\":\"https:\\\/\\\/www.caudete.org\\\/ayuntamiento\\\/que-piensas-sobre-la-feria-de-atracciones-en-fiestas-y-sobre-vive-las-fiestas-en-la-calle\\\/\"},\"author\":{\"name\":\"alcalde\",\"@id\":\"https:\\\/\\\/www.caudete.org\\\/ayuntamiento\\\/#\\\/schema\\\/person\\\/cc646da9133078ee4d8dd47457947253\"},\"headline\":\"\u00bfQu\u00e9 piensas sobre la Feria de Atracciones en Fiestas?..y \u00bfsobre Vive las Fiestas en la Calle?\",\"datePublished\":\"2024-10-04T10:00:33+00:00\",\"dateModified\":\"2024-10-14T08:20:58+00:00\",\"mainEntityOfPage\":{\"@id\":\"https:\\\/\\\/www.caudete.org\\\/ayuntamiento\\\/que-piensas-sobre-la-feria-de-atracciones-en-fiestas-y-sobre-vive-las-fiestas-en-la-calle\\\/\"},\"wordCount\":294,\"publisher\":{\"@id\":\"https:\\\/\\\/www.caudete.org\\\/ayuntamiento\\\/#organization\"},\"image\":{\"@id\":\"https:\\\/\\\/www.caudete.org\\\/ayuntamiento\\\/que-piensas-sobre-la-feria-de-atracciones-en-fiestas-y-sobre-vive-las-fiestas-en-la-calle\\\/#primaryimage\"},\"thumbnailUrl\":\"https:\\\/\\\/www.caudete.org\\\/ayuntamiento\\\/wp-content\\\/uploads\\\/2024\\\/08\\\/VIVELASFIESTASENLACALLE2024.jpg\",\"articleSection\":[\"Participaci\u00f3n Ciudadana\"],\"inLanguage\":\"es\"},{\"@type\":\"WebPage\",\"@id\":\"https:\\\/\\\/www.caudete.org\\\/ayuntamiento\\\/que-piensas-sobre-la-feria-de-atracciones-en-fiestas-y-sobre-vive-las-fiestas-en-la-calle\\\/\",\"url\":\"https:\\\/\\\/www.caudete.org\\\/ayuntamiento\\\/que-piensas-sobre-la-feria-de-atracciones-en-fiestas-y-sobre-vive-las-fiestas-en-la-calle\\\/\",\"name\":\"\u00bfQu\u00e9 piensas sobre la Feria de Atracciones en Fiestas?..y \u00bfsobre Vive las Fiestas en la Calle? - MI Ayuntamiento de Caudete\",\"isPartOf\":{\"@id\":\"https:\\\/\\\/www.caudete.org\\\/ayuntamiento\\\/#website\"},\"primaryImageOfPage\":{\"@id\":\"https:\\\/\\\/www.caudete.org\\\/ayuntamiento\\\/que-piensas-sobre-la-feria-de-atracciones-en-fiestas-y-sobre-vive-las-fiestas-en-la-calle\\\/#primaryimage\"},\"image\":{\"@id\":\"https:\\\/\\\/www.caudete.org\\\/ayuntamiento\\\/que-piensas-sobre-la-feria-de-atracciones-en-fiestas-y-sobre-vive-las-fiestas-en-la-calle\\\/#primaryimage\"},\"thumbnailUrl\":\"https:\\\/\\\/www.caudete.org\\\/ayuntamiento\\\/wp-content\\\/uploads\\\/2024\\\/08\\\/VIVELASFIESTASENLACALLE2024.jpg\",\"datePublished\":\"2024-10-04T10:00:33+00:00\",\"dateModified\":\"2024-10-14T08:20:58+00:00\",\"description\":\"P\u00e1gina Oficial del Ayuntamiento de Caudete (Albacete)\",\"breadcrumb\":{\"@id\":\"https:\\\/\\\/www.caudete.org\\\/ayuntamiento\\\/que-piensas-sobre-la-feria-de-atracciones-en-fiestas-y-sobre-vive-las-fiestas-en-la-calle\\\/#breadcrumb\"},\"inLanguage\":\"es\",\"potentialAction\":[{\"@type\":\"ReadAction\",\"target\":[\"https:\\\/\\\/www.caudete.org\\\/ayuntamiento\\\/que-piensas-sobre-la-feria-de-atracciones-en-fiestas-y-sobre-vive-las-fiestas-en-la-calle\\\/\"]}]},{\"@type\":\"ImageObject\",\"inLanguage\":\"es\",\"@id\":\"https:\\\/\\\/www.caudete.org\\\/ayuntamiento\\\/que-piensas-sobre-la-feria-de-atracciones-en-fiestas-y-sobre-vive-las-fiestas-en-la-calle\\\/#primaryimage\",\"url\":\"https:\\\/\\\/www.caudete.org\\\/ayuntamiento\\\/wp-content\\\/uploads\\\/2024\\\/08\\\/VIVELASFIESTASENLACALLE2024.jpg\",\"contentUrl\":\"https:\\\/\\\/www.caudete.org\\\/ayuntamiento\\\/wp-content\\\/uploads\\\/2024\\\/08\\\/VIVELASFIESTASENLACALLE2024.jpg\",\"width\":987,\"height\":606},{\"@type\":\"BreadcrumbList\",\"@id\":\"https:\\\/\\\/www.caudete.org\\\/ayuntamiento\\\/que-piensas-sobre-la-feria-de-atracciones-en-fiestas-y-sobre-vive-las-fiestas-en-la-calle\\\/#breadcrumb\",\"itemListElement\":[{\"@type\":\"ListItem\",\"position\":1,\"name\":\"Inicio\",\"item\":\"https:\\\/\\\/www.caudete.org\\\/ayuntamiento\\\/\"},{\"@type\":\"ListItem\",\"position\":2,\"name\":\"\u00bfQu\u00e9 piensas sobre la Feria de Atracciones en Fiestas?..y \u00bfsobre Vive las Fiestas en la Calle?\"}]},{\"@type\":\"WebSite\",\"@id\":\"https:\\\/\\\/www.caudete.org\\\/ayuntamiento\\\/#website\",\"url\":\"https:\\\/\\\/www.caudete.org\\\/ayuntamiento\\\/\",\"name\":\"MI Ayuntamiento de Caudete\",\"description\":\"P\u00e1gina Oficial del MI Ayuntamiento de Caudete\",\"publisher\":{\"@id\":\"https:\\\/\\\/www.caudete.org\\\/ayuntamiento\\\/#organization\"},\"potentialAction\":[{\"@type\":\"SearchAction\",\"target\":{\"@type\":\"EntryPoint\",\"urlTemplate\":\"https:\\\/\\\/www.caudete.org\\\/ayuntamiento\\\/?s={search_term_string}\"},\"query-input\":{\"@type\":\"PropertyValueSpecification\",\"valueRequired\":true,\"valueName\":\"search_term_string\"}}],\"inLanguage\":\"es\"},{\"@type\":\"Organization\",\"@id\":\"https:\\\/\\\/www.caudete.org\\\/ayuntamiento\\\/#organization\",\"name\":\"Ayuntamiento de Caudete\",\"url\":\"https:\\\/\\\/www.caudete.org\\\/ayuntamiento\\\/\",\"logo\":{\"@type\":\"ImageObject\",\"inLanguage\":\"es\",\"@id\":\"https:\\\/\\\/www.caudete.org\\\/ayuntamiento\\\/#\\\/schema\\\/logo\\\/image\\\/\",\"url\":\"https:\\\/\\\/www.caudete.org\\\/ayuntamiento\\\/wp-content\\\/uploads\\\/2020\\\/11\\\/logo_ayuntamiento_caudete.jpg\",\"contentUrl\":\"https:\\\/\\\/www.caudete.org\\\/ayuntamiento\\\/wp-content\\\/uploads\\\/2020\\\/11\\\/logo_ayuntamiento_caudete.jpg\",\"width\":600,\"height\":150,\"caption\":\"Ayuntamiento de Caudete\"},\"image\":{\"@id\":\"https:\\\/\\\/www.caudete.org\\\/ayuntamiento\\\/#\\\/schema\\\/logo\\\/image\\\/\"},\"sameAs\":[\"https:\\\/\\\/www.facebook.com\\\/ayuntamientocaudete\\\/\",\"https:\\\/\\\/www.youtube.com\\\/channel\\\/UC6VztHaooNsGpw-tNoBEFnQ\"]},{\"@type\":\"Person\",\"@id\":\"https:\\\/\\\/www.caudete.org\\\/ayuntamiento\\\/#\\\/schema\\\/person\\\/cc646da9133078ee4d8dd47457947253\",\"name\":\"alcalde\",\"image\":{\"@type\":\"ImageObject\",\"inLanguage\":\"es\",\"@id\":\"https:\\\/\\\/secure.gravatar.com\\\/avatar\\\/84a817ba065b29ff08d666b215a215f5c79186a645ccb25b14a663d48a130f77?s=96&d=mm&r=g\",\"url\":\"https:\\\/\\\/secure.gravatar.com\\\/avatar\\\/84a817ba065b29ff08d666b215a215f5c79186a645ccb25b14a663d48a130f77?s=96&d=mm&r=g\",\"contentUrl\":\"https:\\\/\\\/secure.gravatar.com\\\/avatar\\\/84a817ba065b29ff08d666b215a215f5c79186a645ccb25b14a663d48a130f77?s=96&d=mm&r=g\",\"caption\":\"alcalde\"},\"url\":\"https:\\\/\\\/www.caudete.org\\\/ayuntamiento\\\/author\\\/alcalde\\\/\"}]}<\/script>\n<!-- \/ Yoast SEO plugin. -->","yoast_head_json":{"title":"\u00bfQu\u00e9 piensas sobre la Feria de Atracciones en Fiestas?..y \u00bfsobre Vive las Fiestas en la Calle? - MI Ayuntamiento de Caudete","description":"P\u00e1gina Oficial del Ayuntamiento de Caudete (Albacete)","robots":{"index":"index","follow":"follow","max-snippet":"max-snippet:-1","max-image-preview":"max-image-preview:large","max-video-preview":"max-video-preview:-1"},"canonical":"https:\/\/www.caudete.org\/ayuntamiento\/que-piensas-sobre-la-feria-de-atracciones-en-fiestas-y-sobre-vive-las-fiestas-en-la-calle\/","og_locale":"es_ES","og_type":"article","og_title":"\u00bfQu\u00e9 piensas sobre la Feria de Atracciones en Fiestas?..y \u00bfsobre Vive las Fiestas en la Calle? - MI Ayuntamiento de Caudete","og_description":"P\u00e1gina Oficial del Ayuntamiento de Caudete (Albacete)","og_url":"https:\/\/www.caudete.org\/ayuntamiento\/que-piensas-sobre-la-feria-de-atracciones-en-fiestas-y-sobre-vive-las-fiestas-en-la-calle\/","og_site_name":"MI Ayuntamiento de Caudete","article_publisher":"https:\/\/www.facebook.com\/ayuntamientocaudete\/","article_published_time":"2024-10-04T10:00:33+00:00","article_modified_time":"2024-10-14T08:20:58+00:00","og_image":[{"width":987,"height":606,"url":"https:\/\/www.caudete.org\/ayuntamiento\/wp-content\/uploads\/2024\/08\/VIVELASFIESTASENLACALLE2024.jpg","type":"image\/jpeg"}],"author":"alcalde","twitter_card":"summary_large_image","twitter_misc":{"Escrito por":"alcalde","Tiempo de lectura":"2 minutos"},"schema":{"@context":"https:\/\/schema.org","@graph":[{"@type":"Article","@id":"https:\/\/www.caudete.org\/ayuntamiento\/que-piensas-sobre-la-feria-de-atracciones-en-fiestas-y-sobre-vive-las-fiestas-en-la-calle\/#article","isPartOf":{"@id":"https:\/\/www.caudete.org\/ayuntamiento\/que-piensas-sobre-la-feria-de-atracciones-en-fiestas-y-sobre-vive-las-fiestas-en-la-calle\/"},"author":{"name":"alcalde","@id":"https:\/\/www.caudete.org\/ayuntamiento\/#\/schema\/person\/cc646da9133078ee4d8dd47457947253"},"headline":"\u00bfQu\u00e9 piensas sobre la Feria de Atracciones en Fiestas?..y \u00bfsobre Vive las Fiestas en la Calle?","datePublished":"2024-10-04T10:00:33+00:00","dateModified":"2024-10-14T08:20:58+00:00","mainEntityOfPage":{"@id":"https:\/\/www.caudete.org\/ayuntamiento\/que-piensas-sobre-la-feria-de-atracciones-en-fiestas-y-sobre-vive-las-fiestas-en-la-calle\/"},"wordCount":294,"publisher":{"@id":"https:\/\/www.caudete.org\/ayuntamiento\/#organization"},"image":{"@id":"https:\/\/www.caudete.org\/ayuntamiento\/que-piensas-sobre-la-feria-de-atracciones-en-fiestas-y-sobre-vive-las-fiestas-en-la-calle\/#primaryimage"},"thumbnailUrl":"https:\/\/www.caudete.org\/ayuntamiento\/wp-content\/uploads\/2024\/08\/VIVELASFIESTASENLACALLE2024.jpg","articleSection":["Participaci\u00f3n Ciudadana"],"inLanguage":"es"},{"@type":"WebPage","@id":"https:\/\/www.caudete.org\/ayuntamiento\/que-piensas-sobre-la-feria-de-atracciones-en-fiestas-y-sobre-vive-las-fiestas-en-la-calle\/","url":"https:\/\/www.caudete.org\/ayuntamiento\/que-piensas-sobre-la-feria-de-atracciones-en-fiestas-y-sobre-vive-las-fiestas-en-la-calle\/","name":"\u00bfQu\u00e9 piensas sobre la Feria de Atracciones en Fiestas?..y \u00bfsobre Vive las Fiestas en la Calle? - MI Ayuntamiento de Caudete","isPartOf":{"@id":"https:\/\/www.caudete.org\/ayuntamiento\/#website"},"primaryImageOfPage":{"@id":"https:\/\/www.caudete.org\/ayuntamiento\/que-piensas-sobre-la-feria-de-atracciones-en-fiestas-y-sobre-vive-las-fiestas-en-la-calle\/#primaryimage"},"image":{"@id":"https:\/\/www.caudete.org\/ayuntamiento\/que-piensas-sobre-la-feria-de-atracciones-en-fiestas-y-sobre-vive-las-fiestas-en-la-calle\/#primaryimage"},"thumbnailUrl":"https:\/\/www.caudete.org\/ayuntamiento\/wp-content\/uploads\/2024\/08\/VIVELASFIESTASENLACALLE2024.jpg","datePublished":"2024-10-04T10:00:33+00:00","dateModified":"2024-10-14T08:20:58+00:00","description":"P\u00e1gina Oficial del Ayuntamiento de Caudete (Albacete)","breadcrumb":{"@id":"https:\/\/www.caudete.org\/ayuntamiento\/que-piensas-sobre-la-feria-de-atracciones-en-fiestas-y-sobre-vive-las-fiestas-en-la-calle\/#breadcrumb"},"inLanguage":"es","potentialAction":[{"@type":"ReadAction","target":["https:\/\/www.caudete.org\/ayuntamiento\/que-piensas-sobre-la-feria-de-atracciones-en-fiestas-y-sobre-vive-las-fiestas-en-la-calle\/"]}]},{"@type":"ImageObject","inLanguage":"es","@id":"https:\/\/www.caudete.org\/ayuntamiento\/que-piensas-sobre-la-feria-de-atracciones-en-fiestas-y-sobre-vive-las-fiestas-en-la-calle\/#primaryimage","url":"https:\/\/www.caudete.org\/ayuntamiento\/wp-content\/uploads\/2024\/08\/VIVELASFIESTASENLACALLE2024.jpg","contentUrl":"https:\/\/www.caudete.org\/ayuntamiento\/wp-content\/uploads\/2024\/08\/VIVELASFIESTASENLACALLE2024.jpg","width":987,"height":606},{"@type":"BreadcrumbList","@id":"https:\/\/www.caudete.org\/ayuntamiento\/que-piensas-sobre-la-feria-de-atracciones-en-fiestas-y-sobre-vive-las-fiestas-en-la-calle\/#breadcrumb","itemListElement":[{"@type":"ListItem","position":1,"name":"Inicio","item":"https:\/\/www.caudete.org\/ayuntamiento\/"},{"@type":"ListItem","position":2,"name":"\u00bfQu\u00e9 piensas sobre la Feria de Atracciones en Fiestas?..y \u00bfsobre Vive las Fiestas en la Calle?"}]},{"@type":"WebSite","@id":"https:\/\/www.caudete.org\/ayuntamiento\/#website","url":"https:\/\/www.caudete.org\/ayuntamiento\/","name":"MI Ayuntamiento de Caudete","description":"P\u00e1gina Oficial del MI Ayuntamiento de Caudete","publisher":{"@id":"https:\/\/www.caudete.org\/ayuntamiento\/#organization"},"potentialAction":[{"@type":"SearchAction","target":{"@type":"EntryPoint","urlTemplate":"https:\/\/www.caudete.org\/ayuntamiento\/?s={search_term_string}"},"query-input":{"@type":"PropertyValueSpecification","valueRequired":true,"valueName":"search_term_string"}}],"inLanguage":"es"},{"@type":"Organization","@id":"https:\/\/www.caudete.org\/ayuntamiento\/#organization","name":"Ayuntamiento de Caudete","url":"https:\/\/www.caudete.org\/ayuntamiento\/","logo":{"@type":"ImageObject","inLanguage":"es","@id":"https:\/\/www.caudete.org\/ayuntamiento\/#\/schema\/logo\/image\/","url":"https:\/\/www.caudete.org\/ayuntamiento\/wp-content\/uploads\/2020\/11\/logo_ayuntamiento_caudete.jpg","contentUrl":"https:\/\/www.caudete.org\/ayuntamiento\/wp-content\/uploads\/2020\/11\/logo_ayuntamiento_caudete.jpg","width":600,"height":150,"caption":"Ayuntamiento de Caudete"},"image":{"@id":"https:\/\/www.caudete.org\/ayuntamiento\/#\/schema\/logo\/image\/"},"sameAs":["https:\/\/www.facebook.com\/ayuntamientocaudete\/","https:\/\/www.youtube.com\/channel\/UC6VztHaooNsGpw-tNoBEFnQ"]},{"@type":"Person","@id":"https:\/\/www.caudete.org\/ayuntamiento\/#\/schema\/person\/cc646da9133078ee4d8dd47457947253","name":"alcalde","image":{"@type":"ImageObject","inLanguage":"es","@id":"https:\/\/secure.gravatar.com\/avatar\/84a817ba065b29ff08d666b215a215f5c79186a645ccb25b14a663d48a130f77?s=96&d=mm&r=g","url":"https:\/\/secure.gravatar.com\/avatar\/84a817ba065b29ff08d666b215a215f5c79186a645ccb25b14a663d48a130f77?s=96&d=mm&r=g","contentUrl":"https:\/\/secure.gravatar.com\/avatar\/84a817ba065b29ff08d666b215a215f5c79186a645ccb25b14a663d48a130f77?s=96&d=mm&r=g","caption":"alcalde"},"url":"https:\/\/www.caudete.org\/ayuntamiento\/author\/alcalde\/"}]}},"_links":{"self":[{"href":"https:\/\/www.caudete.org\/ayuntamiento\/wp-json\/wp\/v2\/posts\/26186","targetHints":{"allow":["GET"]}}],"collection":[{"href":"https:\/\/www.caudete.org\/ayuntamiento\/wp-json\/wp\/v2\/posts"}],"about":[{"href":"https:\/\/www.caudete.org\/ayuntamiento\/wp-json\/wp\/v2\/types\/post"}],"author":[{"embeddable":true,"href":"https:\/\/www.caudete.org\/ayuntamiento\/wp-json\/wp\/v2\/users\/3"}],"replies":[{"embeddable":true,"href":"https:\/\/www.caudete.org\/ayuntamiento\/wp-json\/wp\/v2\/comments?post=26186"}],"version-history":[{"count":3,"href":"https:\/\/www.caudete.org\/ayuntamiento\/wp-json\/wp\/v2\/posts\/26186\/revisions"}],"predecessor-version":[{"id":26191,"href":"https:\/\/www.caudete.org\/ayuntamiento\/wp-json\/wp\/v2\/posts\/26186\/revisions\/26191"}],"wp:featuredmedia":[{"embeddable":true,"href":"https:\/\/www.caudete.org\/ayuntamiento\/wp-json\/wp\/v2\/media\/25919"}],"wp:attachment":[{"href":"https:\/\/www.caudete.org\/ayuntamiento\/wp-json\/wp\/v2\/media?parent=26186"}],"wp:term":[{"taxonomy":"category","embeddable":true,"href":"https:\/\/www.caudete.org\/ayuntamiento\/wp-json\/wp\/v2\/categories?post=26186"},{"taxonomy":"post_tag","embeddable":true,"href":"https:\/\/www.caudete.org\/ayuntamiento\/wp-json\/wp\/v2\/tags?post=26186"}],"curies":[{"name":"wp","href":"https:\/\/api.w.org\/{rel}","templated":true}]}}