{"id":26204,"date":"2024-10-08T08:38:52","date_gmt":"2024-10-08T06:38:52","guid":{"rendered":"https:\/\/www.caudete.org\/ayuntamiento\/?p=26204"},"modified":"2024-10-08T08:58:40","modified_gmt":"2024-10-08T06:58:40","slug":"la-alumna-de-las-edm-de-caudete-cristina-asensio-pastor-participa-en-los-campeonatos-de-espana-de-atletismo","status":"publish","type":"post","link":"https:\/\/www.caudete.org\/ayuntamiento\/la-alumna-de-las-edm-de-caudete-cristina-asensio-pastor-participa-en-los-campeonatos-de-espana-de-atletismo\/","title":{"rendered":"La alumna de las EDM de Caudete, Cristina Asensio Pastor participa en los Campeonatos de Espa\u00f1a de Atletismo"},"content":{"rendered":"<p>Seg\u00fan informa la Concejal de Deportes, Pilar Egea, la atleta de las Escuelas Deportivas Municipales de Atletismo de Caudete, Cristina Asensio Pastor, se clasific\u00f3 en <strong>s\u00e9ptima posici\u00f3n<\/strong> en la prueba de 300 metros lisos del <strong>Campeonato de Espa\u00f1a de Selecciones Auton\u00f3micas<\/strong> de pista en la categor\u00eda sub16, celebrado en Tudela (Navarra) el pasado fin de semana.<\/p>\n<p>Adem\u00e1s de la prueba individual de 300 metros lisos, Cristina tambi\u00e9n particip\u00f3 en el relevo de 4x300m junto a sus compa\u00f1eras de selecci\u00f3n donde se clasificaron igualmente en s\u00e9ptima posici\u00f3n. Cabe destacar, que en este equipo de relevos fue convocada otra atleta caudetana de las EDM de atletismo, Eva Navarro Palau, que finalmente no pudo acudir al campeonato por motivos personales.<\/p>\n<p>Cristina se gan\u00f3 representar a la <strong>Selecci\u00f3n Regional de Castilla-La Mancha<\/strong> gracias a los resultados cosechados durante la temporada 2023\/24, donde logr\u00f3 ser <strong>campeona y l\u00edder del ranking de Castilla-La Mancha<\/strong>, tanto en la prueba de 100 metros como en la de 300 metros, adem\u00e1s de conseguir una magn\u00edfica cuarta posici\u00f3n en la prueba de 100 metros en categor\u00eda absoluta con tan s\u00f3lo 15 a\u00f1os.<\/p>\n<p>\u00c9ste logro obtenido el fin de semana es un paso m\u00e1s en su formaci\u00f3n y progresi\u00f3n como atleta, permiti\u00e9ndole ganar experiencia para poder seguir compitiendo en un futuro con las mejores atletas de nuestro pa\u00eds.<br \/>\nEl pr\u00f3ximo d\u00eda 19 de octubre Cristina volver\u00e1 a competir en el Campeonato de Espa\u00f1a de Clubes Sub-16 federado que se celebrar\u00e1 en la pista de Vallehermoso de Madrid, representando en esta ocasi\u00f3n al Club de Atletismo Albacete.<\/p>\n<p><img fetchpriority=\"high\" decoding=\"async\" class=\"alignnone size-full wp-image-26205\" src=\"https:\/\/www.caudete.org\/ayuntamiento\/wp-content\/uploads\/2024\/10\/CristinaAsensio.jpg\" alt=\"\" width=\"1000\" height=\"1230\" srcset=\"https:\/\/www.caudete.org\/ayuntamiento\/wp-content\/uploads\/2024\/10\/CristinaAsensio.jpg 1000w, https:\/\/www.caudete.org\/ayuntamiento\/wp-content\/uploads\/2024\/10\/CristinaAsensio-244x300.jpg 244w, https:\/\/www.caudete.org\/ayuntamiento\/wp-content\/uploads\/2024\/10\/CristinaAsensio-833x1024.jpg 833w, https:\/\/www.caudete.org\/ayuntamiento\/wp-content\/uploads\/2024\/10\/CristinaAsensio-768x945.jpg 768w\" sizes=\"(max-width: 1000px) 100vw, 1000px\" \/><\/p>\n","protected":false},"excerpt":{"rendered":"<p>Seg\u00fan informa la Concejal de Deportes, Pilar Egea, la atleta de las Escuelas Deportivas Municipales de Atletismo de Caudete, Cristina Asensio Pastor, se clasific\u00f3 en s\u00e9ptima posici\u00f3n en la prueba de 300 metros lisos del Campeonato de Espa\u00f1a de Selecciones Auton\u00f3micas de pista en la categor\u00eda sub16, celebrado en Tudela (Navarra) el pasado fin de &hellip;<\/p>\n","protected":false},"author":5,"featured_media":26206,"comment_status":"closed","ping_status":"open","sticky":false,"template":"","format":"standard","meta":{"ngg_post_thumbnail":0,"footnotes":""},"categories":[23],"tags":[],"class_list":["post-26204","post","type-post","status-publish","format-standard","has-post-thumbnail","hentry","category-deportes"],"yoast_head":"<!-- This site is optimized with the Yoast SEO plugin v27.5 - https:\/\/yoast.com\/product\/yoast-seo-wordpress\/ -->\n<title>La alumna de las EDM de Caudete, Cristina Asensio Pastor participa en los Campeonatos de Espa\u00f1a de Atletismo - MI Ayuntamiento de Caudete<\/title>\n<meta name=\"description\" content=\"P\u00e1gina Oficial del Ayuntamiento de Caudete (Albacete)\" \/>\n<meta name=\"robots\" content=\"index, follow, max-snippet:-1, max-image-preview:large, max-video-preview:-1\" \/>\n<link rel=\"canonical\" href=\"https:\/\/www.caudete.org\/ayuntamiento\/la-alumna-de-las-edm-de-caudete-cristina-asensio-pastor-participa-en-los-campeonatos-de-espana-de-atletismo\/\" \/>\n<meta property=\"og:locale\" content=\"es_ES\" \/>\n<meta property=\"og:type\" content=\"article\" \/>\n<meta property=\"og:title\" content=\"La alumna de las EDM de Caudete, Cristina Asensio Pastor participa en los Campeonatos de Espa\u00f1a de Atletismo - MI Ayuntamiento de Caudete\" \/>\n<meta property=\"og:description\" content=\"P\u00e1gina Oficial del Ayuntamiento de Caudete (Albacete)\" \/>\n<meta property=\"og:url\" content=\"https:\/\/www.caudete.org\/ayuntamiento\/la-alumna-de-las-edm-de-caudete-cristina-asensio-pastor-participa-en-los-campeonatos-de-espana-de-atletismo\/\" \/>\n<meta property=\"og:site_name\" content=\"MI Ayuntamiento de Caudete\" \/>\n<meta property=\"article:publisher\" content=\"https:\/\/www.facebook.com\/ayuntamientocaudete\/\" \/>\n<meta property=\"article:published_time\" content=\"2024-10-08T06:38:52+00:00\" \/>\n<meta property=\"article:modified_time\" content=\"2024-10-08T06:58:40+00:00\" \/>\n<meta property=\"og:image\" content=\"https:\/\/www.caudete.org\/ayuntamiento\/wp-content\/uploads\/2024\/10\/CristinaAsensioport.jpg\" \/>\n\t<meta property=\"og:image:width\" content=\"1000\" \/>\n\t<meta property=\"og:image:height\" content=\"560\" \/>\n\t<meta property=\"og:image:type\" content=\"image\/jpeg\" \/>\n<meta name=\"author\" content=\"Dpto Informatica MI Ayuntamiento de Caudete\" \/>\n<meta name=\"twitter:card\" content=\"summary_large_image\" \/>\n<meta name=\"twitter:label1\" content=\"Escrito por\" \/>\n\t<meta name=\"twitter:data1\" content=\"Dpto Informatica MI Ayuntamiento de Caudete\" \/>\n\t<meta name=\"twitter:label2\" content=\"Tiempo de lectura\" \/>\n\t<meta name=\"twitter:data2\" content=\"2 minutos\" \/>\n<script type=\"application\/ld+json\" class=\"yoast-schema-graph\">{\"@context\":\"https:\\\/\\\/schema.org\",\"@graph\":[{\"@type\":\"Article\",\"@id\":\"https:\\\/\\\/www.caudete.org\\\/ayuntamiento\\\/la-alumna-de-las-edm-de-caudete-cristina-asensio-pastor-participa-en-los-campeonatos-de-espana-de-atletismo\\\/#article\",\"isPartOf\":{\"@id\":\"https:\\\/\\\/www.caudete.org\\\/ayuntamiento\\\/la-alumna-de-las-edm-de-caudete-cristina-asensio-pastor-participa-en-los-campeonatos-de-espana-de-atletismo\\\/\"},\"author\":{\"name\":\"Dpto Informatica MI Ayuntamiento de Caudete\",\"@id\":\"https:\\\/\\\/www.caudete.org\\\/ayuntamiento\\\/#\\\/schema\\\/person\\\/4b9eab41761957db9b1bf9c418d1ef46\"},\"headline\":\"La alumna de las EDM de Caudete, Cristina Asensio Pastor participa en los Campeonatos de Espa\u00f1a de Atletismo\",\"datePublished\":\"2024-10-08T06:38:52+00:00\",\"dateModified\":\"2024-10-08T06:58:40+00:00\",\"mainEntityOfPage\":{\"@id\":\"https:\\\/\\\/www.caudete.org\\\/ayuntamiento\\\/la-alumna-de-las-edm-de-caudete-cristina-asensio-pastor-participa-en-los-campeonatos-de-espana-de-atletismo\\\/\"},\"wordCount\":296,\"image\":{\"@id\":\"https:\\\/\\\/www.caudete.org\\\/ayuntamiento\\\/la-alumna-de-las-edm-de-caudete-cristina-asensio-pastor-participa-en-los-campeonatos-de-espana-de-atletismo\\\/#primaryimage\"},\"thumbnailUrl\":\"https:\\\/\\\/www.caudete.org\\\/ayuntamiento\\\/wp-content\\\/uploads\\\/2024\\\/10\\\/CristinaAsensioport.jpg\",\"articleSection\":[\"Deportes\"],\"inLanguage\":\"es\"},{\"@type\":\"WebPage\",\"@id\":\"https:\\\/\\\/www.caudete.org\\\/ayuntamiento\\\/la-alumna-de-las-edm-de-caudete-cristina-asensio-pastor-participa-en-los-campeonatos-de-espana-de-atletismo\\\/\",\"url\":\"https:\\\/\\\/www.caudete.org\\\/ayuntamiento\\\/la-alumna-de-las-edm-de-caudete-cristina-asensio-pastor-participa-en-los-campeonatos-de-espana-de-atletismo\\\/\",\"name\":\"La alumna de las EDM de Caudete, Cristina Asensio Pastor participa en los Campeonatos de Espa\u00f1a de Atletismo - MI Ayuntamiento de Caudete\",\"isPartOf\":{\"@id\":\"https:\\\/\\\/www.caudete.org\\\/ayuntamiento\\\/#website\"},\"primaryImageOfPage\":{\"@id\":\"https:\\\/\\\/www.caudete.org\\\/ayuntamiento\\\/la-alumna-de-las-edm-de-caudete-cristina-asensio-pastor-participa-en-los-campeonatos-de-espana-de-atletismo\\\/#primaryimage\"},\"image\":{\"@id\":\"https:\\\/\\\/www.caudete.org\\\/ayuntamiento\\\/la-alumna-de-las-edm-de-caudete-cristina-asensio-pastor-participa-en-los-campeonatos-de-espana-de-atletismo\\\/#primaryimage\"},\"thumbnailUrl\":\"https:\\\/\\\/www.caudete.org\\\/ayuntamiento\\\/wp-content\\\/uploads\\\/2024\\\/10\\\/CristinaAsensioport.jpg\",\"datePublished\":\"2024-10-08T06:38:52+00:00\",\"dateModified\":\"2024-10-08T06:58:40+00:00\",\"author\":{\"@id\":\"https:\\\/\\\/www.caudete.org\\\/ayuntamiento\\\/#\\\/schema\\\/person\\\/4b9eab41761957db9b1bf9c418d1ef46\"},\"description\":\"P\u00e1gina Oficial del Ayuntamiento de Caudete (Albacete)\",\"breadcrumb\":{\"@id\":\"https:\\\/\\\/www.caudete.org\\\/ayuntamiento\\\/la-alumna-de-las-edm-de-caudete-cristina-asensio-pastor-participa-en-los-campeonatos-de-espana-de-atletismo\\\/#breadcrumb\"},\"inLanguage\":\"es\",\"potentialAction\":[{\"@type\":\"ReadAction\",\"target\":[\"https:\\\/\\\/www.caudete.org\\\/ayuntamiento\\\/la-alumna-de-las-edm-de-caudete-cristina-asensio-pastor-participa-en-los-campeonatos-de-espana-de-atletismo\\\/\"]}]},{\"@type\":\"ImageObject\",\"inLanguage\":\"es\",\"@id\":\"https:\\\/\\\/www.caudete.org\\\/ayuntamiento\\\/la-alumna-de-las-edm-de-caudete-cristina-asensio-pastor-participa-en-los-campeonatos-de-espana-de-atletismo\\\/#primaryimage\",\"url\":\"https:\\\/\\\/www.caudete.org\\\/ayuntamiento\\\/wp-content\\\/uploads\\\/2024\\\/10\\\/CristinaAsensioport.jpg\",\"contentUrl\":\"https:\\\/\\\/www.caudete.org\\\/ayuntamiento\\\/wp-content\\\/uploads\\\/2024\\\/10\\\/CristinaAsensioport.jpg\",\"width\":1000,\"height\":560},{\"@type\":\"BreadcrumbList\",\"@id\":\"https:\\\/\\\/www.caudete.org\\\/ayuntamiento\\\/la-alumna-de-las-edm-de-caudete-cristina-asensio-pastor-participa-en-los-campeonatos-de-espana-de-atletismo\\\/#breadcrumb\",\"itemListElement\":[{\"@type\":\"ListItem\",\"position\":1,\"name\":\"Inicio\",\"item\":\"https:\\\/\\\/www.caudete.org\\\/ayuntamiento\\\/\"},{\"@type\":\"ListItem\",\"position\":2,\"name\":\"La alumna de las EDM de Caudete, Cristina Asensio Pastor participa en los Campeonatos de Espa\u00f1a de Atletismo\"}]},{\"@type\":\"WebSite\",\"@id\":\"https:\\\/\\\/www.caudete.org\\\/ayuntamiento\\\/#website\",\"url\":\"https:\\\/\\\/www.caudete.org\\\/ayuntamiento\\\/\",\"name\":\"MI Ayuntamiento de Caudete\",\"description\":\"P\u00e1gina Oficial del MI Ayuntamiento de Caudete\",\"potentialAction\":[{\"@type\":\"SearchAction\",\"target\":{\"@type\":\"EntryPoint\",\"urlTemplate\":\"https:\\\/\\\/www.caudete.org\\\/ayuntamiento\\\/?s={search_term_string}\"},\"query-input\":{\"@type\":\"PropertyValueSpecification\",\"valueRequired\":true,\"valueName\":\"search_term_string\"}}],\"inLanguage\":\"es\"},{\"@type\":\"Person\",\"@id\":\"https:\\\/\\\/www.caudete.org\\\/ayuntamiento\\\/#\\\/schema\\\/person\\\/4b9eab41761957db9b1bf9c418d1ef46\",\"name\":\"Dpto Informatica MI Ayuntamiento de Caudete\",\"image\":{\"@type\":\"ImageObject\",\"inLanguage\":\"es\",\"@id\":\"https:\\\/\\\/secure.gravatar.com\\\/avatar\\\/ac0321ee4a0a83e82a253e7b2d348ef539e2c8fe16d06b600bde04de1b364fa7?s=96&d=mm&r=g\",\"url\":\"https:\\\/\\\/secure.gravatar.com\\\/avatar\\\/ac0321ee4a0a83e82a253e7b2d348ef539e2c8fe16d06b600bde04de1b364fa7?s=96&d=mm&r=g\",\"contentUrl\":\"https:\\\/\\\/secure.gravatar.com\\\/avatar\\\/ac0321ee4a0a83e82a253e7b2d348ef539e2c8fe16d06b600bde04de1b364fa7?s=96&d=mm&r=g\",\"caption\":\"Dpto Informatica MI Ayuntamiento de Caudete\"},\"url\":\"https:\\\/\\\/www.caudete.org\\\/ayuntamiento\\\/author\\\/informatica\\\/\"}]}<\/script>\n<!-- \/ Yoast SEO plugin. -->","yoast_head_json":{"title":"La alumna de las EDM de Caudete, Cristina Asensio Pastor participa en los Campeonatos de Espa\u00f1a de Atletismo - MI Ayuntamiento de Caudete","description":"P\u00e1gina Oficial del Ayuntamiento de Caudete (Albacete)","robots":{"index":"index","follow":"follow","max-snippet":"max-snippet:-1","max-image-preview":"max-image-preview:large","max-video-preview":"max-video-preview:-1"},"canonical":"https:\/\/www.caudete.org\/ayuntamiento\/la-alumna-de-las-edm-de-caudete-cristina-asensio-pastor-participa-en-los-campeonatos-de-espana-de-atletismo\/","og_locale":"es_ES","og_type":"article","og_title":"La alumna de las EDM de Caudete, Cristina Asensio Pastor participa en los Campeonatos de Espa\u00f1a de Atletismo - MI Ayuntamiento de Caudete","og_description":"P\u00e1gina Oficial del Ayuntamiento de Caudete (Albacete)","og_url":"https:\/\/www.caudete.org\/ayuntamiento\/la-alumna-de-las-edm-de-caudete-cristina-asensio-pastor-participa-en-los-campeonatos-de-espana-de-atletismo\/","og_site_name":"MI Ayuntamiento de Caudete","article_publisher":"https:\/\/www.facebook.com\/ayuntamientocaudete\/","article_published_time":"2024-10-08T06:38:52+00:00","article_modified_time":"2024-10-08T06:58:40+00:00","og_image":[{"width":1000,"height":560,"url":"https:\/\/www.caudete.org\/ayuntamiento\/wp-content\/uploads\/2024\/10\/CristinaAsensioport.jpg","type":"image\/jpeg"}],"author":"Dpto Informatica MI Ayuntamiento de Caudete","twitter_card":"summary_large_image","twitter_misc":{"Escrito por":"Dpto Informatica MI Ayuntamiento de Caudete","Tiempo de lectura":"2 minutos"},"schema":{"@context":"https:\/\/schema.org","@graph":[{"@type":"Article","@id":"https:\/\/www.caudete.org\/ayuntamiento\/la-alumna-de-las-edm-de-caudete-cristina-asensio-pastor-participa-en-los-campeonatos-de-espana-de-atletismo\/#article","isPartOf":{"@id":"https:\/\/www.caudete.org\/ayuntamiento\/la-alumna-de-las-edm-de-caudete-cristina-asensio-pastor-participa-en-los-campeonatos-de-espana-de-atletismo\/"},"author":{"name":"Dpto Informatica MI Ayuntamiento de Caudete","@id":"https:\/\/www.caudete.org\/ayuntamiento\/#\/schema\/person\/4b9eab41761957db9b1bf9c418d1ef46"},"headline":"La alumna de las EDM de Caudete, Cristina Asensio Pastor participa en los Campeonatos de Espa\u00f1a de Atletismo","datePublished":"2024-10-08T06:38:52+00:00","dateModified":"2024-10-08T06:58:40+00:00","mainEntityOfPage":{"@id":"https:\/\/www.caudete.org\/ayuntamiento\/la-alumna-de-las-edm-de-caudete-cristina-asensio-pastor-participa-en-los-campeonatos-de-espana-de-atletismo\/"},"wordCount":296,"image":{"@id":"https:\/\/www.caudete.org\/ayuntamiento\/la-alumna-de-las-edm-de-caudete-cristina-asensio-pastor-participa-en-los-campeonatos-de-espana-de-atletismo\/#primaryimage"},"thumbnailUrl":"https:\/\/www.caudete.org\/ayuntamiento\/wp-content\/uploads\/2024\/10\/CristinaAsensioport.jpg","articleSection":["Deportes"],"inLanguage":"es"},{"@type":"WebPage","@id":"https:\/\/www.caudete.org\/ayuntamiento\/la-alumna-de-las-edm-de-caudete-cristina-asensio-pastor-participa-en-los-campeonatos-de-espana-de-atletismo\/","url":"https:\/\/www.caudete.org\/ayuntamiento\/la-alumna-de-las-edm-de-caudete-cristina-asensio-pastor-participa-en-los-campeonatos-de-espana-de-atletismo\/","name":"La alumna de las EDM de Caudete, Cristina Asensio Pastor participa en los Campeonatos de Espa\u00f1a de Atletismo - MI Ayuntamiento de Caudete","isPartOf":{"@id":"https:\/\/www.caudete.org\/ayuntamiento\/#website"},"primaryImageOfPage":{"@id":"https:\/\/www.caudete.org\/ayuntamiento\/la-alumna-de-las-edm-de-caudete-cristina-asensio-pastor-participa-en-los-campeonatos-de-espana-de-atletismo\/#primaryimage"},"image":{"@id":"https:\/\/www.caudete.org\/ayuntamiento\/la-alumna-de-las-edm-de-caudete-cristina-asensio-pastor-participa-en-los-campeonatos-de-espana-de-atletismo\/#primaryimage"},"thumbnailUrl":"https:\/\/www.caudete.org\/ayuntamiento\/wp-content\/uploads\/2024\/10\/CristinaAsensioport.jpg","datePublished":"2024-10-08T06:38:52+00:00","dateModified":"2024-10-08T06:58:40+00:00","author":{"@id":"https:\/\/www.caudete.org\/ayuntamiento\/#\/schema\/person\/4b9eab41761957db9b1bf9c418d1ef46"},"description":"P\u00e1gina Oficial del Ayuntamiento de Caudete (Albacete)","breadcrumb":{"@id":"https:\/\/www.caudete.org\/ayuntamiento\/la-alumna-de-las-edm-de-caudete-cristina-asensio-pastor-participa-en-los-campeonatos-de-espana-de-atletismo\/#breadcrumb"},"inLanguage":"es","potentialAction":[{"@type":"ReadAction","target":["https:\/\/www.caudete.org\/ayuntamiento\/la-alumna-de-las-edm-de-caudete-cristina-asensio-pastor-participa-en-los-campeonatos-de-espana-de-atletismo\/"]}]},{"@type":"ImageObject","inLanguage":"es","@id":"https:\/\/www.caudete.org\/ayuntamiento\/la-alumna-de-las-edm-de-caudete-cristina-asensio-pastor-participa-en-los-campeonatos-de-espana-de-atletismo\/#primaryimage","url":"https:\/\/www.caudete.org\/ayuntamiento\/wp-content\/uploads\/2024\/10\/CristinaAsensioport.jpg","contentUrl":"https:\/\/www.caudete.org\/ayuntamiento\/wp-content\/uploads\/2024\/10\/CristinaAsensioport.jpg","width":1000,"height":560},{"@type":"BreadcrumbList","@id":"https:\/\/www.caudete.org\/ayuntamiento\/la-alumna-de-las-edm-de-caudete-cristina-asensio-pastor-participa-en-los-campeonatos-de-espana-de-atletismo\/#breadcrumb","itemListElement":[{"@type":"ListItem","position":1,"name":"Inicio","item":"https:\/\/www.caudete.org\/ayuntamiento\/"},{"@type":"ListItem","position":2,"name":"La alumna de las EDM de Caudete, Cristina Asensio Pastor participa en los Campeonatos de Espa\u00f1a de Atletismo"}]},{"@type":"WebSite","@id":"https:\/\/www.caudete.org\/ayuntamiento\/#website","url":"https:\/\/www.caudete.org\/ayuntamiento\/","name":"MI Ayuntamiento de Caudete","description":"P\u00e1gina Oficial del MI Ayuntamiento de Caudete","potentialAction":[{"@type":"SearchAction","target":{"@type":"EntryPoint","urlTemplate":"https:\/\/www.caudete.org\/ayuntamiento\/?s={search_term_string}"},"query-input":{"@type":"PropertyValueSpecification","valueRequired":true,"valueName":"search_term_string"}}],"inLanguage":"es"},{"@type":"Person","@id":"https:\/\/www.caudete.org\/ayuntamiento\/#\/schema\/person\/4b9eab41761957db9b1bf9c418d1ef46","name":"Dpto Informatica MI Ayuntamiento de Caudete","image":{"@type":"ImageObject","inLanguage":"es","@id":"https:\/\/secure.gravatar.com\/avatar\/ac0321ee4a0a83e82a253e7b2d348ef539e2c8fe16d06b600bde04de1b364fa7?s=96&d=mm&r=g","url":"https:\/\/secure.gravatar.com\/avatar\/ac0321ee4a0a83e82a253e7b2d348ef539e2c8fe16d06b600bde04de1b364fa7?s=96&d=mm&r=g","contentUrl":"https:\/\/secure.gravatar.com\/avatar\/ac0321ee4a0a83e82a253e7b2d348ef539e2c8fe16d06b600bde04de1b364fa7?s=96&d=mm&r=g","caption":"Dpto Informatica MI Ayuntamiento de Caudete"},"url":"https:\/\/www.caudete.org\/ayuntamiento\/author\/informatica\/"}]}},"_links":{"self":[{"href":"https:\/\/www.caudete.org\/ayuntamiento\/wp-json\/wp\/v2\/posts\/26204","targetHints":{"allow":["GET"]}}],"collection":[{"href":"https:\/\/www.caudete.org\/ayuntamiento\/wp-json\/wp\/v2\/posts"}],"about":[{"href":"https:\/\/www.caudete.org\/ayuntamiento\/wp-json\/wp\/v2\/types\/post"}],"author":[{"embeddable":true,"href":"https:\/\/www.caudete.org\/ayuntamiento\/wp-json\/wp\/v2\/users\/5"}],"replies":[{"embeddable":true,"href":"https:\/\/www.caudete.org\/ayuntamiento\/wp-json\/wp\/v2\/comments?post=26204"}],"version-history":[{"count":3,"href":"https:\/\/www.caudete.org\/ayuntamiento\/wp-json\/wp\/v2\/posts\/26204\/revisions"}],"predecessor-version":[{"id":26209,"href":"https:\/\/www.caudete.org\/ayuntamiento\/wp-json\/wp\/v2\/posts\/26204\/revisions\/26209"}],"wp:featuredmedia":[{"embeddable":true,"href":"https:\/\/www.caudete.org\/ayuntamiento\/wp-json\/wp\/v2\/media\/26206"}],"wp:attachment":[{"href":"https:\/\/www.caudete.org\/ayuntamiento\/wp-json\/wp\/v2\/media?parent=26204"}],"wp:term":[{"taxonomy":"category","embeddable":true,"href":"https:\/\/www.caudete.org\/ayuntamiento\/wp-json\/wp\/v2\/categories?post=26204"},{"taxonomy":"post_tag","embeddable":true,"href":"https:\/\/www.caudete.org\/ayuntamiento\/wp-json\/wp\/v2\/tags?post=26204"}],"curies":[{"name":"wp","href":"https:\/\/api.w.org\/{rel}","templated":true}]}}