{"id":26244,"date":"2024-10-08T19:35:20","date_gmt":"2024-10-08T17:35:20","guid":{"rendered":"https:\/\/www.caudete.org\/ayuntamiento\/?p=26244"},"modified":"2024-10-08T19:35:20","modified_gmt":"2024-10-08T17:35:20","slug":"el-caudetano-adrian-cantos-marco-se-proclama-campeon-en-el-mundial-de-tenis","status":"publish","type":"post","link":"https:\/\/www.caudete.org\/ayuntamiento\/el-caudetano-adrian-cantos-marco-se-proclama-campeon-en-el-mundial-de-tenis\/","title":{"rendered":"El caudetano ADRIAN CANTOS MARCO se proclama Campe\u00f3n en el Mundial de Tenis"},"content":{"rendered":"<p align=\"justify\"><a href=\"https:\/\/www.caudete.org\/ayuntamiento\/wp-content\/uploads\/2024\/10\/ADRIAN-CANTOS-MARCO.jpg\" rel='prettyPhoto'><img fetchpriority=\"high\" decoding=\"async\" class=\"alignnone wp-image-26245 size-full\" src=\"https:\/\/www.caudete.org\/ayuntamiento\/wp-content\/uploads\/2024\/10\/ADRIAN-CANTOS-MARCO.jpg\" alt=\"\" width=\"1057\" height=\"743\" srcset=\"https:\/\/www.caudete.org\/ayuntamiento\/wp-content\/uploads\/2024\/10\/ADRIAN-CANTOS-MARCO.jpg 1057w, https:\/\/www.caudete.org\/ayuntamiento\/wp-content\/uploads\/2024\/10\/ADRIAN-CANTOS-MARCO-300x211.jpg 300w, https:\/\/www.caudete.org\/ayuntamiento\/wp-content\/uploads\/2024\/10\/ADRIAN-CANTOS-MARCO-1024x720.jpg 1024w, https:\/\/www.caudete.org\/ayuntamiento\/wp-content\/uploads\/2024\/10\/ADRIAN-CANTOS-MARCO-768x540.jpg 768w\" sizes=\"(max-width: 1057px) 100vw, 1057px\" \/><\/a><\/p>\n<p align=\"justify\">Durante la ma\u00f1ana del lunes pasado, la Concejal de Deportes, Pilar Egea, se hac\u00eda eco de una gran noticia al conocer el gran resultado deportivo obtenido por el caudetano, Adri\u00e1n Cantos Marco.<\/p>\n<p align=\"justify\">El joven tenista de Caudete, <b>Adri\u00e1n Cantos Marco<\/b> viajaba durante la semana del 29 de septiembre al 6 de octubre a la ciudad de Porec en <b>Croacia<\/b>, donde representaba a Espa\u00f1a en la categor\u00eda U-13 en el prestigioso <b>Campeonato Mundial <\/b><b>de Tenis <\/b><b>\u201cChampion Bowl 2024\u201d<\/b>.<\/p>\n<p align=\"justify\">Durante toda la semana que dur\u00f3 el torneo, Adri\u00e1n ha tenido la oportunidad de enfrentarse a los mejores jugadores de su categor\u00eda provenientes de distintos pa\u00edses del mundo, convirti\u00e9ndose por tanto en una experiencia \u00fanica para nuestro paisano.<\/p>\n<p align=\"justify\">La competici\u00f3n se inici\u00f3 con el acto p\u00fablico de presentaci\u00f3n de los integrantes de los equipos de cada pa\u00eds, para acto seguido disputarse los primeros encuentros de la <b>Fase Regular<\/b>. Esta fase previa consist\u00eda en una liguilla regular, formada por un total de 4 jugadores por grupo, donde cada jugador se enfrentaba a cada uno de sus oponentes y en la que Adri\u00e1n clasific\u00f3 como <b>primero de grupo<\/b>, tras vencer su respectivos enfrentamientos contra el alem\u00e1n Pache Benito, el suizo Luca Rentsh y el moldavo Ilia Sanalatti.<\/p>\n<p align=\"justify\">De esta manera, Adri\u00e1n acced\u00eda de forma directa a la <b>Fase Eliminatoria<\/b>, la cual daba comienzo el s\u00e1bado 5 de octubre con los encuentros de <b>cuartos de<\/b><b> final<\/b>, donde nuestro tenista se enfrent\u00f3 al alem\u00e1n, Giulian Joel Kurt Rothkefel, en lo que fue un partido muy disputado y del que pudo salir victorioso, clasificando por tanto a las semifinales del torneo.<\/p>\n<p align=\"justify\">En <b>semifinales<\/b> le esperaba su compatriota y compa\u00f1ero de equipo, Oliver Marlin, al que logr\u00f3 imponerse tras una gran remontada, brind\u00e1ndole de este modo el acceso a la gran final.<\/p>\n<p align=\"justify\">Ya en la final, <b>Adri\u00e1n<\/b> se vio las caras nuevamente con un integrante del equipo de Alemania, concretamente con el el alem\u00e1n Michail Hotin, al cual consigui\u00f3 doblegar para as\u00ed proclamarse <b>Campe\u00f3n Mundial de Tenis<\/b> en categor\u00eda U-13.<\/p>\n","protected":false},"excerpt":{"rendered":"<p>Durante la ma\u00f1ana del lunes pasado, la Concejal de Deportes, Pilar Egea, se hac\u00eda eco de una gran noticia al conocer el gran resultado deportivo obtenido por el caudetano, Adri\u00e1n Cantos Marco. El joven tenista de Caudete, Adri\u00e1n Cantos Marco viajaba durante la semana del 29 de septiembre al 6 de octubre a la ciudad &hellip;<\/p>\n","protected":false},"author":3,"featured_media":26245,"comment_status":"closed","ping_status":"open","sticky":false,"template":"","format":"standard","meta":{"ngg_post_thumbnail":0,"footnotes":""},"categories":[23],"tags":[],"class_list":["post-26244","post","type-post","status-publish","format-standard","has-post-thumbnail","hentry","category-deportes"],"yoast_head":"<!-- This site is optimized with the Yoast SEO plugin v27.5 - https:\/\/yoast.com\/product\/yoast-seo-wordpress\/ -->\n<title>El caudetano ADRIAN CANTOS MARCO se proclama Campe\u00f3n en el Mundial de Tenis - MI Ayuntamiento de Caudete<\/title>\n<meta name=\"description\" content=\"P\u00e1gina Oficial del Ayuntamiento de Caudete (Albacete)\" \/>\n<meta name=\"robots\" content=\"index, follow, max-snippet:-1, max-image-preview:large, max-video-preview:-1\" \/>\n<link rel=\"canonical\" href=\"https:\/\/www.caudete.org\/ayuntamiento\/el-caudetano-adrian-cantos-marco-se-proclama-campeon-en-el-mundial-de-tenis\/\" \/>\n<meta property=\"og:locale\" content=\"es_ES\" \/>\n<meta property=\"og:type\" content=\"article\" \/>\n<meta property=\"og:title\" content=\"El caudetano ADRIAN CANTOS MARCO se proclama Campe\u00f3n en el Mundial de Tenis - MI Ayuntamiento de Caudete\" \/>\n<meta property=\"og:description\" content=\"P\u00e1gina Oficial del Ayuntamiento de Caudete (Albacete)\" \/>\n<meta property=\"og:url\" content=\"https:\/\/www.caudete.org\/ayuntamiento\/el-caudetano-adrian-cantos-marco-se-proclama-campeon-en-el-mundial-de-tenis\/\" \/>\n<meta property=\"og:site_name\" content=\"MI Ayuntamiento de Caudete\" \/>\n<meta property=\"article:publisher\" content=\"https:\/\/www.facebook.com\/ayuntamientocaudete\/\" \/>\n<meta property=\"article:published_time\" content=\"2024-10-08T17:35:20+00:00\" \/>\n<meta property=\"og:image\" content=\"https:\/\/www.caudete.org\/ayuntamiento\/wp-content\/uploads\/2024\/10\/ADRIAN-CANTOS-MARCO.jpg\" \/>\n\t<meta property=\"og:image:width\" content=\"1057\" \/>\n\t<meta property=\"og:image:height\" content=\"743\" \/>\n\t<meta property=\"og:image:type\" content=\"image\/jpeg\" \/>\n<meta name=\"author\" content=\"alcalde\" \/>\n<meta name=\"twitter:card\" content=\"summary_large_image\" \/>\n<meta name=\"twitter:label1\" content=\"Escrito por\" \/>\n\t<meta name=\"twitter:data1\" content=\"alcalde\" \/>\n\t<meta name=\"twitter:label2\" content=\"Tiempo de lectura\" \/>\n\t<meta name=\"twitter:data2\" content=\"2 minutos\" \/>\n<script type=\"application\/ld+json\" class=\"yoast-schema-graph\">{\"@context\":\"https:\\\/\\\/schema.org\",\"@graph\":[{\"@type\":\"Article\",\"@id\":\"https:\\\/\\\/www.caudete.org\\\/ayuntamiento\\\/el-caudetano-adrian-cantos-marco-se-proclama-campeon-en-el-mundial-de-tenis\\\/#article\",\"isPartOf\":{\"@id\":\"https:\\\/\\\/www.caudete.org\\\/ayuntamiento\\\/el-caudetano-adrian-cantos-marco-se-proclama-campeon-en-el-mundial-de-tenis\\\/\"},\"author\":{\"name\":\"alcalde\",\"@id\":\"https:\\\/\\\/www.caudete.org\\\/ayuntamiento\\\/#\\\/schema\\\/person\\\/cc646da9133078ee4d8dd47457947253\"},\"headline\":\"El caudetano ADRIAN CANTOS MARCO se proclama Campe\u00f3n en el Mundial de Tenis\",\"datePublished\":\"2024-10-08T17:35:20+00:00\",\"mainEntityOfPage\":{\"@id\":\"https:\\\/\\\/www.caudete.org\\\/ayuntamiento\\\/el-caudetano-adrian-cantos-marco-se-proclama-campeon-en-el-mundial-de-tenis\\\/\"},\"wordCount\":367,\"image\":{\"@id\":\"https:\\\/\\\/www.caudete.org\\\/ayuntamiento\\\/el-caudetano-adrian-cantos-marco-se-proclama-campeon-en-el-mundial-de-tenis\\\/#primaryimage\"},\"thumbnailUrl\":\"https:\\\/\\\/www.caudete.org\\\/ayuntamiento\\\/wp-content\\\/uploads\\\/2024\\\/10\\\/ADRIAN-CANTOS-MARCO.jpg\",\"articleSection\":[\"Deportes\"],\"inLanguage\":\"es\"},{\"@type\":\"WebPage\",\"@id\":\"https:\\\/\\\/www.caudete.org\\\/ayuntamiento\\\/el-caudetano-adrian-cantos-marco-se-proclama-campeon-en-el-mundial-de-tenis\\\/\",\"url\":\"https:\\\/\\\/www.caudete.org\\\/ayuntamiento\\\/el-caudetano-adrian-cantos-marco-se-proclama-campeon-en-el-mundial-de-tenis\\\/\",\"name\":\"El caudetano ADRIAN CANTOS MARCO se proclama Campe\u00f3n en el Mundial de Tenis - MI Ayuntamiento de Caudete\",\"isPartOf\":{\"@id\":\"https:\\\/\\\/www.caudete.org\\\/ayuntamiento\\\/#website\"},\"primaryImageOfPage\":{\"@id\":\"https:\\\/\\\/www.caudete.org\\\/ayuntamiento\\\/el-caudetano-adrian-cantos-marco-se-proclama-campeon-en-el-mundial-de-tenis\\\/#primaryimage\"},\"image\":{\"@id\":\"https:\\\/\\\/www.caudete.org\\\/ayuntamiento\\\/el-caudetano-adrian-cantos-marco-se-proclama-campeon-en-el-mundial-de-tenis\\\/#primaryimage\"},\"thumbnailUrl\":\"https:\\\/\\\/www.caudete.org\\\/ayuntamiento\\\/wp-content\\\/uploads\\\/2024\\\/10\\\/ADRIAN-CANTOS-MARCO.jpg\",\"datePublished\":\"2024-10-08T17:35:20+00:00\",\"author\":{\"@id\":\"https:\\\/\\\/www.caudete.org\\\/ayuntamiento\\\/#\\\/schema\\\/person\\\/cc646da9133078ee4d8dd47457947253\"},\"description\":\"P\u00e1gina Oficial del Ayuntamiento de Caudete (Albacete)\",\"breadcrumb\":{\"@id\":\"https:\\\/\\\/www.caudete.org\\\/ayuntamiento\\\/el-caudetano-adrian-cantos-marco-se-proclama-campeon-en-el-mundial-de-tenis\\\/#breadcrumb\"},\"inLanguage\":\"es\",\"potentialAction\":[{\"@type\":\"ReadAction\",\"target\":[\"https:\\\/\\\/www.caudete.org\\\/ayuntamiento\\\/el-caudetano-adrian-cantos-marco-se-proclama-campeon-en-el-mundial-de-tenis\\\/\"]}]},{\"@type\":\"ImageObject\",\"inLanguage\":\"es\",\"@id\":\"https:\\\/\\\/www.caudete.org\\\/ayuntamiento\\\/el-caudetano-adrian-cantos-marco-se-proclama-campeon-en-el-mundial-de-tenis\\\/#primaryimage\",\"url\":\"https:\\\/\\\/www.caudete.org\\\/ayuntamiento\\\/wp-content\\\/uploads\\\/2024\\\/10\\\/ADRIAN-CANTOS-MARCO.jpg\",\"contentUrl\":\"https:\\\/\\\/www.caudete.org\\\/ayuntamiento\\\/wp-content\\\/uploads\\\/2024\\\/10\\\/ADRIAN-CANTOS-MARCO.jpg\",\"width\":1057,\"height\":743},{\"@type\":\"BreadcrumbList\",\"@id\":\"https:\\\/\\\/www.caudete.org\\\/ayuntamiento\\\/el-caudetano-adrian-cantos-marco-se-proclama-campeon-en-el-mundial-de-tenis\\\/#breadcrumb\",\"itemListElement\":[{\"@type\":\"ListItem\",\"position\":1,\"name\":\"Inicio\",\"item\":\"https:\\\/\\\/www.caudete.org\\\/ayuntamiento\\\/\"},{\"@type\":\"ListItem\",\"position\":2,\"name\":\"El caudetano ADRIAN CANTOS MARCO se proclama Campe\u00f3n en el Mundial de Tenis\"}]},{\"@type\":\"WebSite\",\"@id\":\"https:\\\/\\\/www.caudete.org\\\/ayuntamiento\\\/#website\",\"url\":\"https:\\\/\\\/www.caudete.org\\\/ayuntamiento\\\/\",\"name\":\"MI Ayuntamiento de Caudete\",\"description\":\"P\u00e1gina Oficial del MI Ayuntamiento de Caudete\",\"potentialAction\":[{\"@type\":\"SearchAction\",\"target\":{\"@type\":\"EntryPoint\",\"urlTemplate\":\"https:\\\/\\\/www.caudete.org\\\/ayuntamiento\\\/?s={search_term_string}\"},\"query-input\":{\"@type\":\"PropertyValueSpecification\",\"valueRequired\":true,\"valueName\":\"search_term_string\"}}],\"inLanguage\":\"es\"},{\"@type\":\"Person\",\"@id\":\"https:\\\/\\\/www.caudete.org\\\/ayuntamiento\\\/#\\\/schema\\\/person\\\/cc646da9133078ee4d8dd47457947253\",\"name\":\"alcalde\",\"image\":{\"@type\":\"ImageObject\",\"inLanguage\":\"es\",\"@id\":\"https:\\\/\\\/secure.gravatar.com\\\/avatar\\\/84a817ba065b29ff08d666b215a215f5c79186a645ccb25b14a663d48a130f77?s=96&d=mm&r=g\",\"url\":\"https:\\\/\\\/secure.gravatar.com\\\/avatar\\\/84a817ba065b29ff08d666b215a215f5c79186a645ccb25b14a663d48a130f77?s=96&d=mm&r=g\",\"contentUrl\":\"https:\\\/\\\/secure.gravatar.com\\\/avatar\\\/84a817ba065b29ff08d666b215a215f5c79186a645ccb25b14a663d48a130f77?s=96&d=mm&r=g\",\"caption\":\"alcalde\"},\"url\":\"https:\\\/\\\/www.caudete.org\\\/ayuntamiento\\\/author\\\/alcalde\\\/\"}]}<\/script>\n<!-- \/ Yoast SEO plugin. -->","yoast_head_json":{"title":"El caudetano ADRIAN CANTOS MARCO se proclama Campe\u00f3n en el Mundial de Tenis - MI Ayuntamiento de Caudete","description":"P\u00e1gina Oficial del Ayuntamiento de Caudete (Albacete)","robots":{"index":"index","follow":"follow","max-snippet":"max-snippet:-1","max-image-preview":"max-image-preview:large","max-video-preview":"max-video-preview:-1"},"canonical":"https:\/\/www.caudete.org\/ayuntamiento\/el-caudetano-adrian-cantos-marco-se-proclama-campeon-en-el-mundial-de-tenis\/","og_locale":"es_ES","og_type":"article","og_title":"El caudetano ADRIAN CANTOS MARCO se proclama Campe\u00f3n en el Mundial de Tenis - MI Ayuntamiento de Caudete","og_description":"P\u00e1gina Oficial del Ayuntamiento de Caudete (Albacete)","og_url":"https:\/\/www.caudete.org\/ayuntamiento\/el-caudetano-adrian-cantos-marco-se-proclama-campeon-en-el-mundial-de-tenis\/","og_site_name":"MI Ayuntamiento de Caudete","article_publisher":"https:\/\/www.facebook.com\/ayuntamientocaudete\/","article_published_time":"2024-10-08T17:35:20+00:00","og_image":[{"width":1057,"height":743,"url":"https:\/\/www.caudete.org\/ayuntamiento\/wp-content\/uploads\/2024\/10\/ADRIAN-CANTOS-MARCO.jpg","type":"image\/jpeg"}],"author":"alcalde","twitter_card":"summary_large_image","twitter_misc":{"Escrito por":"alcalde","Tiempo de lectura":"2 minutos"},"schema":{"@context":"https:\/\/schema.org","@graph":[{"@type":"Article","@id":"https:\/\/www.caudete.org\/ayuntamiento\/el-caudetano-adrian-cantos-marco-se-proclama-campeon-en-el-mundial-de-tenis\/#article","isPartOf":{"@id":"https:\/\/www.caudete.org\/ayuntamiento\/el-caudetano-adrian-cantos-marco-se-proclama-campeon-en-el-mundial-de-tenis\/"},"author":{"name":"alcalde","@id":"https:\/\/www.caudete.org\/ayuntamiento\/#\/schema\/person\/cc646da9133078ee4d8dd47457947253"},"headline":"El caudetano ADRIAN CANTOS MARCO se proclama Campe\u00f3n en el Mundial de Tenis","datePublished":"2024-10-08T17:35:20+00:00","mainEntityOfPage":{"@id":"https:\/\/www.caudete.org\/ayuntamiento\/el-caudetano-adrian-cantos-marco-se-proclama-campeon-en-el-mundial-de-tenis\/"},"wordCount":367,"image":{"@id":"https:\/\/www.caudete.org\/ayuntamiento\/el-caudetano-adrian-cantos-marco-se-proclama-campeon-en-el-mundial-de-tenis\/#primaryimage"},"thumbnailUrl":"https:\/\/www.caudete.org\/ayuntamiento\/wp-content\/uploads\/2024\/10\/ADRIAN-CANTOS-MARCO.jpg","articleSection":["Deportes"],"inLanguage":"es"},{"@type":"WebPage","@id":"https:\/\/www.caudete.org\/ayuntamiento\/el-caudetano-adrian-cantos-marco-se-proclama-campeon-en-el-mundial-de-tenis\/","url":"https:\/\/www.caudete.org\/ayuntamiento\/el-caudetano-adrian-cantos-marco-se-proclama-campeon-en-el-mundial-de-tenis\/","name":"El caudetano ADRIAN CANTOS MARCO se proclama Campe\u00f3n en el Mundial de Tenis - MI Ayuntamiento de Caudete","isPartOf":{"@id":"https:\/\/www.caudete.org\/ayuntamiento\/#website"},"primaryImageOfPage":{"@id":"https:\/\/www.caudete.org\/ayuntamiento\/el-caudetano-adrian-cantos-marco-se-proclama-campeon-en-el-mundial-de-tenis\/#primaryimage"},"image":{"@id":"https:\/\/www.caudete.org\/ayuntamiento\/el-caudetano-adrian-cantos-marco-se-proclama-campeon-en-el-mundial-de-tenis\/#primaryimage"},"thumbnailUrl":"https:\/\/www.caudete.org\/ayuntamiento\/wp-content\/uploads\/2024\/10\/ADRIAN-CANTOS-MARCO.jpg","datePublished":"2024-10-08T17:35:20+00:00","author":{"@id":"https:\/\/www.caudete.org\/ayuntamiento\/#\/schema\/person\/cc646da9133078ee4d8dd47457947253"},"description":"P\u00e1gina Oficial del Ayuntamiento de Caudete (Albacete)","breadcrumb":{"@id":"https:\/\/www.caudete.org\/ayuntamiento\/el-caudetano-adrian-cantos-marco-se-proclama-campeon-en-el-mundial-de-tenis\/#breadcrumb"},"inLanguage":"es","potentialAction":[{"@type":"ReadAction","target":["https:\/\/www.caudete.org\/ayuntamiento\/el-caudetano-adrian-cantos-marco-se-proclama-campeon-en-el-mundial-de-tenis\/"]}]},{"@type":"ImageObject","inLanguage":"es","@id":"https:\/\/www.caudete.org\/ayuntamiento\/el-caudetano-adrian-cantos-marco-se-proclama-campeon-en-el-mundial-de-tenis\/#primaryimage","url":"https:\/\/www.caudete.org\/ayuntamiento\/wp-content\/uploads\/2024\/10\/ADRIAN-CANTOS-MARCO.jpg","contentUrl":"https:\/\/www.caudete.org\/ayuntamiento\/wp-content\/uploads\/2024\/10\/ADRIAN-CANTOS-MARCO.jpg","width":1057,"height":743},{"@type":"BreadcrumbList","@id":"https:\/\/www.caudete.org\/ayuntamiento\/el-caudetano-adrian-cantos-marco-se-proclama-campeon-en-el-mundial-de-tenis\/#breadcrumb","itemListElement":[{"@type":"ListItem","position":1,"name":"Inicio","item":"https:\/\/www.caudete.org\/ayuntamiento\/"},{"@type":"ListItem","position":2,"name":"El caudetano ADRIAN CANTOS MARCO se proclama Campe\u00f3n en el Mundial de Tenis"}]},{"@type":"WebSite","@id":"https:\/\/www.caudete.org\/ayuntamiento\/#website","url":"https:\/\/www.caudete.org\/ayuntamiento\/","name":"MI Ayuntamiento de Caudete","description":"P\u00e1gina Oficial del MI Ayuntamiento de Caudete","potentialAction":[{"@type":"SearchAction","target":{"@type":"EntryPoint","urlTemplate":"https:\/\/www.caudete.org\/ayuntamiento\/?s={search_term_string}"},"query-input":{"@type":"PropertyValueSpecification","valueRequired":true,"valueName":"search_term_string"}}],"inLanguage":"es"},{"@type":"Person","@id":"https:\/\/www.caudete.org\/ayuntamiento\/#\/schema\/person\/cc646da9133078ee4d8dd47457947253","name":"alcalde","image":{"@type":"ImageObject","inLanguage":"es","@id":"https:\/\/secure.gravatar.com\/avatar\/84a817ba065b29ff08d666b215a215f5c79186a645ccb25b14a663d48a130f77?s=96&d=mm&r=g","url":"https:\/\/secure.gravatar.com\/avatar\/84a817ba065b29ff08d666b215a215f5c79186a645ccb25b14a663d48a130f77?s=96&d=mm&r=g","contentUrl":"https:\/\/secure.gravatar.com\/avatar\/84a817ba065b29ff08d666b215a215f5c79186a645ccb25b14a663d48a130f77?s=96&d=mm&r=g","caption":"alcalde"},"url":"https:\/\/www.caudete.org\/ayuntamiento\/author\/alcalde\/"}]}},"_links":{"self":[{"href":"https:\/\/www.caudete.org\/ayuntamiento\/wp-json\/wp\/v2\/posts\/26244","targetHints":{"allow":["GET"]}}],"collection":[{"href":"https:\/\/www.caudete.org\/ayuntamiento\/wp-json\/wp\/v2\/posts"}],"about":[{"href":"https:\/\/www.caudete.org\/ayuntamiento\/wp-json\/wp\/v2\/types\/post"}],"author":[{"embeddable":true,"href":"https:\/\/www.caudete.org\/ayuntamiento\/wp-json\/wp\/v2\/users\/3"}],"replies":[{"embeddable":true,"href":"https:\/\/www.caudete.org\/ayuntamiento\/wp-json\/wp\/v2\/comments?post=26244"}],"version-history":[{"count":1,"href":"https:\/\/www.caudete.org\/ayuntamiento\/wp-json\/wp\/v2\/posts\/26244\/revisions"}],"predecessor-version":[{"id":26246,"href":"https:\/\/www.caudete.org\/ayuntamiento\/wp-json\/wp\/v2\/posts\/26244\/revisions\/26246"}],"wp:featuredmedia":[{"embeddable":true,"href":"https:\/\/www.caudete.org\/ayuntamiento\/wp-json\/wp\/v2\/media\/26245"}],"wp:attachment":[{"href":"https:\/\/www.caudete.org\/ayuntamiento\/wp-json\/wp\/v2\/media?parent=26244"}],"wp:term":[{"taxonomy":"category","embeddable":true,"href":"https:\/\/www.caudete.org\/ayuntamiento\/wp-json\/wp\/v2\/categories?post=26244"},{"taxonomy":"post_tag","embeddable":true,"href":"https:\/\/www.caudete.org\/ayuntamiento\/wp-json\/wp\/v2\/tags?post=26244"}],"curies":[{"name":"wp","href":"https:\/\/api.w.org\/{rel}","templated":true}]}}