{"id":26247,"date":"2024-10-09T14:03:54","date_gmt":"2024-10-09T12:03:54","guid":{"rendered":"https:\/\/www.caudete.org\/ayuntamiento\/?p=26247"},"modified":"2024-10-09T14:57:57","modified_gmt":"2024-10-09T12:57:57","slug":"solicitado-el-cambio-de-uso-del-pos-2023-para-financiar-la-compra-del-pozo-de-las-munecas-2","status":"publish","type":"post","link":"https:\/\/www.caudete.org\/ayuntamiento\/solicitado-el-cambio-de-uso-del-pos-2023-para-financiar-la-compra-del-pozo-de-las-munecas-2\/","title":{"rendered":"Realizaci\u00f3n de medici\u00f3n de aforo en el pozo de &#8220;Las Mu\u00f1ecas&#8221; los d\u00edas 14,15 y 16 de octubre"},"content":{"rendered":"<p>Como ya avis\u00e9 en otros comunicados anteriores, tan pronto como lo supiese cierto har\u00eda p\u00fablica la fecha para realizar el aforo del pozo de \u201clas mu\u00f1ecas\u201d. Ese momento ha llegado, por lo que pongo en conocimiento de todos los posibles afectados y caudetanos en general que, los pr\u00f3ximos d\u00edas 14, 15 y 16 de octubre se va a proceder a la realizaci\u00f3n del aforo del citado pozo, que se encuentra ubicado en el pol\u00edgono 15 parcela 1483, en el camino de \u201clos vi\u00f1ales\u201d el aforo lleva implicada la extracci\u00f3n de agua durante 24 horas, en diferentes caudales que se ir\u00e1n incrementando a medida que transcurre el mismo.<\/p>\n<p>El vertido de estas aguas afectar\u00e1 a las parcelas que se describen en el plano adjunto.<\/p>\n<p>Con el fin de evitar posibles da\u00f1os, el Ayuntamiento tendr\u00e1 preparados los medios necesarios para evitar inundaciones en las parcelas y edificaciones que se ver\u00e1n afectadas.<br \/>\nTambi\u00e9n quiero prevenir a los ciudadanos que tengan campos o propiedades aguas arriba del pozo de \u201cLas mu\u00f1ecas\u201d de que no podr\u00e1n acceder a sus parcelas durante este periodo, con el fin de que hagan las previsiones pertinentes.<\/p>\n<p>Una vez mas quiero agradecer la buena disposici\u00f3n de todos los afectados por un bien com\u00fan para todos los caudetanos.<\/p>\n<p>Permitid que insista una vez m\u00e1s: para mejorar el servicio del agua necesitamos vuestra colaboraci\u00f3n, y que cuando surja un problema, de cualquier \u00edndole relacionado con el agua, os pong\u00e1is en contacto con nosotros llamando al siguiente tel\u00e9fono: <span style=\"font-size: 14pt;\"><strong>96 582 58 69<\/strong><\/span> donde pod\u00e9is dejar mensajes de voz, fotos y v\u00eddeos de whatsapp como si de un m\u00f3vil se tratase.<\/p>\n<p style=\"text-align: center;\">\u00a1\u00a1En la concejal\u00eda del Ciclo Integral del Agua nos esforzamos en dar un buen servicio y gestionar bien tu dinero!!<\/p>\n<p style=\"text-align: center;\"><span style=\"font-size: 14pt;\"><strong>Comunicado de Jos\u00e9 Miguel Moll\u00e1 Nieto,<\/strong> <\/span><br \/>\nconcejal del Ciclo Integral del Agua<\/p>\n<p><a href=\"https:\/\/www.caudete.org\/ayuntamiento\/wp-content\/uploads\/2024\/10\/PozoLasMunecas.jpg\" rel='prettyPhoto'><img fetchpriority=\"high\" decoding=\"async\" class=\"alignnone wp-image-26248 size-full\" src=\"https:\/\/www.caudete.org\/ayuntamiento\/wp-content\/uploads\/2024\/10\/PozoLasMunecas.jpg\" alt=\"\" width=\"1325\" height=\"842\" srcset=\"https:\/\/www.caudete.org\/ayuntamiento\/wp-content\/uploads\/2024\/10\/PozoLasMunecas.jpg 1325w, https:\/\/www.caudete.org\/ayuntamiento\/wp-content\/uploads\/2024\/10\/PozoLasMunecas-300x191.jpg 300w, https:\/\/www.caudete.org\/ayuntamiento\/wp-content\/uploads\/2024\/10\/PozoLasMunecas-1024x651.jpg 1024w, https:\/\/www.caudete.org\/ayuntamiento\/wp-content\/uploads\/2024\/10\/PozoLasMunecas-768x488.jpg 768w\" sizes=\"(max-width: 1325px) 100vw, 1325px\" \/><\/a><\/p>\n","protected":false},"excerpt":{"rendered":"<p>Como ya avis\u00e9 en otros comunicados anteriores, tan pronto como lo supiese cierto har\u00eda p\u00fablica la fecha para realizar el aforo del pozo de \u201clas mu\u00f1ecas\u201d. Ese momento ha llegado, por lo que pongo en conocimiento de todos los posibles afectados y caudetanos en general que, los pr\u00f3ximos d\u00edas 14, 15 y 16 de octubre &hellip;<\/p>\n","protected":false},"author":5,"featured_media":16555,"comment_status":"closed","ping_status":"open","sticky":false,"template":"","format":"standard","meta":{"ngg_post_thumbnail":0,"footnotes":""},"categories":[49],"tags":[],"class_list":["post-26247","post","type-post","status-publish","format-standard","has-post-thumbnail","hentry","category-ciclo-integral-del-agua"],"yoast_head":"<!-- This site is optimized with the Yoast SEO plugin v27.5 - https:\/\/yoast.com\/product\/yoast-seo-wordpress\/ -->\n<title>Realizaci\u00f3n de medici\u00f3n de aforo en el pozo de &quot;Las Mu\u00f1ecas&quot; los d\u00edas 14,15 y 16 de octubre - MI Ayuntamiento de Caudete<\/title>\n<meta name=\"description\" content=\"P\u00e1gina Oficial del Ayuntamiento de Caudete (Albacete)\" \/>\n<meta name=\"robots\" content=\"index, follow, max-snippet:-1, max-image-preview:large, max-video-preview:-1\" \/>\n<link rel=\"canonical\" href=\"https:\/\/www.caudete.org\/ayuntamiento\/solicitado-el-cambio-de-uso-del-pos-2023-para-financiar-la-compra-del-pozo-de-las-munecas-2\/\" \/>\n<meta property=\"og:locale\" content=\"es_ES\" \/>\n<meta property=\"og:type\" content=\"article\" \/>\n<meta property=\"og:title\" content=\"Realizaci\u00f3n de medici\u00f3n de aforo en el pozo de &quot;Las Mu\u00f1ecas&quot; los d\u00edas 14,15 y 16 de octubre - MI Ayuntamiento de Caudete\" \/>\n<meta property=\"og:description\" content=\"P\u00e1gina Oficial del Ayuntamiento de Caudete (Albacete)\" \/>\n<meta property=\"og:url\" content=\"https:\/\/www.caudete.org\/ayuntamiento\/solicitado-el-cambio-de-uso-del-pos-2023-para-financiar-la-compra-del-pozo-de-las-munecas-2\/\" \/>\n<meta property=\"og:site_name\" content=\"MI Ayuntamiento de Caudete\" \/>\n<meta property=\"article:publisher\" content=\"https:\/\/www.facebook.com\/ayuntamientocaudete\/\" \/>\n<meta property=\"article:published_time\" content=\"2024-10-09T12:03:54+00:00\" \/>\n<meta property=\"article:modified_time\" content=\"2024-10-09T12:57:57+00:00\" \/>\n<meta property=\"og:image\" content=\"https:\/\/www.caudete.org\/ayuntamiento\/wp-content\/uploads\/2021\/10\/agua.jpg\" \/>\n\t<meta property=\"og:image:width\" content=\"800\" \/>\n\t<meta property=\"og:image:height\" content=\"397\" \/>\n\t<meta property=\"og:image:type\" content=\"image\/jpeg\" \/>\n<meta name=\"author\" content=\"Dpto Informatica MI Ayuntamiento de Caudete\" \/>\n<meta name=\"twitter:card\" content=\"summary_large_image\" \/>\n<meta name=\"twitter:label1\" content=\"Escrito por\" \/>\n\t<meta name=\"twitter:data1\" content=\"Dpto Informatica MI Ayuntamiento de Caudete\" \/>\n\t<meta name=\"twitter:label2\" content=\"Tiempo de lectura\" \/>\n\t<meta name=\"twitter:data2\" content=\"2 minutos\" \/>\n<script type=\"application\/ld+json\" class=\"yoast-schema-graph\">{\"@context\":\"https:\\\/\\\/schema.org\",\"@graph\":[{\"@type\":\"Article\",\"@id\":\"https:\\\/\\\/www.caudete.org\\\/ayuntamiento\\\/solicitado-el-cambio-de-uso-del-pos-2023-para-financiar-la-compra-del-pozo-de-las-munecas-2\\\/#article\",\"isPartOf\":{\"@id\":\"https:\\\/\\\/www.caudete.org\\\/ayuntamiento\\\/solicitado-el-cambio-de-uso-del-pos-2023-para-financiar-la-compra-del-pozo-de-las-munecas-2\\\/\"},\"author\":{\"name\":\"Dpto Informatica MI Ayuntamiento de Caudete\",\"@id\":\"https:\\\/\\\/www.caudete.org\\\/ayuntamiento\\\/#\\\/schema\\\/person\\\/4b9eab41761957db9b1bf9c418d1ef46\"},\"headline\":\"Realizaci\u00f3n de medici\u00f3n de aforo en el pozo de &#8220;Las Mu\u00f1ecas&#8221; los d\u00edas 14,15 y 16 de octubre\",\"datePublished\":\"2024-10-09T12:03:54+00:00\",\"dateModified\":\"2024-10-09T12:57:57+00:00\",\"mainEntityOfPage\":{\"@id\":\"https:\\\/\\\/www.caudete.org\\\/ayuntamiento\\\/solicitado-el-cambio-de-uso-del-pos-2023-para-financiar-la-compra-del-pozo-de-las-munecas-2\\\/\"},\"wordCount\":334,\"image\":{\"@id\":\"https:\\\/\\\/www.caudete.org\\\/ayuntamiento\\\/solicitado-el-cambio-de-uso-del-pos-2023-para-financiar-la-compra-del-pozo-de-las-munecas-2\\\/#primaryimage\"},\"thumbnailUrl\":\"https:\\\/\\\/www.caudete.org\\\/ayuntamiento\\\/wp-content\\\/uploads\\\/2021\\\/10\\\/agua.jpg\",\"articleSection\":[\"Ciclo Integral del Agua\"],\"inLanguage\":\"es\"},{\"@type\":\"WebPage\",\"@id\":\"https:\\\/\\\/www.caudete.org\\\/ayuntamiento\\\/solicitado-el-cambio-de-uso-del-pos-2023-para-financiar-la-compra-del-pozo-de-las-munecas-2\\\/\",\"url\":\"https:\\\/\\\/www.caudete.org\\\/ayuntamiento\\\/solicitado-el-cambio-de-uso-del-pos-2023-para-financiar-la-compra-del-pozo-de-las-munecas-2\\\/\",\"name\":\"Realizaci\u00f3n de medici\u00f3n de aforo en el pozo de \\\"Las Mu\u00f1ecas\\\" los d\u00edas 14,15 y 16 de octubre - MI Ayuntamiento de Caudete\",\"isPartOf\":{\"@id\":\"https:\\\/\\\/www.caudete.org\\\/ayuntamiento\\\/#website\"},\"primaryImageOfPage\":{\"@id\":\"https:\\\/\\\/www.caudete.org\\\/ayuntamiento\\\/solicitado-el-cambio-de-uso-del-pos-2023-para-financiar-la-compra-del-pozo-de-las-munecas-2\\\/#primaryimage\"},\"image\":{\"@id\":\"https:\\\/\\\/www.caudete.org\\\/ayuntamiento\\\/solicitado-el-cambio-de-uso-del-pos-2023-para-financiar-la-compra-del-pozo-de-las-munecas-2\\\/#primaryimage\"},\"thumbnailUrl\":\"https:\\\/\\\/www.caudete.org\\\/ayuntamiento\\\/wp-content\\\/uploads\\\/2021\\\/10\\\/agua.jpg\",\"datePublished\":\"2024-10-09T12:03:54+00:00\",\"dateModified\":\"2024-10-09T12:57:57+00:00\",\"author\":{\"@id\":\"https:\\\/\\\/www.caudete.org\\\/ayuntamiento\\\/#\\\/schema\\\/person\\\/4b9eab41761957db9b1bf9c418d1ef46\"},\"description\":\"P\u00e1gina Oficial del Ayuntamiento de Caudete (Albacete)\",\"breadcrumb\":{\"@id\":\"https:\\\/\\\/www.caudete.org\\\/ayuntamiento\\\/solicitado-el-cambio-de-uso-del-pos-2023-para-financiar-la-compra-del-pozo-de-las-munecas-2\\\/#breadcrumb\"},\"inLanguage\":\"es\",\"potentialAction\":[{\"@type\":\"ReadAction\",\"target\":[\"https:\\\/\\\/www.caudete.org\\\/ayuntamiento\\\/solicitado-el-cambio-de-uso-del-pos-2023-para-financiar-la-compra-del-pozo-de-las-munecas-2\\\/\"]}]},{\"@type\":\"ImageObject\",\"inLanguage\":\"es\",\"@id\":\"https:\\\/\\\/www.caudete.org\\\/ayuntamiento\\\/solicitado-el-cambio-de-uso-del-pos-2023-para-financiar-la-compra-del-pozo-de-las-munecas-2\\\/#primaryimage\",\"url\":\"https:\\\/\\\/www.caudete.org\\\/ayuntamiento\\\/wp-content\\\/uploads\\\/2021\\\/10\\\/agua.jpg\",\"contentUrl\":\"https:\\\/\\\/www.caudete.org\\\/ayuntamiento\\\/wp-content\\\/uploads\\\/2021\\\/10\\\/agua.jpg\",\"width\":800,\"height\":397,\"caption\":\"Corte agua\"},{\"@type\":\"BreadcrumbList\",\"@id\":\"https:\\\/\\\/www.caudete.org\\\/ayuntamiento\\\/solicitado-el-cambio-de-uso-del-pos-2023-para-financiar-la-compra-del-pozo-de-las-munecas-2\\\/#breadcrumb\",\"itemListElement\":[{\"@type\":\"ListItem\",\"position\":1,\"name\":\"Inicio\",\"item\":\"https:\\\/\\\/www.caudete.org\\\/ayuntamiento\\\/\"},{\"@type\":\"ListItem\",\"position\":2,\"name\":\"Realizaci\u00f3n de medici\u00f3n de aforo en el pozo de &#8220;Las Mu\u00f1ecas&#8221; los d\u00edas 14,15 y 16 de octubre\"}]},{\"@type\":\"WebSite\",\"@id\":\"https:\\\/\\\/www.caudete.org\\\/ayuntamiento\\\/#website\",\"url\":\"https:\\\/\\\/www.caudete.org\\\/ayuntamiento\\\/\",\"name\":\"MI Ayuntamiento de Caudete\",\"description\":\"P\u00e1gina Oficial del MI Ayuntamiento de Caudete\",\"potentialAction\":[{\"@type\":\"SearchAction\",\"target\":{\"@type\":\"EntryPoint\",\"urlTemplate\":\"https:\\\/\\\/www.caudete.org\\\/ayuntamiento\\\/?s={search_term_string}\"},\"query-input\":{\"@type\":\"PropertyValueSpecification\",\"valueRequired\":true,\"valueName\":\"search_term_string\"}}],\"inLanguage\":\"es\"},{\"@type\":\"Person\",\"@id\":\"https:\\\/\\\/www.caudete.org\\\/ayuntamiento\\\/#\\\/schema\\\/person\\\/4b9eab41761957db9b1bf9c418d1ef46\",\"name\":\"Dpto Informatica MI Ayuntamiento de Caudete\",\"image\":{\"@type\":\"ImageObject\",\"inLanguage\":\"es\",\"@id\":\"https:\\\/\\\/secure.gravatar.com\\\/avatar\\\/ac0321ee4a0a83e82a253e7b2d348ef539e2c8fe16d06b600bde04de1b364fa7?s=96&d=mm&r=g\",\"url\":\"https:\\\/\\\/secure.gravatar.com\\\/avatar\\\/ac0321ee4a0a83e82a253e7b2d348ef539e2c8fe16d06b600bde04de1b364fa7?s=96&d=mm&r=g\",\"contentUrl\":\"https:\\\/\\\/secure.gravatar.com\\\/avatar\\\/ac0321ee4a0a83e82a253e7b2d348ef539e2c8fe16d06b600bde04de1b364fa7?s=96&d=mm&r=g\",\"caption\":\"Dpto Informatica MI Ayuntamiento de Caudete\"},\"url\":\"https:\\\/\\\/www.caudete.org\\\/ayuntamiento\\\/author\\\/informatica\\\/\"}]}<\/script>\n<!-- \/ Yoast SEO plugin. -->","yoast_head_json":{"title":"Realizaci\u00f3n de medici\u00f3n de aforo en el pozo de \"Las Mu\u00f1ecas\" los d\u00edas 14,15 y 16 de octubre - MI Ayuntamiento de Caudete","description":"P\u00e1gina Oficial del Ayuntamiento de Caudete (Albacete)","robots":{"index":"index","follow":"follow","max-snippet":"max-snippet:-1","max-image-preview":"max-image-preview:large","max-video-preview":"max-video-preview:-1"},"canonical":"https:\/\/www.caudete.org\/ayuntamiento\/solicitado-el-cambio-de-uso-del-pos-2023-para-financiar-la-compra-del-pozo-de-las-munecas-2\/","og_locale":"es_ES","og_type":"article","og_title":"Realizaci\u00f3n de medici\u00f3n de aforo en el pozo de \"Las Mu\u00f1ecas\" los d\u00edas 14,15 y 16 de octubre - MI Ayuntamiento de Caudete","og_description":"P\u00e1gina Oficial del Ayuntamiento de Caudete (Albacete)","og_url":"https:\/\/www.caudete.org\/ayuntamiento\/solicitado-el-cambio-de-uso-del-pos-2023-para-financiar-la-compra-del-pozo-de-las-munecas-2\/","og_site_name":"MI Ayuntamiento de Caudete","article_publisher":"https:\/\/www.facebook.com\/ayuntamientocaudete\/","article_published_time":"2024-10-09T12:03:54+00:00","article_modified_time":"2024-10-09T12:57:57+00:00","og_image":[{"width":800,"height":397,"url":"https:\/\/www.caudete.org\/ayuntamiento\/wp-content\/uploads\/2021\/10\/agua.jpg","type":"image\/jpeg"}],"author":"Dpto Informatica MI Ayuntamiento de Caudete","twitter_card":"summary_large_image","twitter_misc":{"Escrito por":"Dpto Informatica MI Ayuntamiento de Caudete","Tiempo de lectura":"2 minutos"},"schema":{"@context":"https:\/\/schema.org","@graph":[{"@type":"Article","@id":"https:\/\/www.caudete.org\/ayuntamiento\/solicitado-el-cambio-de-uso-del-pos-2023-para-financiar-la-compra-del-pozo-de-las-munecas-2\/#article","isPartOf":{"@id":"https:\/\/www.caudete.org\/ayuntamiento\/solicitado-el-cambio-de-uso-del-pos-2023-para-financiar-la-compra-del-pozo-de-las-munecas-2\/"},"author":{"name":"Dpto Informatica MI Ayuntamiento de Caudete","@id":"https:\/\/www.caudete.org\/ayuntamiento\/#\/schema\/person\/4b9eab41761957db9b1bf9c418d1ef46"},"headline":"Realizaci\u00f3n de medici\u00f3n de aforo en el pozo de &#8220;Las Mu\u00f1ecas&#8221; los d\u00edas 14,15 y 16 de octubre","datePublished":"2024-10-09T12:03:54+00:00","dateModified":"2024-10-09T12:57:57+00:00","mainEntityOfPage":{"@id":"https:\/\/www.caudete.org\/ayuntamiento\/solicitado-el-cambio-de-uso-del-pos-2023-para-financiar-la-compra-del-pozo-de-las-munecas-2\/"},"wordCount":334,"image":{"@id":"https:\/\/www.caudete.org\/ayuntamiento\/solicitado-el-cambio-de-uso-del-pos-2023-para-financiar-la-compra-del-pozo-de-las-munecas-2\/#primaryimage"},"thumbnailUrl":"https:\/\/www.caudete.org\/ayuntamiento\/wp-content\/uploads\/2021\/10\/agua.jpg","articleSection":["Ciclo Integral del Agua"],"inLanguage":"es"},{"@type":"WebPage","@id":"https:\/\/www.caudete.org\/ayuntamiento\/solicitado-el-cambio-de-uso-del-pos-2023-para-financiar-la-compra-del-pozo-de-las-munecas-2\/","url":"https:\/\/www.caudete.org\/ayuntamiento\/solicitado-el-cambio-de-uso-del-pos-2023-para-financiar-la-compra-del-pozo-de-las-munecas-2\/","name":"Realizaci\u00f3n de medici\u00f3n de aforo en el pozo de \"Las Mu\u00f1ecas\" los d\u00edas 14,15 y 16 de octubre - MI Ayuntamiento de Caudete","isPartOf":{"@id":"https:\/\/www.caudete.org\/ayuntamiento\/#website"},"primaryImageOfPage":{"@id":"https:\/\/www.caudete.org\/ayuntamiento\/solicitado-el-cambio-de-uso-del-pos-2023-para-financiar-la-compra-del-pozo-de-las-munecas-2\/#primaryimage"},"image":{"@id":"https:\/\/www.caudete.org\/ayuntamiento\/solicitado-el-cambio-de-uso-del-pos-2023-para-financiar-la-compra-del-pozo-de-las-munecas-2\/#primaryimage"},"thumbnailUrl":"https:\/\/www.caudete.org\/ayuntamiento\/wp-content\/uploads\/2021\/10\/agua.jpg","datePublished":"2024-10-09T12:03:54+00:00","dateModified":"2024-10-09T12:57:57+00:00","author":{"@id":"https:\/\/www.caudete.org\/ayuntamiento\/#\/schema\/person\/4b9eab41761957db9b1bf9c418d1ef46"},"description":"P\u00e1gina Oficial del Ayuntamiento de Caudete (Albacete)","breadcrumb":{"@id":"https:\/\/www.caudete.org\/ayuntamiento\/solicitado-el-cambio-de-uso-del-pos-2023-para-financiar-la-compra-del-pozo-de-las-munecas-2\/#breadcrumb"},"inLanguage":"es","potentialAction":[{"@type":"ReadAction","target":["https:\/\/www.caudete.org\/ayuntamiento\/solicitado-el-cambio-de-uso-del-pos-2023-para-financiar-la-compra-del-pozo-de-las-munecas-2\/"]}]},{"@type":"ImageObject","inLanguage":"es","@id":"https:\/\/www.caudete.org\/ayuntamiento\/solicitado-el-cambio-de-uso-del-pos-2023-para-financiar-la-compra-del-pozo-de-las-munecas-2\/#primaryimage","url":"https:\/\/www.caudete.org\/ayuntamiento\/wp-content\/uploads\/2021\/10\/agua.jpg","contentUrl":"https:\/\/www.caudete.org\/ayuntamiento\/wp-content\/uploads\/2021\/10\/agua.jpg","width":800,"height":397,"caption":"Corte agua"},{"@type":"BreadcrumbList","@id":"https:\/\/www.caudete.org\/ayuntamiento\/solicitado-el-cambio-de-uso-del-pos-2023-para-financiar-la-compra-del-pozo-de-las-munecas-2\/#breadcrumb","itemListElement":[{"@type":"ListItem","position":1,"name":"Inicio","item":"https:\/\/www.caudete.org\/ayuntamiento\/"},{"@type":"ListItem","position":2,"name":"Realizaci\u00f3n de medici\u00f3n de aforo en el pozo de &#8220;Las Mu\u00f1ecas&#8221; los d\u00edas 14,15 y 16 de octubre"}]},{"@type":"WebSite","@id":"https:\/\/www.caudete.org\/ayuntamiento\/#website","url":"https:\/\/www.caudete.org\/ayuntamiento\/","name":"MI Ayuntamiento de Caudete","description":"P\u00e1gina Oficial del MI Ayuntamiento de Caudete","potentialAction":[{"@type":"SearchAction","target":{"@type":"EntryPoint","urlTemplate":"https:\/\/www.caudete.org\/ayuntamiento\/?s={search_term_string}"},"query-input":{"@type":"PropertyValueSpecification","valueRequired":true,"valueName":"search_term_string"}}],"inLanguage":"es"},{"@type":"Person","@id":"https:\/\/www.caudete.org\/ayuntamiento\/#\/schema\/person\/4b9eab41761957db9b1bf9c418d1ef46","name":"Dpto Informatica MI Ayuntamiento de Caudete","image":{"@type":"ImageObject","inLanguage":"es","@id":"https:\/\/secure.gravatar.com\/avatar\/ac0321ee4a0a83e82a253e7b2d348ef539e2c8fe16d06b600bde04de1b364fa7?s=96&d=mm&r=g","url":"https:\/\/secure.gravatar.com\/avatar\/ac0321ee4a0a83e82a253e7b2d348ef539e2c8fe16d06b600bde04de1b364fa7?s=96&d=mm&r=g","contentUrl":"https:\/\/secure.gravatar.com\/avatar\/ac0321ee4a0a83e82a253e7b2d348ef539e2c8fe16d06b600bde04de1b364fa7?s=96&d=mm&r=g","caption":"Dpto Informatica MI Ayuntamiento de Caudete"},"url":"https:\/\/www.caudete.org\/ayuntamiento\/author\/informatica\/"}]}},"_links":{"self":[{"href":"https:\/\/www.caudete.org\/ayuntamiento\/wp-json\/wp\/v2\/posts\/26247","targetHints":{"allow":["GET"]}}],"collection":[{"href":"https:\/\/www.caudete.org\/ayuntamiento\/wp-json\/wp\/v2\/posts"}],"about":[{"href":"https:\/\/www.caudete.org\/ayuntamiento\/wp-json\/wp\/v2\/types\/post"}],"author":[{"embeddable":true,"href":"https:\/\/www.caudete.org\/ayuntamiento\/wp-json\/wp\/v2\/users\/5"}],"replies":[{"embeddable":true,"href":"https:\/\/www.caudete.org\/ayuntamiento\/wp-json\/wp\/v2\/comments?post=26247"}],"version-history":[{"count":3,"href":"https:\/\/www.caudete.org\/ayuntamiento\/wp-json\/wp\/v2\/posts\/26247\/revisions"}],"predecessor-version":[{"id":26251,"href":"https:\/\/www.caudete.org\/ayuntamiento\/wp-json\/wp\/v2\/posts\/26247\/revisions\/26251"}],"wp:featuredmedia":[{"embeddable":true,"href":"https:\/\/www.caudete.org\/ayuntamiento\/wp-json\/wp\/v2\/media\/16555"}],"wp:attachment":[{"href":"https:\/\/www.caudete.org\/ayuntamiento\/wp-json\/wp\/v2\/media?parent=26247"}],"wp:term":[{"taxonomy":"category","embeddable":true,"href":"https:\/\/www.caudete.org\/ayuntamiento\/wp-json\/wp\/v2\/categories?post=26247"},{"taxonomy":"post_tag","embeddable":true,"href":"https:\/\/www.caudete.org\/ayuntamiento\/wp-json\/wp\/v2\/tags?post=26247"}],"curies":[{"name":"wp","href":"https:\/\/api.w.org\/{rel}","templated":true}]}}