{"id":26257,"date":"2024-10-10T14:54:48","date_gmt":"2024-10-10T12:54:48","guid":{"rendered":"https:\/\/www.caudete.org\/ayuntamiento\/?p=26257"},"modified":"2024-10-10T14:54:48","modified_gmt":"2024-10-10T12:54:48","slug":"sale-a-licitacion-la-construccion-de-39-nichos-en-el-cementerio-municipal","status":"publish","type":"post","link":"https:\/\/www.caudete.org\/ayuntamiento\/sale-a-licitacion-la-construccion-de-39-nichos-en-el-cementerio-municipal\/","title":{"rendered":"Sale a licitaci\u00f3n la construcci\u00f3n de 39 Nichos en el Cementerio Municipal"},"content":{"rendered":"<p><a href=\"https:\/\/www.caudete.org\/ayuntamiento\/wp-content\/uploads\/2024\/10\/PLANO1.jpg\" rel='prettyPhoto'><img fetchpriority=\"high\" decoding=\"async\" class=\"alignnone wp-image-26261 size-full\" src=\"https:\/\/www.caudete.org\/ayuntamiento\/wp-content\/uploads\/2024\/10\/PLANO1.jpg\" alt=\"\" width=\"1243\" height=\"817\" srcset=\"https:\/\/www.caudete.org\/ayuntamiento\/wp-content\/uploads\/2024\/10\/PLANO1.jpg 1243w, https:\/\/www.caudete.org\/ayuntamiento\/wp-content\/uploads\/2024\/10\/PLANO1-300x197.jpg 300w, https:\/\/www.caudete.org\/ayuntamiento\/wp-content\/uploads\/2024\/10\/PLANO1-1024x673.jpg 1024w, https:\/\/www.caudete.org\/ayuntamiento\/wp-content\/uploads\/2024\/10\/PLANO1-768x505.jpg 768w\" sizes=\"(max-width: 1243px) 100vw, 1243px\" \/><\/a> <a href=\"https:\/\/www.caudete.org\/ayuntamiento\/wp-content\/uploads\/2024\/10\/PLANO-2.jpg\" rel='prettyPhoto'><img decoding=\"async\" class=\"alignnone wp-image-26260 size-full\" src=\"https:\/\/www.caudete.org\/ayuntamiento\/wp-content\/uploads\/2024\/10\/PLANO-2.jpg\" alt=\"\" width=\"985\" height=\"641\" srcset=\"https:\/\/www.caudete.org\/ayuntamiento\/wp-content\/uploads\/2024\/10\/PLANO-2.jpg 985w, https:\/\/www.caudete.org\/ayuntamiento\/wp-content\/uploads\/2024\/10\/PLANO-2-300x195.jpg 300w, https:\/\/www.caudete.org\/ayuntamiento\/wp-content\/uploads\/2024\/10\/PLANO-2-768x500.jpg 768w\" sizes=\"(max-width: 985px) 100vw, 985px\" \/><\/a><\/p>\n<p style=\"text-align: justify;\">Seg\u00fan ha informado el Alcalde Mois\u00e9s L\u00f3pez, el Ayuntamiento ha sacado a licitaci\u00f3n la construcci\u00f3n de un nuevo bloque de nichos, compuesto por 39 unidades, en el Cementerio Municipal, pudiendo las empresas constructoras interesadas presentar oferta. Obras que se contemplan dentro del plan &#8220;Dipualba Responde&#8221; en el que el Ayuntamiento cofinancia el 35% de la actuaci\u00f3n, siendo el resto sufragado por la Excma. Diputaci\u00f3n Provincial de Albacete.<\/p>\n<p style=\"text-align: justify;\">El proyecto contempla la construcci\u00f3n con elementos prefabricados de hormig\u00f3n, siguiendo la l\u00ednea establecida en los anteriores, con 3 alturas, esta vez adosado al muro de cierre del antiguo cementerio, dando continuidad al Grupo 14, y ocupando una superficie aproximada de 40m\u00b2 (sobre parte de lo que era el antiguo Cementerio Civil y posteriormente almac\u00e9n del servicio). Con el sistema constructivo elegido, no solamente se consigue uniformidad del conjunto, sino tambi\u00e9n mayor solidez y rapidez en su construcci\u00f3n, generando una menor cantidad de residuos en la obra a ejecutar. La cubierta ser\u00e1 de teja cer\u00e1mica mixta, y el murete de cierre lateral de ladrillo cer\u00e1mico cara vista, donde quedar\u00e1 espacio para contener en un futuro columbarios para cenizas.<\/p>\n<p style=\"text-align: justify;\">Se estima el plazo de ejecuci\u00f3n de las obras en 60 d\u00edas y el presupuesto de ejecuci\u00f3n de las obras asciende a 32.999&#8217;69\u20ac (Beneficio Industrial, Gastos Generales e IVA incluido), y se establecen como criterios de puntuaci\u00f3n:<\/p>\n<ul>\n<li style=\"text-align: justify;\">20 puntos m\u00e1ximo a la rebaja de d\u00edas de ejecuci\u00f3n de obra, a raz\u00f3n de 0\u20195 ptos\/d\u00eda con un m\u00e1ximo de rebaja de 20 d\u00edas naturales.<\/li>\n<li style=\"text-align: justify;\">40 puntos a la mejora de suministro de 25 osarios de restos, seg\u00fan caracter\u00edsticas fijadas en informe adjunto a proyecto.<\/li>\n<li style=\"text-align: justify;\">40 puntos a la mejora de suministro de 20 columbarios de cenizas dobles y 10 sencillos, seg\u00fan caracter\u00edsticas fijadas en informe adjunto a proyecto.<\/li>\n<\/ul>\n<p style=\"text-align: justify;\">Las obras deber\u00e1n estar finalizadas antes de que acabe el presente a\u00f1o 2024, y no se estima que entren en uso hasta al menos finales de 2025 (seg\u00fan estad\u00edsticas internas).<\/p>\n<p style=\"text-align: justify;\">Esta obra acerca al Cementerio actual a su colmataci\u00f3n, quedando disponible espacio \u00fanicamente para nichos a continuaci\u00f3n del Grupo 22, por lo que se ultiman detalles en la Concejal\u00eda de Cementerio y Departamento de Urbanismo para proyectar la ampliaci\u00f3n del Camposanto en breve plazo de tiempo.<\/p>\n<p>&nbsp;<\/p>\n<p><a href=\"https:\/\/www.caudete.org\/ayuntamiento\/wp-content\/uploads\/2024\/10\/PLANO-3.jpg\" rel='prettyPhoto'><img decoding=\"async\" class=\"alignnone wp-image-26259 size-full\" src=\"https:\/\/www.caudete.org\/ayuntamiento\/wp-content\/uploads\/2024\/10\/PLANO-3.jpg\" alt=\"\" width=\"1141\" height=\"741\" srcset=\"https:\/\/www.caudete.org\/ayuntamiento\/wp-content\/uploads\/2024\/10\/PLANO-3.jpg 1141w, https:\/\/www.caudete.org\/ayuntamiento\/wp-content\/uploads\/2024\/10\/PLANO-3-300x195.jpg 300w, https:\/\/www.caudete.org\/ayuntamiento\/wp-content\/uploads\/2024\/10\/PLANO-3-1024x665.jpg 1024w, https:\/\/www.caudete.org\/ayuntamiento\/wp-content\/uploads\/2024\/10\/PLANO-3-768x499.jpg 768w\" sizes=\"(max-width: 1141px) 100vw, 1141px\" \/><\/a><a href=\"https:\/\/www.caudete.org\/ayuntamiento\/wp-content\/uploads\/2024\/10\/PLANO-4.jpg\" rel='prettyPhoto'><img loading=\"lazy\" decoding=\"async\" class=\"wp-image-26258 size-full aligncenter\" src=\"https:\/\/www.caudete.org\/ayuntamiento\/wp-content\/uploads\/2024\/10\/PLANO-4.jpg\" alt=\"\" width=\"732\" height=\"618\" srcset=\"https:\/\/www.caudete.org\/ayuntamiento\/wp-content\/uploads\/2024\/10\/PLANO-4.jpg 732w, https:\/\/www.caudete.org\/ayuntamiento\/wp-content\/uploads\/2024\/10\/PLANO-4-300x253.jpg 300w\" sizes=\"(max-width: 732px) 100vw, 732px\" \/><\/a><\/p>\n","protected":false},"excerpt":{"rendered":"<p>Seg\u00fan ha informado el Alcalde Mois\u00e9s L\u00f3pez, el Ayuntamiento ha sacado a licitaci\u00f3n la construcci\u00f3n de un nuevo bloque de nichos, compuesto por 39 unidades, en el Cementerio Municipal, pudiendo las empresas constructoras interesadas presentar oferta. Obras que se contemplan dentro del plan &#8220;Dipualba Responde&#8221; en el que el Ayuntamiento cofinancia el 35% de la &hellip;<\/p>\n","protected":false},"author":3,"featured_media":26263,"comment_status":"closed","ping_status":"open","sticky":false,"template":"","format":"standard","meta":{"ngg_post_thumbnail":0,"footnotes":""},"categories":[30],"tags":[],"class_list":["post-26257","post","type-post","status-publish","format-standard","has-post-thumbnail","hentry","category-cementerio"],"yoast_head":"<!-- This site is optimized with the Yoast SEO plugin v27.4 - https:\/\/yoast.com\/product\/yoast-seo-wordpress\/ -->\n<title>Sale a licitaci\u00f3n la construcci\u00f3n de 39 Nichos en el Cementerio Municipal - MI Ayuntamiento de Caudete<\/title>\n<meta name=\"description\" content=\"P\u00e1gina Oficial del Ayuntamiento de Caudete (Albacete)\" \/>\n<meta name=\"robots\" content=\"index, follow, max-snippet:-1, max-image-preview:large, max-video-preview:-1\" \/>\n<link rel=\"canonical\" href=\"https:\/\/www.caudete.org\/ayuntamiento\/sale-a-licitacion-la-construccion-de-39-nichos-en-el-cementerio-municipal\/\" \/>\n<meta property=\"og:locale\" content=\"es_ES\" \/>\n<meta property=\"og:type\" content=\"article\" \/>\n<meta property=\"og:title\" content=\"Sale a licitaci\u00f3n la construcci\u00f3n de 39 Nichos en el Cementerio Municipal - MI Ayuntamiento de Caudete\" \/>\n<meta property=\"og:description\" content=\"P\u00e1gina Oficial del Ayuntamiento de Caudete (Albacete)\" \/>\n<meta property=\"og:url\" content=\"https:\/\/www.caudete.org\/ayuntamiento\/sale-a-licitacion-la-construccion-de-39-nichos-en-el-cementerio-municipal\/\" \/>\n<meta property=\"og:site_name\" content=\"MI Ayuntamiento de Caudete\" \/>\n<meta property=\"article:publisher\" content=\"https:\/\/www.facebook.com\/ayuntamientocaudete\/\" \/>\n<meta property=\"article:published_time\" content=\"2024-10-10T12:54:48+00:00\" \/>\n<meta property=\"og:image\" content=\"https:\/\/www.caudete.org\/ayuntamiento\/wp-content\/uploads\/2024\/10\/NICHOS-2024.jpg\" \/>\n\t<meta property=\"og:image:width\" content=\"1040\" \/>\n\t<meta property=\"og:image:height\" content=\"626\" \/>\n\t<meta property=\"og:image:type\" content=\"image\/jpeg\" \/>\n<meta name=\"author\" content=\"alcalde\" \/>\n<meta name=\"twitter:card\" content=\"summary_large_image\" \/>\n<meta name=\"twitter:label1\" content=\"Escrito por\" \/>\n\t<meta name=\"twitter:data1\" content=\"alcalde\" \/>\n\t<meta name=\"twitter:label2\" content=\"Tiempo de lectura\" \/>\n\t<meta name=\"twitter:data2\" content=\"3 minutos\" \/>\n<script type=\"application\/ld+json\" class=\"yoast-schema-graph\">{\"@context\":\"https:\\\/\\\/schema.org\",\"@graph\":[{\"@type\":\"Article\",\"@id\":\"https:\\\/\\\/www.caudete.org\\\/ayuntamiento\\\/sale-a-licitacion-la-construccion-de-39-nichos-en-el-cementerio-municipal\\\/#article\",\"isPartOf\":{\"@id\":\"https:\\\/\\\/www.caudete.org\\\/ayuntamiento\\\/sale-a-licitacion-la-construccion-de-39-nichos-en-el-cementerio-municipal\\\/\"},\"author\":{\"name\":\"alcalde\",\"@id\":\"https:\\\/\\\/www.caudete.org\\\/ayuntamiento\\\/#\\\/schema\\\/person\\\/cc646da9133078ee4d8dd47457947253\"},\"headline\":\"Sale a licitaci\u00f3n la construcci\u00f3n de 39 Nichos en el Cementerio Municipal\",\"datePublished\":\"2024-10-10T12:54:48+00:00\",\"mainEntityOfPage\":{\"@id\":\"https:\\\/\\\/www.caudete.org\\\/ayuntamiento\\\/sale-a-licitacion-la-construccion-de-39-nichos-en-el-cementerio-municipal\\\/\"},\"wordCount\":404,\"publisher\":{\"@id\":\"https:\\\/\\\/www.caudete.org\\\/ayuntamiento\\\/#organization\"},\"image\":{\"@id\":\"https:\\\/\\\/www.caudete.org\\\/ayuntamiento\\\/sale-a-licitacion-la-construccion-de-39-nichos-en-el-cementerio-municipal\\\/#primaryimage\"},\"thumbnailUrl\":\"https:\\\/\\\/www.caudete.org\\\/ayuntamiento\\\/wp-content\\\/uploads\\\/2024\\\/10\\\/NICHOS-2024.jpg\",\"articleSection\":[\"Cementerio\"],\"inLanguage\":\"es\"},{\"@type\":\"WebPage\",\"@id\":\"https:\\\/\\\/www.caudete.org\\\/ayuntamiento\\\/sale-a-licitacion-la-construccion-de-39-nichos-en-el-cementerio-municipal\\\/\",\"url\":\"https:\\\/\\\/www.caudete.org\\\/ayuntamiento\\\/sale-a-licitacion-la-construccion-de-39-nichos-en-el-cementerio-municipal\\\/\",\"name\":\"Sale a licitaci\u00f3n la construcci\u00f3n de 39 Nichos en el Cementerio Municipal - MI Ayuntamiento de Caudete\",\"isPartOf\":{\"@id\":\"https:\\\/\\\/www.caudete.org\\\/ayuntamiento\\\/#website\"},\"primaryImageOfPage\":{\"@id\":\"https:\\\/\\\/www.caudete.org\\\/ayuntamiento\\\/sale-a-licitacion-la-construccion-de-39-nichos-en-el-cementerio-municipal\\\/#primaryimage\"},\"image\":{\"@id\":\"https:\\\/\\\/www.caudete.org\\\/ayuntamiento\\\/sale-a-licitacion-la-construccion-de-39-nichos-en-el-cementerio-municipal\\\/#primaryimage\"},\"thumbnailUrl\":\"https:\\\/\\\/www.caudete.org\\\/ayuntamiento\\\/wp-content\\\/uploads\\\/2024\\\/10\\\/NICHOS-2024.jpg\",\"datePublished\":\"2024-10-10T12:54:48+00:00\",\"description\":\"P\u00e1gina Oficial del Ayuntamiento de Caudete (Albacete)\",\"breadcrumb\":{\"@id\":\"https:\\\/\\\/www.caudete.org\\\/ayuntamiento\\\/sale-a-licitacion-la-construccion-de-39-nichos-en-el-cementerio-municipal\\\/#breadcrumb\"},\"inLanguage\":\"es\",\"potentialAction\":[{\"@type\":\"ReadAction\",\"target\":[\"https:\\\/\\\/www.caudete.org\\\/ayuntamiento\\\/sale-a-licitacion-la-construccion-de-39-nichos-en-el-cementerio-municipal\\\/\"]}]},{\"@type\":\"ImageObject\",\"inLanguage\":\"es\",\"@id\":\"https:\\\/\\\/www.caudete.org\\\/ayuntamiento\\\/sale-a-licitacion-la-construccion-de-39-nichos-en-el-cementerio-municipal\\\/#primaryimage\",\"url\":\"https:\\\/\\\/www.caudete.org\\\/ayuntamiento\\\/wp-content\\\/uploads\\\/2024\\\/10\\\/NICHOS-2024.jpg\",\"contentUrl\":\"https:\\\/\\\/www.caudete.org\\\/ayuntamiento\\\/wp-content\\\/uploads\\\/2024\\\/10\\\/NICHOS-2024.jpg\",\"width\":1040,\"height\":626},{\"@type\":\"BreadcrumbList\",\"@id\":\"https:\\\/\\\/www.caudete.org\\\/ayuntamiento\\\/sale-a-licitacion-la-construccion-de-39-nichos-en-el-cementerio-municipal\\\/#breadcrumb\",\"itemListElement\":[{\"@type\":\"ListItem\",\"position\":1,\"name\":\"Inicio\",\"item\":\"https:\\\/\\\/www.caudete.org\\\/ayuntamiento\\\/\"},{\"@type\":\"ListItem\",\"position\":2,\"name\":\"Sale a licitaci\u00f3n la construcci\u00f3n de 39 Nichos en el Cementerio Municipal\"}]},{\"@type\":\"WebSite\",\"@id\":\"https:\\\/\\\/www.caudete.org\\\/ayuntamiento\\\/#website\",\"url\":\"https:\\\/\\\/www.caudete.org\\\/ayuntamiento\\\/\",\"name\":\"MI Ayuntamiento de Caudete\",\"description\":\"P\u00e1gina Oficial del MI Ayuntamiento de Caudete\",\"publisher\":{\"@id\":\"https:\\\/\\\/www.caudete.org\\\/ayuntamiento\\\/#organization\"},\"potentialAction\":[{\"@type\":\"SearchAction\",\"target\":{\"@type\":\"EntryPoint\",\"urlTemplate\":\"https:\\\/\\\/www.caudete.org\\\/ayuntamiento\\\/?s={search_term_string}\"},\"query-input\":{\"@type\":\"PropertyValueSpecification\",\"valueRequired\":true,\"valueName\":\"search_term_string\"}}],\"inLanguage\":\"es\"},{\"@type\":\"Organization\",\"@id\":\"https:\\\/\\\/www.caudete.org\\\/ayuntamiento\\\/#organization\",\"name\":\"Ayuntamiento de Caudete\",\"url\":\"https:\\\/\\\/www.caudete.org\\\/ayuntamiento\\\/\",\"logo\":{\"@type\":\"ImageObject\",\"inLanguage\":\"es\",\"@id\":\"https:\\\/\\\/www.caudete.org\\\/ayuntamiento\\\/#\\\/schema\\\/logo\\\/image\\\/\",\"url\":\"https:\\\/\\\/www.caudete.org\\\/ayuntamiento\\\/wp-content\\\/uploads\\\/2020\\\/11\\\/logo_ayuntamiento_caudete.jpg\",\"contentUrl\":\"https:\\\/\\\/www.caudete.org\\\/ayuntamiento\\\/wp-content\\\/uploads\\\/2020\\\/11\\\/logo_ayuntamiento_caudete.jpg\",\"width\":600,\"height\":150,\"caption\":\"Ayuntamiento de Caudete\"},\"image\":{\"@id\":\"https:\\\/\\\/www.caudete.org\\\/ayuntamiento\\\/#\\\/schema\\\/logo\\\/image\\\/\"},\"sameAs\":[\"https:\\\/\\\/www.facebook.com\\\/ayuntamientocaudete\\\/\",\"https:\\\/\\\/www.youtube.com\\\/channel\\\/UC6VztHaooNsGpw-tNoBEFnQ\"]},{\"@type\":\"Person\",\"@id\":\"https:\\\/\\\/www.caudete.org\\\/ayuntamiento\\\/#\\\/schema\\\/person\\\/cc646da9133078ee4d8dd47457947253\",\"name\":\"alcalde\",\"image\":{\"@type\":\"ImageObject\",\"inLanguage\":\"es\",\"@id\":\"https:\\\/\\\/secure.gravatar.com\\\/avatar\\\/84a817ba065b29ff08d666b215a215f5c79186a645ccb25b14a663d48a130f77?s=96&d=mm&r=g\",\"url\":\"https:\\\/\\\/secure.gravatar.com\\\/avatar\\\/84a817ba065b29ff08d666b215a215f5c79186a645ccb25b14a663d48a130f77?s=96&d=mm&r=g\",\"contentUrl\":\"https:\\\/\\\/secure.gravatar.com\\\/avatar\\\/84a817ba065b29ff08d666b215a215f5c79186a645ccb25b14a663d48a130f77?s=96&d=mm&r=g\",\"caption\":\"alcalde\"},\"url\":\"https:\\\/\\\/www.caudete.org\\\/ayuntamiento\\\/author\\\/alcalde\\\/\"}]}<\/script>\n<!-- \/ Yoast SEO plugin. -->","yoast_head_json":{"title":"Sale a licitaci\u00f3n la construcci\u00f3n de 39 Nichos en el Cementerio Municipal - MI Ayuntamiento de Caudete","description":"P\u00e1gina Oficial del Ayuntamiento de Caudete (Albacete)","robots":{"index":"index","follow":"follow","max-snippet":"max-snippet:-1","max-image-preview":"max-image-preview:large","max-video-preview":"max-video-preview:-1"},"canonical":"https:\/\/www.caudete.org\/ayuntamiento\/sale-a-licitacion-la-construccion-de-39-nichos-en-el-cementerio-municipal\/","og_locale":"es_ES","og_type":"article","og_title":"Sale a licitaci\u00f3n la construcci\u00f3n de 39 Nichos en el Cementerio Municipal - MI Ayuntamiento de Caudete","og_description":"P\u00e1gina Oficial del Ayuntamiento de Caudete (Albacete)","og_url":"https:\/\/www.caudete.org\/ayuntamiento\/sale-a-licitacion-la-construccion-de-39-nichos-en-el-cementerio-municipal\/","og_site_name":"MI Ayuntamiento de Caudete","article_publisher":"https:\/\/www.facebook.com\/ayuntamientocaudete\/","article_published_time":"2024-10-10T12:54:48+00:00","og_image":[{"width":1040,"height":626,"url":"https:\/\/www.caudete.org\/ayuntamiento\/wp-content\/uploads\/2024\/10\/NICHOS-2024.jpg","type":"image\/jpeg"}],"author":"alcalde","twitter_card":"summary_large_image","twitter_misc":{"Escrito por":"alcalde","Tiempo de lectura":"3 minutos"},"schema":{"@context":"https:\/\/schema.org","@graph":[{"@type":"Article","@id":"https:\/\/www.caudete.org\/ayuntamiento\/sale-a-licitacion-la-construccion-de-39-nichos-en-el-cementerio-municipal\/#article","isPartOf":{"@id":"https:\/\/www.caudete.org\/ayuntamiento\/sale-a-licitacion-la-construccion-de-39-nichos-en-el-cementerio-municipal\/"},"author":{"name":"alcalde","@id":"https:\/\/www.caudete.org\/ayuntamiento\/#\/schema\/person\/cc646da9133078ee4d8dd47457947253"},"headline":"Sale a licitaci\u00f3n la construcci\u00f3n de 39 Nichos en el Cementerio Municipal","datePublished":"2024-10-10T12:54:48+00:00","mainEntityOfPage":{"@id":"https:\/\/www.caudete.org\/ayuntamiento\/sale-a-licitacion-la-construccion-de-39-nichos-en-el-cementerio-municipal\/"},"wordCount":404,"publisher":{"@id":"https:\/\/www.caudete.org\/ayuntamiento\/#organization"},"image":{"@id":"https:\/\/www.caudete.org\/ayuntamiento\/sale-a-licitacion-la-construccion-de-39-nichos-en-el-cementerio-municipal\/#primaryimage"},"thumbnailUrl":"https:\/\/www.caudete.org\/ayuntamiento\/wp-content\/uploads\/2024\/10\/NICHOS-2024.jpg","articleSection":["Cementerio"],"inLanguage":"es"},{"@type":"WebPage","@id":"https:\/\/www.caudete.org\/ayuntamiento\/sale-a-licitacion-la-construccion-de-39-nichos-en-el-cementerio-municipal\/","url":"https:\/\/www.caudete.org\/ayuntamiento\/sale-a-licitacion-la-construccion-de-39-nichos-en-el-cementerio-municipal\/","name":"Sale a licitaci\u00f3n la construcci\u00f3n de 39 Nichos en el Cementerio Municipal - MI Ayuntamiento de Caudete","isPartOf":{"@id":"https:\/\/www.caudete.org\/ayuntamiento\/#website"},"primaryImageOfPage":{"@id":"https:\/\/www.caudete.org\/ayuntamiento\/sale-a-licitacion-la-construccion-de-39-nichos-en-el-cementerio-municipal\/#primaryimage"},"image":{"@id":"https:\/\/www.caudete.org\/ayuntamiento\/sale-a-licitacion-la-construccion-de-39-nichos-en-el-cementerio-municipal\/#primaryimage"},"thumbnailUrl":"https:\/\/www.caudete.org\/ayuntamiento\/wp-content\/uploads\/2024\/10\/NICHOS-2024.jpg","datePublished":"2024-10-10T12:54:48+00:00","description":"P\u00e1gina Oficial del Ayuntamiento de Caudete (Albacete)","breadcrumb":{"@id":"https:\/\/www.caudete.org\/ayuntamiento\/sale-a-licitacion-la-construccion-de-39-nichos-en-el-cementerio-municipal\/#breadcrumb"},"inLanguage":"es","potentialAction":[{"@type":"ReadAction","target":["https:\/\/www.caudete.org\/ayuntamiento\/sale-a-licitacion-la-construccion-de-39-nichos-en-el-cementerio-municipal\/"]}]},{"@type":"ImageObject","inLanguage":"es","@id":"https:\/\/www.caudete.org\/ayuntamiento\/sale-a-licitacion-la-construccion-de-39-nichos-en-el-cementerio-municipal\/#primaryimage","url":"https:\/\/www.caudete.org\/ayuntamiento\/wp-content\/uploads\/2024\/10\/NICHOS-2024.jpg","contentUrl":"https:\/\/www.caudete.org\/ayuntamiento\/wp-content\/uploads\/2024\/10\/NICHOS-2024.jpg","width":1040,"height":626},{"@type":"BreadcrumbList","@id":"https:\/\/www.caudete.org\/ayuntamiento\/sale-a-licitacion-la-construccion-de-39-nichos-en-el-cementerio-municipal\/#breadcrumb","itemListElement":[{"@type":"ListItem","position":1,"name":"Inicio","item":"https:\/\/www.caudete.org\/ayuntamiento\/"},{"@type":"ListItem","position":2,"name":"Sale a licitaci\u00f3n la construcci\u00f3n de 39 Nichos en el Cementerio Municipal"}]},{"@type":"WebSite","@id":"https:\/\/www.caudete.org\/ayuntamiento\/#website","url":"https:\/\/www.caudete.org\/ayuntamiento\/","name":"MI Ayuntamiento de Caudete","description":"P\u00e1gina Oficial del MI Ayuntamiento de Caudete","publisher":{"@id":"https:\/\/www.caudete.org\/ayuntamiento\/#organization"},"potentialAction":[{"@type":"SearchAction","target":{"@type":"EntryPoint","urlTemplate":"https:\/\/www.caudete.org\/ayuntamiento\/?s={search_term_string}"},"query-input":{"@type":"PropertyValueSpecification","valueRequired":true,"valueName":"search_term_string"}}],"inLanguage":"es"},{"@type":"Organization","@id":"https:\/\/www.caudete.org\/ayuntamiento\/#organization","name":"Ayuntamiento de Caudete","url":"https:\/\/www.caudete.org\/ayuntamiento\/","logo":{"@type":"ImageObject","inLanguage":"es","@id":"https:\/\/www.caudete.org\/ayuntamiento\/#\/schema\/logo\/image\/","url":"https:\/\/www.caudete.org\/ayuntamiento\/wp-content\/uploads\/2020\/11\/logo_ayuntamiento_caudete.jpg","contentUrl":"https:\/\/www.caudete.org\/ayuntamiento\/wp-content\/uploads\/2020\/11\/logo_ayuntamiento_caudete.jpg","width":600,"height":150,"caption":"Ayuntamiento de Caudete"},"image":{"@id":"https:\/\/www.caudete.org\/ayuntamiento\/#\/schema\/logo\/image\/"},"sameAs":["https:\/\/www.facebook.com\/ayuntamientocaudete\/","https:\/\/www.youtube.com\/channel\/UC6VztHaooNsGpw-tNoBEFnQ"]},{"@type":"Person","@id":"https:\/\/www.caudete.org\/ayuntamiento\/#\/schema\/person\/cc646da9133078ee4d8dd47457947253","name":"alcalde","image":{"@type":"ImageObject","inLanguage":"es","@id":"https:\/\/secure.gravatar.com\/avatar\/84a817ba065b29ff08d666b215a215f5c79186a645ccb25b14a663d48a130f77?s=96&d=mm&r=g","url":"https:\/\/secure.gravatar.com\/avatar\/84a817ba065b29ff08d666b215a215f5c79186a645ccb25b14a663d48a130f77?s=96&d=mm&r=g","contentUrl":"https:\/\/secure.gravatar.com\/avatar\/84a817ba065b29ff08d666b215a215f5c79186a645ccb25b14a663d48a130f77?s=96&d=mm&r=g","caption":"alcalde"},"url":"https:\/\/www.caudete.org\/ayuntamiento\/author\/alcalde\/"}]}},"_links":{"self":[{"href":"https:\/\/www.caudete.org\/ayuntamiento\/wp-json\/wp\/v2\/posts\/26257","targetHints":{"allow":["GET"]}}],"collection":[{"href":"https:\/\/www.caudete.org\/ayuntamiento\/wp-json\/wp\/v2\/posts"}],"about":[{"href":"https:\/\/www.caudete.org\/ayuntamiento\/wp-json\/wp\/v2\/types\/post"}],"author":[{"embeddable":true,"href":"https:\/\/www.caudete.org\/ayuntamiento\/wp-json\/wp\/v2\/users\/3"}],"replies":[{"embeddable":true,"href":"https:\/\/www.caudete.org\/ayuntamiento\/wp-json\/wp\/v2\/comments?post=26257"}],"version-history":[{"count":1,"href":"https:\/\/www.caudete.org\/ayuntamiento\/wp-json\/wp\/v2\/posts\/26257\/revisions"}],"predecessor-version":[{"id":26264,"href":"https:\/\/www.caudete.org\/ayuntamiento\/wp-json\/wp\/v2\/posts\/26257\/revisions\/26264"}],"wp:featuredmedia":[{"embeddable":true,"href":"https:\/\/www.caudete.org\/ayuntamiento\/wp-json\/wp\/v2\/media\/26263"}],"wp:attachment":[{"href":"https:\/\/www.caudete.org\/ayuntamiento\/wp-json\/wp\/v2\/media?parent=26257"}],"wp:term":[{"taxonomy":"category","embeddable":true,"href":"https:\/\/www.caudete.org\/ayuntamiento\/wp-json\/wp\/v2\/categories?post=26257"},{"taxonomy":"post_tag","embeddable":true,"href":"https:\/\/www.caudete.org\/ayuntamiento\/wp-json\/wp\/v2\/tags?post=26257"}],"curies":[{"name":"wp","href":"https:\/\/api.w.org\/{rel}","templated":true}]}}