{"id":26285,"date":"2024-10-11T08:01:33","date_gmt":"2024-10-11T06:01:33","guid":{"rendered":"https:\/\/www.caudete.org\/ayuntamiento\/?p=26285"},"modified":"2024-10-11T08:09:57","modified_gmt":"2024-10-11T06:09:57","slug":"12-aspirantes-a-funcionario-interino-arquitecto-tecnico-realizaran-la-primera-prueba-el-proximo-miercoles","status":"publish","type":"post","link":"https:\/\/www.caudete.org\/ayuntamiento\/12-aspirantes-a-funcionario-interino-arquitecto-tecnico-realizaran-la-primera-prueba-el-proximo-miercoles\/","title":{"rendered":"12 aspirantes a funcionario interino Arquitecto T\u00e9cnico realizar\u00e1n la primera prueba el pr\u00f3ximo mi\u00e9rcoles"},"content":{"rendered":"<p style=\"text-align: justify;\">El Alcalde Mois\u00e9s L\u00f3pez ha informado de la Resoluci\u00f3n de Alcald\u00eda n\u00ba2580 de 10\/10\/2024 (publicada en el Tabl\u00f3n de Anuncios) por la que se nombra Lista definitiva de aspirantes, Tribunal Calificador y fecha de realizaci\u00f3n de la primera prueba para la confecci\u00f3n de una Bolsa de Trabajo de funcionario interino de Arquitecto T\u00e9cnico, que ser\u00e1 de aplicaci\u00f3n una vez constituida toda vez que est\u00e1 prevista la jubilaci\u00f3n del funcionario titular de la plaza.<\/p>\n<p style=\"text-align: justify;\">Las Bases (elaboradas por los Servicios T\u00e9cnicos, Jur\u00eddicos y Laborales) y Convocatoria fueron publicadas el pasado 4 de Septiembre tras llegar al acuerdo un\u00e1nime tanto en Mesa General de Negociaci\u00f3n (representantes de los trabajadores y el Gobierno Municipal) como en la\u00a0 Junta de Gobierno Local.<\/p>\n<p style=\"text-align: justify;\">Finalizado el plazos de solicitudes, todos los aspirantes conforman la lista definitiva en un n\u00famero de 12, quienes tendr\u00e1n que pasar una Fase de Oposici\u00f3n, baremada con 70 puntos sobre 100, en la que realizar\u00e1n un cuestionario tipo test (Obligatorio y eliminatorio, con un m\u00e1ximo de 30 puntos) y un segundo ejercicio que ser\u00e1 un supuesto te\u00f3rico-pr\u00e1ctico (tambi\u00e9n obligatorio y eliminatorio, con un m\u00e1ximo de 40 puntos). Tras ello, vendr\u00e1 la fase de concurso para quienes superen lo anterior, baremables por 30 puntos m\u00e1ximo sobre un total de 100.<\/p>\n<p style=\"text-align: center;\"><a href=\"https:\/\/caudete.sedipualba.es\/tablondeanuncios\/anuncio.aspx?id=57907\" target=\"_blank\" rel=\"nofollow\">ACCESO RESOLUCI\u00d3N DE ALCALDIA N\u00ba2580 DE 10\/10\/2024<\/a><\/p>\n","protected":false},"excerpt":{"rendered":"<p>El Alcalde Mois\u00e9s L\u00f3pez ha informado de la Resoluci\u00f3n de Alcald\u00eda n\u00ba2580 de 10\/10\/2024 (publicada en el Tabl\u00f3n de Anuncios) por la que se nombra Lista definitiva de aspirantes, Tribunal Calificador y fecha de realizaci\u00f3n de la primera prueba para la confecci\u00f3n de una Bolsa de Trabajo de funcionario interino de Arquitecto T\u00e9cnico, que ser\u00e1 &hellip;<\/p>\n","protected":false},"author":3,"featured_media":25989,"comment_status":"closed","ping_status":"open","sticky":false,"template":"","format":"standard","meta":{"ngg_post_thumbnail":0,"footnotes":""},"categories":[33],"tags":[],"class_list":["post-26285","post","type-post","status-publish","format-standard","has-post-thumbnail","hentry","category-recursos-humanos"],"yoast_head":"<!-- This site is optimized with the Yoast SEO plugin v27.5 - https:\/\/yoast.com\/product\/yoast-seo-wordpress\/ -->\n<title>12 aspirantes a funcionario interino Arquitecto T\u00e9cnico realizar\u00e1n la primera prueba el pr\u00f3ximo mi\u00e9rcoles - MI Ayuntamiento de Caudete<\/title>\n<meta name=\"description\" content=\"P\u00e1gina Oficial del Ayuntamiento de Caudete (Albacete)\" \/>\n<meta name=\"robots\" content=\"index, follow, max-snippet:-1, max-image-preview:large, max-video-preview:-1\" \/>\n<link rel=\"canonical\" href=\"https:\/\/www.caudete.org\/ayuntamiento\/12-aspirantes-a-funcionario-interino-arquitecto-tecnico-realizaran-la-primera-prueba-el-proximo-miercoles\/\" \/>\n<meta property=\"og:locale\" content=\"es_ES\" \/>\n<meta property=\"og:type\" content=\"article\" \/>\n<meta property=\"og:title\" content=\"12 aspirantes a funcionario interino Arquitecto T\u00e9cnico realizar\u00e1n la primera prueba el pr\u00f3ximo mi\u00e9rcoles - MI Ayuntamiento de Caudete\" \/>\n<meta property=\"og:description\" content=\"P\u00e1gina Oficial del Ayuntamiento de Caudete (Albacete)\" \/>\n<meta property=\"og:url\" content=\"https:\/\/www.caudete.org\/ayuntamiento\/12-aspirantes-a-funcionario-interino-arquitecto-tecnico-realizaran-la-primera-prueba-el-proximo-miercoles\/\" \/>\n<meta property=\"og:site_name\" content=\"MI Ayuntamiento de Caudete\" \/>\n<meta property=\"article:publisher\" content=\"https:\/\/www.facebook.com\/ayuntamientocaudete\/\" \/>\n<meta property=\"article:published_time\" content=\"2024-10-11T06:01:33+00:00\" \/>\n<meta property=\"article:modified_time\" content=\"2024-10-11T06:09:57+00:00\" \/>\n<meta property=\"og:image\" content=\"https:\/\/www.caudete.org\/ayuntamiento\/wp-content\/uploads\/2024\/09\/IMG_20240905_171020.jpg\" \/>\n\t<meta property=\"og:image:width\" content=\"1024\" \/>\n\t<meta property=\"og:image:height\" content=\"723\" \/>\n\t<meta property=\"og:image:type\" content=\"image\/jpeg\" \/>\n<meta name=\"author\" content=\"alcalde\" \/>\n<meta name=\"twitter:card\" content=\"summary_large_image\" \/>\n<meta name=\"twitter:label1\" content=\"Escrito por\" \/>\n\t<meta name=\"twitter:data1\" content=\"alcalde\" \/>\n\t<meta name=\"twitter:label2\" content=\"Tiempo de lectura\" \/>\n\t<meta name=\"twitter:data2\" content=\"2 minutos\" \/>\n<script type=\"application\/ld+json\" class=\"yoast-schema-graph\">{\"@context\":\"https:\\\/\\\/schema.org\",\"@graph\":[{\"@type\":\"Article\",\"@id\":\"https:\\\/\\\/www.caudete.org\\\/ayuntamiento\\\/12-aspirantes-a-funcionario-interino-arquitecto-tecnico-realizaran-la-primera-prueba-el-proximo-miercoles\\\/#article\",\"isPartOf\":{\"@id\":\"https:\\\/\\\/www.caudete.org\\\/ayuntamiento\\\/12-aspirantes-a-funcionario-interino-arquitecto-tecnico-realizaran-la-primera-prueba-el-proximo-miercoles\\\/\"},\"author\":{\"name\":\"alcalde\",\"@id\":\"https:\\\/\\\/www.caudete.org\\\/ayuntamiento\\\/#\\\/schema\\\/person\\\/cc646da9133078ee4d8dd47457947253\"},\"headline\":\"12 aspirantes a funcionario interino Arquitecto T\u00e9cnico realizar\u00e1n la primera prueba el pr\u00f3ximo mi\u00e9rcoles\",\"datePublished\":\"2024-10-11T06:01:33+00:00\",\"dateModified\":\"2024-10-11T06:09:57+00:00\",\"mainEntityOfPage\":{\"@id\":\"https:\\\/\\\/www.caudete.org\\\/ayuntamiento\\\/12-aspirantes-a-funcionario-interino-arquitecto-tecnico-realizaran-la-primera-prueba-el-proximo-miercoles\\\/\"},\"wordCount\":246,\"image\":{\"@id\":\"https:\\\/\\\/www.caudete.org\\\/ayuntamiento\\\/12-aspirantes-a-funcionario-interino-arquitecto-tecnico-realizaran-la-primera-prueba-el-proximo-miercoles\\\/#primaryimage\"},\"thumbnailUrl\":\"https:\\\/\\\/www.caudete.org\\\/ayuntamiento\\\/wp-content\\\/uploads\\\/2024\\\/09\\\/IMG_20240905_171020.jpg\",\"articleSection\":[\"Recursos Humanos\"],\"inLanguage\":\"es\"},{\"@type\":\"WebPage\",\"@id\":\"https:\\\/\\\/www.caudete.org\\\/ayuntamiento\\\/12-aspirantes-a-funcionario-interino-arquitecto-tecnico-realizaran-la-primera-prueba-el-proximo-miercoles\\\/\",\"url\":\"https:\\\/\\\/www.caudete.org\\\/ayuntamiento\\\/12-aspirantes-a-funcionario-interino-arquitecto-tecnico-realizaran-la-primera-prueba-el-proximo-miercoles\\\/\",\"name\":\"12 aspirantes a funcionario interino Arquitecto T\u00e9cnico realizar\u00e1n la primera prueba el pr\u00f3ximo mi\u00e9rcoles - MI Ayuntamiento de Caudete\",\"isPartOf\":{\"@id\":\"https:\\\/\\\/www.caudete.org\\\/ayuntamiento\\\/#website\"},\"primaryImageOfPage\":{\"@id\":\"https:\\\/\\\/www.caudete.org\\\/ayuntamiento\\\/12-aspirantes-a-funcionario-interino-arquitecto-tecnico-realizaran-la-primera-prueba-el-proximo-miercoles\\\/#primaryimage\"},\"image\":{\"@id\":\"https:\\\/\\\/www.caudete.org\\\/ayuntamiento\\\/12-aspirantes-a-funcionario-interino-arquitecto-tecnico-realizaran-la-primera-prueba-el-proximo-miercoles\\\/#primaryimage\"},\"thumbnailUrl\":\"https:\\\/\\\/www.caudete.org\\\/ayuntamiento\\\/wp-content\\\/uploads\\\/2024\\\/09\\\/IMG_20240905_171020.jpg\",\"datePublished\":\"2024-10-11T06:01:33+00:00\",\"dateModified\":\"2024-10-11T06:09:57+00:00\",\"author\":{\"@id\":\"https:\\\/\\\/www.caudete.org\\\/ayuntamiento\\\/#\\\/schema\\\/person\\\/cc646da9133078ee4d8dd47457947253\"},\"description\":\"P\u00e1gina Oficial del Ayuntamiento de Caudete (Albacete)\",\"breadcrumb\":{\"@id\":\"https:\\\/\\\/www.caudete.org\\\/ayuntamiento\\\/12-aspirantes-a-funcionario-interino-arquitecto-tecnico-realizaran-la-primera-prueba-el-proximo-miercoles\\\/#breadcrumb\"},\"inLanguage\":\"es\",\"potentialAction\":[{\"@type\":\"ReadAction\",\"target\":[\"https:\\\/\\\/www.caudete.org\\\/ayuntamiento\\\/12-aspirantes-a-funcionario-interino-arquitecto-tecnico-realizaran-la-primera-prueba-el-proximo-miercoles\\\/\"]}]},{\"@type\":\"ImageObject\",\"inLanguage\":\"es\",\"@id\":\"https:\\\/\\\/www.caudete.org\\\/ayuntamiento\\\/12-aspirantes-a-funcionario-interino-arquitecto-tecnico-realizaran-la-primera-prueba-el-proximo-miercoles\\\/#primaryimage\",\"url\":\"https:\\\/\\\/www.caudete.org\\\/ayuntamiento\\\/wp-content\\\/uploads\\\/2024\\\/09\\\/IMG_20240905_171020.jpg\",\"contentUrl\":\"https:\\\/\\\/www.caudete.org\\\/ayuntamiento\\\/wp-content\\\/uploads\\\/2024\\\/09\\\/IMG_20240905_171020.jpg\",\"width\":1024,\"height\":723},{\"@type\":\"BreadcrumbList\",\"@id\":\"https:\\\/\\\/www.caudete.org\\\/ayuntamiento\\\/12-aspirantes-a-funcionario-interino-arquitecto-tecnico-realizaran-la-primera-prueba-el-proximo-miercoles\\\/#breadcrumb\",\"itemListElement\":[{\"@type\":\"ListItem\",\"position\":1,\"name\":\"Inicio\",\"item\":\"https:\\\/\\\/www.caudete.org\\\/ayuntamiento\\\/\"},{\"@type\":\"ListItem\",\"position\":2,\"name\":\"12 aspirantes a funcionario interino Arquitecto T\u00e9cnico realizar\u00e1n la primera prueba el pr\u00f3ximo mi\u00e9rcoles\"}]},{\"@type\":\"WebSite\",\"@id\":\"https:\\\/\\\/www.caudete.org\\\/ayuntamiento\\\/#website\",\"url\":\"https:\\\/\\\/www.caudete.org\\\/ayuntamiento\\\/\",\"name\":\"MI Ayuntamiento de Caudete\",\"description\":\"P\u00e1gina Oficial del MI Ayuntamiento de Caudete\",\"potentialAction\":[{\"@type\":\"SearchAction\",\"target\":{\"@type\":\"EntryPoint\",\"urlTemplate\":\"https:\\\/\\\/www.caudete.org\\\/ayuntamiento\\\/?s={search_term_string}\"},\"query-input\":{\"@type\":\"PropertyValueSpecification\",\"valueRequired\":true,\"valueName\":\"search_term_string\"}}],\"inLanguage\":\"es\"},{\"@type\":\"Person\",\"@id\":\"https:\\\/\\\/www.caudete.org\\\/ayuntamiento\\\/#\\\/schema\\\/person\\\/cc646da9133078ee4d8dd47457947253\",\"name\":\"alcalde\",\"image\":{\"@type\":\"ImageObject\",\"inLanguage\":\"es\",\"@id\":\"https:\\\/\\\/secure.gravatar.com\\\/avatar\\\/84a817ba065b29ff08d666b215a215f5c79186a645ccb25b14a663d48a130f77?s=96&d=mm&r=g\",\"url\":\"https:\\\/\\\/secure.gravatar.com\\\/avatar\\\/84a817ba065b29ff08d666b215a215f5c79186a645ccb25b14a663d48a130f77?s=96&d=mm&r=g\",\"contentUrl\":\"https:\\\/\\\/secure.gravatar.com\\\/avatar\\\/84a817ba065b29ff08d666b215a215f5c79186a645ccb25b14a663d48a130f77?s=96&d=mm&r=g\",\"caption\":\"alcalde\"},\"url\":\"https:\\\/\\\/www.caudete.org\\\/ayuntamiento\\\/author\\\/alcalde\\\/\"}]}<\/script>\n<!-- \/ Yoast SEO plugin. -->","yoast_head_json":{"title":"12 aspirantes a funcionario interino Arquitecto T\u00e9cnico realizar\u00e1n la primera prueba el pr\u00f3ximo mi\u00e9rcoles - MI Ayuntamiento de Caudete","description":"P\u00e1gina Oficial del Ayuntamiento de Caudete (Albacete)","robots":{"index":"index","follow":"follow","max-snippet":"max-snippet:-1","max-image-preview":"max-image-preview:large","max-video-preview":"max-video-preview:-1"},"canonical":"https:\/\/www.caudete.org\/ayuntamiento\/12-aspirantes-a-funcionario-interino-arquitecto-tecnico-realizaran-la-primera-prueba-el-proximo-miercoles\/","og_locale":"es_ES","og_type":"article","og_title":"12 aspirantes a funcionario interino Arquitecto T\u00e9cnico realizar\u00e1n la primera prueba el pr\u00f3ximo mi\u00e9rcoles - MI Ayuntamiento de Caudete","og_description":"P\u00e1gina Oficial del Ayuntamiento de Caudete (Albacete)","og_url":"https:\/\/www.caudete.org\/ayuntamiento\/12-aspirantes-a-funcionario-interino-arquitecto-tecnico-realizaran-la-primera-prueba-el-proximo-miercoles\/","og_site_name":"MI Ayuntamiento de Caudete","article_publisher":"https:\/\/www.facebook.com\/ayuntamientocaudete\/","article_published_time":"2024-10-11T06:01:33+00:00","article_modified_time":"2024-10-11T06:09:57+00:00","og_image":[{"width":1024,"height":723,"url":"https:\/\/www.caudete.org\/ayuntamiento\/wp-content\/uploads\/2024\/09\/IMG_20240905_171020.jpg","type":"image\/jpeg"}],"author":"alcalde","twitter_card":"summary_large_image","twitter_misc":{"Escrito por":"alcalde","Tiempo de lectura":"2 minutos"},"schema":{"@context":"https:\/\/schema.org","@graph":[{"@type":"Article","@id":"https:\/\/www.caudete.org\/ayuntamiento\/12-aspirantes-a-funcionario-interino-arquitecto-tecnico-realizaran-la-primera-prueba-el-proximo-miercoles\/#article","isPartOf":{"@id":"https:\/\/www.caudete.org\/ayuntamiento\/12-aspirantes-a-funcionario-interino-arquitecto-tecnico-realizaran-la-primera-prueba-el-proximo-miercoles\/"},"author":{"name":"alcalde","@id":"https:\/\/www.caudete.org\/ayuntamiento\/#\/schema\/person\/cc646da9133078ee4d8dd47457947253"},"headline":"12 aspirantes a funcionario interino Arquitecto T\u00e9cnico realizar\u00e1n la primera prueba el pr\u00f3ximo mi\u00e9rcoles","datePublished":"2024-10-11T06:01:33+00:00","dateModified":"2024-10-11T06:09:57+00:00","mainEntityOfPage":{"@id":"https:\/\/www.caudete.org\/ayuntamiento\/12-aspirantes-a-funcionario-interino-arquitecto-tecnico-realizaran-la-primera-prueba-el-proximo-miercoles\/"},"wordCount":246,"image":{"@id":"https:\/\/www.caudete.org\/ayuntamiento\/12-aspirantes-a-funcionario-interino-arquitecto-tecnico-realizaran-la-primera-prueba-el-proximo-miercoles\/#primaryimage"},"thumbnailUrl":"https:\/\/www.caudete.org\/ayuntamiento\/wp-content\/uploads\/2024\/09\/IMG_20240905_171020.jpg","articleSection":["Recursos Humanos"],"inLanguage":"es"},{"@type":"WebPage","@id":"https:\/\/www.caudete.org\/ayuntamiento\/12-aspirantes-a-funcionario-interino-arquitecto-tecnico-realizaran-la-primera-prueba-el-proximo-miercoles\/","url":"https:\/\/www.caudete.org\/ayuntamiento\/12-aspirantes-a-funcionario-interino-arquitecto-tecnico-realizaran-la-primera-prueba-el-proximo-miercoles\/","name":"12 aspirantes a funcionario interino Arquitecto T\u00e9cnico realizar\u00e1n la primera prueba el pr\u00f3ximo mi\u00e9rcoles - MI Ayuntamiento de Caudete","isPartOf":{"@id":"https:\/\/www.caudete.org\/ayuntamiento\/#website"},"primaryImageOfPage":{"@id":"https:\/\/www.caudete.org\/ayuntamiento\/12-aspirantes-a-funcionario-interino-arquitecto-tecnico-realizaran-la-primera-prueba-el-proximo-miercoles\/#primaryimage"},"image":{"@id":"https:\/\/www.caudete.org\/ayuntamiento\/12-aspirantes-a-funcionario-interino-arquitecto-tecnico-realizaran-la-primera-prueba-el-proximo-miercoles\/#primaryimage"},"thumbnailUrl":"https:\/\/www.caudete.org\/ayuntamiento\/wp-content\/uploads\/2024\/09\/IMG_20240905_171020.jpg","datePublished":"2024-10-11T06:01:33+00:00","dateModified":"2024-10-11T06:09:57+00:00","author":{"@id":"https:\/\/www.caudete.org\/ayuntamiento\/#\/schema\/person\/cc646da9133078ee4d8dd47457947253"},"description":"P\u00e1gina Oficial del Ayuntamiento de Caudete (Albacete)","breadcrumb":{"@id":"https:\/\/www.caudete.org\/ayuntamiento\/12-aspirantes-a-funcionario-interino-arquitecto-tecnico-realizaran-la-primera-prueba-el-proximo-miercoles\/#breadcrumb"},"inLanguage":"es","potentialAction":[{"@type":"ReadAction","target":["https:\/\/www.caudete.org\/ayuntamiento\/12-aspirantes-a-funcionario-interino-arquitecto-tecnico-realizaran-la-primera-prueba-el-proximo-miercoles\/"]}]},{"@type":"ImageObject","inLanguage":"es","@id":"https:\/\/www.caudete.org\/ayuntamiento\/12-aspirantes-a-funcionario-interino-arquitecto-tecnico-realizaran-la-primera-prueba-el-proximo-miercoles\/#primaryimage","url":"https:\/\/www.caudete.org\/ayuntamiento\/wp-content\/uploads\/2024\/09\/IMG_20240905_171020.jpg","contentUrl":"https:\/\/www.caudete.org\/ayuntamiento\/wp-content\/uploads\/2024\/09\/IMG_20240905_171020.jpg","width":1024,"height":723},{"@type":"BreadcrumbList","@id":"https:\/\/www.caudete.org\/ayuntamiento\/12-aspirantes-a-funcionario-interino-arquitecto-tecnico-realizaran-la-primera-prueba-el-proximo-miercoles\/#breadcrumb","itemListElement":[{"@type":"ListItem","position":1,"name":"Inicio","item":"https:\/\/www.caudete.org\/ayuntamiento\/"},{"@type":"ListItem","position":2,"name":"12 aspirantes a funcionario interino Arquitecto T\u00e9cnico realizar\u00e1n la primera prueba el pr\u00f3ximo mi\u00e9rcoles"}]},{"@type":"WebSite","@id":"https:\/\/www.caudete.org\/ayuntamiento\/#website","url":"https:\/\/www.caudete.org\/ayuntamiento\/","name":"MI Ayuntamiento de Caudete","description":"P\u00e1gina Oficial del MI Ayuntamiento de Caudete","potentialAction":[{"@type":"SearchAction","target":{"@type":"EntryPoint","urlTemplate":"https:\/\/www.caudete.org\/ayuntamiento\/?s={search_term_string}"},"query-input":{"@type":"PropertyValueSpecification","valueRequired":true,"valueName":"search_term_string"}}],"inLanguage":"es"},{"@type":"Person","@id":"https:\/\/www.caudete.org\/ayuntamiento\/#\/schema\/person\/cc646da9133078ee4d8dd47457947253","name":"alcalde","image":{"@type":"ImageObject","inLanguage":"es","@id":"https:\/\/secure.gravatar.com\/avatar\/84a817ba065b29ff08d666b215a215f5c79186a645ccb25b14a663d48a130f77?s=96&d=mm&r=g","url":"https:\/\/secure.gravatar.com\/avatar\/84a817ba065b29ff08d666b215a215f5c79186a645ccb25b14a663d48a130f77?s=96&d=mm&r=g","contentUrl":"https:\/\/secure.gravatar.com\/avatar\/84a817ba065b29ff08d666b215a215f5c79186a645ccb25b14a663d48a130f77?s=96&d=mm&r=g","caption":"alcalde"},"url":"https:\/\/www.caudete.org\/ayuntamiento\/author\/alcalde\/"}]}},"_links":{"self":[{"href":"https:\/\/www.caudete.org\/ayuntamiento\/wp-json\/wp\/v2\/posts\/26285","targetHints":{"allow":["GET"]}}],"collection":[{"href":"https:\/\/www.caudete.org\/ayuntamiento\/wp-json\/wp\/v2\/posts"}],"about":[{"href":"https:\/\/www.caudete.org\/ayuntamiento\/wp-json\/wp\/v2\/types\/post"}],"author":[{"embeddable":true,"href":"https:\/\/www.caudete.org\/ayuntamiento\/wp-json\/wp\/v2\/users\/3"}],"replies":[{"embeddable":true,"href":"https:\/\/www.caudete.org\/ayuntamiento\/wp-json\/wp\/v2\/comments?post=26285"}],"version-history":[{"count":1,"href":"https:\/\/www.caudete.org\/ayuntamiento\/wp-json\/wp\/v2\/posts\/26285\/revisions"}],"predecessor-version":[{"id":26286,"href":"https:\/\/www.caudete.org\/ayuntamiento\/wp-json\/wp\/v2\/posts\/26285\/revisions\/26286"}],"wp:featuredmedia":[{"embeddable":true,"href":"https:\/\/www.caudete.org\/ayuntamiento\/wp-json\/wp\/v2\/media\/25989"}],"wp:attachment":[{"href":"https:\/\/www.caudete.org\/ayuntamiento\/wp-json\/wp\/v2\/media?parent=26285"}],"wp:term":[{"taxonomy":"category","embeddable":true,"href":"https:\/\/www.caudete.org\/ayuntamiento\/wp-json\/wp\/v2\/categories?post=26285"},{"taxonomy":"post_tag","embeddable":true,"href":"https:\/\/www.caudete.org\/ayuntamiento\/wp-json\/wp\/v2\/tags?post=26285"}],"curies":[{"name":"wp","href":"https:\/\/api.w.org\/{rel}","templated":true}]}}