{"id":26319,"date":"2024-10-15T08:00:45","date_gmt":"2024-10-15T06:00:45","guid":{"rendered":"https:\/\/www.caudete.org\/ayuntamiento\/?p=26319"},"modified":"2024-10-21T08:47:52","modified_gmt":"2024-10-21T06:47:52","slug":"caudete-se-prepara-para-la-segunda-edicion-del-alacera-trail","status":"publish","type":"post","link":"https:\/\/www.caudete.org\/ayuntamiento\/caudete-se-prepara-para-la-segunda-edicion-del-alacera-trail\/","title":{"rendered":"Caudete se prepara para la segunda edici\u00f3n del \u201cAl\u00e1cera Trail\u201d"},"content":{"rendered":"<p>La localidad de Caudete se convertir\u00e1 el pr\u00f3ximo domingo 20 de octubre en el epicentro del trail running con la celebraci\u00f3n de la segunda edici\u00f3n del \u201cAl\u00e1cera Trail\u201d. Un evento deportivo organizado por el Club Trail Running Caudete y la Concejal\u00eda de Deportes del Ayuntamiento de Caudete.<\/p>\n<p>La prueba, que cuenta con una participaci\u00f3n m\u00e1xima de 550 corredores, ofrecer\u00e1 tres modalidades para adaptarse a todos los niveles: Trail, con un recorrido de 22 kil\u00f3metros; Sprint Trail y Senderismo, ambos con una distancia de 14 kil\u00f3metros. Todos los participantes disfrutar\u00e1n de un recorrido espectacular a trav\u00e9s de pistas forestales, caminos y sendas de la Sierra Al\u00e1cera y del Paraje Natural de la Toconera, que pondr\u00e1 a prueba su resistencia y destreza.<\/p>\n<p>La salida y meta estar\u00e1n ubicadas en la Avda. de la Libertad, junto a la Ciudad Deportiva Antonio Amor\u00f3s. El pistoletazo de salida tendr\u00e1 lugar a partir de las 9:00 horas, previ\u00e9ndose la llegada de los primeros atletas a partir de las 10:15 horas. Al finalizar la prueba, los participantes podr\u00e1n disfrutar de un avituallamiento en el Espacio Municipal la Sala y asistir a la entrega de trofeos.<\/p>\n<p>Pilar Egea, Concejal de Deportes, ha destacado la importancia de este evento para promocionar Caudete como destino deportivo y fomentar la pr\u00e1ctica del trail running, declarando que; &#8220;El Al\u00e1cera Trail es una prueba consolidada que atrae a deportistas de diferentes provincias. Estamos muy orgullosos de poder organizar este evento y esperamos que sea todo un \u00e9xito&#8221;.<\/p>\n<p><strong>M\u00e1s informaci\u00f3n<\/strong><br \/>\nPara m\u00e1s informaci\u00f3n sobre la prueba, inscripciones y reglamento, pueden consultar la p\u00e1gina web <a href=\"https:\/\/intercrono.es\/86-ii-alacera-trail\" target=\"_blank\" rel=\"nofollow\">https:\/\/intercrono.es\/86-ii-alacera-trail<\/a>.<\/p>\n<p><img fetchpriority=\"high\" decoding=\"async\" class=\"alignnone size-full wp-image-26321\" src=\"https:\/\/www.caudete.org\/ayuntamiento\/wp-content\/uploads\/2024\/10\/Cartel-Trail.jpg\" alt=\"\" width=\"1131\" height=\"1600\" srcset=\"https:\/\/www.caudete.org\/ayuntamiento\/wp-content\/uploads\/2024\/10\/Cartel-Trail.jpg 1131w, https:\/\/www.caudete.org\/ayuntamiento\/wp-content\/uploads\/2024\/10\/Cartel-Trail-212x300.jpg 212w, https:\/\/www.caudete.org\/ayuntamiento\/wp-content\/uploads\/2024\/10\/Cartel-Trail-724x1024.jpg 724w, https:\/\/www.caudete.org\/ayuntamiento\/wp-content\/uploads\/2024\/10\/Cartel-Trail-768x1086.jpg 768w, https:\/\/www.caudete.org\/ayuntamiento\/wp-content\/uploads\/2024\/10\/Cartel-Trail-1086x1536.jpg 1086w\" sizes=\"(max-width: 1131px) 100vw, 1131px\" \/><\/p>\n","protected":false},"excerpt":{"rendered":"<p>La localidad de Caudete se convertir\u00e1 el pr\u00f3ximo domingo 20 de octubre en el epicentro del trail running con la celebraci\u00f3n de la segunda edici\u00f3n del \u201cAl\u00e1cera Trail\u201d. Un evento deportivo organizado por el Club Trail Running Caudete y la Concejal\u00eda de Deportes del Ayuntamiento de Caudete. La prueba, que cuenta con una participaci\u00f3n m\u00e1xima &hellip;<\/p>\n","protected":false},"author":5,"featured_media":26320,"comment_status":"closed","ping_status":"open","sticky":false,"template":"","format":"standard","meta":{"ngg_post_thumbnail":0,"footnotes":""},"categories":[23],"tags":[],"class_list":["post-26319","post","type-post","status-publish","format-standard","has-post-thumbnail","hentry","category-deportes"],"yoast_head":"<!-- This site is optimized with the Yoast SEO plugin v27.5 - https:\/\/yoast.com\/product\/yoast-seo-wordpress\/ -->\n<title>Caudete se prepara para la segunda edici\u00f3n del \u201cAl\u00e1cera Trail\u201d - MI Ayuntamiento de Caudete<\/title>\n<meta name=\"description\" content=\"P\u00e1gina Oficial del Ayuntamiento de Caudete (Albacete)\" \/>\n<meta name=\"robots\" content=\"index, follow, max-snippet:-1, max-image-preview:large, max-video-preview:-1\" \/>\n<link rel=\"canonical\" href=\"https:\/\/www.caudete.org\/ayuntamiento\/caudete-se-prepara-para-la-segunda-edicion-del-alacera-trail\/\" \/>\n<meta property=\"og:locale\" content=\"es_ES\" \/>\n<meta property=\"og:type\" content=\"article\" \/>\n<meta property=\"og:title\" content=\"Caudete se prepara para la segunda edici\u00f3n del \u201cAl\u00e1cera Trail\u201d - MI Ayuntamiento de Caudete\" \/>\n<meta property=\"og:description\" content=\"P\u00e1gina Oficial del Ayuntamiento de Caudete (Albacete)\" \/>\n<meta property=\"og:url\" content=\"https:\/\/www.caudete.org\/ayuntamiento\/caudete-se-prepara-para-la-segunda-edicion-del-alacera-trail\/\" \/>\n<meta property=\"og:site_name\" content=\"MI Ayuntamiento de Caudete\" \/>\n<meta property=\"article:publisher\" content=\"https:\/\/www.facebook.com\/ayuntamientocaudete\/\" \/>\n<meta property=\"article:published_time\" content=\"2024-10-15T06:00:45+00:00\" \/>\n<meta property=\"article:modified_time\" content=\"2024-10-21T06:47:52+00:00\" \/>\n<meta property=\"og:image\" content=\"https:\/\/www.caudete.org\/ayuntamiento\/wp-content\/uploads\/2024\/10\/Cartel-trail-port.jpg\" \/>\n\t<meta property=\"og:image:width\" content=\"1131\" \/>\n\t<meta property=\"og:image:height\" content=\"442\" \/>\n\t<meta property=\"og:image:type\" content=\"image\/jpeg\" \/>\n<meta name=\"author\" content=\"Dpto Informatica MI Ayuntamiento de Caudete\" \/>\n<meta name=\"twitter:card\" content=\"summary_large_image\" \/>\n<meta name=\"twitter:label1\" content=\"Escrito por\" \/>\n\t<meta name=\"twitter:data1\" content=\"Dpto Informatica MI Ayuntamiento de Caudete\" \/>\n\t<meta name=\"twitter:label2\" content=\"Tiempo de lectura\" \/>\n\t<meta name=\"twitter:data2\" content=\"2 minutos\" \/>\n<script type=\"application\/ld+json\" class=\"yoast-schema-graph\">{\"@context\":\"https:\\\/\\\/schema.org\",\"@graph\":[{\"@type\":\"Article\",\"@id\":\"https:\\\/\\\/www.caudete.org\\\/ayuntamiento\\\/caudete-se-prepara-para-la-segunda-edicion-del-alacera-trail\\\/#article\",\"isPartOf\":{\"@id\":\"https:\\\/\\\/www.caudete.org\\\/ayuntamiento\\\/caudete-se-prepara-para-la-segunda-edicion-del-alacera-trail\\\/\"},\"author\":{\"name\":\"Dpto Informatica MI Ayuntamiento de Caudete\",\"@id\":\"https:\\\/\\\/www.caudete.org\\\/ayuntamiento\\\/#\\\/schema\\\/person\\\/4b9eab41761957db9b1bf9c418d1ef46\"},\"headline\":\"Caudete se prepara para la segunda edici\u00f3n del \u201cAl\u00e1cera Trail\u201d\",\"datePublished\":\"2024-10-15T06:00:45+00:00\",\"dateModified\":\"2024-10-21T06:47:52+00:00\",\"mainEntityOfPage\":{\"@id\":\"https:\\\/\\\/www.caudete.org\\\/ayuntamiento\\\/caudete-se-prepara-para-la-segunda-edicion-del-alacera-trail\\\/\"},\"wordCount\":293,\"image\":{\"@id\":\"https:\\\/\\\/www.caudete.org\\\/ayuntamiento\\\/caudete-se-prepara-para-la-segunda-edicion-del-alacera-trail\\\/#primaryimage\"},\"thumbnailUrl\":\"https:\\\/\\\/www.caudete.org\\\/ayuntamiento\\\/wp-content\\\/uploads\\\/2024\\\/10\\\/Cartel-trail-port.jpg\",\"articleSection\":[\"Deportes\"],\"inLanguage\":\"es\"},{\"@type\":\"WebPage\",\"@id\":\"https:\\\/\\\/www.caudete.org\\\/ayuntamiento\\\/caudete-se-prepara-para-la-segunda-edicion-del-alacera-trail\\\/\",\"url\":\"https:\\\/\\\/www.caudete.org\\\/ayuntamiento\\\/caudete-se-prepara-para-la-segunda-edicion-del-alacera-trail\\\/\",\"name\":\"Caudete se prepara para la segunda edici\u00f3n del \u201cAl\u00e1cera Trail\u201d - MI Ayuntamiento de Caudete\",\"isPartOf\":{\"@id\":\"https:\\\/\\\/www.caudete.org\\\/ayuntamiento\\\/#website\"},\"primaryImageOfPage\":{\"@id\":\"https:\\\/\\\/www.caudete.org\\\/ayuntamiento\\\/caudete-se-prepara-para-la-segunda-edicion-del-alacera-trail\\\/#primaryimage\"},\"image\":{\"@id\":\"https:\\\/\\\/www.caudete.org\\\/ayuntamiento\\\/caudete-se-prepara-para-la-segunda-edicion-del-alacera-trail\\\/#primaryimage\"},\"thumbnailUrl\":\"https:\\\/\\\/www.caudete.org\\\/ayuntamiento\\\/wp-content\\\/uploads\\\/2024\\\/10\\\/Cartel-trail-port.jpg\",\"datePublished\":\"2024-10-15T06:00:45+00:00\",\"dateModified\":\"2024-10-21T06:47:52+00:00\",\"author\":{\"@id\":\"https:\\\/\\\/www.caudete.org\\\/ayuntamiento\\\/#\\\/schema\\\/person\\\/4b9eab41761957db9b1bf9c418d1ef46\"},\"description\":\"P\u00e1gina Oficial del Ayuntamiento de Caudete (Albacete)\",\"breadcrumb\":{\"@id\":\"https:\\\/\\\/www.caudete.org\\\/ayuntamiento\\\/caudete-se-prepara-para-la-segunda-edicion-del-alacera-trail\\\/#breadcrumb\"},\"inLanguage\":\"es\",\"potentialAction\":[{\"@type\":\"ReadAction\",\"target\":[\"https:\\\/\\\/www.caudete.org\\\/ayuntamiento\\\/caudete-se-prepara-para-la-segunda-edicion-del-alacera-trail\\\/\"]}]},{\"@type\":\"ImageObject\",\"inLanguage\":\"es\",\"@id\":\"https:\\\/\\\/www.caudete.org\\\/ayuntamiento\\\/caudete-se-prepara-para-la-segunda-edicion-del-alacera-trail\\\/#primaryimage\",\"url\":\"https:\\\/\\\/www.caudete.org\\\/ayuntamiento\\\/wp-content\\\/uploads\\\/2024\\\/10\\\/Cartel-trail-port.jpg\",\"contentUrl\":\"https:\\\/\\\/www.caudete.org\\\/ayuntamiento\\\/wp-content\\\/uploads\\\/2024\\\/10\\\/Cartel-trail-port.jpg\",\"width\":1131,\"height\":442},{\"@type\":\"BreadcrumbList\",\"@id\":\"https:\\\/\\\/www.caudete.org\\\/ayuntamiento\\\/caudete-se-prepara-para-la-segunda-edicion-del-alacera-trail\\\/#breadcrumb\",\"itemListElement\":[{\"@type\":\"ListItem\",\"position\":1,\"name\":\"Inicio\",\"item\":\"https:\\\/\\\/www.caudete.org\\\/ayuntamiento\\\/\"},{\"@type\":\"ListItem\",\"position\":2,\"name\":\"Caudete se prepara para la segunda edici\u00f3n del \u201cAl\u00e1cera Trail\u201d\"}]},{\"@type\":\"WebSite\",\"@id\":\"https:\\\/\\\/www.caudete.org\\\/ayuntamiento\\\/#website\",\"url\":\"https:\\\/\\\/www.caudete.org\\\/ayuntamiento\\\/\",\"name\":\"MI Ayuntamiento de Caudete\",\"description\":\"P\u00e1gina Oficial del MI Ayuntamiento de Caudete\",\"potentialAction\":[{\"@type\":\"SearchAction\",\"target\":{\"@type\":\"EntryPoint\",\"urlTemplate\":\"https:\\\/\\\/www.caudete.org\\\/ayuntamiento\\\/?s={search_term_string}\"},\"query-input\":{\"@type\":\"PropertyValueSpecification\",\"valueRequired\":true,\"valueName\":\"search_term_string\"}}],\"inLanguage\":\"es\"},{\"@type\":\"Person\",\"@id\":\"https:\\\/\\\/www.caudete.org\\\/ayuntamiento\\\/#\\\/schema\\\/person\\\/4b9eab41761957db9b1bf9c418d1ef46\",\"name\":\"Dpto Informatica MI Ayuntamiento de Caudete\",\"image\":{\"@type\":\"ImageObject\",\"inLanguage\":\"es\",\"@id\":\"https:\\\/\\\/secure.gravatar.com\\\/avatar\\\/ac0321ee4a0a83e82a253e7b2d348ef539e2c8fe16d06b600bde04de1b364fa7?s=96&d=mm&r=g\",\"url\":\"https:\\\/\\\/secure.gravatar.com\\\/avatar\\\/ac0321ee4a0a83e82a253e7b2d348ef539e2c8fe16d06b600bde04de1b364fa7?s=96&d=mm&r=g\",\"contentUrl\":\"https:\\\/\\\/secure.gravatar.com\\\/avatar\\\/ac0321ee4a0a83e82a253e7b2d348ef539e2c8fe16d06b600bde04de1b364fa7?s=96&d=mm&r=g\",\"caption\":\"Dpto Informatica MI Ayuntamiento de Caudete\"},\"url\":\"https:\\\/\\\/www.caudete.org\\\/ayuntamiento\\\/author\\\/informatica\\\/\"}]}<\/script>\n<!-- \/ Yoast SEO plugin. -->","yoast_head_json":{"title":"Caudete se prepara para la segunda edici\u00f3n del \u201cAl\u00e1cera Trail\u201d - MI Ayuntamiento de Caudete","description":"P\u00e1gina Oficial del Ayuntamiento de Caudete (Albacete)","robots":{"index":"index","follow":"follow","max-snippet":"max-snippet:-1","max-image-preview":"max-image-preview:large","max-video-preview":"max-video-preview:-1"},"canonical":"https:\/\/www.caudete.org\/ayuntamiento\/caudete-se-prepara-para-la-segunda-edicion-del-alacera-trail\/","og_locale":"es_ES","og_type":"article","og_title":"Caudete se prepara para la segunda edici\u00f3n del \u201cAl\u00e1cera Trail\u201d - MI Ayuntamiento de Caudete","og_description":"P\u00e1gina Oficial del Ayuntamiento de Caudete (Albacete)","og_url":"https:\/\/www.caudete.org\/ayuntamiento\/caudete-se-prepara-para-la-segunda-edicion-del-alacera-trail\/","og_site_name":"MI Ayuntamiento de Caudete","article_publisher":"https:\/\/www.facebook.com\/ayuntamientocaudete\/","article_published_time":"2024-10-15T06:00:45+00:00","article_modified_time":"2024-10-21T06:47:52+00:00","og_image":[{"width":1131,"height":442,"url":"https:\/\/www.caudete.org\/ayuntamiento\/wp-content\/uploads\/2024\/10\/Cartel-trail-port.jpg","type":"image\/jpeg"}],"author":"Dpto Informatica MI Ayuntamiento de Caudete","twitter_card":"summary_large_image","twitter_misc":{"Escrito por":"Dpto Informatica MI Ayuntamiento de Caudete","Tiempo de lectura":"2 minutos"},"schema":{"@context":"https:\/\/schema.org","@graph":[{"@type":"Article","@id":"https:\/\/www.caudete.org\/ayuntamiento\/caudete-se-prepara-para-la-segunda-edicion-del-alacera-trail\/#article","isPartOf":{"@id":"https:\/\/www.caudete.org\/ayuntamiento\/caudete-se-prepara-para-la-segunda-edicion-del-alacera-trail\/"},"author":{"name":"Dpto Informatica MI Ayuntamiento de Caudete","@id":"https:\/\/www.caudete.org\/ayuntamiento\/#\/schema\/person\/4b9eab41761957db9b1bf9c418d1ef46"},"headline":"Caudete se prepara para la segunda edici\u00f3n del \u201cAl\u00e1cera Trail\u201d","datePublished":"2024-10-15T06:00:45+00:00","dateModified":"2024-10-21T06:47:52+00:00","mainEntityOfPage":{"@id":"https:\/\/www.caudete.org\/ayuntamiento\/caudete-se-prepara-para-la-segunda-edicion-del-alacera-trail\/"},"wordCount":293,"image":{"@id":"https:\/\/www.caudete.org\/ayuntamiento\/caudete-se-prepara-para-la-segunda-edicion-del-alacera-trail\/#primaryimage"},"thumbnailUrl":"https:\/\/www.caudete.org\/ayuntamiento\/wp-content\/uploads\/2024\/10\/Cartel-trail-port.jpg","articleSection":["Deportes"],"inLanguage":"es"},{"@type":"WebPage","@id":"https:\/\/www.caudete.org\/ayuntamiento\/caudete-se-prepara-para-la-segunda-edicion-del-alacera-trail\/","url":"https:\/\/www.caudete.org\/ayuntamiento\/caudete-se-prepara-para-la-segunda-edicion-del-alacera-trail\/","name":"Caudete se prepara para la segunda edici\u00f3n del \u201cAl\u00e1cera Trail\u201d - MI Ayuntamiento de Caudete","isPartOf":{"@id":"https:\/\/www.caudete.org\/ayuntamiento\/#website"},"primaryImageOfPage":{"@id":"https:\/\/www.caudete.org\/ayuntamiento\/caudete-se-prepara-para-la-segunda-edicion-del-alacera-trail\/#primaryimage"},"image":{"@id":"https:\/\/www.caudete.org\/ayuntamiento\/caudete-se-prepara-para-la-segunda-edicion-del-alacera-trail\/#primaryimage"},"thumbnailUrl":"https:\/\/www.caudete.org\/ayuntamiento\/wp-content\/uploads\/2024\/10\/Cartel-trail-port.jpg","datePublished":"2024-10-15T06:00:45+00:00","dateModified":"2024-10-21T06:47:52+00:00","author":{"@id":"https:\/\/www.caudete.org\/ayuntamiento\/#\/schema\/person\/4b9eab41761957db9b1bf9c418d1ef46"},"description":"P\u00e1gina Oficial del Ayuntamiento de Caudete (Albacete)","breadcrumb":{"@id":"https:\/\/www.caudete.org\/ayuntamiento\/caudete-se-prepara-para-la-segunda-edicion-del-alacera-trail\/#breadcrumb"},"inLanguage":"es","potentialAction":[{"@type":"ReadAction","target":["https:\/\/www.caudete.org\/ayuntamiento\/caudete-se-prepara-para-la-segunda-edicion-del-alacera-trail\/"]}]},{"@type":"ImageObject","inLanguage":"es","@id":"https:\/\/www.caudete.org\/ayuntamiento\/caudete-se-prepara-para-la-segunda-edicion-del-alacera-trail\/#primaryimage","url":"https:\/\/www.caudete.org\/ayuntamiento\/wp-content\/uploads\/2024\/10\/Cartel-trail-port.jpg","contentUrl":"https:\/\/www.caudete.org\/ayuntamiento\/wp-content\/uploads\/2024\/10\/Cartel-trail-port.jpg","width":1131,"height":442},{"@type":"BreadcrumbList","@id":"https:\/\/www.caudete.org\/ayuntamiento\/caudete-se-prepara-para-la-segunda-edicion-del-alacera-trail\/#breadcrumb","itemListElement":[{"@type":"ListItem","position":1,"name":"Inicio","item":"https:\/\/www.caudete.org\/ayuntamiento\/"},{"@type":"ListItem","position":2,"name":"Caudete se prepara para la segunda edici\u00f3n del \u201cAl\u00e1cera Trail\u201d"}]},{"@type":"WebSite","@id":"https:\/\/www.caudete.org\/ayuntamiento\/#website","url":"https:\/\/www.caudete.org\/ayuntamiento\/","name":"MI Ayuntamiento de Caudete","description":"P\u00e1gina Oficial del MI Ayuntamiento de Caudete","potentialAction":[{"@type":"SearchAction","target":{"@type":"EntryPoint","urlTemplate":"https:\/\/www.caudete.org\/ayuntamiento\/?s={search_term_string}"},"query-input":{"@type":"PropertyValueSpecification","valueRequired":true,"valueName":"search_term_string"}}],"inLanguage":"es"},{"@type":"Person","@id":"https:\/\/www.caudete.org\/ayuntamiento\/#\/schema\/person\/4b9eab41761957db9b1bf9c418d1ef46","name":"Dpto Informatica MI Ayuntamiento de Caudete","image":{"@type":"ImageObject","inLanguage":"es","@id":"https:\/\/secure.gravatar.com\/avatar\/ac0321ee4a0a83e82a253e7b2d348ef539e2c8fe16d06b600bde04de1b364fa7?s=96&d=mm&r=g","url":"https:\/\/secure.gravatar.com\/avatar\/ac0321ee4a0a83e82a253e7b2d348ef539e2c8fe16d06b600bde04de1b364fa7?s=96&d=mm&r=g","contentUrl":"https:\/\/secure.gravatar.com\/avatar\/ac0321ee4a0a83e82a253e7b2d348ef539e2c8fe16d06b600bde04de1b364fa7?s=96&d=mm&r=g","caption":"Dpto Informatica MI Ayuntamiento de Caudete"},"url":"https:\/\/www.caudete.org\/ayuntamiento\/author\/informatica\/"}]}},"_links":{"self":[{"href":"https:\/\/www.caudete.org\/ayuntamiento\/wp-json\/wp\/v2\/posts\/26319","targetHints":{"allow":["GET"]}}],"collection":[{"href":"https:\/\/www.caudete.org\/ayuntamiento\/wp-json\/wp\/v2\/posts"}],"about":[{"href":"https:\/\/www.caudete.org\/ayuntamiento\/wp-json\/wp\/v2\/types\/post"}],"author":[{"embeddable":true,"href":"https:\/\/www.caudete.org\/ayuntamiento\/wp-json\/wp\/v2\/users\/5"}],"replies":[{"embeddable":true,"href":"https:\/\/www.caudete.org\/ayuntamiento\/wp-json\/wp\/v2\/comments?post=26319"}],"version-history":[{"count":1,"href":"https:\/\/www.caudete.org\/ayuntamiento\/wp-json\/wp\/v2\/posts\/26319\/revisions"}],"predecessor-version":[{"id":26322,"href":"https:\/\/www.caudete.org\/ayuntamiento\/wp-json\/wp\/v2\/posts\/26319\/revisions\/26322"}],"wp:featuredmedia":[{"embeddable":true,"href":"https:\/\/www.caudete.org\/ayuntamiento\/wp-json\/wp\/v2\/media\/26320"}],"wp:attachment":[{"href":"https:\/\/www.caudete.org\/ayuntamiento\/wp-json\/wp\/v2\/media?parent=26319"}],"wp:term":[{"taxonomy":"category","embeddable":true,"href":"https:\/\/www.caudete.org\/ayuntamiento\/wp-json\/wp\/v2\/categories?post=26319"},{"taxonomy":"post_tag","embeddable":true,"href":"https:\/\/www.caudete.org\/ayuntamiento\/wp-json\/wp\/v2\/tags?post=26319"}],"curies":[{"name":"wp","href":"https:\/\/api.w.org\/{rel}","templated":true}]}}