{"id":26336,"date":"2024-10-16T19:58:51","date_gmt":"2024-10-16T17:58:51","guid":{"rendered":"https:\/\/www.caudete.org\/ayuntamiento\/?p=26336"},"modified":"2024-10-16T19:58:51","modified_gmt":"2024-10-16T17:58:51","slug":"interrumpido-el-estudio-del-aforo-del-pozo-de-las-munecas-por-problemas-geologicos-y-mecanicos","status":"publish","type":"post","link":"https:\/\/www.caudete.org\/ayuntamiento\/interrumpido-el-estudio-del-aforo-del-pozo-de-las-munecas-por-problemas-geologicos-y-mecanicos\/","title":{"rendered":"Interrumpido el estudio del aforo del pozo de \u2018Las Mu\u00f1ecas\u2019 por problemas geol\u00f3gicos y mec\u00e1nicos"},"content":{"rendered":"<p>Malas noticias respecto al estudio del aforo que se estaba realizando del pozo de \u201clas mu\u00f1ecas\u201d.<\/p>\n<p>El estudio se inici\u00f3 a las 8\u201940h de la ma\u00f1ana del martes 15 de octubre y eran las 23\u201930h de la noche y todo estaba transcurriendo seg\u00fan lo previsto. Se hab\u00edan pasado de los 15L por segundo iniciales a los 20, luego a los 35 y ya llevaba 5\u201930h tirando 55L por segundo, cuando surgi\u00f3 un problema imprevisto, que obligo a los dos trabajadores que estaban realizando y controlando las labores propias a interrumpir el aforo.<\/p>\n<p>Me present\u00e9 en el lugar y me dijeron que no sab\u00edan lo que hab\u00eda ocurrido, que de momento comenz\u00f3 a salir mucha grava mezclada con agua y el equipo de extracci\u00f3n se revolucion\u00f3 y se puso al rojo vivo y lo pararon para evitar males mayores&#8230;<\/p>\n<p>Este viernes 18 o el lunes 21 vendr\u00e1n de nuevo a meter la c\u00e1mara para ver exactamente que ha ocurrido y entonces sabremos que hay que hacer.<\/p>\n<p>Cave destacar que, hasta ese momento, tanto la conducci\u00f3n (acequia) como el embalse que se hab\u00eda construido para retener los casi seis millones de litros de agua que se calcul\u00f3 que iban a aforarse, estaban respondiendo perfectamente.<\/p>\n<p>De momento es todo lo que conozco y puedo informaros, tan pronto como sepa mas detalles os los comunicar\u00e9.<\/p>\n<p>Permitid que insista una vez m\u00e1s: para mejorar el servicio del agua necesitamos vuestra colaboraci\u00f3n, y que cuando surja un problema, de cualquier \u00edndole relacionado con el agua, os pong\u00e1is en contacto con nosotros llamando al siguiente tel\u00e9fono: 96 582 58 69 donde pod\u00e9is dejar mensajes de voz, fotos y v\u00eddeos como si de un m\u00f3vil se tratase.<\/p>\n<p style=\"text-align: center;\">\u00a1\u00a1En la concejal\u00eda del Ciclo Integral del Agua nos esforzamos en dar un buen servicio y gestionar bien tu dinero!!<\/p>\n<p style=\"text-align: center;\"><strong>Comunicado de Jos\u00e9 Miguel Moll\u00e1 Nieto,<\/strong><br \/>\nconcejal del Ciclo Integral del Agua<\/p>\n","protected":false},"excerpt":{"rendered":"<p>Malas noticias respecto al estudio del aforo que se estaba realizando del pozo de \u201clas mu\u00f1ecas\u201d. El estudio se inici\u00f3 a las 8\u201940h de la ma\u00f1ana del martes 15 de octubre y eran las 23\u201930h de la noche y todo estaba transcurriendo seg\u00fan lo previsto. Se hab\u00edan pasado de los 15L por segundo iniciales a &hellip;<\/p>\n","protected":false},"author":5,"featured_media":23793,"comment_status":"closed","ping_status":"open","sticky":false,"template":"","format":"standard","meta":{"ngg_post_thumbnail":0,"footnotes":""},"categories":[49],"tags":[],"class_list":["post-26336","post","type-post","status-publish","format-standard","has-post-thumbnail","hentry","category-ciclo-integral-del-agua"],"yoast_head":"<!-- This site is optimized with the Yoast SEO plugin v27.5 - https:\/\/yoast.com\/product\/yoast-seo-wordpress\/ -->\n<title>Interrumpido el estudio del aforo del pozo de \u2018Las Mu\u00f1ecas\u2019 por problemas geol\u00f3gicos y mec\u00e1nicos - MI Ayuntamiento de Caudete<\/title>\n<meta name=\"description\" content=\"P\u00e1gina Oficial del Ayuntamiento de Caudete (Albacete)\" \/>\n<meta name=\"robots\" content=\"index, follow, max-snippet:-1, max-image-preview:large, max-video-preview:-1\" \/>\n<link rel=\"canonical\" href=\"https:\/\/www.caudete.org\/ayuntamiento\/interrumpido-el-estudio-del-aforo-del-pozo-de-las-munecas-por-problemas-geologicos-y-mecanicos\/\" \/>\n<meta property=\"og:locale\" content=\"es_ES\" \/>\n<meta property=\"og:type\" content=\"article\" \/>\n<meta property=\"og:title\" content=\"Interrumpido el estudio del aforo del pozo de \u2018Las Mu\u00f1ecas\u2019 por problemas geol\u00f3gicos y mec\u00e1nicos - MI Ayuntamiento de Caudete\" \/>\n<meta property=\"og:description\" content=\"P\u00e1gina Oficial del Ayuntamiento de Caudete (Albacete)\" \/>\n<meta property=\"og:url\" content=\"https:\/\/www.caudete.org\/ayuntamiento\/interrumpido-el-estudio-del-aforo-del-pozo-de-las-munecas-por-problemas-geologicos-y-mecanicos\/\" \/>\n<meta property=\"og:site_name\" content=\"MI Ayuntamiento de Caudete\" \/>\n<meta property=\"article:publisher\" content=\"https:\/\/www.facebook.com\/ayuntamientocaudete\/\" \/>\n<meta property=\"article:published_time\" content=\"2024-10-16T17:58:51+00:00\" \/>\n<meta property=\"og:image\" content=\"https:\/\/www.caudete.org\/ayuntamiento\/wp-content\/uploads\/2023\/11\/agua.jpg\" \/>\n\t<meta property=\"og:image:width\" content=\"1200\" \/>\n\t<meta property=\"og:image:height\" content=\"803\" \/>\n\t<meta property=\"og:image:type\" content=\"image\/jpeg\" \/>\n<meta name=\"author\" content=\"Dpto Informatica MI Ayuntamiento de Caudete\" \/>\n<meta name=\"twitter:card\" content=\"summary_large_image\" \/>\n<meta name=\"twitter:label1\" content=\"Escrito por\" \/>\n\t<meta name=\"twitter:data1\" content=\"Dpto Informatica MI Ayuntamiento de Caudete\" \/>\n\t<meta name=\"twitter:label2\" content=\"Tiempo de lectura\" \/>\n\t<meta name=\"twitter:data2\" content=\"2 minutos\" \/>\n<script type=\"application\/ld+json\" class=\"yoast-schema-graph\">{\"@context\":\"https:\\\/\\\/schema.org\",\"@graph\":[{\"@type\":\"Article\",\"@id\":\"https:\\\/\\\/www.caudete.org\\\/ayuntamiento\\\/interrumpido-el-estudio-del-aforo-del-pozo-de-las-munecas-por-problemas-geologicos-y-mecanicos\\\/#article\",\"isPartOf\":{\"@id\":\"https:\\\/\\\/www.caudete.org\\\/ayuntamiento\\\/interrumpido-el-estudio-del-aforo-del-pozo-de-las-munecas-por-problemas-geologicos-y-mecanicos\\\/\"},\"author\":{\"name\":\"Dpto Informatica MI Ayuntamiento de Caudete\",\"@id\":\"https:\\\/\\\/www.caudete.org\\\/ayuntamiento\\\/#\\\/schema\\\/person\\\/4b9eab41761957db9b1bf9c418d1ef46\"},\"headline\":\"Interrumpido el estudio del aforo del pozo de \u2018Las Mu\u00f1ecas\u2019 por problemas geol\u00f3gicos y mec\u00e1nicos\",\"datePublished\":\"2024-10-16T17:58:51+00:00\",\"mainEntityOfPage\":{\"@id\":\"https:\\\/\\\/www.caudete.org\\\/ayuntamiento\\\/interrumpido-el-estudio-del-aforo-del-pozo-de-las-munecas-por-problemas-geologicos-y-mecanicos\\\/\"},\"wordCount\":339,\"image\":{\"@id\":\"https:\\\/\\\/www.caudete.org\\\/ayuntamiento\\\/interrumpido-el-estudio-del-aforo-del-pozo-de-las-munecas-por-problemas-geologicos-y-mecanicos\\\/#primaryimage\"},\"thumbnailUrl\":\"https:\\\/\\\/www.caudete.org\\\/ayuntamiento\\\/wp-content\\\/uploads\\\/2023\\\/11\\\/agua.jpg\",\"articleSection\":[\"Ciclo Integral del Agua\"],\"inLanguage\":\"es\"},{\"@type\":\"WebPage\",\"@id\":\"https:\\\/\\\/www.caudete.org\\\/ayuntamiento\\\/interrumpido-el-estudio-del-aforo-del-pozo-de-las-munecas-por-problemas-geologicos-y-mecanicos\\\/\",\"url\":\"https:\\\/\\\/www.caudete.org\\\/ayuntamiento\\\/interrumpido-el-estudio-del-aforo-del-pozo-de-las-munecas-por-problemas-geologicos-y-mecanicos\\\/\",\"name\":\"Interrumpido el estudio del aforo del pozo de \u2018Las Mu\u00f1ecas\u2019 por problemas geol\u00f3gicos y mec\u00e1nicos - MI Ayuntamiento de Caudete\",\"isPartOf\":{\"@id\":\"https:\\\/\\\/www.caudete.org\\\/ayuntamiento\\\/#website\"},\"primaryImageOfPage\":{\"@id\":\"https:\\\/\\\/www.caudete.org\\\/ayuntamiento\\\/interrumpido-el-estudio-del-aforo-del-pozo-de-las-munecas-por-problemas-geologicos-y-mecanicos\\\/#primaryimage\"},\"image\":{\"@id\":\"https:\\\/\\\/www.caudete.org\\\/ayuntamiento\\\/interrumpido-el-estudio-del-aforo-del-pozo-de-las-munecas-por-problemas-geologicos-y-mecanicos\\\/#primaryimage\"},\"thumbnailUrl\":\"https:\\\/\\\/www.caudete.org\\\/ayuntamiento\\\/wp-content\\\/uploads\\\/2023\\\/11\\\/agua.jpg\",\"datePublished\":\"2024-10-16T17:58:51+00:00\",\"author\":{\"@id\":\"https:\\\/\\\/www.caudete.org\\\/ayuntamiento\\\/#\\\/schema\\\/person\\\/4b9eab41761957db9b1bf9c418d1ef46\"},\"description\":\"P\u00e1gina Oficial del Ayuntamiento de Caudete (Albacete)\",\"breadcrumb\":{\"@id\":\"https:\\\/\\\/www.caudete.org\\\/ayuntamiento\\\/interrumpido-el-estudio-del-aforo-del-pozo-de-las-munecas-por-problemas-geologicos-y-mecanicos\\\/#breadcrumb\"},\"inLanguage\":\"es\",\"potentialAction\":[{\"@type\":\"ReadAction\",\"target\":[\"https:\\\/\\\/www.caudete.org\\\/ayuntamiento\\\/interrumpido-el-estudio-del-aforo-del-pozo-de-las-munecas-por-problemas-geologicos-y-mecanicos\\\/\"]}]},{\"@type\":\"ImageObject\",\"inLanguage\":\"es\",\"@id\":\"https:\\\/\\\/www.caudete.org\\\/ayuntamiento\\\/interrumpido-el-estudio-del-aforo-del-pozo-de-las-munecas-por-problemas-geologicos-y-mecanicos\\\/#primaryimage\",\"url\":\"https:\\\/\\\/www.caudete.org\\\/ayuntamiento\\\/wp-content\\\/uploads\\\/2023\\\/11\\\/agua.jpg\",\"contentUrl\":\"https:\\\/\\\/www.caudete.org\\\/ayuntamiento\\\/wp-content\\\/uploads\\\/2023\\\/11\\\/agua.jpg\",\"width\":1200,\"height\":803},{\"@type\":\"BreadcrumbList\",\"@id\":\"https:\\\/\\\/www.caudete.org\\\/ayuntamiento\\\/interrumpido-el-estudio-del-aforo-del-pozo-de-las-munecas-por-problemas-geologicos-y-mecanicos\\\/#breadcrumb\",\"itemListElement\":[{\"@type\":\"ListItem\",\"position\":1,\"name\":\"Inicio\",\"item\":\"https:\\\/\\\/www.caudete.org\\\/ayuntamiento\\\/\"},{\"@type\":\"ListItem\",\"position\":2,\"name\":\"Interrumpido el estudio del aforo del pozo de \u2018Las Mu\u00f1ecas\u2019 por problemas geol\u00f3gicos y mec\u00e1nicos\"}]},{\"@type\":\"WebSite\",\"@id\":\"https:\\\/\\\/www.caudete.org\\\/ayuntamiento\\\/#website\",\"url\":\"https:\\\/\\\/www.caudete.org\\\/ayuntamiento\\\/\",\"name\":\"MI Ayuntamiento de Caudete\",\"description\":\"P\u00e1gina Oficial del MI Ayuntamiento de Caudete\",\"potentialAction\":[{\"@type\":\"SearchAction\",\"target\":{\"@type\":\"EntryPoint\",\"urlTemplate\":\"https:\\\/\\\/www.caudete.org\\\/ayuntamiento\\\/?s={search_term_string}\"},\"query-input\":{\"@type\":\"PropertyValueSpecification\",\"valueRequired\":true,\"valueName\":\"search_term_string\"}}],\"inLanguage\":\"es\"},{\"@type\":\"Person\",\"@id\":\"https:\\\/\\\/www.caudete.org\\\/ayuntamiento\\\/#\\\/schema\\\/person\\\/4b9eab41761957db9b1bf9c418d1ef46\",\"name\":\"Dpto Informatica MI Ayuntamiento de Caudete\",\"image\":{\"@type\":\"ImageObject\",\"inLanguage\":\"es\",\"@id\":\"https:\\\/\\\/secure.gravatar.com\\\/avatar\\\/ac0321ee4a0a83e82a253e7b2d348ef539e2c8fe16d06b600bde04de1b364fa7?s=96&d=mm&r=g\",\"url\":\"https:\\\/\\\/secure.gravatar.com\\\/avatar\\\/ac0321ee4a0a83e82a253e7b2d348ef539e2c8fe16d06b600bde04de1b364fa7?s=96&d=mm&r=g\",\"contentUrl\":\"https:\\\/\\\/secure.gravatar.com\\\/avatar\\\/ac0321ee4a0a83e82a253e7b2d348ef539e2c8fe16d06b600bde04de1b364fa7?s=96&d=mm&r=g\",\"caption\":\"Dpto Informatica MI Ayuntamiento de Caudete\"},\"url\":\"https:\\\/\\\/www.caudete.org\\\/ayuntamiento\\\/author\\\/informatica\\\/\"}]}<\/script>\n<!-- \/ Yoast SEO plugin. -->","yoast_head_json":{"title":"Interrumpido el estudio del aforo del pozo de \u2018Las Mu\u00f1ecas\u2019 por problemas geol\u00f3gicos y mec\u00e1nicos - MI Ayuntamiento de Caudete","description":"P\u00e1gina Oficial del Ayuntamiento de Caudete (Albacete)","robots":{"index":"index","follow":"follow","max-snippet":"max-snippet:-1","max-image-preview":"max-image-preview:large","max-video-preview":"max-video-preview:-1"},"canonical":"https:\/\/www.caudete.org\/ayuntamiento\/interrumpido-el-estudio-del-aforo-del-pozo-de-las-munecas-por-problemas-geologicos-y-mecanicos\/","og_locale":"es_ES","og_type":"article","og_title":"Interrumpido el estudio del aforo del pozo de \u2018Las Mu\u00f1ecas\u2019 por problemas geol\u00f3gicos y mec\u00e1nicos - MI Ayuntamiento de Caudete","og_description":"P\u00e1gina Oficial del Ayuntamiento de Caudete (Albacete)","og_url":"https:\/\/www.caudete.org\/ayuntamiento\/interrumpido-el-estudio-del-aforo-del-pozo-de-las-munecas-por-problemas-geologicos-y-mecanicos\/","og_site_name":"MI Ayuntamiento de Caudete","article_publisher":"https:\/\/www.facebook.com\/ayuntamientocaudete\/","article_published_time":"2024-10-16T17:58:51+00:00","og_image":[{"width":1200,"height":803,"url":"https:\/\/www.caudete.org\/ayuntamiento\/wp-content\/uploads\/2023\/11\/agua.jpg","type":"image\/jpeg"}],"author":"Dpto Informatica MI Ayuntamiento de Caudete","twitter_card":"summary_large_image","twitter_misc":{"Escrito por":"Dpto Informatica MI Ayuntamiento de Caudete","Tiempo de lectura":"2 minutos"},"schema":{"@context":"https:\/\/schema.org","@graph":[{"@type":"Article","@id":"https:\/\/www.caudete.org\/ayuntamiento\/interrumpido-el-estudio-del-aforo-del-pozo-de-las-munecas-por-problemas-geologicos-y-mecanicos\/#article","isPartOf":{"@id":"https:\/\/www.caudete.org\/ayuntamiento\/interrumpido-el-estudio-del-aforo-del-pozo-de-las-munecas-por-problemas-geologicos-y-mecanicos\/"},"author":{"name":"Dpto Informatica MI Ayuntamiento de Caudete","@id":"https:\/\/www.caudete.org\/ayuntamiento\/#\/schema\/person\/4b9eab41761957db9b1bf9c418d1ef46"},"headline":"Interrumpido el estudio del aforo del pozo de \u2018Las Mu\u00f1ecas\u2019 por problemas geol\u00f3gicos y mec\u00e1nicos","datePublished":"2024-10-16T17:58:51+00:00","mainEntityOfPage":{"@id":"https:\/\/www.caudete.org\/ayuntamiento\/interrumpido-el-estudio-del-aforo-del-pozo-de-las-munecas-por-problemas-geologicos-y-mecanicos\/"},"wordCount":339,"image":{"@id":"https:\/\/www.caudete.org\/ayuntamiento\/interrumpido-el-estudio-del-aforo-del-pozo-de-las-munecas-por-problemas-geologicos-y-mecanicos\/#primaryimage"},"thumbnailUrl":"https:\/\/www.caudete.org\/ayuntamiento\/wp-content\/uploads\/2023\/11\/agua.jpg","articleSection":["Ciclo Integral del Agua"],"inLanguage":"es"},{"@type":"WebPage","@id":"https:\/\/www.caudete.org\/ayuntamiento\/interrumpido-el-estudio-del-aforo-del-pozo-de-las-munecas-por-problemas-geologicos-y-mecanicos\/","url":"https:\/\/www.caudete.org\/ayuntamiento\/interrumpido-el-estudio-del-aforo-del-pozo-de-las-munecas-por-problemas-geologicos-y-mecanicos\/","name":"Interrumpido el estudio del aforo del pozo de \u2018Las Mu\u00f1ecas\u2019 por problemas geol\u00f3gicos y mec\u00e1nicos - MI Ayuntamiento de Caudete","isPartOf":{"@id":"https:\/\/www.caudete.org\/ayuntamiento\/#website"},"primaryImageOfPage":{"@id":"https:\/\/www.caudete.org\/ayuntamiento\/interrumpido-el-estudio-del-aforo-del-pozo-de-las-munecas-por-problemas-geologicos-y-mecanicos\/#primaryimage"},"image":{"@id":"https:\/\/www.caudete.org\/ayuntamiento\/interrumpido-el-estudio-del-aforo-del-pozo-de-las-munecas-por-problemas-geologicos-y-mecanicos\/#primaryimage"},"thumbnailUrl":"https:\/\/www.caudete.org\/ayuntamiento\/wp-content\/uploads\/2023\/11\/agua.jpg","datePublished":"2024-10-16T17:58:51+00:00","author":{"@id":"https:\/\/www.caudete.org\/ayuntamiento\/#\/schema\/person\/4b9eab41761957db9b1bf9c418d1ef46"},"description":"P\u00e1gina Oficial del Ayuntamiento de Caudete (Albacete)","breadcrumb":{"@id":"https:\/\/www.caudete.org\/ayuntamiento\/interrumpido-el-estudio-del-aforo-del-pozo-de-las-munecas-por-problemas-geologicos-y-mecanicos\/#breadcrumb"},"inLanguage":"es","potentialAction":[{"@type":"ReadAction","target":["https:\/\/www.caudete.org\/ayuntamiento\/interrumpido-el-estudio-del-aforo-del-pozo-de-las-munecas-por-problemas-geologicos-y-mecanicos\/"]}]},{"@type":"ImageObject","inLanguage":"es","@id":"https:\/\/www.caudete.org\/ayuntamiento\/interrumpido-el-estudio-del-aforo-del-pozo-de-las-munecas-por-problemas-geologicos-y-mecanicos\/#primaryimage","url":"https:\/\/www.caudete.org\/ayuntamiento\/wp-content\/uploads\/2023\/11\/agua.jpg","contentUrl":"https:\/\/www.caudete.org\/ayuntamiento\/wp-content\/uploads\/2023\/11\/agua.jpg","width":1200,"height":803},{"@type":"BreadcrumbList","@id":"https:\/\/www.caudete.org\/ayuntamiento\/interrumpido-el-estudio-del-aforo-del-pozo-de-las-munecas-por-problemas-geologicos-y-mecanicos\/#breadcrumb","itemListElement":[{"@type":"ListItem","position":1,"name":"Inicio","item":"https:\/\/www.caudete.org\/ayuntamiento\/"},{"@type":"ListItem","position":2,"name":"Interrumpido el estudio del aforo del pozo de \u2018Las Mu\u00f1ecas\u2019 por problemas geol\u00f3gicos y mec\u00e1nicos"}]},{"@type":"WebSite","@id":"https:\/\/www.caudete.org\/ayuntamiento\/#website","url":"https:\/\/www.caudete.org\/ayuntamiento\/","name":"MI Ayuntamiento de Caudete","description":"P\u00e1gina Oficial del MI Ayuntamiento de Caudete","potentialAction":[{"@type":"SearchAction","target":{"@type":"EntryPoint","urlTemplate":"https:\/\/www.caudete.org\/ayuntamiento\/?s={search_term_string}"},"query-input":{"@type":"PropertyValueSpecification","valueRequired":true,"valueName":"search_term_string"}}],"inLanguage":"es"},{"@type":"Person","@id":"https:\/\/www.caudete.org\/ayuntamiento\/#\/schema\/person\/4b9eab41761957db9b1bf9c418d1ef46","name":"Dpto Informatica MI Ayuntamiento de Caudete","image":{"@type":"ImageObject","inLanguage":"es","@id":"https:\/\/secure.gravatar.com\/avatar\/ac0321ee4a0a83e82a253e7b2d348ef539e2c8fe16d06b600bde04de1b364fa7?s=96&d=mm&r=g","url":"https:\/\/secure.gravatar.com\/avatar\/ac0321ee4a0a83e82a253e7b2d348ef539e2c8fe16d06b600bde04de1b364fa7?s=96&d=mm&r=g","contentUrl":"https:\/\/secure.gravatar.com\/avatar\/ac0321ee4a0a83e82a253e7b2d348ef539e2c8fe16d06b600bde04de1b364fa7?s=96&d=mm&r=g","caption":"Dpto Informatica MI Ayuntamiento de Caudete"},"url":"https:\/\/www.caudete.org\/ayuntamiento\/author\/informatica\/"}]}},"_links":{"self":[{"href":"https:\/\/www.caudete.org\/ayuntamiento\/wp-json\/wp\/v2\/posts\/26336","targetHints":{"allow":["GET"]}}],"collection":[{"href":"https:\/\/www.caudete.org\/ayuntamiento\/wp-json\/wp\/v2\/posts"}],"about":[{"href":"https:\/\/www.caudete.org\/ayuntamiento\/wp-json\/wp\/v2\/types\/post"}],"author":[{"embeddable":true,"href":"https:\/\/www.caudete.org\/ayuntamiento\/wp-json\/wp\/v2\/users\/5"}],"replies":[{"embeddable":true,"href":"https:\/\/www.caudete.org\/ayuntamiento\/wp-json\/wp\/v2\/comments?post=26336"}],"version-history":[{"count":1,"href":"https:\/\/www.caudete.org\/ayuntamiento\/wp-json\/wp\/v2\/posts\/26336\/revisions"}],"predecessor-version":[{"id":26337,"href":"https:\/\/www.caudete.org\/ayuntamiento\/wp-json\/wp\/v2\/posts\/26336\/revisions\/26337"}],"wp:featuredmedia":[{"embeddable":true,"href":"https:\/\/www.caudete.org\/ayuntamiento\/wp-json\/wp\/v2\/media\/23793"}],"wp:attachment":[{"href":"https:\/\/www.caudete.org\/ayuntamiento\/wp-json\/wp\/v2\/media?parent=26336"}],"wp:term":[{"taxonomy":"category","embeddable":true,"href":"https:\/\/www.caudete.org\/ayuntamiento\/wp-json\/wp\/v2\/categories?post=26336"},{"taxonomy":"post_tag","embeddable":true,"href":"https:\/\/www.caudete.org\/ayuntamiento\/wp-json\/wp\/v2\/tags?post=26336"}],"curies":[{"name":"wp","href":"https:\/\/api.w.org\/{rel}","templated":true}]}}