{"id":26350,"date":"2024-10-20T12:13:29","date_gmt":"2024-10-20T10:13:29","guid":{"rendered":"https:\/\/www.caudete.org\/ayuntamiento\/?p=26350"},"modified":"2024-10-20T12:13:29","modified_gmt":"2024-10-20T10:13:29","slug":"la-biblioteca-publica-municipal-ha-sido-galardonada-con-el-premio-maria-moliner","status":"publish","type":"post","link":"https:\/\/www.caudete.org\/ayuntamiento\/la-biblioteca-publica-municipal-ha-sido-galardonada-con-el-premio-maria-moliner\/","title":{"rendered":"La Biblioteca P\u00fablica Municipal ha sido galardonada con el premio Mar\u00eda Moliner"},"content":{"rendered":"<p>La Biblioteca P\u00fablica Municipal Ana Mar\u00eda Matute de Caudete se enorgullece en anunciar que ha sido galardonada en el Concurso de Proyectos de la XXIV Campa\u00f1a de Animaci\u00f3n Lectora \u201cMar\u00eda Moliner\u201d 2024, obteniendo una calificaci\u00f3n de 70 puntos. Este prestigioso concurso premia los mejores proyectos de animaci\u00f3n a la lectura dirigidos a todos los vecinos, con especial atenci\u00f3n a colectivos con dificultades para acceder a la lectura, llevados a cabo por bibliotecas p\u00fablicas en municipios con menos de 50.000 habitantes. Con este nuevo galard\u00f3n, la Biblioteca de Caudete reafirma su posici\u00f3n como una de las m\u00e1s premiadas en Espa\u00f1a en animaci\u00f3n a la lectura.<\/p>\n<p>El proyecto premiado, titulado &#8220;Artes y Letras en la Biblioteca de Caudete&#8221;, ha sido reconocido por su contribuci\u00f3n a la promoci\u00f3n de la lectura y la cultura en la comunidad. Este a\u00f1o, ha girado en torno al Centenario del poeta local Evaristo Ba\u00f1\u00f3n Medina, con una serie de actividades que han puesto en valor la riqueza cultural y literaria de la localidad. Entre los objetivos principales de esta celebraci\u00f3n, se encuentra generar inter\u00e9s por la literatura local, utilizando el centenario de Ba\u00f1\u00f3n como catalizador para explorar su obra y la de otros autores, poetas y artistas locales. Adem\u00e1s, el proyecto busca consolidar la Biblioteca como un centro cultural activo, fomentando la participaci\u00f3n comunitaria en actividades que enriquezcan la vida intelectual y art\u00edstica de Caudete.<br \/>\nCabe destacar que m\u00e1s de tres mil quinientas personas pasan mensualmente por sus instalaciones, lo que evidencia su papel fundamental en la vida cultural de la localidad.<\/p>\n<p>Gracias al premio de 2.777.77 euros, que se destinar\u00e1 a la adquisici\u00f3n de libros y publicaciones, la Biblioteca podr\u00e1 continuar enriqueciendo su fondo bibliogr\u00e1fico y garantizando un acceso continuo a la lectura para toda la comunidad. Este reconocimiento no solo resalta el compromiso de la Biblioteca de Caudete con la promoci\u00f3n de la lectura, sino tambi\u00e9n su dedicaci\u00f3n a fortalecer los lazos culturales y comunitarios, consolidando su papel como un centro cultural vibrante y de referencia.<\/p>\n<p>La Biblioteca agradece profundamente el apoyo de sus usuarios, voluntarios y de toda la comunidad, cuya participaci\u00f3n ha sido clave para el \u00e9xito de este proyecto, permitiendo que siga siendo un motor cultural en Caudete.<\/p>\n<p><img fetchpriority=\"high\" decoding=\"async\" class=\"alignnone size-full wp-image-26352\" src=\"https:\/\/www.caudete.org\/ayuntamiento\/wp-content\/uploads\/2024\/10\/MariaMoliner.jpg\" alt=\"\" width=\"1080\" height=\"810\" srcset=\"https:\/\/www.caudete.org\/ayuntamiento\/wp-content\/uploads\/2024\/10\/MariaMoliner.jpg 1080w, https:\/\/www.caudete.org\/ayuntamiento\/wp-content\/uploads\/2024\/10\/MariaMoliner-300x225.jpg 300w, https:\/\/www.caudete.org\/ayuntamiento\/wp-content\/uploads\/2024\/10\/MariaMoliner-1024x768.jpg 1024w, https:\/\/www.caudete.org\/ayuntamiento\/wp-content\/uploads\/2024\/10\/MariaMoliner-768x576.jpg 768w\" sizes=\"(max-width: 1080px) 100vw, 1080px\" \/><\/p>\n","protected":false},"excerpt":{"rendered":"<p>La Biblioteca P\u00fablica Municipal Ana Mar\u00eda Matute de Caudete se enorgullece en anunciar que ha sido galardonada en el Concurso de Proyectos de la XXIV Campa\u00f1a de Animaci\u00f3n Lectora \u201cMar\u00eda Moliner\u201d 2024, obteniendo una calificaci\u00f3n de 70 puntos. Este prestigioso concurso premia los mejores proyectos de animaci\u00f3n a la lectura dirigidos a todos los vecinos, &hellip;<\/p>\n","protected":false},"author":5,"featured_media":26351,"comment_status":"closed","ping_status":"open","sticky":false,"template":"","format":"standard","meta":{"ngg_post_thumbnail":0,"footnotes":""},"categories":[14],"tags":[],"class_list":["post-26350","post","type-post","status-publish","format-standard","has-post-thumbnail","hentry","category-cultura"],"yoast_head":"<!-- This site is optimized with the Yoast SEO plugin v27.5 - https:\/\/yoast.com\/product\/yoast-seo-wordpress\/ -->\n<title>La Biblioteca P\u00fablica Municipal ha sido galardonada con el premio Mar\u00eda Moliner - MI Ayuntamiento de Caudete<\/title>\n<meta name=\"description\" content=\"P\u00e1gina Oficial del Ayuntamiento de Caudete (Albacete)\" \/>\n<meta name=\"robots\" content=\"index, follow, max-snippet:-1, max-image-preview:large, max-video-preview:-1\" \/>\n<link rel=\"canonical\" href=\"https:\/\/www.caudete.org\/ayuntamiento\/la-biblioteca-publica-municipal-ha-sido-galardonada-con-el-premio-maria-moliner\/\" \/>\n<meta property=\"og:locale\" content=\"es_ES\" \/>\n<meta property=\"og:type\" content=\"article\" \/>\n<meta property=\"og:title\" content=\"La Biblioteca P\u00fablica Municipal ha sido galardonada con el premio Mar\u00eda Moliner - MI Ayuntamiento de Caudete\" \/>\n<meta property=\"og:description\" content=\"P\u00e1gina Oficial del Ayuntamiento de Caudete (Albacete)\" \/>\n<meta property=\"og:url\" content=\"https:\/\/www.caudete.org\/ayuntamiento\/la-biblioteca-publica-municipal-ha-sido-galardonada-con-el-premio-maria-moliner\/\" \/>\n<meta property=\"og:site_name\" content=\"MI Ayuntamiento de Caudete\" \/>\n<meta property=\"article:publisher\" content=\"https:\/\/www.facebook.com\/ayuntamientocaudete\/\" \/>\n<meta property=\"article:published_time\" content=\"2024-10-20T10:13:29+00:00\" \/>\n<meta property=\"og:image\" content=\"https:\/\/www.caudete.org\/ayuntamiento\/wp-content\/uploads\/2024\/10\/MariaMoliner-port.jpg\" \/>\n\t<meta property=\"og:image:width\" content=\"1079\" \/>\n\t<meta property=\"og:image:height\" content=\"542\" \/>\n\t<meta property=\"og:image:type\" content=\"image\/jpeg\" \/>\n<meta name=\"author\" content=\"Dpto Informatica MI Ayuntamiento de Caudete\" \/>\n<meta name=\"twitter:card\" content=\"summary_large_image\" \/>\n<meta name=\"twitter:label1\" content=\"Escrito por\" \/>\n\t<meta name=\"twitter:data1\" content=\"Dpto Informatica MI Ayuntamiento de Caudete\" \/>\n\t<meta name=\"twitter:label2\" content=\"Tiempo de lectura\" \/>\n\t<meta name=\"twitter:data2\" content=\"2 minutos\" \/>\n<script type=\"application\/ld+json\" class=\"yoast-schema-graph\">{\"@context\":\"https:\\\/\\\/schema.org\",\"@graph\":[{\"@type\":\"Article\",\"@id\":\"https:\\\/\\\/www.caudete.org\\\/ayuntamiento\\\/la-biblioteca-publica-municipal-ha-sido-galardonada-con-el-premio-maria-moliner\\\/#article\",\"isPartOf\":{\"@id\":\"https:\\\/\\\/www.caudete.org\\\/ayuntamiento\\\/la-biblioteca-publica-municipal-ha-sido-galardonada-con-el-premio-maria-moliner\\\/\"},\"author\":{\"name\":\"Dpto Informatica MI Ayuntamiento de Caudete\",\"@id\":\"https:\\\/\\\/www.caudete.org\\\/ayuntamiento\\\/#\\\/schema\\\/person\\\/4b9eab41761957db9b1bf9c418d1ef46\"},\"headline\":\"La Biblioteca P\u00fablica Municipal ha sido galardonada con el premio Mar\u00eda Moliner\",\"datePublished\":\"2024-10-20T10:13:29+00:00\",\"mainEntityOfPage\":{\"@id\":\"https:\\\/\\\/www.caudete.org\\\/ayuntamiento\\\/la-biblioteca-publica-municipal-ha-sido-galardonada-con-el-premio-maria-moliner\\\/\"},\"wordCount\":407,\"image\":{\"@id\":\"https:\\\/\\\/www.caudete.org\\\/ayuntamiento\\\/la-biblioteca-publica-municipal-ha-sido-galardonada-con-el-premio-maria-moliner\\\/#primaryimage\"},\"thumbnailUrl\":\"https:\\\/\\\/www.caudete.org\\\/ayuntamiento\\\/wp-content\\\/uploads\\\/2024\\\/10\\\/MariaMoliner-port.jpg\",\"articleSection\":[\"Cultura\"],\"inLanguage\":\"es\"},{\"@type\":\"WebPage\",\"@id\":\"https:\\\/\\\/www.caudete.org\\\/ayuntamiento\\\/la-biblioteca-publica-municipal-ha-sido-galardonada-con-el-premio-maria-moliner\\\/\",\"url\":\"https:\\\/\\\/www.caudete.org\\\/ayuntamiento\\\/la-biblioteca-publica-municipal-ha-sido-galardonada-con-el-premio-maria-moliner\\\/\",\"name\":\"La Biblioteca P\u00fablica Municipal ha sido galardonada con el premio Mar\u00eda Moliner - MI Ayuntamiento de Caudete\",\"isPartOf\":{\"@id\":\"https:\\\/\\\/www.caudete.org\\\/ayuntamiento\\\/#website\"},\"primaryImageOfPage\":{\"@id\":\"https:\\\/\\\/www.caudete.org\\\/ayuntamiento\\\/la-biblioteca-publica-municipal-ha-sido-galardonada-con-el-premio-maria-moliner\\\/#primaryimage\"},\"image\":{\"@id\":\"https:\\\/\\\/www.caudete.org\\\/ayuntamiento\\\/la-biblioteca-publica-municipal-ha-sido-galardonada-con-el-premio-maria-moliner\\\/#primaryimage\"},\"thumbnailUrl\":\"https:\\\/\\\/www.caudete.org\\\/ayuntamiento\\\/wp-content\\\/uploads\\\/2024\\\/10\\\/MariaMoliner-port.jpg\",\"datePublished\":\"2024-10-20T10:13:29+00:00\",\"author\":{\"@id\":\"https:\\\/\\\/www.caudete.org\\\/ayuntamiento\\\/#\\\/schema\\\/person\\\/4b9eab41761957db9b1bf9c418d1ef46\"},\"description\":\"P\u00e1gina Oficial del Ayuntamiento de Caudete (Albacete)\",\"breadcrumb\":{\"@id\":\"https:\\\/\\\/www.caudete.org\\\/ayuntamiento\\\/la-biblioteca-publica-municipal-ha-sido-galardonada-con-el-premio-maria-moliner\\\/#breadcrumb\"},\"inLanguage\":\"es\",\"potentialAction\":[{\"@type\":\"ReadAction\",\"target\":[\"https:\\\/\\\/www.caudete.org\\\/ayuntamiento\\\/la-biblioteca-publica-municipal-ha-sido-galardonada-con-el-premio-maria-moliner\\\/\"]}]},{\"@type\":\"ImageObject\",\"inLanguage\":\"es\",\"@id\":\"https:\\\/\\\/www.caudete.org\\\/ayuntamiento\\\/la-biblioteca-publica-municipal-ha-sido-galardonada-con-el-premio-maria-moliner\\\/#primaryimage\",\"url\":\"https:\\\/\\\/www.caudete.org\\\/ayuntamiento\\\/wp-content\\\/uploads\\\/2024\\\/10\\\/MariaMoliner-port.jpg\",\"contentUrl\":\"https:\\\/\\\/www.caudete.org\\\/ayuntamiento\\\/wp-content\\\/uploads\\\/2024\\\/10\\\/MariaMoliner-port.jpg\",\"width\":1079,\"height\":542},{\"@type\":\"BreadcrumbList\",\"@id\":\"https:\\\/\\\/www.caudete.org\\\/ayuntamiento\\\/la-biblioteca-publica-municipal-ha-sido-galardonada-con-el-premio-maria-moliner\\\/#breadcrumb\",\"itemListElement\":[{\"@type\":\"ListItem\",\"position\":1,\"name\":\"Inicio\",\"item\":\"https:\\\/\\\/www.caudete.org\\\/ayuntamiento\\\/\"},{\"@type\":\"ListItem\",\"position\":2,\"name\":\"La Biblioteca P\u00fablica Municipal ha sido galardonada con el premio Mar\u00eda Moliner\"}]},{\"@type\":\"WebSite\",\"@id\":\"https:\\\/\\\/www.caudete.org\\\/ayuntamiento\\\/#website\",\"url\":\"https:\\\/\\\/www.caudete.org\\\/ayuntamiento\\\/\",\"name\":\"MI Ayuntamiento de Caudete\",\"description\":\"P\u00e1gina Oficial del MI Ayuntamiento de Caudete\",\"potentialAction\":[{\"@type\":\"SearchAction\",\"target\":{\"@type\":\"EntryPoint\",\"urlTemplate\":\"https:\\\/\\\/www.caudete.org\\\/ayuntamiento\\\/?s={search_term_string}\"},\"query-input\":{\"@type\":\"PropertyValueSpecification\",\"valueRequired\":true,\"valueName\":\"search_term_string\"}}],\"inLanguage\":\"es\"},{\"@type\":\"Person\",\"@id\":\"https:\\\/\\\/www.caudete.org\\\/ayuntamiento\\\/#\\\/schema\\\/person\\\/4b9eab41761957db9b1bf9c418d1ef46\",\"name\":\"Dpto Informatica MI Ayuntamiento de Caudete\",\"image\":{\"@type\":\"ImageObject\",\"inLanguage\":\"es\",\"@id\":\"https:\\\/\\\/secure.gravatar.com\\\/avatar\\\/ac0321ee4a0a83e82a253e7b2d348ef539e2c8fe16d06b600bde04de1b364fa7?s=96&d=mm&r=g\",\"url\":\"https:\\\/\\\/secure.gravatar.com\\\/avatar\\\/ac0321ee4a0a83e82a253e7b2d348ef539e2c8fe16d06b600bde04de1b364fa7?s=96&d=mm&r=g\",\"contentUrl\":\"https:\\\/\\\/secure.gravatar.com\\\/avatar\\\/ac0321ee4a0a83e82a253e7b2d348ef539e2c8fe16d06b600bde04de1b364fa7?s=96&d=mm&r=g\",\"caption\":\"Dpto Informatica MI Ayuntamiento de Caudete\"},\"url\":\"https:\\\/\\\/www.caudete.org\\\/ayuntamiento\\\/author\\\/informatica\\\/\"}]}<\/script>\n<!-- \/ Yoast SEO plugin. -->","yoast_head_json":{"title":"La Biblioteca P\u00fablica Municipal ha sido galardonada con el premio Mar\u00eda Moliner - MI Ayuntamiento de Caudete","description":"P\u00e1gina Oficial del Ayuntamiento de Caudete (Albacete)","robots":{"index":"index","follow":"follow","max-snippet":"max-snippet:-1","max-image-preview":"max-image-preview:large","max-video-preview":"max-video-preview:-1"},"canonical":"https:\/\/www.caudete.org\/ayuntamiento\/la-biblioteca-publica-municipal-ha-sido-galardonada-con-el-premio-maria-moliner\/","og_locale":"es_ES","og_type":"article","og_title":"La Biblioteca P\u00fablica Municipal ha sido galardonada con el premio Mar\u00eda Moliner - MI Ayuntamiento de Caudete","og_description":"P\u00e1gina Oficial del Ayuntamiento de Caudete (Albacete)","og_url":"https:\/\/www.caudete.org\/ayuntamiento\/la-biblioteca-publica-municipal-ha-sido-galardonada-con-el-premio-maria-moliner\/","og_site_name":"MI Ayuntamiento de Caudete","article_publisher":"https:\/\/www.facebook.com\/ayuntamientocaudete\/","article_published_time":"2024-10-20T10:13:29+00:00","og_image":[{"width":1079,"height":542,"url":"https:\/\/www.caudete.org\/ayuntamiento\/wp-content\/uploads\/2024\/10\/MariaMoliner-port.jpg","type":"image\/jpeg"}],"author":"Dpto Informatica MI Ayuntamiento de Caudete","twitter_card":"summary_large_image","twitter_misc":{"Escrito por":"Dpto Informatica MI Ayuntamiento de Caudete","Tiempo de lectura":"2 minutos"},"schema":{"@context":"https:\/\/schema.org","@graph":[{"@type":"Article","@id":"https:\/\/www.caudete.org\/ayuntamiento\/la-biblioteca-publica-municipal-ha-sido-galardonada-con-el-premio-maria-moliner\/#article","isPartOf":{"@id":"https:\/\/www.caudete.org\/ayuntamiento\/la-biblioteca-publica-municipal-ha-sido-galardonada-con-el-premio-maria-moliner\/"},"author":{"name":"Dpto Informatica MI Ayuntamiento de Caudete","@id":"https:\/\/www.caudete.org\/ayuntamiento\/#\/schema\/person\/4b9eab41761957db9b1bf9c418d1ef46"},"headline":"La Biblioteca P\u00fablica Municipal ha sido galardonada con el premio Mar\u00eda Moliner","datePublished":"2024-10-20T10:13:29+00:00","mainEntityOfPage":{"@id":"https:\/\/www.caudete.org\/ayuntamiento\/la-biblioteca-publica-municipal-ha-sido-galardonada-con-el-premio-maria-moliner\/"},"wordCount":407,"image":{"@id":"https:\/\/www.caudete.org\/ayuntamiento\/la-biblioteca-publica-municipal-ha-sido-galardonada-con-el-premio-maria-moliner\/#primaryimage"},"thumbnailUrl":"https:\/\/www.caudete.org\/ayuntamiento\/wp-content\/uploads\/2024\/10\/MariaMoliner-port.jpg","articleSection":["Cultura"],"inLanguage":"es"},{"@type":"WebPage","@id":"https:\/\/www.caudete.org\/ayuntamiento\/la-biblioteca-publica-municipal-ha-sido-galardonada-con-el-premio-maria-moliner\/","url":"https:\/\/www.caudete.org\/ayuntamiento\/la-biblioteca-publica-municipal-ha-sido-galardonada-con-el-premio-maria-moliner\/","name":"La Biblioteca P\u00fablica Municipal ha sido galardonada con el premio Mar\u00eda Moliner - MI Ayuntamiento de Caudete","isPartOf":{"@id":"https:\/\/www.caudete.org\/ayuntamiento\/#website"},"primaryImageOfPage":{"@id":"https:\/\/www.caudete.org\/ayuntamiento\/la-biblioteca-publica-municipal-ha-sido-galardonada-con-el-premio-maria-moliner\/#primaryimage"},"image":{"@id":"https:\/\/www.caudete.org\/ayuntamiento\/la-biblioteca-publica-municipal-ha-sido-galardonada-con-el-premio-maria-moliner\/#primaryimage"},"thumbnailUrl":"https:\/\/www.caudete.org\/ayuntamiento\/wp-content\/uploads\/2024\/10\/MariaMoliner-port.jpg","datePublished":"2024-10-20T10:13:29+00:00","author":{"@id":"https:\/\/www.caudete.org\/ayuntamiento\/#\/schema\/person\/4b9eab41761957db9b1bf9c418d1ef46"},"description":"P\u00e1gina Oficial del Ayuntamiento de Caudete (Albacete)","breadcrumb":{"@id":"https:\/\/www.caudete.org\/ayuntamiento\/la-biblioteca-publica-municipal-ha-sido-galardonada-con-el-premio-maria-moliner\/#breadcrumb"},"inLanguage":"es","potentialAction":[{"@type":"ReadAction","target":["https:\/\/www.caudete.org\/ayuntamiento\/la-biblioteca-publica-municipal-ha-sido-galardonada-con-el-premio-maria-moliner\/"]}]},{"@type":"ImageObject","inLanguage":"es","@id":"https:\/\/www.caudete.org\/ayuntamiento\/la-biblioteca-publica-municipal-ha-sido-galardonada-con-el-premio-maria-moliner\/#primaryimage","url":"https:\/\/www.caudete.org\/ayuntamiento\/wp-content\/uploads\/2024\/10\/MariaMoliner-port.jpg","contentUrl":"https:\/\/www.caudete.org\/ayuntamiento\/wp-content\/uploads\/2024\/10\/MariaMoliner-port.jpg","width":1079,"height":542},{"@type":"BreadcrumbList","@id":"https:\/\/www.caudete.org\/ayuntamiento\/la-biblioteca-publica-municipal-ha-sido-galardonada-con-el-premio-maria-moliner\/#breadcrumb","itemListElement":[{"@type":"ListItem","position":1,"name":"Inicio","item":"https:\/\/www.caudete.org\/ayuntamiento\/"},{"@type":"ListItem","position":2,"name":"La Biblioteca P\u00fablica Municipal ha sido galardonada con el premio Mar\u00eda Moliner"}]},{"@type":"WebSite","@id":"https:\/\/www.caudete.org\/ayuntamiento\/#website","url":"https:\/\/www.caudete.org\/ayuntamiento\/","name":"MI Ayuntamiento de Caudete","description":"P\u00e1gina Oficial del MI Ayuntamiento de Caudete","potentialAction":[{"@type":"SearchAction","target":{"@type":"EntryPoint","urlTemplate":"https:\/\/www.caudete.org\/ayuntamiento\/?s={search_term_string}"},"query-input":{"@type":"PropertyValueSpecification","valueRequired":true,"valueName":"search_term_string"}}],"inLanguage":"es"},{"@type":"Person","@id":"https:\/\/www.caudete.org\/ayuntamiento\/#\/schema\/person\/4b9eab41761957db9b1bf9c418d1ef46","name":"Dpto Informatica MI Ayuntamiento de Caudete","image":{"@type":"ImageObject","inLanguage":"es","@id":"https:\/\/secure.gravatar.com\/avatar\/ac0321ee4a0a83e82a253e7b2d348ef539e2c8fe16d06b600bde04de1b364fa7?s=96&d=mm&r=g","url":"https:\/\/secure.gravatar.com\/avatar\/ac0321ee4a0a83e82a253e7b2d348ef539e2c8fe16d06b600bde04de1b364fa7?s=96&d=mm&r=g","contentUrl":"https:\/\/secure.gravatar.com\/avatar\/ac0321ee4a0a83e82a253e7b2d348ef539e2c8fe16d06b600bde04de1b364fa7?s=96&d=mm&r=g","caption":"Dpto Informatica MI Ayuntamiento de Caudete"},"url":"https:\/\/www.caudete.org\/ayuntamiento\/author\/informatica\/"}]}},"_links":{"self":[{"href":"https:\/\/www.caudete.org\/ayuntamiento\/wp-json\/wp\/v2\/posts\/26350","targetHints":{"allow":["GET"]}}],"collection":[{"href":"https:\/\/www.caudete.org\/ayuntamiento\/wp-json\/wp\/v2\/posts"}],"about":[{"href":"https:\/\/www.caudete.org\/ayuntamiento\/wp-json\/wp\/v2\/types\/post"}],"author":[{"embeddable":true,"href":"https:\/\/www.caudete.org\/ayuntamiento\/wp-json\/wp\/v2\/users\/5"}],"replies":[{"embeddable":true,"href":"https:\/\/www.caudete.org\/ayuntamiento\/wp-json\/wp\/v2\/comments?post=26350"}],"version-history":[{"count":1,"href":"https:\/\/www.caudete.org\/ayuntamiento\/wp-json\/wp\/v2\/posts\/26350\/revisions"}],"predecessor-version":[{"id":26353,"href":"https:\/\/www.caudete.org\/ayuntamiento\/wp-json\/wp\/v2\/posts\/26350\/revisions\/26353"}],"wp:featuredmedia":[{"embeddable":true,"href":"https:\/\/www.caudete.org\/ayuntamiento\/wp-json\/wp\/v2\/media\/26351"}],"wp:attachment":[{"href":"https:\/\/www.caudete.org\/ayuntamiento\/wp-json\/wp\/v2\/media?parent=26350"}],"wp:term":[{"taxonomy":"category","embeddable":true,"href":"https:\/\/www.caudete.org\/ayuntamiento\/wp-json\/wp\/v2\/categories?post=26350"},{"taxonomy":"post_tag","embeddable":true,"href":"https:\/\/www.caudete.org\/ayuntamiento\/wp-json\/wp\/v2\/tags?post=26350"}],"curies":[{"name":"wp","href":"https:\/\/api.w.org\/{rel}","templated":true}]}}