{"id":26368,"date":"2024-10-22T09:14:56","date_gmt":"2024-10-22T07:14:56","guid":{"rendered":"https:\/\/www.caudete.org\/ayuntamiento\/?p=26368"},"modified":"2024-11-08T13:20:41","modified_gmt":"2024-11-08T12:20:41","slug":"presentadas-las-ii-jornadas-de-la-vida-y-de-la-muerte-una-vision-diferente","status":"publish","type":"post","link":"https:\/\/www.caudete.org\/ayuntamiento\/presentadas-las-ii-jornadas-de-la-vida-y-de-la-muerte-una-vision-diferente\/","title":{"rendered":"Presentadas las II JORNADAS &#8220;DE LA VIDA Y DE LA MUERTE. UNA VISI\u00d3N DIFERENTE&#8221;"},"content":{"rendered":"<p style=\"text-align: justify;\">Esta ma\u00f1ana el Alcalde Mois\u00e9s L\u00f3pez, como gestor del Cementerio Municipal, ha presentado la programaci\u00f3n de las\u00a0 \u00a0 \u00a0<em><strong>II Jornadas \u201cDE LA VIDA Y DE LA MUERTE. UNA VISI\u00d3N DIFERENTE\u201d<\/strong><\/em> que dado el \u00e9xito obtenido en la primera edici\u00f3n el pasado a\u00f1o, se han programado unas nuevas desde el Consistorio en torno a la festividad de Todos Los Santos y Fieles Difuntos.<\/p>\n<p style=\"text-align: justify;\">Tal y como expresaba, las jornadas tratan de acercar esta realidad que afecta a la sociedad, buscando dejar atr\u00e1s el tab\u00fa de la muerte para adentrarse y conocer la cultura funeraria desde diferentes puntos de vista: hist\u00f3rico, social, psicol\u00f3gico, cultural, etc. Todo ello, dentro del marco del acto principal que desde 2019 el Ayuntamiento realiza el 1 de Noviembre, en recuerdo a todos los caudetanos difuntos del \u00faltimo a\u00f1o.<\/p>\n<p style=\"text-align: justify;\">Las jornadas cuentan con la organizaci\u00f3n de la Concejal\u00eda de Cementerio, y la colaboraci\u00f3n de las Concejal\u00edas de Cultura, Turismo y Bienestar Social. As\u00ed mismo, con la colaboraci\u00f3n externa de la Excma. Diputaci\u00f3n Provincial de Albacete, la Parroquia de Santa Catalina y la Asociaci\u00f3n &#8220;La Descre\u00edda&#8221; de Almansa (Albacete).<\/p>\n<p>La programaci\u00f3n es la que sigue:<\/p>\n<p>&nbsp;<\/p>\n<p style=\"text-align: justify;\">Mi\u00e9rcoles <strong>30 Octubre, 20:00<\/strong> en el Museo de Acuarela<br \/>\n<span style=\"text-decoration: underline;\"><strong>\u201cEL SIMBOLISMO DE LA MUERTE EN EL ARTE DE LA PINTURA\u201d<\/strong><\/span><br \/>\nPonente: <em><strong>Jos\u00e9 Manuel Guardia Villar<\/strong><\/em>, Ldo. en Geograf\u00eda e Historia y Coordinador UNED Aula de Elda.<\/p>\n<p style=\"text-align: justify;\">\n<p style=\"text-align: justify;\">Jueves <strong>31 Octubre, 19:30<\/strong> en la Sala de Exposiciones<\/p>\n<p style=\"text-align: justify;\"><span style=\"text-decoration: underline;\"><strong>\u201cLA CULTURA DE LA MUERTE\u201d<\/strong><\/span><\/p>\n<p style=\"text-align: justify;\">\n<p style=\"text-align: justify;\">Jueves <strong>31 Octubre, 20:00<\/strong> en el Museo de Acuarela<br \/>\n<span style=\"text-decoration: underline;\"><strong>\u201cMORIR\u00c9, M\u00c1S DIOS ME HA O\u00cdDO\u201d LOS PREPARATIVOS DEL ULTIMO VIAJE. CAUDETE, S.XVII-XVIII<\/strong><\/span><br \/>\nPonente: <em><strong>Virtudes Navarro Navarro<\/strong><\/em>, Lda. en Geograf\u00eda e Historia (especialidad Historia Medieval), y Archivera Municipal.<\/p>\n<p style=\"text-align: justify;\">\n<p style=\"text-align: justify;\">Viernes <strong>1 Noviembre, 11.30<\/strong> en la Capilla del Cementerio.<\/p>\n<p style=\"text-align: justify;\"><strong><span style=\"text-decoration: underline;\">ACTO C\u00cdVICO-RELIGIOSO EN RECUERDO A LOS FIELES DIFUNTOS<\/span><\/strong><\/p>\n<p style=\"text-align: justify;\">\n<p style=\"text-align: justify;\">Viernes <strong>1 Noviembre, 11.30<\/strong> en el Cementerio Nuevo.<\/p>\n<p style=\"text-align: justify;\"><span style=\"text-decoration: underline;\"><strong>CONCIERTO SINF\u00d3NICO\u00a0 &#8220;RECUERDO A LOS AUSENTES&#8221;<\/strong><\/span><br \/>\npor la Sdad. Uni\u00f3n Musical Santa Cecilia de Caudete<\/p>\n<p style=\"text-align: justify;\">\n<p style=\"text-align: justify;\"><strong>***<\/strong>Habr\u00e1 servicio de <em><strong>autob\u00fas gratuito<\/strong><\/em> con salida en C\/Alcalde Luis Pascual (La Torre), con salida a las 9:15, 10:15, 11:15, 12:15 y 13:15 h (los regresos ser\u00e1n media hora despu\u00e9s).<\/p>\n<p style=\"text-align: justify;\">\nS\u00e1bado <strong>2 Noviembre, 10:00<\/strong> Capilla del Cementerio<br \/>\n<span style=\"text-decoration: underline;\"><strong>MISA DE DIFUNTOS<\/strong><\/span><\/p>\n<p style=\"text-align: justify;\"><em><strong>***<\/strong>Habr\u00e1 servicio de <strong>autob\u00fas gratuito<\/strong> con salida en C\/ Alcalde Luis Pascual (La Torre), con salida a las 09:45 h y regreso a las 11.00 h.<\/em><\/p>\n<p style=\"text-align: justify;\">\n<p style=\"text-align: justify;\">S\u00e1bado <strong>2 Noviembre, 19:30<\/strong> Cementerio Municipal<\/p>\n<p style=\"text-align: justify;\"><span style=\"text-decoration: underline;\"><strong>VISITA GUIADA NOCTURNA POR EL INTERIOR DEL CEMENTERIO<\/strong><\/span><\/p>\n<p style=\"text-align: justify;\">Plazas limitadas. Imprescindible inscripciones en Oficina de Turismo (C\/Abad\u00eda 2 \u2013 965 828 134)<\/p>\n<p style=\"text-align: justify;\">\n<p style=\"text-align: justify;\">Domingo 3<strong> Noviembre, 12:00<\/strong> Cementerio Municipal<\/p>\n<p style=\"text-align: justify;\"><span style=\"text-decoration: underline;\"><strong>VISITA GUIADA POR EL INTERIOR DEL CEMENTERIO<\/strong><\/span><\/p>\n<p style=\"text-align: justify;\">Plazas limitadas. Imprescindible inscripciones en Oficina de Turismo (C\/Abad\u00eda 2 \u2013 965 828 134)<\/p>\n<p style=\"text-align: justify;\">\n<p style=\"text-align: justify;\">Lunes <strong>4 Noviembre, 20:00<\/strong> Museo de Acuarela<br \/>\n<span style=\"text-decoration: underline;\"><strong>\u201cESPACIOS DE CUIDADOS EN<\/strong> <strong>EL DUELO\u201d<\/strong><\/span><br \/>\n<em>Ponente: <strong>Virtudes Garc\u00eda Guardiola<\/strong> Fundadora y Presidenta Asociaci\u00f3n \u201cLa Descre\u00edda\u201d (Almansa)<\/em><\/p>\n<p style=\"text-align: justify;\">\n<p style=\"text-align: justify;\">Mi\u00e9rcoles <strong>6 Noviembre, 20:00<\/strong> Auditorio Municipal<br \/>\n<strong><span style=\"text-decoration: underline;\">\u201cEL CORAJE DE VIVIR A PESAR<\/span> DEL HORIZONTE DE LA MUERTE\u201d<\/strong><br \/>\nPonente: Jos\u00e9 Cabrera Forneiro, Psiquiatra y M\u00e9dico Forense, colaborador de \u201cCuarto Milenio\u201d<\/p>\n<p><a href=\"https:\/\/www.caudete.org\/ayuntamiento\/wp-content\/uploads\/2024\/10\/WhatsApp-Image-2024-10-17-at-08.18.41-1.jpeg\" rel='prettyPhoto'><img fetchpriority=\"high\" decoding=\"async\" class=\"alignnone wp-image-26370 size-full\" src=\"https:\/\/www.caudete.org\/ayuntamiento\/wp-content\/uploads\/2024\/10\/WhatsApp-Image-2024-10-17-at-08.18.41-1.jpeg\" alt=\"\" width=\"1135\" height=\"1600\" srcset=\"https:\/\/www.caudete.org\/ayuntamiento\/wp-content\/uploads\/2024\/10\/WhatsApp-Image-2024-10-17-at-08.18.41-1.jpeg 1135w, https:\/\/www.caudete.org\/ayuntamiento\/wp-content\/uploads\/2024\/10\/WhatsApp-Image-2024-10-17-at-08.18.41-1-213x300.jpeg 213w, https:\/\/www.caudete.org\/ayuntamiento\/wp-content\/uploads\/2024\/10\/WhatsApp-Image-2024-10-17-at-08.18.41-1-726x1024.jpeg 726w, https:\/\/www.caudete.org\/ayuntamiento\/wp-content\/uploads\/2024\/10\/WhatsApp-Image-2024-10-17-at-08.18.41-1-768x1083.jpeg 768w, https:\/\/www.caudete.org\/ayuntamiento\/wp-content\/uploads\/2024\/10\/WhatsApp-Image-2024-10-17-at-08.18.41-1-1090x1536.jpeg 1090w\" sizes=\"(max-width: 1135px) 100vw, 1135px\" \/><\/a><\/p>\n<p style=\"text-align: justify;\">\n","protected":false},"excerpt":{"rendered":"<p>Esta ma\u00f1ana el Alcalde Mois\u00e9s L\u00f3pez, como gestor del Cementerio Municipal, ha presentado la programaci\u00f3n de las\u00a0 \u00a0 \u00a0II Jornadas \u201cDE LA VIDA Y DE LA MUERTE. UNA VISI\u00d3N DIFERENTE\u201d que dado el \u00e9xito obtenido en la primera edici\u00f3n el pasado a\u00f1o, se han programado unas nuevas desde el Consistorio en torno a la festividad &hellip;<\/p>\n","protected":false},"author":3,"featured_media":26369,"comment_status":"closed","ping_status":"open","sticky":false,"template":"","format":"standard","meta":{"ngg_post_thumbnail":0,"footnotes":""},"categories":[30],"tags":[],"class_list":["post-26368","post","type-post","status-publish","format-standard","has-post-thumbnail","hentry","category-cementerio"],"yoast_head":"<!-- This site is optimized with the Yoast SEO plugin v27.4 - https:\/\/yoast.com\/product\/yoast-seo-wordpress\/ -->\n<title>Presentadas las II JORNADAS &quot;DE LA VIDA Y DE LA MUERTE. UNA VISI\u00d3N DIFERENTE&quot; - MI Ayuntamiento de Caudete<\/title>\n<meta name=\"description\" content=\"P\u00e1gina Oficial del Ayuntamiento de Caudete (Albacete)\" \/>\n<meta name=\"robots\" content=\"index, follow, max-snippet:-1, max-image-preview:large, max-video-preview:-1\" \/>\n<link rel=\"canonical\" href=\"https:\/\/www.caudete.org\/ayuntamiento\/presentadas-las-ii-jornadas-de-la-vida-y-de-la-muerte-una-vision-diferente\/\" \/>\n<meta property=\"og:locale\" content=\"es_ES\" \/>\n<meta property=\"og:type\" content=\"article\" \/>\n<meta property=\"og:title\" content=\"Presentadas las II JORNADAS &quot;DE LA VIDA Y DE LA MUERTE. UNA VISI\u00d3N DIFERENTE&quot; - MI Ayuntamiento de Caudete\" \/>\n<meta property=\"og:description\" content=\"P\u00e1gina Oficial del Ayuntamiento de Caudete (Albacete)\" \/>\n<meta property=\"og:url\" content=\"https:\/\/www.caudete.org\/ayuntamiento\/presentadas-las-ii-jornadas-de-la-vida-y-de-la-muerte-una-vision-diferente\/\" \/>\n<meta property=\"og:site_name\" content=\"MI Ayuntamiento de Caudete\" \/>\n<meta property=\"article:publisher\" content=\"https:\/\/www.facebook.com\/ayuntamientocaudete\/\" \/>\n<meta property=\"article:published_time\" content=\"2024-10-22T07:14:56+00:00\" \/>\n<meta property=\"article:modified_time\" content=\"2024-11-08T12:20:41+00:00\" \/>\n<meta property=\"og:image\" content=\"https:\/\/www.caudete.org\/ayuntamiento\/wp-content\/uploads\/2024\/10\/WhatsApp-Image-2024-10-17-at-08.18.41.jpeg\" \/>\n\t<meta property=\"og:image:width\" content=\"1135\" \/>\n\t<meta property=\"og:image:height\" content=\"755\" \/>\n\t<meta property=\"og:image:type\" content=\"image\/jpeg\" \/>\n<meta name=\"author\" content=\"alcalde\" \/>\n<meta name=\"twitter:card\" content=\"summary_large_image\" \/>\n<meta name=\"twitter:label1\" content=\"Escrito por\" \/>\n\t<meta name=\"twitter:data1\" content=\"alcalde\" \/>\n\t<meta name=\"twitter:label2\" content=\"Tiempo de lectura\" \/>\n\t<meta name=\"twitter:data2\" content=\"3 minutos\" \/>\n<script type=\"application\/ld+json\" class=\"yoast-schema-graph\">{\"@context\":\"https:\\\/\\\/schema.org\",\"@graph\":[{\"@type\":\"Article\",\"@id\":\"https:\\\/\\\/www.caudete.org\\\/ayuntamiento\\\/presentadas-las-ii-jornadas-de-la-vida-y-de-la-muerte-una-vision-diferente\\\/#article\",\"isPartOf\":{\"@id\":\"https:\\\/\\\/www.caudete.org\\\/ayuntamiento\\\/presentadas-las-ii-jornadas-de-la-vida-y-de-la-muerte-una-vision-diferente\\\/\"},\"author\":{\"name\":\"alcalde\",\"@id\":\"https:\\\/\\\/www.caudete.org\\\/ayuntamiento\\\/#\\\/schema\\\/person\\\/cc646da9133078ee4d8dd47457947253\"},\"headline\":\"Presentadas las II JORNADAS &#8220;DE LA VIDA Y DE LA MUERTE. UNA VISI\u00d3N DIFERENTE&#8221;\",\"datePublished\":\"2024-10-22T07:14:56+00:00\",\"dateModified\":\"2024-11-08T12:20:41+00:00\",\"mainEntityOfPage\":{\"@id\":\"https:\\\/\\\/www.caudete.org\\\/ayuntamiento\\\/presentadas-las-ii-jornadas-de-la-vida-y-de-la-muerte-una-vision-diferente\\\/\"},\"wordCount\":508,\"publisher\":{\"@id\":\"https:\\\/\\\/www.caudete.org\\\/ayuntamiento\\\/#organization\"},\"image\":{\"@id\":\"https:\\\/\\\/www.caudete.org\\\/ayuntamiento\\\/presentadas-las-ii-jornadas-de-la-vida-y-de-la-muerte-una-vision-diferente\\\/#primaryimage\"},\"thumbnailUrl\":\"https:\\\/\\\/www.caudete.org\\\/ayuntamiento\\\/wp-content\\\/uploads\\\/2024\\\/10\\\/WhatsApp-Image-2024-10-17-at-08.18.41.jpeg\",\"articleSection\":[\"Cementerio\"],\"inLanguage\":\"es\"},{\"@type\":\"WebPage\",\"@id\":\"https:\\\/\\\/www.caudete.org\\\/ayuntamiento\\\/presentadas-las-ii-jornadas-de-la-vida-y-de-la-muerte-una-vision-diferente\\\/\",\"url\":\"https:\\\/\\\/www.caudete.org\\\/ayuntamiento\\\/presentadas-las-ii-jornadas-de-la-vida-y-de-la-muerte-una-vision-diferente\\\/\",\"name\":\"Presentadas las II JORNADAS \\\"DE LA VIDA Y DE LA MUERTE. UNA VISI\u00d3N DIFERENTE\\\" - MI Ayuntamiento de Caudete\",\"isPartOf\":{\"@id\":\"https:\\\/\\\/www.caudete.org\\\/ayuntamiento\\\/#website\"},\"primaryImageOfPage\":{\"@id\":\"https:\\\/\\\/www.caudete.org\\\/ayuntamiento\\\/presentadas-las-ii-jornadas-de-la-vida-y-de-la-muerte-una-vision-diferente\\\/#primaryimage\"},\"image\":{\"@id\":\"https:\\\/\\\/www.caudete.org\\\/ayuntamiento\\\/presentadas-las-ii-jornadas-de-la-vida-y-de-la-muerte-una-vision-diferente\\\/#primaryimage\"},\"thumbnailUrl\":\"https:\\\/\\\/www.caudete.org\\\/ayuntamiento\\\/wp-content\\\/uploads\\\/2024\\\/10\\\/WhatsApp-Image-2024-10-17-at-08.18.41.jpeg\",\"datePublished\":\"2024-10-22T07:14:56+00:00\",\"dateModified\":\"2024-11-08T12:20:41+00:00\",\"description\":\"P\u00e1gina Oficial del Ayuntamiento de Caudete (Albacete)\",\"breadcrumb\":{\"@id\":\"https:\\\/\\\/www.caudete.org\\\/ayuntamiento\\\/presentadas-las-ii-jornadas-de-la-vida-y-de-la-muerte-una-vision-diferente\\\/#breadcrumb\"},\"inLanguage\":\"es\",\"potentialAction\":[{\"@type\":\"ReadAction\",\"target\":[\"https:\\\/\\\/www.caudete.org\\\/ayuntamiento\\\/presentadas-las-ii-jornadas-de-la-vida-y-de-la-muerte-una-vision-diferente\\\/\"]}]},{\"@type\":\"ImageObject\",\"inLanguage\":\"es\",\"@id\":\"https:\\\/\\\/www.caudete.org\\\/ayuntamiento\\\/presentadas-las-ii-jornadas-de-la-vida-y-de-la-muerte-una-vision-diferente\\\/#primaryimage\",\"url\":\"https:\\\/\\\/www.caudete.org\\\/ayuntamiento\\\/wp-content\\\/uploads\\\/2024\\\/10\\\/WhatsApp-Image-2024-10-17-at-08.18.41.jpeg\",\"contentUrl\":\"https:\\\/\\\/www.caudete.org\\\/ayuntamiento\\\/wp-content\\\/uploads\\\/2024\\\/10\\\/WhatsApp-Image-2024-10-17-at-08.18.41.jpeg\",\"width\":1135,\"height\":755},{\"@type\":\"BreadcrumbList\",\"@id\":\"https:\\\/\\\/www.caudete.org\\\/ayuntamiento\\\/presentadas-las-ii-jornadas-de-la-vida-y-de-la-muerte-una-vision-diferente\\\/#breadcrumb\",\"itemListElement\":[{\"@type\":\"ListItem\",\"position\":1,\"name\":\"Inicio\",\"item\":\"https:\\\/\\\/www.caudete.org\\\/ayuntamiento\\\/\"},{\"@type\":\"ListItem\",\"position\":2,\"name\":\"Presentadas las II JORNADAS &#8220;DE LA VIDA Y DE LA MUERTE. UNA VISI\u00d3N DIFERENTE&#8221;\"}]},{\"@type\":\"WebSite\",\"@id\":\"https:\\\/\\\/www.caudete.org\\\/ayuntamiento\\\/#website\",\"url\":\"https:\\\/\\\/www.caudete.org\\\/ayuntamiento\\\/\",\"name\":\"MI Ayuntamiento de Caudete\",\"description\":\"P\u00e1gina Oficial del MI Ayuntamiento de Caudete\",\"publisher\":{\"@id\":\"https:\\\/\\\/www.caudete.org\\\/ayuntamiento\\\/#organization\"},\"potentialAction\":[{\"@type\":\"SearchAction\",\"target\":{\"@type\":\"EntryPoint\",\"urlTemplate\":\"https:\\\/\\\/www.caudete.org\\\/ayuntamiento\\\/?s={search_term_string}\"},\"query-input\":{\"@type\":\"PropertyValueSpecification\",\"valueRequired\":true,\"valueName\":\"search_term_string\"}}],\"inLanguage\":\"es\"},{\"@type\":\"Organization\",\"@id\":\"https:\\\/\\\/www.caudete.org\\\/ayuntamiento\\\/#organization\",\"name\":\"Ayuntamiento de Caudete\",\"url\":\"https:\\\/\\\/www.caudete.org\\\/ayuntamiento\\\/\",\"logo\":{\"@type\":\"ImageObject\",\"inLanguage\":\"es\",\"@id\":\"https:\\\/\\\/www.caudete.org\\\/ayuntamiento\\\/#\\\/schema\\\/logo\\\/image\\\/\",\"url\":\"https:\\\/\\\/www.caudete.org\\\/ayuntamiento\\\/wp-content\\\/uploads\\\/2020\\\/11\\\/logo_ayuntamiento_caudete.jpg\",\"contentUrl\":\"https:\\\/\\\/www.caudete.org\\\/ayuntamiento\\\/wp-content\\\/uploads\\\/2020\\\/11\\\/logo_ayuntamiento_caudete.jpg\",\"width\":600,\"height\":150,\"caption\":\"Ayuntamiento de Caudete\"},\"image\":{\"@id\":\"https:\\\/\\\/www.caudete.org\\\/ayuntamiento\\\/#\\\/schema\\\/logo\\\/image\\\/\"},\"sameAs\":[\"https:\\\/\\\/www.facebook.com\\\/ayuntamientocaudete\\\/\",\"https:\\\/\\\/www.youtube.com\\\/channel\\\/UC6VztHaooNsGpw-tNoBEFnQ\"]},{\"@type\":\"Person\",\"@id\":\"https:\\\/\\\/www.caudete.org\\\/ayuntamiento\\\/#\\\/schema\\\/person\\\/cc646da9133078ee4d8dd47457947253\",\"name\":\"alcalde\",\"image\":{\"@type\":\"ImageObject\",\"inLanguage\":\"es\",\"@id\":\"https:\\\/\\\/secure.gravatar.com\\\/avatar\\\/84a817ba065b29ff08d666b215a215f5c79186a645ccb25b14a663d48a130f77?s=96&d=mm&r=g\",\"url\":\"https:\\\/\\\/secure.gravatar.com\\\/avatar\\\/84a817ba065b29ff08d666b215a215f5c79186a645ccb25b14a663d48a130f77?s=96&d=mm&r=g\",\"contentUrl\":\"https:\\\/\\\/secure.gravatar.com\\\/avatar\\\/84a817ba065b29ff08d666b215a215f5c79186a645ccb25b14a663d48a130f77?s=96&d=mm&r=g\",\"caption\":\"alcalde\"},\"url\":\"https:\\\/\\\/www.caudete.org\\\/ayuntamiento\\\/author\\\/alcalde\\\/\"}]}<\/script>\n<!-- \/ Yoast SEO plugin. -->","yoast_head_json":{"title":"Presentadas las II JORNADAS \"DE LA VIDA Y DE LA MUERTE. UNA VISI\u00d3N DIFERENTE\" - MI Ayuntamiento de Caudete","description":"P\u00e1gina Oficial del Ayuntamiento de Caudete (Albacete)","robots":{"index":"index","follow":"follow","max-snippet":"max-snippet:-1","max-image-preview":"max-image-preview:large","max-video-preview":"max-video-preview:-1"},"canonical":"https:\/\/www.caudete.org\/ayuntamiento\/presentadas-las-ii-jornadas-de-la-vida-y-de-la-muerte-una-vision-diferente\/","og_locale":"es_ES","og_type":"article","og_title":"Presentadas las II JORNADAS \"DE LA VIDA Y DE LA MUERTE. UNA VISI\u00d3N DIFERENTE\" - MI Ayuntamiento de Caudete","og_description":"P\u00e1gina Oficial del Ayuntamiento de Caudete (Albacete)","og_url":"https:\/\/www.caudete.org\/ayuntamiento\/presentadas-las-ii-jornadas-de-la-vida-y-de-la-muerte-una-vision-diferente\/","og_site_name":"MI Ayuntamiento de Caudete","article_publisher":"https:\/\/www.facebook.com\/ayuntamientocaudete\/","article_published_time":"2024-10-22T07:14:56+00:00","article_modified_time":"2024-11-08T12:20:41+00:00","og_image":[{"width":1135,"height":755,"url":"https:\/\/www.caudete.org\/ayuntamiento\/wp-content\/uploads\/2024\/10\/WhatsApp-Image-2024-10-17-at-08.18.41.jpeg","type":"image\/jpeg"}],"author":"alcalde","twitter_card":"summary_large_image","twitter_misc":{"Escrito por":"alcalde","Tiempo de lectura":"3 minutos"},"schema":{"@context":"https:\/\/schema.org","@graph":[{"@type":"Article","@id":"https:\/\/www.caudete.org\/ayuntamiento\/presentadas-las-ii-jornadas-de-la-vida-y-de-la-muerte-una-vision-diferente\/#article","isPartOf":{"@id":"https:\/\/www.caudete.org\/ayuntamiento\/presentadas-las-ii-jornadas-de-la-vida-y-de-la-muerte-una-vision-diferente\/"},"author":{"name":"alcalde","@id":"https:\/\/www.caudete.org\/ayuntamiento\/#\/schema\/person\/cc646da9133078ee4d8dd47457947253"},"headline":"Presentadas las II JORNADAS &#8220;DE LA VIDA Y DE LA MUERTE. UNA VISI\u00d3N DIFERENTE&#8221;","datePublished":"2024-10-22T07:14:56+00:00","dateModified":"2024-11-08T12:20:41+00:00","mainEntityOfPage":{"@id":"https:\/\/www.caudete.org\/ayuntamiento\/presentadas-las-ii-jornadas-de-la-vida-y-de-la-muerte-una-vision-diferente\/"},"wordCount":508,"publisher":{"@id":"https:\/\/www.caudete.org\/ayuntamiento\/#organization"},"image":{"@id":"https:\/\/www.caudete.org\/ayuntamiento\/presentadas-las-ii-jornadas-de-la-vida-y-de-la-muerte-una-vision-diferente\/#primaryimage"},"thumbnailUrl":"https:\/\/www.caudete.org\/ayuntamiento\/wp-content\/uploads\/2024\/10\/WhatsApp-Image-2024-10-17-at-08.18.41.jpeg","articleSection":["Cementerio"],"inLanguage":"es"},{"@type":"WebPage","@id":"https:\/\/www.caudete.org\/ayuntamiento\/presentadas-las-ii-jornadas-de-la-vida-y-de-la-muerte-una-vision-diferente\/","url":"https:\/\/www.caudete.org\/ayuntamiento\/presentadas-las-ii-jornadas-de-la-vida-y-de-la-muerte-una-vision-diferente\/","name":"Presentadas las II JORNADAS \"DE LA VIDA Y DE LA MUERTE. UNA VISI\u00d3N DIFERENTE\" - MI Ayuntamiento de Caudete","isPartOf":{"@id":"https:\/\/www.caudete.org\/ayuntamiento\/#website"},"primaryImageOfPage":{"@id":"https:\/\/www.caudete.org\/ayuntamiento\/presentadas-las-ii-jornadas-de-la-vida-y-de-la-muerte-una-vision-diferente\/#primaryimage"},"image":{"@id":"https:\/\/www.caudete.org\/ayuntamiento\/presentadas-las-ii-jornadas-de-la-vida-y-de-la-muerte-una-vision-diferente\/#primaryimage"},"thumbnailUrl":"https:\/\/www.caudete.org\/ayuntamiento\/wp-content\/uploads\/2024\/10\/WhatsApp-Image-2024-10-17-at-08.18.41.jpeg","datePublished":"2024-10-22T07:14:56+00:00","dateModified":"2024-11-08T12:20:41+00:00","description":"P\u00e1gina Oficial del Ayuntamiento de Caudete (Albacete)","breadcrumb":{"@id":"https:\/\/www.caudete.org\/ayuntamiento\/presentadas-las-ii-jornadas-de-la-vida-y-de-la-muerte-una-vision-diferente\/#breadcrumb"},"inLanguage":"es","potentialAction":[{"@type":"ReadAction","target":["https:\/\/www.caudete.org\/ayuntamiento\/presentadas-las-ii-jornadas-de-la-vida-y-de-la-muerte-una-vision-diferente\/"]}]},{"@type":"ImageObject","inLanguage":"es","@id":"https:\/\/www.caudete.org\/ayuntamiento\/presentadas-las-ii-jornadas-de-la-vida-y-de-la-muerte-una-vision-diferente\/#primaryimage","url":"https:\/\/www.caudete.org\/ayuntamiento\/wp-content\/uploads\/2024\/10\/WhatsApp-Image-2024-10-17-at-08.18.41.jpeg","contentUrl":"https:\/\/www.caudete.org\/ayuntamiento\/wp-content\/uploads\/2024\/10\/WhatsApp-Image-2024-10-17-at-08.18.41.jpeg","width":1135,"height":755},{"@type":"BreadcrumbList","@id":"https:\/\/www.caudete.org\/ayuntamiento\/presentadas-las-ii-jornadas-de-la-vida-y-de-la-muerte-una-vision-diferente\/#breadcrumb","itemListElement":[{"@type":"ListItem","position":1,"name":"Inicio","item":"https:\/\/www.caudete.org\/ayuntamiento\/"},{"@type":"ListItem","position":2,"name":"Presentadas las II JORNADAS &#8220;DE LA VIDA Y DE LA MUERTE. UNA VISI\u00d3N DIFERENTE&#8221;"}]},{"@type":"WebSite","@id":"https:\/\/www.caudete.org\/ayuntamiento\/#website","url":"https:\/\/www.caudete.org\/ayuntamiento\/","name":"MI Ayuntamiento de Caudete","description":"P\u00e1gina Oficial del MI Ayuntamiento de Caudete","publisher":{"@id":"https:\/\/www.caudete.org\/ayuntamiento\/#organization"},"potentialAction":[{"@type":"SearchAction","target":{"@type":"EntryPoint","urlTemplate":"https:\/\/www.caudete.org\/ayuntamiento\/?s={search_term_string}"},"query-input":{"@type":"PropertyValueSpecification","valueRequired":true,"valueName":"search_term_string"}}],"inLanguage":"es"},{"@type":"Organization","@id":"https:\/\/www.caudete.org\/ayuntamiento\/#organization","name":"Ayuntamiento de Caudete","url":"https:\/\/www.caudete.org\/ayuntamiento\/","logo":{"@type":"ImageObject","inLanguage":"es","@id":"https:\/\/www.caudete.org\/ayuntamiento\/#\/schema\/logo\/image\/","url":"https:\/\/www.caudete.org\/ayuntamiento\/wp-content\/uploads\/2020\/11\/logo_ayuntamiento_caudete.jpg","contentUrl":"https:\/\/www.caudete.org\/ayuntamiento\/wp-content\/uploads\/2020\/11\/logo_ayuntamiento_caudete.jpg","width":600,"height":150,"caption":"Ayuntamiento de Caudete"},"image":{"@id":"https:\/\/www.caudete.org\/ayuntamiento\/#\/schema\/logo\/image\/"},"sameAs":["https:\/\/www.facebook.com\/ayuntamientocaudete\/","https:\/\/www.youtube.com\/channel\/UC6VztHaooNsGpw-tNoBEFnQ"]},{"@type":"Person","@id":"https:\/\/www.caudete.org\/ayuntamiento\/#\/schema\/person\/cc646da9133078ee4d8dd47457947253","name":"alcalde","image":{"@type":"ImageObject","inLanguage":"es","@id":"https:\/\/secure.gravatar.com\/avatar\/84a817ba065b29ff08d666b215a215f5c79186a645ccb25b14a663d48a130f77?s=96&d=mm&r=g","url":"https:\/\/secure.gravatar.com\/avatar\/84a817ba065b29ff08d666b215a215f5c79186a645ccb25b14a663d48a130f77?s=96&d=mm&r=g","contentUrl":"https:\/\/secure.gravatar.com\/avatar\/84a817ba065b29ff08d666b215a215f5c79186a645ccb25b14a663d48a130f77?s=96&d=mm&r=g","caption":"alcalde"},"url":"https:\/\/www.caudete.org\/ayuntamiento\/author\/alcalde\/"}]}},"_links":{"self":[{"href":"https:\/\/www.caudete.org\/ayuntamiento\/wp-json\/wp\/v2\/posts\/26368","targetHints":{"allow":["GET"]}}],"collection":[{"href":"https:\/\/www.caudete.org\/ayuntamiento\/wp-json\/wp\/v2\/posts"}],"about":[{"href":"https:\/\/www.caudete.org\/ayuntamiento\/wp-json\/wp\/v2\/types\/post"}],"author":[{"embeddable":true,"href":"https:\/\/www.caudete.org\/ayuntamiento\/wp-json\/wp\/v2\/users\/3"}],"replies":[{"embeddable":true,"href":"https:\/\/www.caudete.org\/ayuntamiento\/wp-json\/wp\/v2\/comments?post=26368"}],"version-history":[{"count":1,"href":"https:\/\/www.caudete.org\/ayuntamiento\/wp-json\/wp\/v2\/posts\/26368\/revisions"}],"predecessor-version":[{"id":26371,"href":"https:\/\/www.caudete.org\/ayuntamiento\/wp-json\/wp\/v2\/posts\/26368\/revisions\/26371"}],"wp:featuredmedia":[{"embeddable":true,"href":"https:\/\/www.caudete.org\/ayuntamiento\/wp-json\/wp\/v2\/media\/26369"}],"wp:attachment":[{"href":"https:\/\/www.caudete.org\/ayuntamiento\/wp-json\/wp\/v2\/media?parent=26368"}],"wp:term":[{"taxonomy":"category","embeddable":true,"href":"https:\/\/www.caudete.org\/ayuntamiento\/wp-json\/wp\/v2\/categories?post=26368"},{"taxonomy":"post_tag","embeddable":true,"href":"https:\/\/www.caudete.org\/ayuntamiento\/wp-json\/wp\/v2\/tags?post=26368"}],"curies":[{"name":"wp","href":"https:\/\/api.w.org\/{rel}","templated":true}]}}