{"id":26376,"date":"2024-10-22T10:01:54","date_gmt":"2024-10-22T08:01:54","guid":{"rendered":"https:\/\/www.caudete.org\/ayuntamiento\/?p=26376"},"modified":"2024-10-22T10:01:54","modified_gmt":"2024-10-22T08:01:54","slug":"abierto-el-plazo-hasta-el-18-de-noviembre-para-la-oposicion-de-tag-y-policia-local","status":"publish","type":"post","link":"https:\/\/www.caudete.org\/ayuntamiento\/abierto-el-plazo-hasta-el-18-de-noviembre-para-la-oposicion-de-tag-y-policia-local\/","title":{"rendered":"Abierto el plazo hasta el 18 de Noviembre para la oposici\u00f3n de TAG y Polic\u00eda Local"},"content":{"rendered":"<p style=\"text-align: justify;\">El BOE ha publicado recientemente las Resoluciones de Alcald\u00eda por las que se convocan las plazas de Agente de Polic\u00eda Local y de T\u00e9cnico de Administraci\u00f3n General, lo que supone abierto el plazo de presentaci\u00f3n de solicitudes para los interesados, los cuales podr\u00e1n hacerlo hasta el pr\u00f3ximo 18 de Noviembre.<\/p>\n<p style=\"text-align: justify;\">Las Bases y Convocatoria pueden consultarse en el Tabl\u00f3n de Anuncios Municipal.<\/p>\n<p><a href=\"https:\/\/www.caudete.org\/ayuntamiento\/wp-content\/uploads\/2024\/10\/BOE-policia-y-tag.jpg\" rel='prettyPhoto'><img fetchpriority=\"high\" decoding=\"async\" class=\"alignnone wp-image-26377 size-full\" src=\"https:\/\/www.caudete.org\/ayuntamiento\/wp-content\/uploads\/2024\/10\/BOE-policia-y-tag.jpg\" alt=\"\" width=\"1102\" height=\"847\" srcset=\"https:\/\/www.caudete.org\/ayuntamiento\/wp-content\/uploads\/2024\/10\/BOE-policia-y-tag.jpg 1102w, https:\/\/www.caudete.org\/ayuntamiento\/wp-content\/uploads\/2024\/10\/BOE-policia-y-tag-300x231.jpg 300w, https:\/\/www.caudete.org\/ayuntamiento\/wp-content\/uploads\/2024\/10\/BOE-policia-y-tag-1024x787.jpg 1024w, https:\/\/www.caudete.org\/ayuntamiento\/wp-content\/uploads\/2024\/10\/BOE-policia-y-tag-768x590.jpg 768w\" sizes=\"(max-width: 1102px) 100vw, 1102px\" \/><\/a> <a href=\"https:\/\/www.caudete.org\/ayuntamiento\/wp-content\/uploads\/2024\/10\/BOE-varias.jpg\" rel='prettyPhoto'><img decoding=\"async\" class=\"alignnone wp-image-26378 size-full\" src=\"https:\/\/www.caudete.org\/ayuntamiento\/wp-content\/uploads\/2024\/10\/BOE-varias.jpg\" alt=\"\" width=\"1103\" height=\"836\" srcset=\"https:\/\/www.caudete.org\/ayuntamiento\/wp-content\/uploads\/2024\/10\/BOE-varias.jpg 1103w, https:\/\/www.caudete.org\/ayuntamiento\/wp-content\/uploads\/2024\/10\/BOE-varias-300x227.jpg 300w, https:\/\/www.caudete.org\/ayuntamiento\/wp-content\/uploads\/2024\/10\/BOE-varias-1024x776.jpg 1024w, https:\/\/www.caudete.org\/ayuntamiento\/wp-content\/uploads\/2024\/10\/BOE-varias-768x582.jpg 768w\" sizes=\"(max-width: 1103px) 100vw, 1103px\" \/><\/a><\/p>\n","protected":false},"excerpt":{"rendered":"<p>El BOE ha publicado recientemente las Resoluciones de Alcald\u00eda por las que se convocan las plazas de Agente de Polic\u00eda Local y de T\u00e9cnico de Administraci\u00f3n General, lo que supone abierto el plazo de presentaci\u00f3n de solicitudes para los interesados, los cuales podr\u00e1n hacerlo hasta el pr\u00f3ximo 18 de Noviembre. Las Bases y Convocatoria pueden &hellip;<\/p>\n","protected":false},"author":3,"featured_media":26379,"comment_status":"closed","ping_status":"open","sticky":false,"template":"","format":"standard","meta":{"ngg_post_thumbnail":0,"footnotes":""},"categories":[33],"tags":[],"class_list":["post-26376","post","type-post","status-publish","format-standard","has-post-thumbnail","hentry","category-recursos-humanos"],"yoast_head":"<!-- This site is optimized with the Yoast SEO plugin v27.5 - https:\/\/yoast.com\/product\/yoast-seo-wordpress\/ -->\n<title>Abierto el plazo hasta el 18 de Noviembre para la oposici\u00f3n de TAG y Polic\u00eda Local - MI Ayuntamiento de Caudete<\/title>\n<meta name=\"description\" content=\"P\u00e1gina Oficial del Ayuntamiento de Caudete (Albacete)\" \/>\n<meta name=\"robots\" content=\"index, follow, max-snippet:-1, max-image-preview:large, max-video-preview:-1\" \/>\n<link rel=\"canonical\" href=\"https:\/\/www.caudete.org\/ayuntamiento\/abierto-el-plazo-hasta-el-18-de-noviembre-para-la-oposicion-de-tag-y-policia-local\/\" \/>\n<meta property=\"og:locale\" content=\"es_ES\" \/>\n<meta property=\"og:type\" content=\"article\" \/>\n<meta property=\"og:title\" content=\"Abierto el plazo hasta el 18 de Noviembre para la oposici\u00f3n de TAG y Polic\u00eda Local - MI Ayuntamiento de Caudete\" \/>\n<meta property=\"og:description\" content=\"P\u00e1gina Oficial del Ayuntamiento de Caudete (Albacete)\" \/>\n<meta property=\"og:url\" content=\"https:\/\/www.caudete.org\/ayuntamiento\/abierto-el-plazo-hasta-el-18-de-noviembre-para-la-oposicion-de-tag-y-policia-local\/\" \/>\n<meta property=\"og:site_name\" content=\"MI Ayuntamiento de Caudete\" \/>\n<meta property=\"article:publisher\" content=\"https:\/\/www.facebook.com\/ayuntamientocaudete\/\" \/>\n<meta property=\"article:published_time\" content=\"2024-10-22T08:01:54+00:00\" \/>\n<meta property=\"og:image\" content=\"https:\/\/www.caudete.org\/ayuntamiento\/wp-content\/uploads\/2024\/10\/oposicion-policia-y-tag.jpg\" \/>\n\t<meta property=\"og:image:width\" content=\"1036\" \/>\n\t<meta property=\"og:image:height\" content=\"667\" \/>\n\t<meta property=\"og:image:type\" content=\"image\/jpeg\" \/>\n<meta name=\"author\" content=\"alcalde\" \/>\n<meta name=\"twitter:card\" content=\"summary_large_image\" \/>\n<meta name=\"twitter:label1\" content=\"Escrito por\" \/>\n\t<meta name=\"twitter:data1\" content=\"alcalde\" \/>\n\t<meta name=\"twitter:label2\" content=\"Tiempo de lectura\" \/>\n\t<meta name=\"twitter:data2\" content=\"1 minuto\" \/>\n<script type=\"application\/ld+json\" class=\"yoast-schema-graph\">{\"@context\":\"https:\\\/\\\/schema.org\",\"@graph\":[{\"@type\":\"Article\",\"@id\":\"https:\\\/\\\/www.caudete.org\\\/ayuntamiento\\\/abierto-el-plazo-hasta-el-18-de-noviembre-para-la-oposicion-de-tag-y-policia-local\\\/#article\",\"isPartOf\":{\"@id\":\"https:\\\/\\\/www.caudete.org\\\/ayuntamiento\\\/abierto-el-plazo-hasta-el-18-de-noviembre-para-la-oposicion-de-tag-y-policia-local\\\/\"},\"author\":{\"name\":\"alcalde\",\"@id\":\"https:\\\/\\\/www.caudete.org\\\/ayuntamiento\\\/#\\\/schema\\\/person\\\/cc646da9133078ee4d8dd47457947253\"},\"headline\":\"Abierto el plazo hasta el 18 de Noviembre para la oposici\u00f3n de TAG y Polic\u00eda Local\",\"datePublished\":\"2024-10-22T08:01:54+00:00\",\"mainEntityOfPage\":{\"@id\":\"https:\\\/\\\/www.caudete.org\\\/ayuntamiento\\\/abierto-el-plazo-hasta-el-18-de-noviembre-para-la-oposicion-de-tag-y-policia-local\\\/\"},\"wordCount\":86,\"image\":{\"@id\":\"https:\\\/\\\/www.caudete.org\\\/ayuntamiento\\\/abierto-el-plazo-hasta-el-18-de-noviembre-para-la-oposicion-de-tag-y-policia-local\\\/#primaryimage\"},\"thumbnailUrl\":\"https:\\\/\\\/www.caudete.org\\\/ayuntamiento\\\/wp-content\\\/uploads\\\/2024\\\/10\\\/oposicion-policia-y-tag.jpg\",\"articleSection\":[\"Recursos Humanos\"],\"inLanguage\":\"es\"},{\"@type\":\"WebPage\",\"@id\":\"https:\\\/\\\/www.caudete.org\\\/ayuntamiento\\\/abierto-el-plazo-hasta-el-18-de-noviembre-para-la-oposicion-de-tag-y-policia-local\\\/\",\"url\":\"https:\\\/\\\/www.caudete.org\\\/ayuntamiento\\\/abierto-el-plazo-hasta-el-18-de-noviembre-para-la-oposicion-de-tag-y-policia-local\\\/\",\"name\":\"Abierto el plazo hasta el 18 de Noviembre para la oposici\u00f3n de TAG y Polic\u00eda Local - MI Ayuntamiento de Caudete\",\"isPartOf\":{\"@id\":\"https:\\\/\\\/www.caudete.org\\\/ayuntamiento\\\/#website\"},\"primaryImageOfPage\":{\"@id\":\"https:\\\/\\\/www.caudete.org\\\/ayuntamiento\\\/abierto-el-plazo-hasta-el-18-de-noviembre-para-la-oposicion-de-tag-y-policia-local\\\/#primaryimage\"},\"image\":{\"@id\":\"https:\\\/\\\/www.caudete.org\\\/ayuntamiento\\\/abierto-el-plazo-hasta-el-18-de-noviembre-para-la-oposicion-de-tag-y-policia-local\\\/#primaryimage\"},\"thumbnailUrl\":\"https:\\\/\\\/www.caudete.org\\\/ayuntamiento\\\/wp-content\\\/uploads\\\/2024\\\/10\\\/oposicion-policia-y-tag.jpg\",\"datePublished\":\"2024-10-22T08:01:54+00:00\",\"author\":{\"@id\":\"https:\\\/\\\/www.caudete.org\\\/ayuntamiento\\\/#\\\/schema\\\/person\\\/cc646da9133078ee4d8dd47457947253\"},\"description\":\"P\u00e1gina Oficial del Ayuntamiento de Caudete (Albacete)\",\"breadcrumb\":{\"@id\":\"https:\\\/\\\/www.caudete.org\\\/ayuntamiento\\\/abierto-el-plazo-hasta-el-18-de-noviembre-para-la-oposicion-de-tag-y-policia-local\\\/#breadcrumb\"},\"inLanguage\":\"es\",\"potentialAction\":[{\"@type\":\"ReadAction\",\"target\":[\"https:\\\/\\\/www.caudete.org\\\/ayuntamiento\\\/abierto-el-plazo-hasta-el-18-de-noviembre-para-la-oposicion-de-tag-y-policia-local\\\/\"]}]},{\"@type\":\"ImageObject\",\"inLanguage\":\"es\",\"@id\":\"https:\\\/\\\/www.caudete.org\\\/ayuntamiento\\\/abierto-el-plazo-hasta-el-18-de-noviembre-para-la-oposicion-de-tag-y-policia-local\\\/#primaryimage\",\"url\":\"https:\\\/\\\/www.caudete.org\\\/ayuntamiento\\\/wp-content\\\/uploads\\\/2024\\\/10\\\/oposicion-policia-y-tag.jpg\",\"contentUrl\":\"https:\\\/\\\/www.caudete.org\\\/ayuntamiento\\\/wp-content\\\/uploads\\\/2024\\\/10\\\/oposicion-policia-y-tag.jpg\",\"width\":1036,\"height\":667},{\"@type\":\"BreadcrumbList\",\"@id\":\"https:\\\/\\\/www.caudete.org\\\/ayuntamiento\\\/abierto-el-plazo-hasta-el-18-de-noviembre-para-la-oposicion-de-tag-y-policia-local\\\/#breadcrumb\",\"itemListElement\":[{\"@type\":\"ListItem\",\"position\":1,\"name\":\"Inicio\",\"item\":\"https:\\\/\\\/www.caudete.org\\\/ayuntamiento\\\/\"},{\"@type\":\"ListItem\",\"position\":2,\"name\":\"Abierto el plazo hasta el 18 de Noviembre para la oposici\u00f3n de TAG y Polic\u00eda Local\"}]},{\"@type\":\"WebSite\",\"@id\":\"https:\\\/\\\/www.caudete.org\\\/ayuntamiento\\\/#website\",\"url\":\"https:\\\/\\\/www.caudete.org\\\/ayuntamiento\\\/\",\"name\":\"MI Ayuntamiento de Caudete\",\"description\":\"P\u00e1gina Oficial del MI Ayuntamiento de Caudete\",\"potentialAction\":[{\"@type\":\"SearchAction\",\"target\":{\"@type\":\"EntryPoint\",\"urlTemplate\":\"https:\\\/\\\/www.caudete.org\\\/ayuntamiento\\\/?s={search_term_string}\"},\"query-input\":{\"@type\":\"PropertyValueSpecification\",\"valueRequired\":true,\"valueName\":\"search_term_string\"}}],\"inLanguage\":\"es\"},{\"@type\":\"Person\",\"@id\":\"https:\\\/\\\/www.caudete.org\\\/ayuntamiento\\\/#\\\/schema\\\/person\\\/cc646da9133078ee4d8dd47457947253\",\"name\":\"alcalde\",\"image\":{\"@type\":\"ImageObject\",\"inLanguage\":\"es\",\"@id\":\"https:\\\/\\\/secure.gravatar.com\\\/avatar\\\/84a817ba065b29ff08d666b215a215f5c79186a645ccb25b14a663d48a130f77?s=96&d=mm&r=g\",\"url\":\"https:\\\/\\\/secure.gravatar.com\\\/avatar\\\/84a817ba065b29ff08d666b215a215f5c79186a645ccb25b14a663d48a130f77?s=96&d=mm&r=g\",\"contentUrl\":\"https:\\\/\\\/secure.gravatar.com\\\/avatar\\\/84a817ba065b29ff08d666b215a215f5c79186a645ccb25b14a663d48a130f77?s=96&d=mm&r=g\",\"caption\":\"alcalde\"},\"url\":\"https:\\\/\\\/www.caudete.org\\\/ayuntamiento\\\/author\\\/alcalde\\\/\"}]}<\/script>\n<!-- \/ Yoast SEO plugin. -->","yoast_head_json":{"title":"Abierto el plazo hasta el 18 de Noviembre para la oposici\u00f3n de TAG y Polic\u00eda Local - MI Ayuntamiento de Caudete","description":"P\u00e1gina Oficial del Ayuntamiento de Caudete (Albacete)","robots":{"index":"index","follow":"follow","max-snippet":"max-snippet:-1","max-image-preview":"max-image-preview:large","max-video-preview":"max-video-preview:-1"},"canonical":"https:\/\/www.caudete.org\/ayuntamiento\/abierto-el-plazo-hasta-el-18-de-noviembre-para-la-oposicion-de-tag-y-policia-local\/","og_locale":"es_ES","og_type":"article","og_title":"Abierto el plazo hasta el 18 de Noviembre para la oposici\u00f3n de TAG y Polic\u00eda Local - MI Ayuntamiento de Caudete","og_description":"P\u00e1gina Oficial del Ayuntamiento de Caudete (Albacete)","og_url":"https:\/\/www.caudete.org\/ayuntamiento\/abierto-el-plazo-hasta-el-18-de-noviembre-para-la-oposicion-de-tag-y-policia-local\/","og_site_name":"MI Ayuntamiento de Caudete","article_publisher":"https:\/\/www.facebook.com\/ayuntamientocaudete\/","article_published_time":"2024-10-22T08:01:54+00:00","og_image":[{"width":1036,"height":667,"url":"https:\/\/www.caudete.org\/ayuntamiento\/wp-content\/uploads\/2024\/10\/oposicion-policia-y-tag.jpg","type":"image\/jpeg"}],"author":"alcalde","twitter_card":"summary_large_image","twitter_misc":{"Escrito por":"alcalde","Tiempo de lectura":"1 minuto"},"schema":{"@context":"https:\/\/schema.org","@graph":[{"@type":"Article","@id":"https:\/\/www.caudete.org\/ayuntamiento\/abierto-el-plazo-hasta-el-18-de-noviembre-para-la-oposicion-de-tag-y-policia-local\/#article","isPartOf":{"@id":"https:\/\/www.caudete.org\/ayuntamiento\/abierto-el-plazo-hasta-el-18-de-noviembre-para-la-oposicion-de-tag-y-policia-local\/"},"author":{"name":"alcalde","@id":"https:\/\/www.caudete.org\/ayuntamiento\/#\/schema\/person\/cc646da9133078ee4d8dd47457947253"},"headline":"Abierto el plazo hasta el 18 de Noviembre para la oposici\u00f3n de TAG y Polic\u00eda Local","datePublished":"2024-10-22T08:01:54+00:00","mainEntityOfPage":{"@id":"https:\/\/www.caudete.org\/ayuntamiento\/abierto-el-plazo-hasta-el-18-de-noviembre-para-la-oposicion-de-tag-y-policia-local\/"},"wordCount":86,"image":{"@id":"https:\/\/www.caudete.org\/ayuntamiento\/abierto-el-plazo-hasta-el-18-de-noviembre-para-la-oposicion-de-tag-y-policia-local\/#primaryimage"},"thumbnailUrl":"https:\/\/www.caudete.org\/ayuntamiento\/wp-content\/uploads\/2024\/10\/oposicion-policia-y-tag.jpg","articleSection":["Recursos Humanos"],"inLanguage":"es"},{"@type":"WebPage","@id":"https:\/\/www.caudete.org\/ayuntamiento\/abierto-el-plazo-hasta-el-18-de-noviembre-para-la-oposicion-de-tag-y-policia-local\/","url":"https:\/\/www.caudete.org\/ayuntamiento\/abierto-el-plazo-hasta-el-18-de-noviembre-para-la-oposicion-de-tag-y-policia-local\/","name":"Abierto el plazo hasta el 18 de Noviembre para la oposici\u00f3n de TAG y Polic\u00eda Local - MI Ayuntamiento de Caudete","isPartOf":{"@id":"https:\/\/www.caudete.org\/ayuntamiento\/#website"},"primaryImageOfPage":{"@id":"https:\/\/www.caudete.org\/ayuntamiento\/abierto-el-plazo-hasta-el-18-de-noviembre-para-la-oposicion-de-tag-y-policia-local\/#primaryimage"},"image":{"@id":"https:\/\/www.caudete.org\/ayuntamiento\/abierto-el-plazo-hasta-el-18-de-noviembre-para-la-oposicion-de-tag-y-policia-local\/#primaryimage"},"thumbnailUrl":"https:\/\/www.caudete.org\/ayuntamiento\/wp-content\/uploads\/2024\/10\/oposicion-policia-y-tag.jpg","datePublished":"2024-10-22T08:01:54+00:00","author":{"@id":"https:\/\/www.caudete.org\/ayuntamiento\/#\/schema\/person\/cc646da9133078ee4d8dd47457947253"},"description":"P\u00e1gina Oficial del Ayuntamiento de Caudete (Albacete)","breadcrumb":{"@id":"https:\/\/www.caudete.org\/ayuntamiento\/abierto-el-plazo-hasta-el-18-de-noviembre-para-la-oposicion-de-tag-y-policia-local\/#breadcrumb"},"inLanguage":"es","potentialAction":[{"@type":"ReadAction","target":["https:\/\/www.caudete.org\/ayuntamiento\/abierto-el-plazo-hasta-el-18-de-noviembre-para-la-oposicion-de-tag-y-policia-local\/"]}]},{"@type":"ImageObject","inLanguage":"es","@id":"https:\/\/www.caudete.org\/ayuntamiento\/abierto-el-plazo-hasta-el-18-de-noviembre-para-la-oposicion-de-tag-y-policia-local\/#primaryimage","url":"https:\/\/www.caudete.org\/ayuntamiento\/wp-content\/uploads\/2024\/10\/oposicion-policia-y-tag.jpg","contentUrl":"https:\/\/www.caudete.org\/ayuntamiento\/wp-content\/uploads\/2024\/10\/oposicion-policia-y-tag.jpg","width":1036,"height":667},{"@type":"BreadcrumbList","@id":"https:\/\/www.caudete.org\/ayuntamiento\/abierto-el-plazo-hasta-el-18-de-noviembre-para-la-oposicion-de-tag-y-policia-local\/#breadcrumb","itemListElement":[{"@type":"ListItem","position":1,"name":"Inicio","item":"https:\/\/www.caudete.org\/ayuntamiento\/"},{"@type":"ListItem","position":2,"name":"Abierto el plazo hasta el 18 de Noviembre para la oposici\u00f3n de TAG y Polic\u00eda Local"}]},{"@type":"WebSite","@id":"https:\/\/www.caudete.org\/ayuntamiento\/#website","url":"https:\/\/www.caudete.org\/ayuntamiento\/","name":"MI Ayuntamiento de Caudete","description":"P\u00e1gina Oficial del MI Ayuntamiento de Caudete","potentialAction":[{"@type":"SearchAction","target":{"@type":"EntryPoint","urlTemplate":"https:\/\/www.caudete.org\/ayuntamiento\/?s={search_term_string}"},"query-input":{"@type":"PropertyValueSpecification","valueRequired":true,"valueName":"search_term_string"}}],"inLanguage":"es"},{"@type":"Person","@id":"https:\/\/www.caudete.org\/ayuntamiento\/#\/schema\/person\/cc646da9133078ee4d8dd47457947253","name":"alcalde","image":{"@type":"ImageObject","inLanguage":"es","@id":"https:\/\/secure.gravatar.com\/avatar\/84a817ba065b29ff08d666b215a215f5c79186a645ccb25b14a663d48a130f77?s=96&d=mm&r=g","url":"https:\/\/secure.gravatar.com\/avatar\/84a817ba065b29ff08d666b215a215f5c79186a645ccb25b14a663d48a130f77?s=96&d=mm&r=g","contentUrl":"https:\/\/secure.gravatar.com\/avatar\/84a817ba065b29ff08d666b215a215f5c79186a645ccb25b14a663d48a130f77?s=96&d=mm&r=g","caption":"alcalde"},"url":"https:\/\/www.caudete.org\/ayuntamiento\/author\/alcalde\/"}]}},"_links":{"self":[{"href":"https:\/\/www.caudete.org\/ayuntamiento\/wp-json\/wp\/v2\/posts\/26376","targetHints":{"allow":["GET"]}}],"collection":[{"href":"https:\/\/www.caudete.org\/ayuntamiento\/wp-json\/wp\/v2\/posts"}],"about":[{"href":"https:\/\/www.caudete.org\/ayuntamiento\/wp-json\/wp\/v2\/types\/post"}],"author":[{"embeddable":true,"href":"https:\/\/www.caudete.org\/ayuntamiento\/wp-json\/wp\/v2\/users\/3"}],"replies":[{"embeddable":true,"href":"https:\/\/www.caudete.org\/ayuntamiento\/wp-json\/wp\/v2\/comments?post=26376"}],"version-history":[{"count":1,"href":"https:\/\/www.caudete.org\/ayuntamiento\/wp-json\/wp\/v2\/posts\/26376\/revisions"}],"predecessor-version":[{"id":26380,"href":"https:\/\/www.caudete.org\/ayuntamiento\/wp-json\/wp\/v2\/posts\/26376\/revisions\/26380"}],"wp:featuredmedia":[{"embeddable":true,"href":"https:\/\/www.caudete.org\/ayuntamiento\/wp-json\/wp\/v2\/media\/26379"}],"wp:attachment":[{"href":"https:\/\/www.caudete.org\/ayuntamiento\/wp-json\/wp\/v2\/media?parent=26376"}],"wp:term":[{"taxonomy":"category","embeddable":true,"href":"https:\/\/www.caudete.org\/ayuntamiento\/wp-json\/wp\/v2\/categories?post=26376"},{"taxonomy":"post_tag","embeddable":true,"href":"https:\/\/www.caudete.org\/ayuntamiento\/wp-json\/wp\/v2\/tags?post=26376"}],"curies":[{"name":"wp","href":"https:\/\/api.w.org\/{rel}","templated":true}]}}