{"id":26389,"date":"2024-10-23T09:00:36","date_gmt":"2024-10-23T07:00:36","guid":{"rendered":"https:\/\/www.caudete.org\/ayuntamiento\/?p=26389"},"modified":"2024-10-22T15:19:10","modified_gmt":"2024-10-22T13:19:10","slug":"cristina-asensio-pastor-clasifica-en-tercera-posicion-en-los-campeonatos-de-espana-de-atletismo","status":"publish","type":"post","link":"https:\/\/www.caudete.org\/ayuntamiento\/cristina-asensio-pastor-clasifica-en-tercera-posicion-en-los-campeonatos-de-espana-de-atletismo\/","title":{"rendered":"Cristina Asensio Pastor clasifica en tercera posici\u00f3n en los Campeonatos de Espa\u00f1a de Atletismo."},"content":{"rendered":"<p>Seg\u00fan informa la Concejal de Deportes, Pilar Egea, la atleta de las Escuelas Deportivas Municipales de Atletismo de Caudete, <strong>Cristina Asensio Pastor<\/strong>, se clasific\u00f3 en <strong>tercera<\/strong><strong> posici\u00f3n<\/strong> en la prueba de 300 metros lisos del <strong>Campeonato de Espa\u00f1a de Clubes<\/strong> de pista en la categor\u00eda sub16, celebrado en Madrid el pasado fin de semana.<\/p>\n<p>Adem\u00e1s, de competir en la prueba individual de 300 metros lisos, Cristina Asensio tambi\u00e9n particip\u00f3 en la disciplina de relevos de 4x100m donde su equipo consigui\u00f3 alzarse con la quinta posici\u00f3n.<\/p>\n<p>Cristina acudi\u00f3 a estos Campeonatos de Espa\u00f1a representando al Club Atletismo Albacete, con el cual est\u00e1 federado, obteniendo los puntos necesarios para conseguir que su equipo pudiera clasificar como el s\u00e9ptimo mejor equipo de Espa\u00f1a.<\/p>\n<p>Con esta competici\u00f3n, Cristina Asensio, cierra una brillante temporada de pista al aire libre en categor\u00eda sub16 y comienza su preparaci\u00f3n para dar el salto a categor\u00eda sub18 donde centrar\u00e1 sus objetivos en las pruebas de 200 y 400 metros.<\/p>\n<p><img fetchpriority=\"high\" decoding=\"async\" class=\"alignnone size-full wp-image-26390\" src=\"https:\/\/www.caudete.org\/ayuntamiento\/wp-content\/uploads\/2024\/10\/CristinaAsensio-1.jpg\" alt=\"\" width=\"1000\" height=\"1068\" srcset=\"https:\/\/www.caudete.org\/ayuntamiento\/wp-content\/uploads\/2024\/10\/CristinaAsensio-1.jpg 1000w, https:\/\/www.caudete.org\/ayuntamiento\/wp-content\/uploads\/2024\/10\/CristinaAsensio-1-281x300.jpg 281w, https:\/\/www.caudete.org\/ayuntamiento\/wp-content\/uploads\/2024\/10\/CristinaAsensio-1-959x1024.jpg 959w, https:\/\/www.caudete.org\/ayuntamiento\/wp-content\/uploads\/2024\/10\/CristinaAsensio-1-768x820.jpg 768w\" sizes=\"(max-width: 1000px) 100vw, 1000px\" \/><\/p>\n<p>&nbsp;<\/p>\n<p>&nbsp;<\/p>\n","protected":false},"excerpt":{"rendered":"<p>Seg\u00fan informa la Concejal de Deportes, Pilar Egea, la atleta de las Escuelas Deportivas Municipales de Atletismo de Caudete, Cristina Asensio Pastor, se clasific\u00f3 en tercera posici\u00f3n en la prueba de 300 metros lisos del Campeonato de Espa\u00f1a de Clubes de pista en la categor\u00eda sub16, celebrado en Madrid el pasado fin de semana. Adem\u00e1s, &hellip;<\/p>\n","protected":false},"author":5,"featured_media":26205,"comment_status":"closed","ping_status":"open","sticky":false,"template":"","format":"standard","meta":{"ngg_post_thumbnail":0,"footnotes":""},"categories":[23],"tags":[],"class_list":["post-26389","post","type-post","status-publish","format-standard","has-post-thumbnail","hentry","category-deportes"],"yoast_head":"<!-- This site is optimized with the Yoast SEO plugin v27.5 - https:\/\/yoast.com\/product\/yoast-seo-wordpress\/ -->\n<title>Cristina Asensio Pastor clasifica en tercera posici\u00f3n en los Campeonatos de Espa\u00f1a de Atletismo. - MI Ayuntamiento de Caudete<\/title>\n<meta name=\"description\" content=\"P\u00e1gina Oficial del Ayuntamiento de Caudete (Albacete)\" \/>\n<meta name=\"robots\" content=\"index, follow, max-snippet:-1, max-image-preview:large, max-video-preview:-1\" \/>\n<link rel=\"canonical\" href=\"https:\/\/www.caudete.org\/ayuntamiento\/cristina-asensio-pastor-clasifica-en-tercera-posicion-en-los-campeonatos-de-espana-de-atletismo\/\" \/>\n<meta property=\"og:locale\" content=\"es_ES\" \/>\n<meta property=\"og:type\" content=\"article\" \/>\n<meta property=\"og:title\" content=\"Cristina Asensio Pastor clasifica en tercera posici\u00f3n en los Campeonatos de Espa\u00f1a de Atletismo. - MI Ayuntamiento de Caudete\" \/>\n<meta property=\"og:description\" content=\"P\u00e1gina Oficial del Ayuntamiento de Caudete (Albacete)\" \/>\n<meta property=\"og:url\" content=\"https:\/\/www.caudete.org\/ayuntamiento\/cristina-asensio-pastor-clasifica-en-tercera-posicion-en-los-campeonatos-de-espana-de-atletismo\/\" \/>\n<meta property=\"og:site_name\" content=\"MI Ayuntamiento de Caudete\" \/>\n<meta property=\"article:publisher\" content=\"https:\/\/www.facebook.com\/ayuntamientocaudete\/\" \/>\n<meta property=\"article:published_time\" content=\"2024-10-23T07:00:36+00:00\" \/>\n<meta property=\"og:image\" content=\"https:\/\/www.caudete.org\/ayuntamiento\/wp-content\/uploads\/2024\/10\/CristinaAsensio.jpg\" \/>\n\t<meta property=\"og:image:width\" content=\"1000\" \/>\n\t<meta property=\"og:image:height\" content=\"1230\" \/>\n\t<meta property=\"og:image:type\" content=\"image\/jpeg\" \/>\n<meta name=\"author\" content=\"Dpto Informatica MI Ayuntamiento de Caudete\" \/>\n<meta name=\"twitter:card\" content=\"summary_large_image\" \/>\n<meta name=\"twitter:label1\" content=\"Escrito por\" \/>\n\t<meta name=\"twitter:data1\" content=\"Dpto Informatica MI Ayuntamiento de Caudete\" \/>\n\t<meta name=\"twitter:label2\" content=\"Tiempo de lectura\" \/>\n\t<meta name=\"twitter:data2\" content=\"2 minutos\" \/>\n<script type=\"application\/ld+json\" class=\"yoast-schema-graph\">{\"@context\":\"https:\\\/\\\/schema.org\",\"@graph\":[{\"@type\":\"Article\",\"@id\":\"https:\\\/\\\/www.caudete.org\\\/ayuntamiento\\\/cristina-asensio-pastor-clasifica-en-tercera-posicion-en-los-campeonatos-de-espana-de-atletismo\\\/#article\",\"isPartOf\":{\"@id\":\"https:\\\/\\\/www.caudete.org\\\/ayuntamiento\\\/cristina-asensio-pastor-clasifica-en-tercera-posicion-en-los-campeonatos-de-espana-de-atletismo\\\/\"},\"author\":{\"name\":\"Dpto Informatica MI Ayuntamiento de Caudete\",\"@id\":\"https:\\\/\\\/www.caudete.org\\\/ayuntamiento\\\/#\\\/schema\\\/person\\\/4b9eab41761957db9b1bf9c418d1ef46\"},\"headline\":\"Cristina Asensio Pastor clasifica en tercera posici\u00f3n en los Campeonatos de Espa\u00f1a de Atletismo.\",\"datePublished\":\"2024-10-23T07:00:36+00:00\",\"mainEntityOfPage\":{\"@id\":\"https:\\\/\\\/www.caudete.org\\\/ayuntamiento\\\/cristina-asensio-pastor-clasifica-en-tercera-posicion-en-los-campeonatos-de-espana-de-atletismo\\\/\"},\"wordCount\":189,\"image\":{\"@id\":\"https:\\\/\\\/www.caudete.org\\\/ayuntamiento\\\/cristina-asensio-pastor-clasifica-en-tercera-posicion-en-los-campeonatos-de-espana-de-atletismo\\\/#primaryimage\"},\"thumbnailUrl\":\"https:\\\/\\\/www.caudete.org\\\/ayuntamiento\\\/wp-content\\\/uploads\\\/2024\\\/10\\\/CristinaAsensio.jpg\",\"articleSection\":[\"Deportes\"],\"inLanguage\":\"es\"},{\"@type\":\"WebPage\",\"@id\":\"https:\\\/\\\/www.caudete.org\\\/ayuntamiento\\\/cristina-asensio-pastor-clasifica-en-tercera-posicion-en-los-campeonatos-de-espana-de-atletismo\\\/\",\"url\":\"https:\\\/\\\/www.caudete.org\\\/ayuntamiento\\\/cristina-asensio-pastor-clasifica-en-tercera-posicion-en-los-campeonatos-de-espana-de-atletismo\\\/\",\"name\":\"Cristina Asensio Pastor clasifica en tercera posici\u00f3n en los Campeonatos de Espa\u00f1a de Atletismo. - MI Ayuntamiento de Caudete\",\"isPartOf\":{\"@id\":\"https:\\\/\\\/www.caudete.org\\\/ayuntamiento\\\/#website\"},\"primaryImageOfPage\":{\"@id\":\"https:\\\/\\\/www.caudete.org\\\/ayuntamiento\\\/cristina-asensio-pastor-clasifica-en-tercera-posicion-en-los-campeonatos-de-espana-de-atletismo\\\/#primaryimage\"},\"image\":{\"@id\":\"https:\\\/\\\/www.caudete.org\\\/ayuntamiento\\\/cristina-asensio-pastor-clasifica-en-tercera-posicion-en-los-campeonatos-de-espana-de-atletismo\\\/#primaryimage\"},\"thumbnailUrl\":\"https:\\\/\\\/www.caudete.org\\\/ayuntamiento\\\/wp-content\\\/uploads\\\/2024\\\/10\\\/CristinaAsensio.jpg\",\"datePublished\":\"2024-10-23T07:00:36+00:00\",\"author\":{\"@id\":\"https:\\\/\\\/www.caudete.org\\\/ayuntamiento\\\/#\\\/schema\\\/person\\\/4b9eab41761957db9b1bf9c418d1ef46\"},\"description\":\"P\u00e1gina Oficial del Ayuntamiento de Caudete (Albacete)\",\"breadcrumb\":{\"@id\":\"https:\\\/\\\/www.caudete.org\\\/ayuntamiento\\\/cristina-asensio-pastor-clasifica-en-tercera-posicion-en-los-campeonatos-de-espana-de-atletismo\\\/#breadcrumb\"},\"inLanguage\":\"es\",\"potentialAction\":[{\"@type\":\"ReadAction\",\"target\":[\"https:\\\/\\\/www.caudete.org\\\/ayuntamiento\\\/cristina-asensio-pastor-clasifica-en-tercera-posicion-en-los-campeonatos-de-espana-de-atletismo\\\/\"]}]},{\"@type\":\"ImageObject\",\"inLanguage\":\"es\",\"@id\":\"https:\\\/\\\/www.caudete.org\\\/ayuntamiento\\\/cristina-asensio-pastor-clasifica-en-tercera-posicion-en-los-campeonatos-de-espana-de-atletismo\\\/#primaryimage\",\"url\":\"https:\\\/\\\/www.caudete.org\\\/ayuntamiento\\\/wp-content\\\/uploads\\\/2024\\\/10\\\/CristinaAsensio.jpg\",\"contentUrl\":\"https:\\\/\\\/www.caudete.org\\\/ayuntamiento\\\/wp-content\\\/uploads\\\/2024\\\/10\\\/CristinaAsensio.jpg\",\"width\":1000,\"height\":1230},{\"@type\":\"BreadcrumbList\",\"@id\":\"https:\\\/\\\/www.caudete.org\\\/ayuntamiento\\\/cristina-asensio-pastor-clasifica-en-tercera-posicion-en-los-campeonatos-de-espana-de-atletismo\\\/#breadcrumb\",\"itemListElement\":[{\"@type\":\"ListItem\",\"position\":1,\"name\":\"Inicio\",\"item\":\"https:\\\/\\\/www.caudete.org\\\/ayuntamiento\\\/\"},{\"@type\":\"ListItem\",\"position\":2,\"name\":\"Cristina Asensio Pastor clasifica en tercera posici\u00f3n en los Campeonatos de Espa\u00f1a de Atletismo.\"}]},{\"@type\":\"WebSite\",\"@id\":\"https:\\\/\\\/www.caudete.org\\\/ayuntamiento\\\/#website\",\"url\":\"https:\\\/\\\/www.caudete.org\\\/ayuntamiento\\\/\",\"name\":\"MI Ayuntamiento de Caudete\",\"description\":\"P\u00e1gina Oficial del MI Ayuntamiento de Caudete\",\"potentialAction\":[{\"@type\":\"SearchAction\",\"target\":{\"@type\":\"EntryPoint\",\"urlTemplate\":\"https:\\\/\\\/www.caudete.org\\\/ayuntamiento\\\/?s={search_term_string}\"},\"query-input\":{\"@type\":\"PropertyValueSpecification\",\"valueRequired\":true,\"valueName\":\"search_term_string\"}}],\"inLanguage\":\"es\"},{\"@type\":\"Person\",\"@id\":\"https:\\\/\\\/www.caudete.org\\\/ayuntamiento\\\/#\\\/schema\\\/person\\\/4b9eab41761957db9b1bf9c418d1ef46\",\"name\":\"Dpto Informatica MI Ayuntamiento de Caudete\",\"image\":{\"@type\":\"ImageObject\",\"inLanguage\":\"es\",\"@id\":\"https:\\\/\\\/secure.gravatar.com\\\/avatar\\\/ac0321ee4a0a83e82a253e7b2d348ef539e2c8fe16d06b600bde04de1b364fa7?s=96&d=mm&r=g\",\"url\":\"https:\\\/\\\/secure.gravatar.com\\\/avatar\\\/ac0321ee4a0a83e82a253e7b2d348ef539e2c8fe16d06b600bde04de1b364fa7?s=96&d=mm&r=g\",\"contentUrl\":\"https:\\\/\\\/secure.gravatar.com\\\/avatar\\\/ac0321ee4a0a83e82a253e7b2d348ef539e2c8fe16d06b600bde04de1b364fa7?s=96&d=mm&r=g\",\"caption\":\"Dpto Informatica MI Ayuntamiento de Caudete\"},\"url\":\"https:\\\/\\\/www.caudete.org\\\/ayuntamiento\\\/author\\\/informatica\\\/\"}]}<\/script>\n<!-- \/ Yoast SEO plugin. -->","yoast_head_json":{"title":"Cristina Asensio Pastor clasifica en tercera posici\u00f3n en los Campeonatos de Espa\u00f1a de Atletismo. - MI Ayuntamiento de Caudete","description":"P\u00e1gina Oficial del Ayuntamiento de Caudete (Albacete)","robots":{"index":"index","follow":"follow","max-snippet":"max-snippet:-1","max-image-preview":"max-image-preview:large","max-video-preview":"max-video-preview:-1"},"canonical":"https:\/\/www.caudete.org\/ayuntamiento\/cristina-asensio-pastor-clasifica-en-tercera-posicion-en-los-campeonatos-de-espana-de-atletismo\/","og_locale":"es_ES","og_type":"article","og_title":"Cristina Asensio Pastor clasifica en tercera posici\u00f3n en los Campeonatos de Espa\u00f1a de Atletismo. - MI Ayuntamiento de Caudete","og_description":"P\u00e1gina Oficial del Ayuntamiento de Caudete (Albacete)","og_url":"https:\/\/www.caudete.org\/ayuntamiento\/cristina-asensio-pastor-clasifica-en-tercera-posicion-en-los-campeonatos-de-espana-de-atletismo\/","og_site_name":"MI Ayuntamiento de Caudete","article_publisher":"https:\/\/www.facebook.com\/ayuntamientocaudete\/","article_published_time":"2024-10-23T07:00:36+00:00","og_image":[{"width":1000,"height":1230,"url":"https:\/\/www.caudete.org\/ayuntamiento\/wp-content\/uploads\/2024\/10\/CristinaAsensio.jpg","type":"image\/jpeg"}],"author":"Dpto Informatica MI Ayuntamiento de Caudete","twitter_card":"summary_large_image","twitter_misc":{"Escrito por":"Dpto Informatica MI Ayuntamiento de Caudete","Tiempo de lectura":"2 minutos"},"schema":{"@context":"https:\/\/schema.org","@graph":[{"@type":"Article","@id":"https:\/\/www.caudete.org\/ayuntamiento\/cristina-asensio-pastor-clasifica-en-tercera-posicion-en-los-campeonatos-de-espana-de-atletismo\/#article","isPartOf":{"@id":"https:\/\/www.caudete.org\/ayuntamiento\/cristina-asensio-pastor-clasifica-en-tercera-posicion-en-los-campeonatos-de-espana-de-atletismo\/"},"author":{"name":"Dpto Informatica MI Ayuntamiento de Caudete","@id":"https:\/\/www.caudete.org\/ayuntamiento\/#\/schema\/person\/4b9eab41761957db9b1bf9c418d1ef46"},"headline":"Cristina Asensio Pastor clasifica en tercera posici\u00f3n en los Campeonatos de Espa\u00f1a de Atletismo.","datePublished":"2024-10-23T07:00:36+00:00","mainEntityOfPage":{"@id":"https:\/\/www.caudete.org\/ayuntamiento\/cristina-asensio-pastor-clasifica-en-tercera-posicion-en-los-campeonatos-de-espana-de-atletismo\/"},"wordCount":189,"image":{"@id":"https:\/\/www.caudete.org\/ayuntamiento\/cristina-asensio-pastor-clasifica-en-tercera-posicion-en-los-campeonatos-de-espana-de-atletismo\/#primaryimage"},"thumbnailUrl":"https:\/\/www.caudete.org\/ayuntamiento\/wp-content\/uploads\/2024\/10\/CristinaAsensio.jpg","articleSection":["Deportes"],"inLanguage":"es"},{"@type":"WebPage","@id":"https:\/\/www.caudete.org\/ayuntamiento\/cristina-asensio-pastor-clasifica-en-tercera-posicion-en-los-campeonatos-de-espana-de-atletismo\/","url":"https:\/\/www.caudete.org\/ayuntamiento\/cristina-asensio-pastor-clasifica-en-tercera-posicion-en-los-campeonatos-de-espana-de-atletismo\/","name":"Cristina Asensio Pastor clasifica en tercera posici\u00f3n en los Campeonatos de Espa\u00f1a de Atletismo. - MI Ayuntamiento de Caudete","isPartOf":{"@id":"https:\/\/www.caudete.org\/ayuntamiento\/#website"},"primaryImageOfPage":{"@id":"https:\/\/www.caudete.org\/ayuntamiento\/cristina-asensio-pastor-clasifica-en-tercera-posicion-en-los-campeonatos-de-espana-de-atletismo\/#primaryimage"},"image":{"@id":"https:\/\/www.caudete.org\/ayuntamiento\/cristina-asensio-pastor-clasifica-en-tercera-posicion-en-los-campeonatos-de-espana-de-atletismo\/#primaryimage"},"thumbnailUrl":"https:\/\/www.caudete.org\/ayuntamiento\/wp-content\/uploads\/2024\/10\/CristinaAsensio.jpg","datePublished":"2024-10-23T07:00:36+00:00","author":{"@id":"https:\/\/www.caudete.org\/ayuntamiento\/#\/schema\/person\/4b9eab41761957db9b1bf9c418d1ef46"},"description":"P\u00e1gina Oficial del Ayuntamiento de Caudete (Albacete)","breadcrumb":{"@id":"https:\/\/www.caudete.org\/ayuntamiento\/cristina-asensio-pastor-clasifica-en-tercera-posicion-en-los-campeonatos-de-espana-de-atletismo\/#breadcrumb"},"inLanguage":"es","potentialAction":[{"@type":"ReadAction","target":["https:\/\/www.caudete.org\/ayuntamiento\/cristina-asensio-pastor-clasifica-en-tercera-posicion-en-los-campeonatos-de-espana-de-atletismo\/"]}]},{"@type":"ImageObject","inLanguage":"es","@id":"https:\/\/www.caudete.org\/ayuntamiento\/cristina-asensio-pastor-clasifica-en-tercera-posicion-en-los-campeonatos-de-espana-de-atletismo\/#primaryimage","url":"https:\/\/www.caudete.org\/ayuntamiento\/wp-content\/uploads\/2024\/10\/CristinaAsensio.jpg","contentUrl":"https:\/\/www.caudete.org\/ayuntamiento\/wp-content\/uploads\/2024\/10\/CristinaAsensio.jpg","width":1000,"height":1230},{"@type":"BreadcrumbList","@id":"https:\/\/www.caudete.org\/ayuntamiento\/cristina-asensio-pastor-clasifica-en-tercera-posicion-en-los-campeonatos-de-espana-de-atletismo\/#breadcrumb","itemListElement":[{"@type":"ListItem","position":1,"name":"Inicio","item":"https:\/\/www.caudete.org\/ayuntamiento\/"},{"@type":"ListItem","position":2,"name":"Cristina Asensio Pastor clasifica en tercera posici\u00f3n en los Campeonatos de Espa\u00f1a de Atletismo."}]},{"@type":"WebSite","@id":"https:\/\/www.caudete.org\/ayuntamiento\/#website","url":"https:\/\/www.caudete.org\/ayuntamiento\/","name":"MI Ayuntamiento de Caudete","description":"P\u00e1gina Oficial del MI Ayuntamiento de Caudete","potentialAction":[{"@type":"SearchAction","target":{"@type":"EntryPoint","urlTemplate":"https:\/\/www.caudete.org\/ayuntamiento\/?s={search_term_string}"},"query-input":{"@type":"PropertyValueSpecification","valueRequired":true,"valueName":"search_term_string"}}],"inLanguage":"es"},{"@type":"Person","@id":"https:\/\/www.caudete.org\/ayuntamiento\/#\/schema\/person\/4b9eab41761957db9b1bf9c418d1ef46","name":"Dpto Informatica MI Ayuntamiento de Caudete","image":{"@type":"ImageObject","inLanguage":"es","@id":"https:\/\/secure.gravatar.com\/avatar\/ac0321ee4a0a83e82a253e7b2d348ef539e2c8fe16d06b600bde04de1b364fa7?s=96&d=mm&r=g","url":"https:\/\/secure.gravatar.com\/avatar\/ac0321ee4a0a83e82a253e7b2d348ef539e2c8fe16d06b600bde04de1b364fa7?s=96&d=mm&r=g","contentUrl":"https:\/\/secure.gravatar.com\/avatar\/ac0321ee4a0a83e82a253e7b2d348ef539e2c8fe16d06b600bde04de1b364fa7?s=96&d=mm&r=g","caption":"Dpto Informatica MI Ayuntamiento de Caudete"},"url":"https:\/\/www.caudete.org\/ayuntamiento\/author\/informatica\/"}]}},"_links":{"self":[{"href":"https:\/\/www.caudete.org\/ayuntamiento\/wp-json\/wp\/v2\/posts\/26389","targetHints":{"allow":["GET"]}}],"collection":[{"href":"https:\/\/www.caudete.org\/ayuntamiento\/wp-json\/wp\/v2\/posts"}],"about":[{"href":"https:\/\/www.caudete.org\/ayuntamiento\/wp-json\/wp\/v2\/types\/post"}],"author":[{"embeddable":true,"href":"https:\/\/www.caudete.org\/ayuntamiento\/wp-json\/wp\/v2\/users\/5"}],"replies":[{"embeddable":true,"href":"https:\/\/www.caudete.org\/ayuntamiento\/wp-json\/wp\/v2\/comments?post=26389"}],"version-history":[{"count":2,"href":"https:\/\/www.caudete.org\/ayuntamiento\/wp-json\/wp\/v2\/posts\/26389\/revisions"}],"predecessor-version":[{"id":26392,"href":"https:\/\/www.caudete.org\/ayuntamiento\/wp-json\/wp\/v2\/posts\/26389\/revisions\/26392"}],"wp:featuredmedia":[{"embeddable":true,"href":"https:\/\/www.caudete.org\/ayuntamiento\/wp-json\/wp\/v2\/media\/26205"}],"wp:attachment":[{"href":"https:\/\/www.caudete.org\/ayuntamiento\/wp-json\/wp\/v2\/media?parent=26389"}],"wp:term":[{"taxonomy":"category","embeddable":true,"href":"https:\/\/www.caudete.org\/ayuntamiento\/wp-json\/wp\/v2\/categories?post=26389"},{"taxonomy":"post_tag","embeddable":true,"href":"https:\/\/www.caudete.org\/ayuntamiento\/wp-json\/wp\/v2\/tags?post=26389"}],"curies":[{"name":"wp","href":"https:\/\/api.w.org\/{rel}","templated":true}]}}