{"id":26406,"date":"2024-10-23T17:56:22","date_gmt":"2024-10-23T15:56:22","guid":{"rendered":"https:\/\/www.caudete.org\/ayuntamiento\/?p=26406"},"modified":"2024-10-23T17:56:22","modified_gmt":"2024-10-23T15:56:22","slug":"participacion-del-ayuntamiento-de-caudete-en-las-jornadas-erasmusdays-organizadas-por-la-consultora-de-proyectos-europeos-skills-divers-en-el-museo-del-vino-de-jumilla","status":"publish","type":"post","link":"https:\/\/www.caudete.org\/ayuntamiento\/participacion-del-ayuntamiento-de-caudete-en-las-jornadas-erasmusdays-organizadas-por-la-consultora-de-proyectos-europeos-skills-divers-en-el-museo-del-vino-de-jumilla\/","title":{"rendered":"Participaci\u00f3n del Ayuntamiento de Caudete en las Jornadas ErasmusDays organizadas por la consultora de proyectos europeos Skills Divers en el Museo del Vino de Jumilla"},"content":{"rendered":"<p>El pasado 17 de octubre el Ayuntamiento de Caudete, representado por la t\u00e9cnico municipal de Desarrollo Local, Mar\u00eda Elia Lac\u00e1rcel Meg\u00edas, particip\u00f3 en las Jornadas ErasmusDays organizadas por la consultora de proyectos europeos Skills Divers y que se celebraron en el Museo del Vino de Jumilla, con la colaboraci\u00f3n del Ayuntamiento de Jumilla. La jornada cont\u00f3 asimismo con la participaci\u00f3n del IES Arzobispo Lozano y el Colegio Cruz de Piedra, de Jumilla; el IES Los Albares, de Cieza, y la Escuela de Negocios ENAE, de Murcia.<\/p>\n<p>El objetivo de la jornada, dirigida a diversos colectivos y centros de formaci\u00f3n de todos los niveles educativos, escuelas de idiomas, responsables de internacionalizaci\u00f3n y proyectos europeos de ayuntamientos, concejal\u00edas de juventud, j\u00f3venes emprendedores, expertos en tecnolog\u00eda, personal del tercer sector, inclusi\u00f3n social y discapacidad, o expertos en sector tur\u00edstico y patrimonio cultural, fue poner en valor los proyectos y experiencias en el programa Erasmus+ de varias instituciones, con el fin de compartir buenas pr\u00e1cticas que puedan servir de inspiraci\u00f3n a otras entidades del contexto territorial para acceder a la financiaci\u00f3n de este programa.<\/p>\n<p>Gregorio Ca\u00f1avate, director de la entidad organizadora Skills Divers, present\u00f3 sus proyectos de cooperaci\u00f3n estrat\u00e9gica \u201cBit The Spectrum\u201d, centrado en la facilitaci\u00f3n de la inclusi\u00f3n laboral a trav\u00e9s de la realidad extendida para personas del espectro autista, y GAP \u201cGames for participatory &amp; sustainable tourism\u201d; y la Escuela de Negocios ENAE de Murcia present\u00f3 su proyecto ARCH (\u201cBringing Cultural Heritage to the Digital Era\u201d), proyectos estos \u00faltimos que utilizan las nuevas tecnolog\u00edas para formentar un turismo sostenible y participativo as\u00ed como el patrimonio cultural.<\/p>\n<p>El Colegido Cruz de Piedra present\u00f3 sus proyectos Etwinning, que les han permitido colaborar con comunidades educativas de otros pa\u00edses europeos, y que han tenido un gran impacto en su centro, habiendo obtenido varios premios y distinciones de excelencia educativa.<\/p>\n<p>Los centros educativos IES Los Albares y Arzobispo Lozano, el Ayuntamiento de Caudete y la Escuela de Negocios ENAE participaron en una mesa de redonda en la que compartieron sus experiencias en proyectos de movilidad en Europa, que abarcaban todo el abanico posible de colectivos participantes, desde alumnado y profesorado del sector escolar a formaci\u00f3n profesional de grado medio y certificados de profesionalidad, formaci\u00f3n profesional de grado superior o educaci\u00f3n de adultos, as\u00ed como voluntariado europeo para j\u00f3venes en el marco del Cuerpo Europeo de Solidaridad, y Erasmus para Emprendedores.<\/p>\n<p>La jornada, que cont\u00f3 con una amplia asistencia, puso en contacto a entidades activas o interesadas en proyectos europeos en la comarca del Altiplano Murciano.<\/p>\n<p><img fetchpriority=\"high\" decoding=\"async\" class=\"alignnone size-full wp-image-26408\" src=\"https:\/\/www.caudete.org\/ayuntamiento\/wp-content\/uploads\/2024\/10\/1729506619074.jpg\" alt=\"\" width=\"1200\" height=\"674\" srcset=\"https:\/\/www.caudete.org\/ayuntamiento\/wp-content\/uploads\/2024\/10\/1729506619074.jpg 1200w, https:\/\/www.caudete.org\/ayuntamiento\/wp-content\/uploads\/2024\/10\/1729506619074-300x169.jpg 300w, https:\/\/www.caudete.org\/ayuntamiento\/wp-content\/uploads\/2024\/10\/1729506619074-1024x575.jpg 1024w, https:\/\/www.caudete.org\/ayuntamiento\/wp-content\/uploads\/2024\/10\/1729506619074-768x431.jpg 768w\" sizes=\"(max-width: 1200px) 100vw, 1200px\" \/> <img decoding=\"async\" class=\"alignnone size-full wp-image-26409\" src=\"https:\/\/www.caudete.org\/ayuntamiento\/wp-content\/uploads\/2024\/10\/b5a7b9a6-5bed-4983-bd94-804653e76b14.jpg\" alt=\"\" width=\"1200\" height=\"903\" srcset=\"https:\/\/www.caudete.org\/ayuntamiento\/wp-content\/uploads\/2024\/10\/b5a7b9a6-5bed-4983-bd94-804653e76b14.jpg 1200w, https:\/\/www.caudete.org\/ayuntamiento\/wp-content\/uploads\/2024\/10\/b5a7b9a6-5bed-4983-bd94-804653e76b14-300x226.jpg 300w, https:\/\/www.caudete.org\/ayuntamiento\/wp-content\/uploads\/2024\/10\/b5a7b9a6-5bed-4983-bd94-804653e76b14-1024x771.jpg 1024w, https:\/\/www.caudete.org\/ayuntamiento\/wp-content\/uploads\/2024\/10\/b5a7b9a6-5bed-4983-bd94-804653e76b14-768x578.jpg 768w\" sizes=\"(max-width: 1200px) 100vw, 1200px\" \/> <img decoding=\"async\" class=\"alignnone size-full wp-image-26410\" src=\"https:\/\/www.caudete.org\/ayuntamiento\/wp-content\/uploads\/2024\/10\/IMG_8005.jpg\" alt=\"\" width=\"1200\" height=\"900\" srcset=\"https:\/\/www.caudete.org\/ayuntamiento\/wp-content\/uploads\/2024\/10\/IMG_8005.jpg 1200w, https:\/\/www.caudete.org\/ayuntamiento\/wp-content\/uploads\/2024\/10\/IMG_8005-300x225.jpg 300w, https:\/\/www.caudete.org\/ayuntamiento\/wp-content\/uploads\/2024\/10\/IMG_8005-1024x768.jpg 1024w, https:\/\/www.caudete.org\/ayuntamiento\/wp-content\/uploads\/2024\/10\/IMG_8005-768x576.jpg 768w\" sizes=\"(max-width: 1200px) 100vw, 1200px\" \/> <img loading=\"lazy\" decoding=\"async\" class=\"alignnone size-full wp-image-26411\" src=\"https:\/\/www.caudete.org\/ayuntamiento\/wp-content\/uploads\/2024\/10\/Skills-Drives-Conferencia-45.jpg\" alt=\"\" width=\"1200\" height=\"800\" srcset=\"https:\/\/www.caudete.org\/ayuntamiento\/wp-content\/uploads\/2024\/10\/Skills-Drives-Conferencia-45.jpg 1200w, https:\/\/www.caudete.org\/ayuntamiento\/wp-content\/uploads\/2024\/10\/Skills-Drives-Conferencia-45-300x200.jpg 300w, https:\/\/www.caudete.org\/ayuntamiento\/wp-content\/uploads\/2024\/10\/Skills-Drives-Conferencia-45-1024x683.jpg 1024w, https:\/\/www.caudete.org\/ayuntamiento\/wp-content\/uploads\/2024\/10\/Skills-Drives-Conferencia-45-768x512.jpg 768w\" sizes=\"(max-width: 1200px) 100vw, 1200px\" \/><\/p>\n","protected":false},"excerpt":{"rendered":"<p>El pasado 17 de octubre el Ayuntamiento de Caudete, representado por la t\u00e9cnico municipal de Desarrollo Local, Mar\u00eda Elia Lac\u00e1rcel Meg\u00edas, particip\u00f3 en las Jornadas ErasmusDays organizadas por la consultora de proyectos europeos Skills Divers y que se celebraron en el Museo del Vino de Jumilla, con la colaboraci\u00f3n del Ayuntamiento de Jumilla. La jornada &hellip;<\/p>\n","protected":false},"author":5,"featured_media":26407,"comment_status":"closed","ping_status":"open","sticky":false,"template":"","format":"standard","meta":{"ngg_post_thumbnail":0,"footnotes":""},"categories":[87],"tags":[],"class_list":["post-26406","post","type-post","status-publish","format-standard","has-post-thumbnail","hentry","category-desarrollo-local"],"yoast_head":"<!-- This site is optimized with the Yoast SEO plugin v27.4 - https:\/\/yoast.com\/product\/yoast-seo-wordpress\/ -->\n<title>Participaci\u00f3n del Ayuntamiento de Caudete en las Jornadas ErasmusDays organizadas por la consultora de proyectos europeos Skills Divers en el Museo del Vino de Jumilla - MI Ayuntamiento de Caudete<\/title>\n<meta name=\"description\" content=\"P\u00e1gina Oficial del Ayuntamiento de Caudete (Albacete)\" \/>\n<meta name=\"robots\" content=\"index, follow, max-snippet:-1, max-image-preview:large, max-video-preview:-1\" \/>\n<link rel=\"canonical\" href=\"https:\/\/www.caudete.org\/ayuntamiento\/participacion-del-ayuntamiento-de-caudete-en-las-jornadas-erasmusdays-organizadas-por-la-consultora-de-proyectos-europeos-skills-divers-en-el-museo-del-vino-de-jumilla\/\" \/>\n<meta property=\"og:locale\" content=\"es_ES\" \/>\n<meta property=\"og:type\" content=\"article\" \/>\n<meta property=\"og:title\" content=\"Participaci\u00f3n del Ayuntamiento de Caudete en las Jornadas ErasmusDays organizadas por la consultora de proyectos europeos Skills Divers en el Museo del Vino de Jumilla - MI Ayuntamiento de Caudete\" \/>\n<meta property=\"og:description\" content=\"P\u00e1gina Oficial del Ayuntamiento de Caudete (Albacete)\" \/>\n<meta property=\"og:url\" content=\"https:\/\/www.caudete.org\/ayuntamiento\/participacion-del-ayuntamiento-de-caudete-en-las-jornadas-erasmusdays-organizadas-por-la-consultora-de-proyectos-europeos-skills-divers-en-el-museo-del-vino-de-jumilla\/\" \/>\n<meta property=\"og:site_name\" content=\"MI Ayuntamiento de Caudete\" \/>\n<meta property=\"article:publisher\" content=\"https:\/\/www.facebook.com\/ayuntamientocaudete\/\" \/>\n<meta property=\"article:published_time\" content=\"2024-10-23T15:56:22+00:00\" \/>\n<meta property=\"og:image\" content=\"https:\/\/www.caudete.org\/ayuntamiento\/wp-content\/uploads\/2024\/10\/eramusdays.jpg\" \/>\n\t<meta property=\"og:image:width\" content=\"852\" \/>\n\t<meta property=\"og:image:height\" content=\"368\" \/>\n\t<meta property=\"og:image:type\" content=\"image\/jpeg\" \/>\n<meta name=\"author\" content=\"Dpto Informatica MI Ayuntamiento de Caudete\" \/>\n<meta name=\"twitter:card\" content=\"summary_large_image\" \/>\n<meta name=\"twitter:label1\" content=\"Escrito por\" \/>\n\t<meta name=\"twitter:data1\" content=\"Dpto Informatica MI Ayuntamiento de Caudete\" \/>\n\t<meta name=\"twitter:label2\" content=\"Tiempo de lectura\" \/>\n\t<meta name=\"twitter:data2\" content=\"3 minutos\" \/>\n<script type=\"application\/ld+json\" class=\"yoast-schema-graph\">{\"@context\":\"https:\\\/\\\/schema.org\",\"@graph\":[{\"@type\":\"Article\",\"@id\":\"https:\\\/\\\/www.caudete.org\\\/ayuntamiento\\\/participacion-del-ayuntamiento-de-caudete-en-las-jornadas-erasmusdays-organizadas-por-la-consultora-de-proyectos-europeos-skills-divers-en-el-museo-del-vino-de-jumilla\\\/#article\",\"isPartOf\":{\"@id\":\"https:\\\/\\\/www.caudete.org\\\/ayuntamiento\\\/participacion-del-ayuntamiento-de-caudete-en-las-jornadas-erasmusdays-organizadas-por-la-consultora-de-proyectos-europeos-skills-divers-en-el-museo-del-vino-de-jumilla\\\/\"},\"author\":{\"name\":\"Dpto Informatica MI Ayuntamiento de Caudete\",\"@id\":\"https:\\\/\\\/www.caudete.org\\\/ayuntamiento\\\/#\\\/schema\\\/person\\\/4b9eab41761957db9b1bf9c418d1ef46\"},\"headline\":\"Participaci\u00f3n del Ayuntamiento de Caudete en las Jornadas ErasmusDays organizadas por la consultora de proyectos europeos Skills Divers en el Museo del Vino de Jumilla\",\"datePublished\":\"2024-10-23T15:56:22+00:00\",\"mainEntityOfPage\":{\"@id\":\"https:\\\/\\\/www.caudete.org\\\/ayuntamiento\\\/participacion-del-ayuntamiento-de-caudete-en-las-jornadas-erasmusdays-organizadas-por-la-consultora-de-proyectos-europeos-skills-divers-en-el-museo-del-vino-de-jumilla\\\/\"},\"wordCount\":472,\"publisher\":{\"@id\":\"https:\\\/\\\/www.caudete.org\\\/ayuntamiento\\\/#organization\"},\"image\":{\"@id\":\"https:\\\/\\\/www.caudete.org\\\/ayuntamiento\\\/participacion-del-ayuntamiento-de-caudete-en-las-jornadas-erasmusdays-organizadas-por-la-consultora-de-proyectos-europeos-skills-divers-en-el-museo-del-vino-de-jumilla\\\/#primaryimage\"},\"thumbnailUrl\":\"https:\\\/\\\/www.caudete.org\\\/ayuntamiento\\\/wp-content\\\/uploads\\\/2024\\\/10\\\/eramusdays.jpg\",\"articleSection\":[\"Desarrollo Local\"],\"inLanguage\":\"es\"},{\"@type\":\"WebPage\",\"@id\":\"https:\\\/\\\/www.caudete.org\\\/ayuntamiento\\\/participacion-del-ayuntamiento-de-caudete-en-las-jornadas-erasmusdays-organizadas-por-la-consultora-de-proyectos-europeos-skills-divers-en-el-museo-del-vino-de-jumilla\\\/\",\"url\":\"https:\\\/\\\/www.caudete.org\\\/ayuntamiento\\\/participacion-del-ayuntamiento-de-caudete-en-las-jornadas-erasmusdays-organizadas-por-la-consultora-de-proyectos-europeos-skills-divers-en-el-museo-del-vino-de-jumilla\\\/\",\"name\":\"Participaci\u00f3n del Ayuntamiento de Caudete en las Jornadas ErasmusDays organizadas por la consultora de proyectos europeos Skills Divers en el Museo del Vino de Jumilla - MI Ayuntamiento de Caudete\",\"isPartOf\":{\"@id\":\"https:\\\/\\\/www.caudete.org\\\/ayuntamiento\\\/#website\"},\"primaryImageOfPage\":{\"@id\":\"https:\\\/\\\/www.caudete.org\\\/ayuntamiento\\\/participacion-del-ayuntamiento-de-caudete-en-las-jornadas-erasmusdays-organizadas-por-la-consultora-de-proyectos-europeos-skills-divers-en-el-museo-del-vino-de-jumilla\\\/#primaryimage\"},\"image\":{\"@id\":\"https:\\\/\\\/www.caudete.org\\\/ayuntamiento\\\/participacion-del-ayuntamiento-de-caudete-en-las-jornadas-erasmusdays-organizadas-por-la-consultora-de-proyectos-europeos-skills-divers-en-el-museo-del-vino-de-jumilla\\\/#primaryimage\"},\"thumbnailUrl\":\"https:\\\/\\\/www.caudete.org\\\/ayuntamiento\\\/wp-content\\\/uploads\\\/2024\\\/10\\\/eramusdays.jpg\",\"datePublished\":\"2024-10-23T15:56:22+00:00\",\"description\":\"P\u00e1gina Oficial del Ayuntamiento de Caudete (Albacete)\",\"breadcrumb\":{\"@id\":\"https:\\\/\\\/www.caudete.org\\\/ayuntamiento\\\/participacion-del-ayuntamiento-de-caudete-en-las-jornadas-erasmusdays-organizadas-por-la-consultora-de-proyectos-europeos-skills-divers-en-el-museo-del-vino-de-jumilla\\\/#breadcrumb\"},\"inLanguage\":\"es\",\"potentialAction\":[{\"@type\":\"ReadAction\",\"target\":[\"https:\\\/\\\/www.caudete.org\\\/ayuntamiento\\\/participacion-del-ayuntamiento-de-caudete-en-las-jornadas-erasmusdays-organizadas-por-la-consultora-de-proyectos-europeos-skills-divers-en-el-museo-del-vino-de-jumilla\\\/\"]}]},{\"@type\":\"ImageObject\",\"inLanguage\":\"es\",\"@id\":\"https:\\\/\\\/www.caudete.org\\\/ayuntamiento\\\/participacion-del-ayuntamiento-de-caudete-en-las-jornadas-erasmusdays-organizadas-por-la-consultora-de-proyectos-europeos-skills-divers-en-el-museo-del-vino-de-jumilla\\\/#primaryimage\",\"url\":\"https:\\\/\\\/www.caudete.org\\\/ayuntamiento\\\/wp-content\\\/uploads\\\/2024\\\/10\\\/eramusdays.jpg\",\"contentUrl\":\"https:\\\/\\\/www.caudete.org\\\/ayuntamiento\\\/wp-content\\\/uploads\\\/2024\\\/10\\\/eramusdays.jpg\",\"width\":852,\"height\":368},{\"@type\":\"BreadcrumbList\",\"@id\":\"https:\\\/\\\/www.caudete.org\\\/ayuntamiento\\\/participacion-del-ayuntamiento-de-caudete-en-las-jornadas-erasmusdays-organizadas-por-la-consultora-de-proyectos-europeos-skills-divers-en-el-museo-del-vino-de-jumilla\\\/#breadcrumb\",\"itemListElement\":[{\"@type\":\"ListItem\",\"position\":1,\"name\":\"Inicio\",\"item\":\"https:\\\/\\\/www.caudete.org\\\/ayuntamiento\\\/\"},{\"@type\":\"ListItem\",\"position\":2,\"name\":\"Participaci\u00f3n del Ayuntamiento de Caudete en las Jornadas ErasmusDays organizadas por la consultora de proyectos europeos Skills Divers en el Museo del Vino de Jumilla\"}]},{\"@type\":\"WebSite\",\"@id\":\"https:\\\/\\\/www.caudete.org\\\/ayuntamiento\\\/#website\",\"url\":\"https:\\\/\\\/www.caudete.org\\\/ayuntamiento\\\/\",\"name\":\"MI Ayuntamiento de Caudete\",\"description\":\"P\u00e1gina Oficial del MI Ayuntamiento de Caudete\",\"publisher\":{\"@id\":\"https:\\\/\\\/www.caudete.org\\\/ayuntamiento\\\/#organization\"},\"potentialAction\":[{\"@type\":\"SearchAction\",\"target\":{\"@type\":\"EntryPoint\",\"urlTemplate\":\"https:\\\/\\\/www.caudete.org\\\/ayuntamiento\\\/?s={search_term_string}\"},\"query-input\":{\"@type\":\"PropertyValueSpecification\",\"valueRequired\":true,\"valueName\":\"search_term_string\"}}],\"inLanguage\":\"es\"},{\"@type\":\"Organization\",\"@id\":\"https:\\\/\\\/www.caudete.org\\\/ayuntamiento\\\/#organization\",\"name\":\"Ayuntamiento de Caudete\",\"url\":\"https:\\\/\\\/www.caudete.org\\\/ayuntamiento\\\/\",\"logo\":{\"@type\":\"ImageObject\",\"inLanguage\":\"es\",\"@id\":\"https:\\\/\\\/www.caudete.org\\\/ayuntamiento\\\/#\\\/schema\\\/logo\\\/image\\\/\",\"url\":\"https:\\\/\\\/www.caudete.org\\\/ayuntamiento\\\/wp-content\\\/uploads\\\/2020\\\/11\\\/logo_ayuntamiento_caudete.jpg\",\"contentUrl\":\"https:\\\/\\\/www.caudete.org\\\/ayuntamiento\\\/wp-content\\\/uploads\\\/2020\\\/11\\\/logo_ayuntamiento_caudete.jpg\",\"width\":600,\"height\":150,\"caption\":\"Ayuntamiento de Caudete\"},\"image\":{\"@id\":\"https:\\\/\\\/www.caudete.org\\\/ayuntamiento\\\/#\\\/schema\\\/logo\\\/image\\\/\"},\"sameAs\":[\"https:\\\/\\\/www.facebook.com\\\/ayuntamientocaudete\\\/\",\"https:\\\/\\\/www.youtube.com\\\/channel\\\/UC6VztHaooNsGpw-tNoBEFnQ\"]},{\"@type\":\"Person\",\"@id\":\"https:\\\/\\\/www.caudete.org\\\/ayuntamiento\\\/#\\\/schema\\\/person\\\/4b9eab41761957db9b1bf9c418d1ef46\",\"name\":\"Dpto Informatica MI Ayuntamiento de Caudete\",\"image\":{\"@type\":\"ImageObject\",\"inLanguage\":\"es\",\"@id\":\"https:\\\/\\\/secure.gravatar.com\\\/avatar\\\/ac0321ee4a0a83e82a253e7b2d348ef539e2c8fe16d06b600bde04de1b364fa7?s=96&d=mm&r=g\",\"url\":\"https:\\\/\\\/secure.gravatar.com\\\/avatar\\\/ac0321ee4a0a83e82a253e7b2d348ef539e2c8fe16d06b600bde04de1b364fa7?s=96&d=mm&r=g\",\"contentUrl\":\"https:\\\/\\\/secure.gravatar.com\\\/avatar\\\/ac0321ee4a0a83e82a253e7b2d348ef539e2c8fe16d06b600bde04de1b364fa7?s=96&d=mm&r=g\",\"caption\":\"Dpto Informatica MI Ayuntamiento de Caudete\"},\"url\":\"https:\\\/\\\/www.caudete.org\\\/ayuntamiento\\\/author\\\/informatica\\\/\"}]}<\/script>\n<!-- \/ Yoast SEO plugin. -->","yoast_head_json":{"title":"Participaci\u00f3n del Ayuntamiento de Caudete en las Jornadas ErasmusDays organizadas por la consultora de proyectos europeos Skills Divers en el Museo del Vino de Jumilla - MI Ayuntamiento de Caudete","description":"P\u00e1gina Oficial del Ayuntamiento de Caudete (Albacete)","robots":{"index":"index","follow":"follow","max-snippet":"max-snippet:-1","max-image-preview":"max-image-preview:large","max-video-preview":"max-video-preview:-1"},"canonical":"https:\/\/www.caudete.org\/ayuntamiento\/participacion-del-ayuntamiento-de-caudete-en-las-jornadas-erasmusdays-organizadas-por-la-consultora-de-proyectos-europeos-skills-divers-en-el-museo-del-vino-de-jumilla\/","og_locale":"es_ES","og_type":"article","og_title":"Participaci\u00f3n del Ayuntamiento de Caudete en las Jornadas ErasmusDays organizadas por la consultora de proyectos europeos Skills Divers en el Museo del Vino de Jumilla - MI Ayuntamiento de Caudete","og_description":"P\u00e1gina Oficial del Ayuntamiento de Caudete (Albacete)","og_url":"https:\/\/www.caudete.org\/ayuntamiento\/participacion-del-ayuntamiento-de-caudete-en-las-jornadas-erasmusdays-organizadas-por-la-consultora-de-proyectos-europeos-skills-divers-en-el-museo-del-vino-de-jumilla\/","og_site_name":"MI Ayuntamiento de Caudete","article_publisher":"https:\/\/www.facebook.com\/ayuntamientocaudete\/","article_published_time":"2024-10-23T15:56:22+00:00","og_image":[{"width":852,"height":368,"url":"https:\/\/www.caudete.org\/ayuntamiento\/wp-content\/uploads\/2024\/10\/eramusdays.jpg","type":"image\/jpeg"}],"author":"Dpto Informatica MI Ayuntamiento de Caudete","twitter_card":"summary_large_image","twitter_misc":{"Escrito por":"Dpto Informatica MI Ayuntamiento de Caudete","Tiempo de lectura":"3 minutos"},"schema":{"@context":"https:\/\/schema.org","@graph":[{"@type":"Article","@id":"https:\/\/www.caudete.org\/ayuntamiento\/participacion-del-ayuntamiento-de-caudete-en-las-jornadas-erasmusdays-organizadas-por-la-consultora-de-proyectos-europeos-skills-divers-en-el-museo-del-vino-de-jumilla\/#article","isPartOf":{"@id":"https:\/\/www.caudete.org\/ayuntamiento\/participacion-del-ayuntamiento-de-caudete-en-las-jornadas-erasmusdays-organizadas-por-la-consultora-de-proyectos-europeos-skills-divers-en-el-museo-del-vino-de-jumilla\/"},"author":{"name":"Dpto Informatica MI Ayuntamiento de Caudete","@id":"https:\/\/www.caudete.org\/ayuntamiento\/#\/schema\/person\/4b9eab41761957db9b1bf9c418d1ef46"},"headline":"Participaci\u00f3n del Ayuntamiento de Caudete en las Jornadas ErasmusDays organizadas por la consultora de proyectos europeos Skills Divers en el Museo del Vino de Jumilla","datePublished":"2024-10-23T15:56:22+00:00","mainEntityOfPage":{"@id":"https:\/\/www.caudete.org\/ayuntamiento\/participacion-del-ayuntamiento-de-caudete-en-las-jornadas-erasmusdays-organizadas-por-la-consultora-de-proyectos-europeos-skills-divers-en-el-museo-del-vino-de-jumilla\/"},"wordCount":472,"publisher":{"@id":"https:\/\/www.caudete.org\/ayuntamiento\/#organization"},"image":{"@id":"https:\/\/www.caudete.org\/ayuntamiento\/participacion-del-ayuntamiento-de-caudete-en-las-jornadas-erasmusdays-organizadas-por-la-consultora-de-proyectos-europeos-skills-divers-en-el-museo-del-vino-de-jumilla\/#primaryimage"},"thumbnailUrl":"https:\/\/www.caudete.org\/ayuntamiento\/wp-content\/uploads\/2024\/10\/eramusdays.jpg","articleSection":["Desarrollo Local"],"inLanguage":"es"},{"@type":"WebPage","@id":"https:\/\/www.caudete.org\/ayuntamiento\/participacion-del-ayuntamiento-de-caudete-en-las-jornadas-erasmusdays-organizadas-por-la-consultora-de-proyectos-europeos-skills-divers-en-el-museo-del-vino-de-jumilla\/","url":"https:\/\/www.caudete.org\/ayuntamiento\/participacion-del-ayuntamiento-de-caudete-en-las-jornadas-erasmusdays-organizadas-por-la-consultora-de-proyectos-europeos-skills-divers-en-el-museo-del-vino-de-jumilla\/","name":"Participaci\u00f3n del Ayuntamiento de Caudete en las Jornadas ErasmusDays organizadas por la consultora de proyectos europeos Skills Divers en el Museo del Vino de Jumilla - MI Ayuntamiento de Caudete","isPartOf":{"@id":"https:\/\/www.caudete.org\/ayuntamiento\/#website"},"primaryImageOfPage":{"@id":"https:\/\/www.caudete.org\/ayuntamiento\/participacion-del-ayuntamiento-de-caudete-en-las-jornadas-erasmusdays-organizadas-por-la-consultora-de-proyectos-europeos-skills-divers-en-el-museo-del-vino-de-jumilla\/#primaryimage"},"image":{"@id":"https:\/\/www.caudete.org\/ayuntamiento\/participacion-del-ayuntamiento-de-caudete-en-las-jornadas-erasmusdays-organizadas-por-la-consultora-de-proyectos-europeos-skills-divers-en-el-museo-del-vino-de-jumilla\/#primaryimage"},"thumbnailUrl":"https:\/\/www.caudete.org\/ayuntamiento\/wp-content\/uploads\/2024\/10\/eramusdays.jpg","datePublished":"2024-10-23T15:56:22+00:00","description":"P\u00e1gina Oficial del Ayuntamiento de Caudete (Albacete)","breadcrumb":{"@id":"https:\/\/www.caudete.org\/ayuntamiento\/participacion-del-ayuntamiento-de-caudete-en-las-jornadas-erasmusdays-organizadas-por-la-consultora-de-proyectos-europeos-skills-divers-en-el-museo-del-vino-de-jumilla\/#breadcrumb"},"inLanguage":"es","potentialAction":[{"@type":"ReadAction","target":["https:\/\/www.caudete.org\/ayuntamiento\/participacion-del-ayuntamiento-de-caudete-en-las-jornadas-erasmusdays-organizadas-por-la-consultora-de-proyectos-europeos-skills-divers-en-el-museo-del-vino-de-jumilla\/"]}]},{"@type":"ImageObject","inLanguage":"es","@id":"https:\/\/www.caudete.org\/ayuntamiento\/participacion-del-ayuntamiento-de-caudete-en-las-jornadas-erasmusdays-organizadas-por-la-consultora-de-proyectos-europeos-skills-divers-en-el-museo-del-vino-de-jumilla\/#primaryimage","url":"https:\/\/www.caudete.org\/ayuntamiento\/wp-content\/uploads\/2024\/10\/eramusdays.jpg","contentUrl":"https:\/\/www.caudete.org\/ayuntamiento\/wp-content\/uploads\/2024\/10\/eramusdays.jpg","width":852,"height":368},{"@type":"BreadcrumbList","@id":"https:\/\/www.caudete.org\/ayuntamiento\/participacion-del-ayuntamiento-de-caudete-en-las-jornadas-erasmusdays-organizadas-por-la-consultora-de-proyectos-europeos-skills-divers-en-el-museo-del-vino-de-jumilla\/#breadcrumb","itemListElement":[{"@type":"ListItem","position":1,"name":"Inicio","item":"https:\/\/www.caudete.org\/ayuntamiento\/"},{"@type":"ListItem","position":2,"name":"Participaci\u00f3n del Ayuntamiento de Caudete en las Jornadas ErasmusDays organizadas por la consultora de proyectos europeos Skills Divers en el Museo del Vino de Jumilla"}]},{"@type":"WebSite","@id":"https:\/\/www.caudete.org\/ayuntamiento\/#website","url":"https:\/\/www.caudete.org\/ayuntamiento\/","name":"MI Ayuntamiento de Caudete","description":"P\u00e1gina Oficial del MI Ayuntamiento de Caudete","publisher":{"@id":"https:\/\/www.caudete.org\/ayuntamiento\/#organization"},"potentialAction":[{"@type":"SearchAction","target":{"@type":"EntryPoint","urlTemplate":"https:\/\/www.caudete.org\/ayuntamiento\/?s={search_term_string}"},"query-input":{"@type":"PropertyValueSpecification","valueRequired":true,"valueName":"search_term_string"}}],"inLanguage":"es"},{"@type":"Organization","@id":"https:\/\/www.caudete.org\/ayuntamiento\/#organization","name":"Ayuntamiento de Caudete","url":"https:\/\/www.caudete.org\/ayuntamiento\/","logo":{"@type":"ImageObject","inLanguage":"es","@id":"https:\/\/www.caudete.org\/ayuntamiento\/#\/schema\/logo\/image\/","url":"https:\/\/www.caudete.org\/ayuntamiento\/wp-content\/uploads\/2020\/11\/logo_ayuntamiento_caudete.jpg","contentUrl":"https:\/\/www.caudete.org\/ayuntamiento\/wp-content\/uploads\/2020\/11\/logo_ayuntamiento_caudete.jpg","width":600,"height":150,"caption":"Ayuntamiento de Caudete"},"image":{"@id":"https:\/\/www.caudete.org\/ayuntamiento\/#\/schema\/logo\/image\/"},"sameAs":["https:\/\/www.facebook.com\/ayuntamientocaudete\/","https:\/\/www.youtube.com\/channel\/UC6VztHaooNsGpw-tNoBEFnQ"]},{"@type":"Person","@id":"https:\/\/www.caudete.org\/ayuntamiento\/#\/schema\/person\/4b9eab41761957db9b1bf9c418d1ef46","name":"Dpto Informatica MI Ayuntamiento de Caudete","image":{"@type":"ImageObject","inLanguage":"es","@id":"https:\/\/secure.gravatar.com\/avatar\/ac0321ee4a0a83e82a253e7b2d348ef539e2c8fe16d06b600bde04de1b364fa7?s=96&d=mm&r=g","url":"https:\/\/secure.gravatar.com\/avatar\/ac0321ee4a0a83e82a253e7b2d348ef539e2c8fe16d06b600bde04de1b364fa7?s=96&d=mm&r=g","contentUrl":"https:\/\/secure.gravatar.com\/avatar\/ac0321ee4a0a83e82a253e7b2d348ef539e2c8fe16d06b600bde04de1b364fa7?s=96&d=mm&r=g","caption":"Dpto Informatica MI Ayuntamiento de Caudete"},"url":"https:\/\/www.caudete.org\/ayuntamiento\/author\/informatica\/"}]}},"_links":{"self":[{"href":"https:\/\/www.caudete.org\/ayuntamiento\/wp-json\/wp\/v2\/posts\/26406","targetHints":{"allow":["GET"]}}],"collection":[{"href":"https:\/\/www.caudete.org\/ayuntamiento\/wp-json\/wp\/v2\/posts"}],"about":[{"href":"https:\/\/www.caudete.org\/ayuntamiento\/wp-json\/wp\/v2\/types\/post"}],"author":[{"embeddable":true,"href":"https:\/\/www.caudete.org\/ayuntamiento\/wp-json\/wp\/v2\/users\/5"}],"replies":[{"embeddable":true,"href":"https:\/\/www.caudete.org\/ayuntamiento\/wp-json\/wp\/v2\/comments?post=26406"}],"version-history":[{"count":1,"href":"https:\/\/www.caudete.org\/ayuntamiento\/wp-json\/wp\/v2\/posts\/26406\/revisions"}],"predecessor-version":[{"id":26412,"href":"https:\/\/www.caudete.org\/ayuntamiento\/wp-json\/wp\/v2\/posts\/26406\/revisions\/26412"}],"wp:featuredmedia":[{"embeddable":true,"href":"https:\/\/www.caudete.org\/ayuntamiento\/wp-json\/wp\/v2\/media\/26407"}],"wp:attachment":[{"href":"https:\/\/www.caudete.org\/ayuntamiento\/wp-json\/wp\/v2\/media?parent=26406"}],"wp:term":[{"taxonomy":"category","embeddable":true,"href":"https:\/\/www.caudete.org\/ayuntamiento\/wp-json\/wp\/v2\/categories?post=26406"},{"taxonomy":"post_tag","embeddable":true,"href":"https:\/\/www.caudete.org\/ayuntamiento\/wp-json\/wp\/v2\/tags?post=26406"}],"curies":[{"name":"wp","href":"https:\/\/api.w.org\/{rel}","templated":true}]}}