{"id":26427,"date":"2024-10-26T09:00:08","date_gmt":"2024-10-26T07:00:08","guid":{"rendered":"https:\/\/www.caudete.org\/ayuntamiento\/?p=26427"},"modified":"2024-11-18T13:11:11","modified_gmt":"2024-11-18T12:11:11","slug":"programacion-cultural-temporada-de-otono-de-2024","status":"publish","type":"post","link":"https:\/\/www.caudete.org\/ayuntamiento\/programacion-cultural-temporada-de-otono-de-2024\/","title":{"rendered":"Presentaci\u00f3n de la programaci\u00f3n Cultural Temporada de oto\u00f1o de 2024"},"content":{"rendered":"<p>La concejala de Cultura del M.I. Ayuntamiento de Caudete Manuela Gonz\u00e1lez\u00a0 presenta esta ma\u00f1ana la programaci\u00f3n cultural para la temporada de oto\u00f1o 2024, compuesta por un total de veintid\u00f3s\u00a0 actividades. Una variada compilaci\u00f3n para ofrecer alternativas de entretenimiento, ocio y formaci\u00f3n a los diversos segmentos de la ciudadan\u00eda. En ella participan como promotores p\u00fablicos Cultural Albacete (Diputaci\u00f3n Provincial de Albacete), la Red de Teatros de Castilla La Mancha con el programa \u201cActuamos\u201d. La Red \u00a0Espa\u00f1ola de Teatros con el programa Danza Escena del Ministerio de Cultura y el M.I. Ayuntamiento de Caudete.<\/p>\n<p>Esta temporada se ha hecho un gran esfuerzo para incluir todas las disciplinas esc\u00e9nicas ofreciendo teatro familiar, circo, \u00a0conciertos, festival de cortos, encuentros literarios, presentaciones de libros y conferencias.<\/p>\n<p>Adem\u00e1s, la concejala ha destacado las exposiciones que componen la programaci\u00f3n de esta temporada de la Sala de Exposiciones \u201cJos\u00e9 Perezgil\u201d en la que se colgar\u00e1n las obras seleccionadas y premiadas de la VII Bienal Internacional de Caudete, la Exposici\u00f3n de las II Jornadas de la Vida y la Muerte \u201cLa cultura de la muerte\u201d y la Exposici\u00f3n de Pepe Castro \u201cVis a vis\u201d<\/p>\n<p>En la presentaci\u00f3n, tambi\u00e9n, se ha hecho menci\u00f3n al gran esfuerzo municipal realizado para contratar los espect\u00e1culos que se llevar\u00e1n a cabo durante los meses de octubre, noviembre y diciembre. El espect\u00e1culo galardonado con el premio FETEN en 2024 al mejor espect\u00e1culo de Circo con \u201cAmbulant\u201d de la compa\u00f1\u00eda La Fam Produccions<\/p>\n<p>Esta programaci\u00f3n de oto\u00f1o 2024 se inici\u00f3 el mes de septiembre con los conciertos de la VIII Edici\u00f3n del Festival ARNOVA Festival de Arpa, Artes y Culturas, la Inauguraci\u00f3n de la VII Bienal Internacional de Caudete el 4 de octubre con el Concierto \u201cLas Manos\u201d de Jorge Bedoya, y finaliza el 21 de diciembre a las 19:00h con el Concierto de Navidad de la Asociaci\u00f3n Cultural Amigos de la M\u00fasica de Caudete.<\/p>\n<p>Todos estos espect\u00e1culos con una gran variedad de artes esc\u00e9nicas y proyectos \u00a0complementan la gran actividad que la Concejal\u00eda de Cultura desarrolla en el amplio espacio que compone la Casa de Cultura de Caudete.<\/p>\n<p><a href=\"https:\/\/www.caudete.org\/ayuntamiento\/wp-content\/uploads\/2024\/10\/240332-Revista-Programacion-Otono.pdf\" class=\"mtli_attachment mtli_pdf\"><img fetchpriority=\"high\" decoding=\"async\" class=\"alignnone wp-image-26429 size-full\" src=\"https:\/\/www.caudete.org\/ayuntamiento\/wp-content\/uploads\/2024\/10\/RevistaOtonoCultura.jpg\" rel='prettyPhoto' alt=\"\" width=\"826\" height=\"582\" srcset=\"https:\/\/www.caudete.org\/ayuntamiento\/wp-content\/uploads\/2024\/10\/RevistaOtonoCultura.jpg 826w, https:\/\/www.caudete.org\/ayuntamiento\/wp-content\/uploads\/2024\/10\/RevistaOtonoCultura-300x211.jpg 300w, https:\/\/www.caudete.org\/ayuntamiento\/wp-content\/uploads\/2024\/10\/RevistaOtonoCultura-768x541.jpg 768w\" sizes=\"(max-width: 826px) 100vw, 826px\" \/><\/a><\/p>\n<p>&nbsp;<\/p>\n","protected":false},"excerpt":{"rendered":"<p>La concejala de Cultura del M.I. Ayuntamiento de Caudete Manuela Gonz\u00e1lez\u00a0 presenta esta ma\u00f1ana la programaci\u00f3n cultural para la temporada de oto\u00f1o 2024, compuesta por un total de veintid\u00f3s\u00a0 actividades. Una variada compilaci\u00f3n para ofrecer alternativas de entretenimiento, ocio y formaci\u00f3n a los diversos segmentos de la ciudadan\u00eda. En ella participan como promotores p\u00fablicos Cultural &hellip;<\/p>\n","protected":false},"author":5,"featured_media":26429,"comment_status":"closed","ping_status":"open","sticky":false,"template":"","format":"standard","meta":{"ngg_post_thumbnail":0,"footnotes":""},"categories":[14],"tags":[],"class_list":["post-26427","post","type-post","status-publish","format-standard","has-post-thumbnail","hentry","category-cultura"],"yoast_head":"<!-- This site is optimized with the Yoast SEO plugin v27.5 - https:\/\/yoast.com\/product\/yoast-seo-wordpress\/ -->\n<title>Presentaci\u00f3n de la programaci\u00f3n Cultural Temporada de oto\u00f1o de 2024 - MI Ayuntamiento de Caudete<\/title>\n<meta name=\"description\" content=\"P\u00e1gina Oficial del Ayuntamiento de Caudete (Albacete)\" \/>\n<meta name=\"robots\" content=\"index, follow, max-snippet:-1, max-image-preview:large, max-video-preview:-1\" \/>\n<link rel=\"canonical\" href=\"https:\/\/www.caudete.org\/ayuntamiento\/programacion-cultural-temporada-de-otono-de-2024\/\" \/>\n<meta property=\"og:locale\" content=\"es_ES\" \/>\n<meta property=\"og:type\" content=\"article\" \/>\n<meta property=\"og:title\" content=\"Presentaci\u00f3n de la programaci\u00f3n Cultural Temporada de oto\u00f1o de 2024 - MI Ayuntamiento de Caudete\" \/>\n<meta property=\"og:description\" content=\"P\u00e1gina Oficial del Ayuntamiento de Caudete (Albacete)\" \/>\n<meta property=\"og:url\" content=\"https:\/\/www.caudete.org\/ayuntamiento\/programacion-cultural-temporada-de-otono-de-2024\/\" \/>\n<meta property=\"og:site_name\" content=\"MI Ayuntamiento de Caudete\" \/>\n<meta property=\"article:publisher\" content=\"https:\/\/www.facebook.com\/ayuntamientocaudete\/\" \/>\n<meta property=\"article:published_time\" content=\"2024-10-26T07:00:08+00:00\" \/>\n<meta property=\"article:modified_time\" content=\"2024-11-18T12:11:11+00:00\" \/>\n<meta property=\"og:image\" content=\"https:\/\/www.caudete.org\/ayuntamiento\/wp-content\/uploads\/2024\/10\/RevistaOtonoCultura.jpg\" \/>\n\t<meta property=\"og:image:width\" content=\"826\" \/>\n\t<meta property=\"og:image:height\" content=\"582\" \/>\n\t<meta property=\"og:image:type\" content=\"image\/jpeg\" \/>\n<meta name=\"author\" content=\"Dpto Informatica MI Ayuntamiento de Caudete\" \/>\n<meta name=\"twitter:card\" content=\"summary_large_image\" \/>\n<meta name=\"twitter:label1\" content=\"Escrito por\" \/>\n\t<meta name=\"twitter:data1\" content=\"Dpto Informatica MI Ayuntamiento de Caudete\" \/>\n\t<meta name=\"twitter:label2\" content=\"Tiempo de lectura\" \/>\n\t<meta name=\"twitter:data2\" content=\"2 minutos\" \/>\n<script type=\"application\/ld+json\" class=\"yoast-schema-graph\">{\"@context\":\"https:\\\/\\\/schema.org\",\"@graph\":[{\"@type\":\"Article\",\"@id\":\"https:\\\/\\\/www.caudete.org\\\/ayuntamiento\\\/programacion-cultural-temporada-de-otono-de-2024\\\/#article\",\"isPartOf\":{\"@id\":\"https:\\\/\\\/www.caudete.org\\\/ayuntamiento\\\/programacion-cultural-temporada-de-otono-de-2024\\\/\"},\"author\":{\"name\":\"Dpto Informatica MI Ayuntamiento de Caudete\",\"@id\":\"https:\\\/\\\/www.caudete.org\\\/ayuntamiento\\\/#\\\/schema\\\/person\\\/4b9eab41761957db9b1bf9c418d1ef46\"},\"headline\":\"Presentaci\u00f3n de la programaci\u00f3n Cultural Temporada de oto\u00f1o de 2024\",\"datePublished\":\"2024-10-26T07:00:08+00:00\",\"dateModified\":\"2024-11-18T12:11:11+00:00\",\"mainEntityOfPage\":{\"@id\":\"https:\\\/\\\/www.caudete.org\\\/ayuntamiento\\\/programacion-cultural-temporada-de-otono-de-2024\\\/\"},\"wordCount\":387,\"image\":{\"@id\":\"https:\\\/\\\/www.caudete.org\\\/ayuntamiento\\\/programacion-cultural-temporada-de-otono-de-2024\\\/#primaryimage\"},\"thumbnailUrl\":\"https:\\\/\\\/www.caudete.org\\\/ayuntamiento\\\/wp-content\\\/uploads\\\/2024\\\/10\\\/RevistaOtonoCultura.jpg\",\"articleSection\":[\"Cultura\"],\"inLanguage\":\"es\"},{\"@type\":\"WebPage\",\"@id\":\"https:\\\/\\\/www.caudete.org\\\/ayuntamiento\\\/programacion-cultural-temporada-de-otono-de-2024\\\/\",\"url\":\"https:\\\/\\\/www.caudete.org\\\/ayuntamiento\\\/programacion-cultural-temporada-de-otono-de-2024\\\/\",\"name\":\"Presentaci\u00f3n de la programaci\u00f3n Cultural Temporada de oto\u00f1o de 2024 - MI Ayuntamiento de Caudete\",\"isPartOf\":{\"@id\":\"https:\\\/\\\/www.caudete.org\\\/ayuntamiento\\\/#website\"},\"primaryImageOfPage\":{\"@id\":\"https:\\\/\\\/www.caudete.org\\\/ayuntamiento\\\/programacion-cultural-temporada-de-otono-de-2024\\\/#primaryimage\"},\"image\":{\"@id\":\"https:\\\/\\\/www.caudete.org\\\/ayuntamiento\\\/programacion-cultural-temporada-de-otono-de-2024\\\/#primaryimage\"},\"thumbnailUrl\":\"https:\\\/\\\/www.caudete.org\\\/ayuntamiento\\\/wp-content\\\/uploads\\\/2024\\\/10\\\/RevistaOtonoCultura.jpg\",\"datePublished\":\"2024-10-26T07:00:08+00:00\",\"dateModified\":\"2024-11-18T12:11:11+00:00\",\"author\":{\"@id\":\"https:\\\/\\\/www.caudete.org\\\/ayuntamiento\\\/#\\\/schema\\\/person\\\/4b9eab41761957db9b1bf9c418d1ef46\"},\"description\":\"P\u00e1gina Oficial del Ayuntamiento de Caudete (Albacete)\",\"breadcrumb\":{\"@id\":\"https:\\\/\\\/www.caudete.org\\\/ayuntamiento\\\/programacion-cultural-temporada-de-otono-de-2024\\\/#breadcrumb\"},\"inLanguage\":\"es\",\"potentialAction\":[{\"@type\":\"ReadAction\",\"target\":[\"https:\\\/\\\/www.caudete.org\\\/ayuntamiento\\\/programacion-cultural-temporada-de-otono-de-2024\\\/\"]}]},{\"@type\":\"ImageObject\",\"inLanguage\":\"es\",\"@id\":\"https:\\\/\\\/www.caudete.org\\\/ayuntamiento\\\/programacion-cultural-temporada-de-otono-de-2024\\\/#primaryimage\",\"url\":\"https:\\\/\\\/www.caudete.org\\\/ayuntamiento\\\/wp-content\\\/uploads\\\/2024\\\/10\\\/RevistaOtonoCultura.jpg\",\"contentUrl\":\"https:\\\/\\\/www.caudete.org\\\/ayuntamiento\\\/wp-content\\\/uploads\\\/2024\\\/10\\\/RevistaOtonoCultura.jpg\",\"width\":826,\"height\":582},{\"@type\":\"BreadcrumbList\",\"@id\":\"https:\\\/\\\/www.caudete.org\\\/ayuntamiento\\\/programacion-cultural-temporada-de-otono-de-2024\\\/#breadcrumb\",\"itemListElement\":[{\"@type\":\"ListItem\",\"position\":1,\"name\":\"Inicio\",\"item\":\"https:\\\/\\\/www.caudete.org\\\/ayuntamiento\\\/\"},{\"@type\":\"ListItem\",\"position\":2,\"name\":\"Presentaci\u00f3n de la programaci\u00f3n Cultural Temporada de oto\u00f1o de 2024\"}]},{\"@type\":\"WebSite\",\"@id\":\"https:\\\/\\\/www.caudete.org\\\/ayuntamiento\\\/#website\",\"url\":\"https:\\\/\\\/www.caudete.org\\\/ayuntamiento\\\/\",\"name\":\"MI Ayuntamiento de Caudete\",\"description\":\"P\u00e1gina Oficial del MI Ayuntamiento de Caudete\",\"potentialAction\":[{\"@type\":\"SearchAction\",\"target\":{\"@type\":\"EntryPoint\",\"urlTemplate\":\"https:\\\/\\\/www.caudete.org\\\/ayuntamiento\\\/?s={search_term_string}\"},\"query-input\":{\"@type\":\"PropertyValueSpecification\",\"valueRequired\":true,\"valueName\":\"search_term_string\"}}],\"inLanguage\":\"es\"},{\"@type\":\"Person\",\"@id\":\"https:\\\/\\\/www.caudete.org\\\/ayuntamiento\\\/#\\\/schema\\\/person\\\/4b9eab41761957db9b1bf9c418d1ef46\",\"name\":\"Dpto Informatica MI Ayuntamiento de Caudete\",\"image\":{\"@type\":\"ImageObject\",\"inLanguage\":\"es\",\"@id\":\"https:\\\/\\\/secure.gravatar.com\\\/avatar\\\/ac0321ee4a0a83e82a253e7b2d348ef539e2c8fe16d06b600bde04de1b364fa7?s=96&d=mm&r=g\",\"url\":\"https:\\\/\\\/secure.gravatar.com\\\/avatar\\\/ac0321ee4a0a83e82a253e7b2d348ef539e2c8fe16d06b600bde04de1b364fa7?s=96&d=mm&r=g\",\"contentUrl\":\"https:\\\/\\\/secure.gravatar.com\\\/avatar\\\/ac0321ee4a0a83e82a253e7b2d348ef539e2c8fe16d06b600bde04de1b364fa7?s=96&d=mm&r=g\",\"caption\":\"Dpto Informatica MI Ayuntamiento de Caudete\"},\"url\":\"https:\\\/\\\/www.caudete.org\\\/ayuntamiento\\\/author\\\/informatica\\\/\"}]}<\/script>\n<!-- \/ Yoast SEO plugin. -->","yoast_head_json":{"title":"Presentaci\u00f3n de la programaci\u00f3n Cultural Temporada de oto\u00f1o de 2024 - MI Ayuntamiento de Caudete","description":"P\u00e1gina Oficial del Ayuntamiento de Caudete (Albacete)","robots":{"index":"index","follow":"follow","max-snippet":"max-snippet:-1","max-image-preview":"max-image-preview:large","max-video-preview":"max-video-preview:-1"},"canonical":"https:\/\/www.caudete.org\/ayuntamiento\/programacion-cultural-temporada-de-otono-de-2024\/","og_locale":"es_ES","og_type":"article","og_title":"Presentaci\u00f3n de la programaci\u00f3n Cultural Temporada de oto\u00f1o de 2024 - MI Ayuntamiento de Caudete","og_description":"P\u00e1gina Oficial del Ayuntamiento de Caudete (Albacete)","og_url":"https:\/\/www.caudete.org\/ayuntamiento\/programacion-cultural-temporada-de-otono-de-2024\/","og_site_name":"MI Ayuntamiento de Caudete","article_publisher":"https:\/\/www.facebook.com\/ayuntamientocaudete\/","article_published_time":"2024-10-26T07:00:08+00:00","article_modified_time":"2024-11-18T12:11:11+00:00","og_image":[{"width":826,"height":582,"url":"https:\/\/www.caudete.org\/ayuntamiento\/wp-content\/uploads\/2024\/10\/RevistaOtonoCultura.jpg","type":"image\/jpeg"}],"author":"Dpto Informatica MI Ayuntamiento de Caudete","twitter_card":"summary_large_image","twitter_misc":{"Escrito por":"Dpto Informatica MI Ayuntamiento de Caudete","Tiempo de lectura":"2 minutos"},"schema":{"@context":"https:\/\/schema.org","@graph":[{"@type":"Article","@id":"https:\/\/www.caudete.org\/ayuntamiento\/programacion-cultural-temporada-de-otono-de-2024\/#article","isPartOf":{"@id":"https:\/\/www.caudete.org\/ayuntamiento\/programacion-cultural-temporada-de-otono-de-2024\/"},"author":{"name":"Dpto Informatica MI Ayuntamiento de Caudete","@id":"https:\/\/www.caudete.org\/ayuntamiento\/#\/schema\/person\/4b9eab41761957db9b1bf9c418d1ef46"},"headline":"Presentaci\u00f3n de la programaci\u00f3n Cultural Temporada de oto\u00f1o de 2024","datePublished":"2024-10-26T07:00:08+00:00","dateModified":"2024-11-18T12:11:11+00:00","mainEntityOfPage":{"@id":"https:\/\/www.caudete.org\/ayuntamiento\/programacion-cultural-temporada-de-otono-de-2024\/"},"wordCount":387,"image":{"@id":"https:\/\/www.caudete.org\/ayuntamiento\/programacion-cultural-temporada-de-otono-de-2024\/#primaryimage"},"thumbnailUrl":"https:\/\/www.caudete.org\/ayuntamiento\/wp-content\/uploads\/2024\/10\/RevistaOtonoCultura.jpg","articleSection":["Cultura"],"inLanguage":"es"},{"@type":"WebPage","@id":"https:\/\/www.caudete.org\/ayuntamiento\/programacion-cultural-temporada-de-otono-de-2024\/","url":"https:\/\/www.caudete.org\/ayuntamiento\/programacion-cultural-temporada-de-otono-de-2024\/","name":"Presentaci\u00f3n de la programaci\u00f3n Cultural Temporada de oto\u00f1o de 2024 - MI Ayuntamiento de Caudete","isPartOf":{"@id":"https:\/\/www.caudete.org\/ayuntamiento\/#website"},"primaryImageOfPage":{"@id":"https:\/\/www.caudete.org\/ayuntamiento\/programacion-cultural-temporada-de-otono-de-2024\/#primaryimage"},"image":{"@id":"https:\/\/www.caudete.org\/ayuntamiento\/programacion-cultural-temporada-de-otono-de-2024\/#primaryimage"},"thumbnailUrl":"https:\/\/www.caudete.org\/ayuntamiento\/wp-content\/uploads\/2024\/10\/RevistaOtonoCultura.jpg","datePublished":"2024-10-26T07:00:08+00:00","dateModified":"2024-11-18T12:11:11+00:00","author":{"@id":"https:\/\/www.caudete.org\/ayuntamiento\/#\/schema\/person\/4b9eab41761957db9b1bf9c418d1ef46"},"description":"P\u00e1gina Oficial del Ayuntamiento de Caudete (Albacete)","breadcrumb":{"@id":"https:\/\/www.caudete.org\/ayuntamiento\/programacion-cultural-temporada-de-otono-de-2024\/#breadcrumb"},"inLanguage":"es","potentialAction":[{"@type":"ReadAction","target":["https:\/\/www.caudete.org\/ayuntamiento\/programacion-cultural-temporada-de-otono-de-2024\/"]}]},{"@type":"ImageObject","inLanguage":"es","@id":"https:\/\/www.caudete.org\/ayuntamiento\/programacion-cultural-temporada-de-otono-de-2024\/#primaryimage","url":"https:\/\/www.caudete.org\/ayuntamiento\/wp-content\/uploads\/2024\/10\/RevistaOtonoCultura.jpg","contentUrl":"https:\/\/www.caudete.org\/ayuntamiento\/wp-content\/uploads\/2024\/10\/RevistaOtonoCultura.jpg","width":826,"height":582},{"@type":"BreadcrumbList","@id":"https:\/\/www.caudete.org\/ayuntamiento\/programacion-cultural-temporada-de-otono-de-2024\/#breadcrumb","itemListElement":[{"@type":"ListItem","position":1,"name":"Inicio","item":"https:\/\/www.caudete.org\/ayuntamiento\/"},{"@type":"ListItem","position":2,"name":"Presentaci\u00f3n de la programaci\u00f3n Cultural Temporada de oto\u00f1o de 2024"}]},{"@type":"WebSite","@id":"https:\/\/www.caudete.org\/ayuntamiento\/#website","url":"https:\/\/www.caudete.org\/ayuntamiento\/","name":"MI Ayuntamiento de Caudete","description":"P\u00e1gina Oficial del MI Ayuntamiento de Caudete","potentialAction":[{"@type":"SearchAction","target":{"@type":"EntryPoint","urlTemplate":"https:\/\/www.caudete.org\/ayuntamiento\/?s={search_term_string}"},"query-input":{"@type":"PropertyValueSpecification","valueRequired":true,"valueName":"search_term_string"}}],"inLanguage":"es"},{"@type":"Person","@id":"https:\/\/www.caudete.org\/ayuntamiento\/#\/schema\/person\/4b9eab41761957db9b1bf9c418d1ef46","name":"Dpto Informatica MI Ayuntamiento de Caudete","image":{"@type":"ImageObject","inLanguage":"es","@id":"https:\/\/secure.gravatar.com\/avatar\/ac0321ee4a0a83e82a253e7b2d348ef539e2c8fe16d06b600bde04de1b364fa7?s=96&d=mm&r=g","url":"https:\/\/secure.gravatar.com\/avatar\/ac0321ee4a0a83e82a253e7b2d348ef539e2c8fe16d06b600bde04de1b364fa7?s=96&d=mm&r=g","contentUrl":"https:\/\/secure.gravatar.com\/avatar\/ac0321ee4a0a83e82a253e7b2d348ef539e2c8fe16d06b600bde04de1b364fa7?s=96&d=mm&r=g","caption":"Dpto Informatica MI Ayuntamiento de Caudete"},"url":"https:\/\/www.caudete.org\/ayuntamiento\/author\/informatica\/"}]}},"_links":{"self":[{"href":"https:\/\/www.caudete.org\/ayuntamiento\/wp-json\/wp\/v2\/posts\/26427","targetHints":{"allow":["GET"]}}],"collection":[{"href":"https:\/\/www.caudete.org\/ayuntamiento\/wp-json\/wp\/v2\/posts"}],"about":[{"href":"https:\/\/www.caudete.org\/ayuntamiento\/wp-json\/wp\/v2\/types\/post"}],"author":[{"embeddable":true,"href":"https:\/\/www.caudete.org\/ayuntamiento\/wp-json\/wp\/v2\/users\/5"}],"replies":[{"embeddable":true,"href":"https:\/\/www.caudete.org\/ayuntamiento\/wp-json\/wp\/v2\/comments?post=26427"}],"version-history":[{"count":3,"href":"https:\/\/www.caudete.org\/ayuntamiento\/wp-json\/wp\/v2\/posts\/26427\/revisions"}],"predecessor-version":[{"id":26437,"href":"https:\/\/www.caudete.org\/ayuntamiento\/wp-json\/wp\/v2\/posts\/26427\/revisions\/26437"}],"wp:featuredmedia":[{"embeddable":true,"href":"https:\/\/www.caudete.org\/ayuntamiento\/wp-json\/wp\/v2\/media\/26429"}],"wp:attachment":[{"href":"https:\/\/www.caudete.org\/ayuntamiento\/wp-json\/wp\/v2\/media?parent=26427"}],"wp:term":[{"taxonomy":"category","embeddable":true,"href":"https:\/\/www.caudete.org\/ayuntamiento\/wp-json\/wp\/v2\/categories?post=26427"},{"taxonomy":"post_tag","embeddable":true,"href":"https:\/\/www.caudete.org\/ayuntamiento\/wp-json\/wp\/v2\/tags?post=26427"}],"curies":[{"name":"wp","href":"https:\/\/api.w.org\/{rel}","templated":true}]}}