{"id":26442,"date":"2024-10-28T18:09:32","date_gmt":"2024-10-28T17:09:32","guid":{"rendered":"https:\/\/www.caudete.org\/ayuntamiento\/?p=26442"},"modified":"2024-10-28T18:09:32","modified_gmt":"2024-10-28T17:09:32","slug":"el-alcalde-plantea-flexibilizar-la-ordenanza-de-ocupacion-de-la-via-publica-para-facilitar-el-trabajo-a-los-profesionales","status":"publish","type":"post","link":"https:\/\/www.caudete.org\/ayuntamiento\/el-alcalde-plantea-flexibilizar-la-ordenanza-de-ocupacion-de-la-via-publica-para-facilitar-el-trabajo-a-los-profesionales\/","title":{"rendered":"El Alcalde plantea flexibilizar la Ordenanza de Ocupaci\u00f3n de la V\u00eda P\u00fablica para facilitar el trabajo a los profesionales"},"content":{"rendered":"<p style=\"text-align: justify;\">Hace unos d\u00edas la Sala de Prensa acog\u00eda una reuni\u00f3n de trabajo convocada por el Alcalde con constructores, pintores, suministradores de materiales, etc, a la que asist\u00eda Jefatura de Polic\u00eda, Concejal de Seguridad, Arquitecto, Tesorero y personal de Secretar\u00eda, con el fin de poder tener un intercambio de impresiones sobre la aplicaci\u00f3n de la Ordenanza reguladora de la utilizaci\u00f3n privativa o aprovechamiento especial de bienes de dominio p\u00fablico municipal, ya que su aplicaci\u00f3n genera dificultades a la hora del tr\u00e1mite y por tanto de la realizaci\u00f3n de la actividad de cada uno de los profesionales del municipio.<\/p>\n<p style=\"text-align: justify;\">Consciente el Consistorio de \u00e9sta situaci\u00f3n, se consider\u00f3 oportuno la convocatoria de dicha cita para que los afectados pudiesen expresar las situaciones particulares para entre todos, plantear soluciones que permitan flexibilizar el cumplimiento de la normativa, que pasar\u00eda por una modificaci\u00f3n de la misma, y conseguir as\u00ed reducir burocracia para que la pr\u00e1ctica profesional pueda ser realizada con normalidad y seguridad, facilit\u00e1ndoles la labor, compromiso adquirido entre el Alcalde y los presentes.<\/p>\n<p>Los servicios municipales afectados, tomaron nota de todo lo analizado y propuesto, y se emplazaron a una posterior vista con los citados para pulir los detalles que supondr\u00e1n la modificaci\u00f3n de la Ordenanza y que ser\u00e1 el Pleno quien la apruebe antes de que acabe el presente a\u00f1o 2024.<\/p>\n","protected":false},"excerpt":{"rendered":"<p>Hace unos d\u00edas la Sala de Prensa acog\u00eda una reuni\u00f3n de trabajo convocada por el Alcalde con constructores, pintores, suministradores de materiales, etc, a la que asist\u00eda Jefatura de Polic\u00eda, Concejal de Seguridad, Arquitecto, Tesorero y personal de Secretar\u00eda, con el fin de poder tener un intercambio de impresiones sobre la aplicaci\u00f3n de la Ordenanza &hellip;<\/p>\n","protected":false},"author":3,"featured_media":26443,"comment_status":"closed","ping_status":"open","sticky":false,"template":"","format":"standard","meta":{"ngg_post_thumbnail":0,"footnotes":""},"categories":[46],"tags":[],"class_list":["post-26442","post","type-post","status-publish","format-standard","has-post-thumbnail","hentry","category-movilidad-urbana"],"yoast_head":"<!-- This site is optimized with the Yoast SEO plugin v27.5 - https:\/\/yoast.com\/product\/yoast-seo-wordpress\/ -->\n<title>El Alcalde plantea flexibilizar la Ordenanza de Ocupaci\u00f3n de la V\u00eda P\u00fablica para facilitar el trabajo a los profesionales - MI Ayuntamiento de Caudete<\/title>\n<meta name=\"description\" content=\"P\u00e1gina Oficial del Ayuntamiento de Caudete (Albacete)\" \/>\n<meta name=\"robots\" content=\"index, follow, max-snippet:-1, max-image-preview:large, max-video-preview:-1\" \/>\n<link rel=\"canonical\" href=\"https:\/\/www.caudete.org\/ayuntamiento\/el-alcalde-plantea-flexibilizar-la-ordenanza-de-ocupacion-de-la-via-publica-para-facilitar-el-trabajo-a-los-profesionales\/\" \/>\n<meta property=\"og:locale\" content=\"es_ES\" \/>\n<meta property=\"og:type\" content=\"article\" \/>\n<meta property=\"og:title\" content=\"El Alcalde plantea flexibilizar la Ordenanza de Ocupaci\u00f3n de la V\u00eda P\u00fablica para facilitar el trabajo a los profesionales - MI Ayuntamiento de Caudete\" \/>\n<meta property=\"og:description\" content=\"P\u00e1gina Oficial del Ayuntamiento de Caudete (Albacete)\" \/>\n<meta property=\"og:url\" content=\"https:\/\/www.caudete.org\/ayuntamiento\/el-alcalde-plantea-flexibilizar-la-ordenanza-de-ocupacion-de-la-via-publica-para-facilitar-el-trabajo-a-los-profesionales\/\" \/>\n<meta property=\"og:site_name\" content=\"MI Ayuntamiento de Caudete\" \/>\n<meta property=\"article:publisher\" content=\"https:\/\/www.facebook.com\/ayuntamientocaudete\/\" \/>\n<meta property=\"article:published_time\" content=\"2024-10-28T17:09:32+00:00\" \/>\n<meta property=\"og:image\" content=\"https:\/\/www.caudete.org\/ayuntamiento\/wp-content\/uploads\/2024\/10\/reunion-constructores-ocupacion-via-publica.jpg\" \/>\n\t<meta property=\"og:image:width\" content=\"1016\" \/>\n\t<meta property=\"og:image:height\" content=\"753\" \/>\n\t<meta property=\"og:image:type\" content=\"image\/jpeg\" \/>\n<meta name=\"author\" content=\"alcalde\" \/>\n<meta name=\"twitter:card\" content=\"summary_large_image\" \/>\n<meta name=\"twitter:label1\" content=\"Escrito por\" \/>\n\t<meta name=\"twitter:data1\" content=\"alcalde\" \/>\n\t<meta name=\"twitter:label2\" content=\"Tiempo de lectura\" \/>\n\t<meta name=\"twitter:data2\" content=\"2 minutos\" \/>\n<script type=\"application\/ld+json\" class=\"yoast-schema-graph\">{\"@context\":\"https:\\\/\\\/schema.org\",\"@graph\":[{\"@type\":\"Article\",\"@id\":\"https:\\\/\\\/www.caudete.org\\\/ayuntamiento\\\/el-alcalde-plantea-flexibilizar-la-ordenanza-de-ocupacion-de-la-via-publica-para-facilitar-el-trabajo-a-los-profesionales\\\/#article\",\"isPartOf\":{\"@id\":\"https:\\\/\\\/www.caudete.org\\\/ayuntamiento\\\/el-alcalde-plantea-flexibilizar-la-ordenanza-de-ocupacion-de-la-via-publica-para-facilitar-el-trabajo-a-los-profesionales\\\/\"},\"author\":{\"name\":\"alcalde\",\"@id\":\"https:\\\/\\\/www.caudete.org\\\/ayuntamiento\\\/#\\\/schema\\\/person\\\/cc646da9133078ee4d8dd47457947253\"},\"headline\":\"El Alcalde plantea flexibilizar la Ordenanza de Ocupaci\u00f3n de la V\u00eda P\u00fablica para facilitar el trabajo a los profesionales\",\"datePublished\":\"2024-10-28T17:09:32+00:00\",\"mainEntityOfPage\":{\"@id\":\"https:\\\/\\\/www.caudete.org\\\/ayuntamiento\\\/el-alcalde-plantea-flexibilizar-la-ordenanza-de-ocupacion-de-la-via-publica-para-facilitar-el-trabajo-a-los-profesionales\\\/\"},\"wordCount\":259,\"publisher\":{\"@id\":\"https:\\\/\\\/www.caudete.org\\\/ayuntamiento\\\/#organization\"},\"image\":{\"@id\":\"https:\\\/\\\/www.caudete.org\\\/ayuntamiento\\\/el-alcalde-plantea-flexibilizar-la-ordenanza-de-ocupacion-de-la-via-publica-para-facilitar-el-trabajo-a-los-profesionales\\\/#primaryimage\"},\"thumbnailUrl\":\"https:\\\/\\\/www.caudete.org\\\/ayuntamiento\\\/wp-content\\\/uploads\\\/2024\\\/10\\\/reunion-constructores-ocupacion-via-publica.jpg\",\"articleSection\":[\"Movilidad Urbana\"],\"inLanguage\":\"es\"},{\"@type\":\"WebPage\",\"@id\":\"https:\\\/\\\/www.caudete.org\\\/ayuntamiento\\\/el-alcalde-plantea-flexibilizar-la-ordenanza-de-ocupacion-de-la-via-publica-para-facilitar-el-trabajo-a-los-profesionales\\\/\",\"url\":\"https:\\\/\\\/www.caudete.org\\\/ayuntamiento\\\/el-alcalde-plantea-flexibilizar-la-ordenanza-de-ocupacion-de-la-via-publica-para-facilitar-el-trabajo-a-los-profesionales\\\/\",\"name\":\"El Alcalde plantea flexibilizar la Ordenanza de Ocupaci\u00f3n de la V\u00eda P\u00fablica para facilitar el trabajo a los profesionales - MI Ayuntamiento de Caudete\",\"isPartOf\":{\"@id\":\"https:\\\/\\\/www.caudete.org\\\/ayuntamiento\\\/#website\"},\"primaryImageOfPage\":{\"@id\":\"https:\\\/\\\/www.caudete.org\\\/ayuntamiento\\\/el-alcalde-plantea-flexibilizar-la-ordenanza-de-ocupacion-de-la-via-publica-para-facilitar-el-trabajo-a-los-profesionales\\\/#primaryimage\"},\"image\":{\"@id\":\"https:\\\/\\\/www.caudete.org\\\/ayuntamiento\\\/el-alcalde-plantea-flexibilizar-la-ordenanza-de-ocupacion-de-la-via-publica-para-facilitar-el-trabajo-a-los-profesionales\\\/#primaryimage\"},\"thumbnailUrl\":\"https:\\\/\\\/www.caudete.org\\\/ayuntamiento\\\/wp-content\\\/uploads\\\/2024\\\/10\\\/reunion-constructores-ocupacion-via-publica.jpg\",\"datePublished\":\"2024-10-28T17:09:32+00:00\",\"description\":\"P\u00e1gina Oficial del Ayuntamiento de Caudete (Albacete)\",\"breadcrumb\":{\"@id\":\"https:\\\/\\\/www.caudete.org\\\/ayuntamiento\\\/el-alcalde-plantea-flexibilizar-la-ordenanza-de-ocupacion-de-la-via-publica-para-facilitar-el-trabajo-a-los-profesionales\\\/#breadcrumb\"},\"inLanguage\":\"es\",\"potentialAction\":[{\"@type\":\"ReadAction\",\"target\":[\"https:\\\/\\\/www.caudete.org\\\/ayuntamiento\\\/el-alcalde-plantea-flexibilizar-la-ordenanza-de-ocupacion-de-la-via-publica-para-facilitar-el-trabajo-a-los-profesionales\\\/\"]}]},{\"@type\":\"ImageObject\",\"inLanguage\":\"es\",\"@id\":\"https:\\\/\\\/www.caudete.org\\\/ayuntamiento\\\/el-alcalde-plantea-flexibilizar-la-ordenanza-de-ocupacion-de-la-via-publica-para-facilitar-el-trabajo-a-los-profesionales\\\/#primaryimage\",\"url\":\"https:\\\/\\\/www.caudete.org\\\/ayuntamiento\\\/wp-content\\\/uploads\\\/2024\\\/10\\\/reunion-constructores-ocupacion-via-publica.jpg\",\"contentUrl\":\"https:\\\/\\\/www.caudete.org\\\/ayuntamiento\\\/wp-content\\\/uploads\\\/2024\\\/10\\\/reunion-constructores-ocupacion-via-publica.jpg\",\"width\":1016,\"height\":753},{\"@type\":\"BreadcrumbList\",\"@id\":\"https:\\\/\\\/www.caudete.org\\\/ayuntamiento\\\/el-alcalde-plantea-flexibilizar-la-ordenanza-de-ocupacion-de-la-via-publica-para-facilitar-el-trabajo-a-los-profesionales\\\/#breadcrumb\",\"itemListElement\":[{\"@type\":\"ListItem\",\"position\":1,\"name\":\"Inicio\",\"item\":\"https:\\\/\\\/www.caudete.org\\\/ayuntamiento\\\/\"},{\"@type\":\"ListItem\",\"position\":2,\"name\":\"El Alcalde plantea flexibilizar la Ordenanza de Ocupaci\u00f3n de la V\u00eda P\u00fablica para facilitar el trabajo a los profesionales\"}]},{\"@type\":\"WebSite\",\"@id\":\"https:\\\/\\\/www.caudete.org\\\/ayuntamiento\\\/#website\",\"url\":\"https:\\\/\\\/www.caudete.org\\\/ayuntamiento\\\/\",\"name\":\"MI Ayuntamiento de Caudete\",\"description\":\"P\u00e1gina Oficial del MI Ayuntamiento de Caudete\",\"publisher\":{\"@id\":\"https:\\\/\\\/www.caudete.org\\\/ayuntamiento\\\/#organization\"},\"potentialAction\":[{\"@type\":\"SearchAction\",\"target\":{\"@type\":\"EntryPoint\",\"urlTemplate\":\"https:\\\/\\\/www.caudete.org\\\/ayuntamiento\\\/?s={search_term_string}\"},\"query-input\":{\"@type\":\"PropertyValueSpecification\",\"valueRequired\":true,\"valueName\":\"search_term_string\"}}],\"inLanguage\":\"es\"},{\"@type\":\"Organization\",\"@id\":\"https:\\\/\\\/www.caudete.org\\\/ayuntamiento\\\/#organization\",\"name\":\"Ayuntamiento de Caudete\",\"url\":\"https:\\\/\\\/www.caudete.org\\\/ayuntamiento\\\/\",\"logo\":{\"@type\":\"ImageObject\",\"inLanguage\":\"es\",\"@id\":\"https:\\\/\\\/www.caudete.org\\\/ayuntamiento\\\/#\\\/schema\\\/logo\\\/image\\\/\",\"url\":\"https:\\\/\\\/www.caudete.org\\\/ayuntamiento\\\/wp-content\\\/uploads\\\/2020\\\/11\\\/logo_ayuntamiento_caudete.jpg\",\"contentUrl\":\"https:\\\/\\\/www.caudete.org\\\/ayuntamiento\\\/wp-content\\\/uploads\\\/2020\\\/11\\\/logo_ayuntamiento_caudete.jpg\",\"width\":600,\"height\":150,\"caption\":\"Ayuntamiento de Caudete\"},\"image\":{\"@id\":\"https:\\\/\\\/www.caudete.org\\\/ayuntamiento\\\/#\\\/schema\\\/logo\\\/image\\\/\"},\"sameAs\":[\"https:\\\/\\\/www.facebook.com\\\/ayuntamientocaudete\\\/\",\"https:\\\/\\\/www.youtube.com\\\/channel\\\/UC6VztHaooNsGpw-tNoBEFnQ\"]},{\"@type\":\"Person\",\"@id\":\"https:\\\/\\\/www.caudete.org\\\/ayuntamiento\\\/#\\\/schema\\\/person\\\/cc646da9133078ee4d8dd47457947253\",\"name\":\"alcalde\",\"image\":{\"@type\":\"ImageObject\",\"inLanguage\":\"es\",\"@id\":\"https:\\\/\\\/secure.gravatar.com\\\/avatar\\\/84a817ba065b29ff08d666b215a215f5c79186a645ccb25b14a663d48a130f77?s=96&d=mm&r=g\",\"url\":\"https:\\\/\\\/secure.gravatar.com\\\/avatar\\\/84a817ba065b29ff08d666b215a215f5c79186a645ccb25b14a663d48a130f77?s=96&d=mm&r=g\",\"contentUrl\":\"https:\\\/\\\/secure.gravatar.com\\\/avatar\\\/84a817ba065b29ff08d666b215a215f5c79186a645ccb25b14a663d48a130f77?s=96&d=mm&r=g\",\"caption\":\"alcalde\"},\"url\":\"https:\\\/\\\/www.caudete.org\\\/ayuntamiento\\\/author\\\/alcalde\\\/\"}]}<\/script>\n<!-- \/ Yoast SEO plugin. -->","yoast_head_json":{"title":"El Alcalde plantea flexibilizar la Ordenanza de Ocupaci\u00f3n de la V\u00eda P\u00fablica para facilitar el trabajo a los profesionales - MI Ayuntamiento de Caudete","description":"P\u00e1gina Oficial del Ayuntamiento de Caudete (Albacete)","robots":{"index":"index","follow":"follow","max-snippet":"max-snippet:-1","max-image-preview":"max-image-preview:large","max-video-preview":"max-video-preview:-1"},"canonical":"https:\/\/www.caudete.org\/ayuntamiento\/el-alcalde-plantea-flexibilizar-la-ordenanza-de-ocupacion-de-la-via-publica-para-facilitar-el-trabajo-a-los-profesionales\/","og_locale":"es_ES","og_type":"article","og_title":"El Alcalde plantea flexibilizar la Ordenanza de Ocupaci\u00f3n de la V\u00eda P\u00fablica para facilitar el trabajo a los profesionales - MI Ayuntamiento de Caudete","og_description":"P\u00e1gina Oficial del Ayuntamiento de Caudete (Albacete)","og_url":"https:\/\/www.caudete.org\/ayuntamiento\/el-alcalde-plantea-flexibilizar-la-ordenanza-de-ocupacion-de-la-via-publica-para-facilitar-el-trabajo-a-los-profesionales\/","og_site_name":"MI Ayuntamiento de Caudete","article_publisher":"https:\/\/www.facebook.com\/ayuntamientocaudete\/","article_published_time":"2024-10-28T17:09:32+00:00","og_image":[{"width":1016,"height":753,"url":"https:\/\/www.caudete.org\/ayuntamiento\/wp-content\/uploads\/2024\/10\/reunion-constructores-ocupacion-via-publica.jpg","type":"image\/jpeg"}],"author":"alcalde","twitter_card":"summary_large_image","twitter_misc":{"Escrito por":"alcalde","Tiempo de lectura":"2 minutos"},"schema":{"@context":"https:\/\/schema.org","@graph":[{"@type":"Article","@id":"https:\/\/www.caudete.org\/ayuntamiento\/el-alcalde-plantea-flexibilizar-la-ordenanza-de-ocupacion-de-la-via-publica-para-facilitar-el-trabajo-a-los-profesionales\/#article","isPartOf":{"@id":"https:\/\/www.caudete.org\/ayuntamiento\/el-alcalde-plantea-flexibilizar-la-ordenanza-de-ocupacion-de-la-via-publica-para-facilitar-el-trabajo-a-los-profesionales\/"},"author":{"name":"alcalde","@id":"https:\/\/www.caudete.org\/ayuntamiento\/#\/schema\/person\/cc646da9133078ee4d8dd47457947253"},"headline":"El Alcalde plantea flexibilizar la Ordenanza de Ocupaci\u00f3n de la V\u00eda P\u00fablica para facilitar el trabajo a los profesionales","datePublished":"2024-10-28T17:09:32+00:00","mainEntityOfPage":{"@id":"https:\/\/www.caudete.org\/ayuntamiento\/el-alcalde-plantea-flexibilizar-la-ordenanza-de-ocupacion-de-la-via-publica-para-facilitar-el-trabajo-a-los-profesionales\/"},"wordCount":259,"publisher":{"@id":"https:\/\/www.caudete.org\/ayuntamiento\/#organization"},"image":{"@id":"https:\/\/www.caudete.org\/ayuntamiento\/el-alcalde-plantea-flexibilizar-la-ordenanza-de-ocupacion-de-la-via-publica-para-facilitar-el-trabajo-a-los-profesionales\/#primaryimage"},"thumbnailUrl":"https:\/\/www.caudete.org\/ayuntamiento\/wp-content\/uploads\/2024\/10\/reunion-constructores-ocupacion-via-publica.jpg","articleSection":["Movilidad Urbana"],"inLanguage":"es"},{"@type":"WebPage","@id":"https:\/\/www.caudete.org\/ayuntamiento\/el-alcalde-plantea-flexibilizar-la-ordenanza-de-ocupacion-de-la-via-publica-para-facilitar-el-trabajo-a-los-profesionales\/","url":"https:\/\/www.caudete.org\/ayuntamiento\/el-alcalde-plantea-flexibilizar-la-ordenanza-de-ocupacion-de-la-via-publica-para-facilitar-el-trabajo-a-los-profesionales\/","name":"El Alcalde plantea flexibilizar la Ordenanza de Ocupaci\u00f3n de la V\u00eda P\u00fablica para facilitar el trabajo a los profesionales - MI Ayuntamiento de Caudete","isPartOf":{"@id":"https:\/\/www.caudete.org\/ayuntamiento\/#website"},"primaryImageOfPage":{"@id":"https:\/\/www.caudete.org\/ayuntamiento\/el-alcalde-plantea-flexibilizar-la-ordenanza-de-ocupacion-de-la-via-publica-para-facilitar-el-trabajo-a-los-profesionales\/#primaryimage"},"image":{"@id":"https:\/\/www.caudete.org\/ayuntamiento\/el-alcalde-plantea-flexibilizar-la-ordenanza-de-ocupacion-de-la-via-publica-para-facilitar-el-trabajo-a-los-profesionales\/#primaryimage"},"thumbnailUrl":"https:\/\/www.caudete.org\/ayuntamiento\/wp-content\/uploads\/2024\/10\/reunion-constructores-ocupacion-via-publica.jpg","datePublished":"2024-10-28T17:09:32+00:00","description":"P\u00e1gina Oficial del Ayuntamiento de Caudete (Albacete)","breadcrumb":{"@id":"https:\/\/www.caudete.org\/ayuntamiento\/el-alcalde-plantea-flexibilizar-la-ordenanza-de-ocupacion-de-la-via-publica-para-facilitar-el-trabajo-a-los-profesionales\/#breadcrumb"},"inLanguage":"es","potentialAction":[{"@type":"ReadAction","target":["https:\/\/www.caudete.org\/ayuntamiento\/el-alcalde-plantea-flexibilizar-la-ordenanza-de-ocupacion-de-la-via-publica-para-facilitar-el-trabajo-a-los-profesionales\/"]}]},{"@type":"ImageObject","inLanguage":"es","@id":"https:\/\/www.caudete.org\/ayuntamiento\/el-alcalde-plantea-flexibilizar-la-ordenanza-de-ocupacion-de-la-via-publica-para-facilitar-el-trabajo-a-los-profesionales\/#primaryimage","url":"https:\/\/www.caudete.org\/ayuntamiento\/wp-content\/uploads\/2024\/10\/reunion-constructores-ocupacion-via-publica.jpg","contentUrl":"https:\/\/www.caudete.org\/ayuntamiento\/wp-content\/uploads\/2024\/10\/reunion-constructores-ocupacion-via-publica.jpg","width":1016,"height":753},{"@type":"BreadcrumbList","@id":"https:\/\/www.caudete.org\/ayuntamiento\/el-alcalde-plantea-flexibilizar-la-ordenanza-de-ocupacion-de-la-via-publica-para-facilitar-el-trabajo-a-los-profesionales\/#breadcrumb","itemListElement":[{"@type":"ListItem","position":1,"name":"Inicio","item":"https:\/\/www.caudete.org\/ayuntamiento\/"},{"@type":"ListItem","position":2,"name":"El Alcalde plantea flexibilizar la Ordenanza de Ocupaci\u00f3n de la V\u00eda P\u00fablica para facilitar el trabajo a los profesionales"}]},{"@type":"WebSite","@id":"https:\/\/www.caudete.org\/ayuntamiento\/#website","url":"https:\/\/www.caudete.org\/ayuntamiento\/","name":"MI Ayuntamiento de Caudete","description":"P\u00e1gina Oficial del MI Ayuntamiento de Caudete","publisher":{"@id":"https:\/\/www.caudete.org\/ayuntamiento\/#organization"},"potentialAction":[{"@type":"SearchAction","target":{"@type":"EntryPoint","urlTemplate":"https:\/\/www.caudete.org\/ayuntamiento\/?s={search_term_string}"},"query-input":{"@type":"PropertyValueSpecification","valueRequired":true,"valueName":"search_term_string"}}],"inLanguage":"es"},{"@type":"Organization","@id":"https:\/\/www.caudete.org\/ayuntamiento\/#organization","name":"Ayuntamiento de Caudete","url":"https:\/\/www.caudete.org\/ayuntamiento\/","logo":{"@type":"ImageObject","inLanguage":"es","@id":"https:\/\/www.caudete.org\/ayuntamiento\/#\/schema\/logo\/image\/","url":"https:\/\/www.caudete.org\/ayuntamiento\/wp-content\/uploads\/2020\/11\/logo_ayuntamiento_caudete.jpg","contentUrl":"https:\/\/www.caudete.org\/ayuntamiento\/wp-content\/uploads\/2020\/11\/logo_ayuntamiento_caudete.jpg","width":600,"height":150,"caption":"Ayuntamiento de Caudete"},"image":{"@id":"https:\/\/www.caudete.org\/ayuntamiento\/#\/schema\/logo\/image\/"},"sameAs":["https:\/\/www.facebook.com\/ayuntamientocaudete\/","https:\/\/www.youtube.com\/channel\/UC6VztHaooNsGpw-tNoBEFnQ"]},{"@type":"Person","@id":"https:\/\/www.caudete.org\/ayuntamiento\/#\/schema\/person\/cc646da9133078ee4d8dd47457947253","name":"alcalde","image":{"@type":"ImageObject","inLanguage":"es","@id":"https:\/\/secure.gravatar.com\/avatar\/84a817ba065b29ff08d666b215a215f5c79186a645ccb25b14a663d48a130f77?s=96&d=mm&r=g","url":"https:\/\/secure.gravatar.com\/avatar\/84a817ba065b29ff08d666b215a215f5c79186a645ccb25b14a663d48a130f77?s=96&d=mm&r=g","contentUrl":"https:\/\/secure.gravatar.com\/avatar\/84a817ba065b29ff08d666b215a215f5c79186a645ccb25b14a663d48a130f77?s=96&d=mm&r=g","caption":"alcalde"},"url":"https:\/\/www.caudete.org\/ayuntamiento\/author\/alcalde\/"}]}},"_links":{"self":[{"href":"https:\/\/www.caudete.org\/ayuntamiento\/wp-json\/wp\/v2\/posts\/26442","targetHints":{"allow":["GET"]}}],"collection":[{"href":"https:\/\/www.caudete.org\/ayuntamiento\/wp-json\/wp\/v2\/posts"}],"about":[{"href":"https:\/\/www.caudete.org\/ayuntamiento\/wp-json\/wp\/v2\/types\/post"}],"author":[{"embeddable":true,"href":"https:\/\/www.caudete.org\/ayuntamiento\/wp-json\/wp\/v2\/users\/3"}],"replies":[{"embeddable":true,"href":"https:\/\/www.caudete.org\/ayuntamiento\/wp-json\/wp\/v2\/comments?post=26442"}],"version-history":[{"count":1,"href":"https:\/\/www.caudete.org\/ayuntamiento\/wp-json\/wp\/v2\/posts\/26442\/revisions"}],"predecessor-version":[{"id":26444,"href":"https:\/\/www.caudete.org\/ayuntamiento\/wp-json\/wp\/v2\/posts\/26442\/revisions\/26444"}],"wp:featuredmedia":[{"embeddable":true,"href":"https:\/\/www.caudete.org\/ayuntamiento\/wp-json\/wp\/v2\/media\/26443"}],"wp:attachment":[{"href":"https:\/\/www.caudete.org\/ayuntamiento\/wp-json\/wp\/v2\/media?parent=26442"}],"wp:term":[{"taxonomy":"category","embeddable":true,"href":"https:\/\/www.caudete.org\/ayuntamiento\/wp-json\/wp\/v2\/categories?post=26442"},{"taxonomy":"post_tag","embeddable":true,"href":"https:\/\/www.caudete.org\/ayuntamiento\/wp-json\/wp\/v2\/tags?post=26442"}],"curies":[{"name":"wp","href":"https:\/\/api.w.org\/{rel}","templated":true}]}}