{"id":26451,"date":"2024-10-30T08:04:21","date_gmt":"2024-10-30T07:04:21","guid":{"rendered":"https:\/\/www.caudete.org\/ayuntamiento\/?p=26451"},"modified":"2024-10-30T08:04:21","modified_gmt":"2024-10-30T07:04:21","slug":"visitas-guiadas-nocturna-y-diurna-previa-inscripcion-para-el-2-y-3-de-noviembre","status":"publish","type":"post","link":"https:\/\/www.caudete.org\/ayuntamiento\/visitas-guiadas-nocturna-y-diurna-previa-inscripcion-para-el-2-y-3-de-noviembre\/","title":{"rendered":"Visitas guiadas nocturna y diurna previa inscripci\u00f3n para el 2 y 3 de Noviembre"},"content":{"rendered":"<p style=\"text-align: justify;\">Desde la Concejal\u00eda de Turismo y dentro de la programaci\u00f3n de las II Jornadas &#8220;De la vida y de la muerte. Una visi\u00f3n diferente&#8221; se han organizado dos visitas tur\u00edsticas al interior del Camposanto para los pr\u00f3ximos 2 y 3 de Noviembre.<\/p>\n<p style=\"text-align: justify;\">Dise\u00f1adas con total y absoluto respeto hacia el recinto, su significado y quienes all\u00ed descansan el objetivo es adentrarse en la historia y cultura que posee el Cementerio, para un mayor conocimiento y adentrarse en un mundo que genera tab\u00fa y que sin embargo puede afrontarse con una &#8220;visi\u00f3n diferente&#8221;.<\/p>\n<p style=\"text-align: justify;\">La visita del s\u00e1bado d\u00eda 2 de Noviembre, ser\u00e1 de car\u00e1cter nocturno, a las 19.30 horas, mientras que la prevista para el domingo d\u00eda 3 de Noviembre, ser\u00e1 a plena luz del d\u00eda, a las 12.00h.<\/p>\n<p style=\"text-align: justify;\">En ambos casos, es completamente gratuita, pero se requiere de inscripci\u00f3n previa, que puede realizarse en la Oficina de Turismo.<\/p>\n","protected":false},"excerpt":{"rendered":"<p>Desde la Concejal\u00eda de Turismo y dentro de la programaci\u00f3n de las II Jornadas &#8220;De la vida y de la muerte. Una visi\u00f3n diferente&#8221; se han organizado dos visitas tur\u00edsticas al interior del Camposanto para los pr\u00f3ximos 2 y 3 de Noviembre. Dise\u00f1adas con total y absoluto respeto hacia el recinto, su significado y quienes &hellip;<\/p>\n","protected":false},"author":3,"featured_media":26452,"comment_status":"closed","ping_status":"open","sticky":false,"template":"","format":"standard","meta":{"ngg_post_thumbnail":0,"footnotes":""},"categories":[43],"tags":[],"class_list":["post-26451","post","type-post","status-publish","format-standard","has-post-thumbnail","hentry","category-turismo"],"yoast_head":"<!-- This site is optimized with the Yoast SEO plugin v27.5 - https:\/\/yoast.com\/product\/yoast-seo-wordpress\/ -->\n<title>Visitas guiadas nocturna y diurna previa inscripci\u00f3n para el 2 y 3 de Noviembre - MI Ayuntamiento de Caudete<\/title>\n<meta name=\"description\" content=\"P\u00e1gina Oficial del Ayuntamiento de Caudete (Albacete)\" \/>\n<meta name=\"robots\" content=\"index, follow, max-snippet:-1, max-image-preview:large, max-video-preview:-1\" \/>\n<link rel=\"canonical\" href=\"https:\/\/www.caudete.org\/ayuntamiento\/visitas-guiadas-nocturna-y-diurna-previa-inscripcion-para-el-2-y-3-de-noviembre\/\" \/>\n<meta property=\"og:locale\" content=\"es_ES\" \/>\n<meta property=\"og:type\" content=\"article\" \/>\n<meta property=\"og:title\" content=\"Visitas guiadas nocturna y diurna previa inscripci\u00f3n para el 2 y 3 de Noviembre - MI Ayuntamiento de Caudete\" \/>\n<meta property=\"og:description\" content=\"P\u00e1gina Oficial del Ayuntamiento de Caudete (Albacete)\" \/>\n<meta property=\"og:url\" content=\"https:\/\/www.caudete.org\/ayuntamiento\/visitas-guiadas-nocturna-y-diurna-previa-inscripcion-para-el-2-y-3-de-noviembre\/\" \/>\n<meta property=\"og:site_name\" content=\"MI Ayuntamiento de Caudete\" \/>\n<meta property=\"article:publisher\" content=\"https:\/\/www.facebook.com\/ayuntamientocaudete\/\" \/>\n<meta property=\"article:published_time\" content=\"2024-10-30T07:04:21+00:00\" \/>\n<meta property=\"og:image\" content=\"https:\/\/www.caudete.org\/ayuntamiento\/wp-content\/uploads\/2024\/10\/visita-guiada.jpg\" \/>\n\t<meta property=\"og:image:width\" content=\"1347\" \/>\n\t<meta property=\"og:image:height\" content=\"758\" \/>\n\t<meta property=\"og:image:type\" content=\"image\/jpeg\" \/>\n<meta name=\"author\" content=\"alcalde\" \/>\n<meta name=\"twitter:card\" content=\"summary_large_image\" \/>\n<meta name=\"twitter:label1\" content=\"Escrito por\" \/>\n\t<meta name=\"twitter:data1\" content=\"alcalde\" \/>\n\t<meta name=\"twitter:label2\" content=\"Tiempo de lectura\" \/>\n\t<meta name=\"twitter:data2\" content=\"1 minuto\" \/>\n<script type=\"application\/ld+json\" class=\"yoast-schema-graph\">{\"@context\":\"https:\\\/\\\/schema.org\",\"@graph\":[{\"@type\":\"Article\",\"@id\":\"https:\\\/\\\/www.caudete.org\\\/ayuntamiento\\\/visitas-guiadas-nocturna-y-diurna-previa-inscripcion-para-el-2-y-3-de-noviembre\\\/#article\",\"isPartOf\":{\"@id\":\"https:\\\/\\\/www.caudete.org\\\/ayuntamiento\\\/visitas-guiadas-nocturna-y-diurna-previa-inscripcion-para-el-2-y-3-de-noviembre\\\/\"},\"author\":{\"name\":\"alcalde\",\"@id\":\"https:\\\/\\\/www.caudete.org\\\/ayuntamiento\\\/#\\\/schema\\\/person\\\/cc646da9133078ee4d8dd47457947253\"},\"headline\":\"Visitas guiadas nocturna y diurna previa inscripci\u00f3n para el 2 y 3 de Noviembre\",\"datePublished\":\"2024-10-30T07:04:21+00:00\",\"mainEntityOfPage\":{\"@id\":\"https:\\\/\\\/www.caudete.org\\\/ayuntamiento\\\/visitas-guiadas-nocturna-y-diurna-previa-inscripcion-para-el-2-y-3-de-noviembre\\\/\"},\"wordCount\":169,\"image\":{\"@id\":\"https:\\\/\\\/www.caudete.org\\\/ayuntamiento\\\/visitas-guiadas-nocturna-y-diurna-previa-inscripcion-para-el-2-y-3-de-noviembre\\\/#primaryimage\"},\"thumbnailUrl\":\"https:\\\/\\\/www.caudete.org\\\/ayuntamiento\\\/wp-content\\\/uploads\\\/2024\\\/10\\\/visita-guiada.jpg\",\"articleSection\":[\"Turismo\"],\"inLanguage\":\"es\"},{\"@type\":\"WebPage\",\"@id\":\"https:\\\/\\\/www.caudete.org\\\/ayuntamiento\\\/visitas-guiadas-nocturna-y-diurna-previa-inscripcion-para-el-2-y-3-de-noviembre\\\/\",\"url\":\"https:\\\/\\\/www.caudete.org\\\/ayuntamiento\\\/visitas-guiadas-nocturna-y-diurna-previa-inscripcion-para-el-2-y-3-de-noviembre\\\/\",\"name\":\"Visitas guiadas nocturna y diurna previa inscripci\u00f3n para el 2 y 3 de Noviembre - MI Ayuntamiento de Caudete\",\"isPartOf\":{\"@id\":\"https:\\\/\\\/www.caudete.org\\\/ayuntamiento\\\/#website\"},\"primaryImageOfPage\":{\"@id\":\"https:\\\/\\\/www.caudete.org\\\/ayuntamiento\\\/visitas-guiadas-nocturna-y-diurna-previa-inscripcion-para-el-2-y-3-de-noviembre\\\/#primaryimage\"},\"image\":{\"@id\":\"https:\\\/\\\/www.caudete.org\\\/ayuntamiento\\\/visitas-guiadas-nocturna-y-diurna-previa-inscripcion-para-el-2-y-3-de-noviembre\\\/#primaryimage\"},\"thumbnailUrl\":\"https:\\\/\\\/www.caudete.org\\\/ayuntamiento\\\/wp-content\\\/uploads\\\/2024\\\/10\\\/visita-guiada.jpg\",\"datePublished\":\"2024-10-30T07:04:21+00:00\",\"author\":{\"@id\":\"https:\\\/\\\/www.caudete.org\\\/ayuntamiento\\\/#\\\/schema\\\/person\\\/cc646da9133078ee4d8dd47457947253\"},\"description\":\"P\u00e1gina Oficial del Ayuntamiento de Caudete (Albacete)\",\"breadcrumb\":{\"@id\":\"https:\\\/\\\/www.caudete.org\\\/ayuntamiento\\\/visitas-guiadas-nocturna-y-diurna-previa-inscripcion-para-el-2-y-3-de-noviembre\\\/#breadcrumb\"},\"inLanguage\":\"es\",\"potentialAction\":[{\"@type\":\"ReadAction\",\"target\":[\"https:\\\/\\\/www.caudete.org\\\/ayuntamiento\\\/visitas-guiadas-nocturna-y-diurna-previa-inscripcion-para-el-2-y-3-de-noviembre\\\/\"]}]},{\"@type\":\"ImageObject\",\"inLanguage\":\"es\",\"@id\":\"https:\\\/\\\/www.caudete.org\\\/ayuntamiento\\\/visitas-guiadas-nocturna-y-diurna-previa-inscripcion-para-el-2-y-3-de-noviembre\\\/#primaryimage\",\"url\":\"https:\\\/\\\/www.caudete.org\\\/ayuntamiento\\\/wp-content\\\/uploads\\\/2024\\\/10\\\/visita-guiada.jpg\",\"contentUrl\":\"https:\\\/\\\/www.caudete.org\\\/ayuntamiento\\\/wp-content\\\/uploads\\\/2024\\\/10\\\/visita-guiada.jpg\",\"width\":1347,\"height\":758},{\"@type\":\"BreadcrumbList\",\"@id\":\"https:\\\/\\\/www.caudete.org\\\/ayuntamiento\\\/visitas-guiadas-nocturna-y-diurna-previa-inscripcion-para-el-2-y-3-de-noviembre\\\/#breadcrumb\",\"itemListElement\":[{\"@type\":\"ListItem\",\"position\":1,\"name\":\"Inicio\",\"item\":\"https:\\\/\\\/www.caudete.org\\\/ayuntamiento\\\/\"},{\"@type\":\"ListItem\",\"position\":2,\"name\":\"Visitas guiadas nocturna y diurna previa inscripci\u00f3n para el 2 y 3 de Noviembre\"}]},{\"@type\":\"WebSite\",\"@id\":\"https:\\\/\\\/www.caudete.org\\\/ayuntamiento\\\/#website\",\"url\":\"https:\\\/\\\/www.caudete.org\\\/ayuntamiento\\\/\",\"name\":\"MI Ayuntamiento de Caudete\",\"description\":\"P\u00e1gina Oficial del MI Ayuntamiento de Caudete\",\"potentialAction\":[{\"@type\":\"SearchAction\",\"target\":{\"@type\":\"EntryPoint\",\"urlTemplate\":\"https:\\\/\\\/www.caudete.org\\\/ayuntamiento\\\/?s={search_term_string}\"},\"query-input\":{\"@type\":\"PropertyValueSpecification\",\"valueRequired\":true,\"valueName\":\"search_term_string\"}}],\"inLanguage\":\"es\"},{\"@type\":\"Person\",\"@id\":\"https:\\\/\\\/www.caudete.org\\\/ayuntamiento\\\/#\\\/schema\\\/person\\\/cc646da9133078ee4d8dd47457947253\",\"name\":\"alcalde\",\"image\":{\"@type\":\"ImageObject\",\"inLanguage\":\"es\",\"@id\":\"https:\\\/\\\/secure.gravatar.com\\\/avatar\\\/84a817ba065b29ff08d666b215a215f5c79186a645ccb25b14a663d48a130f77?s=96&d=mm&r=g\",\"url\":\"https:\\\/\\\/secure.gravatar.com\\\/avatar\\\/84a817ba065b29ff08d666b215a215f5c79186a645ccb25b14a663d48a130f77?s=96&d=mm&r=g\",\"contentUrl\":\"https:\\\/\\\/secure.gravatar.com\\\/avatar\\\/84a817ba065b29ff08d666b215a215f5c79186a645ccb25b14a663d48a130f77?s=96&d=mm&r=g\",\"caption\":\"alcalde\"},\"url\":\"https:\\\/\\\/www.caudete.org\\\/ayuntamiento\\\/author\\\/alcalde\\\/\"}]}<\/script>\n<!-- \/ Yoast SEO plugin. -->","yoast_head_json":{"title":"Visitas guiadas nocturna y diurna previa inscripci\u00f3n para el 2 y 3 de Noviembre - MI Ayuntamiento de Caudete","description":"P\u00e1gina Oficial del Ayuntamiento de Caudete (Albacete)","robots":{"index":"index","follow":"follow","max-snippet":"max-snippet:-1","max-image-preview":"max-image-preview:large","max-video-preview":"max-video-preview:-1"},"canonical":"https:\/\/www.caudete.org\/ayuntamiento\/visitas-guiadas-nocturna-y-diurna-previa-inscripcion-para-el-2-y-3-de-noviembre\/","og_locale":"es_ES","og_type":"article","og_title":"Visitas guiadas nocturna y diurna previa inscripci\u00f3n para el 2 y 3 de Noviembre - MI Ayuntamiento de Caudete","og_description":"P\u00e1gina Oficial del Ayuntamiento de Caudete (Albacete)","og_url":"https:\/\/www.caudete.org\/ayuntamiento\/visitas-guiadas-nocturna-y-diurna-previa-inscripcion-para-el-2-y-3-de-noviembre\/","og_site_name":"MI Ayuntamiento de Caudete","article_publisher":"https:\/\/www.facebook.com\/ayuntamientocaudete\/","article_published_time":"2024-10-30T07:04:21+00:00","og_image":[{"width":1347,"height":758,"url":"https:\/\/www.caudete.org\/ayuntamiento\/wp-content\/uploads\/2024\/10\/visita-guiada.jpg","type":"image\/jpeg"}],"author":"alcalde","twitter_card":"summary_large_image","twitter_misc":{"Escrito por":"alcalde","Tiempo de lectura":"1 minuto"},"schema":{"@context":"https:\/\/schema.org","@graph":[{"@type":"Article","@id":"https:\/\/www.caudete.org\/ayuntamiento\/visitas-guiadas-nocturna-y-diurna-previa-inscripcion-para-el-2-y-3-de-noviembre\/#article","isPartOf":{"@id":"https:\/\/www.caudete.org\/ayuntamiento\/visitas-guiadas-nocturna-y-diurna-previa-inscripcion-para-el-2-y-3-de-noviembre\/"},"author":{"name":"alcalde","@id":"https:\/\/www.caudete.org\/ayuntamiento\/#\/schema\/person\/cc646da9133078ee4d8dd47457947253"},"headline":"Visitas guiadas nocturna y diurna previa inscripci\u00f3n para el 2 y 3 de Noviembre","datePublished":"2024-10-30T07:04:21+00:00","mainEntityOfPage":{"@id":"https:\/\/www.caudete.org\/ayuntamiento\/visitas-guiadas-nocturna-y-diurna-previa-inscripcion-para-el-2-y-3-de-noviembre\/"},"wordCount":169,"image":{"@id":"https:\/\/www.caudete.org\/ayuntamiento\/visitas-guiadas-nocturna-y-diurna-previa-inscripcion-para-el-2-y-3-de-noviembre\/#primaryimage"},"thumbnailUrl":"https:\/\/www.caudete.org\/ayuntamiento\/wp-content\/uploads\/2024\/10\/visita-guiada.jpg","articleSection":["Turismo"],"inLanguage":"es"},{"@type":"WebPage","@id":"https:\/\/www.caudete.org\/ayuntamiento\/visitas-guiadas-nocturna-y-diurna-previa-inscripcion-para-el-2-y-3-de-noviembre\/","url":"https:\/\/www.caudete.org\/ayuntamiento\/visitas-guiadas-nocturna-y-diurna-previa-inscripcion-para-el-2-y-3-de-noviembre\/","name":"Visitas guiadas nocturna y diurna previa inscripci\u00f3n para el 2 y 3 de Noviembre - MI Ayuntamiento de Caudete","isPartOf":{"@id":"https:\/\/www.caudete.org\/ayuntamiento\/#website"},"primaryImageOfPage":{"@id":"https:\/\/www.caudete.org\/ayuntamiento\/visitas-guiadas-nocturna-y-diurna-previa-inscripcion-para-el-2-y-3-de-noviembre\/#primaryimage"},"image":{"@id":"https:\/\/www.caudete.org\/ayuntamiento\/visitas-guiadas-nocturna-y-diurna-previa-inscripcion-para-el-2-y-3-de-noviembre\/#primaryimage"},"thumbnailUrl":"https:\/\/www.caudete.org\/ayuntamiento\/wp-content\/uploads\/2024\/10\/visita-guiada.jpg","datePublished":"2024-10-30T07:04:21+00:00","author":{"@id":"https:\/\/www.caudete.org\/ayuntamiento\/#\/schema\/person\/cc646da9133078ee4d8dd47457947253"},"description":"P\u00e1gina Oficial del Ayuntamiento de Caudete (Albacete)","breadcrumb":{"@id":"https:\/\/www.caudete.org\/ayuntamiento\/visitas-guiadas-nocturna-y-diurna-previa-inscripcion-para-el-2-y-3-de-noviembre\/#breadcrumb"},"inLanguage":"es","potentialAction":[{"@type":"ReadAction","target":["https:\/\/www.caudete.org\/ayuntamiento\/visitas-guiadas-nocturna-y-diurna-previa-inscripcion-para-el-2-y-3-de-noviembre\/"]}]},{"@type":"ImageObject","inLanguage":"es","@id":"https:\/\/www.caudete.org\/ayuntamiento\/visitas-guiadas-nocturna-y-diurna-previa-inscripcion-para-el-2-y-3-de-noviembre\/#primaryimage","url":"https:\/\/www.caudete.org\/ayuntamiento\/wp-content\/uploads\/2024\/10\/visita-guiada.jpg","contentUrl":"https:\/\/www.caudete.org\/ayuntamiento\/wp-content\/uploads\/2024\/10\/visita-guiada.jpg","width":1347,"height":758},{"@type":"BreadcrumbList","@id":"https:\/\/www.caudete.org\/ayuntamiento\/visitas-guiadas-nocturna-y-diurna-previa-inscripcion-para-el-2-y-3-de-noviembre\/#breadcrumb","itemListElement":[{"@type":"ListItem","position":1,"name":"Inicio","item":"https:\/\/www.caudete.org\/ayuntamiento\/"},{"@type":"ListItem","position":2,"name":"Visitas guiadas nocturna y diurna previa inscripci\u00f3n para el 2 y 3 de Noviembre"}]},{"@type":"WebSite","@id":"https:\/\/www.caudete.org\/ayuntamiento\/#website","url":"https:\/\/www.caudete.org\/ayuntamiento\/","name":"MI Ayuntamiento de Caudete","description":"P\u00e1gina Oficial del MI Ayuntamiento de Caudete","potentialAction":[{"@type":"SearchAction","target":{"@type":"EntryPoint","urlTemplate":"https:\/\/www.caudete.org\/ayuntamiento\/?s={search_term_string}"},"query-input":{"@type":"PropertyValueSpecification","valueRequired":true,"valueName":"search_term_string"}}],"inLanguage":"es"},{"@type":"Person","@id":"https:\/\/www.caudete.org\/ayuntamiento\/#\/schema\/person\/cc646da9133078ee4d8dd47457947253","name":"alcalde","image":{"@type":"ImageObject","inLanguage":"es","@id":"https:\/\/secure.gravatar.com\/avatar\/84a817ba065b29ff08d666b215a215f5c79186a645ccb25b14a663d48a130f77?s=96&d=mm&r=g","url":"https:\/\/secure.gravatar.com\/avatar\/84a817ba065b29ff08d666b215a215f5c79186a645ccb25b14a663d48a130f77?s=96&d=mm&r=g","contentUrl":"https:\/\/secure.gravatar.com\/avatar\/84a817ba065b29ff08d666b215a215f5c79186a645ccb25b14a663d48a130f77?s=96&d=mm&r=g","caption":"alcalde"},"url":"https:\/\/www.caudete.org\/ayuntamiento\/author\/alcalde\/"}]}},"_links":{"self":[{"href":"https:\/\/www.caudete.org\/ayuntamiento\/wp-json\/wp\/v2\/posts\/26451","targetHints":{"allow":["GET"]}}],"collection":[{"href":"https:\/\/www.caudete.org\/ayuntamiento\/wp-json\/wp\/v2\/posts"}],"about":[{"href":"https:\/\/www.caudete.org\/ayuntamiento\/wp-json\/wp\/v2\/types\/post"}],"author":[{"embeddable":true,"href":"https:\/\/www.caudete.org\/ayuntamiento\/wp-json\/wp\/v2\/users\/3"}],"replies":[{"embeddable":true,"href":"https:\/\/www.caudete.org\/ayuntamiento\/wp-json\/wp\/v2\/comments?post=26451"}],"version-history":[{"count":1,"href":"https:\/\/www.caudete.org\/ayuntamiento\/wp-json\/wp\/v2\/posts\/26451\/revisions"}],"predecessor-version":[{"id":26453,"href":"https:\/\/www.caudete.org\/ayuntamiento\/wp-json\/wp\/v2\/posts\/26451\/revisions\/26453"}],"wp:featuredmedia":[{"embeddable":true,"href":"https:\/\/www.caudete.org\/ayuntamiento\/wp-json\/wp\/v2\/media\/26452"}],"wp:attachment":[{"href":"https:\/\/www.caudete.org\/ayuntamiento\/wp-json\/wp\/v2\/media?parent=26451"}],"wp:term":[{"taxonomy":"category","embeddable":true,"href":"https:\/\/www.caudete.org\/ayuntamiento\/wp-json\/wp\/v2\/categories?post=26451"},{"taxonomy":"post_tag","embeddable":true,"href":"https:\/\/www.caudete.org\/ayuntamiento\/wp-json\/wp\/v2\/tags?post=26451"}],"curies":[{"name":"wp","href":"https:\/\/api.w.org\/{rel}","templated":true}]}}