{"id":26460,"date":"2024-10-31T09:00:17","date_gmt":"2024-10-31T08:00:17","guid":{"rendered":"https:\/\/www.caudete.org\/ayuntamiento\/?p=26460"},"modified":"2024-10-30T11:30:46","modified_gmt":"2024-10-30T10:30:46","slug":"el-atletismo-caudetano-brilla-en-el-regional-de-campo-a-traves-de-la-mano-del-caudetano-roberto-gil-mira","status":"publish","type":"post","link":"https:\/\/www.caudete.org\/ayuntamiento\/el-atletismo-caudetano-brilla-en-el-regional-de-campo-a-traves-de-la-mano-del-caudetano-roberto-gil-mira\/","title":{"rendered":"El atletismo caudetano brilla en el regional de Campo a Trav\u00e9s de la mano del caudetano Roberto Gil Mira"},"content":{"rendered":"<p>El joven atleta caudetano Roberto Gil Mira ha vuelto a demostrar su talento al conquistar el Campeonato de Castilla-La Mancha por equipos de campo a trav\u00e9s en la categor\u00eda sub18. Representando al Club Atletismo Albacete, Gil Mira lider\u00f3 a su equipo hacia la victoria en una emocionante competici\u00f3n celebrada en Quintanar de la Orden. Este destacado resultado le otorga una plaza directa para el Campeonato de Espa\u00f1a, que se disputar\u00e1 en el prestigioso Cross de It\u00e1lica (Sevilla).<br \/>\nAdem\u00e1s de este destacado triunfo, otros j\u00f3venes atletas caudetanos como Mar\u00eda Franc\u00e9s N\u00fa\u00f1ez han obtenido excelentes resultados individuales. Estos logros auguran una prometedora temporada de campo a trav\u00e9s escolar, que dar\u00e1 comienzo el pr\u00f3ximo fin de semana en Tobarra.<br \/>\nLa Concejal de Deportes, Pilar Egea, se hac\u00eda eco de los grandes resultados obtenidos por los j\u00f3venes atletas caudetanos, destacando la gran labor llevada a cabo desde las Escuelas Deportivas Municipales de Caudete.<\/p>\n<p><a href=\"https:\/\/www.caudete.org\/ayuntamiento\/wp-content\/uploads\/2024\/10\/RobertoGil.jpg\" rel='prettyPhoto'><img fetchpriority=\"high\" decoding=\"async\" class=\"alignnone size-full wp-image-26462\" src=\"https:\/\/www.caudete.org\/ayuntamiento\/wp-content\/uploads\/2024\/10\/RobertoGil.jpg\" alt=\"\" width=\"750\" height=\"1000\" srcset=\"https:\/\/www.caudete.org\/ayuntamiento\/wp-content\/uploads\/2024\/10\/RobertoGil.jpg 750w, https:\/\/www.caudete.org\/ayuntamiento\/wp-content\/uploads\/2024\/10\/RobertoGil-225x300.jpg 225w\" sizes=\"(max-width: 750px) 100vw, 750px\" \/><\/a><\/p>\n<p><a href=\"https:\/\/www.caudete.org\/ayuntamiento\/wp-content\/uploads\/2024\/10\/MariaFrances.jpg\" rel='prettyPhoto'><img decoding=\"async\" class=\"alignnone size-full wp-image-26461\" src=\"https:\/\/www.caudete.org\/ayuntamiento\/wp-content\/uploads\/2024\/10\/MariaFrances.jpg\" alt=\"\" width=\"475\" height=\"800\" srcset=\"https:\/\/www.caudete.org\/ayuntamiento\/wp-content\/uploads\/2024\/10\/MariaFrances.jpg 475w, https:\/\/www.caudete.org\/ayuntamiento\/wp-content\/uploads\/2024\/10\/MariaFrances-178x300.jpg 178w\" sizes=\"(max-width: 475px) 100vw, 475px\" \/><\/a><\/p>\n","protected":false},"excerpt":{"rendered":"<p>El joven atleta caudetano Roberto Gil Mira ha vuelto a demostrar su talento al conquistar el Campeonato de Castilla-La Mancha por equipos de campo a trav\u00e9s en la categor\u00eda sub18. Representando al Club Atletismo Albacete, Gil Mira lider\u00f3 a su equipo hacia la victoria en una emocionante competici\u00f3n celebrada en Quintanar de la Orden. Este &hellip;<\/p>\n","protected":false},"author":5,"featured_media":26463,"comment_status":"closed","ping_status":"open","sticky":false,"template":"","format":"standard","meta":{"ngg_post_thumbnail":0,"footnotes":""},"categories":[23],"tags":[],"class_list":["post-26460","post","type-post","status-publish","format-standard","has-post-thumbnail","hentry","category-deportes"],"yoast_head":"<!-- This site is optimized with the Yoast SEO plugin v27.5 - https:\/\/yoast.com\/product\/yoast-seo-wordpress\/ -->\n<title>El atletismo caudetano brilla en el regional de Campo a Trav\u00e9s de la mano del caudetano Roberto Gil Mira - MI Ayuntamiento de Caudete<\/title>\n<meta name=\"description\" content=\"P\u00e1gina Oficial del Ayuntamiento de Caudete (Albacete)\" \/>\n<meta name=\"robots\" content=\"index, follow, max-snippet:-1, max-image-preview:large, max-video-preview:-1\" \/>\n<link rel=\"canonical\" href=\"https:\/\/www.caudete.org\/ayuntamiento\/el-atletismo-caudetano-brilla-en-el-regional-de-campo-a-traves-de-la-mano-del-caudetano-roberto-gil-mira\/\" \/>\n<meta property=\"og:locale\" content=\"es_ES\" \/>\n<meta property=\"og:type\" content=\"article\" \/>\n<meta property=\"og:title\" content=\"El atletismo caudetano brilla en el regional de Campo a Trav\u00e9s de la mano del caudetano Roberto Gil Mira - MI Ayuntamiento de Caudete\" \/>\n<meta property=\"og:description\" content=\"P\u00e1gina Oficial del Ayuntamiento de Caudete (Albacete)\" \/>\n<meta property=\"og:url\" content=\"https:\/\/www.caudete.org\/ayuntamiento\/el-atletismo-caudetano-brilla-en-el-regional-de-campo-a-traves-de-la-mano-del-caudetano-roberto-gil-mira\/\" \/>\n<meta property=\"og:site_name\" content=\"MI Ayuntamiento de Caudete\" \/>\n<meta property=\"article:publisher\" content=\"https:\/\/www.facebook.com\/ayuntamientocaudete\/\" \/>\n<meta property=\"article:published_time\" content=\"2024-10-31T08:00:17+00:00\" \/>\n<meta property=\"og:image\" content=\"https:\/\/www.caudete.org\/ayuntamiento\/wp-content\/uploads\/2024\/10\/Roberto-Maria.jpg\" \/>\n\t<meta property=\"og:image:width\" content=\"868\" \/>\n\t<meta property=\"og:image:height\" content=\"342\" \/>\n\t<meta property=\"og:image:type\" content=\"image\/jpeg\" \/>\n<meta name=\"author\" content=\"Dpto Informatica MI Ayuntamiento de Caudete\" \/>\n<meta name=\"twitter:card\" content=\"summary_large_image\" \/>\n<meta name=\"twitter:label1\" content=\"Escrito por\" \/>\n\t<meta name=\"twitter:data1\" content=\"Dpto Informatica MI Ayuntamiento de Caudete\" \/>\n\t<meta name=\"twitter:label2\" content=\"Tiempo de lectura\" \/>\n\t<meta name=\"twitter:data2\" content=\"2 minutos\" \/>\n<script type=\"application\/ld+json\" class=\"yoast-schema-graph\">{\"@context\":\"https:\\\/\\\/schema.org\",\"@graph\":[{\"@type\":\"Article\",\"@id\":\"https:\\\/\\\/www.caudete.org\\\/ayuntamiento\\\/el-atletismo-caudetano-brilla-en-el-regional-de-campo-a-traves-de-la-mano-del-caudetano-roberto-gil-mira\\\/#article\",\"isPartOf\":{\"@id\":\"https:\\\/\\\/www.caudete.org\\\/ayuntamiento\\\/el-atletismo-caudetano-brilla-en-el-regional-de-campo-a-traves-de-la-mano-del-caudetano-roberto-gil-mira\\\/\"},\"author\":{\"name\":\"Dpto Informatica MI Ayuntamiento de Caudete\",\"@id\":\"https:\\\/\\\/www.caudete.org\\\/ayuntamiento\\\/#\\\/schema\\\/person\\\/4b9eab41761957db9b1bf9c418d1ef46\"},\"headline\":\"El atletismo caudetano brilla en el regional de Campo a Trav\u00e9s de la mano del caudetano Roberto Gil Mira\",\"datePublished\":\"2024-10-31T08:00:17+00:00\",\"mainEntityOfPage\":{\"@id\":\"https:\\\/\\\/www.caudete.org\\\/ayuntamiento\\\/el-atletismo-caudetano-brilla-en-el-regional-de-campo-a-traves-de-la-mano-del-caudetano-roberto-gil-mira\\\/\"},\"wordCount\":183,\"image\":{\"@id\":\"https:\\\/\\\/www.caudete.org\\\/ayuntamiento\\\/el-atletismo-caudetano-brilla-en-el-regional-de-campo-a-traves-de-la-mano-del-caudetano-roberto-gil-mira\\\/#primaryimage\"},\"thumbnailUrl\":\"https:\\\/\\\/www.caudete.org\\\/ayuntamiento\\\/wp-content\\\/uploads\\\/2024\\\/10\\\/Roberto-Maria.jpg\",\"articleSection\":[\"Deportes\"],\"inLanguage\":\"es\"},{\"@type\":\"WebPage\",\"@id\":\"https:\\\/\\\/www.caudete.org\\\/ayuntamiento\\\/el-atletismo-caudetano-brilla-en-el-regional-de-campo-a-traves-de-la-mano-del-caudetano-roberto-gil-mira\\\/\",\"url\":\"https:\\\/\\\/www.caudete.org\\\/ayuntamiento\\\/el-atletismo-caudetano-brilla-en-el-regional-de-campo-a-traves-de-la-mano-del-caudetano-roberto-gil-mira\\\/\",\"name\":\"El atletismo caudetano brilla en el regional de Campo a Trav\u00e9s de la mano del caudetano Roberto Gil Mira - MI Ayuntamiento de Caudete\",\"isPartOf\":{\"@id\":\"https:\\\/\\\/www.caudete.org\\\/ayuntamiento\\\/#website\"},\"primaryImageOfPage\":{\"@id\":\"https:\\\/\\\/www.caudete.org\\\/ayuntamiento\\\/el-atletismo-caudetano-brilla-en-el-regional-de-campo-a-traves-de-la-mano-del-caudetano-roberto-gil-mira\\\/#primaryimage\"},\"image\":{\"@id\":\"https:\\\/\\\/www.caudete.org\\\/ayuntamiento\\\/el-atletismo-caudetano-brilla-en-el-regional-de-campo-a-traves-de-la-mano-del-caudetano-roberto-gil-mira\\\/#primaryimage\"},\"thumbnailUrl\":\"https:\\\/\\\/www.caudete.org\\\/ayuntamiento\\\/wp-content\\\/uploads\\\/2024\\\/10\\\/Roberto-Maria.jpg\",\"datePublished\":\"2024-10-31T08:00:17+00:00\",\"author\":{\"@id\":\"https:\\\/\\\/www.caudete.org\\\/ayuntamiento\\\/#\\\/schema\\\/person\\\/4b9eab41761957db9b1bf9c418d1ef46\"},\"description\":\"P\u00e1gina Oficial del Ayuntamiento de Caudete (Albacete)\",\"breadcrumb\":{\"@id\":\"https:\\\/\\\/www.caudete.org\\\/ayuntamiento\\\/el-atletismo-caudetano-brilla-en-el-regional-de-campo-a-traves-de-la-mano-del-caudetano-roberto-gil-mira\\\/#breadcrumb\"},\"inLanguage\":\"es\",\"potentialAction\":[{\"@type\":\"ReadAction\",\"target\":[\"https:\\\/\\\/www.caudete.org\\\/ayuntamiento\\\/el-atletismo-caudetano-brilla-en-el-regional-de-campo-a-traves-de-la-mano-del-caudetano-roberto-gil-mira\\\/\"]}]},{\"@type\":\"ImageObject\",\"inLanguage\":\"es\",\"@id\":\"https:\\\/\\\/www.caudete.org\\\/ayuntamiento\\\/el-atletismo-caudetano-brilla-en-el-regional-de-campo-a-traves-de-la-mano-del-caudetano-roberto-gil-mira\\\/#primaryimage\",\"url\":\"https:\\\/\\\/www.caudete.org\\\/ayuntamiento\\\/wp-content\\\/uploads\\\/2024\\\/10\\\/Roberto-Maria.jpg\",\"contentUrl\":\"https:\\\/\\\/www.caudete.org\\\/ayuntamiento\\\/wp-content\\\/uploads\\\/2024\\\/10\\\/Roberto-Maria.jpg\",\"width\":868,\"height\":342},{\"@type\":\"BreadcrumbList\",\"@id\":\"https:\\\/\\\/www.caudete.org\\\/ayuntamiento\\\/el-atletismo-caudetano-brilla-en-el-regional-de-campo-a-traves-de-la-mano-del-caudetano-roberto-gil-mira\\\/#breadcrumb\",\"itemListElement\":[{\"@type\":\"ListItem\",\"position\":1,\"name\":\"Inicio\",\"item\":\"https:\\\/\\\/www.caudete.org\\\/ayuntamiento\\\/\"},{\"@type\":\"ListItem\",\"position\":2,\"name\":\"El atletismo caudetano brilla en el regional de Campo a Trav\u00e9s de la mano del caudetano Roberto Gil Mira\"}]},{\"@type\":\"WebSite\",\"@id\":\"https:\\\/\\\/www.caudete.org\\\/ayuntamiento\\\/#website\",\"url\":\"https:\\\/\\\/www.caudete.org\\\/ayuntamiento\\\/\",\"name\":\"MI Ayuntamiento de Caudete\",\"description\":\"P\u00e1gina Oficial del MI Ayuntamiento de Caudete\",\"potentialAction\":[{\"@type\":\"SearchAction\",\"target\":{\"@type\":\"EntryPoint\",\"urlTemplate\":\"https:\\\/\\\/www.caudete.org\\\/ayuntamiento\\\/?s={search_term_string}\"},\"query-input\":{\"@type\":\"PropertyValueSpecification\",\"valueRequired\":true,\"valueName\":\"search_term_string\"}}],\"inLanguage\":\"es\"},{\"@type\":\"Person\",\"@id\":\"https:\\\/\\\/www.caudete.org\\\/ayuntamiento\\\/#\\\/schema\\\/person\\\/4b9eab41761957db9b1bf9c418d1ef46\",\"name\":\"Dpto Informatica MI Ayuntamiento de Caudete\",\"image\":{\"@type\":\"ImageObject\",\"inLanguage\":\"es\",\"@id\":\"https:\\\/\\\/secure.gravatar.com\\\/avatar\\\/ac0321ee4a0a83e82a253e7b2d348ef539e2c8fe16d06b600bde04de1b364fa7?s=96&d=mm&r=g\",\"url\":\"https:\\\/\\\/secure.gravatar.com\\\/avatar\\\/ac0321ee4a0a83e82a253e7b2d348ef539e2c8fe16d06b600bde04de1b364fa7?s=96&d=mm&r=g\",\"contentUrl\":\"https:\\\/\\\/secure.gravatar.com\\\/avatar\\\/ac0321ee4a0a83e82a253e7b2d348ef539e2c8fe16d06b600bde04de1b364fa7?s=96&d=mm&r=g\",\"caption\":\"Dpto Informatica MI Ayuntamiento de Caudete\"},\"url\":\"https:\\\/\\\/www.caudete.org\\\/ayuntamiento\\\/author\\\/informatica\\\/\"}]}<\/script>\n<!-- \/ Yoast SEO plugin. -->","yoast_head_json":{"title":"El atletismo caudetano brilla en el regional de Campo a Trav\u00e9s de la mano del caudetano Roberto Gil Mira - MI Ayuntamiento de Caudete","description":"P\u00e1gina Oficial del Ayuntamiento de Caudete (Albacete)","robots":{"index":"index","follow":"follow","max-snippet":"max-snippet:-1","max-image-preview":"max-image-preview:large","max-video-preview":"max-video-preview:-1"},"canonical":"https:\/\/www.caudete.org\/ayuntamiento\/el-atletismo-caudetano-brilla-en-el-regional-de-campo-a-traves-de-la-mano-del-caudetano-roberto-gil-mira\/","og_locale":"es_ES","og_type":"article","og_title":"El atletismo caudetano brilla en el regional de Campo a Trav\u00e9s de la mano del caudetano Roberto Gil Mira - MI Ayuntamiento de Caudete","og_description":"P\u00e1gina Oficial del Ayuntamiento de Caudete (Albacete)","og_url":"https:\/\/www.caudete.org\/ayuntamiento\/el-atletismo-caudetano-brilla-en-el-regional-de-campo-a-traves-de-la-mano-del-caudetano-roberto-gil-mira\/","og_site_name":"MI Ayuntamiento de Caudete","article_publisher":"https:\/\/www.facebook.com\/ayuntamientocaudete\/","article_published_time":"2024-10-31T08:00:17+00:00","og_image":[{"width":868,"height":342,"url":"https:\/\/www.caudete.org\/ayuntamiento\/wp-content\/uploads\/2024\/10\/Roberto-Maria.jpg","type":"image\/jpeg"}],"author":"Dpto Informatica MI Ayuntamiento de Caudete","twitter_card":"summary_large_image","twitter_misc":{"Escrito por":"Dpto Informatica MI Ayuntamiento de Caudete","Tiempo de lectura":"2 minutos"},"schema":{"@context":"https:\/\/schema.org","@graph":[{"@type":"Article","@id":"https:\/\/www.caudete.org\/ayuntamiento\/el-atletismo-caudetano-brilla-en-el-regional-de-campo-a-traves-de-la-mano-del-caudetano-roberto-gil-mira\/#article","isPartOf":{"@id":"https:\/\/www.caudete.org\/ayuntamiento\/el-atletismo-caudetano-brilla-en-el-regional-de-campo-a-traves-de-la-mano-del-caudetano-roberto-gil-mira\/"},"author":{"name":"Dpto Informatica MI Ayuntamiento de Caudete","@id":"https:\/\/www.caudete.org\/ayuntamiento\/#\/schema\/person\/4b9eab41761957db9b1bf9c418d1ef46"},"headline":"El atletismo caudetano brilla en el regional de Campo a Trav\u00e9s de la mano del caudetano Roberto Gil Mira","datePublished":"2024-10-31T08:00:17+00:00","mainEntityOfPage":{"@id":"https:\/\/www.caudete.org\/ayuntamiento\/el-atletismo-caudetano-brilla-en-el-regional-de-campo-a-traves-de-la-mano-del-caudetano-roberto-gil-mira\/"},"wordCount":183,"image":{"@id":"https:\/\/www.caudete.org\/ayuntamiento\/el-atletismo-caudetano-brilla-en-el-regional-de-campo-a-traves-de-la-mano-del-caudetano-roberto-gil-mira\/#primaryimage"},"thumbnailUrl":"https:\/\/www.caudete.org\/ayuntamiento\/wp-content\/uploads\/2024\/10\/Roberto-Maria.jpg","articleSection":["Deportes"],"inLanguage":"es"},{"@type":"WebPage","@id":"https:\/\/www.caudete.org\/ayuntamiento\/el-atletismo-caudetano-brilla-en-el-regional-de-campo-a-traves-de-la-mano-del-caudetano-roberto-gil-mira\/","url":"https:\/\/www.caudete.org\/ayuntamiento\/el-atletismo-caudetano-brilla-en-el-regional-de-campo-a-traves-de-la-mano-del-caudetano-roberto-gil-mira\/","name":"El atletismo caudetano brilla en el regional de Campo a Trav\u00e9s de la mano del caudetano Roberto Gil Mira - MI Ayuntamiento de Caudete","isPartOf":{"@id":"https:\/\/www.caudete.org\/ayuntamiento\/#website"},"primaryImageOfPage":{"@id":"https:\/\/www.caudete.org\/ayuntamiento\/el-atletismo-caudetano-brilla-en-el-regional-de-campo-a-traves-de-la-mano-del-caudetano-roberto-gil-mira\/#primaryimage"},"image":{"@id":"https:\/\/www.caudete.org\/ayuntamiento\/el-atletismo-caudetano-brilla-en-el-regional-de-campo-a-traves-de-la-mano-del-caudetano-roberto-gil-mira\/#primaryimage"},"thumbnailUrl":"https:\/\/www.caudete.org\/ayuntamiento\/wp-content\/uploads\/2024\/10\/Roberto-Maria.jpg","datePublished":"2024-10-31T08:00:17+00:00","author":{"@id":"https:\/\/www.caudete.org\/ayuntamiento\/#\/schema\/person\/4b9eab41761957db9b1bf9c418d1ef46"},"description":"P\u00e1gina Oficial del Ayuntamiento de Caudete (Albacete)","breadcrumb":{"@id":"https:\/\/www.caudete.org\/ayuntamiento\/el-atletismo-caudetano-brilla-en-el-regional-de-campo-a-traves-de-la-mano-del-caudetano-roberto-gil-mira\/#breadcrumb"},"inLanguage":"es","potentialAction":[{"@type":"ReadAction","target":["https:\/\/www.caudete.org\/ayuntamiento\/el-atletismo-caudetano-brilla-en-el-regional-de-campo-a-traves-de-la-mano-del-caudetano-roberto-gil-mira\/"]}]},{"@type":"ImageObject","inLanguage":"es","@id":"https:\/\/www.caudete.org\/ayuntamiento\/el-atletismo-caudetano-brilla-en-el-regional-de-campo-a-traves-de-la-mano-del-caudetano-roberto-gil-mira\/#primaryimage","url":"https:\/\/www.caudete.org\/ayuntamiento\/wp-content\/uploads\/2024\/10\/Roberto-Maria.jpg","contentUrl":"https:\/\/www.caudete.org\/ayuntamiento\/wp-content\/uploads\/2024\/10\/Roberto-Maria.jpg","width":868,"height":342},{"@type":"BreadcrumbList","@id":"https:\/\/www.caudete.org\/ayuntamiento\/el-atletismo-caudetano-brilla-en-el-regional-de-campo-a-traves-de-la-mano-del-caudetano-roberto-gil-mira\/#breadcrumb","itemListElement":[{"@type":"ListItem","position":1,"name":"Inicio","item":"https:\/\/www.caudete.org\/ayuntamiento\/"},{"@type":"ListItem","position":2,"name":"El atletismo caudetano brilla en el regional de Campo a Trav\u00e9s de la mano del caudetano Roberto Gil Mira"}]},{"@type":"WebSite","@id":"https:\/\/www.caudete.org\/ayuntamiento\/#website","url":"https:\/\/www.caudete.org\/ayuntamiento\/","name":"MI Ayuntamiento de Caudete","description":"P\u00e1gina Oficial del MI Ayuntamiento de Caudete","potentialAction":[{"@type":"SearchAction","target":{"@type":"EntryPoint","urlTemplate":"https:\/\/www.caudete.org\/ayuntamiento\/?s={search_term_string}"},"query-input":{"@type":"PropertyValueSpecification","valueRequired":true,"valueName":"search_term_string"}}],"inLanguage":"es"},{"@type":"Person","@id":"https:\/\/www.caudete.org\/ayuntamiento\/#\/schema\/person\/4b9eab41761957db9b1bf9c418d1ef46","name":"Dpto Informatica MI Ayuntamiento de Caudete","image":{"@type":"ImageObject","inLanguage":"es","@id":"https:\/\/secure.gravatar.com\/avatar\/ac0321ee4a0a83e82a253e7b2d348ef539e2c8fe16d06b600bde04de1b364fa7?s=96&d=mm&r=g","url":"https:\/\/secure.gravatar.com\/avatar\/ac0321ee4a0a83e82a253e7b2d348ef539e2c8fe16d06b600bde04de1b364fa7?s=96&d=mm&r=g","contentUrl":"https:\/\/secure.gravatar.com\/avatar\/ac0321ee4a0a83e82a253e7b2d348ef539e2c8fe16d06b600bde04de1b364fa7?s=96&d=mm&r=g","caption":"Dpto Informatica MI Ayuntamiento de Caudete"},"url":"https:\/\/www.caudete.org\/ayuntamiento\/author\/informatica\/"}]}},"_links":{"self":[{"href":"https:\/\/www.caudete.org\/ayuntamiento\/wp-json\/wp\/v2\/posts\/26460","targetHints":{"allow":["GET"]}}],"collection":[{"href":"https:\/\/www.caudete.org\/ayuntamiento\/wp-json\/wp\/v2\/posts"}],"about":[{"href":"https:\/\/www.caudete.org\/ayuntamiento\/wp-json\/wp\/v2\/types\/post"}],"author":[{"embeddable":true,"href":"https:\/\/www.caudete.org\/ayuntamiento\/wp-json\/wp\/v2\/users\/5"}],"replies":[{"embeddable":true,"href":"https:\/\/www.caudete.org\/ayuntamiento\/wp-json\/wp\/v2\/comments?post=26460"}],"version-history":[{"count":1,"href":"https:\/\/www.caudete.org\/ayuntamiento\/wp-json\/wp\/v2\/posts\/26460\/revisions"}],"predecessor-version":[{"id":26464,"href":"https:\/\/www.caudete.org\/ayuntamiento\/wp-json\/wp\/v2\/posts\/26460\/revisions\/26464"}],"wp:featuredmedia":[{"embeddable":true,"href":"https:\/\/www.caudete.org\/ayuntamiento\/wp-json\/wp\/v2\/media\/26463"}],"wp:attachment":[{"href":"https:\/\/www.caudete.org\/ayuntamiento\/wp-json\/wp\/v2\/media?parent=26460"}],"wp:term":[{"taxonomy":"category","embeddable":true,"href":"https:\/\/www.caudete.org\/ayuntamiento\/wp-json\/wp\/v2\/categories?post=26460"},{"taxonomy":"post_tag","embeddable":true,"href":"https:\/\/www.caudete.org\/ayuntamiento\/wp-json\/wp\/v2\/tags?post=26460"}],"curies":[{"name":"wp","href":"https:\/\/api.w.org\/{rel}","templated":true}]}}