{"id":26481,"date":"2024-10-31T07:46:18","date_gmt":"2024-10-31T06:46:18","guid":{"rendered":"https:\/\/www.caudete.org\/ayuntamiento\/?p=26481"},"modified":"2024-10-31T07:46:18","modified_gmt":"2024-10-31T06:46:18","slug":"esta-noche-a-las-20-00h-virtudes-navarro-ofrecera-la-conferencia-morire-mas-dios-me-ha-oido-los-preparativos-del-ultimo-viaje-caudete-s-xvii-xviii","status":"publish","type":"post","link":"https:\/\/www.caudete.org\/ayuntamiento\/esta-noche-a-las-20-00h-virtudes-navarro-ofrecera-la-conferencia-morire-mas-dios-me-ha-oido-los-preparativos-del-ultimo-viaje-caudete-s-xvii-xviii\/","title":{"rendered":"Esta noche a las 20.00h, Virtudes Navarro ofrecer\u00e1 la Conferencia \u201cMORIR\u00c9, M\u00c1S DIOS ME HA O\u00cdDO\u201d LOS PREPARATIVOS DEL ULTIMO VIAJE. CAUDETE, S.XVII-XVIII"},"content":{"rendered":"<p style=\"text-align: justify;\">Esta noche contin\u00faan las II Jornadas \u201cDE LA VIDA Y DE LA MUERTE, UNA VISI\u00d3N DIFERENTE\u201d que organiza la Concejal\u00eda de Cementerio con la colaboraci\u00f3n de las Concejal\u00edas de Cultura, Turismo y Bienestar Social.<\/p>\n<p style=\"text-align: justify;\">El Museo de la Acuarela \u201cRafael Requena\u201d ser\u00e1 el escenario que acoja a las 20.00horas la ponencia titulada <strong>\u201cMORIR\u00c9, M\u00c1S DIOS ME HA O\u00cdDO\u201d LOS PREPARATIVOS DEL ULTIMO VIAJE. CAUDETE, S.XVII-XVIII<\/strong>, impartida por nuestra Archivera Municipal M\u00aa Virtudes Navarro Navarro, una interesante ponencia que nos permitir\u00e1 adentrarnos en la historia local y conocer m\u00e1s del pasado<\/p>\n<p style=\"text-align: justify;\">Guardia, es Licenciado en Geograf\u00eda e Historia por la UNED, y cuenta con Cursos de Doctorado en Historia del Arte (UNED), y actualmente ejerce de Profesor de Historia del Arte en el programa \u201cUniversidad Abierta\u201d en el Aula de la UNED de Elda, sede de la que es Coordinador. Tiene en su\u00a0<em>curriculum<\/em>\u00a0diversos Premios, y una extensa experiencia en conferencias, exposiciones, publicaciones y colaboraciones con diversos medios digitales.<\/p>\n","protected":false},"excerpt":{"rendered":"<p>Esta noche contin\u00faan las II Jornadas \u201cDE LA VIDA Y DE LA MUERTE, UNA VISI\u00d3N DIFERENTE\u201d que organiza la Concejal\u00eda de Cementerio con la colaboraci\u00f3n de las Concejal\u00edas de Cultura, Turismo y Bienestar Social. El Museo de la Acuarela \u201cRafael Requena\u201d ser\u00e1 el escenario que acoja a las 20.00horas la ponencia titulada \u201cMORIR\u00c9, M\u00c1S DIOS &hellip;<\/p>\n","protected":false},"author":3,"featured_media":26482,"comment_status":"closed","ping_status":"open","sticky":false,"template":"","format":"standard","meta":{"ngg_post_thumbnail":0,"footnotes":""},"categories":[30],"tags":[],"class_list":["post-26481","post","type-post","status-publish","format-standard","has-post-thumbnail","hentry","category-cementerio"],"yoast_head":"<!-- This site is optimized with the Yoast SEO plugin v27.4 - https:\/\/yoast.com\/product\/yoast-seo-wordpress\/ -->\n<title>Esta noche a las 20.00h, Virtudes Navarro ofrecer\u00e1 la Conferencia \u201cMORIR\u00c9, M\u00c1S DIOS ME HA O\u00cdDO\u201d LOS PREPARATIVOS DEL ULTIMO VIAJE. CAUDETE, S.XVII-XVIII - MI Ayuntamiento de Caudete<\/title>\n<meta name=\"description\" content=\"P\u00e1gina Oficial del Ayuntamiento de Caudete (Albacete)\" \/>\n<meta name=\"robots\" content=\"index, follow, max-snippet:-1, max-image-preview:large, max-video-preview:-1\" \/>\n<link rel=\"canonical\" href=\"https:\/\/www.caudete.org\/ayuntamiento\/esta-noche-a-las-20-00h-virtudes-navarro-ofrecera-la-conferencia-morire-mas-dios-me-ha-oido-los-preparativos-del-ultimo-viaje-caudete-s-xvii-xviii\/\" \/>\n<meta property=\"og:locale\" content=\"es_ES\" \/>\n<meta property=\"og:type\" content=\"article\" \/>\n<meta property=\"og:title\" content=\"Esta noche a las 20.00h, Virtudes Navarro ofrecer\u00e1 la Conferencia \u201cMORIR\u00c9, M\u00c1S DIOS ME HA O\u00cdDO\u201d LOS PREPARATIVOS DEL ULTIMO VIAJE. CAUDETE, S.XVII-XVIII - MI Ayuntamiento de Caudete\" \/>\n<meta property=\"og:description\" content=\"P\u00e1gina Oficial del Ayuntamiento de Caudete (Albacete)\" \/>\n<meta property=\"og:url\" content=\"https:\/\/www.caudete.org\/ayuntamiento\/esta-noche-a-las-20-00h-virtudes-navarro-ofrecera-la-conferencia-morire-mas-dios-me-ha-oido-los-preparativos-del-ultimo-viaje-caudete-s-xvii-xviii\/\" \/>\n<meta property=\"og:site_name\" content=\"MI Ayuntamiento de Caudete\" \/>\n<meta property=\"article:publisher\" content=\"https:\/\/www.facebook.com\/ayuntamientocaudete\/\" \/>\n<meta property=\"article:published_time\" content=\"2024-10-31T06:46:18+00:00\" \/>\n<meta property=\"og:image\" content=\"https:\/\/www.caudete.org\/ayuntamiento\/wp-content\/uploads\/2024\/10\/conferencia-virtu.jpg\" \/>\n\t<meta property=\"og:image:width\" content=\"1066\" \/>\n\t<meta property=\"og:image:height\" content=\"725\" \/>\n\t<meta property=\"og:image:type\" content=\"image\/jpeg\" \/>\n<meta name=\"author\" content=\"alcalde\" \/>\n<meta name=\"twitter:card\" content=\"summary_large_image\" \/>\n<meta name=\"twitter:label1\" content=\"Escrito por\" \/>\n\t<meta name=\"twitter:data1\" content=\"alcalde\" \/>\n\t<meta name=\"twitter:label2\" content=\"Tiempo de lectura\" \/>\n\t<meta name=\"twitter:data2\" content=\"1 minuto\" \/>\n<script type=\"application\/ld+json\" class=\"yoast-schema-graph\">{\"@context\":\"https:\\\/\\\/schema.org\",\"@graph\":[{\"@type\":\"Article\",\"@id\":\"https:\\\/\\\/www.caudete.org\\\/ayuntamiento\\\/esta-noche-a-las-20-00h-virtudes-navarro-ofrecera-la-conferencia-morire-mas-dios-me-ha-oido-los-preparativos-del-ultimo-viaje-caudete-s-xvii-xviii\\\/#article\",\"isPartOf\":{\"@id\":\"https:\\\/\\\/www.caudete.org\\\/ayuntamiento\\\/esta-noche-a-las-20-00h-virtudes-navarro-ofrecera-la-conferencia-morire-mas-dios-me-ha-oido-los-preparativos-del-ultimo-viaje-caudete-s-xvii-xviii\\\/\"},\"author\":{\"name\":\"alcalde\",\"@id\":\"https:\\\/\\\/www.caudete.org\\\/ayuntamiento\\\/#\\\/schema\\\/person\\\/cc646da9133078ee4d8dd47457947253\"},\"headline\":\"Esta noche a las 20.00h, Virtudes Navarro ofrecer\u00e1 la Conferencia \u201cMORIR\u00c9, M\u00c1S DIOS ME HA O\u00cdDO\u201d LOS PREPARATIVOS DEL ULTIMO VIAJE. CAUDETE, S.XVII-XVIII\",\"datePublished\":\"2024-10-31T06:46:18+00:00\",\"mainEntityOfPage\":{\"@id\":\"https:\\\/\\\/www.caudete.org\\\/ayuntamiento\\\/esta-noche-a-las-20-00h-virtudes-navarro-ofrecera-la-conferencia-morire-mas-dios-me-ha-oido-los-preparativos-del-ultimo-viaje-caudete-s-xvii-xviii\\\/\"},\"wordCount\":195,\"publisher\":{\"@id\":\"https:\\\/\\\/www.caudete.org\\\/ayuntamiento\\\/#organization\"},\"image\":{\"@id\":\"https:\\\/\\\/www.caudete.org\\\/ayuntamiento\\\/esta-noche-a-las-20-00h-virtudes-navarro-ofrecera-la-conferencia-morire-mas-dios-me-ha-oido-los-preparativos-del-ultimo-viaje-caudete-s-xvii-xviii\\\/#primaryimage\"},\"thumbnailUrl\":\"https:\\\/\\\/www.caudete.org\\\/ayuntamiento\\\/wp-content\\\/uploads\\\/2024\\\/10\\\/conferencia-virtu.jpg\",\"articleSection\":[\"Cementerio\"],\"inLanguage\":\"es\"},{\"@type\":\"WebPage\",\"@id\":\"https:\\\/\\\/www.caudete.org\\\/ayuntamiento\\\/esta-noche-a-las-20-00h-virtudes-navarro-ofrecera-la-conferencia-morire-mas-dios-me-ha-oido-los-preparativos-del-ultimo-viaje-caudete-s-xvii-xviii\\\/\",\"url\":\"https:\\\/\\\/www.caudete.org\\\/ayuntamiento\\\/esta-noche-a-las-20-00h-virtudes-navarro-ofrecera-la-conferencia-morire-mas-dios-me-ha-oido-los-preparativos-del-ultimo-viaje-caudete-s-xvii-xviii\\\/\",\"name\":\"Esta noche a las 20.00h, Virtudes Navarro ofrecer\u00e1 la Conferencia \u201cMORIR\u00c9, M\u00c1S DIOS ME HA O\u00cdDO\u201d LOS PREPARATIVOS DEL ULTIMO VIAJE. CAUDETE, S.XVII-XVIII - MI Ayuntamiento de Caudete\",\"isPartOf\":{\"@id\":\"https:\\\/\\\/www.caudete.org\\\/ayuntamiento\\\/#website\"},\"primaryImageOfPage\":{\"@id\":\"https:\\\/\\\/www.caudete.org\\\/ayuntamiento\\\/esta-noche-a-las-20-00h-virtudes-navarro-ofrecera-la-conferencia-morire-mas-dios-me-ha-oido-los-preparativos-del-ultimo-viaje-caudete-s-xvii-xviii\\\/#primaryimage\"},\"image\":{\"@id\":\"https:\\\/\\\/www.caudete.org\\\/ayuntamiento\\\/esta-noche-a-las-20-00h-virtudes-navarro-ofrecera-la-conferencia-morire-mas-dios-me-ha-oido-los-preparativos-del-ultimo-viaje-caudete-s-xvii-xviii\\\/#primaryimage\"},\"thumbnailUrl\":\"https:\\\/\\\/www.caudete.org\\\/ayuntamiento\\\/wp-content\\\/uploads\\\/2024\\\/10\\\/conferencia-virtu.jpg\",\"datePublished\":\"2024-10-31T06:46:18+00:00\",\"description\":\"P\u00e1gina Oficial del Ayuntamiento de Caudete (Albacete)\",\"breadcrumb\":{\"@id\":\"https:\\\/\\\/www.caudete.org\\\/ayuntamiento\\\/esta-noche-a-las-20-00h-virtudes-navarro-ofrecera-la-conferencia-morire-mas-dios-me-ha-oido-los-preparativos-del-ultimo-viaje-caudete-s-xvii-xviii\\\/#breadcrumb\"},\"inLanguage\":\"es\",\"potentialAction\":[{\"@type\":\"ReadAction\",\"target\":[\"https:\\\/\\\/www.caudete.org\\\/ayuntamiento\\\/esta-noche-a-las-20-00h-virtudes-navarro-ofrecera-la-conferencia-morire-mas-dios-me-ha-oido-los-preparativos-del-ultimo-viaje-caudete-s-xvii-xviii\\\/\"]}]},{\"@type\":\"ImageObject\",\"inLanguage\":\"es\",\"@id\":\"https:\\\/\\\/www.caudete.org\\\/ayuntamiento\\\/esta-noche-a-las-20-00h-virtudes-navarro-ofrecera-la-conferencia-morire-mas-dios-me-ha-oido-los-preparativos-del-ultimo-viaje-caudete-s-xvii-xviii\\\/#primaryimage\",\"url\":\"https:\\\/\\\/www.caudete.org\\\/ayuntamiento\\\/wp-content\\\/uploads\\\/2024\\\/10\\\/conferencia-virtu.jpg\",\"contentUrl\":\"https:\\\/\\\/www.caudete.org\\\/ayuntamiento\\\/wp-content\\\/uploads\\\/2024\\\/10\\\/conferencia-virtu.jpg\",\"width\":1066,\"height\":725},{\"@type\":\"BreadcrumbList\",\"@id\":\"https:\\\/\\\/www.caudete.org\\\/ayuntamiento\\\/esta-noche-a-las-20-00h-virtudes-navarro-ofrecera-la-conferencia-morire-mas-dios-me-ha-oido-los-preparativos-del-ultimo-viaje-caudete-s-xvii-xviii\\\/#breadcrumb\",\"itemListElement\":[{\"@type\":\"ListItem\",\"position\":1,\"name\":\"Inicio\",\"item\":\"https:\\\/\\\/www.caudete.org\\\/ayuntamiento\\\/\"},{\"@type\":\"ListItem\",\"position\":2,\"name\":\"Esta noche a las 20.00h, Virtudes Navarro ofrecer\u00e1 la Conferencia \u201cMORIR\u00c9, M\u00c1S DIOS ME HA O\u00cdDO\u201d LOS PREPARATIVOS DEL ULTIMO VIAJE. CAUDETE, S.XVII-XVIII\"}]},{\"@type\":\"WebSite\",\"@id\":\"https:\\\/\\\/www.caudete.org\\\/ayuntamiento\\\/#website\",\"url\":\"https:\\\/\\\/www.caudete.org\\\/ayuntamiento\\\/\",\"name\":\"MI Ayuntamiento de Caudete\",\"description\":\"P\u00e1gina Oficial del MI Ayuntamiento de Caudete\",\"publisher\":{\"@id\":\"https:\\\/\\\/www.caudete.org\\\/ayuntamiento\\\/#organization\"},\"potentialAction\":[{\"@type\":\"SearchAction\",\"target\":{\"@type\":\"EntryPoint\",\"urlTemplate\":\"https:\\\/\\\/www.caudete.org\\\/ayuntamiento\\\/?s={search_term_string}\"},\"query-input\":{\"@type\":\"PropertyValueSpecification\",\"valueRequired\":true,\"valueName\":\"search_term_string\"}}],\"inLanguage\":\"es\"},{\"@type\":\"Organization\",\"@id\":\"https:\\\/\\\/www.caudete.org\\\/ayuntamiento\\\/#organization\",\"name\":\"Ayuntamiento de Caudete\",\"url\":\"https:\\\/\\\/www.caudete.org\\\/ayuntamiento\\\/\",\"logo\":{\"@type\":\"ImageObject\",\"inLanguage\":\"es\",\"@id\":\"https:\\\/\\\/www.caudete.org\\\/ayuntamiento\\\/#\\\/schema\\\/logo\\\/image\\\/\",\"url\":\"https:\\\/\\\/www.caudete.org\\\/ayuntamiento\\\/wp-content\\\/uploads\\\/2020\\\/11\\\/logo_ayuntamiento_caudete.jpg\",\"contentUrl\":\"https:\\\/\\\/www.caudete.org\\\/ayuntamiento\\\/wp-content\\\/uploads\\\/2020\\\/11\\\/logo_ayuntamiento_caudete.jpg\",\"width\":600,\"height\":150,\"caption\":\"Ayuntamiento de Caudete\"},\"image\":{\"@id\":\"https:\\\/\\\/www.caudete.org\\\/ayuntamiento\\\/#\\\/schema\\\/logo\\\/image\\\/\"},\"sameAs\":[\"https:\\\/\\\/www.facebook.com\\\/ayuntamientocaudete\\\/\",\"https:\\\/\\\/www.youtube.com\\\/channel\\\/UC6VztHaooNsGpw-tNoBEFnQ\"]},{\"@type\":\"Person\",\"@id\":\"https:\\\/\\\/www.caudete.org\\\/ayuntamiento\\\/#\\\/schema\\\/person\\\/cc646da9133078ee4d8dd47457947253\",\"name\":\"alcalde\",\"image\":{\"@type\":\"ImageObject\",\"inLanguage\":\"es\",\"@id\":\"https:\\\/\\\/secure.gravatar.com\\\/avatar\\\/84a817ba065b29ff08d666b215a215f5c79186a645ccb25b14a663d48a130f77?s=96&d=mm&r=g\",\"url\":\"https:\\\/\\\/secure.gravatar.com\\\/avatar\\\/84a817ba065b29ff08d666b215a215f5c79186a645ccb25b14a663d48a130f77?s=96&d=mm&r=g\",\"contentUrl\":\"https:\\\/\\\/secure.gravatar.com\\\/avatar\\\/84a817ba065b29ff08d666b215a215f5c79186a645ccb25b14a663d48a130f77?s=96&d=mm&r=g\",\"caption\":\"alcalde\"},\"url\":\"https:\\\/\\\/www.caudete.org\\\/ayuntamiento\\\/author\\\/alcalde\\\/\"}]}<\/script>\n<!-- \/ Yoast SEO plugin. -->","yoast_head_json":{"title":"Esta noche a las 20.00h, Virtudes Navarro ofrecer\u00e1 la Conferencia \u201cMORIR\u00c9, M\u00c1S DIOS ME HA O\u00cdDO\u201d LOS PREPARATIVOS DEL ULTIMO VIAJE. CAUDETE, S.XVII-XVIII - MI Ayuntamiento de Caudete","description":"P\u00e1gina Oficial del Ayuntamiento de Caudete (Albacete)","robots":{"index":"index","follow":"follow","max-snippet":"max-snippet:-1","max-image-preview":"max-image-preview:large","max-video-preview":"max-video-preview:-1"},"canonical":"https:\/\/www.caudete.org\/ayuntamiento\/esta-noche-a-las-20-00h-virtudes-navarro-ofrecera-la-conferencia-morire-mas-dios-me-ha-oido-los-preparativos-del-ultimo-viaje-caudete-s-xvii-xviii\/","og_locale":"es_ES","og_type":"article","og_title":"Esta noche a las 20.00h, Virtudes Navarro ofrecer\u00e1 la Conferencia \u201cMORIR\u00c9, M\u00c1S DIOS ME HA O\u00cdDO\u201d LOS PREPARATIVOS DEL ULTIMO VIAJE. CAUDETE, S.XVII-XVIII - MI Ayuntamiento de Caudete","og_description":"P\u00e1gina Oficial del Ayuntamiento de Caudete (Albacete)","og_url":"https:\/\/www.caudete.org\/ayuntamiento\/esta-noche-a-las-20-00h-virtudes-navarro-ofrecera-la-conferencia-morire-mas-dios-me-ha-oido-los-preparativos-del-ultimo-viaje-caudete-s-xvii-xviii\/","og_site_name":"MI Ayuntamiento de Caudete","article_publisher":"https:\/\/www.facebook.com\/ayuntamientocaudete\/","article_published_time":"2024-10-31T06:46:18+00:00","og_image":[{"width":1066,"height":725,"url":"https:\/\/www.caudete.org\/ayuntamiento\/wp-content\/uploads\/2024\/10\/conferencia-virtu.jpg","type":"image\/jpeg"}],"author":"alcalde","twitter_card":"summary_large_image","twitter_misc":{"Escrito por":"alcalde","Tiempo de lectura":"1 minuto"},"schema":{"@context":"https:\/\/schema.org","@graph":[{"@type":"Article","@id":"https:\/\/www.caudete.org\/ayuntamiento\/esta-noche-a-las-20-00h-virtudes-navarro-ofrecera-la-conferencia-morire-mas-dios-me-ha-oido-los-preparativos-del-ultimo-viaje-caudete-s-xvii-xviii\/#article","isPartOf":{"@id":"https:\/\/www.caudete.org\/ayuntamiento\/esta-noche-a-las-20-00h-virtudes-navarro-ofrecera-la-conferencia-morire-mas-dios-me-ha-oido-los-preparativos-del-ultimo-viaje-caudete-s-xvii-xviii\/"},"author":{"name":"alcalde","@id":"https:\/\/www.caudete.org\/ayuntamiento\/#\/schema\/person\/cc646da9133078ee4d8dd47457947253"},"headline":"Esta noche a las 20.00h, Virtudes Navarro ofrecer\u00e1 la Conferencia \u201cMORIR\u00c9, M\u00c1S DIOS ME HA O\u00cdDO\u201d LOS PREPARATIVOS DEL ULTIMO VIAJE. CAUDETE, S.XVII-XVIII","datePublished":"2024-10-31T06:46:18+00:00","mainEntityOfPage":{"@id":"https:\/\/www.caudete.org\/ayuntamiento\/esta-noche-a-las-20-00h-virtudes-navarro-ofrecera-la-conferencia-morire-mas-dios-me-ha-oido-los-preparativos-del-ultimo-viaje-caudete-s-xvii-xviii\/"},"wordCount":195,"publisher":{"@id":"https:\/\/www.caudete.org\/ayuntamiento\/#organization"},"image":{"@id":"https:\/\/www.caudete.org\/ayuntamiento\/esta-noche-a-las-20-00h-virtudes-navarro-ofrecera-la-conferencia-morire-mas-dios-me-ha-oido-los-preparativos-del-ultimo-viaje-caudete-s-xvii-xviii\/#primaryimage"},"thumbnailUrl":"https:\/\/www.caudete.org\/ayuntamiento\/wp-content\/uploads\/2024\/10\/conferencia-virtu.jpg","articleSection":["Cementerio"],"inLanguage":"es"},{"@type":"WebPage","@id":"https:\/\/www.caudete.org\/ayuntamiento\/esta-noche-a-las-20-00h-virtudes-navarro-ofrecera-la-conferencia-morire-mas-dios-me-ha-oido-los-preparativos-del-ultimo-viaje-caudete-s-xvii-xviii\/","url":"https:\/\/www.caudete.org\/ayuntamiento\/esta-noche-a-las-20-00h-virtudes-navarro-ofrecera-la-conferencia-morire-mas-dios-me-ha-oido-los-preparativos-del-ultimo-viaje-caudete-s-xvii-xviii\/","name":"Esta noche a las 20.00h, Virtudes Navarro ofrecer\u00e1 la Conferencia \u201cMORIR\u00c9, M\u00c1S DIOS ME HA O\u00cdDO\u201d LOS PREPARATIVOS DEL ULTIMO VIAJE. CAUDETE, S.XVII-XVIII - MI Ayuntamiento de Caudete","isPartOf":{"@id":"https:\/\/www.caudete.org\/ayuntamiento\/#website"},"primaryImageOfPage":{"@id":"https:\/\/www.caudete.org\/ayuntamiento\/esta-noche-a-las-20-00h-virtudes-navarro-ofrecera-la-conferencia-morire-mas-dios-me-ha-oido-los-preparativos-del-ultimo-viaje-caudete-s-xvii-xviii\/#primaryimage"},"image":{"@id":"https:\/\/www.caudete.org\/ayuntamiento\/esta-noche-a-las-20-00h-virtudes-navarro-ofrecera-la-conferencia-morire-mas-dios-me-ha-oido-los-preparativos-del-ultimo-viaje-caudete-s-xvii-xviii\/#primaryimage"},"thumbnailUrl":"https:\/\/www.caudete.org\/ayuntamiento\/wp-content\/uploads\/2024\/10\/conferencia-virtu.jpg","datePublished":"2024-10-31T06:46:18+00:00","description":"P\u00e1gina Oficial del Ayuntamiento de Caudete (Albacete)","breadcrumb":{"@id":"https:\/\/www.caudete.org\/ayuntamiento\/esta-noche-a-las-20-00h-virtudes-navarro-ofrecera-la-conferencia-morire-mas-dios-me-ha-oido-los-preparativos-del-ultimo-viaje-caudete-s-xvii-xviii\/#breadcrumb"},"inLanguage":"es","potentialAction":[{"@type":"ReadAction","target":["https:\/\/www.caudete.org\/ayuntamiento\/esta-noche-a-las-20-00h-virtudes-navarro-ofrecera-la-conferencia-morire-mas-dios-me-ha-oido-los-preparativos-del-ultimo-viaje-caudete-s-xvii-xviii\/"]}]},{"@type":"ImageObject","inLanguage":"es","@id":"https:\/\/www.caudete.org\/ayuntamiento\/esta-noche-a-las-20-00h-virtudes-navarro-ofrecera-la-conferencia-morire-mas-dios-me-ha-oido-los-preparativos-del-ultimo-viaje-caudete-s-xvii-xviii\/#primaryimage","url":"https:\/\/www.caudete.org\/ayuntamiento\/wp-content\/uploads\/2024\/10\/conferencia-virtu.jpg","contentUrl":"https:\/\/www.caudete.org\/ayuntamiento\/wp-content\/uploads\/2024\/10\/conferencia-virtu.jpg","width":1066,"height":725},{"@type":"BreadcrumbList","@id":"https:\/\/www.caudete.org\/ayuntamiento\/esta-noche-a-las-20-00h-virtudes-navarro-ofrecera-la-conferencia-morire-mas-dios-me-ha-oido-los-preparativos-del-ultimo-viaje-caudete-s-xvii-xviii\/#breadcrumb","itemListElement":[{"@type":"ListItem","position":1,"name":"Inicio","item":"https:\/\/www.caudete.org\/ayuntamiento\/"},{"@type":"ListItem","position":2,"name":"Esta noche a las 20.00h, Virtudes Navarro ofrecer\u00e1 la Conferencia \u201cMORIR\u00c9, M\u00c1S DIOS ME HA O\u00cdDO\u201d LOS PREPARATIVOS DEL ULTIMO VIAJE. CAUDETE, S.XVII-XVIII"}]},{"@type":"WebSite","@id":"https:\/\/www.caudete.org\/ayuntamiento\/#website","url":"https:\/\/www.caudete.org\/ayuntamiento\/","name":"MI Ayuntamiento de Caudete","description":"P\u00e1gina Oficial del MI Ayuntamiento de Caudete","publisher":{"@id":"https:\/\/www.caudete.org\/ayuntamiento\/#organization"},"potentialAction":[{"@type":"SearchAction","target":{"@type":"EntryPoint","urlTemplate":"https:\/\/www.caudete.org\/ayuntamiento\/?s={search_term_string}"},"query-input":{"@type":"PropertyValueSpecification","valueRequired":true,"valueName":"search_term_string"}}],"inLanguage":"es"},{"@type":"Organization","@id":"https:\/\/www.caudete.org\/ayuntamiento\/#organization","name":"Ayuntamiento de Caudete","url":"https:\/\/www.caudete.org\/ayuntamiento\/","logo":{"@type":"ImageObject","inLanguage":"es","@id":"https:\/\/www.caudete.org\/ayuntamiento\/#\/schema\/logo\/image\/","url":"https:\/\/www.caudete.org\/ayuntamiento\/wp-content\/uploads\/2020\/11\/logo_ayuntamiento_caudete.jpg","contentUrl":"https:\/\/www.caudete.org\/ayuntamiento\/wp-content\/uploads\/2020\/11\/logo_ayuntamiento_caudete.jpg","width":600,"height":150,"caption":"Ayuntamiento de Caudete"},"image":{"@id":"https:\/\/www.caudete.org\/ayuntamiento\/#\/schema\/logo\/image\/"},"sameAs":["https:\/\/www.facebook.com\/ayuntamientocaudete\/","https:\/\/www.youtube.com\/channel\/UC6VztHaooNsGpw-tNoBEFnQ"]},{"@type":"Person","@id":"https:\/\/www.caudete.org\/ayuntamiento\/#\/schema\/person\/cc646da9133078ee4d8dd47457947253","name":"alcalde","image":{"@type":"ImageObject","inLanguage":"es","@id":"https:\/\/secure.gravatar.com\/avatar\/84a817ba065b29ff08d666b215a215f5c79186a645ccb25b14a663d48a130f77?s=96&d=mm&r=g","url":"https:\/\/secure.gravatar.com\/avatar\/84a817ba065b29ff08d666b215a215f5c79186a645ccb25b14a663d48a130f77?s=96&d=mm&r=g","contentUrl":"https:\/\/secure.gravatar.com\/avatar\/84a817ba065b29ff08d666b215a215f5c79186a645ccb25b14a663d48a130f77?s=96&d=mm&r=g","caption":"alcalde"},"url":"https:\/\/www.caudete.org\/ayuntamiento\/author\/alcalde\/"}]}},"_links":{"self":[{"href":"https:\/\/www.caudete.org\/ayuntamiento\/wp-json\/wp\/v2\/posts\/26481","targetHints":{"allow":["GET"]}}],"collection":[{"href":"https:\/\/www.caudete.org\/ayuntamiento\/wp-json\/wp\/v2\/posts"}],"about":[{"href":"https:\/\/www.caudete.org\/ayuntamiento\/wp-json\/wp\/v2\/types\/post"}],"author":[{"embeddable":true,"href":"https:\/\/www.caudete.org\/ayuntamiento\/wp-json\/wp\/v2\/users\/3"}],"replies":[{"embeddable":true,"href":"https:\/\/www.caudete.org\/ayuntamiento\/wp-json\/wp\/v2\/comments?post=26481"}],"version-history":[{"count":1,"href":"https:\/\/www.caudete.org\/ayuntamiento\/wp-json\/wp\/v2\/posts\/26481\/revisions"}],"predecessor-version":[{"id":26484,"href":"https:\/\/www.caudete.org\/ayuntamiento\/wp-json\/wp\/v2\/posts\/26481\/revisions\/26484"}],"wp:featuredmedia":[{"embeddable":true,"href":"https:\/\/www.caudete.org\/ayuntamiento\/wp-json\/wp\/v2\/media\/26482"}],"wp:attachment":[{"href":"https:\/\/www.caudete.org\/ayuntamiento\/wp-json\/wp\/v2\/media?parent=26481"}],"wp:term":[{"taxonomy":"category","embeddable":true,"href":"https:\/\/www.caudete.org\/ayuntamiento\/wp-json\/wp\/v2\/categories?post=26481"},{"taxonomy":"post_tag","embeddable":true,"href":"https:\/\/www.caudete.org\/ayuntamiento\/wp-json\/wp\/v2\/tags?post=26481"}],"curies":[{"name":"wp","href":"https:\/\/api.w.org\/{rel}","templated":true}]}}