{"id":26488,"date":"2024-11-01T09:00:54","date_gmt":"2024-11-01T08:00:54","guid":{"rendered":"https:\/\/www.caudete.org\/ayuntamiento\/?p=26488"},"modified":"2024-10-31T11:59:57","modified_gmt":"2024-10-31T10:59:57","slug":"campana-de-vacunacion-de-2024-2025-protegete-y-ayudanos-a-proteger-a-los-demas","status":"publish","type":"post","link":"https:\/\/www.caudete.org\/ayuntamiento\/campana-de-vacunacion-de-2024-2025-protegete-y-ayudanos-a-proteger-a-los-demas\/","title":{"rendered":"Campa\u00f1a de vacunacion de 2024-2025: prot\u00e9gete y ay\u00fadanos a proteger a los dem\u00e1s"},"content":{"rendered":"<p>Mar\u00eda Mart\u00ednez Garc\u00eda Concejal de Sanidad informa que este oto\u00f1o se inicia en Caudete la campa\u00f1a de vacunaci\u00f3n de la gripe 2024-2025. Los grupos abajo indicados deber\u00e1n llamar por tel\u00e9fono o ir al Centro de Salud para concertar su cita.<\/p>\n<p>Esta campa\u00f1a de vacunaci\u00f3n de la gripe forma parte de una extenso programa a nivel regional, que tiene como objetivo alcanzar una cobertura del 75% en personas de edad igual o superior a 60 a\u00f1os, y un 60% en embarazadas y en personas con factores de riesgo. Tambi\u00e9n est\u00e1 indicada en ni\u00f1os y ni\u00f1as de entre 6 y 59 meses. Adem\u00e1s, esta campa\u00f1a incorpora un nuevo grupo de riesgo, que son el personal de guarder\u00eda y los centros de educaci\u00f3n infantil. Como otros a\u00f1os, se ofertar\u00e1 la vacunaci\u00f3n simult\u00e1nea de gripe y covid a los grupos m\u00e1s vulnerables.<\/p>\n<p>Seg\u00fan los datos disponibles, se puede afirmar que, gracias a la vacunaci\u00f3n, muy pocos casos de gripe y covid est\u00e1n siendo casos graves o requieren ingreso en UCI. De ah\u00ed la importancia de velar por la propia salud si formas parte de uno de los grupos indicados. Vacun\u00e1ndote cuidas de tu propia salud, a la vez que proteges a las personas m\u00e1s vulnerables que te rodean.<\/p>\n<p>Adem\u00e1s, puedes prevenir contagios con las siguientes medidas: lavado frecuente de manos; ventilaci\u00f3n de la vivienda; utilizar mascarilla en espacios cerrados en caso de presencia de s\u00edntomas.<\/p>\n<p>Recordar que el tel\u00e9fono del centro de salud es el 96582 51 45, donde podr\u00e1s obtener m\u00e1s informaci\u00f3n.<\/p>\n<p><a href=\"https:\/\/www.caudete.org\/ayuntamiento\/wp-content\/uploads\/2024\/10\/1_1.jpg\" rel='prettyPhoto'><img fetchpriority=\"high\" decoding=\"async\" class=\"alignnone size-full wp-image-26489\" src=\"https:\/\/www.caudete.org\/ayuntamiento\/wp-content\/uploads\/2024\/10\/1_1.jpg\" alt=\"\" width=\"707\" height=\"1000\" srcset=\"https:\/\/www.caudete.org\/ayuntamiento\/wp-content\/uploads\/2024\/10\/1_1.jpg 707w, https:\/\/www.caudete.org\/ayuntamiento\/wp-content\/uploads\/2024\/10\/1_1-212x300.jpg 212w\" sizes=\"(max-width: 707px) 100vw, 707px\" \/><\/a> <a href=\"https:\/\/www.caudete.org\/ayuntamiento\/wp-content\/uploads\/2024\/10\/3_1-1.jpg\" rel='prettyPhoto'><img decoding=\"async\" class=\"alignnone size-full wp-image-26490\" src=\"https:\/\/www.caudete.org\/ayuntamiento\/wp-content\/uploads\/2024\/10\/3_1-1.jpg\" alt=\"\" width=\"707\" height=\"1000\" srcset=\"https:\/\/www.caudete.org\/ayuntamiento\/wp-content\/uploads\/2024\/10\/3_1-1.jpg 707w, https:\/\/www.caudete.org\/ayuntamiento\/wp-content\/uploads\/2024\/10\/3_1-1-212x300.jpg 212w\" sizes=\"(max-width: 707px) 100vw, 707px\" \/><\/a><\/p>\n","protected":false},"excerpt":{"rendered":"<p>Mar\u00eda Mart\u00ednez Garc\u00eda Concejal de Sanidad informa que este oto\u00f1o se inicia en Caudete la campa\u00f1a de vacunaci\u00f3n de la gripe 2024-2025. Los grupos abajo indicados deber\u00e1n llamar por tel\u00e9fono o ir al Centro de Salud para concertar su cita. Esta campa\u00f1a de vacunaci\u00f3n de la gripe forma parte de una extenso programa a nivel &hellip;<\/p>\n","protected":false},"author":5,"featured_media":26491,"comment_status":"closed","ping_status":"open","sticky":false,"template":"","format":"standard","meta":{"ngg_post_thumbnail":0,"footnotes":""},"categories":[16],"tags":[],"class_list":["post-26488","post","type-post","status-publish","format-standard","has-post-thumbnail","hentry","category-sanidad"],"yoast_head":"<!-- This site is optimized with the Yoast SEO plugin v27.5 - https:\/\/yoast.com\/product\/yoast-seo-wordpress\/ -->\n<title>Campa\u00f1a de vacunacion de 2024-2025: prot\u00e9gete y ay\u00fadanos a proteger a los dem\u00e1s - MI Ayuntamiento de Caudete<\/title>\n<meta name=\"description\" content=\"P\u00e1gina Oficial del Ayuntamiento de Caudete (Albacete)\" \/>\n<meta name=\"robots\" content=\"index, follow, max-snippet:-1, max-image-preview:large, max-video-preview:-1\" \/>\n<link rel=\"canonical\" href=\"https:\/\/www.caudete.org\/ayuntamiento\/campana-de-vacunacion-de-2024-2025-protegete-y-ayudanos-a-proteger-a-los-demas\/\" \/>\n<meta property=\"og:locale\" content=\"es_ES\" \/>\n<meta property=\"og:type\" content=\"article\" \/>\n<meta property=\"og:title\" content=\"Campa\u00f1a de vacunacion de 2024-2025: prot\u00e9gete y ay\u00fadanos a proteger a los dem\u00e1s - MI Ayuntamiento de Caudete\" \/>\n<meta property=\"og:description\" content=\"P\u00e1gina Oficial del Ayuntamiento de Caudete (Albacete)\" \/>\n<meta property=\"og:url\" content=\"https:\/\/www.caudete.org\/ayuntamiento\/campana-de-vacunacion-de-2024-2025-protegete-y-ayudanos-a-proteger-a-los-demas\/\" \/>\n<meta property=\"og:site_name\" content=\"MI Ayuntamiento de Caudete\" \/>\n<meta property=\"article:publisher\" content=\"https:\/\/www.facebook.com\/ayuntamientocaudete\/\" \/>\n<meta property=\"article:published_time\" content=\"2024-11-01T08:00:54+00:00\" \/>\n<meta property=\"og:image\" content=\"https:\/\/www.caudete.org\/ayuntamiento\/wp-content\/uploads\/2024\/10\/1_1-port.jpg\" \/>\n\t<meta property=\"og:image:width\" content=\"703\" \/>\n\t<meta property=\"og:image:height\" content=\"295\" \/>\n\t<meta property=\"og:image:type\" content=\"image\/jpeg\" \/>\n<meta name=\"author\" content=\"Dpto Informatica MI Ayuntamiento de Caudete\" \/>\n<meta name=\"twitter:card\" content=\"summary_large_image\" \/>\n<meta name=\"twitter:label1\" content=\"Escrito por\" \/>\n\t<meta name=\"twitter:data1\" content=\"Dpto Informatica MI Ayuntamiento de Caudete\" \/>\n\t<meta name=\"twitter:label2\" content=\"Tiempo de lectura\" \/>\n\t<meta name=\"twitter:data2\" content=\"2 minutos\" \/>\n<script type=\"application\/ld+json\" class=\"yoast-schema-graph\">{\"@context\":\"https:\\\/\\\/schema.org\",\"@graph\":[{\"@type\":\"Article\",\"@id\":\"https:\\\/\\\/www.caudete.org\\\/ayuntamiento\\\/campana-de-vacunacion-de-2024-2025-protegete-y-ayudanos-a-proteger-a-los-demas\\\/#article\",\"isPartOf\":{\"@id\":\"https:\\\/\\\/www.caudete.org\\\/ayuntamiento\\\/campana-de-vacunacion-de-2024-2025-protegete-y-ayudanos-a-proteger-a-los-demas\\\/\"},\"author\":{\"name\":\"Dpto Informatica MI Ayuntamiento de Caudete\",\"@id\":\"https:\\\/\\\/www.caudete.org\\\/ayuntamiento\\\/#\\\/schema\\\/person\\\/4b9eab41761957db9b1bf9c418d1ef46\"},\"headline\":\"Campa\u00f1a de vacunacion de 2024-2025: prot\u00e9gete y ay\u00fadanos a proteger a los dem\u00e1s\",\"datePublished\":\"2024-11-01T08:00:54+00:00\",\"mainEntityOfPage\":{\"@id\":\"https:\\\/\\\/www.caudete.org\\\/ayuntamiento\\\/campana-de-vacunacion-de-2024-2025-protegete-y-ayudanos-a-proteger-a-los-demas\\\/\"},\"wordCount\":292,\"image\":{\"@id\":\"https:\\\/\\\/www.caudete.org\\\/ayuntamiento\\\/campana-de-vacunacion-de-2024-2025-protegete-y-ayudanos-a-proteger-a-los-demas\\\/#primaryimage\"},\"thumbnailUrl\":\"https:\\\/\\\/www.caudete.org\\\/ayuntamiento\\\/wp-content\\\/uploads\\\/2024\\\/10\\\/1_1-port.jpg\",\"articleSection\":[\"Sanidad\"],\"inLanguage\":\"es\"},{\"@type\":\"WebPage\",\"@id\":\"https:\\\/\\\/www.caudete.org\\\/ayuntamiento\\\/campana-de-vacunacion-de-2024-2025-protegete-y-ayudanos-a-proteger-a-los-demas\\\/\",\"url\":\"https:\\\/\\\/www.caudete.org\\\/ayuntamiento\\\/campana-de-vacunacion-de-2024-2025-protegete-y-ayudanos-a-proteger-a-los-demas\\\/\",\"name\":\"Campa\u00f1a de vacunacion de 2024-2025: prot\u00e9gete y ay\u00fadanos a proteger a los dem\u00e1s - MI Ayuntamiento de Caudete\",\"isPartOf\":{\"@id\":\"https:\\\/\\\/www.caudete.org\\\/ayuntamiento\\\/#website\"},\"primaryImageOfPage\":{\"@id\":\"https:\\\/\\\/www.caudete.org\\\/ayuntamiento\\\/campana-de-vacunacion-de-2024-2025-protegete-y-ayudanos-a-proteger-a-los-demas\\\/#primaryimage\"},\"image\":{\"@id\":\"https:\\\/\\\/www.caudete.org\\\/ayuntamiento\\\/campana-de-vacunacion-de-2024-2025-protegete-y-ayudanos-a-proteger-a-los-demas\\\/#primaryimage\"},\"thumbnailUrl\":\"https:\\\/\\\/www.caudete.org\\\/ayuntamiento\\\/wp-content\\\/uploads\\\/2024\\\/10\\\/1_1-port.jpg\",\"datePublished\":\"2024-11-01T08:00:54+00:00\",\"author\":{\"@id\":\"https:\\\/\\\/www.caudete.org\\\/ayuntamiento\\\/#\\\/schema\\\/person\\\/4b9eab41761957db9b1bf9c418d1ef46\"},\"description\":\"P\u00e1gina Oficial del Ayuntamiento de Caudete (Albacete)\",\"breadcrumb\":{\"@id\":\"https:\\\/\\\/www.caudete.org\\\/ayuntamiento\\\/campana-de-vacunacion-de-2024-2025-protegete-y-ayudanos-a-proteger-a-los-demas\\\/#breadcrumb\"},\"inLanguage\":\"es\",\"potentialAction\":[{\"@type\":\"ReadAction\",\"target\":[\"https:\\\/\\\/www.caudete.org\\\/ayuntamiento\\\/campana-de-vacunacion-de-2024-2025-protegete-y-ayudanos-a-proteger-a-los-demas\\\/\"]}]},{\"@type\":\"ImageObject\",\"inLanguage\":\"es\",\"@id\":\"https:\\\/\\\/www.caudete.org\\\/ayuntamiento\\\/campana-de-vacunacion-de-2024-2025-protegete-y-ayudanos-a-proteger-a-los-demas\\\/#primaryimage\",\"url\":\"https:\\\/\\\/www.caudete.org\\\/ayuntamiento\\\/wp-content\\\/uploads\\\/2024\\\/10\\\/1_1-port.jpg\",\"contentUrl\":\"https:\\\/\\\/www.caudete.org\\\/ayuntamiento\\\/wp-content\\\/uploads\\\/2024\\\/10\\\/1_1-port.jpg\",\"width\":703,\"height\":295},{\"@type\":\"BreadcrumbList\",\"@id\":\"https:\\\/\\\/www.caudete.org\\\/ayuntamiento\\\/campana-de-vacunacion-de-2024-2025-protegete-y-ayudanos-a-proteger-a-los-demas\\\/#breadcrumb\",\"itemListElement\":[{\"@type\":\"ListItem\",\"position\":1,\"name\":\"Inicio\",\"item\":\"https:\\\/\\\/www.caudete.org\\\/ayuntamiento\\\/\"},{\"@type\":\"ListItem\",\"position\":2,\"name\":\"Campa\u00f1a de vacunacion de 2024-2025: prot\u00e9gete y ay\u00fadanos a proteger a los dem\u00e1s\"}]},{\"@type\":\"WebSite\",\"@id\":\"https:\\\/\\\/www.caudete.org\\\/ayuntamiento\\\/#website\",\"url\":\"https:\\\/\\\/www.caudete.org\\\/ayuntamiento\\\/\",\"name\":\"MI Ayuntamiento de Caudete\",\"description\":\"P\u00e1gina Oficial del MI Ayuntamiento de Caudete\",\"potentialAction\":[{\"@type\":\"SearchAction\",\"target\":{\"@type\":\"EntryPoint\",\"urlTemplate\":\"https:\\\/\\\/www.caudete.org\\\/ayuntamiento\\\/?s={search_term_string}\"},\"query-input\":{\"@type\":\"PropertyValueSpecification\",\"valueRequired\":true,\"valueName\":\"search_term_string\"}}],\"inLanguage\":\"es\"},{\"@type\":\"Person\",\"@id\":\"https:\\\/\\\/www.caudete.org\\\/ayuntamiento\\\/#\\\/schema\\\/person\\\/4b9eab41761957db9b1bf9c418d1ef46\",\"name\":\"Dpto Informatica MI Ayuntamiento de Caudete\",\"image\":{\"@type\":\"ImageObject\",\"inLanguage\":\"es\",\"@id\":\"https:\\\/\\\/secure.gravatar.com\\\/avatar\\\/ac0321ee4a0a83e82a253e7b2d348ef539e2c8fe16d06b600bde04de1b364fa7?s=96&d=mm&r=g\",\"url\":\"https:\\\/\\\/secure.gravatar.com\\\/avatar\\\/ac0321ee4a0a83e82a253e7b2d348ef539e2c8fe16d06b600bde04de1b364fa7?s=96&d=mm&r=g\",\"contentUrl\":\"https:\\\/\\\/secure.gravatar.com\\\/avatar\\\/ac0321ee4a0a83e82a253e7b2d348ef539e2c8fe16d06b600bde04de1b364fa7?s=96&d=mm&r=g\",\"caption\":\"Dpto Informatica MI Ayuntamiento de Caudete\"},\"url\":\"https:\\\/\\\/www.caudete.org\\\/ayuntamiento\\\/author\\\/informatica\\\/\"}]}<\/script>\n<!-- \/ Yoast SEO plugin. -->","yoast_head_json":{"title":"Campa\u00f1a de vacunacion de 2024-2025: prot\u00e9gete y ay\u00fadanos a proteger a los dem\u00e1s - MI Ayuntamiento de Caudete","description":"P\u00e1gina Oficial del Ayuntamiento de Caudete (Albacete)","robots":{"index":"index","follow":"follow","max-snippet":"max-snippet:-1","max-image-preview":"max-image-preview:large","max-video-preview":"max-video-preview:-1"},"canonical":"https:\/\/www.caudete.org\/ayuntamiento\/campana-de-vacunacion-de-2024-2025-protegete-y-ayudanos-a-proteger-a-los-demas\/","og_locale":"es_ES","og_type":"article","og_title":"Campa\u00f1a de vacunacion de 2024-2025: prot\u00e9gete y ay\u00fadanos a proteger a los dem\u00e1s - MI Ayuntamiento de Caudete","og_description":"P\u00e1gina Oficial del Ayuntamiento de Caudete (Albacete)","og_url":"https:\/\/www.caudete.org\/ayuntamiento\/campana-de-vacunacion-de-2024-2025-protegete-y-ayudanos-a-proteger-a-los-demas\/","og_site_name":"MI Ayuntamiento de Caudete","article_publisher":"https:\/\/www.facebook.com\/ayuntamientocaudete\/","article_published_time":"2024-11-01T08:00:54+00:00","og_image":[{"width":703,"height":295,"url":"https:\/\/www.caudete.org\/ayuntamiento\/wp-content\/uploads\/2024\/10\/1_1-port.jpg","type":"image\/jpeg"}],"author":"Dpto Informatica MI Ayuntamiento de Caudete","twitter_card":"summary_large_image","twitter_misc":{"Escrito por":"Dpto Informatica MI Ayuntamiento de Caudete","Tiempo de lectura":"2 minutos"},"schema":{"@context":"https:\/\/schema.org","@graph":[{"@type":"Article","@id":"https:\/\/www.caudete.org\/ayuntamiento\/campana-de-vacunacion-de-2024-2025-protegete-y-ayudanos-a-proteger-a-los-demas\/#article","isPartOf":{"@id":"https:\/\/www.caudete.org\/ayuntamiento\/campana-de-vacunacion-de-2024-2025-protegete-y-ayudanos-a-proteger-a-los-demas\/"},"author":{"name":"Dpto Informatica MI Ayuntamiento de Caudete","@id":"https:\/\/www.caudete.org\/ayuntamiento\/#\/schema\/person\/4b9eab41761957db9b1bf9c418d1ef46"},"headline":"Campa\u00f1a de vacunacion de 2024-2025: prot\u00e9gete y ay\u00fadanos a proteger a los dem\u00e1s","datePublished":"2024-11-01T08:00:54+00:00","mainEntityOfPage":{"@id":"https:\/\/www.caudete.org\/ayuntamiento\/campana-de-vacunacion-de-2024-2025-protegete-y-ayudanos-a-proteger-a-los-demas\/"},"wordCount":292,"image":{"@id":"https:\/\/www.caudete.org\/ayuntamiento\/campana-de-vacunacion-de-2024-2025-protegete-y-ayudanos-a-proteger-a-los-demas\/#primaryimage"},"thumbnailUrl":"https:\/\/www.caudete.org\/ayuntamiento\/wp-content\/uploads\/2024\/10\/1_1-port.jpg","articleSection":["Sanidad"],"inLanguage":"es"},{"@type":"WebPage","@id":"https:\/\/www.caudete.org\/ayuntamiento\/campana-de-vacunacion-de-2024-2025-protegete-y-ayudanos-a-proteger-a-los-demas\/","url":"https:\/\/www.caudete.org\/ayuntamiento\/campana-de-vacunacion-de-2024-2025-protegete-y-ayudanos-a-proteger-a-los-demas\/","name":"Campa\u00f1a de vacunacion de 2024-2025: prot\u00e9gete y ay\u00fadanos a proteger a los dem\u00e1s - MI Ayuntamiento de Caudete","isPartOf":{"@id":"https:\/\/www.caudete.org\/ayuntamiento\/#website"},"primaryImageOfPage":{"@id":"https:\/\/www.caudete.org\/ayuntamiento\/campana-de-vacunacion-de-2024-2025-protegete-y-ayudanos-a-proteger-a-los-demas\/#primaryimage"},"image":{"@id":"https:\/\/www.caudete.org\/ayuntamiento\/campana-de-vacunacion-de-2024-2025-protegete-y-ayudanos-a-proteger-a-los-demas\/#primaryimage"},"thumbnailUrl":"https:\/\/www.caudete.org\/ayuntamiento\/wp-content\/uploads\/2024\/10\/1_1-port.jpg","datePublished":"2024-11-01T08:00:54+00:00","author":{"@id":"https:\/\/www.caudete.org\/ayuntamiento\/#\/schema\/person\/4b9eab41761957db9b1bf9c418d1ef46"},"description":"P\u00e1gina Oficial del Ayuntamiento de Caudete (Albacete)","breadcrumb":{"@id":"https:\/\/www.caudete.org\/ayuntamiento\/campana-de-vacunacion-de-2024-2025-protegete-y-ayudanos-a-proteger-a-los-demas\/#breadcrumb"},"inLanguage":"es","potentialAction":[{"@type":"ReadAction","target":["https:\/\/www.caudete.org\/ayuntamiento\/campana-de-vacunacion-de-2024-2025-protegete-y-ayudanos-a-proteger-a-los-demas\/"]}]},{"@type":"ImageObject","inLanguage":"es","@id":"https:\/\/www.caudete.org\/ayuntamiento\/campana-de-vacunacion-de-2024-2025-protegete-y-ayudanos-a-proteger-a-los-demas\/#primaryimage","url":"https:\/\/www.caudete.org\/ayuntamiento\/wp-content\/uploads\/2024\/10\/1_1-port.jpg","contentUrl":"https:\/\/www.caudete.org\/ayuntamiento\/wp-content\/uploads\/2024\/10\/1_1-port.jpg","width":703,"height":295},{"@type":"BreadcrumbList","@id":"https:\/\/www.caudete.org\/ayuntamiento\/campana-de-vacunacion-de-2024-2025-protegete-y-ayudanos-a-proteger-a-los-demas\/#breadcrumb","itemListElement":[{"@type":"ListItem","position":1,"name":"Inicio","item":"https:\/\/www.caudete.org\/ayuntamiento\/"},{"@type":"ListItem","position":2,"name":"Campa\u00f1a de vacunacion de 2024-2025: prot\u00e9gete y ay\u00fadanos a proteger a los dem\u00e1s"}]},{"@type":"WebSite","@id":"https:\/\/www.caudete.org\/ayuntamiento\/#website","url":"https:\/\/www.caudete.org\/ayuntamiento\/","name":"MI Ayuntamiento de Caudete","description":"P\u00e1gina Oficial del MI Ayuntamiento de Caudete","potentialAction":[{"@type":"SearchAction","target":{"@type":"EntryPoint","urlTemplate":"https:\/\/www.caudete.org\/ayuntamiento\/?s={search_term_string}"},"query-input":{"@type":"PropertyValueSpecification","valueRequired":true,"valueName":"search_term_string"}}],"inLanguage":"es"},{"@type":"Person","@id":"https:\/\/www.caudete.org\/ayuntamiento\/#\/schema\/person\/4b9eab41761957db9b1bf9c418d1ef46","name":"Dpto Informatica MI Ayuntamiento de Caudete","image":{"@type":"ImageObject","inLanguage":"es","@id":"https:\/\/secure.gravatar.com\/avatar\/ac0321ee4a0a83e82a253e7b2d348ef539e2c8fe16d06b600bde04de1b364fa7?s=96&d=mm&r=g","url":"https:\/\/secure.gravatar.com\/avatar\/ac0321ee4a0a83e82a253e7b2d348ef539e2c8fe16d06b600bde04de1b364fa7?s=96&d=mm&r=g","contentUrl":"https:\/\/secure.gravatar.com\/avatar\/ac0321ee4a0a83e82a253e7b2d348ef539e2c8fe16d06b600bde04de1b364fa7?s=96&d=mm&r=g","caption":"Dpto Informatica MI Ayuntamiento de Caudete"},"url":"https:\/\/www.caudete.org\/ayuntamiento\/author\/informatica\/"}]}},"_links":{"self":[{"href":"https:\/\/www.caudete.org\/ayuntamiento\/wp-json\/wp\/v2\/posts\/26488","targetHints":{"allow":["GET"]}}],"collection":[{"href":"https:\/\/www.caudete.org\/ayuntamiento\/wp-json\/wp\/v2\/posts"}],"about":[{"href":"https:\/\/www.caudete.org\/ayuntamiento\/wp-json\/wp\/v2\/types\/post"}],"author":[{"embeddable":true,"href":"https:\/\/www.caudete.org\/ayuntamiento\/wp-json\/wp\/v2\/users\/5"}],"replies":[{"embeddable":true,"href":"https:\/\/www.caudete.org\/ayuntamiento\/wp-json\/wp\/v2\/comments?post=26488"}],"version-history":[{"count":1,"href":"https:\/\/www.caudete.org\/ayuntamiento\/wp-json\/wp\/v2\/posts\/26488\/revisions"}],"predecessor-version":[{"id":26492,"href":"https:\/\/www.caudete.org\/ayuntamiento\/wp-json\/wp\/v2\/posts\/26488\/revisions\/26492"}],"wp:featuredmedia":[{"embeddable":true,"href":"https:\/\/www.caudete.org\/ayuntamiento\/wp-json\/wp\/v2\/media\/26491"}],"wp:attachment":[{"href":"https:\/\/www.caudete.org\/ayuntamiento\/wp-json\/wp\/v2\/media?parent=26488"}],"wp:term":[{"taxonomy":"category","embeddable":true,"href":"https:\/\/www.caudete.org\/ayuntamiento\/wp-json\/wp\/v2\/categories?post=26488"},{"taxonomy":"post_tag","embeddable":true,"href":"https:\/\/www.caudete.org\/ayuntamiento\/wp-json\/wp\/v2\/tags?post=26488"}],"curies":[{"name":"wp","href":"https:\/\/api.w.org\/{rel}","templated":true}]}}