{"id":26518,"date":"2024-11-05T07:30:27","date_gmt":"2024-11-05T06:30:27","guid":{"rendered":"https:\/\/www.caudete.org\/ayuntamiento\/?p=26518"},"modified":"2024-11-05T08:15:18","modified_gmt":"2024-11-05T07:15:18","slug":"hasta-el-14-de-noviembre-pueden-optar-a-la-gestion-de-la-cafeteria-del-centro-de-mayores-por-200e-mes","status":"publish","type":"post","link":"https:\/\/www.caudete.org\/ayuntamiento\/hasta-el-14-de-noviembre-pueden-optar-a-la-gestion-de-la-cafeteria-del-centro-de-mayores-por-200e-mes\/","title":{"rendered":"Hasta el 14 de Noviembre pueden optar a la gesti\u00f3n de la CAFETER\u00cdA DEL CENTRO DE MAYORES por 200\u20ac\/mes"},"content":{"rendered":"<p style=\"text-align: justify;\">El Alcalde Mois\u00e9s L\u00f3pez ha informado acerca de la nueva licitaci\u00f3n del servicio de Bar-Cafeter\u00eda del Centro Social Polivalente, conocido como \u201cCentro de Mayores\u201d, tras quedar desierta la anterior, cuyo plazo de presentaci\u00f3n queda abierto hasta el pr\u00f3ximo d\u00eda 14 de Noviembre, pudiendo presentar las solicitudes los interesados tanto en el SAC (Ayuntamiento) como por medios electr\u00f3nicos del Registro de Entrada o de la propia Plataforma de Contrataci\u00f3n del Estado.<\/p>\n<p style=\"text-align: justify;\">Toda la informaci\u00f3n se encuentra en los pliegos, disponibles en el Tab\u00f3n de Anuncios Municipal, siendo lo m\u00e1s destacable que el importe del canon anual, es de 2.400\u201948\u20ac, que repartidos en 12 mensualidades se obtiene un canon mensual de salida de 200\u201904\u20ac.<\/p>\n<p style=\"text-align: justify;\">No obstante, el hecho de que sea \u201cde salida\u201d implica que tendr\u00e1 m\u00e1s opciones el licitador que m\u00e1s suba la cantidad, as\u00ed como si presenta las mejoras establecidas en el pliego. Igualmente, destacaban que los gastos de luz y agua quedan exentos, siendo asumidos por el Ayuntamiento, y el resto de gastos por el adjudicatario.<\/p>\n<p style=\"text-align: justify;\">Una vez finalizado el plazo, se espera poder resolver el expediente lo m\u00e1s r\u00e1pido posible para poder dar a los mayores un servicio muy demandado, y de calidad en dichas instalaciones municipales.<\/p>\n<p style=\"text-align: center;\"><a href=\"https:\/\/caudete.sedipualba.es\/tablondeanuncios\/anuncio.aspx?id=58445\" target=\"_blank\" rel=\"nofollow\">ACCESO A LA PUBLICACI\u00d3N DEL ANUNCIO EN EL TABL\u00d3N DE ANUNCIOS MUNICIPAL<\/a><\/p>\n<p style=\"text-align: center;\"><a href=\"https:\/\/contrataciondelestado.es\/wps\/poc?uri=deeplink:detalle_licitacion&amp;idEvl=utp4PqeuEJ8IYE3ZiZ%2BxmQ%3D%3\" target=\"_blank\" rel=\"nofollow\">ACCESO A LA PUBLICACI\u00d3N DE LOS PLIEGOS EN LA PLATAFORMA DE CONTRATACI\u00d3N DEL ESTADO<\/a><\/p>\n","protected":false},"excerpt":{"rendered":"<p>El Alcalde Mois\u00e9s L\u00f3pez ha informado acerca de la nueva licitaci\u00f3n del servicio de Bar-Cafeter\u00eda del Centro Social Polivalente, conocido como \u201cCentro de Mayores\u201d, tras quedar desierta la anterior, cuyo plazo de presentaci\u00f3n queda abierto hasta el pr\u00f3ximo d\u00eda 14 de Noviembre, pudiendo presentar las solicitudes los interesados tanto en el SAC (Ayuntamiento) como por &hellip;<\/p>\n","protected":false},"author":3,"featured_media":14737,"comment_status":"closed","ping_status":"open","sticky":false,"template":"","format":"standard","meta":{"ngg_post_thumbnail":0,"footnotes":""},"categories":[851],"tags":[],"class_list":["post-26518","post","type-post","status-publish","format-standard","has-post-thumbnail","hentry","category-promocion-y-desarrollo-economico"],"yoast_head":"<!-- This site is optimized with the Yoast SEO plugin v27.4 - https:\/\/yoast.com\/product\/yoast-seo-wordpress\/ -->\n<title>Hasta el 14 de Noviembre pueden optar a la gesti\u00f3n de la CAFETER\u00cdA DEL CENTRO DE MAYORES por 200\u20ac\/mes - MI Ayuntamiento de Caudete<\/title>\n<meta name=\"description\" content=\"P\u00e1gina Oficial del Ayuntamiento de Caudete (Albacete)\" \/>\n<meta name=\"robots\" content=\"index, follow, max-snippet:-1, max-image-preview:large, max-video-preview:-1\" \/>\n<link rel=\"canonical\" href=\"https:\/\/www.caudete.org\/ayuntamiento\/hasta-el-14-de-noviembre-pueden-optar-a-la-gestion-de-la-cafeteria-del-centro-de-mayores-por-200e-mes\/\" \/>\n<meta property=\"og:locale\" content=\"es_ES\" \/>\n<meta property=\"og:type\" content=\"article\" \/>\n<meta property=\"og:title\" content=\"Hasta el 14 de Noviembre pueden optar a la gesti\u00f3n de la CAFETER\u00cdA DEL CENTRO DE MAYORES por 200\u20ac\/mes - MI Ayuntamiento de Caudete\" \/>\n<meta property=\"og:description\" content=\"P\u00e1gina Oficial del Ayuntamiento de Caudete (Albacete)\" \/>\n<meta property=\"og:url\" content=\"https:\/\/www.caudete.org\/ayuntamiento\/hasta-el-14-de-noviembre-pueden-optar-a-la-gestion-de-la-cafeteria-del-centro-de-mayores-por-200e-mes\/\" \/>\n<meta property=\"og:site_name\" content=\"MI Ayuntamiento de Caudete\" \/>\n<meta property=\"article:publisher\" content=\"https:\/\/www.facebook.com\/ayuntamientocaudete\/\" \/>\n<meta property=\"article:published_time\" content=\"2024-11-05T06:30:27+00:00\" \/>\n<meta property=\"article:modified_time\" content=\"2024-11-05T07:15:18+00:00\" \/>\n<meta property=\"og:image\" content=\"https:\/\/www.caudete.org\/ayuntamiento\/wp-content\/uploads\/2021\/06\/194619825_4965123393563237_2365429835500872495_n.jpg\" \/>\n\t<meta property=\"og:image:width\" content=\"615\" \/>\n\t<meta property=\"og:image:height\" content=\"437\" \/>\n\t<meta property=\"og:image:type\" content=\"image\/jpeg\" \/>\n<meta name=\"author\" content=\"alcalde\" \/>\n<meta name=\"twitter:card\" content=\"summary_large_image\" \/>\n<meta name=\"twitter:label1\" content=\"Escrito por\" \/>\n\t<meta name=\"twitter:data1\" content=\"alcalde\" \/>\n\t<meta name=\"twitter:label2\" content=\"Tiempo de lectura\" \/>\n\t<meta name=\"twitter:data2\" content=\"2 minutos\" \/>\n<script type=\"application\/ld+json\" class=\"yoast-schema-graph\">{\"@context\":\"https:\\\/\\\/schema.org\",\"@graph\":[{\"@type\":\"Article\",\"@id\":\"https:\\\/\\\/www.caudete.org\\\/ayuntamiento\\\/hasta-el-14-de-noviembre-pueden-optar-a-la-gestion-de-la-cafeteria-del-centro-de-mayores-por-200e-mes\\\/#article\",\"isPartOf\":{\"@id\":\"https:\\\/\\\/www.caudete.org\\\/ayuntamiento\\\/hasta-el-14-de-noviembre-pueden-optar-a-la-gestion-de-la-cafeteria-del-centro-de-mayores-por-200e-mes\\\/\"},\"author\":{\"name\":\"alcalde\",\"@id\":\"https:\\\/\\\/www.caudete.org\\\/ayuntamiento\\\/#\\\/schema\\\/person\\\/cc646da9133078ee4d8dd47457947253\"},\"headline\":\"Hasta el 14 de Noviembre pueden optar a la gesti\u00f3n de la CAFETER\u00cdA DEL CENTRO DE MAYORES por 200\u20ac\\\/mes\",\"datePublished\":\"2024-11-05T06:30:27+00:00\",\"dateModified\":\"2024-11-05T07:15:18+00:00\",\"mainEntityOfPage\":{\"@id\":\"https:\\\/\\\/www.caudete.org\\\/ayuntamiento\\\/hasta-el-14-de-noviembre-pueden-optar-a-la-gestion-de-la-cafeteria-del-centro-de-mayores-por-200e-mes\\\/\"},\"wordCount\":261,\"publisher\":{\"@id\":\"https:\\\/\\\/www.caudete.org\\\/ayuntamiento\\\/#organization\"},\"image\":{\"@id\":\"https:\\\/\\\/www.caudete.org\\\/ayuntamiento\\\/hasta-el-14-de-noviembre-pueden-optar-a-la-gestion-de-la-cafeteria-del-centro-de-mayores-por-200e-mes\\\/#primaryimage\"},\"thumbnailUrl\":\"https:\\\/\\\/www.caudete.org\\\/ayuntamiento\\\/wp-content\\\/uploads\\\/2021\\\/06\\\/194619825_4965123393563237_2365429835500872495_n.jpg\",\"articleSection\":[\"Promoci\u00f3n y Desarrollo Econ\u00f3mico\"],\"inLanguage\":\"es\"},{\"@type\":\"WebPage\",\"@id\":\"https:\\\/\\\/www.caudete.org\\\/ayuntamiento\\\/hasta-el-14-de-noviembre-pueden-optar-a-la-gestion-de-la-cafeteria-del-centro-de-mayores-por-200e-mes\\\/\",\"url\":\"https:\\\/\\\/www.caudete.org\\\/ayuntamiento\\\/hasta-el-14-de-noviembre-pueden-optar-a-la-gestion-de-la-cafeteria-del-centro-de-mayores-por-200e-mes\\\/\",\"name\":\"Hasta el 14 de Noviembre pueden optar a la gesti\u00f3n de la CAFETER\u00cdA DEL CENTRO DE MAYORES por 200\u20ac\\\/mes - MI Ayuntamiento de Caudete\",\"isPartOf\":{\"@id\":\"https:\\\/\\\/www.caudete.org\\\/ayuntamiento\\\/#website\"},\"primaryImageOfPage\":{\"@id\":\"https:\\\/\\\/www.caudete.org\\\/ayuntamiento\\\/hasta-el-14-de-noviembre-pueden-optar-a-la-gestion-de-la-cafeteria-del-centro-de-mayores-por-200e-mes\\\/#primaryimage\"},\"image\":{\"@id\":\"https:\\\/\\\/www.caudete.org\\\/ayuntamiento\\\/hasta-el-14-de-noviembre-pueden-optar-a-la-gestion-de-la-cafeteria-del-centro-de-mayores-por-200e-mes\\\/#primaryimage\"},\"thumbnailUrl\":\"https:\\\/\\\/www.caudete.org\\\/ayuntamiento\\\/wp-content\\\/uploads\\\/2021\\\/06\\\/194619825_4965123393563237_2365429835500872495_n.jpg\",\"datePublished\":\"2024-11-05T06:30:27+00:00\",\"dateModified\":\"2024-11-05T07:15:18+00:00\",\"description\":\"P\u00e1gina Oficial del Ayuntamiento de Caudete (Albacete)\",\"breadcrumb\":{\"@id\":\"https:\\\/\\\/www.caudete.org\\\/ayuntamiento\\\/hasta-el-14-de-noviembre-pueden-optar-a-la-gestion-de-la-cafeteria-del-centro-de-mayores-por-200e-mes\\\/#breadcrumb\"},\"inLanguage\":\"es\",\"potentialAction\":[{\"@type\":\"ReadAction\",\"target\":[\"https:\\\/\\\/www.caudete.org\\\/ayuntamiento\\\/hasta-el-14-de-noviembre-pueden-optar-a-la-gestion-de-la-cafeteria-del-centro-de-mayores-por-200e-mes\\\/\"]}]},{\"@type\":\"ImageObject\",\"inLanguage\":\"es\",\"@id\":\"https:\\\/\\\/www.caudete.org\\\/ayuntamiento\\\/hasta-el-14-de-noviembre-pueden-optar-a-la-gestion-de-la-cafeteria-del-centro-de-mayores-por-200e-mes\\\/#primaryimage\",\"url\":\"https:\\\/\\\/www.caudete.org\\\/ayuntamiento\\\/wp-content\\\/uploads\\\/2021\\\/06\\\/194619825_4965123393563237_2365429835500872495_n.jpg\",\"contentUrl\":\"https:\\\/\\\/www.caudete.org\\\/ayuntamiento\\\/wp-content\\\/uploads\\\/2021\\\/06\\\/194619825_4965123393563237_2365429835500872495_n.jpg\",\"width\":615,\"height\":437},{\"@type\":\"BreadcrumbList\",\"@id\":\"https:\\\/\\\/www.caudete.org\\\/ayuntamiento\\\/hasta-el-14-de-noviembre-pueden-optar-a-la-gestion-de-la-cafeteria-del-centro-de-mayores-por-200e-mes\\\/#breadcrumb\",\"itemListElement\":[{\"@type\":\"ListItem\",\"position\":1,\"name\":\"Inicio\",\"item\":\"https:\\\/\\\/www.caudete.org\\\/ayuntamiento\\\/\"},{\"@type\":\"ListItem\",\"position\":2,\"name\":\"Hasta el 14 de Noviembre pueden optar a la gesti\u00f3n de la CAFETER\u00cdA DEL CENTRO DE MAYORES por 200\u20ac\\\/mes\"}]},{\"@type\":\"WebSite\",\"@id\":\"https:\\\/\\\/www.caudete.org\\\/ayuntamiento\\\/#website\",\"url\":\"https:\\\/\\\/www.caudete.org\\\/ayuntamiento\\\/\",\"name\":\"MI Ayuntamiento de Caudete\",\"description\":\"P\u00e1gina Oficial del MI Ayuntamiento de Caudete\",\"publisher\":{\"@id\":\"https:\\\/\\\/www.caudete.org\\\/ayuntamiento\\\/#organization\"},\"potentialAction\":[{\"@type\":\"SearchAction\",\"target\":{\"@type\":\"EntryPoint\",\"urlTemplate\":\"https:\\\/\\\/www.caudete.org\\\/ayuntamiento\\\/?s={search_term_string}\"},\"query-input\":{\"@type\":\"PropertyValueSpecification\",\"valueRequired\":true,\"valueName\":\"search_term_string\"}}],\"inLanguage\":\"es\"},{\"@type\":\"Organization\",\"@id\":\"https:\\\/\\\/www.caudete.org\\\/ayuntamiento\\\/#organization\",\"name\":\"Ayuntamiento de Caudete\",\"url\":\"https:\\\/\\\/www.caudete.org\\\/ayuntamiento\\\/\",\"logo\":{\"@type\":\"ImageObject\",\"inLanguage\":\"es\",\"@id\":\"https:\\\/\\\/www.caudete.org\\\/ayuntamiento\\\/#\\\/schema\\\/logo\\\/image\\\/\",\"url\":\"https:\\\/\\\/www.caudete.org\\\/ayuntamiento\\\/wp-content\\\/uploads\\\/2020\\\/11\\\/logo_ayuntamiento_caudete.jpg\",\"contentUrl\":\"https:\\\/\\\/www.caudete.org\\\/ayuntamiento\\\/wp-content\\\/uploads\\\/2020\\\/11\\\/logo_ayuntamiento_caudete.jpg\",\"width\":600,\"height\":150,\"caption\":\"Ayuntamiento de Caudete\"},\"image\":{\"@id\":\"https:\\\/\\\/www.caudete.org\\\/ayuntamiento\\\/#\\\/schema\\\/logo\\\/image\\\/\"},\"sameAs\":[\"https:\\\/\\\/www.facebook.com\\\/ayuntamientocaudete\\\/\",\"https:\\\/\\\/www.youtube.com\\\/channel\\\/UC6VztHaooNsGpw-tNoBEFnQ\"]},{\"@type\":\"Person\",\"@id\":\"https:\\\/\\\/www.caudete.org\\\/ayuntamiento\\\/#\\\/schema\\\/person\\\/cc646da9133078ee4d8dd47457947253\",\"name\":\"alcalde\",\"image\":{\"@type\":\"ImageObject\",\"inLanguage\":\"es\",\"@id\":\"https:\\\/\\\/secure.gravatar.com\\\/avatar\\\/84a817ba065b29ff08d666b215a215f5c79186a645ccb25b14a663d48a130f77?s=96&d=mm&r=g\",\"url\":\"https:\\\/\\\/secure.gravatar.com\\\/avatar\\\/84a817ba065b29ff08d666b215a215f5c79186a645ccb25b14a663d48a130f77?s=96&d=mm&r=g\",\"contentUrl\":\"https:\\\/\\\/secure.gravatar.com\\\/avatar\\\/84a817ba065b29ff08d666b215a215f5c79186a645ccb25b14a663d48a130f77?s=96&d=mm&r=g\",\"caption\":\"alcalde\"},\"url\":\"https:\\\/\\\/www.caudete.org\\\/ayuntamiento\\\/author\\\/alcalde\\\/\"}]}<\/script>\n<!-- \/ Yoast SEO plugin. -->","yoast_head_json":{"title":"Hasta el 14 de Noviembre pueden optar a la gesti\u00f3n de la CAFETER\u00cdA DEL CENTRO DE MAYORES por 200\u20ac\/mes - MI Ayuntamiento de Caudete","description":"P\u00e1gina Oficial del Ayuntamiento de Caudete (Albacete)","robots":{"index":"index","follow":"follow","max-snippet":"max-snippet:-1","max-image-preview":"max-image-preview:large","max-video-preview":"max-video-preview:-1"},"canonical":"https:\/\/www.caudete.org\/ayuntamiento\/hasta-el-14-de-noviembre-pueden-optar-a-la-gestion-de-la-cafeteria-del-centro-de-mayores-por-200e-mes\/","og_locale":"es_ES","og_type":"article","og_title":"Hasta el 14 de Noviembre pueden optar a la gesti\u00f3n de la CAFETER\u00cdA DEL CENTRO DE MAYORES por 200\u20ac\/mes - MI Ayuntamiento de Caudete","og_description":"P\u00e1gina Oficial del Ayuntamiento de Caudete (Albacete)","og_url":"https:\/\/www.caudete.org\/ayuntamiento\/hasta-el-14-de-noviembre-pueden-optar-a-la-gestion-de-la-cafeteria-del-centro-de-mayores-por-200e-mes\/","og_site_name":"MI Ayuntamiento de Caudete","article_publisher":"https:\/\/www.facebook.com\/ayuntamientocaudete\/","article_published_time":"2024-11-05T06:30:27+00:00","article_modified_time":"2024-11-05T07:15:18+00:00","og_image":[{"width":615,"height":437,"url":"https:\/\/www.caudete.org\/ayuntamiento\/wp-content\/uploads\/2021\/06\/194619825_4965123393563237_2365429835500872495_n.jpg","type":"image\/jpeg"}],"author":"alcalde","twitter_card":"summary_large_image","twitter_misc":{"Escrito por":"alcalde","Tiempo de lectura":"2 minutos"},"schema":{"@context":"https:\/\/schema.org","@graph":[{"@type":"Article","@id":"https:\/\/www.caudete.org\/ayuntamiento\/hasta-el-14-de-noviembre-pueden-optar-a-la-gestion-de-la-cafeteria-del-centro-de-mayores-por-200e-mes\/#article","isPartOf":{"@id":"https:\/\/www.caudete.org\/ayuntamiento\/hasta-el-14-de-noviembre-pueden-optar-a-la-gestion-de-la-cafeteria-del-centro-de-mayores-por-200e-mes\/"},"author":{"name":"alcalde","@id":"https:\/\/www.caudete.org\/ayuntamiento\/#\/schema\/person\/cc646da9133078ee4d8dd47457947253"},"headline":"Hasta el 14 de Noviembre pueden optar a la gesti\u00f3n de la CAFETER\u00cdA DEL CENTRO DE MAYORES por 200\u20ac\/mes","datePublished":"2024-11-05T06:30:27+00:00","dateModified":"2024-11-05T07:15:18+00:00","mainEntityOfPage":{"@id":"https:\/\/www.caudete.org\/ayuntamiento\/hasta-el-14-de-noviembre-pueden-optar-a-la-gestion-de-la-cafeteria-del-centro-de-mayores-por-200e-mes\/"},"wordCount":261,"publisher":{"@id":"https:\/\/www.caudete.org\/ayuntamiento\/#organization"},"image":{"@id":"https:\/\/www.caudete.org\/ayuntamiento\/hasta-el-14-de-noviembre-pueden-optar-a-la-gestion-de-la-cafeteria-del-centro-de-mayores-por-200e-mes\/#primaryimage"},"thumbnailUrl":"https:\/\/www.caudete.org\/ayuntamiento\/wp-content\/uploads\/2021\/06\/194619825_4965123393563237_2365429835500872495_n.jpg","articleSection":["Promoci\u00f3n y Desarrollo Econ\u00f3mico"],"inLanguage":"es"},{"@type":"WebPage","@id":"https:\/\/www.caudete.org\/ayuntamiento\/hasta-el-14-de-noviembre-pueden-optar-a-la-gestion-de-la-cafeteria-del-centro-de-mayores-por-200e-mes\/","url":"https:\/\/www.caudete.org\/ayuntamiento\/hasta-el-14-de-noviembre-pueden-optar-a-la-gestion-de-la-cafeteria-del-centro-de-mayores-por-200e-mes\/","name":"Hasta el 14 de Noviembre pueden optar a la gesti\u00f3n de la CAFETER\u00cdA DEL CENTRO DE MAYORES por 200\u20ac\/mes - MI Ayuntamiento de Caudete","isPartOf":{"@id":"https:\/\/www.caudete.org\/ayuntamiento\/#website"},"primaryImageOfPage":{"@id":"https:\/\/www.caudete.org\/ayuntamiento\/hasta-el-14-de-noviembre-pueden-optar-a-la-gestion-de-la-cafeteria-del-centro-de-mayores-por-200e-mes\/#primaryimage"},"image":{"@id":"https:\/\/www.caudete.org\/ayuntamiento\/hasta-el-14-de-noviembre-pueden-optar-a-la-gestion-de-la-cafeteria-del-centro-de-mayores-por-200e-mes\/#primaryimage"},"thumbnailUrl":"https:\/\/www.caudete.org\/ayuntamiento\/wp-content\/uploads\/2021\/06\/194619825_4965123393563237_2365429835500872495_n.jpg","datePublished":"2024-11-05T06:30:27+00:00","dateModified":"2024-11-05T07:15:18+00:00","description":"P\u00e1gina Oficial del Ayuntamiento de Caudete (Albacete)","breadcrumb":{"@id":"https:\/\/www.caudete.org\/ayuntamiento\/hasta-el-14-de-noviembre-pueden-optar-a-la-gestion-de-la-cafeteria-del-centro-de-mayores-por-200e-mes\/#breadcrumb"},"inLanguage":"es","potentialAction":[{"@type":"ReadAction","target":["https:\/\/www.caudete.org\/ayuntamiento\/hasta-el-14-de-noviembre-pueden-optar-a-la-gestion-de-la-cafeteria-del-centro-de-mayores-por-200e-mes\/"]}]},{"@type":"ImageObject","inLanguage":"es","@id":"https:\/\/www.caudete.org\/ayuntamiento\/hasta-el-14-de-noviembre-pueden-optar-a-la-gestion-de-la-cafeteria-del-centro-de-mayores-por-200e-mes\/#primaryimage","url":"https:\/\/www.caudete.org\/ayuntamiento\/wp-content\/uploads\/2021\/06\/194619825_4965123393563237_2365429835500872495_n.jpg","contentUrl":"https:\/\/www.caudete.org\/ayuntamiento\/wp-content\/uploads\/2021\/06\/194619825_4965123393563237_2365429835500872495_n.jpg","width":615,"height":437},{"@type":"BreadcrumbList","@id":"https:\/\/www.caudete.org\/ayuntamiento\/hasta-el-14-de-noviembre-pueden-optar-a-la-gestion-de-la-cafeteria-del-centro-de-mayores-por-200e-mes\/#breadcrumb","itemListElement":[{"@type":"ListItem","position":1,"name":"Inicio","item":"https:\/\/www.caudete.org\/ayuntamiento\/"},{"@type":"ListItem","position":2,"name":"Hasta el 14 de Noviembre pueden optar a la gesti\u00f3n de la CAFETER\u00cdA DEL CENTRO DE MAYORES por 200\u20ac\/mes"}]},{"@type":"WebSite","@id":"https:\/\/www.caudete.org\/ayuntamiento\/#website","url":"https:\/\/www.caudete.org\/ayuntamiento\/","name":"MI Ayuntamiento de Caudete","description":"P\u00e1gina Oficial del MI Ayuntamiento de Caudete","publisher":{"@id":"https:\/\/www.caudete.org\/ayuntamiento\/#organization"},"potentialAction":[{"@type":"SearchAction","target":{"@type":"EntryPoint","urlTemplate":"https:\/\/www.caudete.org\/ayuntamiento\/?s={search_term_string}"},"query-input":{"@type":"PropertyValueSpecification","valueRequired":true,"valueName":"search_term_string"}}],"inLanguage":"es"},{"@type":"Organization","@id":"https:\/\/www.caudete.org\/ayuntamiento\/#organization","name":"Ayuntamiento de Caudete","url":"https:\/\/www.caudete.org\/ayuntamiento\/","logo":{"@type":"ImageObject","inLanguage":"es","@id":"https:\/\/www.caudete.org\/ayuntamiento\/#\/schema\/logo\/image\/","url":"https:\/\/www.caudete.org\/ayuntamiento\/wp-content\/uploads\/2020\/11\/logo_ayuntamiento_caudete.jpg","contentUrl":"https:\/\/www.caudete.org\/ayuntamiento\/wp-content\/uploads\/2020\/11\/logo_ayuntamiento_caudete.jpg","width":600,"height":150,"caption":"Ayuntamiento de Caudete"},"image":{"@id":"https:\/\/www.caudete.org\/ayuntamiento\/#\/schema\/logo\/image\/"},"sameAs":["https:\/\/www.facebook.com\/ayuntamientocaudete\/","https:\/\/www.youtube.com\/channel\/UC6VztHaooNsGpw-tNoBEFnQ"]},{"@type":"Person","@id":"https:\/\/www.caudete.org\/ayuntamiento\/#\/schema\/person\/cc646da9133078ee4d8dd47457947253","name":"alcalde","image":{"@type":"ImageObject","inLanguage":"es","@id":"https:\/\/secure.gravatar.com\/avatar\/84a817ba065b29ff08d666b215a215f5c79186a645ccb25b14a663d48a130f77?s=96&d=mm&r=g","url":"https:\/\/secure.gravatar.com\/avatar\/84a817ba065b29ff08d666b215a215f5c79186a645ccb25b14a663d48a130f77?s=96&d=mm&r=g","contentUrl":"https:\/\/secure.gravatar.com\/avatar\/84a817ba065b29ff08d666b215a215f5c79186a645ccb25b14a663d48a130f77?s=96&d=mm&r=g","caption":"alcalde"},"url":"https:\/\/www.caudete.org\/ayuntamiento\/author\/alcalde\/"}]}},"_links":{"self":[{"href":"https:\/\/www.caudete.org\/ayuntamiento\/wp-json\/wp\/v2\/posts\/26518","targetHints":{"allow":["GET"]}}],"collection":[{"href":"https:\/\/www.caudete.org\/ayuntamiento\/wp-json\/wp\/v2\/posts"}],"about":[{"href":"https:\/\/www.caudete.org\/ayuntamiento\/wp-json\/wp\/v2\/types\/post"}],"author":[{"embeddable":true,"href":"https:\/\/www.caudete.org\/ayuntamiento\/wp-json\/wp\/v2\/users\/3"}],"replies":[{"embeddable":true,"href":"https:\/\/www.caudete.org\/ayuntamiento\/wp-json\/wp\/v2\/comments?post=26518"}],"version-history":[{"count":1,"href":"https:\/\/www.caudete.org\/ayuntamiento\/wp-json\/wp\/v2\/posts\/26518\/revisions"}],"predecessor-version":[{"id":26519,"href":"https:\/\/www.caudete.org\/ayuntamiento\/wp-json\/wp\/v2\/posts\/26518\/revisions\/26519"}],"wp:featuredmedia":[{"embeddable":true,"href":"https:\/\/www.caudete.org\/ayuntamiento\/wp-json\/wp\/v2\/media\/14737"}],"wp:attachment":[{"href":"https:\/\/www.caudete.org\/ayuntamiento\/wp-json\/wp\/v2\/media?parent=26518"}],"wp:term":[{"taxonomy":"category","embeddable":true,"href":"https:\/\/www.caudete.org\/ayuntamiento\/wp-json\/wp\/v2\/categories?post=26518"},{"taxonomy":"post_tag","embeddable":true,"href":"https:\/\/www.caudete.org\/ayuntamiento\/wp-json\/wp\/v2\/tags?post=26518"}],"curies":[{"name":"wp","href":"https:\/\/api.w.org\/{rel}","templated":true}]}}