{"id":26539,"date":"2024-11-06T09:00:08","date_gmt":"2024-11-06T08:00:08","guid":{"rendered":"https:\/\/www.caudete.org\/ayuntamiento\/?p=26539"},"modified":"2024-11-11T12:02:53","modified_gmt":"2024-11-11T11:02:53","slug":"el-proximo-viernes-8-de-noviembre-llega-al-auditorio-municipal-de-caudete-monstruos-el-prodigio-de-los-dioses-una-produccion-de-prodigio-teatro","status":"publish","type":"post","link":"https:\/\/www.caudete.org\/ayuntamiento\/el-proximo-viernes-8-de-noviembre-llega-al-auditorio-municipal-de-caudete-monstruos-el-prodigio-de-los-dioses-una-produccion-de-prodigio-teatro\/","title":{"rendered":"El pr\u00f3ximo viernes 8 de noviembre, llega al Auditorio Municipal de Caudete \u201cMonstruos, el Prodigio de los Dioses\u201d una producci\u00f3n de Prodigio Teatro"},"content":{"rendered":"<p>La obra fue estrenada en el Festival de Teatro Cl\u00e1sico de Almagro e incluida en los grandes festivales de teatro cl\u00e1sico como el Festival de M\u00e9rida y la Muestra de Teatro Siglo de oro de Toledo, Festival de\u00a0 Teatro cl\u00e1sico de Olmedo muy avalada por la cr\u00edtica y el p\u00fablico.<\/p>\n<p>A partir de los textos de Calder\u00f3n de la Barca, con el fin de reflexionar sobre qu\u00e9 y qui\u00e9nes son los monstruos de nuestro presente. Lo monstruoso, aparece en este espect\u00e1culo como sin\u00f3nimo de prodigioso, extraordinario e inabarcable. Personajes que, por grandiosos y por su constante capacidad para salirse de la norma y la \u00e9tica dominante, crean rechazo, hostilidad y miedo. Este espect\u00e1culo est\u00e1 subvencionado por el Ministerio de Cultura e INAEM.<\/p>\n<p>En esta representaci\u00f3n volveremos a disfrutar del gran pianista Jorge Bedoya, que vuelve a subirse al escenario del Auditorio Municipal de Caudete, tras acompa\u00f1arnos en la Inauguraci\u00f3n de la VII Bienal Internacional de Caudete el pasado viernes 4 de octubre con el espect\u00e1culo \u201cLas Manos\u201d, maravillando a todo el p\u00fablico con su talento y carisma.<\/p>\n<p>Para esta ocasi\u00f3n estar\u00e1 acompa\u00f1ado de destacados nombres de la interpretaci\u00f3n como:<\/p>\n<p>Isabel Rodes, licenciada en Interpretaci\u00f3n qui\u00e9n recibi\u00f3, junto a su compa\u00f1\u00eda, La Quintana Teatro, el Premio Max al espect\u00e1culo revelaci\u00f3n por la obra &#8220;Desde lo invisible&#8221;, que fue su trabajo final de carrera. Tambi\u00e9n ha llegado a nuestras casas a trav\u00e9s de series como &#8220;\u00c1guila Roja&#8221; o &#8220;Mentiras pasajeras&#8221;.<\/p>\n<p>Antonio Querejeta, quien forma parte de la Compa\u00f1\u00eda Nacional de Teatro Cl\u00e1sico desde 1991, con m\u00e1s de 20 espect\u00e1culos presentados tambi\u00e9n en el extranjero, adem\u00e1s, ha participado en series como \u201cAl salir de clase\u201d o \u201cAmar en tiempos revueltos\u201d.<\/p>\n<p>Y David Boceta, quien cumple doble funci\u00f3n en este espect\u00e1culo con su figura como Director y tambi\u00e9n como Actor, un profesional de reconocido recorrido en teatro, llegando a nuestros televisores desde series como \u201cIsabel\u201d o \u201cEl comisario\u201d<\/p>\n<p>Producci\u00f3n: Prodigio Teatro.<br \/>\nEdad recomendada: a partir de 16 a\u00f1os.<br \/>\nDuraci\u00f3n: 80 minutos.<br \/>\nEntradas a la venta, estar\u00e1n disponibles en la Casa de la Cultura desde el d\u00eda 5 de noviembre.<\/p>\n<p><strong>Vive el Oto\u00f1o, en la Casa de la Cultura<\/strong><\/p>\n<p>&nbsp;<\/p>\n<p><a href=\"https:\/\/www.caudete.org\/ayuntamiento\/wp-content\/uploads\/2024\/11\/Monstruos-cartel.jpg\" rel='prettyPhoto'><img fetchpriority=\"high\" decoding=\"async\" class=\"alignnone size-full wp-image-26540\" src=\"https:\/\/www.caudete.org\/ayuntamiento\/wp-content\/uploads\/2024\/11\/Monstruos-cartel.jpg\" alt=\"\" width=\"800\" height=\"1000\" srcset=\"https:\/\/www.caudete.org\/ayuntamiento\/wp-content\/uploads\/2024\/11\/Monstruos-cartel.jpg 800w, https:\/\/www.caudete.org\/ayuntamiento\/wp-content\/uploads\/2024\/11\/Monstruos-cartel-240x300.jpg 240w, https:\/\/www.caudete.org\/ayuntamiento\/wp-content\/uploads\/2024\/11\/Monstruos-cartel-768x960.jpg 768w\" sizes=\"(max-width: 800px) 100vw, 800px\" \/><\/a><\/p>\n","protected":false},"excerpt":{"rendered":"<p>La obra fue estrenada en el Festival de Teatro Cl\u00e1sico de Almagro e incluida en los grandes festivales de teatro cl\u00e1sico como el Festival de M\u00e9rida y la Muestra de Teatro Siglo de oro de Toledo, Festival de\u00a0 Teatro cl\u00e1sico de Olmedo muy avalada por la cr\u00edtica y el p\u00fablico. A partir de los textos &hellip;<\/p>\n","protected":false},"author":5,"featured_media":26540,"comment_status":"closed","ping_status":"open","sticky":false,"template":"","format":"standard","meta":{"ngg_post_thumbnail":0,"footnotes":""},"categories":[14],"tags":[],"class_list":["post-26539","post","type-post","status-publish","format-standard","has-post-thumbnail","hentry","category-cultura"],"yoast_head":"<!-- This site is optimized with the Yoast SEO plugin v27.5 - https:\/\/yoast.com\/product\/yoast-seo-wordpress\/ -->\n<title>El pr\u00f3ximo viernes 8 de noviembre, llega al Auditorio Municipal de Caudete \u201cMonstruos, el Prodigio de los Dioses\u201d una producci\u00f3n de Prodigio Teatro - MI Ayuntamiento de Caudete<\/title>\n<meta name=\"description\" content=\"P\u00e1gina Oficial del Ayuntamiento de Caudete (Albacete)\" \/>\n<meta name=\"robots\" content=\"index, follow, max-snippet:-1, max-image-preview:large, max-video-preview:-1\" \/>\n<link rel=\"canonical\" href=\"https:\/\/www.caudete.org\/ayuntamiento\/el-proximo-viernes-8-de-noviembre-llega-al-auditorio-municipal-de-caudete-monstruos-el-prodigio-de-los-dioses-una-produccion-de-prodigio-teatro\/\" \/>\n<meta property=\"og:locale\" content=\"es_ES\" \/>\n<meta property=\"og:type\" content=\"article\" \/>\n<meta property=\"og:title\" content=\"El pr\u00f3ximo viernes 8 de noviembre, llega al Auditorio Municipal de Caudete \u201cMonstruos, el Prodigio de los Dioses\u201d una producci\u00f3n de Prodigio Teatro - MI Ayuntamiento de Caudete\" \/>\n<meta property=\"og:description\" content=\"P\u00e1gina Oficial del Ayuntamiento de Caudete (Albacete)\" \/>\n<meta property=\"og:url\" content=\"https:\/\/www.caudete.org\/ayuntamiento\/el-proximo-viernes-8-de-noviembre-llega-al-auditorio-municipal-de-caudete-monstruos-el-prodigio-de-los-dioses-una-produccion-de-prodigio-teatro\/\" \/>\n<meta property=\"og:site_name\" content=\"MI Ayuntamiento de Caudete\" \/>\n<meta property=\"article:publisher\" content=\"https:\/\/www.facebook.com\/ayuntamientocaudete\/\" \/>\n<meta property=\"article:published_time\" content=\"2024-11-06T08:00:08+00:00\" \/>\n<meta property=\"article:modified_time\" content=\"2024-11-11T11:02:53+00:00\" \/>\n<meta property=\"og:image\" content=\"https:\/\/www.caudete.org\/ayuntamiento\/wp-content\/uploads\/2024\/11\/Monstruos-cartel.jpg\" \/>\n\t<meta property=\"og:image:width\" content=\"800\" \/>\n\t<meta property=\"og:image:height\" content=\"1000\" \/>\n\t<meta property=\"og:image:type\" content=\"image\/jpeg\" \/>\n<meta name=\"author\" content=\"Dpto Informatica MI Ayuntamiento de Caudete\" \/>\n<meta name=\"twitter:card\" content=\"summary_large_image\" \/>\n<meta name=\"twitter:label1\" content=\"Escrito por\" \/>\n\t<meta name=\"twitter:data1\" content=\"Dpto Informatica MI Ayuntamiento de Caudete\" \/>\n\t<meta name=\"twitter:label2\" content=\"Tiempo de lectura\" \/>\n\t<meta name=\"twitter:data2\" content=\"3 minutos\" \/>\n<script type=\"application\/ld+json\" class=\"yoast-schema-graph\">{\"@context\":\"https:\\\/\\\/schema.org\",\"@graph\":[{\"@type\":\"Article\",\"@id\":\"https:\\\/\\\/www.caudete.org\\\/ayuntamiento\\\/el-proximo-viernes-8-de-noviembre-llega-al-auditorio-municipal-de-caudete-monstruos-el-prodigio-de-los-dioses-una-produccion-de-prodigio-teatro\\\/#article\",\"isPartOf\":{\"@id\":\"https:\\\/\\\/www.caudete.org\\\/ayuntamiento\\\/el-proximo-viernes-8-de-noviembre-llega-al-auditorio-municipal-de-caudete-monstruos-el-prodigio-de-los-dioses-una-produccion-de-prodigio-teatro\\\/\"},\"author\":{\"name\":\"Dpto Informatica MI Ayuntamiento de Caudete\",\"@id\":\"https:\\\/\\\/www.caudete.org\\\/ayuntamiento\\\/#\\\/schema\\\/person\\\/4b9eab41761957db9b1bf9c418d1ef46\"},\"headline\":\"El pr\u00f3ximo viernes 8 de noviembre, llega al Auditorio Municipal de Caudete \u201cMonstruos, el Prodigio de los Dioses\u201d una producci\u00f3n de Prodigio Teatro\",\"datePublished\":\"2024-11-06T08:00:08+00:00\",\"dateModified\":\"2024-11-11T11:02:53+00:00\",\"mainEntityOfPage\":{\"@id\":\"https:\\\/\\\/www.caudete.org\\\/ayuntamiento\\\/el-proximo-viernes-8-de-noviembre-llega-al-auditorio-municipal-de-caudete-monstruos-el-prodigio-de-los-dioses-una-produccion-de-prodigio-teatro\\\/\"},\"wordCount\":414,\"image\":{\"@id\":\"https:\\\/\\\/www.caudete.org\\\/ayuntamiento\\\/el-proximo-viernes-8-de-noviembre-llega-al-auditorio-municipal-de-caudete-monstruos-el-prodigio-de-los-dioses-una-produccion-de-prodigio-teatro\\\/#primaryimage\"},\"thumbnailUrl\":\"https:\\\/\\\/www.caudete.org\\\/ayuntamiento\\\/wp-content\\\/uploads\\\/2024\\\/11\\\/Monstruos-cartel.jpg\",\"articleSection\":[\"Cultura\"],\"inLanguage\":\"es\"},{\"@type\":\"WebPage\",\"@id\":\"https:\\\/\\\/www.caudete.org\\\/ayuntamiento\\\/el-proximo-viernes-8-de-noviembre-llega-al-auditorio-municipal-de-caudete-monstruos-el-prodigio-de-los-dioses-una-produccion-de-prodigio-teatro\\\/\",\"url\":\"https:\\\/\\\/www.caudete.org\\\/ayuntamiento\\\/el-proximo-viernes-8-de-noviembre-llega-al-auditorio-municipal-de-caudete-monstruos-el-prodigio-de-los-dioses-una-produccion-de-prodigio-teatro\\\/\",\"name\":\"El pr\u00f3ximo viernes 8 de noviembre, llega al Auditorio Municipal de Caudete \u201cMonstruos, el Prodigio de los Dioses\u201d una producci\u00f3n de Prodigio Teatro - MI Ayuntamiento de Caudete\",\"isPartOf\":{\"@id\":\"https:\\\/\\\/www.caudete.org\\\/ayuntamiento\\\/#website\"},\"primaryImageOfPage\":{\"@id\":\"https:\\\/\\\/www.caudete.org\\\/ayuntamiento\\\/el-proximo-viernes-8-de-noviembre-llega-al-auditorio-municipal-de-caudete-monstruos-el-prodigio-de-los-dioses-una-produccion-de-prodigio-teatro\\\/#primaryimage\"},\"image\":{\"@id\":\"https:\\\/\\\/www.caudete.org\\\/ayuntamiento\\\/el-proximo-viernes-8-de-noviembre-llega-al-auditorio-municipal-de-caudete-monstruos-el-prodigio-de-los-dioses-una-produccion-de-prodigio-teatro\\\/#primaryimage\"},\"thumbnailUrl\":\"https:\\\/\\\/www.caudete.org\\\/ayuntamiento\\\/wp-content\\\/uploads\\\/2024\\\/11\\\/Monstruos-cartel.jpg\",\"datePublished\":\"2024-11-06T08:00:08+00:00\",\"dateModified\":\"2024-11-11T11:02:53+00:00\",\"author\":{\"@id\":\"https:\\\/\\\/www.caudete.org\\\/ayuntamiento\\\/#\\\/schema\\\/person\\\/4b9eab41761957db9b1bf9c418d1ef46\"},\"description\":\"P\u00e1gina Oficial del Ayuntamiento de Caudete (Albacete)\",\"breadcrumb\":{\"@id\":\"https:\\\/\\\/www.caudete.org\\\/ayuntamiento\\\/el-proximo-viernes-8-de-noviembre-llega-al-auditorio-municipal-de-caudete-monstruos-el-prodigio-de-los-dioses-una-produccion-de-prodigio-teatro\\\/#breadcrumb\"},\"inLanguage\":\"es\",\"potentialAction\":[{\"@type\":\"ReadAction\",\"target\":[\"https:\\\/\\\/www.caudete.org\\\/ayuntamiento\\\/el-proximo-viernes-8-de-noviembre-llega-al-auditorio-municipal-de-caudete-monstruos-el-prodigio-de-los-dioses-una-produccion-de-prodigio-teatro\\\/\"]}]},{\"@type\":\"ImageObject\",\"inLanguage\":\"es\",\"@id\":\"https:\\\/\\\/www.caudete.org\\\/ayuntamiento\\\/el-proximo-viernes-8-de-noviembre-llega-al-auditorio-municipal-de-caudete-monstruos-el-prodigio-de-los-dioses-una-produccion-de-prodigio-teatro\\\/#primaryimage\",\"url\":\"https:\\\/\\\/www.caudete.org\\\/ayuntamiento\\\/wp-content\\\/uploads\\\/2024\\\/11\\\/Monstruos-cartel.jpg\",\"contentUrl\":\"https:\\\/\\\/www.caudete.org\\\/ayuntamiento\\\/wp-content\\\/uploads\\\/2024\\\/11\\\/Monstruos-cartel.jpg\",\"width\":800,\"height\":1000},{\"@type\":\"BreadcrumbList\",\"@id\":\"https:\\\/\\\/www.caudete.org\\\/ayuntamiento\\\/el-proximo-viernes-8-de-noviembre-llega-al-auditorio-municipal-de-caudete-monstruos-el-prodigio-de-los-dioses-una-produccion-de-prodigio-teatro\\\/#breadcrumb\",\"itemListElement\":[{\"@type\":\"ListItem\",\"position\":1,\"name\":\"Inicio\",\"item\":\"https:\\\/\\\/www.caudete.org\\\/ayuntamiento\\\/\"},{\"@type\":\"ListItem\",\"position\":2,\"name\":\"El pr\u00f3ximo viernes 8 de noviembre, llega al Auditorio Municipal de Caudete \u201cMonstruos, el Prodigio de los Dioses\u201d una producci\u00f3n de Prodigio Teatro\"}]},{\"@type\":\"WebSite\",\"@id\":\"https:\\\/\\\/www.caudete.org\\\/ayuntamiento\\\/#website\",\"url\":\"https:\\\/\\\/www.caudete.org\\\/ayuntamiento\\\/\",\"name\":\"MI Ayuntamiento de Caudete\",\"description\":\"P\u00e1gina Oficial del MI Ayuntamiento de Caudete\",\"potentialAction\":[{\"@type\":\"SearchAction\",\"target\":{\"@type\":\"EntryPoint\",\"urlTemplate\":\"https:\\\/\\\/www.caudete.org\\\/ayuntamiento\\\/?s={search_term_string}\"},\"query-input\":{\"@type\":\"PropertyValueSpecification\",\"valueRequired\":true,\"valueName\":\"search_term_string\"}}],\"inLanguage\":\"es\"},{\"@type\":\"Person\",\"@id\":\"https:\\\/\\\/www.caudete.org\\\/ayuntamiento\\\/#\\\/schema\\\/person\\\/4b9eab41761957db9b1bf9c418d1ef46\",\"name\":\"Dpto Informatica MI Ayuntamiento de Caudete\",\"image\":{\"@type\":\"ImageObject\",\"inLanguage\":\"es\",\"@id\":\"https:\\\/\\\/secure.gravatar.com\\\/avatar\\\/ac0321ee4a0a83e82a253e7b2d348ef539e2c8fe16d06b600bde04de1b364fa7?s=96&d=mm&r=g\",\"url\":\"https:\\\/\\\/secure.gravatar.com\\\/avatar\\\/ac0321ee4a0a83e82a253e7b2d348ef539e2c8fe16d06b600bde04de1b364fa7?s=96&d=mm&r=g\",\"contentUrl\":\"https:\\\/\\\/secure.gravatar.com\\\/avatar\\\/ac0321ee4a0a83e82a253e7b2d348ef539e2c8fe16d06b600bde04de1b364fa7?s=96&d=mm&r=g\",\"caption\":\"Dpto Informatica MI Ayuntamiento de Caudete\"},\"url\":\"https:\\\/\\\/www.caudete.org\\\/ayuntamiento\\\/author\\\/informatica\\\/\"}]}<\/script>\n<!-- \/ Yoast SEO plugin. -->","yoast_head_json":{"title":"El pr\u00f3ximo viernes 8 de noviembre, llega al Auditorio Municipal de Caudete \u201cMonstruos, el Prodigio de los Dioses\u201d una producci\u00f3n de Prodigio Teatro - MI Ayuntamiento de Caudete","description":"P\u00e1gina Oficial del Ayuntamiento de Caudete (Albacete)","robots":{"index":"index","follow":"follow","max-snippet":"max-snippet:-1","max-image-preview":"max-image-preview:large","max-video-preview":"max-video-preview:-1"},"canonical":"https:\/\/www.caudete.org\/ayuntamiento\/el-proximo-viernes-8-de-noviembre-llega-al-auditorio-municipal-de-caudete-monstruos-el-prodigio-de-los-dioses-una-produccion-de-prodigio-teatro\/","og_locale":"es_ES","og_type":"article","og_title":"El pr\u00f3ximo viernes 8 de noviembre, llega al Auditorio Municipal de Caudete \u201cMonstruos, el Prodigio de los Dioses\u201d una producci\u00f3n de Prodigio Teatro - MI Ayuntamiento de Caudete","og_description":"P\u00e1gina Oficial del Ayuntamiento de Caudete (Albacete)","og_url":"https:\/\/www.caudete.org\/ayuntamiento\/el-proximo-viernes-8-de-noviembre-llega-al-auditorio-municipal-de-caudete-monstruos-el-prodigio-de-los-dioses-una-produccion-de-prodigio-teatro\/","og_site_name":"MI Ayuntamiento de Caudete","article_publisher":"https:\/\/www.facebook.com\/ayuntamientocaudete\/","article_published_time":"2024-11-06T08:00:08+00:00","article_modified_time":"2024-11-11T11:02:53+00:00","og_image":[{"width":800,"height":1000,"url":"https:\/\/www.caudete.org\/ayuntamiento\/wp-content\/uploads\/2024\/11\/Monstruos-cartel.jpg","type":"image\/jpeg"}],"author":"Dpto Informatica MI Ayuntamiento de Caudete","twitter_card":"summary_large_image","twitter_misc":{"Escrito por":"Dpto Informatica MI Ayuntamiento de Caudete","Tiempo de lectura":"3 minutos"},"schema":{"@context":"https:\/\/schema.org","@graph":[{"@type":"Article","@id":"https:\/\/www.caudete.org\/ayuntamiento\/el-proximo-viernes-8-de-noviembre-llega-al-auditorio-municipal-de-caudete-monstruos-el-prodigio-de-los-dioses-una-produccion-de-prodigio-teatro\/#article","isPartOf":{"@id":"https:\/\/www.caudete.org\/ayuntamiento\/el-proximo-viernes-8-de-noviembre-llega-al-auditorio-municipal-de-caudete-monstruos-el-prodigio-de-los-dioses-una-produccion-de-prodigio-teatro\/"},"author":{"name":"Dpto Informatica MI Ayuntamiento de Caudete","@id":"https:\/\/www.caudete.org\/ayuntamiento\/#\/schema\/person\/4b9eab41761957db9b1bf9c418d1ef46"},"headline":"El pr\u00f3ximo viernes 8 de noviembre, llega al Auditorio Municipal de Caudete \u201cMonstruos, el Prodigio de los Dioses\u201d una producci\u00f3n de Prodigio Teatro","datePublished":"2024-11-06T08:00:08+00:00","dateModified":"2024-11-11T11:02:53+00:00","mainEntityOfPage":{"@id":"https:\/\/www.caudete.org\/ayuntamiento\/el-proximo-viernes-8-de-noviembre-llega-al-auditorio-municipal-de-caudete-monstruos-el-prodigio-de-los-dioses-una-produccion-de-prodigio-teatro\/"},"wordCount":414,"image":{"@id":"https:\/\/www.caudete.org\/ayuntamiento\/el-proximo-viernes-8-de-noviembre-llega-al-auditorio-municipal-de-caudete-monstruos-el-prodigio-de-los-dioses-una-produccion-de-prodigio-teatro\/#primaryimage"},"thumbnailUrl":"https:\/\/www.caudete.org\/ayuntamiento\/wp-content\/uploads\/2024\/11\/Monstruos-cartel.jpg","articleSection":["Cultura"],"inLanguage":"es"},{"@type":"WebPage","@id":"https:\/\/www.caudete.org\/ayuntamiento\/el-proximo-viernes-8-de-noviembre-llega-al-auditorio-municipal-de-caudete-monstruos-el-prodigio-de-los-dioses-una-produccion-de-prodigio-teatro\/","url":"https:\/\/www.caudete.org\/ayuntamiento\/el-proximo-viernes-8-de-noviembre-llega-al-auditorio-municipal-de-caudete-monstruos-el-prodigio-de-los-dioses-una-produccion-de-prodigio-teatro\/","name":"El pr\u00f3ximo viernes 8 de noviembre, llega al Auditorio Municipal de Caudete \u201cMonstruos, el Prodigio de los Dioses\u201d una producci\u00f3n de Prodigio Teatro - MI Ayuntamiento de Caudete","isPartOf":{"@id":"https:\/\/www.caudete.org\/ayuntamiento\/#website"},"primaryImageOfPage":{"@id":"https:\/\/www.caudete.org\/ayuntamiento\/el-proximo-viernes-8-de-noviembre-llega-al-auditorio-municipal-de-caudete-monstruos-el-prodigio-de-los-dioses-una-produccion-de-prodigio-teatro\/#primaryimage"},"image":{"@id":"https:\/\/www.caudete.org\/ayuntamiento\/el-proximo-viernes-8-de-noviembre-llega-al-auditorio-municipal-de-caudete-monstruos-el-prodigio-de-los-dioses-una-produccion-de-prodigio-teatro\/#primaryimage"},"thumbnailUrl":"https:\/\/www.caudete.org\/ayuntamiento\/wp-content\/uploads\/2024\/11\/Monstruos-cartel.jpg","datePublished":"2024-11-06T08:00:08+00:00","dateModified":"2024-11-11T11:02:53+00:00","author":{"@id":"https:\/\/www.caudete.org\/ayuntamiento\/#\/schema\/person\/4b9eab41761957db9b1bf9c418d1ef46"},"description":"P\u00e1gina Oficial del Ayuntamiento de Caudete (Albacete)","breadcrumb":{"@id":"https:\/\/www.caudete.org\/ayuntamiento\/el-proximo-viernes-8-de-noviembre-llega-al-auditorio-municipal-de-caudete-monstruos-el-prodigio-de-los-dioses-una-produccion-de-prodigio-teatro\/#breadcrumb"},"inLanguage":"es","potentialAction":[{"@type":"ReadAction","target":["https:\/\/www.caudete.org\/ayuntamiento\/el-proximo-viernes-8-de-noviembre-llega-al-auditorio-municipal-de-caudete-monstruos-el-prodigio-de-los-dioses-una-produccion-de-prodigio-teatro\/"]}]},{"@type":"ImageObject","inLanguage":"es","@id":"https:\/\/www.caudete.org\/ayuntamiento\/el-proximo-viernes-8-de-noviembre-llega-al-auditorio-municipal-de-caudete-monstruos-el-prodigio-de-los-dioses-una-produccion-de-prodigio-teatro\/#primaryimage","url":"https:\/\/www.caudete.org\/ayuntamiento\/wp-content\/uploads\/2024\/11\/Monstruos-cartel.jpg","contentUrl":"https:\/\/www.caudete.org\/ayuntamiento\/wp-content\/uploads\/2024\/11\/Monstruos-cartel.jpg","width":800,"height":1000},{"@type":"BreadcrumbList","@id":"https:\/\/www.caudete.org\/ayuntamiento\/el-proximo-viernes-8-de-noviembre-llega-al-auditorio-municipal-de-caudete-monstruos-el-prodigio-de-los-dioses-una-produccion-de-prodigio-teatro\/#breadcrumb","itemListElement":[{"@type":"ListItem","position":1,"name":"Inicio","item":"https:\/\/www.caudete.org\/ayuntamiento\/"},{"@type":"ListItem","position":2,"name":"El pr\u00f3ximo viernes 8 de noviembre, llega al Auditorio Municipal de Caudete \u201cMonstruos, el Prodigio de los Dioses\u201d una producci\u00f3n de Prodigio Teatro"}]},{"@type":"WebSite","@id":"https:\/\/www.caudete.org\/ayuntamiento\/#website","url":"https:\/\/www.caudete.org\/ayuntamiento\/","name":"MI Ayuntamiento de Caudete","description":"P\u00e1gina Oficial del MI Ayuntamiento de Caudete","potentialAction":[{"@type":"SearchAction","target":{"@type":"EntryPoint","urlTemplate":"https:\/\/www.caudete.org\/ayuntamiento\/?s={search_term_string}"},"query-input":{"@type":"PropertyValueSpecification","valueRequired":true,"valueName":"search_term_string"}}],"inLanguage":"es"},{"@type":"Person","@id":"https:\/\/www.caudete.org\/ayuntamiento\/#\/schema\/person\/4b9eab41761957db9b1bf9c418d1ef46","name":"Dpto Informatica MI Ayuntamiento de Caudete","image":{"@type":"ImageObject","inLanguage":"es","@id":"https:\/\/secure.gravatar.com\/avatar\/ac0321ee4a0a83e82a253e7b2d348ef539e2c8fe16d06b600bde04de1b364fa7?s=96&d=mm&r=g","url":"https:\/\/secure.gravatar.com\/avatar\/ac0321ee4a0a83e82a253e7b2d348ef539e2c8fe16d06b600bde04de1b364fa7?s=96&d=mm&r=g","contentUrl":"https:\/\/secure.gravatar.com\/avatar\/ac0321ee4a0a83e82a253e7b2d348ef539e2c8fe16d06b600bde04de1b364fa7?s=96&d=mm&r=g","caption":"Dpto Informatica MI Ayuntamiento de Caudete"},"url":"https:\/\/www.caudete.org\/ayuntamiento\/author\/informatica\/"}]}},"_links":{"self":[{"href":"https:\/\/www.caudete.org\/ayuntamiento\/wp-json\/wp\/v2\/posts\/26539","targetHints":{"allow":["GET"]}}],"collection":[{"href":"https:\/\/www.caudete.org\/ayuntamiento\/wp-json\/wp\/v2\/posts"}],"about":[{"href":"https:\/\/www.caudete.org\/ayuntamiento\/wp-json\/wp\/v2\/types\/post"}],"author":[{"embeddable":true,"href":"https:\/\/www.caudete.org\/ayuntamiento\/wp-json\/wp\/v2\/users\/5"}],"replies":[{"embeddable":true,"href":"https:\/\/www.caudete.org\/ayuntamiento\/wp-json\/wp\/v2\/comments?post=26539"}],"version-history":[{"count":4,"href":"https:\/\/www.caudete.org\/ayuntamiento\/wp-json\/wp\/v2\/posts\/26539\/revisions"}],"predecessor-version":[{"id":26583,"href":"https:\/\/www.caudete.org\/ayuntamiento\/wp-json\/wp\/v2\/posts\/26539\/revisions\/26583"}],"wp:featuredmedia":[{"embeddable":true,"href":"https:\/\/www.caudete.org\/ayuntamiento\/wp-json\/wp\/v2\/media\/26540"}],"wp:attachment":[{"href":"https:\/\/www.caudete.org\/ayuntamiento\/wp-json\/wp\/v2\/media?parent=26539"}],"wp:term":[{"taxonomy":"category","embeddable":true,"href":"https:\/\/www.caudete.org\/ayuntamiento\/wp-json\/wp\/v2\/categories?post=26539"},{"taxonomy":"post_tag","embeddable":true,"href":"https:\/\/www.caudete.org\/ayuntamiento\/wp-json\/wp\/v2\/tags?post=26539"}],"curies":[{"name":"wp","href":"https:\/\/api.w.org\/{rel}","templated":true}]}}