{"id":26545,"date":"2024-11-07T09:00:48","date_gmt":"2024-11-07T08:00:48","guid":{"rendered":"https:\/\/www.caudete.org\/ayuntamiento\/?p=26545"},"modified":"2024-11-06T13:50:13","modified_gmt":"2024-11-06T12:50:13","slug":"caudeteemprende-nuevo-centro-de-atencion-integral-infanto-juvenil-baobab","status":"publish","type":"post","link":"https:\/\/www.caudete.org\/ayuntamiento\/caudeteemprende-nuevo-centro-de-atencion-integral-infanto-juvenil-baobab\/","title":{"rendered":"CaudeteEmprende, nuevo centro de atenci\u00f3n integral Infanto-Juvenil Baobab"},"content":{"rendered":"<p>Una semana m\u00e1s, la Concejal\u00eda de Comercio que ostenta el edil Diego Cuenca Olivares, contin\u00faa con la campa\u00f1a CaudeteEmprende, donde nos presenta en el d\u00eda de hoy, la nueva apertura de \u201cCentro de Atenci\u00f3n Integral Infanto-Juvenil Baobab\u201d situado en Parque San Juan Pablo II<br \/>\nAna y Andrea sus propietarias nos definen as\u00ed su proyecto:<\/p>\n<p><strong>\u00bfC\u00d3MO NOS CONOCIMOS?<\/strong><\/p>\n<p>Hace unos 16 a\u00f1os, estudiando la carrera de Educaci\u00f3n Especial, en la Universidad de Murcia.<br \/>\nDesde ah\u00ed, siempre hemos tenido inquietud de realizar juntas un proyecto y este ha sido el resultado.<\/p>\n<p><strong>\u00bfPOR QU\u00c9 DECIDIMOS ABRIR EL CENTRO?\u00a0<\/strong><\/p>\n<p>Como madres y profesionales vimos la necesidad que hay en la atenci\u00f3n de los ni\u00f1os con alguna dificultad desde el sistema educativo, ya que debido a la gran demanda que existe, los coles no pueden dar las horas de atenci\u00f3n que realmente se necesita, por lo que estos ni\u00f1os se quedan sin ese apoyo extra.<\/p>\n<p><strong>\u00bfQU\u00c9 SOMOS?\u00a0<\/strong><\/p>\n<p>Maestras de Educaci\u00f3n Especial. Una figura desconocida, sobre todo fuera del \u00e1mbito escolar.<\/p>\n<p>Como maestras de Educaci\u00f3n Especial no solo perseguimos los objetivos curriculares, nuestras funciones son trabajar para y por la inclusi\u00f3n.<\/p>\n<p>Ayudamos a alcanzar el m\u00e1ximo desarrollo personal, intelectual, social y emocional.<\/p>\n<p><strong>\u00bfA QUI\u00c9N ATENDEMOS?\u00a0<\/strong><\/p>\n<p>Desde el centro atendemos a ni\u00f1os con necesidades espec\u00edficas de apoyo educativo (NEAE) como son: TDAH, TEA, retraso madurativo, discapacidad mental o f\u00edsica, etc. A ni\u00f1os con dificultades de aprendizaje en lectura, escritura o procesos l\u00f3gico-matem\u00e1ticos y tambi\u00e9n a aquellos que puedan necesitar de un apoyo en un momento determinado ya que vivimos en una actualidad compleja.<\/p>\n<p><strong>\u00bfC\u00d3MO FUNCIONAMOS?\u00a0<\/strong><\/p>\n<p>Nuestras funciones son amplias y complejas y consideramos a cada ni\u00f1o \u00fanico, por eso buscamos ADECUAR EL APRENDIZAJE AL NI\u00d1O.<\/p>\n<p>Debido a que nuestra intervenci\u00f3n necesita de una preparaci\u00f3n y adaptaci\u00f3n a las necesidades que se presenten, lo primero es realizar una entrevista inicial con la familia en la que concretamos los objetivos que se quieren conseguir. Partiendo de esos objetivos y de las necesidades del ni\u00f1o\/a; buscamos estrategias y recursos que se adapten a las caracter\u00edsticas de su aprendizaje.<\/p>\n<p>Para ello, resulta vital mantener una estrecha colaboraci\u00f3n con las familias y con los profesionales que intervienen con ellos en el centro al que acuden.<\/p>\n<p><strong>PROYECTOS<\/strong><\/p>\n<p>Tambi\u00e9n estamos trabajando actualmente en un proyecto para dar visibilidad a la Inteligencia Emocional, ya que la consideramos un elemento preventivo frente a posibles futuros problemas de salud mental.<br \/>\nParalelamente a este proyecto estamos trabajando sobre el uso responsable de pantallas en los ni\u00f1os y adolescentes.<\/p>\n<p>En un futuro tambi\u00e9n nos gustar\u00eda dar uso a la sala de proyecciones haciendo charlas, talleres, visionado de v\u00eddeos y posterior debate, reuniones entre padres con una problem\u00e1tica com\u00fan en la que puedan hablar de sus dificultades y soluciones o puntos de vista, convirti\u00e9ndola en un espacio de convivencia y aprendizaje para todos.<\/p>\n<p>CaudeteEmprende es una campa\u00f1a creada desde la Concejal\u00eda de comercio con el objetivo de dar visibilidad y apoyo a los nuevos comercios de la localidad, acerc\u00e1ndolos a la ciudadan\u00eda a trav\u00e9s de las redes sociales del M.I. Ayuntamiento y la TV.<\/p>\n<p><a href=\"https:\/\/www.caudete.org\/ayuntamiento\/wp-content\/uploads\/2024\/11\/Baobab.jpg\" rel='prettyPhoto'><img fetchpriority=\"high\" decoding=\"async\" class=\"alignnone size-full wp-image-26555\" src=\"https:\/\/www.caudete.org\/ayuntamiento\/wp-content\/uploads\/2024\/11\/Baobab.jpg\" alt=\"\" width=\"1009\" height=\"547\" srcset=\"https:\/\/www.caudete.org\/ayuntamiento\/wp-content\/uploads\/2024\/11\/Baobab.jpg 1009w, https:\/\/www.caudete.org\/ayuntamiento\/wp-content\/uploads\/2024\/11\/Baobab-300x163.jpg 300w, https:\/\/www.caudete.org\/ayuntamiento\/wp-content\/uploads\/2024\/11\/Baobab-768x416.jpg 768w\" sizes=\"(max-width: 1009px) 100vw, 1009px\" \/><\/a><\/p>\n<p><a href=\"https:\/\/www.caudete.org\/ayuntamiento\/wp-content\/uploads\/2024\/11\/sala-6-12.jpg\" rel='prettyPhoto'><img decoding=\"async\" class=\"alignnone size-full wp-image-26548\" src=\"https:\/\/www.caudete.org\/ayuntamiento\/wp-content\/uploads\/2024\/11\/sala-6-12.jpg\" alt=\"\" width=\"1000\" height=\"750\" srcset=\"https:\/\/www.caudete.org\/ayuntamiento\/wp-content\/uploads\/2024\/11\/sala-6-12.jpg 1000w, https:\/\/www.caudete.org\/ayuntamiento\/wp-content\/uploads\/2024\/11\/sala-6-12-300x225.jpg 300w, https:\/\/www.caudete.org\/ayuntamiento\/wp-content\/uploads\/2024\/11\/sala-6-12-768x576.jpg 768w\" sizes=\"(max-width: 1000px) 100vw, 1000px\" \/><\/a><a href=\"https:\/\/www.caudete.org\/ayuntamiento\/wp-content\/uploads\/2024\/11\/sala-0-6.jpg\" rel='prettyPhoto'><img decoding=\"async\" class=\"alignnone size-full wp-image-26549\" src=\"https:\/\/www.caudete.org\/ayuntamiento\/wp-content\/uploads\/2024\/11\/sala-0-6.jpg\" alt=\"\" width=\"1000\" height=\"750\" srcset=\"https:\/\/www.caudete.org\/ayuntamiento\/wp-content\/uploads\/2024\/11\/sala-0-6.jpg 1000w, https:\/\/www.caudete.org\/ayuntamiento\/wp-content\/uploads\/2024\/11\/sala-0-6-300x225.jpg 300w, https:\/\/www.caudete.org\/ayuntamiento\/wp-content\/uploads\/2024\/11\/sala-0-6-768x576.jpg 768w\" sizes=\"(max-width: 1000px) 100vw, 1000px\" \/><\/a><a href=\"https:\/\/www.caudete.org\/ayuntamiento\/wp-content\/uploads\/2024\/11\/sala-proyeccion.jpg\" rel='prettyPhoto'><img loading=\"lazy\" decoding=\"async\" class=\"alignnone size-full wp-image-26554\" src=\"https:\/\/www.caudete.org\/ayuntamiento\/wp-content\/uploads\/2024\/11\/sala-proyeccion.jpg\" alt=\"\" width=\"750\" height=\"1000\" srcset=\"https:\/\/www.caudete.org\/ayuntamiento\/wp-content\/uploads\/2024\/11\/sala-proyeccion.jpg 750w, https:\/\/www.caudete.org\/ayuntamiento\/wp-content\/uploads\/2024\/11\/sala-proyeccion-225x300.jpg 225w\" sizes=\"(max-width: 750px) 100vw, 750px\" \/><\/a><\/p>\n<p><a href=\"https:\/\/www.caudete.org\/ayuntamiento\/wp-content\/uploads\/2024\/11\/aseo-grande.jpg\" rel='prettyPhoto'><img loading=\"lazy\" decoding=\"async\" class=\"alignnone size-full wp-image-26551\" src=\"https:\/\/www.caudete.org\/ayuntamiento\/wp-content\/uploads\/2024\/11\/aseo-grande.jpg\" alt=\"\" width=\"1000\" height=\"750\" srcset=\"https:\/\/www.caudete.org\/ayuntamiento\/wp-content\/uploads\/2024\/11\/aseo-grande.jpg 1000w, https:\/\/www.caudete.org\/ayuntamiento\/wp-content\/uploads\/2024\/11\/aseo-grande-300x225.jpg 300w, https:\/\/www.caudete.org\/ayuntamiento\/wp-content\/uploads\/2024\/11\/aseo-grande-768x576.jpg 768w\" sizes=\"(max-width: 1000px) 100vw, 1000px\" \/><\/a> <a href=\"https:\/\/www.caudete.org\/ayuntamiento\/wp-content\/uploads\/2024\/11\/despacho.jpg\" rel='prettyPhoto'><img loading=\"lazy\" decoding=\"async\" class=\"alignnone size-full wp-image-26552\" src=\"https:\/\/www.caudete.org\/ayuntamiento\/wp-content\/uploads\/2024\/11\/despacho.jpg\" alt=\"\" width=\"1000\" height=\"750\" srcset=\"https:\/\/www.caudete.org\/ayuntamiento\/wp-content\/uploads\/2024\/11\/despacho.jpg 1000w, https:\/\/www.caudete.org\/ayuntamiento\/wp-content\/uploads\/2024\/11\/despacho-300x225.jpg 300w, https:\/\/www.caudete.org\/ayuntamiento\/wp-content\/uploads\/2024\/11\/despacho-768x576.jpg 768w\" sizes=\"(max-width: 1000px) 100vw, 1000px\" \/><\/a> <a href=\"https:\/\/www.caudete.org\/ayuntamiento\/wp-content\/uploads\/2024\/11\/sala-espera.jpg\" rel='prettyPhoto'><img loading=\"lazy\" decoding=\"async\" class=\"alignnone size-full wp-image-26553\" src=\"https:\/\/www.caudete.org\/ayuntamiento\/wp-content\/uploads\/2024\/11\/sala-espera.jpg\" alt=\"\" width=\"1000\" height=\"750\" srcset=\"https:\/\/www.caudete.org\/ayuntamiento\/wp-content\/uploads\/2024\/11\/sala-espera.jpg 1000w, https:\/\/www.caudete.org\/ayuntamiento\/wp-content\/uploads\/2024\/11\/sala-espera-300x225.jpg 300w, https:\/\/www.caudete.org\/ayuntamiento\/wp-content\/uploads\/2024\/11\/sala-espera-768x576.jpg 768w\" sizes=\"(max-width: 1000px) 100vw, 1000px\" \/><\/a> <a href=\"https:\/\/www.caudete.org\/ayuntamiento\/wp-content\/uploads\/2024\/11\/sala-proyeccion.jpg\" rel='prettyPhoto'><img loading=\"lazy\" decoding=\"async\" class=\"alignnone size-full wp-image-26554\" src=\"https:\/\/www.caudete.org\/ayuntamiento\/wp-content\/uploads\/2024\/11\/sala-proyeccion.jpg\" alt=\"\" width=\"750\" height=\"1000\" srcset=\"https:\/\/www.caudete.org\/ayuntamiento\/wp-content\/uploads\/2024\/11\/sala-proyeccion.jpg 750w, https:\/\/www.caudete.org\/ayuntamiento\/wp-content\/uploads\/2024\/11\/sala-proyeccion-225x300.jpg 225w\" sizes=\"(max-width: 750px) 100vw, 750px\" \/><\/a><\/p>\n","protected":false},"excerpt":{"rendered":"<p>Una semana m\u00e1s, la Concejal\u00eda de Comercio que ostenta el edil Diego Cuenca Olivares, contin\u00faa con la campa\u00f1a CaudeteEmprende, donde nos presenta en el d\u00eda de hoy, la nueva apertura de \u201cCentro de Atenci\u00f3n Integral Infanto-Juvenil Baobab\u201d situado en Parque San Juan Pablo II Ana y Andrea sus propietarias nos definen as\u00ed su proyecto: \u00bfC\u00d3MO &hellip;<\/p>\n","protected":false},"author":5,"featured_media":26550,"comment_status":"closed","ping_status":"open","sticky":false,"template":"","format":"standard","meta":{"ngg_post_thumbnail":0,"footnotes":""},"categories":[42],"tags":[],"class_list":["post-26545","post","type-post","status-publish","format-standard","has-post-thumbnail","hentry","category-comercio"],"yoast_head":"<!-- This site is optimized with the Yoast SEO plugin v27.5 - https:\/\/yoast.com\/product\/yoast-seo-wordpress\/ -->\n<title>CaudeteEmprende, nuevo centro de atenci\u00f3n integral Infanto-Juvenil Baobab - MI Ayuntamiento de Caudete<\/title>\n<meta name=\"description\" content=\"P\u00e1gina Oficial del Ayuntamiento de Caudete (Albacete)\" \/>\n<meta name=\"robots\" content=\"index, follow, max-snippet:-1, max-image-preview:large, max-video-preview:-1\" \/>\n<link rel=\"canonical\" href=\"https:\/\/www.caudete.org\/ayuntamiento\/caudeteemprende-nuevo-centro-de-atencion-integral-infanto-juvenil-baobab\/\" \/>\n<meta property=\"og:locale\" content=\"es_ES\" \/>\n<meta property=\"og:type\" content=\"article\" \/>\n<meta property=\"og:title\" content=\"CaudeteEmprende, nuevo centro de atenci\u00f3n integral Infanto-Juvenil Baobab - MI Ayuntamiento de Caudete\" \/>\n<meta property=\"og:description\" content=\"P\u00e1gina Oficial del Ayuntamiento de Caudete (Albacete)\" \/>\n<meta property=\"og:url\" content=\"https:\/\/www.caudete.org\/ayuntamiento\/caudeteemprende-nuevo-centro-de-atencion-integral-infanto-juvenil-baobab\/\" \/>\n<meta property=\"og:site_name\" content=\"MI Ayuntamiento de Caudete\" \/>\n<meta property=\"article:publisher\" content=\"https:\/\/www.facebook.com\/ayuntamientocaudete\/\" \/>\n<meta property=\"article:published_time\" content=\"2024-11-07T08:00:48+00:00\" \/>\n<meta property=\"og:image\" content=\"https:\/\/www.caudete.org\/ayuntamiento\/wp-content\/uploads\/2024\/11\/sala-0-6-port.jpg\" \/>\n\t<meta property=\"og:image:width\" content=\"999\" \/>\n\t<meta property=\"og:image:height\" content=\"483\" \/>\n\t<meta property=\"og:image:type\" content=\"image\/jpeg\" \/>\n<meta name=\"author\" content=\"Dpto Informatica MI Ayuntamiento de Caudete\" \/>\n<meta name=\"twitter:card\" content=\"summary_large_image\" \/>\n<meta name=\"twitter:label1\" content=\"Escrito por\" \/>\n\t<meta name=\"twitter:data1\" content=\"Dpto Informatica MI Ayuntamiento de Caudete\" \/>\n\t<meta name=\"twitter:label2\" content=\"Tiempo de lectura\" \/>\n\t<meta name=\"twitter:data2\" content=\"5 minutos\" \/>\n<script type=\"application\/ld+json\" class=\"yoast-schema-graph\">{\"@context\":\"https:\\\/\\\/schema.org\",\"@graph\":[{\"@type\":\"Article\",\"@id\":\"https:\\\/\\\/www.caudete.org\\\/ayuntamiento\\\/caudeteemprende-nuevo-centro-de-atencion-integral-infanto-juvenil-baobab\\\/#article\",\"isPartOf\":{\"@id\":\"https:\\\/\\\/www.caudete.org\\\/ayuntamiento\\\/caudeteemprende-nuevo-centro-de-atencion-integral-infanto-juvenil-baobab\\\/\"},\"author\":{\"name\":\"Dpto Informatica MI Ayuntamiento de Caudete\",\"@id\":\"https:\\\/\\\/www.caudete.org\\\/ayuntamiento\\\/#\\\/schema\\\/person\\\/4b9eab41761957db9b1bf9c418d1ef46\"},\"headline\":\"CaudeteEmprende, nuevo centro de atenci\u00f3n integral Infanto-Juvenil Baobab\",\"datePublished\":\"2024-11-07T08:00:48+00:00\",\"mainEntityOfPage\":{\"@id\":\"https:\\\/\\\/www.caudete.org\\\/ayuntamiento\\\/caudeteemprende-nuevo-centro-de-atencion-integral-infanto-juvenil-baobab\\\/\"},\"wordCount\":561,\"image\":{\"@id\":\"https:\\\/\\\/www.caudete.org\\\/ayuntamiento\\\/caudeteemprende-nuevo-centro-de-atencion-integral-infanto-juvenil-baobab\\\/#primaryimage\"},\"thumbnailUrl\":\"https:\\\/\\\/www.caudete.org\\\/ayuntamiento\\\/wp-content\\\/uploads\\\/2024\\\/11\\\/sala-0-6-port.jpg\",\"articleSection\":[\"Comercio\"],\"inLanguage\":\"es\"},{\"@type\":\"WebPage\",\"@id\":\"https:\\\/\\\/www.caudete.org\\\/ayuntamiento\\\/caudeteemprende-nuevo-centro-de-atencion-integral-infanto-juvenil-baobab\\\/\",\"url\":\"https:\\\/\\\/www.caudete.org\\\/ayuntamiento\\\/caudeteemprende-nuevo-centro-de-atencion-integral-infanto-juvenil-baobab\\\/\",\"name\":\"CaudeteEmprende, nuevo centro de atenci\u00f3n integral Infanto-Juvenil Baobab - MI Ayuntamiento de Caudete\",\"isPartOf\":{\"@id\":\"https:\\\/\\\/www.caudete.org\\\/ayuntamiento\\\/#website\"},\"primaryImageOfPage\":{\"@id\":\"https:\\\/\\\/www.caudete.org\\\/ayuntamiento\\\/caudeteemprende-nuevo-centro-de-atencion-integral-infanto-juvenil-baobab\\\/#primaryimage\"},\"image\":{\"@id\":\"https:\\\/\\\/www.caudete.org\\\/ayuntamiento\\\/caudeteemprende-nuevo-centro-de-atencion-integral-infanto-juvenil-baobab\\\/#primaryimage\"},\"thumbnailUrl\":\"https:\\\/\\\/www.caudete.org\\\/ayuntamiento\\\/wp-content\\\/uploads\\\/2024\\\/11\\\/sala-0-6-port.jpg\",\"datePublished\":\"2024-11-07T08:00:48+00:00\",\"author\":{\"@id\":\"https:\\\/\\\/www.caudete.org\\\/ayuntamiento\\\/#\\\/schema\\\/person\\\/4b9eab41761957db9b1bf9c418d1ef46\"},\"description\":\"P\u00e1gina Oficial del Ayuntamiento de Caudete (Albacete)\",\"breadcrumb\":{\"@id\":\"https:\\\/\\\/www.caudete.org\\\/ayuntamiento\\\/caudeteemprende-nuevo-centro-de-atencion-integral-infanto-juvenil-baobab\\\/#breadcrumb\"},\"inLanguage\":\"es\",\"potentialAction\":[{\"@type\":\"ReadAction\",\"target\":[\"https:\\\/\\\/www.caudete.org\\\/ayuntamiento\\\/caudeteemprende-nuevo-centro-de-atencion-integral-infanto-juvenil-baobab\\\/\"]}]},{\"@type\":\"ImageObject\",\"inLanguage\":\"es\",\"@id\":\"https:\\\/\\\/www.caudete.org\\\/ayuntamiento\\\/caudeteemprende-nuevo-centro-de-atencion-integral-infanto-juvenil-baobab\\\/#primaryimage\",\"url\":\"https:\\\/\\\/www.caudete.org\\\/ayuntamiento\\\/wp-content\\\/uploads\\\/2024\\\/11\\\/sala-0-6-port.jpg\",\"contentUrl\":\"https:\\\/\\\/www.caudete.org\\\/ayuntamiento\\\/wp-content\\\/uploads\\\/2024\\\/11\\\/sala-0-6-port.jpg\",\"width\":999,\"height\":483},{\"@type\":\"BreadcrumbList\",\"@id\":\"https:\\\/\\\/www.caudete.org\\\/ayuntamiento\\\/caudeteemprende-nuevo-centro-de-atencion-integral-infanto-juvenil-baobab\\\/#breadcrumb\",\"itemListElement\":[{\"@type\":\"ListItem\",\"position\":1,\"name\":\"Inicio\",\"item\":\"https:\\\/\\\/www.caudete.org\\\/ayuntamiento\\\/\"},{\"@type\":\"ListItem\",\"position\":2,\"name\":\"CaudeteEmprende, nuevo centro de atenci\u00f3n integral Infanto-Juvenil Baobab\"}]},{\"@type\":\"WebSite\",\"@id\":\"https:\\\/\\\/www.caudete.org\\\/ayuntamiento\\\/#website\",\"url\":\"https:\\\/\\\/www.caudete.org\\\/ayuntamiento\\\/\",\"name\":\"MI Ayuntamiento de Caudete\",\"description\":\"P\u00e1gina Oficial del MI Ayuntamiento de Caudete\",\"potentialAction\":[{\"@type\":\"SearchAction\",\"target\":{\"@type\":\"EntryPoint\",\"urlTemplate\":\"https:\\\/\\\/www.caudete.org\\\/ayuntamiento\\\/?s={search_term_string}\"},\"query-input\":{\"@type\":\"PropertyValueSpecification\",\"valueRequired\":true,\"valueName\":\"search_term_string\"}}],\"inLanguage\":\"es\"},{\"@type\":\"Person\",\"@id\":\"https:\\\/\\\/www.caudete.org\\\/ayuntamiento\\\/#\\\/schema\\\/person\\\/4b9eab41761957db9b1bf9c418d1ef46\",\"name\":\"Dpto Informatica MI Ayuntamiento de Caudete\",\"image\":{\"@type\":\"ImageObject\",\"inLanguage\":\"es\",\"@id\":\"https:\\\/\\\/secure.gravatar.com\\\/avatar\\\/ac0321ee4a0a83e82a253e7b2d348ef539e2c8fe16d06b600bde04de1b364fa7?s=96&d=mm&r=g\",\"url\":\"https:\\\/\\\/secure.gravatar.com\\\/avatar\\\/ac0321ee4a0a83e82a253e7b2d348ef539e2c8fe16d06b600bde04de1b364fa7?s=96&d=mm&r=g\",\"contentUrl\":\"https:\\\/\\\/secure.gravatar.com\\\/avatar\\\/ac0321ee4a0a83e82a253e7b2d348ef539e2c8fe16d06b600bde04de1b364fa7?s=96&d=mm&r=g\",\"caption\":\"Dpto Informatica MI Ayuntamiento de Caudete\"},\"url\":\"https:\\\/\\\/www.caudete.org\\\/ayuntamiento\\\/author\\\/informatica\\\/\"}]}<\/script>\n<!-- \/ Yoast SEO plugin. -->","yoast_head_json":{"title":"CaudeteEmprende, nuevo centro de atenci\u00f3n integral Infanto-Juvenil Baobab - MI Ayuntamiento de Caudete","description":"P\u00e1gina Oficial del Ayuntamiento de Caudete (Albacete)","robots":{"index":"index","follow":"follow","max-snippet":"max-snippet:-1","max-image-preview":"max-image-preview:large","max-video-preview":"max-video-preview:-1"},"canonical":"https:\/\/www.caudete.org\/ayuntamiento\/caudeteemprende-nuevo-centro-de-atencion-integral-infanto-juvenil-baobab\/","og_locale":"es_ES","og_type":"article","og_title":"CaudeteEmprende, nuevo centro de atenci\u00f3n integral Infanto-Juvenil Baobab - MI Ayuntamiento de Caudete","og_description":"P\u00e1gina Oficial del Ayuntamiento de Caudete (Albacete)","og_url":"https:\/\/www.caudete.org\/ayuntamiento\/caudeteemprende-nuevo-centro-de-atencion-integral-infanto-juvenil-baobab\/","og_site_name":"MI Ayuntamiento de Caudete","article_publisher":"https:\/\/www.facebook.com\/ayuntamientocaudete\/","article_published_time":"2024-11-07T08:00:48+00:00","og_image":[{"width":999,"height":483,"url":"https:\/\/www.caudete.org\/ayuntamiento\/wp-content\/uploads\/2024\/11\/sala-0-6-port.jpg","type":"image\/jpeg"}],"author":"Dpto Informatica MI Ayuntamiento de Caudete","twitter_card":"summary_large_image","twitter_misc":{"Escrito por":"Dpto Informatica MI Ayuntamiento de Caudete","Tiempo de lectura":"5 minutos"},"schema":{"@context":"https:\/\/schema.org","@graph":[{"@type":"Article","@id":"https:\/\/www.caudete.org\/ayuntamiento\/caudeteemprende-nuevo-centro-de-atencion-integral-infanto-juvenil-baobab\/#article","isPartOf":{"@id":"https:\/\/www.caudete.org\/ayuntamiento\/caudeteemprende-nuevo-centro-de-atencion-integral-infanto-juvenil-baobab\/"},"author":{"name":"Dpto Informatica MI Ayuntamiento de Caudete","@id":"https:\/\/www.caudete.org\/ayuntamiento\/#\/schema\/person\/4b9eab41761957db9b1bf9c418d1ef46"},"headline":"CaudeteEmprende, nuevo centro de atenci\u00f3n integral Infanto-Juvenil Baobab","datePublished":"2024-11-07T08:00:48+00:00","mainEntityOfPage":{"@id":"https:\/\/www.caudete.org\/ayuntamiento\/caudeteemprende-nuevo-centro-de-atencion-integral-infanto-juvenil-baobab\/"},"wordCount":561,"image":{"@id":"https:\/\/www.caudete.org\/ayuntamiento\/caudeteemprende-nuevo-centro-de-atencion-integral-infanto-juvenil-baobab\/#primaryimage"},"thumbnailUrl":"https:\/\/www.caudete.org\/ayuntamiento\/wp-content\/uploads\/2024\/11\/sala-0-6-port.jpg","articleSection":["Comercio"],"inLanguage":"es"},{"@type":"WebPage","@id":"https:\/\/www.caudete.org\/ayuntamiento\/caudeteemprende-nuevo-centro-de-atencion-integral-infanto-juvenil-baobab\/","url":"https:\/\/www.caudete.org\/ayuntamiento\/caudeteemprende-nuevo-centro-de-atencion-integral-infanto-juvenil-baobab\/","name":"CaudeteEmprende, nuevo centro de atenci\u00f3n integral Infanto-Juvenil Baobab - MI Ayuntamiento de Caudete","isPartOf":{"@id":"https:\/\/www.caudete.org\/ayuntamiento\/#website"},"primaryImageOfPage":{"@id":"https:\/\/www.caudete.org\/ayuntamiento\/caudeteemprende-nuevo-centro-de-atencion-integral-infanto-juvenil-baobab\/#primaryimage"},"image":{"@id":"https:\/\/www.caudete.org\/ayuntamiento\/caudeteemprende-nuevo-centro-de-atencion-integral-infanto-juvenil-baobab\/#primaryimage"},"thumbnailUrl":"https:\/\/www.caudete.org\/ayuntamiento\/wp-content\/uploads\/2024\/11\/sala-0-6-port.jpg","datePublished":"2024-11-07T08:00:48+00:00","author":{"@id":"https:\/\/www.caudete.org\/ayuntamiento\/#\/schema\/person\/4b9eab41761957db9b1bf9c418d1ef46"},"description":"P\u00e1gina Oficial del Ayuntamiento de Caudete (Albacete)","breadcrumb":{"@id":"https:\/\/www.caudete.org\/ayuntamiento\/caudeteemprende-nuevo-centro-de-atencion-integral-infanto-juvenil-baobab\/#breadcrumb"},"inLanguage":"es","potentialAction":[{"@type":"ReadAction","target":["https:\/\/www.caudete.org\/ayuntamiento\/caudeteemprende-nuevo-centro-de-atencion-integral-infanto-juvenil-baobab\/"]}]},{"@type":"ImageObject","inLanguage":"es","@id":"https:\/\/www.caudete.org\/ayuntamiento\/caudeteemprende-nuevo-centro-de-atencion-integral-infanto-juvenil-baobab\/#primaryimage","url":"https:\/\/www.caudete.org\/ayuntamiento\/wp-content\/uploads\/2024\/11\/sala-0-6-port.jpg","contentUrl":"https:\/\/www.caudete.org\/ayuntamiento\/wp-content\/uploads\/2024\/11\/sala-0-6-port.jpg","width":999,"height":483},{"@type":"BreadcrumbList","@id":"https:\/\/www.caudete.org\/ayuntamiento\/caudeteemprende-nuevo-centro-de-atencion-integral-infanto-juvenil-baobab\/#breadcrumb","itemListElement":[{"@type":"ListItem","position":1,"name":"Inicio","item":"https:\/\/www.caudete.org\/ayuntamiento\/"},{"@type":"ListItem","position":2,"name":"CaudeteEmprende, nuevo centro de atenci\u00f3n integral Infanto-Juvenil Baobab"}]},{"@type":"WebSite","@id":"https:\/\/www.caudete.org\/ayuntamiento\/#website","url":"https:\/\/www.caudete.org\/ayuntamiento\/","name":"MI Ayuntamiento de Caudete","description":"P\u00e1gina Oficial del MI Ayuntamiento de Caudete","potentialAction":[{"@type":"SearchAction","target":{"@type":"EntryPoint","urlTemplate":"https:\/\/www.caudete.org\/ayuntamiento\/?s={search_term_string}"},"query-input":{"@type":"PropertyValueSpecification","valueRequired":true,"valueName":"search_term_string"}}],"inLanguage":"es"},{"@type":"Person","@id":"https:\/\/www.caudete.org\/ayuntamiento\/#\/schema\/person\/4b9eab41761957db9b1bf9c418d1ef46","name":"Dpto Informatica MI Ayuntamiento de Caudete","image":{"@type":"ImageObject","inLanguage":"es","@id":"https:\/\/secure.gravatar.com\/avatar\/ac0321ee4a0a83e82a253e7b2d348ef539e2c8fe16d06b600bde04de1b364fa7?s=96&d=mm&r=g","url":"https:\/\/secure.gravatar.com\/avatar\/ac0321ee4a0a83e82a253e7b2d348ef539e2c8fe16d06b600bde04de1b364fa7?s=96&d=mm&r=g","contentUrl":"https:\/\/secure.gravatar.com\/avatar\/ac0321ee4a0a83e82a253e7b2d348ef539e2c8fe16d06b600bde04de1b364fa7?s=96&d=mm&r=g","caption":"Dpto Informatica MI Ayuntamiento de Caudete"},"url":"https:\/\/www.caudete.org\/ayuntamiento\/author\/informatica\/"}]}},"_links":{"self":[{"href":"https:\/\/www.caudete.org\/ayuntamiento\/wp-json\/wp\/v2\/posts\/26545","targetHints":{"allow":["GET"]}}],"collection":[{"href":"https:\/\/www.caudete.org\/ayuntamiento\/wp-json\/wp\/v2\/posts"}],"about":[{"href":"https:\/\/www.caudete.org\/ayuntamiento\/wp-json\/wp\/v2\/types\/post"}],"author":[{"embeddable":true,"href":"https:\/\/www.caudete.org\/ayuntamiento\/wp-json\/wp\/v2\/users\/5"}],"replies":[{"embeddable":true,"href":"https:\/\/www.caudete.org\/ayuntamiento\/wp-json\/wp\/v2\/comments?post=26545"}],"version-history":[{"count":4,"href":"https:\/\/www.caudete.org\/ayuntamiento\/wp-json\/wp\/v2\/posts\/26545\/revisions"}],"predecessor-version":[{"id":26557,"href":"https:\/\/www.caudete.org\/ayuntamiento\/wp-json\/wp\/v2\/posts\/26545\/revisions\/26557"}],"wp:featuredmedia":[{"embeddable":true,"href":"https:\/\/www.caudete.org\/ayuntamiento\/wp-json\/wp\/v2\/media\/26550"}],"wp:attachment":[{"href":"https:\/\/www.caudete.org\/ayuntamiento\/wp-json\/wp\/v2\/media?parent=26545"}],"wp:term":[{"taxonomy":"category","embeddable":true,"href":"https:\/\/www.caudete.org\/ayuntamiento\/wp-json\/wp\/v2\/categories?post=26545"},{"taxonomy":"post_tag","embeddable":true,"href":"https:\/\/www.caudete.org\/ayuntamiento\/wp-json\/wp\/v2\/tags?post=26545"}],"curies":[{"name":"wp","href":"https:\/\/api.w.org\/{rel}","templated":true}]}}