{"id":26576,"date":"2024-11-07T12:53:06","date_gmt":"2024-11-07T11:53:06","guid":{"rendered":"https:\/\/www.caudete.org\/ayuntamiento\/?p=26576"},"modified":"2024-11-07T13:10:41","modified_gmt":"2024-11-07T12:10:41","slug":"la-concejalia-de-cultura-presenta-la-llegada-de-la-gira-conmemorativa-del-ano-puccini-2024-el-domingo-10-de-noviembre-en-el-auditorio-municipal","status":"publish","type":"post","link":"https:\/\/www.caudete.org\/ayuntamiento\/la-concejalia-de-cultura-presenta-la-llegada-de-la-gira-conmemorativa-del-ano-puccini-2024-el-domingo-10-de-noviembre-en-el-auditorio-municipal\/","title":{"rendered":"Llega la Gira Conmemorativa del A\u00f1o Puccini 2024, el domingo 10 de noviembre a las 19:00h en el Auditorio Municipal"},"content":{"rendered":"<p>Dentro del programa de actividades presentado por la Concejal\u00eda de Cultura del ayuntamiento de Caudete, este a\u00f1o 2024 se conmemora el centenario del fallecimiento del ilustre compositor, Giacomo Puccini. Es por ello, que el Servicio de Educaci\u00f3n y Cultura de la Diputaci\u00f3n de Albacete ha organizado varios conciertos a lo largo y ancho de nuestro territorio, para acercar la \u00f3pera a la provincia y rendirle tributo a este genio de la l\u00edrica.<\/p>\n<p>Se ha estado trabajando mediante una\u00a0 gu\u00eda did\u00e1ctica elaborada para la ocasi\u00f3n con los alumnos de la Escuela Municipal de M\u00fasica y Danza con la pretensi\u00f3n de crear una herramienta, cuyo principal objetivo es realizar un acercamiento al repertorio y compositores de \u00f3pera, la zarzuela, el canto l\u00edrico, corrientes est\u00e9ticas y cultura musical en general.<\/p>\n<p>Para este m\u00e1gico concierto, la mezzosoprano Lorena Valero y el pianista \u00c1ngel Torres Baello nos deleitar\u00e1n con una selecci\u00f3n de arias de \u00f3pera y romanzas de zarzuela.<\/p>\n<p>Las invitaciones ya est\u00e1n disponibles en la Casa de Cultura.<\/p>\n<p><strong>Vive el Oto\u00f1o, en la Casa de la Cultura<\/strong><\/p>\n<p><a href=\"https:\/\/www.caudete.org\/ayuntamiento\/wp-content\/uploads\/2024\/11\/CartelPuccini24_page-0001.jpg\" rel='prettyPhoto'><img fetchpriority=\"high\" decoding=\"async\" class=\"alignnone size-full wp-image-26577\" src=\"https:\/\/www.caudete.org\/ayuntamiento\/wp-content\/uploads\/2024\/11\/CartelPuccini24_page-0001.jpg\" alt=\"\" width=\"711\" height=\"1000\" srcset=\"https:\/\/www.caudete.org\/ayuntamiento\/wp-content\/uploads\/2024\/11\/CartelPuccini24_page-0001.jpg 711w, https:\/\/www.caudete.org\/ayuntamiento\/wp-content\/uploads\/2024\/11\/CartelPuccini24_page-0001-213x300.jpg 213w\" sizes=\"(max-width: 711px) 100vw, 711px\" \/><\/a><\/p>\n","protected":false},"excerpt":{"rendered":"<p>Dentro del programa de actividades presentado por la Concejal\u00eda de Cultura del ayuntamiento de Caudete, este a\u00f1o 2024 se conmemora el centenario del fallecimiento del ilustre compositor, Giacomo Puccini. Es por ello, que el Servicio de Educaci\u00f3n y Cultura de la Diputaci\u00f3n de Albacete ha organizado varios conciertos a lo largo y ancho de nuestro &hellip;<\/p>\n","protected":false},"author":5,"featured_media":26578,"comment_status":"closed","ping_status":"open","sticky":false,"template":"","format":"standard","meta":{"ngg_post_thumbnail":0,"footnotes":""},"categories":[14],"tags":[],"class_list":["post-26576","post","type-post","status-publish","format-standard","has-post-thumbnail","hentry","category-cultura"],"yoast_head":"<!-- This site is optimized with the Yoast SEO plugin v27.5 - https:\/\/yoast.com\/product\/yoast-seo-wordpress\/ -->\n<title>Llega la Gira Conmemorativa del A\u00f1o Puccini 2024, el domingo 10 de noviembre a las 19:00h en el Auditorio Municipal - MI Ayuntamiento de Caudete<\/title>\n<meta name=\"description\" content=\"P\u00e1gina Oficial del Ayuntamiento de Caudete (Albacete)\" \/>\n<meta name=\"robots\" content=\"index, follow, max-snippet:-1, max-image-preview:large, max-video-preview:-1\" \/>\n<link rel=\"canonical\" href=\"https:\/\/www.caudete.org\/ayuntamiento\/la-concejalia-de-cultura-presenta-la-llegada-de-la-gira-conmemorativa-del-ano-puccini-2024-el-domingo-10-de-noviembre-en-el-auditorio-municipal\/\" \/>\n<meta property=\"og:locale\" content=\"es_ES\" \/>\n<meta property=\"og:type\" content=\"article\" \/>\n<meta property=\"og:title\" content=\"Llega la Gira Conmemorativa del A\u00f1o Puccini 2024, el domingo 10 de noviembre a las 19:00h en el Auditorio Municipal - MI Ayuntamiento de Caudete\" \/>\n<meta property=\"og:description\" content=\"P\u00e1gina Oficial del Ayuntamiento de Caudete (Albacete)\" \/>\n<meta property=\"og:url\" content=\"https:\/\/www.caudete.org\/ayuntamiento\/la-concejalia-de-cultura-presenta-la-llegada-de-la-gira-conmemorativa-del-ano-puccini-2024-el-domingo-10-de-noviembre-en-el-auditorio-municipal\/\" \/>\n<meta property=\"og:site_name\" content=\"MI Ayuntamiento de Caudete\" \/>\n<meta property=\"article:publisher\" content=\"https:\/\/www.facebook.com\/ayuntamientocaudete\/\" \/>\n<meta property=\"article:published_time\" content=\"2024-11-07T11:53:06+00:00\" \/>\n<meta property=\"article:modified_time\" content=\"2024-11-07T12:10:41+00:00\" \/>\n<meta property=\"og:image\" content=\"https:\/\/www.caudete.org\/ayuntamiento\/wp-content\/uploads\/2024\/11\/CartelPuccini24_page-0001-port.jpg\" \/>\n\t<meta property=\"og:image:width\" content=\"705\" \/>\n\t<meta property=\"og:image:height\" content=\"296\" \/>\n\t<meta property=\"og:image:type\" content=\"image\/jpeg\" \/>\n<meta name=\"author\" content=\"Dpto Informatica MI Ayuntamiento de Caudete\" \/>\n<meta name=\"twitter:card\" content=\"summary_large_image\" \/>\n<meta name=\"twitter:label1\" content=\"Escrito por\" \/>\n\t<meta name=\"twitter:data1\" content=\"Dpto Informatica MI Ayuntamiento de Caudete\" \/>\n\t<meta name=\"twitter:label2\" content=\"Tiempo de lectura\" \/>\n\t<meta name=\"twitter:data2\" content=\"2 minutos\" \/>\n<script type=\"application\/ld+json\" class=\"yoast-schema-graph\">{\"@context\":\"https:\\\/\\\/schema.org\",\"@graph\":[{\"@type\":\"Article\",\"@id\":\"https:\\\/\\\/www.caudete.org\\\/ayuntamiento\\\/la-concejalia-de-cultura-presenta-la-llegada-de-la-gira-conmemorativa-del-ano-puccini-2024-el-domingo-10-de-noviembre-en-el-auditorio-municipal\\\/#article\",\"isPartOf\":{\"@id\":\"https:\\\/\\\/www.caudete.org\\\/ayuntamiento\\\/la-concejalia-de-cultura-presenta-la-llegada-de-la-gira-conmemorativa-del-ano-puccini-2024-el-domingo-10-de-noviembre-en-el-auditorio-municipal\\\/\"},\"author\":{\"name\":\"Dpto Informatica MI Ayuntamiento de Caudete\",\"@id\":\"https:\\\/\\\/www.caudete.org\\\/ayuntamiento\\\/#\\\/schema\\\/person\\\/4b9eab41761957db9b1bf9c418d1ef46\"},\"headline\":\"Llega la Gira Conmemorativa del A\u00f1o Puccini 2024, el domingo 10 de noviembre a las 19:00h en el Auditorio Municipal\",\"datePublished\":\"2024-11-07T11:53:06+00:00\",\"dateModified\":\"2024-11-07T12:10:41+00:00\",\"mainEntityOfPage\":{\"@id\":\"https:\\\/\\\/www.caudete.org\\\/ayuntamiento\\\/la-concejalia-de-cultura-presenta-la-llegada-de-la-gira-conmemorativa-del-ano-puccini-2024-el-domingo-10-de-noviembre-en-el-auditorio-municipal\\\/\"},\"wordCount\":208,\"image\":{\"@id\":\"https:\\\/\\\/www.caudete.org\\\/ayuntamiento\\\/la-concejalia-de-cultura-presenta-la-llegada-de-la-gira-conmemorativa-del-ano-puccini-2024-el-domingo-10-de-noviembre-en-el-auditorio-municipal\\\/#primaryimage\"},\"thumbnailUrl\":\"https:\\\/\\\/www.caudete.org\\\/ayuntamiento\\\/wp-content\\\/uploads\\\/2024\\\/11\\\/CartelPuccini24_page-0001-port.jpg\",\"articleSection\":[\"Cultura\"],\"inLanguage\":\"es\"},{\"@type\":\"WebPage\",\"@id\":\"https:\\\/\\\/www.caudete.org\\\/ayuntamiento\\\/la-concejalia-de-cultura-presenta-la-llegada-de-la-gira-conmemorativa-del-ano-puccini-2024-el-domingo-10-de-noviembre-en-el-auditorio-municipal\\\/\",\"url\":\"https:\\\/\\\/www.caudete.org\\\/ayuntamiento\\\/la-concejalia-de-cultura-presenta-la-llegada-de-la-gira-conmemorativa-del-ano-puccini-2024-el-domingo-10-de-noviembre-en-el-auditorio-municipal\\\/\",\"name\":\"Llega la Gira Conmemorativa del A\u00f1o Puccini 2024, el domingo 10 de noviembre a las 19:00h en el Auditorio Municipal - MI Ayuntamiento de Caudete\",\"isPartOf\":{\"@id\":\"https:\\\/\\\/www.caudete.org\\\/ayuntamiento\\\/#website\"},\"primaryImageOfPage\":{\"@id\":\"https:\\\/\\\/www.caudete.org\\\/ayuntamiento\\\/la-concejalia-de-cultura-presenta-la-llegada-de-la-gira-conmemorativa-del-ano-puccini-2024-el-domingo-10-de-noviembre-en-el-auditorio-municipal\\\/#primaryimage\"},\"image\":{\"@id\":\"https:\\\/\\\/www.caudete.org\\\/ayuntamiento\\\/la-concejalia-de-cultura-presenta-la-llegada-de-la-gira-conmemorativa-del-ano-puccini-2024-el-domingo-10-de-noviembre-en-el-auditorio-municipal\\\/#primaryimage\"},\"thumbnailUrl\":\"https:\\\/\\\/www.caudete.org\\\/ayuntamiento\\\/wp-content\\\/uploads\\\/2024\\\/11\\\/CartelPuccini24_page-0001-port.jpg\",\"datePublished\":\"2024-11-07T11:53:06+00:00\",\"dateModified\":\"2024-11-07T12:10:41+00:00\",\"author\":{\"@id\":\"https:\\\/\\\/www.caudete.org\\\/ayuntamiento\\\/#\\\/schema\\\/person\\\/4b9eab41761957db9b1bf9c418d1ef46\"},\"description\":\"P\u00e1gina Oficial del Ayuntamiento de Caudete (Albacete)\",\"breadcrumb\":{\"@id\":\"https:\\\/\\\/www.caudete.org\\\/ayuntamiento\\\/la-concejalia-de-cultura-presenta-la-llegada-de-la-gira-conmemorativa-del-ano-puccini-2024-el-domingo-10-de-noviembre-en-el-auditorio-municipal\\\/#breadcrumb\"},\"inLanguage\":\"es\",\"potentialAction\":[{\"@type\":\"ReadAction\",\"target\":[\"https:\\\/\\\/www.caudete.org\\\/ayuntamiento\\\/la-concejalia-de-cultura-presenta-la-llegada-de-la-gira-conmemorativa-del-ano-puccini-2024-el-domingo-10-de-noviembre-en-el-auditorio-municipal\\\/\"]}]},{\"@type\":\"ImageObject\",\"inLanguage\":\"es\",\"@id\":\"https:\\\/\\\/www.caudete.org\\\/ayuntamiento\\\/la-concejalia-de-cultura-presenta-la-llegada-de-la-gira-conmemorativa-del-ano-puccini-2024-el-domingo-10-de-noviembre-en-el-auditorio-municipal\\\/#primaryimage\",\"url\":\"https:\\\/\\\/www.caudete.org\\\/ayuntamiento\\\/wp-content\\\/uploads\\\/2024\\\/11\\\/CartelPuccini24_page-0001-port.jpg\",\"contentUrl\":\"https:\\\/\\\/www.caudete.org\\\/ayuntamiento\\\/wp-content\\\/uploads\\\/2024\\\/11\\\/CartelPuccini24_page-0001-port.jpg\",\"width\":705,\"height\":296},{\"@type\":\"BreadcrumbList\",\"@id\":\"https:\\\/\\\/www.caudete.org\\\/ayuntamiento\\\/la-concejalia-de-cultura-presenta-la-llegada-de-la-gira-conmemorativa-del-ano-puccini-2024-el-domingo-10-de-noviembre-en-el-auditorio-municipal\\\/#breadcrumb\",\"itemListElement\":[{\"@type\":\"ListItem\",\"position\":1,\"name\":\"Inicio\",\"item\":\"https:\\\/\\\/www.caudete.org\\\/ayuntamiento\\\/\"},{\"@type\":\"ListItem\",\"position\":2,\"name\":\"Llega la Gira Conmemorativa del A\u00f1o Puccini 2024, el domingo 10 de noviembre a las 19:00h en el Auditorio Municipal\"}]},{\"@type\":\"WebSite\",\"@id\":\"https:\\\/\\\/www.caudete.org\\\/ayuntamiento\\\/#website\",\"url\":\"https:\\\/\\\/www.caudete.org\\\/ayuntamiento\\\/\",\"name\":\"MI Ayuntamiento de Caudete\",\"description\":\"P\u00e1gina Oficial del MI Ayuntamiento de Caudete\",\"potentialAction\":[{\"@type\":\"SearchAction\",\"target\":{\"@type\":\"EntryPoint\",\"urlTemplate\":\"https:\\\/\\\/www.caudete.org\\\/ayuntamiento\\\/?s={search_term_string}\"},\"query-input\":{\"@type\":\"PropertyValueSpecification\",\"valueRequired\":true,\"valueName\":\"search_term_string\"}}],\"inLanguage\":\"es\"},{\"@type\":\"Person\",\"@id\":\"https:\\\/\\\/www.caudete.org\\\/ayuntamiento\\\/#\\\/schema\\\/person\\\/4b9eab41761957db9b1bf9c418d1ef46\",\"name\":\"Dpto Informatica MI Ayuntamiento de Caudete\",\"image\":{\"@type\":\"ImageObject\",\"inLanguage\":\"es\",\"@id\":\"https:\\\/\\\/secure.gravatar.com\\\/avatar\\\/ac0321ee4a0a83e82a253e7b2d348ef539e2c8fe16d06b600bde04de1b364fa7?s=96&d=mm&r=g\",\"url\":\"https:\\\/\\\/secure.gravatar.com\\\/avatar\\\/ac0321ee4a0a83e82a253e7b2d348ef539e2c8fe16d06b600bde04de1b364fa7?s=96&d=mm&r=g\",\"contentUrl\":\"https:\\\/\\\/secure.gravatar.com\\\/avatar\\\/ac0321ee4a0a83e82a253e7b2d348ef539e2c8fe16d06b600bde04de1b364fa7?s=96&d=mm&r=g\",\"caption\":\"Dpto Informatica MI Ayuntamiento de Caudete\"},\"url\":\"https:\\\/\\\/www.caudete.org\\\/ayuntamiento\\\/author\\\/informatica\\\/\"}]}<\/script>\n<!-- \/ Yoast SEO plugin. -->","yoast_head_json":{"title":"Llega la Gira Conmemorativa del A\u00f1o Puccini 2024, el domingo 10 de noviembre a las 19:00h en el Auditorio Municipal - MI Ayuntamiento de Caudete","description":"P\u00e1gina Oficial del Ayuntamiento de Caudete (Albacete)","robots":{"index":"index","follow":"follow","max-snippet":"max-snippet:-1","max-image-preview":"max-image-preview:large","max-video-preview":"max-video-preview:-1"},"canonical":"https:\/\/www.caudete.org\/ayuntamiento\/la-concejalia-de-cultura-presenta-la-llegada-de-la-gira-conmemorativa-del-ano-puccini-2024-el-domingo-10-de-noviembre-en-el-auditorio-municipal\/","og_locale":"es_ES","og_type":"article","og_title":"Llega la Gira Conmemorativa del A\u00f1o Puccini 2024, el domingo 10 de noviembre a las 19:00h en el Auditorio Municipal - MI Ayuntamiento de Caudete","og_description":"P\u00e1gina Oficial del Ayuntamiento de Caudete (Albacete)","og_url":"https:\/\/www.caudete.org\/ayuntamiento\/la-concejalia-de-cultura-presenta-la-llegada-de-la-gira-conmemorativa-del-ano-puccini-2024-el-domingo-10-de-noviembre-en-el-auditorio-municipal\/","og_site_name":"MI Ayuntamiento de Caudete","article_publisher":"https:\/\/www.facebook.com\/ayuntamientocaudete\/","article_published_time":"2024-11-07T11:53:06+00:00","article_modified_time":"2024-11-07T12:10:41+00:00","og_image":[{"width":705,"height":296,"url":"https:\/\/www.caudete.org\/ayuntamiento\/wp-content\/uploads\/2024\/11\/CartelPuccini24_page-0001-port.jpg","type":"image\/jpeg"}],"author":"Dpto Informatica MI Ayuntamiento de Caudete","twitter_card":"summary_large_image","twitter_misc":{"Escrito por":"Dpto Informatica MI Ayuntamiento de Caudete","Tiempo de lectura":"2 minutos"},"schema":{"@context":"https:\/\/schema.org","@graph":[{"@type":"Article","@id":"https:\/\/www.caudete.org\/ayuntamiento\/la-concejalia-de-cultura-presenta-la-llegada-de-la-gira-conmemorativa-del-ano-puccini-2024-el-domingo-10-de-noviembre-en-el-auditorio-municipal\/#article","isPartOf":{"@id":"https:\/\/www.caudete.org\/ayuntamiento\/la-concejalia-de-cultura-presenta-la-llegada-de-la-gira-conmemorativa-del-ano-puccini-2024-el-domingo-10-de-noviembre-en-el-auditorio-municipal\/"},"author":{"name":"Dpto Informatica MI Ayuntamiento de Caudete","@id":"https:\/\/www.caudete.org\/ayuntamiento\/#\/schema\/person\/4b9eab41761957db9b1bf9c418d1ef46"},"headline":"Llega la Gira Conmemorativa del A\u00f1o Puccini 2024, el domingo 10 de noviembre a las 19:00h en el Auditorio Municipal","datePublished":"2024-11-07T11:53:06+00:00","dateModified":"2024-11-07T12:10:41+00:00","mainEntityOfPage":{"@id":"https:\/\/www.caudete.org\/ayuntamiento\/la-concejalia-de-cultura-presenta-la-llegada-de-la-gira-conmemorativa-del-ano-puccini-2024-el-domingo-10-de-noviembre-en-el-auditorio-municipal\/"},"wordCount":208,"image":{"@id":"https:\/\/www.caudete.org\/ayuntamiento\/la-concejalia-de-cultura-presenta-la-llegada-de-la-gira-conmemorativa-del-ano-puccini-2024-el-domingo-10-de-noviembre-en-el-auditorio-municipal\/#primaryimage"},"thumbnailUrl":"https:\/\/www.caudete.org\/ayuntamiento\/wp-content\/uploads\/2024\/11\/CartelPuccini24_page-0001-port.jpg","articleSection":["Cultura"],"inLanguage":"es"},{"@type":"WebPage","@id":"https:\/\/www.caudete.org\/ayuntamiento\/la-concejalia-de-cultura-presenta-la-llegada-de-la-gira-conmemorativa-del-ano-puccini-2024-el-domingo-10-de-noviembre-en-el-auditorio-municipal\/","url":"https:\/\/www.caudete.org\/ayuntamiento\/la-concejalia-de-cultura-presenta-la-llegada-de-la-gira-conmemorativa-del-ano-puccini-2024-el-domingo-10-de-noviembre-en-el-auditorio-municipal\/","name":"Llega la Gira Conmemorativa del A\u00f1o Puccini 2024, el domingo 10 de noviembre a las 19:00h en el Auditorio Municipal - MI Ayuntamiento de Caudete","isPartOf":{"@id":"https:\/\/www.caudete.org\/ayuntamiento\/#website"},"primaryImageOfPage":{"@id":"https:\/\/www.caudete.org\/ayuntamiento\/la-concejalia-de-cultura-presenta-la-llegada-de-la-gira-conmemorativa-del-ano-puccini-2024-el-domingo-10-de-noviembre-en-el-auditorio-municipal\/#primaryimage"},"image":{"@id":"https:\/\/www.caudete.org\/ayuntamiento\/la-concejalia-de-cultura-presenta-la-llegada-de-la-gira-conmemorativa-del-ano-puccini-2024-el-domingo-10-de-noviembre-en-el-auditorio-municipal\/#primaryimage"},"thumbnailUrl":"https:\/\/www.caudete.org\/ayuntamiento\/wp-content\/uploads\/2024\/11\/CartelPuccini24_page-0001-port.jpg","datePublished":"2024-11-07T11:53:06+00:00","dateModified":"2024-11-07T12:10:41+00:00","author":{"@id":"https:\/\/www.caudete.org\/ayuntamiento\/#\/schema\/person\/4b9eab41761957db9b1bf9c418d1ef46"},"description":"P\u00e1gina Oficial del Ayuntamiento de Caudete (Albacete)","breadcrumb":{"@id":"https:\/\/www.caudete.org\/ayuntamiento\/la-concejalia-de-cultura-presenta-la-llegada-de-la-gira-conmemorativa-del-ano-puccini-2024-el-domingo-10-de-noviembre-en-el-auditorio-municipal\/#breadcrumb"},"inLanguage":"es","potentialAction":[{"@type":"ReadAction","target":["https:\/\/www.caudete.org\/ayuntamiento\/la-concejalia-de-cultura-presenta-la-llegada-de-la-gira-conmemorativa-del-ano-puccini-2024-el-domingo-10-de-noviembre-en-el-auditorio-municipal\/"]}]},{"@type":"ImageObject","inLanguage":"es","@id":"https:\/\/www.caudete.org\/ayuntamiento\/la-concejalia-de-cultura-presenta-la-llegada-de-la-gira-conmemorativa-del-ano-puccini-2024-el-domingo-10-de-noviembre-en-el-auditorio-municipal\/#primaryimage","url":"https:\/\/www.caudete.org\/ayuntamiento\/wp-content\/uploads\/2024\/11\/CartelPuccini24_page-0001-port.jpg","contentUrl":"https:\/\/www.caudete.org\/ayuntamiento\/wp-content\/uploads\/2024\/11\/CartelPuccini24_page-0001-port.jpg","width":705,"height":296},{"@type":"BreadcrumbList","@id":"https:\/\/www.caudete.org\/ayuntamiento\/la-concejalia-de-cultura-presenta-la-llegada-de-la-gira-conmemorativa-del-ano-puccini-2024-el-domingo-10-de-noviembre-en-el-auditorio-municipal\/#breadcrumb","itemListElement":[{"@type":"ListItem","position":1,"name":"Inicio","item":"https:\/\/www.caudete.org\/ayuntamiento\/"},{"@type":"ListItem","position":2,"name":"Llega la Gira Conmemorativa del A\u00f1o Puccini 2024, el domingo 10 de noviembre a las 19:00h en el Auditorio Municipal"}]},{"@type":"WebSite","@id":"https:\/\/www.caudete.org\/ayuntamiento\/#website","url":"https:\/\/www.caudete.org\/ayuntamiento\/","name":"MI Ayuntamiento de Caudete","description":"P\u00e1gina Oficial del MI Ayuntamiento de Caudete","potentialAction":[{"@type":"SearchAction","target":{"@type":"EntryPoint","urlTemplate":"https:\/\/www.caudete.org\/ayuntamiento\/?s={search_term_string}"},"query-input":{"@type":"PropertyValueSpecification","valueRequired":true,"valueName":"search_term_string"}}],"inLanguage":"es"},{"@type":"Person","@id":"https:\/\/www.caudete.org\/ayuntamiento\/#\/schema\/person\/4b9eab41761957db9b1bf9c418d1ef46","name":"Dpto Informatica MI Ayuntamiento de Caudete","image":{"@type":"ImageObject","inLanguage":"es","@id":"https:\/\/secure.gravatar.com\/avatar\/ac0321ee4a0a83e82a253e7b2d348ef539e2c8fe16d06b600bde04de1b364fa7?s=96&d=mm&r=g","url":"https:\/\/secure.gravatar.com\/avatar\/ac0321ee4a0a83e82a253e7b2d348ef539e2c8fe16d06b600bde04de1b364fa7?s=96&d=mm&r=g","contentUrl":"https:\/\/secure.gravatar.com\/avatar\/ac0321ee4a0a83e82a253e7b2d348ef539e2c8fe16d06b600bde04de1b364fa7?s=96&d=mm&r=g","caption":"Dpto Informatica MI Ayuntamiento de Caudete"},"url":"https:\/\/www.caudete.org\/ayuntamiento\/author\/informatica\/"}]}},"_links":{"self":[{"href":"https:\/\/www.caudete.org\/ayuntamiento\/wp-json\/wp\/v2\/posts\/26576","targetHints":{"allow":["GET"]}}],"collection":[{"href":"https:\/\/www.caudete.org\/ayuntamiento\/wp-json\/wp\/v2\/posts"}],"about":[{"href":"https:\/\/www.caudete.org\/ayuntamiento\/wp-json\/wp\/v2\/types\/post"}],"author":[{"embeddable":true,"href":"https:\/\/www.caudete.org\/ayuntamiento\/wp-json\/wp\/v2\/users\/5"}],"replies":[{"embeddable":true,"href":"https:\/\/www.caudete.org\/ayuntamiento\/wp-json\/wp\/v2\/comments?post=26576"}],"version-history":[{"count":4,"href":"https:\/\/www.caudete.org\/ayuntamiento\/wp-json\/wp\/v2\/posts\/26576\/revisions"}],"predecessor-version":[{"id":26582,"href":"https:\/\/www.caudete.org\/ayuntamiento\/wp-json\/wp\/v2\/posts\/26576\/revisions\/26582"}],"wp:featuredmedia":[{"embeddable":true,"href":"https:\/\/www.caudete.org\/ayuntamiento\/wp-json\/wp\/v2\/media\/26578"}],"wp:attachment":[{"href":"https:\/\/www.caudete.org\/ayuntamiento\/wp-json\/wp\/v2\/media?parent=26576"}],"wp:term":[{"taxonomy":"category","embeddable":true,"href":"https:\/\/www.caudete.org\/ayuntamiento\/wp-json\/wp\/v2\/categories?post=26576"},{"taxonomy":"post_tag","embeddable":true,"href":"https:\/\/www.caudete.org\/ayuntamiento\/wp-json\/wp\/v2\/tags?post=26576"}],"curies":[{"name":"wp","href":"https:\/\/api.w.org\/{rel}","templated":true}]}}