{"id":26589,"date":"2024-11-11T12:02:09","date_gmt":"2024-11-11T11:02:09","guid":{"rendered":"https:\/\/www.caudete.org\/ayuntamiento\/?p=26589"},"modified":"2024-11-25T09:26:55","modified_gmt":"2024-11-25T08:26:55","slug":"semana-verde-para-ninos-y-jovenes","status":"publish","type":"post","link":"https:\/\/www.caudete.org\/ayuntamiento\/semana-verde-para-ninos-y-jovenes\/","title":{"rendered":"El 23 de noviembre se celebrar\u00e1n diversos talleres en la Semana Verde dirigidos a ni\u00f1os y j\u00f3venes"},"content":{"rendered":"<p>La Concejal\u00eda de Comercio, a trav\u00e9s de su Oficina de consumo, nos presenta como en a\u00f1os anteriores su Semana Verde.<br \/>\nEste a\u00f1o las actividades programadas dentro de esta campa\u00f1a van dirigidas como siempre al respeto por el medio ambiente, el conocimiento y valoraci\u00f3n del mismo objetivos importantes dentro de Agenda 2030.<\/p>\n<hr \/>\n<p><b>El s\u00e1bado <\/b><b>23 de noviembre<\/b> tendremos <span style=\"text-decoration: underline;\">varios talleres<\/span> dirigidos exclusivamente a la poblaci\u00f3n infantil y juvenil, los cuales se realizar\u00e1n en la <b>Sala Joven<\/b><b>:<\/b><\/p>\n<p><b>TALLER \u201cAVES RAPACES\u201d. CONCIENCIACI\u00d3N Y RESPETO<br \/>\n<\/b><\/p>\n<p>En Magic Eagle hemos desarrollado un proyecto pionero en el mundo basado en la terapia con aves rapaces en centros de educaci\u00f3n, se enmarca dentro de un proyecto que se titula &#8220;Tras las huellas de F\u00e9lix&#8221;, dirigido por la Bi\u00f3loga Odile Rodr\u00edguez de la Fuente, hija de Felix Rodr\u00edguez de la Fuente.<br \/>\nEste taller medioambiental consiste en los siguientes puntos que se detallan a continuaci\u00f3n:<\/p>\n<p>1\u00b0- Qui\u00e9n fue nuestro querido amigo F\u00e9lix<br \/>\n2\u00b0- Como cuidamos a nuestras aves<br \/>\n3\u00b0- Presentaci\u00f3n de las aves que tenemos en la asociaci\u00f3n.<br \/>\n4\u00ba- Caracter\u00edsticas de las diferentes aves rapaces:<br \/>\n&#8211; Diferencias entre aves rapaces nocturnas y diurnas.<br \/>\n&#8211; Capacidad auditiva.<br \/>\n&#8211; Campo de visi\u00f3n.<br \/>\n&#8211; Velocidad de vuelo.<br \/>\n&#8211; Alimentaci\u00f3n.<br \/>\n&#8211; Esperanza de vida.<br \/>\n&#8211; Habilidades.<\/p>\n<p>5\u00b0- Contacto con las aves. Podr\u00e1n tocarlas, darles de comer y sentir su magia<\/p>\n<p>Se trata de una actividad bastante interactiva en la cual los ni\u00f1os pueden explorar su curiosidad realizando todas las preguntas que quieran en cualquier momento, y siempre se permite un tiempo para el disfrute de las aves y para la reflexi\u00f3n, lo m\u00e1s importante es transmitir el mensaje de concienciar a los ni\u00f1os en cuidar, respetar y proteger la naturaleza.<br \/>\n<b>Hora: <\/b>11:00 a 12:30 horas<br \/>\n<b>Taller dirigido a ni\u00f1os\/as a partir de 10 a\u00f1os<br \/>\n<\/b><b>Inscripciones online: <a href=\"https:\/\/forms.gle\/qSVhSz9ge927eYSD8\" target=\"_blank\" rel=\"nofollow\">https:\/\/forms.gle\/qSVhSz9ge927eYSD8<\/a><br \/>\n<\/b><b><\/b><\/p>\n<p><a href=\"https:\/\/www.caudete.org\/ayuntamiento\/wp-content\/uploads\/2024\/11\/videoframe_0.jpg\" rel='prettyPhoto'><img fetchpriority=\"high\" decoding=\"async\" class=\"alignnone size-full wp-image-26594\" src=\"https:\/\/www.caudete.org\/ayuntamiento\/wp-content\/uploads\/2024\/11\/videoframe_0.jpg\" alt=\"\" width=\"563\" height=\"1000\" srcset=\"https:\/\/www.caudete.org\/ayuntamiento\/wp-content\/uploads\/2024\/11\/videoframe_0.jpg 563w, https:\/\/www.caudete.org\/ayuntamiento\/wp-content\/uploads\/2024\/11\/videoframe_0-169x300.jpg 169w\" sizes=\"(max-width: 563px) 100vw, 563px\" \/><\/a><\/p>\n<hr \/>\n<p><b>GYMKANA POR EL PLANETA<br \/>\n<\/b>Una de las formas m\u00e1s \u00fatiles de ayudar a la Tierra, a nuestros compa\u00f1eros de Planeta y a nosotros mismos a vivir en un Planeta m\u00e1s saludable, es tratar de ser lo m\u00e1s conscientes posibles de todo lo que nos rodea y c\u00f3mo podemos ayudar. <b>Aprenderlo jugando es todav\u00eda mejor.<br \/>\n<\/b><b>Taller dirigido a ni\u00f1os\/as de 7 a 9 a\u00f1os<br \/>\n<\/b><b>Hora: <\/b>17:30 a 18:30 horas<br \/>\n<strong>Inscripciones online: <\/strong><a href=\"https:\/\/forms.gle\/LneNT6Cv4LVV5uxt5\" target=\"_blank\" rel=\"nofollow\"><strong>https:\/\/forms.gle\/LneNT6Cv4LVV5uxt5<\/strong><\/a><\/p>\n<p><a href=\"https:\/\/www.caudete.org\/ayuntamiento\/wp-content\/uploads\/2024\/11\/11406919_1575569832667831_2980112765525645324_n.jpg\" rel='prettyPhoto'><img decoding=\"async\" class=\"alignnone size-full wp-image-26595\" src=\"https:\/\/www.caudete.org\/ayuntamiento\/wp-content\/uploads\/2024\/11\/11406919_1575569832667831_2980112765525645324_n.jpg\" alt=\"\" width=\"400\" height=\"300\" srcset=\"https:\/\/www.caudete.org\/ayuntamiento\/wp-content\/uploads\/2024\/11\/11406919_1575569832667831_2980112765525645324_n.jpg 400w, https:\/\/www.caudete.org\/ayuntamiento\/wp-content\/uploads\/2024\/11\/11406919_1575569832667831_2980112765525645324_n-300x225.jpg 300w\" sizes=\"(max-width: 400px) 100vw, 400px\" \/><\/a><\/p>\n<hr \/>\n<p><strong>TALLER \u201cHAZ TU PROPIO COMEDERO DE P\u00c1JAROS\u201d<\/strong><br \/>\nLas aves son las encargadas de darnos la bienvenida al mundo de la naturaleza, ya que son los animales m\u00e1s f\u00e1ciles de ver. Ser\u00e1n las gu\u00edas de un universo nuevo de conocimiento y disfrute apasionante.<br \/>\nPara ayudar a estas aves, hemos creado este taller, en el que con los participantes construiremos diferentes comederos para aves, mientras hablamos de todas estas cosas con bellas im\u00e1genes, v\u00eddeos y audios de las aves. Reutilizaremos materiales del d\u00eda a d\u00eda, salv\u00e1ndolos de convertirse en basura, y d\u00e1ndole un respiro a la naturaleza, como los tubos de cart\u00f3n del papel de WC. Tambi\u00e9n utilizaremos frutas de productores locales y de temporada.<br \/>\nAl acabar, nos podremos llevar los comederos que hemos hecho con nuestras manos y colgarlos, por ejemplo en nuestros balcones, llen\u00e1ndolos de semillas para brindarles a nuestros compa\u00f1eros alados nuevas oportunidades de supervivencia y de disfrute para nosotras.<br \/>\n<strong>Taller dirigido a ni\u00f1os\/as a partir de 10 a\u00f1os<\/strong><br \/>\n<strong>Hora:<\/strong> 19:00 a 20:00 horas<\/p>\n<p>Inscripciones : <a href=\"https:\/\/forms.gle\/cpfW8GfnjzbzXU3N7\" target=\"_blank\" rel=\"nofollow\">https:\/\/forms.gle\/cpfW8GfnjzbzXU3N7<\/a><\/p>\n<p><a href=\"https:\/\/www.caudete.org\/ayuntamiento\/wp-content\/uploads\/2024\/11\/JVS5239.jpg\" rel='prettyPhoto'><img decoding=\"async\" class=\"alignnone size-full wp-image-26597\" src=\"https:\/\/www.caudete.org\/ayuntamiento\/wp-content\/uploads\/2024\/11\/JVS5239.jpg\" alt=\"\" width=\"640\" height=\"425\" srcset=\"https:\/\/www.caudete.org\/ayuntamiento\/wp-content\/uploads\/2024\/11\/JVS5239.jpg 640w, https:\/\/www.caudete.org\/ayuntamiento\/wp-content\/uploads\/2024\/11\/JVS5239-300x199.jpg 300w\" sizes=\"(max-width: 640px) 100vw, 640px\" \/><\/a><\/p>\n<hr \/>\n<p><b>Las actividades se realizan en colaboraci\u00f3n con la Concejal\u00eda de Juventud.<br \/>\n<\/b><b>Inscripciones Online o presenciales en la Sala Joven a partir del 13 de noviembre hasta el 21 de noviembre.<\/b><\/p>\n<p>Estas <span style=\"font-family: Arial, sans-serif;\">actividades <\/span><span style=\"font-family: Arial, sans-serif;\">se encuentran<\/span><span style=\"font-family: Arial, sans-serif;\"> englobadas dentro de la subvenci\u00f3n recibida por parte de la Direcci\u00f3n General de Agenda 2030 y Consumo.<\/span><\/p>\n<p><a href=\"https:\/\/www.caudete.org\/ayuntamiento\/wp-content\/uploads\/2024\/11\/poster-actividades-3.jpg\" rel='prettyPhoto'><img loading=\"lazy\" decoding=\"async\" class=\"alignnone size-full wp-image-26607\" src=\"https:\/\/www.caudete.org\/ayuntamiento\/wp-content\/uploads\/2024\/11\/poster-actividades-3.jpg\" alt=\"\" width=\"707\" height=\"1000\" srcset=\"https:\/\/www.caudete.org\/ayuntamiento\/wp-content\/uploads\/2024\/11\/poster-actividades-3.jpg 707w, https:\/\/www.caudete.org\/ayuntamiento\/wp-content\/uploads\/2024\/11\/poster-actividades-3-212x300.jpg 212w\" sizes=\"(max-width: 707px) 100vw, 707px\" \/><\/a><\/p>\n","protected":false},"excerpt":{"rendered":"<p>La Concejal\u00eda de Comercio, a trav\u00e9s de su Oficina de consumo, nos presenta como en a\u00f1os anteriores su Semana Verde. Este a\u00f1o las actividades programadas dentro de esta campa\u00f1a van dirigidas como siempre al respeto por el medio ambiente, el conocimiento y valoraci\u00f3n del mismo objetivos importantes dentro de Agenda 2030. El s\u00e1bado 23 de &hellip;<\/p>\n","protected":false},"author":5,"featured_media":26590,"comment_status":"closed","ping_status":"open","sticky":false,"template":"","format":"standard","meta":{"ngg_post_thumbnail":0,"footnotes":""},"categories":[42],"tags":[],"class_list":["post-26589","post","type-post","status-publish","format-standard","has-post-thumbnail","hentry","category-comercio"],"yoast_head":"<!-- This site is optimized with the Yoast SEO plugin v27.5 - https:\/\/yoast.com\/product\/yoast-seo-wordpress\/ -->\n<title>El 23 de noviembre se celebrar\u00e1n diversos talleres en la Semana Verde dirigidos a ni\u00f1os y j\u00f3venes - MI Ayuntamiento de Caudete<\/title>\n<meta name=\"description\" content=\"P\u00e1gina Oficial del Ayuntamiento de Caudete (Albacete)\" \/>\n<meta name=\"robots\" content=\"index, follow, max-snippet:-1, max-image-preview:large, max-video-preview:-1\" \/>\n<link rel=\"canonical\" href=\"https:\/\/www.caudete.org\/ayuntamiento\/semana-verde-para-ninos-y-jovenes\/\" \/>\n<meta property=\"og:locale\" content=\"es_ES\" \/>\n<meta property=\"og:type\" content=\"article\" \/>\n<meta property=\"og:title\" content=\"El 23 de noviembre se celebrar\u00e1n diversos talleres en la Semana Verde dirigidos a ni\u00f1os y j\u00f3venes - MI Ayuntamiento de Caudete\" \/>\n<meta property=\"og:description\" content=\"P\u00e1gina Oficial del Ayuntamiento de Caudete (Albacete)\" \/>\n<meta property=\"og:url\" content=\"https:\/\/www.caudete.org\/ayuntamiento\/semana-verde-para-ninos-y-jovenes\/\" \/>\n<meta property=\"og:site_name\" content=\"MI Ayuntamiento de Caudete\" \/>\n<meta property=\"article:publisher\" content=\"https:\/\/www.facebook.com\/ayuntamientocaudete\/\" \/>\n<meta property=\"article:published_time\" content=\"2024-11-11T11:02:09+00:00\" \/>\n<meta property=\"article:modified_time\" content=\"2024-11-25T08:26:55+00:00\" \/>\n<meta property=\"og:image\" content=\"https:\/\/www.caudete.org\/ayuntamiento\/wp-content\/uploads\/2024\/11\/poster-actividades-2-port.jpg\" \/>\n\t<meta property=\"og:image:width\" content=\"707\" \/>\n\t<meta property=\"og:image:height\" content=\"221\" \/>\n\t<meta property=\"og:image:type\" content=\"image\/jpeg\" \/>\n<meta name=\"author\" content=\"Dpto Informatica MI Ayuntamiento de Caudete\" \/>\n<meta name=\"twitter:card\" content=\"summary_large_image\" \/>\n<meta name=\"twitter:label1\" content=\"Escrito por\" \/>\n\t<meta name=\"twitter:data1\" content=\"Dpto Informatica MI Ayuntamiento de Caudete\" \/>\n\t<meta name=\"twitter:label2\" content=\"Tiempo de lectura\" \/>\n\t<meta name=\"twitter:data2\" content=\"4 minutos\" \/>\n<script type=\"application\/ld+json\" class=\"yoast-schema-graph\">{\"@context\":\"https:\\\/\\\/schema.org\",\"@graph\":[{\"@type\":\"Article\",\"@id\":\"https:\\\/\\\/www.caudete.org\\\/ayuntamiento\\\/semana-verde-para-ninos-y-jovenes\\\/#article\",\"isPartOf\":{\"@id\":\"https:\\\/\\\/www.caudete.org\\\/ayuntamiento\\\/semana-verde-para-ninos-y-jovenes\\\/\"},\"author\":{\"name\":\"Dpto Informatica MI Ayuntamiento de Caudete\",\"@id\":\"https:\\\/\\\/www.caudete.org\\\/ayuntamiento\\\/#\\\/schema\\\/person\\\/4b9eab41761957db9b1bf9c418d1ef46\"},\"headline\":\"El 23 de noviembre se celebrar\u00e1n diversos talleres en la Semana Verde dirigidos a ni\u00f1os y j\u00f3venes\",\"datePublished\":\"2024-11-11T11:02:09+00:00\",\"dateModified\":\"2024-11-25T08:26:55+00:00\",\"mainEntityOfPage\":{\"@id\":\"https:\\\/\\\/www.caudete.org\\\/ayuntamiento\\\/semana-verde-para-ninos-y-jovenes\\\/\"},\"wordCount\":665,\"image\":{\"@id\":\"https:\\\/\\\/www.caudete.org\\\/ayuntamiento\\\/semana-verde-para-ninos-y-jovenes\\\/#primaryimage\"},\"thumbnailUrl\":\"https:\\\/\\\/www.caudete.org\\\/ayuntamiento\\\/wp-content\\\/uploads\\\/2024\\\/11\\\/poster-actividades-2-port.jpg\",\"articleSection\":[\"Comercio\"],\"inLanguage\":\"es\"},{\"@type\":\"WebPage\",\"@id\":\"https:\\\/\\\/www.caudete.org\\\/ayuntamiento\\\/semana-verde-para-ninos-y-jovenes\\\/\",\"url\":\"https:\\\/\\\/www.caudete.org\\\/ayuntamiento\\\/semana-verde-para-ninos-y-jovenes\\\/\",\"name\":\"El 23 de noviembre se celebrar\u00e1n diversos talleres en la Semana Verde dirigidos a ni\u00f1os y j\u00f3venes - MI Ayuntamiento de Caudete\",\"isPartOf\":{\"@id\":\"https:\\\/\\\/www.caudete.org\\\/ayuntamiento\\\/#website\"},\"primaryImageOfPage\":{\"@id\":\"https:\\\/\\\/www.caudete.org\\\/ayuntamiento\\\/semana-verde-para-ninos-y-jovenes\\\/#primaryimage\"},\"image\":{\"@id\":\"https:\\\/\\\/www.caudete.org\\\/ayuntamiento\\\/semana-verde-para-ninos-y-jovenes\\\/#primaryimage\"},\"thumbnailUrl\":\"https:\\\/\\\/www.caudete.org\\\/ayuntamiento\\\/wp-content\\\/uploads\\\/2024\\\/11\\\/poster-actividades-2-port.jpg\",\"datePublished\":\"2024-11-11T11:02:09+00:00\",\"dateModified\":\"2024-11-25T08:26:55+00:00\",\"author\":{\"@id\":\"https:\\\/\\\/www.caudete.org\\\/ayuntamiento\\\/#\\\/schema\\\/person\\\/4b9eab41761957db9b1bf9c418d1ef46\"},\"description\":\"P\u00e1gina Oficial del Ayuntamiento de Caudete (Albacete)\",\"breadcrumb\":{\"@id\":\"https:\\\/\\\/www.caudete.org\\\/ayuntamiento\\\/semana-verde-para-ninos-y-jovenes\\\/#breadcrumb\"},\"inLanguage\":\"es\",\"potentialAction\":[{\"@type\":\"ReadAction\",\"target\":[\"https:\\\/\\\/www.caudete.org\\\/ayuntamiento\\\/semana-verde-para-ninos-y-jovenes\\\/\"]}]},{\"@type\":\"ImageObject\",\"inLanguage\":\"es\",\"@id\":\"https:\\\/\\\/www.caudete.org\\\/ayuntamiento\\\/semana-verde-para-ninos-y-jovenes\\\/#primaryimage\",\"url\":\"https:\\\/\\\/www.caudete.org\\\/ayuntamiento\\\/wp-content\\\/uploads\\\/2024\\\/11\\\/poster-actividades-2-port.jpg\",\"contentUrl\":\"https:\\\/\\\/www.caudete.org\\\/ayuntamiento\\\/wp-content\\\/uploads\\\/2024\\\/11\\\/poster-actividades-2-port.jpg\",\"width\":707,\"height\":221},{\"@type\":\"BreadcrumbList\",\"@id\":\"https:\\\/\\\/www.caudete.org\\\/ayuntamiento\\\/semana-verde-para-ninos-y-jovenes\\\/#breadcrumb\",\"itemListElement\":[{\"@type\":\"ListItem\",\"position\":1,\"name\":\"Inicio\",\"item\":\"https:\\\/\\\/www.caudete.org\\\/ayuntamiento\\\/\"},{\"@type\":\"ListItem\",\"position\":2,\"name\":\"El 23 de noviembre se celebrar\u00e1n diversos talleres en la Semana Verde dirigidos a ni\u00f1os y j\u00f3venes\"}]},{\"@type\":\"WebSite\",\"@id\":\"https:\\\/\\\/www.caudete.org\\\/ayuntamiento\\\/#website\",\"url\":\"https:\\\/\\\/www.caudete.org\\\/ayuntamiento\\\/\",\"name\":\"MI Ayuntamiento de Caudete\",\"description\":\"P\u00e1gina Oficial del MI Ayuntamiento de Caudete\",\"potentialAction\":[{\"@type\":\"SearchAction\",\"target\":{\"@type\":\"EntryPoint\",\"urlTemplate\":\"https:\\\/\\\/www.caudete.org\\\/ayuntamiento\\\/?s={search_term_string}\"},\"query-input\":{\"@type\":\"PropertyValueSpecification\",\"valueRequired\":true,\"valueName\":\"search_term_string\"}}],\"inLanguage\":\"es\"},{\"@type\":\"Person\",\"@id\":\"https:\\\/\\\/www.caudete.org\\\/ayuntamiento\\\/#\\\/schema\\\/person\\\/4b9eab41761957db9b1bf9c418d1ef46\",\"name\":\"Dpto Informatica MI Ayuntamiento de Caudete\",\"image\":{\"@type\":\"ImageObject\",\"inLanguage\":\"es\",\"@id\":\"https:\\\/\\\/secure.gravatar.com\\\/avatar\\\/ac0321ee4a0a83e82a253e7b2d348ef539e2c8fe16d06b600bde04de1b364fa7?s=96&d=mm&r=g\",\"url\":\"https:\\\/\\\/secure.gravatar.com\\\/avatar\\\/ac0321ee4a0a83e82a253e7b2d348ef539e2c8fe16d06b600bde04de1b364fa7?s=96&d=mm&r=g\",\"contentUrl\":\"https:\\\/\\\/secure.gravatar.com\\\/avatar\\\/ac0321ee4a0a83e82a253e7b2d348ef539e2c8fe16d06b600bde04de1b364fa7?s=96&d=mm&r=g\",\"caption\":\"Dpto Informatica MI Ayuntamiento de Caudete\"},\"url\":\"https:\\\/\\\/www.caudete.org\\\/ayuntamiento\\\/author\\\/informatica\\\/\"}]}<\/script>\n<!-- \/ Yoast SEO plugin. -->","yoast_head_json":{"title":"El 23 de noviembre se celebrar\u00e1n diversos talleres en la Semana Verde dirigidos a ni\u00f1os y j\u00f3venes - MI Ayuntamiento de Caudete","description":"P\u00e1gina Oficial del Ayuntamiento de Caudete (Albacete)","robots":{"index":"index","follow":"follow","max-snippet":"max-snippet:-1","max-image-preview":"max-image-preview:large","max-video-preview":"max-video-preview:-1"},"canonical":"https:\/\/www.caudete.org\/ayuntamiento\/semana-verde-para-ninos-y-jovenes\/","og_locale":"es_ES","og_type":"article","og_title":"El 23 de noviembre se celebrar\u00e1n diversos talleres en la Semana Verde dirigidos a ni\u00f1os y j\u00f3venes - MI Ayuntamiento de Caudete","og_description":"P\u00e1gina Oficial del Ayuntamiento de Caudete (Albacete)","og_url":"https:\/\/www.caudete.org\/ayuntamiento\/semana-verde-para-ninos-y-jovenes\/","og_site_name":"MI Ayuntamiento de Caudete","article_publisher":"https:\/\/www.facebook.com\/ayuntamientocaudete\/","article_published_time":"2024-11-11T11:02:09+00:00","article_modified_time":"2024-11-25T08:26:55+00:00","og_image":[{"width":707,"height":221,"url":"https:\/\/www.caudete.org\/ayuntamiento\/wp-content\/uploads\/2024\/11\/poster-actividades-2-port.jpg","type":"image\/jpeg"}],"author":"Dpto Informatica MI Ayuntamiento de Caudete","twitter_card":"summary_large_image","twitter_misc":{"Escrito por":"Dpto Informatica MI Ayuntamiento de Caudete","Tiempo de lectura":"4 minutos"},"schema":{"@context":"https:\/\/schema.org","@graph":[{"@type":"Article","@id":"https:\/\/www.caudete.org\/ayuntamiento\/semana-verde-para-ninos-y-jovenes\/#article","isPartOf":{"@id":"https:\/\/www.caudete.org\/ayuntamiento\/semana-verde-para-ninos-y-jovenes\/"},"author":{"name":"Dpto Informatica MI Ayuntamiento de Caudete","@id":"https:\/\/www.caudete.org\/ayuntamiento\/#\/schema\/person\/4b9eab41761957db9b1bf9c418d1ef46"},"headline":"El 23 de noviembre se celebrar\u00e1n diversos talleres en la Semana Verde dirigidos a ni\u00f1os y j\u00f3venes","datePublished":"2024-11-11T11:02:09+00:00","dateModified":"2024-11-25T08:26:55+00:00","mainEntityOfPage":{"@id":"https:\/\/www.caudete.org\/ayuntamiento\/semana-verde-para-ninos-y-jovenes\/"},"wordCount":665,"image":{"@id":"https:\/\/www.caudete.org\/ayuntamiento\/semana-verde-para-ninos-y-jovenes\/#primaryimage"},"thumbnailUrl":"https:\/\/www.caudete.org\/ayuntamiento\/wp-content\/uploads\/2024\/11\/poster-actividades-2-port.jpg","articleSection":["Comercio"],"inLanguage":"es"},{"@type":"WebPage","@id":"https:\/\/www.caudete.org\/ayuntamiento\/semana-verde-para-ninos-y-jovenes\/","url":"https:\/\/www.caudete.org\/ayuntamiento\/semana-verde-para-ninos-y-jovenes\/","name":"El 23 de noviembre se celebrar\u00e1n diversos talleres en la Semana Verde dirigidos a ni\u00f1os y j\u00f3venes - MI Ayuntamiento de Caudete","isPartOf":{"@id":"https:\/\/www.caudete.org\/ayuntamiento\/#website"},"primaryImageOfPage":{"@id":"https:\/\/www.caudete.org\/ayuntamiento\/semana-verde-para-ninos-y-jovenes\/#primaryimage"},"image":{"@id":"https:\/\/www.caudete.org\/ayuntamiento\/semana-verde-para-ninos-y-jovenes\/#primaryimage"},"thumbnailUrl":"https:\/\/www.caudete.org\/ayuntamiento\/wp-content\/uploads\/2024\/11\/poster-actividades-2-port.jpg","datePublished":"2024-11-11T11:02:09+00:00","dateModified":"2024-11-25T08:26:55+00:00","author":{"@id":"https:\/\/www.caudete.org\/ayuntamiento\/#\/schema\/person\/4b9eab41761957db9b1bf9c418d1ef46"},"description":"P\u00e1gina Oficial del Ayuntamiento de Caudete (Albacete)","breadcrumb":{"@id":"https:\/\/www.caudete.org\/ayuntamiento\/semana-verde-para-ninos-y-jovenes\/#breadcrumb"},"inLanguage":"es","potentialAction":[{"@type":"ReadAction","target":["https:\/\/www.caudete.org\/ayuntamiento\/semana-verde-para-ninos-y-jovenes\/"]}]},{"@type":"ImageObject","inLanguage":"es","@id":"https:\/\/www.caudete.org\/ayuntamiento\/semana-verde-para-ninos-y-jovenes\/#primaryimage","url":"https:\/\/www.caudete.org\/ayuntamiento\/wp-content\/uploads\/2024\/11\/poster-actividades-2-port.jpg","contentUrl":"https:\/\/www.caudete.org\/ayuntamiento\/wp-content\/uploads\/2024\/11\/poster-actividades-2-port.jpg","width":707,"height":221},{"@type":"BreadcrumbList","@id":"https:\/\/www.caudete.org\/ayuntamiento\/semana-verde-para-ninos-y-jovenes\/#breadcrumb","itemListElement":[{"@type":"ListItem","position":1,"name":"Inicio","item":"https:\/\/www.caudete.org\/ayuntamiento\/"},{"@type":"ListItem","position":2,"name":"El 23 de noviembre se celebrar\u00e1n diversos talleres en la Semana Verde dirigidos a ni\u00f1os y j\u00f3venes"}]},{"@type":"WebSite","@id":"https:\/\/www.caudete.org\/ayuntamiento\/#website","url":"https:\/\/www.caudete.org\/ayuntamiento\/","name":"MI Ayuntamiento de Caudete","description":"P\u00e1gina Oficial del MI Ayuntamiento de Caudete","potentialAction":[{"@type":"SearchAction","target":{"@type":"EntryPoint","urlTemplate":"https:\/\/www.caudete.org\/ayuntamiento\/?s={search_term_string}"},"query-input":{"@type":"PropertyValueSpecification","valueRequired":true,"valueName":"search_term_string"}}],"inLanguage":"es"},{"@type":"Person","@id":"https:\/\/www.caudete.org\/ayuntamiento\/#\/schema\/person\/4b9eab41761957db9b1bf9c418d1ef46","name":"Dpto Informatica MI Ayuntamiento de Caudete","image":{"@type":"ImageObject","inLanguage":"es","@id":"https:\/\/secure.gravatar.com\/avatar\/ac0321ee4a0a83e82a253e7b2d348ef539e2c8fe16d06b600bde04de1b364fa7?s=96&d=mm&r=g","url":"https:\/\/secure.gravatar.com\/avatar\/ac0321ee4a0a83e82a253e7b2d348ef539e2c8fe16d06b600bde04de1b364fa7?s=96&d=mm&r=g","contentUrl":"https:\/\/secure.gravatar.com\/avatar\/ac0321ee4a0a83e82a253e7b2d348ef539e2c8fe16d06b600bde04de1b364fa7?s=96&d=mm&r=g","caption":"Dpto Informatica MI Ayuntamiento de Caudete"},"url":"https:\/\/www.caudete.org\/ayuntamiento\/author\/informatica\/"}]}},"_links":{"self":[{"href":"https:\/\/www.caudete.org\/ayuntamiento\/wp-json\/wp\/v2\/posts\/26589","targetHints":{"allow":["GET"]}}],"collection":[{"href":"https:\/\/www.caudete.org\/ayuntamiento\/wp-json\/wp\/v2\/posts"}],"about":[{"href":"https:\/\/www.caudete.org\/ayuntamiento\/wp-json\/wp\/v2\/types\/post"}],"author":[{"embeddable":true,"href":"https:\/\/www.caudete.org\/ayuntamiento\/wp-json\/wp\/v2\/users\/5"}],"replies":[{"embeddable":true,"href":"https:\/\/www.caudete.org\/ayuntamiento\/wp-json\/wp\/v2\/comments?post=26589"}],"version-history":[{"count":10,"href":"https:\/\/www.caudete.org\/ayuntamiento\/wp-json\/wp\/v2\/posts\/26589\/revisions"}],"predecessor-version":[{"id":26659,"href":"https:\/\/www.caudete.org\/ayuntamiento\/wp-json\/wp\/v2\/posts\/26589\/revisions\/26659"}],"wp:featuredmedia":[{"embeddable":true,"href":"https:\/\/www.caudete.org\/ayuntamiento\/wp-json\/wp\/v2\/media\/26590"}],"wp:attachment":[{"href":"https:\/\/www.caudete.org\/ayuntamiento\/wp-json\/wp\/v2\/media?parent=26589"}],"wp:term":[{"taxonomy":"category","embeddable":true,"href":"https:\/\/www.caudete.org\/ayuntamiento\/wp-json\/wp\/v2\/categories?post=26589"},{"taxonomy":"post_tag","embeddable":true,"href":"https:\/\/www.caudete.org\/ayuntamiento\/wp-json\/wp\/v2\/tags?post=26589"}],"curies":[{"name":"wp","href":"https:\/\/api.w.org\/{rel}","templated":true}]}}