{"id":26609,"date":"2024-11-13T09:00:29","date_gmt":"2024-11-13T08:00:29","guid":{"rendered":"https:\/\/www.caudete.org\/ayuntamiento\/?p=26609"},"modified":"2024-11-13T07:13:08","modified_gmt":"2024-11-13T06:13:08","slug":"adjudicadas-las-obras-de-urbanizacion-para-ampliar-el-cementerio-por-3623108","status":"publish","type":"post","link":"https:\/\/www.caudete.org\/ayuntamiento\/adjudicadas-las-obras-de-urbanizacion-para-ampliar-el-cementerio-por-3623108\/","title":{"rendered":"Adjudicadas las obras de urbanizaci\u00f3n para ampliar el Cementerio por 36.231&#8217;08\u20ac"},"content":{"rendered":"<p style=\"text-align: justify;\">El Alcalde Mois\u00e9s L\u00f3pez, ha informado acerca de las obras de urbanizaci\u00f3n que permitir\u00e1n ampliar el Cementerio Municipal, las cuales colmatar\u00e1n al 100% el espacio habilitado en el recinto actual, y que permitir\u00e1 albergar Nichos, Panteones, Sepulturas y Osario.<\/p>\n<p style=\"text-align: justify;\">Las obras, licitadas por un valor de 36.231&#8217;08\u20ac permitir\u00e1n desarrollar las obras de urbanizaci\u00f3n necesarias sobre las que ir desarrollando las unidades de enterramiento necesarias a corto-medio plazo. Adem\u00e1s, dar\u00e1n soluci\u00f3n a necesidades generales funcionales y a la demanda de particulares en cuanto a tipolog\u00eda de UDE&#8217;s.<\/p>\n<p style=\"text-align: justify;\">El terreno se encuentra localizado al fondo del Cementerio nuevo, sobre un terreno hasta ahora virgen de aproximadamente 975m<sup>2<\/sup> separado del espacio en uso por una valla met\u00e1lica y cipreses de peque\u00f1o porte, y perimetreado con el exterior por un muro de f\u00e1brica de ladrillo como el conjunto del recinto.<\/p>\n<p style=\"text-align: justify;\">Su dise\u00f1o mantiene el esquema actual (amplitud de calles) con ligeras modificaciones (dimensiones de manzanas y presencia de vegetaci\u00f3n, agua e iluminaci\u00f3n).<\/p>\n<p><a href=\"https:\/\/www.caudete.org\/ayuntamiento\/wp-content\/uploads\/2024\/11\/esquema-urbanizacion-cementerio.jpg\" rel='prettyPhoto'><img fetchpriority=\"high\" decoding=\"async\" class=\"alignnone wp-image-26610 size-full\" src=\"https:\/\/www.caudete.org\/ayuntamiento\/wp-content\/uploads\/2024\/11\/esquema-urbanizacion-cementerio.jpg\" alt=\"\" width=\"1113\" height=\"737\" srcset=\"https:\/\/www.caudete.org\/ayuntamiento\/wp-content\/uploads\/2024\/11\/esquema-urbanizacion-cementerio.jpg 1113w, https:\/\/www.caudete.org\/ayuntamiento\/wp-content\/uploads\/2024\/11\/esquema-urbanizacion-cementerio-300x199.jpg 300w, https:\/\/www.caudete.org\/ayuntamiento\/wp-content\/uploads\/2024\/11\/esquema-urbanizacion-cementerio-1024x678.jpg 1024w, https:\/\/www.caudete.org\/ayuntamiento\/wp-content\/uploads\/2024\/11\/esquema-urbanizacion-cementerio-768x509.jpg 768w\" sizes=\"(max-width: 1113px) 100vw, 1113px\" \/><\/a><\/p>\n<p style=\"text-align: justify;\">En cuanto a su distribuci\u00f3n, el lateral izquierdo se dise\u00f1a para albergar un bloque de Nichos adosados al muro actual, mientras que el muro del lateral derecho se prev\u00e9 sin construcciones anexas para poder ser eliminado en una futura ampliaci\u00f3n. Al fondo, se establece una franja adosada al muro para la definici\u00f3n de terrenos con destino a Panteones particulares, y sobre la esquina izquierda, el espacio necesario para ubicar en superficie el Osario General. La zona central, queda destinada a la construcci\u00f3n de Sepulturas de uso m\u00faltiple. Todo ello, rodeado de espacios para vegetaci\u00f3n baja y en altura que aporten sombra y colorido, as\u00ed como punto de agua e iluminaci\u00f3n.<\/p>\n<p style=\"text-align: justify;\">Las obras han sido adjudicadas a una empresa local, tras una licitaci\u00f3n a la que han sido invitadas hasta 10 empresas constructoras de la localidad, y las mismas han de estar finalizadas o pr\u00f3ximas a finalizar antes del 31\/12\/2024.<\/p>\n<p style=\"text-align: justify;\">La financiaci\u00f3n de las mismas corresponde en un 35% al M. I. Ayuntamiento de Caudete (12.680,88\u20ac) y el importe restante por la Excma. Diputaci\u00f3n Provincial de Albacete mediante la l\u00ednea de ayudas &#8220;Dipualba Responde&#8221; de la presente anualidad 2024.<\/p>\n<p>&nbsp;<\/p>\n","protected":false},"excerpt":{"rendered":"<p>El Alcalde Mois\u00e9s L\u00f3pez, ha informado acerca de las obras de urbanizaci\u00f3n que permitir\u00e1n ampliar el Cementerio Municipal, las cuales colmatar\u00e1n al 100% el espacio habilitado en el recinto actual, y que permitir\u00e1 albergar Nichos, Panteones, Sepulturas y Osario. Las obras, licitadas por un valor de 36.231&#8217;08\u20ac permitir\u00e1n desarrollar las obras de urbanizaci\u00f3n necesarias sobre &hellip;<\/p>\n","protected":false},"author":3,"featured_media":26611,"comment_status":"closed","ping_status":"open","sticky":false,"template":"","format":"standard","meta":{"ngg_post_thumbnail":0,"footnotes":""},"categories":[30],"tags":[],"class_list":["post-26609","post","type-post","status-publish","format-standard","has-post-thumbnail","hentry","category-cementerio"],"yoast_head":"<!-- This site is optimized with the Yoast SEO plugin v27.4 - https:\/\/yoast.com\/product\/yoast-seo-wordpress\/ -->\n<title>Adjudicadas las obras de urbanizaci\u00f3n para ampliar el Cementerio por 36.231&#039;08\u20ac - MI Ayuntamiento de Caudete<\/title>\n<meta name=\"description\" content=\"P\u00e1gina Oficial del Ayuntamiento de Caudete (Albacete)\" \/>\n<meta name=\"robots\" content=\"index, follow, max-snippet:-1, max-image-preview:large, max-video-preview:-1\" \/>\n<link rel=\"canonical\" href=\"https:\/\/www.caudete.org\/ayuntamiento\/adjudicadas-las-obras-de-urbanizacion-para-ampliar-el-cementerio-por-3623108\/\" \/>\n<meta property=\"og:locale\" content=\"es_ES\" \/>\n<meta property=\"og:type\" content=\"article\" \/>\n<meta property=\"og:title\" content=\"Adjudicadas las obras de urbanizaci\u00f3n para ampliar el Cementerio por 36.231&#039;08\u20ac - MI Ayuntamiento de Caudete\" \/>\n<meta property=\"og:description\" content=\"P\u00e1gina Oficial del Ayuntamiento de Caudete (Albacete)\" \/>\n<meta property=\"og:url\" content=\"https:\/\/www.caudete.org\/ayuntamiento\/adjudicadas-las-obras-de-urbanizacion-para-ampliar-el-cementerio-por-3623108\/\" \/>\n<meta property=\"og:site_name\" content=\"MI Ayuntamiento de Caudete\" \/>\n<meta property=\"article:publisher\" content=\"https:\/\/www.facebook.com\/ayuntamientocaudete\/\" \/>\n<meta property=\"article:published_time\" content=\"2024-11-13T08:00:29+00:00\" \/>\n<meta property=\"og:image\" content=\"https:\/\/www.caudete.org\/ayuntamiento\/wp-content\/uploads\/2024\/11\/ampliacion-cementerio.jpg\" \/>\n\t<meta property=\"og:image:width\" content=\"892\" \/>\n\t<meta property=\"og:image:height\" content=\"733\" \/>\n\t<meta property=\"og:image:type\" content=\"image\/jpeg\" \/>\n<meta name=\"author\" content=\"alcalde\" \/>\n<meta name=\"twitter:card\" content=\"summary_large_image\" \/>\n<meta name=\"twitter:label1\" content=\"Escrito por\" \/>\n\t<meta name=\"twitter:data1\" content=\"alcalde\" \/>\n\t<meta name=\"twitter:label2\" content=\"Tiempo de lectura\" \/>\n\t<meta name=\"twitter:data2\" content=\"2 minutos\" \/>\n<script type=\"application\/ld+json\" class=\"yoast-schema-graph\">{\"@context\":\"https:\\\/\\\/schema.org\",\"@graph\":[{\"@type\":\"Article\",\"@id\":\"https:\\\/\\\/www.caudete.org\\\/ayuntamiento\\\/adjudicadas-las-obras-de-urbanizacion-para-ampliar-el-cementerio-por-3623108\\\/#article\",\"isPartOf\":{\"@id\":\"https:\\\/\\\/www.caudete.org\\\/ayuntamiento\\\/adjudicadas-las-obras-de-urbanizacion-para-ampliar-el-cementerio-por-3623108\\\/\"},\"author\":{\"name\":\"alcalde\",\"@id\":\"https:\\\/\\\/www.caudete.org\\\/ayuntamiento\\\/#\\\/schema\\\/person\\\/cc646da9133078ee4d8dd47457947253\"},\"headline\":\"Adjudicadas las obras de urbanizaci\u00f3n para ampliar el Cementerio por 36.231&#8217;08\u20ac\",\"datePublished\":\"2024-11-13T08:00:29+00:00\",\"mainEntityOfPage\":{\"@id\":\"https:\\\/\\\/www.caudete.org\\\/ayuntamiento\\\/adjudicadas-las-obras-de-urbanizacion-para-ampliar-el-cementerio-por-3623108\\\/\"},\"wordCount\":382,\"publisher\":{\"@id\":\"https:\\\/\\\/www.caudete.org\\\/ayuntamiento\\\/#organization\"},\"image\":{\"@id\":\"https:\\\/\\\/www.caudete.org\\\/ayuntamiento\\\/adjudicadas-las-obras-de-urbanizacion-para-ampliar-el-cementerio-por-3623108\\\/#primaryimage\"},\"thumbnailUrl\":\"https:\\\/\\\/www.caudete.org\\\/ayuntamiento\\\/wp-content\\\/uploads\\\/2024\\\/11\\\/ampliacion-cementerio.jpg\",\"articleSection\":[\"Cementerio\"],\"inLanguage\":\"es\"},{\"@type\":\"WebPage\",\"@id\":\"https:\\\/\\\/www.caudete.org\\\/ayuntamiento\\\/adjudicadas-las-obras-de-urbanizacion-para-ampliar-el-cementerio-por-3623108\\\/\",\"url\":\"https:\\\/\\\/www.caudete.org\\\/ayuntamiento\\\/adjudicadas-las-obras-de-urbanizacion-para-ampliar-el-cementerio-por-3623108\\\/\",\"name\":\"Adjudicadas las obras de urbanizaci\u00f3n para ampliar el Cementerio por 36.231'08\u20ac - MI Ayuntamiento de Caudete\",\"isPartOf\":{\"@id\":\"https:\\\/\\\/www.caudete.org\\\/ayuntamiento\\\/#website\"},\"primaryImageOfPage\":{\"@id\":\"https:\\\/\\\/www.caudete.org\\\/ayuntamiento\\\/adjudicadas-las-obras-de-urbanizacion-para-ampliar-el-cementerio-por-3623108\\\/#primaryimage\"},\"image\":{\"@id\":\"https:\\\/\\\/www.caudete.org\\\/ayuntamiento\\\/adjudicadas-las-obras-de-urbanizacion-para-ampliar-el-cementerio-por-3623108\\\/#primaryimage\"},\"thumbnailUrl\":\"https:\\\/\\\/www.caudete.org\\\/ayuntamiento\\\/wp-content\\\/uploads\\\/2024\\\/11\\\/ampliacion-cementerio.jpg\",\"datePublished\":\"2024-11-13T08:00:29+00:00\",\"description\":\"P\u00e1gina Oficial del Ayuntamiento de Caudete (Albacete)\",\"breadcrumb\":{\"@id\":\"https:\\\/\\\/www.caudete.org\\\/ayuntamiento\\\/adjudicadas-las-obras-de-urbanizacion-para-ampliar-el-cementerio-por-3623108\\\/#breadcrumb\"},\"inLanguage\":\"es\",\"potentialAction\":[{\"@type\":\"ReadAction\",\"target\":[\"https:\\\/\\\/www.caudete.org\\\/ayuntamiento\\\/adjudicadas-las-obras-de-urbanizacion-para-ampliar-el-cementerio-por-3623108\\\/\"]}]},{\"@type\":\"ImageObject\",\"inLanguage\":\"es\",\"@id\":\"https:\\\/\\\/www.caudete.org\\\/ayuntamiento\\\/adjudicadas-las-obras-de-urbanizacion-para-ampliar-el-cementerio-por-3623108\\\/#primaryimage\",\"url\":\"https:\\\/\\\/www.caudete.org\\\/ayuntamiento\\\/wp-content\\\/uploads\\\/2024\\\/11\\\/ampliacion-cementerio.jpg\",\"contentUrl\":\"https:\\\/\\\/www.caudete.org\\\/ayuntamiento\\\/wp-content\\\/uploads\\\/2024\\\/11\\\/ampliacion-cementerio.jpg\",\"width\":892,\"height\":733},{\"@type\":\"BreadcrumbList\",\"@id\":\"https:\\\/\\\/www.caudete.org\\\/ayuntamiento\\\/adjudicadas-las-obras-de-urbanizacion-para-ampliar-el-cementerio-por-3623108\\\/#breadcrumb\",\"itemListElement\":[{\"@type\":\"ListItem\",\"position\":1,\"name\":\"Inicio\",\"item\":\"https:\\\/\\\/www.caudete.org\\\/ayuntamiento\\\/\"},{\"@type\":\"ListItem\",\"position\":2,\"name\":\"Adjudicadas las obras de urbanizaci\u00f3n para ampliar el Cementerio por 36.231&#8217;08\u20ac\"}]},{\"@type\":\"WebSite\",\"@id\":\"https:\\\/\\\/www.caudete.org\\\/ayuntamiento\\\/#website\",\"url\":\"https:\\\/\\\/www.caudete.org\\\/ayuntamiento\\\/\",\"name\":\"MI Ayuntamiento de Caudete\",\"description\":\"P\u00e1gina Oficial del MI Ayuntamiento de Caudete\",\"publisher\":{\"@id\":\"https:\\\/\\\/www.caudete.org\\\/ayuntamiento\\\/#organization\"},\"potentialAction\":[{\"@type\":\"SearchAction\",\"target\":{\"@type\":\"EntryPoint\",\"urlTemplate\":\"https:\\\/\\\/www.caudete.org\\\/ayuntamiento\\\/?s={search_term_string}\"},\"query-input\":{\"@type\":\"PropertyValueSpecification\",\"valueRequired\":true,\"valueName\":\"search_term_string\"}}],\"inLanguage\":\"es\"},{\"@type\":\"Organization\",\"@id\":\"https:\\\/\\\/www.caudete.org\\\/ayuntamiento\\\/#organization\",\"name\":\"Ayuntamiento de Caudete\",\"url\":\"https:\\\/\\\/www.caudete.org\\\/ayuntamiento\\\/\",\"logo\":{\"@type\":\"ImageObject\",\"inLanguage\":\"es\",\"@id\":\"https:\\\/\\\/www.caudete.org\\\/ayuntamiento\\\/#\\\/schema\\\/logo\\\/image\\\/\",\"url\":\"https:\\\/\\\/www.caudete.org\\\/ayuntamiento\\\/wp-content\\\/uploads\\\/2020\\\/11\\\/logo_ayuntamiento_caudete.jpg\",\"contentUrl\":\"https:\\\/\\\/www.caudete.org\\\/ayuntamiento\\\/wp-content\\\/uploads\\\/2020\\\/11\\\/logo_ayuntamiento_caudete.jpg\",\"width\":600,\"height\":150,\"caption\":\"Ayuntamiento de Caudete\"},\"image\":{\"@id\":\"https:\\\/\\\/www.caudete.org\\\/ayuntamiento\\\/#\\\/schema\\\/logo\\\/image\\\/\"},\"sameAs\":[\"https:\\\/\\\/www.facebook.com\\\/ayuntamientocaudete\\\/\",\"https:\\\/\\\/www.youtube.com\\\/channel\\\/UC6VztHaooNsGpw-tNoBEFnQ\"]},{\"@type\":\"Person\",\"@id\":\"https:\\\/\\\/www.caudete.org\\\/ayuntamiento\\\/#\\\/schema\\\/person\\\/cc646da9133078ee4d8dd47457947253\",\"name\":\"alcalde\",\"image\":{\"@type\":\"ImageObject\",\"inLanguage\":\"es\",\"@id\":\"https:\\\/\\\/secure.gravatar.com\\\/avatar\\\/84a817ba065b29ff08d666b215a215f5c79186a645ccb25b14a663d48a130f77?s=96&d=mm&r=g\",\"url\":\"https:\\\/\\\/secure.gravatar.com\\\/avatar\\\/84a817ba065b29ff08d666b215a215f5c79186a645ccb25b14a663d48a130f77?s=96&d=mm&r=g\",\"contentUrl\":\"https:\\\/\\\/secure.gravatar.com\\\/avatar\\\/84a817ba065b29ff08d666b215a215f5c79186a645ccb25b14a663d48a130f77?s=96&d=mm&r=g\",\"caption\":\"alcalde\"},\"url\":\"https:\\\/\\\/www.caudete.org\\\/ayuntamiento\\\/author\\\/alcalde\\\/\"}]}<\/script>\n<!-- \/ Yoast SEO plugin. -->","yoast_head_json":{"title":"Adjudicadas las obras de urbanizaci\u00f3n para ampliar el Cementerio por 36.231'08\u20ac - MI Ayuntamiento de Caudete","description":"P\u00e1gina Oficial del Ayuntamiento de Caudete (Albacete)","robots":{"index":"index","follow":"follow","max-snippet":"max-snippet:-1","max-image-preview":"max-image-preview:large","max-video-preview":"max-video-preview:-1"},"canonical":"https:\/\/www.caudete.org\/ayuntamiento\/adjudicadas-las-obras-de-urbanizacion-para-ampliar-el-cementerio-por-3623108\/","og_locale":"es_ES","og_type":"article","og_title":"Adjudicadas las obras de urbanizaci\u00f3n para ampliar el Cementerio por 36.231'08\u20ac - MI Ayuntamiento de Caudete","og_description":"P\u00e1gina Oficial del Ayuntamiento de Caudete (Albacete)","og_url":"https:\/\/www.caudete.org\/ayuntamiento\/adjudicadas-las-obras-de-urbanizacion-para-ampliar-el-cementerio-por-3623108\/","og_site_name":"MI Ayuntamiento de Caudete","article_publisher":"https:\/\/www.facebook.com\/ayuntamientocaudete\/","article_published_time":"2024-11-13T08:00:29+00:00","og_image":[{"width":892,"height":733,"url":"https:\/\/www.caudete.org\/ayuntamiento\/wp-content\/uploads\/2024\/11\/ampliacion-cementerio.jpg","type":"image\/jpeg"}],"author":"alcalde","twitter_card":"summary_large_image","twitter_misc":{"Escrito por":"alcalde","Tiempo de lectura":"2 minutos"},"schema":{"@context":"https:\/\/schema.org","@graph":[{"@type":"Article","@id":"https:\/\/www.caudete.org\/ayuntamiento\/adjudicadas-las-obras-de-urbanizacion-para-ampliar-el-cementerio-por-3623108\/#article","isPartOf":{"@id":"https:\/\/www.caudete.org\/ayuntamiento\/adjudicadas-las-obras-de-urbanizacion-para-ampliar-el-cementerio-por-3623108\/"},"author":{"name":"alcalde","@id":"https:\/\/www.caudete.org\/ayuntamiento\/#\/schema\/person\/cc646da9133078ee4d8dd47457947253"},"headline":"Adjudicadas las obras de urbanizaci\u00f3n para ampliar el Cementerio por 36.231&#8217;08\u20ac","datePublished":"2024-11-13T08:00:29+00:00","mainEntityOfPage":{"@id":"https:\/\/www.caudete.org\/ayuntamiento\/adjudicadas-las-obras-de-urbanizacion-para-ampliar-el-cementerio-por-3623108\/"},"wordCount":382,"publisher":{"@id":"https:\/\/www.caudete.org\/ayuntamiento\/#organization"},"image":{"@id":"https:\/\/www.caudete.org\/ayuntamiento\/adjudicadas-las-obras-de-urbanizacion-para-ampliar-el-cementerio-por-3623108\/#primaryimage"},"thumbnailUrl":"https:\/\/www.caudete.org\/ayuntamiento\/wp-content\/uploads\/2024\/11\/ampliacion-cementerio.jpg","articleSection":["Cementerio"],"inLanguage":"es"},{"@type":"WebPage","@id":"https:\/\/www.caudete.org\/ayuntamiento\/adjudicadas-las-obras-de-urbanizacion-para-ampliar-el-cementerio-por-3623108\/","url":"https:\/\/www.caudete.org\/ayuntamiento\/adjudicadas-las-obras-de-urbanizacion-para-ampliar-el-cementerio-por-3623108\/","name":"Adjudicadas las obras de urbanizaci\u00f3n para ampliar el Cementerio por 36.231'08\u20ac - MI Ayuntamiento de Caudete","isPartOf":{"@id":"https:\/\/www.caudete.org\/ayuntamiento\/#website"},"primaryImageOfPage":{"@id":"https:\/\/www.caudete.org\/ayuntamiento\/adjudicadas-las-obras-de-urbanizacion-para-ampliar-el-cementerio-por-3623108\/#primaryimage"},"image":{"@id":"https:\/\/www.caudete.org\/ayuntamiento\/adjudicadas-las-obras-de-urbanizacion-para-ampliar-el-cementerio-por-3623108\/#primaryimage"},"thumbnailUrl":"https:\/\/www.caudete.org\/ayuntamiento\/wp-content\/uploads\/2024\/11\/ampliacion-cementerio.jpg","datePublished":"2024-11-13T08:00:29+00:00","description":"P\u00e1gina Oficial del Ayuntamiento de Caudete (Albacete)","breadcrumb":{"@id":"https:\/\/www.caudete.org\/ayuntamiento\/adjudicadas-las-obras-de-urbanizacion-para-ampliar-el-cementerio-por-3623108\/#breadcrumb"},"inLanguage":"es","potentialAction":[{"@type":"ReadAction","target":["https:\/\/www.caudete.org\/ayuntamiento\/adjudicadas-las-obras-de-urbanizacion-para-ampliar-el-cementerio-por-3623108\/"]}]},{"@type":"ImageObject","inLanguage":"es","@id":"https:\/\/www.caudete.org\/ayuntamiento\/adjudicadas-las-obras-de-urbanizacion-para-ampliar-el-cementerio-por-3623108\/#primaryimage","url":"https:\/\/www.caudete.org\/ayuntamiento\/wp-content\/uploads\/2024\/11\/ampliacion-cementerio.jpg","contentUrl":"https:\/\/www.caudete.org\/ayuntamiento\/wp-content\/uploads\/2024\/11\/ampliacion-cementerio.jpg","width":892,"height":733},{"@type":"BreadcrumbList","@id":"https:\/\/www.caudete.org\/ayuntamiento\/adjudicadas-las-obras-de-urbanizacion-para-ampliar-el-cementerio-por-3623108\/#breadcrumb","itemListElement":[{"@type":"ListItem","position":1,"name":"Inicio","item":"https:\/\/www.caudete.org\/ayuntamiento\/"},{"@type":"ListItem","position":2,"name":"Adjudicadas las obras de urbanizaci\u00f3n para ampliar el Cementerio por 36.231&#8217;08\u20ac"}]},{"@type":"WebSite","@id":"https:\/\/www.caudete.org\/ayuntamiento\/#website","url":"https:\/\/www.caudete.org\/ayuntamiento\/","name":"MI Ayuntamiento de Caudete","description":"P\u00e1gina Oficial del MI Ayuntamiento de Caudete","publisher":{"@id":"https:\/\/www.caudete.org\/ayuntamiento\/#organization"},"potentialAction":[{"@type":"SearchAction","target":{"@type":"EntryPoint","urlTemplate":"https:\/\/www.caudete.org\/ayuntamiento\/?s={search_term_string}"},"query-input":{"@type":"PropertyValueSpecification","valueRequired":true,"valueName":"search_term_string"}}],"inLanguage":"es"},{"@type":"Organization","@id":"https:\/\/www.caudete.org\/ayuntamiento\/#organization","name":"Ayuntamiento de Caudete","url":"https:\/\/www.caudete.org\/ayuntamiento\/","logo":{"@type":"ImageObject","inLanguage":"es","@id":"https:\/\/www.caudete.org\/ayuntamiento\/#\/schema\/logo\/image\/","url":"https:\/\/www.caudete.org\/ayuntamiento\/wp-content\/uploads\/2020\/11\/logo_ayuntamiento_caudete.jpg","contentUrl":"https:\/\/www.caudete.org\/ayuntamiento\/wp-content\/uploads\/2020\/11\/logo_ayuntamiento_caudete.jpg","width":600,"height":150,"caption":"Ayuntamiento de Caudete"},"image":{"@id":"https:\/\/www.caudete.org\/ayuntamiento\/#\/schema\/logo\/image\/"},"sameAs":["https:\/\/www.facebook.com\/ayuntamientocaudete\/","https:\/\/www.youtube.com\/channel\/UC6VztHaooNsGpw-tNoBEFnQ"]},{"@type":"Person","@id":"https:\/\/www.caudete.org\/ayuntamiento\/#\/schema\/person\/cc646da9133078ee4d8dd47457947253","name":"alcalde","image":{"@type":"ImageObject","inLanguage":"es","@id":"https:\/\/secure.gravatar.com\/avatar\/84a817ba065b29ff08d666b215a215f5c79186a645ccb25b14a663d48a130f77?s=96&d=mm&r=g","url":"https:\/\/secure.gravatar.com\/avatar\/84a817ba065b29ff08d666b215a215f5c79186a645ccb25b14a663d48a130f77?s=96&d=mm&r=g","contentUrl":"https:\/\/secure.gravatar.com\/avatar\/84a817ba065b29ff08d666b215a215f5c79186a645ccb25b14a663d48a130f77?s=96&d=mm&r=g","caption":"alcalde"},"url":"https:\/\/www.caudete.org\/ayuntamiento\/author\/alcalde\/"}]}},"_links":{"self":[{"href":"https:\/\/www.caudete.org\/ayuntamiento\/wp-json\/wp\/v2\/posts\/26609","targetHints":{"allow":["GET"]}}],"collection":[{"href":"https:\/\/www.caudete.org\/ayuntamiento\/wp-json\/wp\/v2\/posts"}],"about":[{"href":"https:\/\/www.caudete.org\/ayuntamiento\/wp-json\/wp\/v2\/types\/post"}],"author":[{"embeddable":true,"href":"https:\/\/www.caudete.org\/ayuntamiento\/wp-json\/wp\/v2\/users\/3"}],"replies":[{"embeddable":true,"href":"https:\/\/www.caudete.org\/ayuntamiento\/wp-json\/wp\/v2\/comments?post=26609"}],"version-history":[{"count":1,"href":"https:\/\/www.caudete.org\/ayuntamiento\/wp-json\/wp\/v2\/posts\/26609\/revisions"}],"predecessor-version":[{"id":26612,"href":"https:\/\/www.caudete.org\/ayuntamiento\/wp-json\/wp\/v2\/posts\/26609\/revisions\/26612"}],"wp:featuredmedia":[{"embeddable":true,"href":"https:\/\/www.caudete.org\/ayuntamiento\/wp-json\/wp\/v2\/media\/26611"}],"wp:attachment":[{"href":"https:\/\/www.caudete.org\/ayuntamiento\/wp-json\/wp\/v2\/media?parent=26609"}],"wp:term":[{"taxonomy":"category","embeddable":true,"href":"https:\/\/www.caudete.org\/ayuntamiento\/wp-json\/wp\/v2\/categories?post=26609"},{"taxonomy":"post_tag","embeddable":true,"href":"https:\/\/www.caudete.org\/ayuntamiento\/wp-json\/wp\/v2\/tags?post=26609"}],"curies":[{"name":"wp","href":"https:\/\/api.w.org\/{rel}","templated":true}]}}