{"id":26634,"date":"2024-11-14T09:00:37","date_gmt":"2024-11-14T08:00:37","guid":{"rendered":"https:\/\/www.caudete.org\/ayuntamiento\/?p=26634"},"modified":"2024-11-18T13:11:20","modified_gmt":"2024-11-18T12:11:20","slug":"el-espectaculo-de-circo-ambulant-de-la-fam-produccions-llega-al-auditorio-municipal-el-domingo-17-de-noviembre-a-las-1830h","status":"publish","type":"post","link":"https:\/\/www.caudete.org\/ayuntamiento\/el-espectaculo-de-circo-ambulant-de-la-fam-produccions-llega-al-auditorio-municipal-el-domingo-17-de-noviembre-a-las-1830h\/","title":{"rendered":"El espect\u00e1culo de Circo \u201cAMBULANT\u201d de La Fam Produccions, llega al Auditorio Municipal el domingo 17 de noviembre a las 18:30h"},"content":{"rendered":"<p>Un peque\u00f1o y pintoresco circo acaba de llegar a la ciudad despu\u00e9s de recorrer centenares de kil\u00f3metros con sus carros cargados de maletas y ba\u00fales. Buscan el lugar id\u00f3neo en el que instalarse. Nadie sabe de d\u00f3nde vienen, pero cuentan que entre sus miembros est\u00e1n algunos de los m\u00e1s virtuosos artistas del espect\u00e1culo. Artistas y m\u00fasicos montan y preparan en directo toda la escenograf\u00eda para la funci\u00f3n.<br \/>\nEl circo es una gran familia en la que conviven juntos, comen juntos, duermen juntos, se enamoran, discuten, bailan, juegan, se pelean&#8230;<br \/>\nDentro de la Programaci\u00f3n Cultural de Oto\u00f1o 2024, la Concejal\u00eda de Cultura del ayuntamiento de Caudete presenta \u201cAMBULANT\u201d galardonado con el Premio al Mejor Espect\u00e1culo de Circo Feten 2024.<\/p>\n<p>Ambulant es un espect\u00e1culo circense de sala de gran formato, dirigido por el reconocido director Adrian Schvarzstein comediante, actor y director de circo y teatro de calle ,y que combina la m\u00fasica en directo con una elaborada puesta en escena. Es un homenaje a los \u00faltimos circos cl\u00e1sicos de principios del siglo XX. Una propuesta po\u00e9tica e intimista que versa alrededor de la idea del viaje a ninguna parte.<br \/>\nEl elenco de Ambulant se compone de diez artistas que llevan a cabo diferentes n\u00fameros circenses con t\u00e9cnicas como la b\u00e1scula coreana, el mano a mano, los malabares, el di\u00e1bolo, la barra fija, la rueda cyr y clown.<\/p>\n<p>Patrocinado por el programa de Artes esc\u00e9nicas de la Junta de Comunidades de Castilla la Mancha y Cultural Albacete \u201cAmbulat\u201d lleva el circo de los a\u00f1os 20 a la intimidad de un teatro.<\/p>\n<p>Las entradas ya est\u00e1n disponibles en la Casa de Cultura<\/p>\n<p>Vive el Oto\u00f1o, en la Casa de Cultura<\/p>\n<p><a href=\"https:\/\/www.caudete.org\/ayuntamiento\/wp-content\/uploads\/2024\/11\/ambulant.jpg\" rel='prettyPhoto'><img fetchpriority=\"high\" decoding=\"async\" class=\"alignnone size-full wp-image-26635\" src=\"https:\/\/www.caudete.org\/ayuntamiento\/wp-content\/uploads\/2024\/11\/ambulant.jpg\" alt=\"\" width=\"1000\" height=\"614\" srcset=\"https:\/\/www.caudete.org\/ayuntamiento\/wp-content\/uploads\/2024\/11\/ambulant.jpg 1000w, https:\/\/www.caudete.org\/ayuntamiento\/wp-content\/uploads\/2024\/11\/ambulant-300x184.jpg 300w, https:\/\/www.caudete.org\/ayuntamiento\/wp-content\/uploads\/2024\/11\/ambulant-768x472.jpg 768w\" sizes=\"(max-width: 1000px) 100vw, 1000px\" \/><\/a><\/p>\n<p><a href=\"https:\/\/www.caudete.org\/ayuntamiento\/wp-content\/uploads\/2024\/11\/ambulant1.jpg\" rel='prettyPhoto'><img decoding=\"async\" class=\"alignnone size-full wp-image-26636\" src=\"https:\/\/www.caudete.org\/ayuntamiento\/wp-content\/uploads\/2024\/11\/ambulant1.jpg\" alt=\"\" width=\"1000\" height=\"667\" srcset=\"https:\/\/www.caudete.org\/ayuntamiento\/wp-content\/uploads\/2024\/11\/ambulant1.jpg 1000w, https:\/\/www.caudete.org\/ayuntamiento\/wp-content\/uploads\/2024\/11\/ambulant1-300x200.jpg 300w, https:\/\/www.caudete.org\/ayuntamiento\/wp-content\/uploads\/2024\/11\/ambulant1-768x512.jpg 768w\" sizes=\"(max-width: 1000px) 100vw, 1000px\" \/><\/a> <a href=\"https:\/\/www.caudete.org\/ayuntamiento\/wp-content\/uploads\/2024\/11\/Cartel-Ambulants.jpg\" rel='prettyPhoto'><img decoding=\"async\" class=\"alignnone size-full wp-image-26637\" src=\"https:\/\/www.caudete.org\/ayuntamiento\/wp-content\/uploads\/2024\/11\/Cartel-Ambulants.jpg\" alt=\"\" width=\"707\" height=\"1000\" srcset=\"https:\/\/www.caudete.org\/ayuntamiento\/wp-content\/uploads\/2024\/11\/Cartel-Ambulants.jpg 707w, https:\/\/www.caudete.org\/ayuntamiento\/wp-content\/uploads\/2024\/11\/Cartel-Ambulants-212x300.jpg 212w\" sizes=\"(max-width: 707px) 100vw, 707px\" \/><\/a><\/p>\n","protected":false},"excerpt":{"rendered":"<p>Un peque\u00f1o y pintoresco circo acaba de llegar a la ciudad despu\u00e9s de recorrer centenares de kil\u00f3metros con sus carros cargados de maletas y ba\u00fales. Buscan el lugar id\u00f3neo en el que instalarse. Nadie sabe de d\u00f3nde vienen, pero cuentan que entre sus miembros est\u00e1n algunos de los m\u00e1s virtuosos artistas del espect\u00e1culo. Artistas y &hellip;<\/p>\n","protected":false},"author":5,"featured_media":26638,"comment_status":"closed","ping_status":"open","sticky":false,"template":"","format":"standard","meta":{"ngg_post_thumbnail":0,"footnotes":""},"categories":[14],"tags":[],"class_list":["post-26634","post","type-post","status-publish","format-standard","has-post-thumbnail","hentry","category-cultura"],"yoast_head":"<!-- This site is optimized with the Yoast SEO plugin v27.5 - https:\/\/yoast.com\/product\/yoast-seo-wordpress\/ -->\n<title>El espect\u00e1culo de Circo \u201cAMBULANT\u201d de La Fam Produccions, llega al Auditorio Municipal el domingo 17 de noviembre a las 18:30h - MI Ayuntamiento de Caudete<\/title>\n<meta name=\"description\" content=\"P\u00e1gina Oficial del Ayuntamiento de Caudete (Albacete)\" \/>\n<meta name=\"robots\" content=\"index, follow, max-snippet:-1, max-image-preview:large, max-video-preview:-1\" \/>\n<link rel=\"canonical\" href=\"https:\/\/www.caudete.org\/ayuntamiento\/el-espectaculo-de-circo-ambulant-de-la-fam-produccions-llega-al-auditorio-municipal-el-domingo-17-de-noviembre-a-las-1830h\/\" \/>\n<meta property=\"og:locale\" content=\"es_ES\" \/>\n<meta property=\"og:type\" content=\"article\" \/>\n<meta property=\"og:title\" content=\"El espect\u00e1culo de Circo \u201cAMBULANT\u201d de La Fam Produccions, llega al Auditorio Municipal el domingo 17 de noviembre a las 18:30h - MI Ayuntamiento de Caudete\" \/>\n<meta property=\"og:description\" content=\"P\u00e1gina Oficial del Ayuntamiento de Caudete (Albacete)\" \/>\n<meta property=\"og:url\" content=\"https:\/\/www.caudete.org\/ayuntamiento\/el-espectaculo-de-circo-ambulant-de-la-fam-produccions-llega-al-auditorio-municipal-el-domingo-17-de-noviembre-a-las-1830h\/\" \/>\n<meta property=\"og:site_name\" content=\"MI Ayuntamiento de Caudete\" \/>\n<meta property=\"article:publisher\" content=\"https:\/\/www.facebook.com\/ayuntamientocaudete\/\" \/>\n<meta property=\"article:published_time\" content=\"2024-11-14T08:00:37+00:00\" \/>\n<meta property=\"article:modified_time\" content=\"2024-11-18T12:11:20+00:00\" \/>\n<meta property=\"og:image\" content=\"https:\/\/www.caudete.org\/ayuntamiento\/wp-content\/uploads\/2024\/11\/Cartel-Ambulants-port.jpg\" \/>\n\t<meta property=\"og:image:width\" content=\"1000\" \/>\n\t<meta property=\"og:image:height\" content=\"394\" \/>\n\t<meta property=\"og:image:type\" content=\"image\/jpeg\" \/>\n<meta name=\"author\" content=\"Dpto Informatica MI Ayuntamiento de Caudete\" \/>\n<meta name=\"twitter:card\" content=\"summary_large_image\" \/>\n<meta name=\"twitter:label1\" content=\"Escrito por\" \/>\n\t<meta name=\"twitter:data1\" content=\"Dpto Informatica MI Ayuntamiento de Caudete\" \/>\n\t<meta name=\"twitter:label2\" content=\"Tiempo de lectura\" \/>\n\t<meta name=\"twitter:data2\" content=\"3 minutos\" \/>\n<script type=\"application\/ld+json\" class=\"yoast-schema-graph\">{\"@context\":\"https:\\\/\\\/schema.org\",\"@graph\":[{\"@type\":\"Article\",\"@id\":\"https:\\\/\\\/www.caudete.org\\\/ayuntamiento\\\/el-espectaculo-de-circo-ambulant-de-la-fam-produccions-llega-al-auditorio-municipal-el-domingo-17-de-noviembre-a-las-1830h\\\/#article\",\"isPartOf\":{\"@id\":\"https:\\\/\\\/www.caudete.org\\\/ayuntamiento\\\/el-espectaculo-de-circo-ambulant-de-la-fam-produccions-llega-al-auditorio-municipal-el-domingo-17-de-noviembre-a-las-1830h\\\/\"},\"author\":{\"name\":\"Dpto Informatica MI Ayuntamiento de Caudete\",\"@id\":\"https:\\\/\\\/www.caudete.org\\\/ayuntamiento\\\/#\\\/schema\\\/person\\\/4b9eab41761957db9b1bf9c418d1ef46\"},\"headline\":\"El espect\u00e1culo de Circo \u201cAMBULANT\u201d de La Fam Produccions, llega al Auditorio Municipal el domingo 17 de noviembre a las 18:30h\",\"datePublished\":\"2024-11-14T08:00:37+00:00\",\"dateModified\":\"2024-11-18T12:11:20+00:00\",\"mainEntityOfPage\":{\"@id\":\"https:\\\/\\\/www.caudete.org\\\/ayuntamiento\\\/el-espectaculo-de-circo-ambulant-de-la-fam-produccions-llega-al-auditorio-municipal-el-domingo-17-de-noviembre-a-las-1830h\\\/\"},\"wordCount\":322,\"image\":{\"@id\":\"https:\\\/\\\/www.caudete.org\\\/ayuntamiento\\\/el-espectaculo-de-circo-ambulant-de-la-fam-produccions-llega-al-auditorio-municipal-el-domingo-17-de-noviembre-a-las-1830h\\\/#primaryimage\"},\"thumbnailUrl\":\"https:\\\/\\\/www.caudete.org\\\/ayuntamiento\\\/wp-content\\\/uploads\\\/2024\\\/11\\\/Cartel-Ambulants-port.jpg\",\"articleSection\":[\"Cultura\"],\"inLanguage\":\"es\"},{\"@type\":\"WebPage\",\"@id\":\"https:\\\/\\\/www.caudete.org\\\/ayuntamiento\\\/el-espectaculo-de-circo-ambulant-de-la-fam-produccions-llega-al-auditorio-municipal-el-domingo-17-de-noviembre-a-las-1830h\\\/\",\"url\":\"https:\\\/\\\/www.caudete.org\\\/ayuntamiento\\\/el-espectaculo-de-circo-ambulant-de-la-fam-produccions-llega-al-auditorio-municipal-el-domingo-17-de-noviembre-a-las-1830h\\\/\",\"name\":\"El espect\u00e1culo de Circo \u201cAMBULANT\u201d de La Fam Produccions, llega al Auditorio Municipal el domingo 17 de noviembre a las 18:30h - MI Ayuntamiento de Caudete\",\"isPartOf\":{\"@id\":\"https:\\\/\\\/www.caudete.org\\\/ayuntamiento\\\/#website\"},\"primaryImageOfPage\":{\"@id\":\"https:\\\/\\\/www.caudete.org\\\/ayuntamiento\\\/el-espectaculo-de-circo-ambulant-de-la-fam-produccions-llega-al-auditorio-municipal-el-domingo-17-de-noviembre-a-las-1830h\\\/#primaryimage\"},\"image\":{\"@id\":\"https:\\\/\\\/www.caudete.org\\\/ayuntamiento\\\/el-espectaculo-de-circo-ambulant-de-la-fam-produccions-llega-al-auditorio-municipal-el-domingo-17-de-noviembre-a-las-1830h\\\/#primaryimage\"},\"thumbnailUrl\":\"https:\\\/\\\/www.caudete.org\\\/ayuntamiento\\\/wp-content\\\/uploads\\\/2024\\\/11\\\/Cartel-Ambulants-port.jpg\",\"datePublished\":\"2024-11-14T08:00:37+00:00\",\"dateModified\":\"2024-11-18T12:11:20+00:00\",\"author\":{\"@id\":\"https:\\\/\\\/www.caudete.org\\\/ayuntamiento\\\/#\\\/schema\\\/person\\\/4b9eab41761957db9b1bf9c418d1ef46\"},\"description\":\"P\u00e1gina Oficial del Ayuntamiento de Caudete (Albacete)\",\"breadcrumb\":{\"@id\":\"https:\\\/\\\/www.caudete.org\\\/ayuntamiento\\\/el-espectaculo-de-circo-ambulant-de-la-fam-produccions-llega-al-auditorio-municipal-el-domingo-17-de-noviembre-a-las-1830h\\\/#breadcrumb\"},\"inLanguage\":\"es\",\"potentialAction\":[{\"@type\":\"ReadAction\",\"target\":[\"https:\\\/\\\/www.caudete.org\\\/ayuntamiento\\\/el-espectaculo-de-circo-ambulant-de-la-fam-produccions-llega-al-auditorio-municipal-el-domingo-17-de-noviembre-a-las-1830h\\\/\"]}]},{\"@type\":\"ImageObject\",\"inLanguage\":\"es\",\"@id\":\"https:\\\/\\\/www.caudete.org\\\/ayuntamiento\\\/el-espectaculo-de-circo-ambulant-de-la-fam-produccions-llega-al-auditorio-municipal-el-domingo-17-de-noviembre-a-las-1830h\\\/#primaryimage\",\"url\":\"https:\\\/\\\/www.caudete.org\\\/ayuntamiento\\\/wp-content\\\/uploads\\\/2024\\\/11\\\/Cartel-Ambulants-port.jpg\",\"contentUrl\":\"https:\\\/\\\/www.caudete.org\\\/ayuntamiento\\\/wp-content\\\/uploads\\\/2024\\\/11\\\/Cartel-Ambulants-port.jpg\",\"width\":1000,\"height\":394},{\"@type\":\"BreadcrumbList\",\"@id\":\"https:\\\/\\\/www.caudete.org\\\/ayuntamiento\\\/el-espectaculo-de-circo-ambulant-de-la-fam-produccions-llega-al-auditorio-municipal-el-domingo-17-de-noviembre-a-las-1830h\\\/#breadcrumb\",\"itemListElement\":[{\"@type\":\"ListItem\",\"position\":1,\"name\":\"Inicio\",\"item\":\"https:\\\/\\\/www.caudete.org\\\/ayuntamiento\\\/\"},{\"@type\":\"ListItem\",\"position\":2,\"name\":\"El espect\u00e1culo de Circo \u201cAMBULANT\u201d de La Fam Produccions, llega al Auditorio Municipal el domingo 17 de noviembre a las 18:30h\"}]},{\"@type\":\"WebSite\",\"@id\":\"https:\\\/\\\/www.caudete.org\\\/ayuntamiento\\\/#website\",\"url\":\"https:\\\/\\\/www.caudete.org\\\/ayuntamiento\\\/\",\"name\":\"MI Ayuntamiento de Caudete\",\"description\":\"P\u00e1gina Oficial del MI Ayuntamiento de Caudete\",\"potentialAction\":[{\"@type\":\"SearchAction\",\"target\":{\"@type\":\"EntryPoint\",\"urlTemplate\":\"https:\\\/\\\/www.caudete.org\\\/ayuntamiento\\\/?s={search_term_string}\"},\"query-input\":{\"@type\":\"PropertyValueSpecification\",\"valueRequired\":true,\"valueName\":\"search_term_string\"}}],\"inLanguage\":\"es\"},{\"@type\":\"Person\",\"@id\":\"https:\\\/\\\/www.caudete.org\\\/ayuntamiento\\\/#\\\/schema\\\/person\\\/4b9eab41761957db9b1bf9c418d1ef46\",\"name\":\"Dpto Informatica MI Ayuntamiento de Caudete\",\"image\":{\"@type\":\"ImageObject\",\"inLanguage\":\"es\",\"@id\":\"https:\\\/\\\/secure.gravatar.com\\\/avatar\\\/ac0321ee4a0a83e82a253e7b2d348ef539e2c8fe16d06b600bde04de1b364fa7?s=96&d=mm&r=g\",\"url\":\"https:\\\/\\\/secure.gravatar.com\\\/avatar\\\/ac0321ee4a0a83e82a253e7b2d348ef539e2c8fe16d06b600bde04de1b364fa7?s=96&d=mm&r=g\",\"contentUrl\":\"https:\\\/\\\/secure.gravatar.com\\\/avatar\\\/ac0321ee4a0a83e82a253e7b2d348ef539e2c8fe16d06b600bde04de1b364fa7?s=96&d=mm&r=g\",\"caption\":\"Dpto Informatica MI Ayuntamiento de Caudete\"},\"url\":\"https:\\\/\\\/www.caudete.org\\\/ayuntamiento\\\/author\\\/informatica\\\/\"}]}<\/script>\n<!-- \/ Yoast SEO plugin. -->","yoast_head_json":{"title":"El espect\u00e1culo de Circo \u201cAMBULANT\u201d de La Fam Produccions, llega al Auditorio Municipal el domingo 17 de noviembre a las 18:30h - MI Ayuntamiento de Caudete","description":"P\u00e1gina Oficial del Ayuntamiento de Caudete (Albacete)","robots":{"index":"index","follow":"follow","max-snippet":"max-snippet:-1","max-image-preview":"max-image-preview:large","max-video-preview":"max-video-preview:-1"},"canonical":"https:\/\/www.caudete.org\/ayuntamiento\/el-espectaculo-de-circo-ambulant-de-la-fam-produccions-llega-al-auditorio-municipal-el-domingo-17-de-noviembre-a-las-1830h\/","og_locale":"es_ES","og_type":"article","og_title":"El espect\u00e1culo de Circo \u201cAMBULANT\u201d de La Fam Produccions, llega al Auditorio Municipal el domingo 17 de noviembre a las 18:30h - MI Ayuntamiento de Caudete","og_description":"P\u00e1gina Oficial del Ayuntamiento de Caudete (Albacete)","og_url":"https:\/\/www.caudete.org\/ayuntamiento\/el-espectaculo-de-circo-ambulant-de-la-fam-produccions-llega-al-auditorio-municipal-el-domingo-17-de-noviembre-a-las-1830h\/","og_site_name":"MI Ayuntamiento de Caudete","article_publisher":"https:\/\/www.facebook.com\/ayuntamientocaudete\/","article_published_time":"2024-11-14T08:00:37+00:00","article_modified_time":"2024-11-18T12:11:20+00:00","og_image":[{"width":1000,"height":394,"url":"https:\/\/www.caudete.org\/ayuntamiento\/wp-content\/uploads\/2024\/11\/Cartel-Ambulants-port.jpg","type":"image\/jpeg"}],"author":"Dpto Informatica MI Ayuntamiento de Caudete","twitter_card":"summary_large_image","twitter_misc":{"Escrito por":"Dpto Informatica MI Ayuntamiento de Caudete","Tiempo de lectura":"3 minutos"},"schema":{"@context":"https:\/\/schema.org","@graph":[{"@type":"Article","@id":"https:\/\/www.caudete.org\/ayuntamiento\/el-espectaculo-de-circo-ambulant-de-la-fam-produccions-llega-al-auditorio-municipal-el-domingo-17-de-noviembre-a-las-1830h\/#article","isPartOf":{"@id":"https:\/\/www.caudete.org\/ayuntamiento\/el-espectaculo-de-circo-ambulant-de-la-fam-produccions-llega-al-auditorio-municipal-el-domingo-17-de-noviembre-a-las-1830h\/"},"author":{"name":"Dpto Informatica MI Ayuntamiento de Caudete","@id":"https:\/\/www.caudete.org\/ayuntamiento\/#\/schema\/person\/4b9eab41761957db9b1bf9c418d1ef46"},"headline":"El espect\u00e1culo de Circo \u201cAMBULANT\u201d de La Fam Produccions, llega al Auditorio Municipal el domingo 17 de noviembre a las 18:30h","datePublished":"2024-11-14T08:00:37+00:00","dateModified":"2024-11-18T12:11:20+00:00","mainEntityOfPage":{"@id":"https:\/\/www.caudete.org\/ayuntamiento\/el-espectaculo-de-circo-ambulant-de-la-fam-produccions-llega-al-auditorio-municipal-el-domingo-17-de-noviembre-a-las-1830h\/"},"wordCount":322,"image":{"@id":"https:\/\/www.caudete.org\/ayuntamiento\/el-espectaculo-de-circo-ambulant-de-la-fam-produccions-llega-al-auditorio-municipal-el-domingo-17-de-noviembre-a-las-1830h\/#primaryimage"},"thumbnailUrl":"https:\/\/www.caudete.org\/ayuntamiento\/wp-content\/uploads\/2024\/11\/Cartel-Ambulants-port.jpg","articleSection":["Cultura"],"inLanguage":"es"},{"@type":"WebPage","@id":"https:\/\/www.caudete.org\/ayuntamiento\/el-espectaculo-de-circo-ambulant-de-la-fam-produccions-llega-al-auditorio-municipal-el-domingo-17-de-noviembre-a-las-1830h\/","url":"https:\/\/www.caudete.org\/ayuntamiento\/el-espectaculo-de-circo-ambulant-de-la-fam-produccions-llega-al-auditorio-municipal-el-domingo-17-de-noviembre-a-las-1830h\/","name":"El espect\u00e1culo de Circo \u201cAMBULANT\u201d de La Fam Produccions, llega al Auditorio Municipal el domingo 17 de noviembre a las 18:30h - MI Ayuntamiento de Caudete","isPartOf":{"@id":"https:\/\/www.caudete.org\/ayuntamiento\/#website"},"primaryImageOfPage":{"@id":"https:\/\/www.caudete.org\/ayuntamiento\/el-espectaculo-de-circo-ambulant-de-la-fam-produccions-llega-al-auditorio-municipal-el-domingo-17-de-noviembre-a-las-1830h\/#primaryimage"},"image":{"@id":"https:\/\/www.caudete.org\/ayuntamiento\/el-espectaculo-de-circo-ambulant-de-la-fam-produccions-llega-al-auditorio-municipal-el-domingo-17-de-noviembre-a-las-1830h\/#primaryimage"},"thumbnailUrl":"https:\/\/www.caudete.org\/ayuntamiento\/wp-content\/uploads\/2024\/11\/Cartel-Ambulants-port.jpg","datePublished":"2024-11-14T08:00:37+00:00","dateModified":"2024-11-18T12:11:20+00:00","author":{"@id":"https:\/\/www.caudete.org\/ayuntamiento\/#\/schema\/person\/4b9eab41761957db9b1bf9c418d1ef46"},"description":"P\u00e1gina Oficial del Ayuntamiento de Caudete (Albacete)","breadcrumb":{"@id":"https:\/\/www.caudete.org\/ayuntamiento\/el-espectaculo-de-circo-ambulant-de-la-fam-produccions-llega-al-auditorio-municipal-el-domingo-17-de-noviembre-a-las-1830h\/#breadcrumb"},"inLanguage":"es","potentialAction":[{"@type":"ReadAction","target":["https:\/\/www.caudete.org\/ayuntamiento\/el-espectaculo-de-circo-ambulant-de-la-fam-produccions-llega-al-auditorio-municipal-el-domingo-17-de-noviembre-a-las-1830h\/"]}]},{"@type":"ImageObject","inLanguage":"es","@id":"https:\/\/www.caudete.org\/ayuntamiento\/el-espectaculo-de-circo-ambulant-de-la-fam-produccions-llega-al-auditorio-municipal-el-domingo-17-de-noviembre-a-las-1830h\/#primaryimage","url":"https:\/\/www.caudete.org\/ayuntamiento\/wp-content\/uploads\/2024\/11\/Cartel-Ambulants-port.jpg","contentUrl":"https:\/\/www.caudete.org\/ayuntamiento\/wp-content\/uploads\/2024\/11\/Cartel-Ambulants-port.jpg","width":1000,"height":394},{"@type":"BreadcrumbList","@id":"https:\/\/www.caudete.org\/ayuntamiento\/el-espectaculo-de-circo-ambulant-de-la-fam-produccions-llega-al-auditorio-municipal-el-domingo-17-de-noviembre-a-las-1830h\/#breadcrumb","itemListElement":[{"@type":"ListItem","position":1,"name":"Inicio","item":"https:\/\/www.caudete.org\/ayuntamiento\/"},{"@type":"ListItem","position":2,"name":"El espect\u00e1culo de Circo \u201cAMBULANT\u201d de La Fam Produccions, llega al Auditorio Municipal el domingo 17 de noviembre a las 18:30h"}]},{"@type":"WebSite","@id":"https:\/\/www.caudete.org\/ayuntamiento\/#website","url":"https:\/\/www.caudete.org\/ayuntamiento\/","name":"MI Ayuntamiento de Caudete","description":"P\u00e1gina Oficial del MI Ayuntamiento de Caudete","potentialAction":[{"@type":"SearchAction","target":{"@type":"EntryPoint","urlTemplate":"https:\/\/www.caudete.org\/ayuntamiento\/?s={search_term_string}"},"query-input":{"@type":"PropertyValueSpecification","valueRequired":true,"valueName":"search_term_string"}}],"inLanguage":"es"},{"@type":"Person","@id":"https:\/\/www.caudete.org\/ayuntamiento\/#\/schema\/person\/4b9eab41761957db9b1bf9c418d1ef46","name":"Dpto Informatica MI Ayuntamiento de Caudete","image":{"@type":"ImageObject","inLanguage":"es","@id":"https:\/\/secure.gravatar.com\/avatar\/ac0321ee4a0a83e82a253e7b2d348ef539e2c8fe16d06b600bde04de1b364fa7?s=96&d=mm&r=g","url":"https:\/\/secure.gravatar.com\/avatar\/ac0321ee4a0a83e82a253e7b2d348ef539e2c8fe16d06b600bde04de1b364fa7?s=96&d=mm&r=g","contentUrl":"https:\/\/secure.gravatar.com\/avatar\/ac0321ee4a0a83e82a253e7b2d348ef539e2c8fe16d06b600bde04de1b364fa7?s=96&d=mm&r=g","caption":"Dpto Informatica MI Ayuntamiento de Caudete"},"url":"https:\/\/www.caudete.org\/ayuntamiento\/author\/informatica\/"}]}},"_links":{"self":[{"href":"https:\/\/www.caudete.org\/ayuntamiento\/wp-json\/wp\/v2\/posts\/26634","targetHints":{"allow":["GET"]}}],"collection":[{"href":"https:\/\/www.caudete.org\/ayuntamiento\/wp-json\/wp\/v2\/posts"}],"about":[{"href":"https:\/\/www.caudete.org\/ayuntamiento\/wp-json\/wp\/v2\/types\/post"}],"author":[{"embeddable":true,"href":"https:\/\/www.caudete.org\/ayuntamiento\/wp-json\/wp\/v2\/users\/5"}],"replies":[{"embeddable":true,"href":"https:\/\/www.caudete.org\/ayuntamiento\/wp-json\/wp\/v2\/comments?post=26634"}],"version-history":[{"count":1,"href":"https:\/\/www.caudete.org\/ayuntamiento\/wp-json\/wp\/v2\/posts\/26634\/revisions"}],"predecessor-version":[{"id":26639,"href":"https:\/\/www.caudete.org\/ayuntamiento\/wp-json\/wp\/v2\/posts\/26634\/revisions\/26639"}],"wp:featuredmedia":[{"embeddable":true,"href":"https:\/\/www.caudete.org\/ayuntamiento\/wp-json\/wp\/v2\/media\/26638"}],"wp:attachment":[{"href":"https:\/\/www.caudete.org\/ayuntamiento\/wp-json\/wp\/v2\/media?parent=26634"}],"wp:term":[{"taxonomy":"category","embeddable":true,"href":"https:\/\/www.caudete.org\/ayuntamiento\/wp-json\/wp\/v2\/categories?post=26634"},{"taxonomy":"post_tag","embeddable":true,"href":"https:\/\/www.caudete.org\/ayuntamiento\/wp-json\/wp\/v2\/tags?post=26634"}],"curies":[{"name":"wp","href":"https:\/\/api.w.org\/{rel}","templated":true}]}}