{"id":26641,"date":"2024-11-14T09:00:29","date_gmt":"2024-11-14T08:00:29","guid":{"rendered":"https:\/\/www.caudete.org\/ayuntamiento\/?p=26641"},"modified":"2024-11-14T13:12:54","modified_gmt":"2024-11-14T12:12:54","slug":"caudete-se-sumerge-en-la-i-competicion-de-natacion-infantil","status":"publish","type":"post","link":"https:\/\/www.caudete.org\/ayuntamiento\/caudete-se-sumerge-en-la-i-competicion-de-natacion-infantil\/","title":{"rendered":"Caudete se sumerge en la I Competici\u00f3n de Nataci\u00f3n Infantil"},"content":{"rendered":"<p>La Concejal\u00eda de Deportes del Ayuntamiento de Caudete, en colaboraci\u00f3n con EBONE, se complace en anunciar la celebraci\u00f3n de la I Competici\u00f3n de Nataci\u00f3n Infantil. Este evento deportivo, dirigido a fomentar el deporte y la salud entre los m\u00e1s j\u00f3venes, tendr\u00e1 lugar el pr\u00f3ximo domingo <strong>24 de noviembre<\/strong> en la Piscina Cubierta Municipal, la competici\u00f3n empezar\u00e1 a las 9:30h<strong><br \/>\n<\/strong><br \/>\nLa competici\u00f3n est\u00e1 abierta a escolares de las categor\u00edas prebenjam\u00edn y benjam\u00edn, que podr\u00e1n elegir entre nadar 25 metros libres o 25 metros espalda, o ambas pruebas. Para las categor\u00edas alev\u00edn, infantil y junior, las opciones ser\u00e1n 50 metros libres o 50 metros espalda, o ambas.<\/p>\n<p>Las inscripciones se encuentran abiertas hasta el <strong>viernes 22 de noviembre<\/strong> en la Piscina Cubierta. El precio de participaci\u00f3n es de tan solo 3,5 euros.<\/p>\n<p>Como novedad, esta competici\u00f3n contar\u00e1 con la tecnolog\u00eda de <strong>nagi smartpool<\/strong>. Esta innovadora herramienta permitir\u00e1 obtener datos precisos sobre el rendimiento de cada nadador, como tiempos y distancias recorridas, ofreciendo as\u00ed una experiencia m\u00e1s completa y profesional.<\/p>\n<p>Pilar Egea, Concejal de Deportes, ha destacado la importancia de este evento: \u201cEsta competici\u00f3n es una oportunidad \u00fanica para que nuestros j\u00f3venes nadadores muestren su talento y disfruten del deporte. Adem\u00e1s, gracias a la colaboraci\u00f3n con EBONE y a la tecnolog\u00eda de nagi smartpool, estamos ofreciendo una experiencia de calidad que seguro ser\u00e1 inolvidable\u201d.<\/p>\n<p>La Concejal\u00eda de Deportes invita a todos los ni\u00f1os y ni\u00f1as interesados a participar en esta primera edici\u00f3n de la Competici\u00f3n de Nataci\u00f3n Infantil. Es una excelente ocasi\u00f3n para iniciarse en la competici\u00f3n, mejorar la t\u00e9cnica y, sobre todo, pasarlo en grande.<\/p>\n<p><strong>La Concejal\u00eda de Deportes del Ayuntamiento de Caudete<\/strong> apuesta por el deporte y la salud de los m\u00e1s j\u00f3venes, y esta competici\u00f3n es una muestra m\u00e1s de este compromiso.<br \/>\nPara m\u00e1s informaci\u00f3n: llamar al <strong>965828217<\/strong> (Piscina Cubierta)<\/p>\n<p><a href=\"https:\/\/www.caudete.org\/ayuntamiento\/wp-content\/uploads\/2024\/11\/Natacion-competi-infantil.jpg\" rel='prettyPhoto'><img fetchpriority=\"high\" decoding=\"async\" class=\"alignnone size-full wp-image-26650\" src=\"https:\/\/www.caudete.org\/ayuntamiento\/wp-content\/uploads\/2024\/11\/Natacion-competi-infantil.jpg\" alt=\"\" width=\"707\" height=\"1000\" srcset=\"https:\/\/www.caudete.org\/ayuntamiento\/wp-content\/uploads\/2024\/11\/Natacion-competi-infantil.jpg 707w, https:\/\/www.caudete.org\/ayuntamiento\/wp-content\/uploads\/2024\/11\/Natacion-competi-infantil-212x300.jpg 212w\" sizes=\"(max-width: 707px) 100vw, 707px\" \/><\/a><\/p>\n","protected":false},"excerpt":{"rendered":"<p>La Concejal\u00eda de Deportes del Ayuntamiento de Caudete, en colaboraci\u00f3n con EBONE, se complace en anunciar la celebraci\u00f3n de la I Competici\u00f3n de Nataci\u00f3n Infantil. Este evento deportivo, dirigido a fomentar el deporte y la salud entre los m\u00e1s j\u00f3venes, tendr\u00e1 lugar el pr\u00f3ximo domingo 24 de noviembre en la Piscina Cubierta Municipal, la competici\u00f3n &hellip;<\/p>\n","protected":false},"author":5,"featured_media":24301,"comment_status":"closed","ping_status":"open","sticky":false,"template":"","format":"standard","meta":{"ngg_post_thumbnail":0,"footnotes":""},"categories":[23],"tags":[],"class_list":["post-26641","post","type-post","status-publish","format-standard","has-post-thumbnail","hentry","category-deportes"],"yoast_head":"<!-- This site is optimized with the Yoast SEO plugin v27.5 - https:\/\/yoast.com\/product\/yoast-seo-wordpress\/ -->\n<title>Caudete se sumerge en la I Competici\u00f3n de Nataci\u00f3n Infantil - MI Ayuntamiento de Caudete<\/title>\n<meta name=\"description\" content=\"P\u00e1gina Oficial del Ayuntamiento de Caudete (Albacete)\" \/>\n<meta name=\"robots\" content=\"index, follow, max-snippet:-1, max-image-preview:large, max-video-preview:-1\" \/>\n<link rel=\"canonical\" href=\"https:\/\/www.caudete.org\/ayuntamiento\/caudete-se-sumerge-en-la-i-competicion-de-natacion-infantil\/\" \/>\n<meta property=\"og:locale\" content=\"es_ES\" \/>\n<meta property=\"og:type\" content=\"article\" \/>\n<meta property=\"og:title\" content=\"Caudete se sumerge en la I Competici\u00f3n de Nataci\u00f3n Infantil - MI Ayuntamiento de Caudete\" \/>\n<meta property=\"og:description\" content=\"P\u00e1gina Oficial del Ayuntamiento de Caudete (Albacete)\" \/>\n<meta property=\"og:url\" content=\"https:\/\/www.caudete.org\/ayuntamiento\/caudete-se-sumerge-en-la-i-competicion-de-natacion-infantil\/\" \/>\n<meta property=\"og:site_name\" content=\"MI Ayuntamiento de Caudete\" \/>\n<meta property=\"article:publisher\" content=\"https:\/\/www.facebook.com\/ayuntamientocaudete\/\" \/>\n<meta property=\"article:published_time\" content=\"2024-11-14T08:00:29+00:00\" \/>\n<meta property=\"article:modified_time\" content=\"2024-11-14T12:12:54+00:00\" \/>\n<meta property=\"og:image\" content=\"https:\/\/www.caudete.org\/ayuntamiento\/wp-content\/uploads\/2024\/02\/piscina.jpg\" \/>\n\t<meta property=\"og:image:width\" content=\"800\" \/>\n\t<meta property=\"og:image:height\" content=\"524\" \/>\n\t<meta property=\"og:image:type\" content=\"image\/jpeg\" \/>\n<meta name=\"author\" content=\"Dpto Informatica MI Ayuntamiento de Caudete\" \/>\n<meta name=\"twitter:card\" content=\"summary_large_image\" \/>\n<meta name=\"twitter:label1\" content=\"Escrito por\" \/>\n\t<meta name=\"twitter:data1\" content=\"Dpto Informatica MI Ayuntamiento de Caudete\" \/>\n\t<meta name=\"twitter:label2\" content=\"Tiempo de lectura\" \/>\n\t<meta name=\"twitter:data2\" content=\"2 minutos\" \/>\n<script type=\"application\/ld+json\" class=\"yoast-schema-graph\">{\"@context\":\"https:\\\/\\\/schema.org\",\"@graph\":[{\"@type\":\"Article\",\"@id\":\"https:\\\/\\\/www.caudete.org\\\/ayuntamiento\\\/caudete-se-sumerge-en-la-i-competicion-de-natacion-infantil\\\/#article\",\"isPartOf\":{\"@id\":\"https:\\\/\\\/www.caudete.org\\\/ayuntamiento\\\/caudete-se-sumerge-en-la-i-competicion-de-natacion-infantil\\\/\"},\"author\":{\"name\":\"Dpto Informatica MI Ayuntamiento de Caudete\",\"@id\":\"https:\\\/\\\/www.caudete.org\\\/ayuntamiento\\\/#\\\/schema\\\/person\\\/4b9eab41761957db9b1bf9c418d1ef46\"},\"headline\":\"Caudete se sumerge en la I Competici\u00f3n de Nataci\u00f3n Infantil\",\"datePublished\":\"2024-11-14T08:00:29+00:00\",\"dateModified\":\"2024-11-14T12:12:54+00:00\",\"mainEntityOfPage\":{\"@id\":\"https:\\\/\\\/www.caudete.org\\\/ayuntamiento\\\/caudete-se-sumerge-en-la-i-competicion-de-natacion-infantil\\\/\"},\"wordCount\":346,\"image\":{\"@id\":\"https:\\\/\\\/www.caudete.org\\\/ayuntamiento\\\/caudete-se-sumerge-en-la-i-competicion-de-natacion-infantil\\\/#primaryimage\"},\"thumbnailUrl\":\"https:\\\/\\\/www.caudete.org\\\/ayuntamiento\\\/wp-content\\\/uploads\\\/2024\\\/02\\\/piscina.jpg\",\"articleSection\":[\"Deportes\"],\"inLanguage\":\"es\"},{\"@type\":\"WebPage\",\"@id\":\"https:\\\/\\\/www.caudete.org\\\/ayuntamiento\\\/caudete-se-sumerge-en-la-i-competicion-de-natacion-infantil\\\/\",\"url\":\"https:\\\/\\\/www.caudete.org\\\/ayuntamiento\\\/caudete-se-sumerge-en-la-i-competicion-de-natacion-infantil\\\/\",\"name\":\"Caudete se sumerge en la I Competici\u00f3n de Nataci\u00f3n Infantil - MI Ayuntamiento de Caudete\",\"isPartOf\":{\"@id\":\"https:\\\/\\\/www.caudete.org\\\/ayuntamiento\\\/#website\"},\"primaryImageOfPage\":{\"@id\":\"https:\\\/\\\/www.caudete.org\\\/ayuntamiento\\\/caudete-se-sumerge-en-la-i-competicion-de-natacion-infantil\\\/#primaryimage\"},\"image\":{\"@id\":\"https:\\\/\\\/www.caudete.org\\\/ayuntamiento\\\/caudete-se-sumerge-en-la-i-competicion-de-natacion-infantil\\\/#primaryimage\"},\"thumbnailUrl\":\"https:\\\/\\\/www.caudete.org\\\/ayuntamiento\\\/wp-content\\\/uploads\\\/2024\\\/02\\\/piscina.jpg\",\"datePublished\":\"2024-11-14T08:00:29+00:00\",\"dateModified\":\"2024-11-14T12:12:54+00:00\",\"author\":{\"@id\":\"https:\\\/\\\/www.caudete.org\\\/ayuntamiento\\\/#\\\/schema\\\/person\\\/4b9eab41761957db9b1bf9c418d1ef46\"},\"description\":\"P\u00e1gina Oficial del Ayuntamiento de Caudete (Albacete)\",\"breadcrumb\":{\"@id\":\"https:\\\/\\\/www.caudete.org\\\/ayuntamiento\\\/caudete-se-sumerge-en-la-i-competicion-de-natacion-infantil\\\/#breadcrumb\"},\"inLanguage\":\"es\",\"potentialAction\":[{\"@type\":\"ReadAction\",\"target\":[\"https:\\\/\\\/www.caudete.org\\\/ayuntamiento\\\/caudete-se-sumerge-en-la-i-competicion-de-natacion-infantil\\\/\"]}]},{\"@type\":\"ImageObject\",\"inLanguage\":\"es\",\"@id\":\"https:\\\/\\\/www.caudete.org\\\/ayuntamiento\\\/caudete-se-sumerge-en-la-i-competicion-de-natacion-infantil\\\/#primaryimage\",\"url\":\"https:\\\/\\\/www.caudete.org\\\/ayuntamiento\\\/wp-content\\\/uploads\\\/2024\\\/02\\\/piscina.jpg\",\"contentUrl\":\"https:\\\/\\\/www.caudete.org\\\/ayuntamiento\\\/wp-content\\\/uploads\\\/2024\\\/02\\\/piscina.jpg\",\"width\":800,\"height\":524},{\"@type\":\"BreadcrumbList\",\"@id\":\"https:\\\/\\\/www.caudete.org\\\/ayuntamiento\\\/caudete-se-sumerge-en-la-i-competicion-de-natacion-infantil\\\/#breadcrumb\",\"itemListElement\":[{\"@type\":\"ListItem\",\"position\":1,\"name\":\"Inicio\",\"item\":\"https:\\\/\\\/www.caudete.org\\\/ayuntamiento\\\/\"},{\"@type\":\"ListItem\",\"position\":2,\"name\":\"Caudete se sumerge en la I Competici\u00f3n de Nataci\u00f3n Infantil\"}]},{\"@type\":\"WebSite\",\"@id\":\"https:\\\/\\\/www.caudete.org\\\/ayuntamiento\\\/#website\",\"url\":\"https:\\\/\\\/www.caudete.org\\\/ayuntamiento\\\/\",\"name\":\"MI Ayuntamiento de Caudete\",\"description\":\"P\u00e1gina Oficial del MI Ayuntamiento de Caudete\",\"potentialAction\":[{\"@type\":\"SearchAction\",\"target\":{\"@type\":\"EntryPoint\",\"urlTemplate\":\"https:\\\/\\\/www.caudete.org\\\/ayuntamiento\\\/?s={search_term_string}\"},\"query-input\":{\"@type\":\"PropertyValueSpecification\",\"valueRequired\":true,\"valueName\":\"search_term_string\"}}],\"inLanguage\":\"es\"},{\"@type\":\"Person\",\"@id\":\"https:\\\/\\\/www.caudete.org\\\/ayuntamiento\\\/#\\\/schema\\\/person\\\/4b9eab41761957db9b1bf9c418d1ef46\",\"name\":\"Dpto Informatica MI Ayuntamiento de Caudete\",\"image\":{\"@type\":\"ImageObject\",\"inLanguage\":\"es\",\"@id\":\"https:\\\/\\\/secure.gravatar.com\\\/avatar\\\/ac0321ee4a0a83e82a253e7b2d348ef539e2c8fe16d06b600bde04de1b364fa7?s=96&d=mm&r=g\",\"url\":\"https:\\\/\\\/secure.gravatar.com\\\/avatar\\\/ac0321ee4a0a83e82a253e7b2d348ef539e2c8fe16d06b600bde04de1b364fa7?s=96&d=mm&r=g\",\"contentUrl\":\"https:\\\/\\\/secure.gravatar.com\\\/avatar\\\/ac0321ee4a0a83e82a253e7b2d348ef539e2c8fe16d06b600bde04de1b364fa7?s=96&d=mm&r=g\",\"caption\":\"Dpto Informatica MI Ayuntamiento de Caudete\"},\"url\":\"https:\\\/\\\/www.caudete.org\\\/ayuntamiento\\\/author\\\/informatica\\\/\"}]}<\/script>\n<!-- \/ Yoast SEO plugin. -->","yoast_head_json":{"title":"Caudete se sumerge en la I Competici\u00f3n de Nataci\u00f3n Infantil - MI Ayuntamiento de Caudete","description":"P\u00e1gina Oficial del Ayuntamiento de Caudete (Albacete)","robots":{"index":"index","follow":"follow","max-snippet":"max-snippet:-1","max-image-preview":"max-image-preview:large","max-video-preview":"max-video-preview:-1"},"canonical":"https:\/\/www.caudete.org\/ayuntamiento\/caudete-se-sumerge-en-la-i-competicion-de-natacion-infantil\/","og_locale":"es_ES","og_type":"article","og_title":"Caudete se sumerge en la I Competici\u00f3n de Nataci\u00f3n Infantil - MI Ayuntamiento de Caudete","og_description":"P\u00e1gina Oficial del Ayuntamiento de Caudete (Albacete)","og_url":"https:\/\/www.caudete.org\/ayuntamiento\/caudete-se-sumerge-en-la-i-competicion-de-natacion-infantil\/","og_site_name":"MI Ayuntamiento de Caudete","article_publisher":"https:\/\/www.facebook.com\/ayuntamientocaudete\/","article_published_time":"2024-11-14T08:00:29+00:00","article_modified_time":"2024-11-14T12:12:54+00:00","og_image":[{"width":800,"height":524,"url":"https:\/\/www.caudete.org\/ayuntamiento\/wp-content\/uploads\/2024\/02\/piscina.jpg","type":"image\/jpeg"}],"author":"Dpto Informatica MI Ayuntamiento de Caudete","twitter_card":"summary_large_image","twitter_misc":{"Escrito por":"Dpto Informatica MI Ayuntamiento de Caudete","Tiempo de lectura":"2 minutos"},"schema":{"@context":"https:\/\/schema.org","@graph":[{"@type":"Article","@id":"https:\/\/www.caudete.org\/ayuntamiento\/caudete-se-sumerge-en-la-i-competicion-de-natacion-infantil\/#article","isPartOf":{"@id":"https:\/\/www.caudete.org\/ayuntamiento\/caudete-se-sumerge-en-la-i-competicion-de-natacion-infantil\/"},"author":{"name":"Dpto Informatica MI Ayuntamiento de Caudete","@id":"https:\/\/www.caudete.org\/ayuntamiento\/#\/schema\/person\/4b9eab41761957db9b1bf9c418d1ef46"},"headline":"Caudete se sumerge en la I Competici\u00f3n de Nataci\u00f3n Infantil","datePublished":"2024-11-14T08:00:29+00:00","dateModified":"2024-11-14T12:12:54+00:00","mainEntityOfPage":{"@id":"https:\/\/www.caudete.org\/ayuntamiento\/caudete-se-sumerge-en-la-i-competicion-de-natacion-infantil\/"},"wordCount":346,"image":{"@id":"https:\/\/www.caudete.org\/ayuntamiento\/caudete-se-sumerge-en-la-i-competicion-de-natacion-infantil\/#primaryimage"},"thumbnailUrl":"https:\/\/www.caudete.org\/ayuntamiento\/wp-content\/uploads\/2024\/02\/piscina.jpg","articleSection":["Deportes"],"inLanguage":"es"},{"@type":"WebPage","@id":"https:\/\/www.caudete.org\/ayuntamiento\/caudete-se-sumerge-en-la-i-competicion-de-natacion-infantil\/","url":"https:\/\/www.caudete.org\/ayuntamiento\/caudete-se-sumerge-en-la-i-competicion-de-natacion-infantil\/","name":"Caudete se sumerge en la I Competici\u00f3n de Nataci\u00f3n Infantil - MI Ayuntamiento de Caudete","isPartOf":{"@id":"https:\/\/www.caudete.org\/ayuntamiento\/#website"},"primaryImageOfPage":{"@id":"https:\/\/www.caudete.org\/ayuntamiento\/caudete-se-sumerge-en-la-i-competicion-de-natacion-infantil\/#primaryimage"},"image":{"@id":"https:\/\/www.caudete.org\/ayuntamiento\/caudete-se-sumerge-en-la-i-competicion-de-natacion-infantil\/#primaryimage"},"thumbnailUrl":"https:\/\/www.caudete.org\/ayuntamiento\/wp-content\/uploads\/2024\/02\/piscina.jpg","datePublished":"2024-11-14T08:00:29+00:00","dateModified":"2024-11-14T12:12:54+00:00","author":{"@id":"https:\/\/www.caudete.org\/ayuntamiento\/#\/schema\/person\/4b9eab41761957db9b1bf9c418d1ef46"},"description":"P\u00e1gina Oficial del Ayuntamiento de Caudete (Albacete)","breadcrumb":{"@id":"https:\/\/www.caudete.org\/ayuntamiento\/caudete-se-sumerge-en-la-i-competicion-de-natacion-infantil\/#breadcrumb"},"inLanguage":"es","potentialAction":[{"@type":"ReadAction","target":["https:\/\/www.caudete.org\/ayuntamiento\/caudete-se-sumerge-en-la-i-competicion-de-natacion-infantil\/"]}]},{"@type":"ImageObject","inLanguage":"es","@id":"https:\/\/www.caudete.org\/ayuntamiento\/caudete-se-sumerge-en-la-i-competicion-de-natacion-infantil\/#primaryimage","url":"https:\/\/www.caudete.org\/ayuntamiento\/wp-content\/uploads\/2024\/02\/piscina.jpg","contentUrl":"https:\/\/www.caudete.org\/ayuntamiento\/wp-content\/uploads\/2024\/02\/piscina.jpg","width":800,"height":524},{"@type":"BreadcrumbList","@id":"https:\/\/www.caudete.org\/ayuntamiento\/caudete-se-sumerge-en-la-i-competicion-de-natacion-infantil\/#breadcrumb","itemListElement":[{"@type":"ListItem","position":1,"name":"Inicio","item":"https:\/\/www.caudete.org\/ayuntamiento\/"},{"@type":"ListItem","position":2,"name":"Caudete se sumerge en la I Competici\u00f3n de Nataci\u00f3n Infantil"}]},{"@type":"WebSite","@id":"https:\/\/www.caudete.org\/ayuntamiento\/#website","url":"https:\/\/www.caudete.org\/ayuntamiento\/","name":"MI Ayuntamiento de Caudete","description":"P\u00e1gina Oficial del MI Ayuntamiento de Caudete","potentialAction":[{"@type":"SearchAction","target":{"@type":"EntryPoint","urlTemplate":"https:\/\/www.caudete.org\/ayuntamiento\/?s={search_term_string}"},"query-input":{"@type":"PropertyValueSpecification","valueRequired":true,"valueName":"search_term_string"}}],"inLanguage":"es"},{"@type":"Person","@id":"https:\/\/www.caudete.org\/ayuntamiento\/#\/schema\/person\/4b9eab41761957db9b1bf9c418d1ef46","name":"Dpto Informatica MI Ayuntamiento de Caudete","image":{"@type":"ImageObject","inLanguage":"es","@id":"https:\/\/secure.gravatar.com\/avatar\/ac0321ee4a0a83e82a253e7b2d348ef539e2c8fe16d06b600bde04de1b364fa7?s=96&d=mm&r=g","url":"https:\/\/secure.gravatar.com\/avatar\/ac0321ee4a0a83e82a253e7b2d348ef539e2c8fe16d06b600bde04de1b364fa7?s=96&d=mm&r=g","contentUrl":"https:\/\/secure.gravatar.com\/avatar\/ac0321ee4a0a83e82a253e7b2d348ef539e2c8fe16d06b600bde04de1b364fa7?s=96&d=mm&r=g","caption":"Dpto Informatica MI Ayuntamiento de Caudete"},"url":"https:\/\/www.caudete.org\/ayuntamiento\/author\/informatica\/"}]}},"_links":{"self":[{"href":"https:\/\/www.caudete.org\/ayuntamiento\/wp-json\/wp\/v2\/posts\/26641","targetHints":{"allow":["GET"]}}],"collection":[{"href":"https:\/\/www.caudete.org\/ayuntamiento\/wp-json\/wp\/v2\/posts"}],"about":[{"href":"https:\/\/www.caudete.org\/ayuntamiento\/wp-json\/wp\/v2\/types\/post"}],"author":[{"embeddable":true,"href":"https:\/\/www.caudete.org\/ayuntamiento\/wp-json\/wp\/v2\/users\/5"}],"replies":[{"embeddable":true,"href":"https:\/\/www.caudete.org\/ayuntamiento\/wp-json\/wp\/v2\/comments?post=26641"}],"version-history":[{"count":6,"href":"https:\/\/www.caudete.org\/ayuntamiento\/wp-json\/wp\/v2\/posts\/26641\/revisions"}],"predecessor-version":[{"id":26657,"href":"https:\/\/www.caudete.org\/ayuntamiento\/wp-json\/wp\/v2\/posts\/26641\/revisions\/26657"}],"wp:featuredmedia":[{"embeddable":true,"href":"https:\/\/www.caudete.org\/ayuntamiento\/wp-json\/wp\/v2\/media\/24301"}],"wp:attachment":[{"href":"https:\/\/www.caudete.org\/ayuntamiento\/wp-json\/wp\/v2\/media?parent=26641"}],"wp:term":[{"taxonomy":"category","embeddable":true,"href":"https:\/\/www.caudete.org\/ayuntamiento\/wp-json\/wp\/v2\/categories?post=26641"},{"taxonomy":"post_tag","embeddable":true,"href":"https:\/\/www.caudete.org\/ayuntamiento\/wp-json\/wp\/v2\/tags?post=26641"}],"curies":[{"name":"wp","href":"https:\/\/api.w.org\/{rel}","templated":true}]}}