{"id":26676,"date":"2024-11-20T12:11:03","date_gmt":"2024-11-20T11:11:03","guid":{"rendered":"https:\/\/www.caudete.org\/ayuntamiento\/?p=26676"},"modified":"2024-12-16T12:33:54","modified_gmt":"2024-12-16T11:33:54","slug":"viernes-22-de-noviembre-inauguracion-de-la-exposicion-album-familiar-de-pablo-lorente","status":"publish","type":"post","link":"https:\/\/www.caudete.org\/ayuntamiento\/viernes-22-de-noviembre-inauguracion-de-la-exposicion-album-familiar-de-pablo-lorente\/","title":{"rendered":"Viernes 22 de noviembre, Inauguraci\u00f3n de la Exposici\u00f3n \u201c\u00c1lbum Familiar\u201d de Pablo Lorente"},"content":{"rendered":"<p>La Concejal\u00eda de Cultura del M.I. A yuntamiento de Caudete, presenta la Exposici\u00f3n de fotograf\u00edas \u201c\u00c1lbum Familiar\u201d del fot\u00f3grafo manchego Pablo Lorente, que abre sus puertas el pr\u00f3ximo viernes 22 de noviembre a las 18:00 horas en la Sala de Exposiciones Jos\u00e9 P\u00e9rezgil.<\/p>\n<p>Albacete\u00f1o de nacimiento y Ciudadreale\u00f1o de adopci\u00f3n, especializado en fotograf\u00eda documental y retrato editorial, corporativo, fotoperiodismo y reportajes. Colabora en las revistas The New York Times Style Magazine Spain, Man On The Moon, Tapas, Forbes, L\u2019Officiel Espa\u00f1a, L\u2019Officiel Hommes y Esquire, entre otras.<\/p>\n<p>Ha trabajado como fot\u00f3grafo de el diario El Pueblo de Albacete, ha sido jefe de la secci\u00f3n de fotograf\u00eda de La Tribuna de Ciudad Real y fot\u00f3grafo oficial de la 43\u00aa edici\u00f3n del Festival Internacional de Teatro Cl\u00e1sico de Almagro (2020). Adem\u00e1s, cuenta con numerosos premios y reconocimientos e imparte cursos y talleres de fotograf\u00eda para asociaciones fotogr\u00e1ficas y grupos independientes de profesionales o aficionados.<\/p>\n<p>\u201cEl concepto de \u201c\u00c1lbum Familiar\u201d es el hilo conductor que une todos mis proyectos creativos. Mi historia est\u00e1 marcada por un constante tr\u00e1nsito entre provincias: veinte a\u00f1os en Albacete y otros veinte en Ciudad Real.<br \/>\nEsta experiencia de p\u00e9rdida de identidad me ha llevado a emprender un viaje en busca de un camino propio, reflejado en la diversidad de mis proyectos, todos ellos narrativas sobre mi trayectoria.<br \/>\nEl relato de c\u00f3mo encontr\u00e9 soluciones y me convert\u00ed en retratista documental se desarrolla en el contexto de La Mancha, una regi\u00f3n que no solo ha sido testigo de mi vida, sino que tambi\u00e9n ha dejado una profunda huella en m\u00ed\u201d \u2013 Pablo Lorente.<\/p>\n<p>La historiadora Nuria Enguita define el \u00e1lbum familiar como \u201cun archivo visual, una colecci\u00f3n de im\u00e1genes que contribuyen en gran medida a construir la identidad familiar\u201d. Como cualquier narrativa, los l\u00edmites entre realidad y ficci\u00f3n son difusos, y las fotograf\u00edas que lo componen requieren de un relato que les de significado. As\u00ed pues, la manera en que se articula y presenta esta narraci\u00f3n en el \u00e1lbum es de vital importancia para comprender (y deconstruir) el sentido de la serie de im\u00e1genes.<\/p>\n<p>La exposici\u00f3n que podr\u00e1 visitarse hasta el viernes 13 de diciembre forma parte del programa Enredarte que la Diputaci\u00f3n Provincial de Albacete ofrece a los Ayuntamientos de la provincia para el fomento y la difusi\u00f3n del arte.<\/p>\n<p>Horario Sala de Exposiciones Jos\u00e9 P\u00e9rezgil:<br \/>\nLunes a Viernes: de 10:00h a 13:30h y de 18:00h a 21:00h.<\/p>\n<p><a href=\"https:\/\/www.caudete.org\/ayuntamiento\/wp-content\/uploads\/2024\/11\/CARTEL-EXPO-PABLO-LORENTE.jpg\" rel='prettyPhoto'><img fetchpriority=\"high\" decoding=\"async\" class=\"alignnone size-full wp-image-26678\" src=\"https:\/\/www.caudete.org\/ayuntamiento\/wp-content\/uploads\/2024\/11\/CARTEL-EXPO-PABLO-LORENTE.jpg\" alt=\"\" width=\"707\" height=\"1000\" srcset=\"https:\/\/www.caudete.org\/ayuntamiento\/wp-content\/uploads\/2024\/11\/CARTEL-EXPO-PABLO-LORENTE.jpg 707w, https:\/\/www.caudete.org\/ayuntamiento\/wp-content\/uploads\/2024\/11\/CARTEL-EXPO-PABLO-LORENTE-212x300.jpg 212w\" sizes=\"(max-width: 707px) 100vw, 707px\" \/><\/a><\/p>\n","protected":false},"excerpt":{"rendered":"<p>La Concejal\u00eda de Cultura del M.I. A yuntamiento de Caudete, presenta la Exposici\u00f3n de fotograf\u00edas \u201c\u00c1lbum Familiar\u201d del fot\u00f3grafo manchego Pablo Lorente, que abre sus puertas el pr\u00f3ximo viernes 22 de noviembre a las 18:00 horas en la Sala de Exposiciones Jos\u00e9 P\u00e9rezgil. Albacete\u00f1o de nacimiento y Ciudadreale\u00f1o de adopci\u00f3n, especializado en fotograf\u00eda documental y &hellip;<\/p>\n","protected":false},"author":5,"featured_media":26677,"comment_status":"closed","ping_status":"open","sticky":false,"template":"","format":"standard","meta":{"ngg_post_thumbnail":0,"footnotes":""},"categories":[14],"tags":[],"class_list":["post-26676","post","type-post","status-publish","format-standard","has-post-thumbnail","hentry","category-cultura"],"yoast_head":"<!-- This site is optimized with the Yoast SEO plugin v27.5 - https:\/\/yoast.com\/product\/yoast-seo-wordpress\/ -->\n<title>Viernes 22 de noviembre, Inauguraci\u00f3n de la Exposici\u00f3n \u201c\u00c1lbum Familiar\u201d de Pablo Lorente - MI Ayuntamiento de Caudete<\/title>\n<meta name=\"description\" content=\"P\u00e1gina Oficial del Ayuntamiento de Caudete (Albacete)\" \/>\n<meta name=\"robots\" content=\"index, follow, max-snippet:-1, max-image-preview:large, max-video-preview:-1\" \/>\n<link rel=\"canonical\" href=\"https:\/\/www.caudete.org\/ayuntamiento\/viernes-22-de-noviembre-inauguracion-de-la-exposicion-album-familiar-de-pablo-lorente\/\" \/>\n<meta property=\"og:locale\" content=\"es_ES\" \/>\n<meta property=\"og:type\" content=\"article\" \/>\n<meta property=\"og:title\" content=\"Viernes 22 de noviembre, Inauguraci\u00f3n de la Exposici\u00f3n \u201c\u00c1lbum Familiar\u201d de Pablo Lorente - MI Ayuntamiento de Caudete\" \/>\n<meta property=\"og:description\" content=\"P\u00e1gina Oficial del Ayuntamiento de Caudete (Albacete)\" \/>\n<meta property=\"og:url\" content=\"https:\/\/www.caudete.org\/ayuntamiento\/viernes-22-de-noviembre-inauguracion-de-la-exposicion-album-familiar-de-pablo-lorente\/\" \/>\n<meta property=\"og:site_name\" content=\"MI Ayuntamiento de Caudete\" \/>\n<meta property=\"article:publisher\" content=\"https:\/\/www.facebook.com\/ayuntamientocaudete\/\" \/>\n<meta property=\"article:published_time\" content=\"2024-11-20T11:11:03+00:00\" \/>\n<meta property=\"article:modified_time\" content=\"2024-12-16T11:33:54+00:00\" \/>\n<meta property=\"og:image\" content=\"https:\/\/www.caudete.org\/ayuntamiento\/wp-content\/uploads\/2024\/11\/CARTEL-EXPO-PABLO-LORENTE-port.jpg\" \/>\n\t<meta property=\"og:image:width\" content=\"1000\" \/>\n\t<meta property=\"og:image:height\" content=\"407\" \/>\n\t<meta property=\"og:image:type\" content=\"image\/jpeg\" \/>\n<meta name=\"author\" content=\"Dpto Informatica MI Ayuntamiento de Caudete\" \/>\n<meta name=\"twitter:card\" content=\"summary_large_image\" \/>\n<meta name=\"twitter:label1\" content=\"Escrito por\" \/>\n\t<meta name=\"twitter:data1\" content=\"Dpto Informatica MI Ayuntamiento de Caudete\" \/>\n\t<meta name=\"twitter:label2\" content=\"Tiempo de lectura\" \/>\n\t<meta name=\"twitter:data2\" content=\"3 minutos\" \/>\n<script type=\"application\/ld+json\" class=\"yoast-schema-graph\">{\"@context\":\"https:\\\/\\\/schema.org\",\"@graph\":[{\"@type\":\"Article\",\"@id\":\"https:\\\/\\\/www.caudete.org\\\/ayuntamiento\\\/viernes-22-de-noviembre-inauguracion-de-la-exposicion-album-familiar-de-pablo-lorente\\\/#article\",\"isPartOf\":{\"@id\":\"https:\\\/\\\/www.caudete.org\\\/ayuntamiento\\\/viernes-22-de-noviembre-inauguracion-de-la-exposicion-album-familiar-de-pablo-lorente\\\/\"},\"author\":{\"name\":\"Dpto Informatica MI Ayuntamiento de Caudete\",\"@id\":\"https:\\\/\\\/www.caudete.org\\\/ayuntamiento\\\/#\\\/schema\\\/person\\\/4b9eab41761957db9b1bf9c418d1ef46\"},\"headline\":\"Viernes 22 de noviembre, Inauguraci\u00f3n de la Exposici\u00f3n \u201c\u00c1lbum Familiar\u201d de Pablo Lorente\",\"datePublished\":\"2024-11-20T11:11:03+00:00\",\"dateModified\":\"2024-12-16T11:33:54+00:00\",\"mainEntityOfPage\":{\"@id\":\"https:\\\/\\\/www.caudete.org\\\/ayuntamiento\\\/viernes-22-de-noviembre-inauguracion-de-la-exposicion-album-familiar-de-pablo-lorente\\\/\"},\"wordCount\":446,\"image\":{\"@id\":\"https:\\\/\\\/www.caudete.org\\\/ayuntamiento\\\/viernes-22-de-noviembre-inauguracion-de-la-exposicion-album-familiar-de-pablo-lorente\\\/#primaryimage\"},\"thumbnailUrl\":\"https:\\\/\\\/www.caudete.org\\\/ayuntamiento\\\/wp-content\\\/uploads\\\/2024\\\/11\\\/CARTEL-EXPO-PABLO-LORENTE-port.jpg\",\"articleSection\":[\"Cultura\"],\"inLanguage\":\"es\"},{\"@type\":\"WebPage\",\"@id\":\"https:\\\/\\\/www.caudete.org\\\/ayuntamiento\\\/viernes-22-de-noviembre-inauguracion-de-la-exposicion-album-familiar-de-pablo-lorente\\\/\",\"url\":\"https:\\\/\\\/www.caudete.org\\\/ayuntamiento\\\/viernes-22-de-noviembre-inauguracion-de-la-exposicion-album-familiar-de-pablo-lorente\\\/\",\"name\":\"Viernes 22 de noviembre, Inauguraci\u00f3n de la Exposici\u00f3n \u201c\u00c1lbum Familiar\u201d de Pablo Lorente - MI Ayuntamiento de Caudete\",\"isPartOf\":{\"@id\":\"https:\\\/\\\/www.caudete.org\\\/ayuntamiento\\\/#website\"},\"primaryImageOfPage\":{\"@id\":\"https:\\\/\\\/www.caudete.org\\\/ayuntamiento\\\/viernes-22-de-noviembre-inauguracion-de-la-exposicion-album-familiar-de-pablo-lorente\\\/#primaryimage\"},\"image\":{\"@id\":\"https:\\\/\\\/www.caudete.org\\\/ayuntamiento\\\/viernes-22-de-noviembre-inauguracion-de-la-exposicion-album-familiar-de-pablo-lorente\\\/#primaryimage\"},\"thumbnailUrl\":\"https:\\\/\\\/www.caudete.org\\\/ayuntamiento\\\/wp-content\\\/uploads\\\/2024\\\/11\\\/CARTEL-EXPO-PABLO-LORENTE-port.jpg\",\"datePublished\":\"2024-11-20T11:11:03+00:00\",\"dateModified\":\"2024-12-16T11:33:54+00:00\",\"author\":{\"@id\":\"https:\\\/\\\/www.caudete.org\\\/ayuntamiento\\\/#\\\/schema\\\/person\\\/4b9eab41761957db9b1bf9c418d1ef46\"},\"description\":\"P\u00e1gina Oficial del Ayuntamiento de Caudete (Albacete)\",\"breadcrumb\":{\"@id\":\"https:\\\/\\\/www.caudete.org\\\/ayuntamiento\\\/viernes-22-de-noviembre-inauguracion-de-la-exposicion-album-familiar-de-pablo-lorente\\\/#breadcrumb\"},\"inLanguage\":\"es\",\"potentialAction\":[{\"@type\":\"ReadAction\",\"target\":[\"https:\\\/\\\/www.caudete.org\\\/ayuntamiento\\\/viernes-22-de-noviembre-inauguracion-de-la-exposicion-album-familiar-de-pablo-lorente\\\/\"]}]},{\"@type\":\"ImageObject\",\"inLanguage\":\"es\",\"@id\":\"https:\\\/\\\/www.caudete.org\\\/ayuntamiento\\\/viernes-22-de-noviembre-inauguracion-de-la-exposicion-album-familiar-de-pablo-lorente\\\/#primaryimage\",\"url\":\"https:\\\/\\\/www.caudete.org\\\/ayuntamiento\\\/wp-content\\\/uploads\\\/2024\\\/11\\\/CARTEL-EXPO-PABLO-LORENTE-port.jpg\",\"contentUrl\":\"https:\\\/\\\/www.caudete.org\\\/ayuntamiento\\\/wp-content\\\/uploads\\\/2024\\\/11\\\/CARTEL-EXPO-PABLO-LORENTE-port.jpg\",\"width\":1000,\"height\":407},{\"@type\":\"BreadcrumbList\",\"@id\":\"https:\\\/\\\/www.caudete.org\\\/ayuntamiento\\\/viernes-22-de-noviembre-inauguracion-de-la-exposicion-album-familiar-de-pablo-lorente\\\/#breadcrumb\",\"itemListElement\":[{\"@type\":\"ListItem\",\"position\":1,\"name\":\"Inicio\",\"item\":\"https:\\\/\\\/www.caudete.org\\\/ayuntamiento\\\/\"},{\"@type\":\"ListItem\",\"position\":2,\"name\":\"Viernes 22 de noviembre, Inauguraci\u00f3n de la Exposici\u00f3n \u201c\u00c1lbum Familiar\u201d de Pablo Lorente\"}]},{\"@type\":\"WebSite\",\"@id\":\"https:\\\/\\\/www.caudete.org\\\/ayuntamiento\\\/#website\",\"url\":\"https:\\\/\\\/www.caudete.org\\\/ayuntamiento\\\/\",\"name\":\"MI Ayuntamiento de Caudete\",\"description\":\"P\u00e1gina Oficial del MI Ayuntamiento de Caudete\",\"potentialAction\":[{\"@type\":\"SearchAction\",\"target\":{\"@type\":\"EntryPoint\",\"urlTemplate\":\"https:\\\/\\\/www.caudete.org\\\/ayuntamiento\\\/?s={search_term_string}\"},\"query-input\":{\"@type\":\"PropertyValueSpecification\",\"valueRequired\":true,\"valueName\":\"search_term_string\"}}],\"inLanguage\":\"es\"},{\"@type\":\"Person\",\"@id\":\"https:\\\/\\\/www.caudete.org\\\/ayuntamiento\\\/#\\\/schema\\\/person\\\/4b9eab41761957db9b1bf9c418d1ef46\",\"name\":\"Dpto Informatica MI Ayuntamiento de Caudete\",\"image\":{\"@type\":\"ImageObject\",\"inLanguage\":\"es\",\"@id\":\"https:\\\/\\\/secure.gravatar.com\\\/avatar\\\/ac0321ee4a0a83e82a253e7b2d348ef539e2c8fe16d06b600bde04de1b364fa7?s=96&d=mm&r=g\",\"url\":\"https:\\\/\\\/secure.gravatar.com\\\/avatar\\\/ac0321ee4a0a83e82a253e7b2d348ef539e2c8fe16d06b600bde04de1b364fa7?s=96&d=mm&r=g\",\"contentUrl\":\"https:\\\/\\\/secure.gravatar.com\\\/avatar\\\/ac0321ee4a0a83e82a253e7b2d348ef539e2c8fe16d06b600bde04de1b364fa7?s=96&d=mm&r=g\",\"caption\":\"Dpto Informatica MI Ayuntamiento de Caudete\"},\"url\":\"https:\\\/\\\/www.caudete.org\\\/ayuntamiento\\\/author\\\/informatica\\\/\"}]}<\/script>\n<!-- \/ Yoast SEO plugin. -->","yoast_head_json":{"title":"Viernes 22 de noviembre, Inauguraci\u00f3n de la Exposici\u00f3n \u201c\u00c1lbum Familiar\u201d de Pablo Lorente - MI Ayuntamiento de Caudete","description":"P\u00e1gina Oficial del Ayuntamiento de Caudete (Albacete)","robots":{"index":"index","follow":"follow","max-snippet":"max-snippet:-1","max-image-preview":"max-image-preview:large","max-video-preview":"max-video-preview:-1"},"canonical":"https:\/\/www.caudete.org\/ayuntamiento\/viernes-22-de-noviembre-inauguracion-de-la-exposicion-album-familiar-de-pablo-lorente\/","og_locale":"es_ES","og_type":"article","og_title":"Viernes 22 de noviembre, Inauguraci\u00f3n de la Exposici\u00f3n \u201c\u00c1lbum Familiar\u201d de Pablo Lorente - MI Ayuntamiento de Caudete","og_description":"P\u00e1gina Oficial del Ayuntamiento de Caudete (Albacete)","og_url":"https:\/\/www.caudete.org\/ayuntamiento\/viernes-22-de-noviembre-inauguracion-de-la-exposicion-album-familiar-de-pablo-lorente\/","og_site_name":"MI Ayuntamiento de Caudete","article_publisher":"https:\/\/www.facebook.com\/ayuntamientocaudete\/","article_published_time":"2024-11-20T11:11:03+00:00","article_modified_time":"2024-12-16T11:33:54+00:00","og_image":[{"width":1000,"height":407,"url":"https:\/\/www.caudete.org\/ayuntamiento\/wp-content\/uploads\/2024\/11\/CARTEL-EXPO-PABLO-LORENTE-port.jpg","type":"image\/jpeg"}],"author":"Dpto Informatica MI Ayuntamiento de Caudete","twitter_card":"summary_large_image","twitter_misc":{"Escrito por":"Dpto Informatica MI Ayuntamiento de Caudete","Tiempo de lectura":"3 minutos"},"schema":{"@context":"https:\/\/schema.org","@graph":[{"@type":"Article","@id":"https:\/\/www.caudete.org\/ayuntamiento\/viernes-22-de-noviembre-inauguracion-de-la-exposicion-album-familiar-de-pablo-lorente\/#article","isPartOf":{"@id":"https:\/\/www.caudete.org\/ayuntamiento\/viernes-22-de-noviembre-inauguracion-de-la-exposicion-album-familiar-de-pablo-lorente\/"},"author":{"name":"Dpto Informatica MI Ayuntamiento de Caudete","@id":"https:\/\/www.caudete.org\/ayuntamiento\/#\/schema\/person\/4b9eab41761957db9b1bf9c418d1ef46"},"headline":"Viernes 22 de noviembre, Inauguraci\u00f3n de la Exposici\u00f3n \u201c\u00c1lbum Familiar\u201d de Pablo Lorente","datePublished":"2024-11-20T11:11:03+00:00","dateModified":"2024-12-16T11:33:54+00:00","mainEntityOfPage":{"@id":"https:\/\/www.caudete.org\/ayuntamiento\/viernes-22-de-noviembre-inauguracion-de-la-exposicion-album-familiar-de-pablo-lorente\/"},"wordCount":446,"image":{"@id":"https:\/\/www.caudete.org\/ayuntamiento\/viernes-22-de-noviembre-inauguracion-de-la-exposicion-album-familiar-de-pablo-lorente\/#primaryimage"},"thumbnailUrl":"https:\/\/www.caudete.org\/ayuntamiento\/wp-content\/uploads\/2024\/11\/CARTEL-EXPO-PABLO-LORENTE-port.jpg","articleSection":["Cultura"],"inLanguage":"es"},{"@type":"WebPage","@id":"https:\/\/www.caudete.org\/ayuntamiento\/viernes-22-de-noviembre-inauguracion-de-la-exposicion-album-familiar-de-pablo-lorente\/","url":"https:\/\/www.caudete.org\/ayuntamiento\/viernes-22-de-noviembre-inauguracion-de-la-exposicion-album-familiar-de-pablo-lorente\/","name":"Viernes 22 de noviembre, Inauguraci\u00f3n de la Exposici\u00f3n \u201c\u00c1lbum Familiar\u201d de Pablo Lorente - MI Ayuntamiento de Caudete","isPartOf":{"@id":"https:\/\/www.caudete.org\/ayuntamiento\/#website"},"primaryImageOfPage":{"@id":"https:\/\/www.caudete.org\/ayuntamiento\/viernes-22-de-noviembre-inauguracion-de-la-exposicion-album-familiar-de-pablo-lorente\/#primaryimage"},"image":{"@id":"https:\/\/www.caudete.org\/ayuntamiento\/viernes-22-de-noviembre-inauguracion-de-la-exposicion-album-familiar-de-pablo-lorente\/#primaryimage"},"thumbnailUrl":"https:\/\/www.caudete.org\/ayuntamiento\/wp-content\/uploads\/2024\/11\/CARTEL-EXPO-PABLO-LORENTE-port.jpg","datePublished":"2024-11-20T11:11:03+00:00","dateModified":"2024-12-16T11:33:54+00:00","author":{"@id":"https:\/\/www.caudete.org\/ayuntamiento\/#\/schema\/person\/4b9eab41761957db9b1bf9c418d1ef46"},"description":"P\u00e1gina Oficial del Ayuntamiento de Caudete (Albacete)","breadcrumb":{"@id":"https:\/\/www.caudete.org\/ayuntamiento\/viernes-22-de-noviembre-inauguracion-de-la-exposicion-album-familiar-de-pablo-lorente\/#breadcrumb"},"inLanguage":"es","potentialAction":[{"@type":"ReadAction","target":["https:\/\/www.caudete.org\/ayuntamiento\/viernes-22-de-noviembre-inauguracion-de-la-exposicion-album-familiar-de-pablo-lorente\/"]}]},{"@type":"ImageObject","inLanguage":"es","@id":"https:\/\/www.caudete.org\/ayuntamiento\/viernes-22-de-noviembre-inauguracion-de-la-exposicion-album-familiar-de-pablo-lorente\/#primaryimage","url":"https:\/\/www.caudete.org\/ayuntamiento\/wp-content\/uploads\/2024\/11\/CARTEL-EXPO-PABLO-LORENTE-port.jpg","contentUrl":"https:\/\/www.caudete.org\/ayuntamiento\/wp-content\/uploads\/2024\/11\/CARTEL-EXPO-PABLO-LORENTE-port.jpg","width":1000,"height":407},{"@type":"BreadcrumbList","@id":"https:\/\/www.caudete.org\/ayuntamiento\/viernes-22-de-noviembre-inauguracion-de-la-exposicion-album-familiar-de-pablo-lorente\/#breadcrumb","itemListElement":[{"@type":"ListItem","position":1,"name":"Inicio","item":"https:\/\/www.caudete.org\/ayuntamiento\/"},{"@type":"ListItem","position":2,"name":"Viernes 22 de noviembre, Inauguraci\u00f3n de la Exposici\u00f3n \u201c\u00c1lbum Familiar\u201d de Pablo Lorente"}]},{"@type":"WebSite","@id":"https:\/\/www.caudete.org\/ayuntamiento\/#website","url":"https:\/\/www.caudete.org\/ayuntamiento\/","name":"MI Ayuntamiento de Caudete","description":"P\u00e1gina Oficial del MI Ayuntamiento de Caudete","potentialAction":[{"@type":"SearchAction","target":{"@type":"EntryPoint","urlTemplate":"https:\/\/www.caudete.org\/ayuntamiento\/?s={search_term_string}"},"query-input":{"@type":"PropertyValueSpecification","valueRequired":true,"valueName":"search_term_string"}}],"inLanguage":"es"},{"@type":"Person","@id":"https:\/\/www.caudete.org\/ayuntamiento\/#\/schema\/person\/4b9eab41761957db9b1bf9c418d1ef46","name":"Dpto Informatica MI Ayuntamiento de Caudete","image":{"@type":"ImageObject","inLanguage":"es","@id":"https:\/\/secure.gravatar.com\/avatar\/ac0321ee4a0a83e82a253e7b2d348ef539e2c8fe16d06b600bde04de1b364fa7?s=96&d=mm&r=g","url":"https:\/\/secure.gravatar.com\/avatar\/ac0321ee4a0a83e82a253e7b2d348ef539e2c8fe16d06b600bde04de1b364fa7?s=96&d=mm&r=g","contentUrl":"https:\/\/secure.gravatar.com\/avatar\/ac0321ee4a0a83e82a253e7b2d348ef539e2c8fe16d06b600bde04de1b364fa7?s=96&d=mm&r=g","caption":"Dpto Informatica MI Ayuntamiento de Caudete"},"url":"https:\/\/www.caudete.org\/ayuntamiento\/author\/informatica\/"}]}},"_links":{"self":[{"href":"https:\/\/www.caudete.org\/ayuntamiento\/wp-json\/wp\/v2\/posts\/26676","targetHints":{"allow":["GET"]}}],"collection":[{"href":"https:\/\/www.caudete.org\/ayuntamiento\/wp-json\/wp\/v2\/posts"}],"about":[{"href":"https:\/\/www.caudete.org\/ayuntamiento\/wp-json\/wp\/v2\/types\/post"}],"author":[{"embeddable":true,"href":"https:\/\/www.caudete.org\/ayuntamiento\/wp-json\/wp\/v2\/users\/5"}],"replies":[{"embeddable":true,"href":"https:\/\/www.caudete.org\/ayuntamiento\/wp-json\/wp\/v2\/comments?post=26676"}],"version-history":[{"count":1,"href":"https:\/\/www.caudete.org\/ayuntamiento\/wp-json\/wp\/v2\/posts\/26676\/revisions"}],"predecessor-version":[{"id":26679,"href":"https:\/\/www.caudete.org\/ayuntamiento\/wp-json\/wp\/v2\/posts\/26676\/revisions\/26679"}],"wp:featuredmedia":[{"embeddable":true,"href":"https:\/\/www.caudete.org\/ayuntamiento\/wp-json\/wp\/v2\/media\/26677"}],"wp:attachment":[{"href":"https:\/\/www.caudete.org\/ayuntamiento\/wp-json\/wp\/v2\/media?parent=26676"}],"wp:term":[{"taxonomy":"category","embeddable":true,"href":"https:\/\/www.caudete.org\/ayuntamiento\/wp-json\/wp\/v2\/categories?post=26676"},{"taxonomy":"post_tag","embeddable":true,"href":"https:\/\/www.caudete.org\/ayuntamiento\/wp-json\/wp\/v2\/tags?post=26676"}],"curies":[{"name":"wp","href":"https:\/\/api.w.org\/{rel}","templated":true}]}}