{"id":26681,"date":"2024-11-22T09:00:09","date_gmt":"2024-11-22T08:00:09","guid":{"rendered":"https:\/\/www.caudete.org\/ayuntamiento\/?p=26681"},"modified":"2024-11-21T13:15:47","modified_gmt":"2024-11-21T12:15:47","slug":"por-un-caudete-firme-defensa-de-la-familia-y-tolerancia-cero-a-la-violencia","status":"publish","type":"post","link":"https:\/\/www.caudete.org\/ayuntamiento\/por-un-caudete-firme-defensa-de-la-familia-y-tolerancia-cero-a-la-violencia\/","title":{"rendered":"Por un Caudete Firme: Defensa de la Familia y Tolerancia Cero a la Violencia"},"content":{"rendered":"<p>El 25 de noviembre recordamos el D\u00eda Internacional nombrado por la ONU, para la Eliminaci\u00f3n de la Violencia contra las Mujeres, un desaf\u00edo que atraviesa nuestras comunidades. M\u00e1s que cifras, hablamos de vidas marcadas, familias fracturadas y sue\u00f1os arrebatados. En este d\u00eda, reafirmamos nuestro compromiso de trabajar unidos para construir una sociedad que ofrezca a cada mujer la seguridad y dignidad que merece.<\/p>\n<p>Desde la Concejal\u00eda de Familia, Bienestar e Igualdad Social, quiero transmitir un mensaje enfocado a la moderaci\u00f3n y al realismo. Entendemos que proteger a las mujeres no solo es una cuesti\u00f3n de justicia, sino tambi\u00e9n de fortalecimiento social. Rechazamos cualquier relativismo que reste importancia a este problema, pues es algo innegable. Aunque nos queda mucho por avanzar en todos los \u00e1mbitos relacionados con los diferentes tipos de violencia, hoy nos centramos en la lucha contra la violencia hacia las mujeres.<\/p>\n<p>Espa\u00f1a cuenta con un marco legislativo avanzado, pero sabemos que la implementaci\u00f3n efectiva de las leyes todav\u00eda requiere m\u00e1s coordinaci\u00f3n, profesionalizaci\u00f3n y recursos.<\/p>\n<p>Desde el Ayuntamiento de Caudete no podemos tolerar ni el silencio ni la inacci\u00f3n. Como sociedad, debemos enfocarnos en medidas claras: apoyar a las v\u00edctimas con servicios especializados, como hacemos d\u00eda tras d\u00eda gracias al trabajo conjunto de los servicios sociales y el Centro de la Mujer.<\/p>\n<p>Desde las instituciones se debe actuar con firmeza y garantizar que ning\u00fan rinc\u00f3n de Espa\u00f1a sea un refugio para la violencia. Al mismo tiempo, exigimos que el Gobierno cumpla con su responsabilidad de adaptar las directivas europeas que fortalezcan la protecci\u00f3n transfronteriza.<\/p>\n<p>Desde el \u00e1mbito local, nuestra postura es la defensa de los valores fundamentales: la familia, la libertad individual y el respeto mutuo. No se trata de enfrentarnos, sino de unirnos, hombres y mujeres, como espa\u00f1oles contra una amenaza que nos desgarra como comunidad.<\/p>\n<p>Hoy levantamos la voz por las mujeres de nuestro pa\u00eds, de nuestra comunidad y de nuestro pueblo, Caudete, y tambi\u00e9n por aquellas que sufren en cualquier parte del mundo. No debemos bajar la guardia. Espa\u00f1a, como naci\u00f3n orgullosa de su compromiso con los derechos humanos, debe ser ejemplo de firmeza y humanidad.<\/p>\n<p>Construyamos juntos un futuro donde nuestras familias vivan sin miedo, un futuro donde la igualdad no sea solo una promesa, sino una realidad palpable para toda la sociedad.<\/p>\n<p><a href=\"https:\/\/www.caudete.org\/ayuntamiento\/wp-content\/uploads\/2024\/11\/Pancarta-contra-la-violencia.jpg\" rel='prettyPhoto'><img fetchpriority=\"high\" decoding=\"async\" class=\"alignnone size-full wp-image-26682\" src=\"https:\/\/www.caudete.org\/ayuntamiento\/wp-content\/uploads\/2024\/11\/Pancarta-contra-la-violencia.jpg\" alt=\"\" width=\"1000\" height=\"316\" srcset=\"https:\/\/www.caudete.org\/ayuntamiento\/wp-content\/uploads\/2024\/11\/Pancarta-contra-la-violencia.jpg 1000w, https:\/\/www.caudete.org\/ayuntamiento\/wp-content\/uploads\/2024\/11\/Pancarta-contra-la-violencia-300x95.jpg 300w, https:\/\/www.caudete.org\/ayuntamiento\/wp-content\/uploads\/2024\/11\/Pancarta-contra-la-violencia-768x243.jpg 768w\" sizes=\"(max-width: 1000px) 100vw, 1000px\" \/><\/a><\/p>\n<p>&nbsp;<\/p>\n","protected":false},"excerpt":{"rendered":"<p>El 25 de noviembre recordamos el D\u00eda Internacional nombrado por la ONU, para la Eliminaci\u00f3n de la Violencia contra las Mujeres, un desaf\u00edo que atraviesa nuestras comunidades. M\u00e1s que cifras, hablamos de vidas marcadas, familias fracturadas y sue\u00f1os arrebatados. En este d\u00eda, reafirmamos nuestro compromiso de trabajar unidos para construir una sociedad que ofrezca a &hellip;<\/p>\n","protected":false},"author":5,"featured_media":26683,"comment_status":"closed","ping_status":"open","sticky":false,"template":"","format":"standard","meta":{"ngg_post_thumbnail":0,"footnotes":""},"categories":[522],"tags":[],"class_list":["post-26681","post","type-post","status-publish","format-standard","has-post-thumbnail","hentry","category-igualdad"],"yoast_head":"<!-- This site is optimized with the Yoast SEO plugin v27.5 - https:\/\/yoast.com\/product\/yoast-seo-wordpress\/ -->\n<title>Por un Caudete Firme: Defensa de la Familia y Tolerancia Cero a la Violencia - MI Ayuntamiento de Caudete<\/title>\n<meta name=\"description\" content=\"P\u00e1gina Oficial del Ayuntamiento de Caudete (Albacete)\" \/>\n<meta name=\"robots\" content=\"index, follow, max-snippet:-1, max-image-preview:large, max-video-preview:-1\" \/>\n<link rel=\"canonical\" href=\"https:\/\/www.caudete.org\/ayuntamiento\/por-un-caudete-firme-defensa-de-la-familia-y-tolerancia-cero-a-la-violencia\/\" \/>\n<meta property=\"og:locale\" content=\"es_ES\" \/>\n<meta property=\"og:type\" content=\"article\" \/>\n<meta property=\"og:title\" content=\"Por un Caudete Firme: Defensa de la Familia y Tolerancia Cero a la Violencia - MI Ayuntamiento de Caudete\" \/>\n<meta property=\"og:description\" content=\"P\u00e1gina Oficial del Ayuntamiento de Caudete (Albacete)\" \/>\n<meta property=\"og:url\" content=\"https:\/\/www.caudete.org\/ayuntamiento\/por-un-caudete-firme-defensa-de-la-familia-y-tolerancia-cero-a-la-violencia\/\" \/>\n<meta property=\"og:site_name\" content=\"MI Ayuntamiento de Caudete\" \/>\n<meta property=\"article:publisher\" content=\"https:\/\/www.facebook.com\/ayuntamientocaudete\/\" \/>\n<meta property=\"article:published_time\" content=\"2024-11-22T08:00:09+00:00\" \/>\n<meta property=\"og:image\" content=\"https:\/\/www.caudete.org\/ayuntamiento\/wp-content\/uploads\/2024\/11\/Pancarta-contra-la-violencia-port.jpg\" \/>\n\t<meta property=\"og:image:width\" content=\"615\" \/>\n\t<meta property=\"og:image:height\" content=\"237\" \/>\n\t<meta property=\"og:image:type\" content=\"image\/jpeg\" \/>\n<meta name=\"author\" content=\"Dpto Informatica MI Ayuntamiento de Caudete\" \/>\n<meta name=\"twitter:card\" content=\"summary_large_image\" \/>\n<meta name=\"twitter:label1\" content=\"Escrito por\" \/>\n\t<meta name=\"twitter:data1\" content=\"Dpto Informatica MI Ayuntamiento de Caudete\" \/>\n\t<meta name=\"twitter:label2\" content=\"Tiempo de lectura\" \/>\n\t<meta name=\"twitter:data2\" content=\"3 minutos\" \/>\n<script type=\"application\/ld+json\" class=\"yoast-schema-graph\">{\"@context\":\"https:\\\/\\\/schema.org\",\"@graph\":[{\"@type\":\"Article\",\"@id\":\"https:\\\/\\\/www.caudete.org\\\/ayuntamiento\\\/por-un-caudete-firme-defensa-de-la-familia-y-tolerancia-cero-a-la-violencia\\\/#article\",\"isPartOf\":{\"@id\":\"https:\\\/\\\/www.caudete.org\\\/ayuntamiento\\\/por-un-caudete-firme-defensa-de-la-familia-y-tolerancia-cero-a-la-violencia\\\/\"},\"author\":{\"name\":\"Dpto Informatica MI Ayuntamiento de Caudete\",\"@id\":\"https:\\\/\\\/www.caudete.org\\\/ayuntamiento\\\/#\\\/schema\\\/person\\\/4b9eab41761957db9b1bf9c418d1ef46\"},\"headline\":\"Por un Caudete Firme: Defensa de la Familia y Tolerancia Cero a la Violencia\",\"datePublished\":\"2024-11-22T08:00:09+00:00\",\"mainEntityOfPage\":{\"@id\":\"https:\\\/\\\/www.caudete.org\\\/ayuntamiento\\\/por-un-caudete-firme-defensa-de-la-familia-y-tolerancia-cero-a-la-violencia\\\/\"},\"wordCount\":421,\"publisher\":{\"@id\":\"https:\\\/\\\/www.caudete.org\\\/ayuntamiento\\\/#organization\"},\"image\":{\"@id\":\"https:\\\/\\\/www.caudete.org\\\/ayuntamiento\\\/por-un-caudete-firme-defensa-de-la-familia-y-tolerancia-cero-a-la-violencia\\\/#primaryimage\"},\"thumbnailUrl\":\"https:\\\/\\\/www.caudete.org\\\/ayuntamiento\\\/wp-content\\\/uploads\\\/2024\\\/11\\\/Pancarta-contra-la-violencia-port.jpg\",\"articleSection\":[\"Igualdad\"],\"inLanguage\":\"es\"},{\"@type\":\"WebPage\",\"@id\":\"https:\\\/\\\/www.caudete.org\\\/ayuntamiento\\\/por-un-caudete-firme-defensa-de-la-familia-y-tolerancia-cero-a-la-violencia\\\/\",\"url\":\"https:\\\/\\\/www.caudete.org\\\/ayuntamiento\\\/por-un-caudete-firme-defensa-de-la-familia-y-tolerancia-cero-a-la-violencia\\\/\",\"name\":\"Por un Caudete Firme: Defensa de la Familia y Tolerancia Cero a la Violencia - MI Ayuntamiento de Caudete\",\"isPartOf\":{\"@id\":\"https:\\\/\\\/www.caudete.org\\\/ayuntamiento\\\/#website\"},\"primaryImageOfPage\":{\"@id\":\"https:\\\/\\\/www.caudete.org\\\/ayuntamiento\\\/por-un-caudete-firme-defensa-de-la-familia-y-tolerancia-cero-a-la-violencia\\\/#primaryimage\"},\"image\":{\"@id\":\"https:\\\/\\\/www.caudete.org\\\/ayuntamiento\\\/por-un-caudete-firme-defensa-de-la-familia-y-tolerancia-cero-a-la-violencia\\\/#primaryimage\"},\"thumbnailUrl\":\"https:\\\/\\\/www.caudete.org\\\/ayuntamiento\\\/wp-content\\\/uploads\\\/2024\\\/11\\\/Pancarta-contra-la-violencia-port.jpg\",\"datePublished\":\"2024-11-22T08:00:09+00:00\",\"description\":\"P\u00e1gina Oficial del Ayuntamiento de Caudete (Albacete)\",\"breadcrumb\":{\"@id\":\"https:\\\/\\\/www.caudete.org\\\/ayuntamiento\\\/por-un-caudete-firme-defensa-de-la-familia-y-tolerancia-cero-a-la-violencia\\\/#breadcrumb\"},\"inLanguage\":\"es\",\"potentialAction\":[{\"@type\":\"ReadAction\",\"target\":[\"https:\\\/\\\/www.caudete.org\\\/ayuntamiento\\\/por-un-caudete-firme-defensa-de-la-familia-y-tolerancia-cero-a-la-violencia\\\/\"]}]},{\"@type\":\"ImageObject\",\"inLanguage\":\"es\",\"@id\":\"https:\\\/\\\/www.caudete.org\\\/ayuntamiento\\\/por-un-caudete-firme-defensa-de-la-familia-y-tolerancia-cero-a-la-violencia\\\/#primaryimage\",\"url\":\"https:\\\/\\\/www.caudete.org\\\/ayuntamiento\\\/wp-content\\\/uploads\\\/2024\\\/11\\\/Pancarta-contra-la-violencia-port.jpg\",\"contentUrl\":\"https:\\\/\\\/www.caudete.org\\\/ayuntamiento\\\/wp-content\\\/uploads\\\/2024\\\/11\\\/Pancarta-contra-la-violencia-port.jpg\",\"width\":615,\"height\":237},{\"@type\":\"BreadcrumbList\",\"@id\":\"https:\\\/\\\/www.caudete.org\\\/ayuntamiento\\\/por-un-caudete-firme-defensa-de-la-familia-y-tolerancia-cero-a-la-violencia\\\/#breadcrumb\",\"itemListElement\":[{\"@type\":\"ListItem\",\"position\":1,\"name\":\"Inicio\",\"item\":\"https:\\\/\\\/www.caudete.org\\\/ayuntamiento\\\/\"},{\"@type\":\"ListItem\",\"position\":2,\"name\":\"Por un Caudete Firme: Defensa de la Familia y Tolerancia Cero a la Violencia\"}]},{\"@type\":\"WebSite\",\"@id\":\"https:\\\/\\\/www.caudete.org\\\/ayuntamiento\\\/#website\",\"url\":\"https:\\\/\\\/www.caudete.org\\\/ayuntamiento\\\/\",\"name\":\"MI Ayuntamiento de Caudete\",\"description\":\"P\u00e1gina Oficial del MI Ayuntamiento de Caudete\",\"publisher\":{\"@id\":\"https:\\\/\\\/www.caudete.org\\\/ayuntamiento\\\/#organization\"},\"potentialAction\":[{\"@type\":\"SearchAction\",\"target\":{\"@type\":\"EntryPoint\",\"urlTemplate\":\"https:\\\/\\\/www.caudete.org\\\/ayuntamiento\\\/?s={search_term_string}\"},\"query-input\":{\"@type\":\"PropertyValueSpecification\",\"valueRequired\":true,\"valueName\":\"search_term_string\"}}],\"inLanguage\":\"es\"},{\"@type\":\"Organization\",\"@id\":\"https:\\\/\\\/www.caudete.org\\\/ayuntamiento\\\/#organization\",\"name\":\"Ayuntamiento de Caudete\",\"url\":\"https:\\\/\\\/www.caudete.org\\\/ayuntamiento\\\/\",\"logo\":{\"@type\":\"ImageObject\",\"inLanguage\":\"es\",\"@id\":\"https:\\\/\\\/www.caudete.org\\\/ayuntamiento\\\/#\\\/schema\\\/logo\\\/image\\\/\",\"url\":\"https:\\\/\\\/www.caudete.org\\\/ayuntamiento\\\/wp-content\\\/uploads\\\/2020\\\/11\\\/logo_ayuntamiento_caudete.jpg\",\"contentUrl\":\"https:\\\/\\\/www.caudete.org\\\/ayuntamiento\\\/wp-content\\\/uploads\\\/2020\\\/11\\\/logo_ayuntamiento_caudete.jpg\",\"width\":600,\"height\":150,\"caption\":\"Ayuntamiento de Caudete\"},\"image\":{\"@id\":\"https:\\\/\\\/www.caudete.org\\\/ayuntamiento\\\/#\\\/schema\\\/logo\\\/image\\\/\"},\"sameAs\":[\"https:\\\/\\\/www.facebook.com\\\/ayuntamientocaudete\\\/\",\"https:\\\/\\\/www.youtube.com\\\/channel\\\/UC6VztHaooNsGpw-tNoBEFnQ\"]},{\"@type\":\"Person\",\"@id\":\"https:\\\/\\\/www.caudete.org\\\/ayuntamiento\\\/#\\\/schema\\\/person\\\/4b9eab41761957db9b1bf9c418d1ef46\",\"name\":\"Dpto Informatica MI Ayuntamiento de Caudete\",\"image\":{\"@type\":\"ImageObject\",\"inLanguage\":\"es\",\"@id\":\"https:\\\/\\\/secure.gravatar.com\\\/avatar\\\/ac0321ee4a0a83e82a253e7b2d348ef539e2c8fe16d06b600bde04de1b364fa7?s=96&d=mm&r=g\",\"url\":\"https:\\\/\\\/secure.gravatar.com\\\/avatar\\\/ac0321ee4a0a83e82a253e7b2d348ef539e2c8fe16d06b600bde04de1b364fa7?s=96&d=mm&r=g\",\"contentUrl\":\"https:\\\/\\\/secure.gravatar.com\\\/avatar\\\/ac0321ee4a0a83e82a253e7b2d348ef539e2c8fe16d06b600bde04de1b364fa7?s=96&d=mm&r=g\",\"caption\":\"Dpto Informatica MI Ayuntamiento de Caudete\"},\"url\":\"https:\\\/\\\/www.caudete.org\\\/ayuntamiento\\\/author\\\/informatica\\\/\"}]}<\/script>\n<!-- \/ Yoast SEO plugin. -->","yoast_head_json":{"title":"Por un Caudete Firme: Defensa de la Familia y Tolerancia Cero a la Violencia - MI Ayuntamiento de Caudete","description":"P\u00e1gina Oficial del Ayuntamiento de Caudete (Albacete)","robots":{"index":"index","follow":"follow","max-snippet":"max-snippet:-1","max-image-preview":"max-image-preview:large","max-video-preview":"max-video-preview:-1"},"canonical":"https:\/\/www.caudete.org\/ayuntamiento\/por-un-caudete-firme-defensa-de-la-familia-y-tolerancia-cero-a-la-violencia\/","og_locale":"es_ES","og_type":"article","og_title":"Por un Caudete Firme: Defensa de la Familia y Tolerancia Cero a la Violencia - MI Ayuntamiento de Caudete","og_description":"P\u00e1gina Oficial del Ayuntamiento de Caudete (Albacete)","og_url":"https:\/\/www.caudete.org\/ayuntamiento\/por-un-caudete-firme-defensa-de-la-familia-y-tolerancia-cero-a-la-violencia\/","og_site_name":"MI Ayuntamiento de Caudete","article_publisher":"https:\/\/www.facebook.com\/ayuntamientocaudete\/","article_published_time":"2024-11-22T08:00:09+00:00","og_image":[{"width":615,"height":237,"url":"https:\/\/www.caudete.org\/ayuntamiento\/wp-content\/uploads\/2024\/11\/Pancarta-contra-la-violencia-port.jpg","type":"image\/jpeg"}],"author":"Dpto Informatica MI Ayuntamiento de Caudete","twitter_card":"summary_large_image","twitter_misc":{"Escrito por":"Dpto Informatica MI Ayuntamiento de Caudete","Tiempo de lectura":"3 minutos"},"schema":{"@context":"https:\/\/schema.org","@graph":[{"@type":"Article","@id":"https:\/\/www.caudete.org\/ayuntamiento\/por-un-caudete-firme-defensa-de-la-familia-y-tolerancia-cero-a-la-violencia\/#article","isPartOf":{"@id":"https:\/\/www.caudete.org\/ayuntamiento\/por-un-caudete-firme-defensa-de-la-familia-y-tolerancia-cero-a-la-violencia\/"},"author":{"name":"Dpto Informatica MI Ayuntamiento de Caudete","@id":"https:\/\/www.caudete.org\/ayuntamiento\/#\/schema\/person\/4b9eab41761957db9b1bf9c418d1ef46"},"headline":"Por un Caudete Firme: Defensa de la Familia y Tolerancia Cero a la Violencia","datePublished":"2024-11-22T08:00:09+00:00","mainEntityOfPage":{"@id":"https:\/\/www.caudete.org\/ayuntamiento\/por-un-caudete-firme-defensa-de-la-familia-y-tolerancia-cero-a-la-violencia\/"},"wordCount":421,"publisher":{"@id":"https:\/\/www.caudete.org\/ayuntamiento\/#organization"},"image":{"@id":"https:\/\/www.caudete.org\/ayuntamiento\/por-un-caudete-firme-defensa-de-la-familia-y-tolerancia-cero-a-la-violencia\/#primaryimage"},"thumbnailUrl":"https:\/\/www.caudete.org\/ayuntamiento\/wp-content\/uploads\/2024\/11\/Pancarta-contra-la-violencia-port.jpg","articleSection":["Igualdad"],"inLanguage":"es"},{"@type":"WebPage","@id":"https:\/\/www.caudete.org\/ayuntamiento\/por-un-caudete-firme-defensa-de-la-familia-y-tolerancia-cero-a-la-violencia\/","url":"https:\/\/www.caudete.org\/ayuntamiento\/por-un-caudete-firme-defensa-de-la-familia-y-tolerancia-cero-a-la-violencia\/","name":"Por un Caudete Firme: Defensa de la Familia y Tolerancia Cero a la Violencia - MI Ayuntamiento de Caudete","isPartOf":{"@id":"https:\/\/www.caudete.org\/ayuntamiento\/#website"},"primaryImageOfPage":{"@id":"https:\/\/www.caudete.org\/ayuntamiento\/por-un-caudete-firme-defensa-de-la-familia-y-tolerancia-cero-a-la-violencia\/#primaryimage"},"image":{"@id":"https:\/\/www.caudete.org\/ayuntamiento\/por-un-caudete-firme-defensa-de-la-familia-y-tolerancia-cero-a-la-violencia\/#primaryimage"},"thumbnailUrl":"https:\/\/www.caudete.org\/ayuntamiento\/wp-content\/uploads\/2024\/11\/Pancarta-contra-la-violencia-port.jpg","datePublished":"2024-11-22T08:00:09+00:00","description":"P\u00e1gina Oficial del Ayuntamiento de Caudete (Albacete)","breadcrumb":{"@id":"https:\/\/www.caudete.org\/ayuntamiento\/por-un-caudete-firme-defensa-de-la-familia-y-tolerancia-cero-a-la-violencia\/#breadcrumb"},"inLanguage":"es","potentialAction":[{"@type":"ReadAction","target":["https:\/\/www.caudete.org\/ayuntamiento\/por-un-caudete-firme-defensa-de-la-familia-y-tolerancia-cero-a-la-violencia\/"]}]},{"@type":"ImageObject","inLanguage":"es","@id":"https:\/\/www.caudete.org\/ayuntamiento\/por-un-caudete-firme-defensa-de-la-familia-y-tolerancia-cero-a-la-violencia\/#primaryimage","url":"https:\/\/www.caudete.org\/ayuntamiento\/wp-content\/uploads\/2024\/11\/Pancarta-contra-la-violencia-port.jpg","contentUrl":"https:\/\/www.caudete.org\/ayuntamiento\/wp-content\/uploads\/2024\/11\/Pancarta-contra-la-violencia-port.jpg","width":615,"height":237},{"@type":"BreadcrumbList","@id":"https:\/\/www.caudete.org\/ayuntamiento\/por-un-caudete-firme-defensa-de-la-familia-y-tolerancia-cero-a-la-violencia\/#breadcrumb","itemListElement":[{"@type":"ListItem","position":1,"name":"Inicio","item":"https:\/\/www.caudete.org\/ayuntamiento\/"},{"@type":"ListItem","position":2,"name":"Por un Caudete Firme: Defensa de la Familia y Tolerancia Cero a la Violencia"}]},{"@type":"WebSite","@id":"https:\/\/www.caudete.org\/ayuntamiento\/#website","url":"https:\/\/www.caudete.org\/ayuntamiento\/","name":"MI Ayuntamiento de Caudete","description":"P\u00e1gina Oficial del MI Ayuntamiento de Caudete","publisher":{"@id":"https:\/\/www.caudete.org\/ayuntamiento\/#organization"},"potentialAction":[{"@type":"SearchAction","target":{"@type":"EntryPoint","urlTemplate":"https:\/\/www.caudete.org\/ayuntamiento\/?s={search_term_string}"},"query-input":{"@type":"PropertyValueSpecification","valueRequired":true,"valueName":"search_term_string"}}],"inLanguage":"es"},{"@type":"Organization","@id":"https:\/\/www.caudete.org\/ayuntamiento\/#organization","name":"Ayuntamiento de Caudete","url":"https:\/\/www.caudete.org\/ayuntamiento\/","logo":{"@type":"ImageObject","inLanguage":"es","@id":"https:\/\/www.caudete.org\/ayuntamiento\/#\/schema\/logo\/image\/","url":"https:\/\/www.caudete.org\/ayuntamiento\/wp-content\/uploads\/2020\/11\/logo_ayuntamiento_caudete.jpg","contentUrl":"https:\/\/www.caudete.org\/ayuntamiento\/wp-content\/uploads\/2020\/11\/logo_ayuntamiento_caudete.jpg","width":600,"height":150,"caption":"Ayuntamiento de Caudete"},"image":{"@id":"https:\/\/www.caudete.org\/ayuntamiento\/#\/schema\/logo\/image\/"},"sameAs":["https:\/\/www.facebook.com\/ayuntamientocaudete\/","https:\/\/www.youtube.com\/channel\/UC6VztHaooNsGpw-tNoBEFnQ"]},{"@type":"Person","@id":"https:\/\/www.caudete.org\/ayuntamiento\/#\/schema\/person\/4b9eab41761957db9b1bf9c418d1ef46","name":"Dpto Informatica MI Ayuntamiento de Caudete","image":{"@type":"ImageObject","inLanguage":"es","@id":"https:\/\/secure.gravatar.com\/avatar\/ac0321ee4a0a83e82a253e7b2d348ef539e2c8fe16d06b600bde04de1b364fa7?s=96&d=mm&r=g","url":"https:\/\/secure.gravatar.com\/avatar\/ac0321ee4a0a83e82a253e7b2d348ef539e2c8fe16d06b600bde04de1b364fa7?s=96&d=mm&r=g","contentUrl":"https:\/\/secure.gravatar.com\/avatar\/ac0321ee4a0a83e82a253e7b2d348ef539e2c8fe16d06b600bde04de1b364fa7?s=96&d=mm&r=g","caption":"Dpto Informatica MI Ayuntamiento de Caudete"},"url":"https:\/\/www.caudete.org\/ayuntamiento\/author\/informatica\/"}]}},"_links":{"self":[{"href":"https:\/\/www.caudete.org\/ayuntamiento\/wp-json\/wp\/v2\/posts\/26681","targetHints":{"allow":["GET"]}}],"collection":[{"href":"https:\/\/www.caudete.org\/ayuntamiento\/wp-json\/wp\/v2\/posts"}],"about":[{"href":"https:\/\/www.caudete.org\/ayuntamiento\/wp-json\/wp\/v2\/types\/post"}],"author":[{"embeddable":true,"href":"https:\/\/www.caudete.org\/ayuntamiento\/wp-json\/wp\/v2\/users\/5"}],"replies":[{"embeddable":true,"href":"https:\/\/www.caudete.org\/ayuntamiento\/wp-json\/wp\/v2\/comments?post=26681"}],"version-history":[{"count":1,"href":"https:\/\/www.caudete.org\/ayuntamiento\/wp-json\/wp\/v2\/posts\/26681\/revisions"}],"predecessor-version":[{"id":26684,"href":"https:\/\/www.caudete.org\/ayuntamiento\/wp-json\/wp\/v2\/posts\/26681\/revisions\/26684"}],"wp:featuredmedia":[{"embeddable":true,"href":"https:\/\/www.caudete.org\/ayuntamiento\/wp-json\/wp\/v2\/media\/26683"}],"wp:attachment":[{"href":"https:\/\/www.caudete.org\/ayuntamiento\/wp-json\/wp\/v2\/media?parent=26681"}],"wp:term":[{"taxonomy":"category","embeddable":true,"href":"https:\/\/www.caudete.org\/ayuntamiento\/wp-json\/wp\/v2\/categories?post=26681"},{"taxonomy":"post_tag","embeddable":true,"href":"https:\/\/www.caudete.org\/ayuntamiento\/wp-json\/wp\/v2\/tags?post=26681"}],"curies":[{"name":"wp","href":"https:\/\/api.w.org\/{rel}","templated":true}]}}