{"id":26687,"date":"2024-11-21T19:48:09","date_gmt":"2024-11-21T18:48:09","guid":{"rendered":"https:\/\/www.caudete.org\/ayuntamiento\/?p=26687"},"modified":"2024-11-21T19:48:09","modified_gmt":"2024-11-21T18:48:09","slug":"medidas-adoptadas-por-la-alerta-amarilla-por-fuertes-vientos","status":"publish","type":"post","link":"https:\/\/www.caudete.org\/ayuntamiento\/medidas-adoptadas-por-la-alerta-amarilla-por-fuertes-vientos\/","title":{"rendered":"Medidas adoptadas por la Alerta Amarilla por fuertes vientos"},"content":{"rendered":"<p style=\"text-align: justify;\">Debido a la situaci\u00f3n meteorol\u00f3gica adversa que la AEMET ha emitido para nuestra poblaci\u00f3n como resultado de la borrasca Caetano, con la activaci\u00f3n de alerta color amarillo por fuertes rachas de viento de componente oeste, que podr\u00edan alcanzar rachas de m\u00e1s de 70 km\/hora, y viendo que las poblaciones lim\u00edtrofes de la provincia de Alicante y Valencia la tienen activada en color naranja, pudiendo llegar las rachas de viento hasta los 90 km\/hora.<\/p>\n<p style=\"text-align: justify;\">Aun no habiendo recibido notificaci\u00f3n alguna de la situaci\u00f3n por el 112 ni por ning\u00fan otro canal oficial, el Alcalde, como Director del Plan Municipal de Emergencias (PLATEMUN), junto a la Concejal Delegada de Emergencias, han valorado la situaci\u00f3n y la idoneidad de proceder a la activaci\u00f3n del citado Plan Municipal, lo que ha sido trasladado a los integrantes del Centro de Coordinaci\u00f3n de Operaciones Municipal (CECOPAL) para su informaci\u00f3n, con las siguientes particularidades:<\/p>\n<p style=\"text-align: justify;\">Ante dicha situaci\u00f3n, y hasta ver como se va desarrollando, el Consistorio ha adoptado:<\/p>\n<p style=\"text-align: justify;\">&#8211; La activaci\u00f3n del Plan Municipal de Emergencias, desde este momento y hasta las 14:00h de ma\u00f1ana viernes, en Fase de Alerta Nivel 0.<br \/>\n&#8211; Proceder al cierre de parques y zonas arboladas al transito de personas.<br \/>\n&#8211; Suspensi\u00f3n de actividades municipales que se desarrollen en la v\u00eda p\u00fablica o espacios p\u00fablicos al aire libre.<br \/>\n&#8211; Recomendaci\u00f3n a la ciudadan\u00eda de no transitar por zonas donde existan elementos susceptibles de riesgo por la situaci\u00f3n adversas; la retirada de elementos no fijos en terrazas, ventanas, repisas y similares.<\/p>\n","protected":false},"excerpt":{"rendered":"<p>Debido a la situaci\u00f3n meteorol\u00f3gica adversa que la AEMET ha emitido para nuestra poblaci\u00f3n como resultado de la borrasca Caetano, con la activaci\u00f3n de alerta color amarillo por fuertes rachas de viento de componente oeste, que podr\u00edan alcanzar rachas de m\u00e1s de 70 km\/hora, y viendo que las poblaciones lim\u00edtrofes de la provincia de Alicante &hellip;<\/p>\n","protected":false},"author":3,"featured_media":26688,"comment_status":"closed","ping_status":"open","sticky":false,"template":"","format":"standard","meta":{"ngg_post_thumbnail":0,"footnotes":""},"categories":[41],"tags":[],"class_list":["post-26687","post","type-post","status-publish","format-standard","has-post-thumbnail","hentry","category-emergencias"],"yoast_head":"<!-- This site is optimized with the Yoast SEO plugin v27.5 - https:\/\/yoast.com\/product\/yoast-seo-wordpress\/ -->\n<title>Medidas adoptadas por la Alerta Amarilla por fuertes vientos - MI Ayuntamiento de Caudete<\/title>\n<meta name=\"description\" content=\"P\u00e1gina Oficial del Ayuntamiento de Caudete (Albacete)\" \/>\n<meta name=\"robots\" content=\"index, follow, max-snippet:-1, max-image-preview:large, max-video-preview:-1\" \/>\n<link rel=\"canonical\" href=\"https:\/\/www.caudete.org\/ayuntamiento\/medidas-adoptadas-por-la-alerta-amarilla-por-fuertes-vientos\/\" \/>\n<meta property=\"og:locale\" content=\"es_ES\" \/>\n<meta property=\"og:type\" content=\"article\" \/>\n<meta property=\"og:title\" content=\"Medidas adoptadas por la Alerta Amarilla por fuertes vientos - MI Ayuntamiento de Caudete\" \/>\n<meta property=\"og:description\" content=\"P\u00e1gina Oficial del Ayuntamiento de Caudete (Albacete)\" \/>\n<meta property=\"og:url\" content=\"https:\/\/www.caudete.org\/ayuntamiento\/medidas-adoptadas-por-la-alerta-amarilla-por-fuertes-vientos\/\" \/>\n<meta property=\"og:site_name\" content=\"MI Ayuntamiento de Caudete\" \/>\n<meta property=\"article:publisher\" content=\"https:\/\/www.facebook.com\/ayuntamientocaudete\/\" \/>\n<meta property=\"article:published_time\" content=\"2024-11-21T18:48:09+00:00\" \/>\n<meta property=\"og:image\" content=\"https:\/\/www.caudete.org\/ayuntamiento\/wp-content\/uploads\/2024\/11\/aemet-caetano.jpg\" \/>\n\t<meta property=\"og:image:width\" content=\"917\" \/>\n\t<meta property=\"og:image:height\" content=\"715\" \/>\n\t<meta property=\"og:image:type\" content=\"image\/jpeg\" \/>\n<meta name=\"author\" content=\"alcalde\" \/>\n<meta name=\"twitter:card\" content=\"summary_large_image\" \/>\n<meta name=\"twitter:label1\" content=\"Escrito por\" \/>\n\t<meta name=\"twitter:data1\" content=\"alcalde\" \/>\n\t<meta name=\"twitter:label2\" content=\"Tiempo de lectura\" \/>\n\t<meta name=\"twitter:data2\" content=\"2 minutos\" \/>\n<script type=\"application\/ld+json\" class=\"yoast-schema-graph\">{\"@context\":\"https:\\\/\\\/schema.org\",\"@graph\":[{\"@type\":\"Article\",\"@id\":\"https:\\\/\\\/www.caudete.org\\\/ayuntamiento\\\/medidas-adoptadas-por-la-alerta-amarilla-por-fuertes-vientos\\\/#article\",\"isPartOf\":{\"@id\":\"https:\\\/\\\/www.caudete.org\\\/ayuntamiento\\\/medidas-adoptadas-por-la-alerta-amarilla-por-fuertes-vientos\\\/\"},\"author\":{\"name\":\"alcalde\",\"@id\":\"https:\\\/\\\/www.caudete.org\\\/ayuntamiento\\\/#\\\/schema\\\/person\\\/cc646da9133078ee4d8dd47457947253\"},\"headline\":\"Medidas adoptadas por la Alerta Amarilla por fuertes vientos\",\"datePublished\":\"2024-11-21T18:48:09+00:00\",\"mainEntityOfPage\":{\"@id\":\"https:\\\/\\\/www.caudete.org\\\/ayuntamiento\\\/medidas-adoptadas-por-la-alerta-amarilla-por-fuertes-vientos\\\/\"},\"wordCount\":279,\"publisher\":{\"@id\":\"https:\\\/\\\/www.caudete.org\\\/ayuntamiento\\\/#organization\"},\"image\":{\"@id\":\"https:\\\/\\\/www.caudete.org\\\/ayuntamiento\\\/medidas-adoptadas-por-la-alerta-amarilla-por-fuertes-vientos\\\/#primaryimage\"},\"thumbnailUrl\":\"https:\\\/\\\/www.caudete.org\\\/ayuntamiento\\\/wp-content\\\/uploads\\\/2024\\\/11\\\/aemet-caetano.jpg\",\"articleSection\":[\"Emergencias\"],\"inLanguage\":\"es\"},{\"@type\":\"WebPage\",\"@id\":\"https:\\\/\\\/www.caudete.org\\\/ayuntamiento\\\/medidas-adoptadas-por-la-alerta-amarilla-por-fuertes-vientos\\\/\",\"url\":\"https:\\\/\\\/www.caudete.org\\\/ayuntamiento\\\/medidas-adoptadas-por-la-alerta-amarilla-por-fuertes-vientos\\\/\",\"name\":\"Medidas adoptadas por la Alerta Amarilla por fuertes vientos - MI Ayuntamiento de Caudete\",\"isPartOf\":{\"@id\":\"https:\\\/\\\/www.caudete.org\\\/ayuntamiento\\\/#website\"},\"primaryImageOfPage\":{\"@id\":\"https:\\\/\\\/www.caudete.org\\\/ayuntamiento\\\/medidas-adoptadas-por-la-alerta-amarilla-por-fuertes-vientos\\\/#primaryimage\"},\"image\":{\"@id\":\"https:\\\/\\\/www.caudete.org\\\/ayuntamiento\\\/medidas-adoptadas-por-la-alerta-amarilla-por-fuertes-vientos\\\/#primaryimage\"},\"thumbnailUrl\":\"https:\\\/\\\/www.caudete.org\\\/ayuntamiento\\\/wp-content\\\/uploads\\\/2024\\\/11\\\/aemet-caetano.jpg\",\"datePublished\":\"2024-11-21T18:48:09+00:00\",\"description\":\"P\u00e1gina Oficial del Ayuntamiento de Caudete (Albacete)\",\"breadcrumb\":{\"@id\":\"https:\\\/\\\/www.caudete.org\\\/ayuntamiento\\\/medidas-adoptadas-por-la-alerta-amarilla-por-fuertes-vientos\\\/#breadcrumb\"},\"inLanguage\":\"es\",\"potentialAction\":[{\"@type\":\"ReadAction\",\"target\":[\"https:\\\/\\\/www.caudete.org\\\/ayuntamiento\\\/medidas-adoptadas-por-la-alerta-amarilla-por-fuertes-vientos\\\/\"]}]},{\"@type\":\"ImageObject\",\"inLanguage\":\"es\",\"@id\":\"https:\\\/\\\/www.caudete.org\\\/ayuntamiento\\\/medidas-adoptadas-por-la-alerta-amarilla-por-fuertes-vientos\\\/#primaryimage\",\"url\":\"https:\\\/\\\/www.caudete.org\\\/ayuntamiento\\\/wp-content\\\/uploads\\\/2024\\\/11\\\/aemet-caetano.jpg\",\"contentUrl\":\"https:\\\/\\\/www.caudete.org\\\/ayuntamiento\\\/wp-content\\\/uploads\\\/2024\\\/11\\\/aemet-caetano.jpg\",\"width\":917,\"height\":715},{\"@type\":\"BreadcrumbList\",\"@id\":\"https:\\\/\\\/www.caudete.org\\\/ayuntamiento\\\/medidas-adoptadas-por-la-alerta-amarilla-por-fuertes-vientos\\\/#breadcrumb\",\"itemListElement\":[{\"@type\":\"ListItem\",\"position\":1,\"name\":\"Inicio\",\"item\":\"https:\\\/\\\/www.caudete.org\\\/ayuntamiento\\\/\"},{\"@type\":\"ListItem\",\"position\":2,\"name\":\"Medidas adoptadas por la Alerta Amarilla por fuertes vientos\"}]},{\"@type\":\"WebSite\",\"@id\":\"https:\\\/\\\/www.caudete.org\\\/ayuntamiento\\\/#website\",\"url\":\"https:\\\/\\\/www.caudete.org\\\/ayuntamiento\\\/\",\"name\":\"MI Ayuntamiento de Caudete\",\"description\":\"P\u00e1gina Oficial del MI Ayuntamiento de Caudete\",\"publisher\":{\"@id\":\"https:\\\/\\\/www.caudete.org\\\/ayuntamiento\\\/#organization\"},\"potentialAction\":[{\"@type\":\"SearchAction\",\"target\":{\"@type\":\"EntryPoint\",\"urlTemplate\":\"https:\\\/\\\/www.caudete.org\\\/ayuntamiento\\\/?s={search_term_string}\"},\"query-input\":{\"@type\":\"PropertyValueSpecification\",\"valueRequired\":true,\"valueName\":\"search_term_string\"}}],\"inLanguage\":\"es\"},{\"@type\":\"Organization\",\"@id\":\"https:\\\/\\\/www.caudete.org\\\/ayuntamiento\\\/#organization\",\"name\":\"Ayuntamiento de Caudete\",\"url\":\"https:\\\/\\\/www.caudete.org\\\/ayuntamiento\\\/\",\"logo\":{\"@type\":\"ImageObject\",\"inLanguage\":\"es\",\"@id\":\"https:\\\/\\\/www.caudete.org\\\/ayuntamiento\\\/#\\\/schema\\\/logo\\\/image\\\/\",\"url\":\"https:\\\/\\\/www.caudete.org\\\/ayuntamiento\\\/wp-content\\\/uploads\\\/2020\\\/11\\\/logo_ayuntamiento_caudete.jpg\",\"contentUrl\":\"https:\\\/\\\/www.caudete.org\\\/ayuntamiento\\\/wp-content\\\/uploads\\\/2020\\\/11\\\/logo_ayuntamiento_caudete.jpg\",\"width\":600,\"height\":150,\"caption\":\"Ayuntamiento de Caudete\"},\"image\":{\"@id\":\"https:\\\/\\\/www.caudete.org\\\/ayuntamiento\\\/#\\\/schema\\\/logo\\\/image\\\/\"},\"sameAs\":[\"https:\\\/\\\/www.facebook.com\\\/ayuntamientocaudete\\\/\",\"https:\\\/\\\/www.youtube.com\\\/channel\\\/UC6VztHaooNsGpw-tNoBEFnQ\"]},{\"@type\":\"Person\",\"@id\":\"https:\\\/\\\/www.caudete.org\\\/ayuntamiento\\\/#\\\/schema\\\/person\\\/cc646da9133078ee4d8dd47457947253\",\"name\":\"alcalde\",\"image\":{\"@type\":\"ImageObject\",\"inLanguage\":\"es\",\"@id\":\"https:\\\/\\\/secure.gravatar.com\\\/avatar\\\/84a817ba065b29ff08d666b215a215f5c79186a645ccb25b14a663d48a130f77?s=96&d=mm&r=g\",\"url\":\"https:\\\/\\\/secure.gravatar.com\\\/avatar\\\/84a817ba065b29ff08d666b215a215f5c79186a645ccb25b14a663d48a130f77?s=96&d=mm&r=g\",\"contentUrl\":\"https:\\\/\\\/secure.gravatar.com\\\/avatar\\\/84a817ba065b29ff08d666b215a215f5c79186a645ccb25b14a663d48a130f77?s=96&d=mm&r=g\",\"caption\":\"alcalde\"},\"url\":\"https:\\\/\\\/www.caudete.org\\\/ayuntamiento\\\/author\\\/alcalde\\\/\"}]}<\/script>\n<!-- \/ Yoast SEO plugin. -->","yoast_head_json":{"title":"Medidas adoptadas por la Alerta Amarilla por fuertes vientos - MI Ayuntamiento de Caudete","description":"P\u00e1gina Oficial del Ayuntamiento de Caudete (Albacete)","robots":{"index":"index","follow":"follow","max-snippet":"max-snippet:-1","max-image-preview":"max-image-preview:large","max-video-preview":"max-video-preview:-1"},"canonical":"https:\/\/www.caudete.org\/ayuntamiento\/medidas-adoptadas-por-la-alerta-amarilla-por-fuertes-vientos\/","og_locale":"es_ES","og_type":"article","og_title":"Medidas adoptadas por la Alerta Amarilla por fuertes vientos - MI Ayuntamiento de Caudete","og_description":"P\u00e1gina Oficial del Ayuntamiento de Caudete (Albacete)","og_url":"https:\/\/www.caudete.org\/ayuntamiento\/medidas-adoptadas-por-la-alerta-amarilla-por-fuertes-vientos\/","og_site_name":"MI Ayuntamiento de Caudete","article_publisher":"https:\/\/www.facebook.com\/ayuntamientocaudete\/","article_published_time":"2024-11-21T18:48:09+00:00","og_image":[{"width":917,"height":715,"url":"https:\/\/www.caudete.org\/ayuntamiento\/wp-content\/uploads\/2024\/11\/aemet-caetano.jpg","type":"image\/jpeg"}],"author":"alcalde","twitter_card":"summary_large_image","twitter_misc":{"Escrito por":"alcalde","Tiempo de lectura":"2 minutos"},"schema":{"@context":"https:\/\/schema.org","@graph":[{"@type":"Article","@id":"https:\/\/www.caudete.org\/ayuntamiento\/medidas-adoptadas-por-la-alerta-amarilla-por-fuertes-vientos\/#article","isPartOf":{"@id":"https:\/\/www.caudete.org\/ayuntamiento\/medidas-adoptadas-por-la-alerta-amarilla-por-fuertes-vientos\/"},"author":{"name":"alcalde","@id":"https:\/\/www.caudete.org\/ayuntamiento\/#\/schema\/person\/cc646da9133078ee4d8dd47457947253"},"headline":"Medidas adoptadas por la Alerta Amarilla por fuertes vientos","datePublished":"2024-11-21T18:48:09+00:00","mainEntityOfPage":{"@id":"https:\/\/www.caudete.org\/ayuntamiento\/medidas-adoptadas-por-la-alerta-amarilla-por-fuertes-vientos\/"},"wordCount":279,"publisher":{"@id":"https:\/\/www.caudete.org\/ayuntamiento\/#organization"},"image":{"@id":"https:\/\/www.caudete.org\/ayuntamiento\/medidas-adoptadas-por-la-alerta-amarilla-por-fuertes-vientos\/#primaryimage"},"thumbnailUrl":"https:\/\/www.caudete.org\/ayuntamiento\/wp-content\/uploads\/2024\/11\/aemet-caetano.jpg","articleSection":["Emergencias"],"inLanguage":"es"},{"@type":"WebPage","@id":"https:\/\/www.caudete.org\/ayuntamiento\/medidas-adoptadas-por-la-alerta-amarilla-por-fuertes-vientos\/","url":"https:\/\/www.caudete.org\/ayuntamiento\/medidas-adoptadas-por-la-alerta-amarilla-por-fuertes-vientos\/","name":"Medidas adoptadas por la Alerta Amarilla por fuertes vientos - MI Ayuntamiento de Caudete","isPartOf":{"@id":"https:\/\/www.caudete.org\/ayuntamiento\/#website"},"primaryImageOfPage":{"@id":"https:\/\/www.caudete.org\/ayuntamiento\/medidas-adoptadas-por-la-alerta-amarilla-por-fuertes-vientos\/#primaryimage"},"image":{"@id":"https:\/\/www.caudete.org\/ayuntamiento\/medidas-adoptadas-por-la-alerta-amarilla-por-fuertes-vientos\/#primaryimage"},"thumbnailUrl":"https:\/\/www.caudete.org\/ayuntamiento\/wp-content\/uploads\/2024\/11\/aemet-caetano.jpg","datePublished":"2024-11-21T18:48:09+00:00","description":"P\u00e1gina Oficial del Ayuntamiento de Caudete (Albacete)","breadcrumb":{"@id":"https:\/\/www.caudete.org\/ayuntamiento\/medidas-adoptadas-por-la-alerta-amarilla-por-fuertes-vientos\/#breadcrumb"},"inLanguage":"es","potentialAction":[{"@type":"ReadAction","target":["https:\/\/www.caudete.org\/ayuntamiento\/medidas-adoptadas-por-la-alerta-amarilla-por-fuertes-vientos\/"]}]},{"@type":"ImageObject","inLanguage":"es","@id":"https:\/\/www.caudete.org\/ayuntamiento\/medidas-adoptadas-por-la-alerta-amarilla-por-fuertes-vientos\/#primaryimage","url":"https:\/\/www.caudete.org\/ayuntamiento\/wp-content\/uploads\/2024\/11\/aemet-caetano.jpg","contentUrl":"https:\/\/www.caudete.org\/ayuntamiento\/wp-content\/uploads\/2024\/11\/aemet-caetano.jpg","width":917,"height":715},{"@type":"BreadcrumbList","@id":"https:\/\/www.caudete.org\/ayuntamiento\/medidas-adoptadas-por-la-alerta-amarilla-por-fuertes-vientos\/#breadcrumb","itemListElement":[{"@type":"ListItem","position":1,"name":"Inicio","item":"https:\/\/www.caudete.org\/ayuntamiento\/"},{"@type":"ListItem","position":2,"name":"Medidas adoptadas por la Alerta Amarilla por fuertes vientos"}]},{"@type":"WebSite","@id":"https:\/\/www.caudete.org\/ayuntamiento\/#website","url":"https:\/\/www.caudete.org\/ayuntamiento\/","name":"MI Ayuntamiento de Caudete","description":"P\u00e1gina Oficial del MI Ayuntamiento de Caudete","publisher":{"@id":"https:\/\/www.caudete.org\/ayuntamiento\/#organization"},"potentialAction":[{"@type":"SearchAction","target":{"@type":"EntryPoint","urlTemplate":"https:\/\/www.caudete.org\/ayuntamiento\/?s={search_term_string}"},"query-input":{"@type":"PropertyValueSpecification","valueRequired":true,"valueName":"search_term_string"}}],"inLanguage":"es"},{"@type":"Organization","@id":"https:\/\/www.caudete.org\/ayuntamiento\/#organization","name":"Ayuntamiento de Caudete","url":"https:\/\/www.caudete.org\/ayuntamiento\/","logo":{"@type":"ImageObject","inLanguage":"es","@id":"https:\/\/www.caudete.org\/ayuntamiento\/#\/schema\/logo\/image\/","url":"https:\/\/www.caudete.org\/ayuntamiento\/wp-content\/uploads\/2020\/11\/logo_ayuntamiento_caudete.jpg","contentUrl":"https:\/\/www.caudete.org\/ayuntamiento\/wp-content\/uploads\/2020\/11\/logo_ayuntamiento_caudete.jpg","width":600,"height":150,"caption":"Ayuntamiento de Caudete"},"image":{"@id":"https:\/\/www.caudete.org\/ayuntamiento\/#\/schema\/logo\/image\/"},"sameAs":["https:\/\/www.facebook.com\/ayuntamientocaudete\/","https:\/\/www.youtube.com\/channel\/UC6VztHaooNsGpw-tNoBEFnQ"]},{"@type":"Person","@id":"https:\/\/www.caudete.org\/ayuntamiento\/#\/schema\/person\/cc646da9133078ee4d8dd47457947253","name":"alcalde","image":{"@type":"ImageObject","inLanguage":"es","@id":"https:\/\/secure.gravatar.com\/avatar\/84a817ba065b29ff08d666b215a215f5c79186a645ccb25b14a663d48a130f77?s=96&d=mm&r=g","url":"https:\/\/secure.gravatar.com\/avatar\/84a817ba065b29ff08d666b215a215f5c79186a645ccb25b14a663d48a130f77?s=96&d=mm&r=g","contentUrl":"https:\/\/secure.gravatar.com\/avatar\/84a817ba065b29ff08d666b215a215f5c79186a645ccb25b14a663d48a130f77?s=96&d=mm&r=g","caption":"alcalde"},"url":"https:\/\/www.caudete.org\/ayuntamiento\/author\/alcalde\/"}]}},"_links":{"self":[{"href":"https:\/\/www.caudete.org\/ayuntamiento\/wp-json\/wp\/v2\/posts\/26687","targetHints":{"allow":["GET"]}}],"collection":[{"href":"https:\/\/www.caudete.org\/ayuntamiento\/wp-json\/wp\/v2\/posts"}],"about":[{"href":"https:\/\/www.caudete.org\/ayuntamiento\/wp-json\/wp\/v2\/types\/post"}],"author":[{"embeddable":true,"href":"https:\/\/www.caudete.org\/ayuntamiento\/wp-json\/wp\/v2\/users\/3"}],"replies":[{"embeddable":true,"href":"https:\/\/www.caudete.org\/ayuntamiento\/wp-json\/wp\/v2\/comments?post=26687"}],"version-history":[{"count":1,"href":"https:\/\/www.caudete.org\/ayuntamiento\/wp-json\/wp\/v2\/posts\/26687\/revisions"}],"predecessor-version":[{"id":26689,"href":"https:\/\/www.caudete.org\/ayuntamiento\/wp-json\/wp\/v2\/posts\/26687\/revisions\/26689"}],"wp:featuredmedia":[{"embeddable":true,"href":"https:\/\/www.caudete.org\/ayuntamiento\/wp-json\/wp\/v2\/media\/26688"}],"wp:attachment":[{"href":"https:\/\/www.caudete.org\/ayuntamiento\/wp-json\/wp\/v2\/media?parent=26687"}],"wp:term":[{"taxonomy":"category","embeddable":true,"href":"https:\/\/www.caudete.org\/ayuntamiento\/wp-json\/wp\/v2\/categories?post=26687"},{"taxonomy":"post_tag","embeddable":true,"href":"https:\/\/www.caudete.org\/ayuntamiento\/wp-json\/wp\/v2\/tags?post=26687"}],"curies":[{"name":"wp","href":"https:\/\/api.w.org\/{rel}","templated":true}]}}