{"id":26694,"date":"2024-11-21T20:42:43","date_gmt":"2024-11-21T19:42:43","guid":{"rendered":"https:\/\/www.caudete.org\/ayuntamiento\/?p=26694"},"modified":"2024-12-03T09:48:52","modified_gmt":"2024-12-03T08:48:52","slug":"comienza-la-restauracion-de-una-parte-noble-de-la-casa-que-ocupa-la-oficina-de-turismo","status":"publish","type":"post","link":"https:\/\/www.caudete.org\/ayuntamiento\/comienza-la-restauracion-de-una-parte-noble-de-la-casa-que-ocupa-la-oficina-de-turismo\/","title":{"rendered":"Comienza la restauraci\u00f3n de una parte noble de la Casa que ocupa la Oficina de Turismo"},"content":{"rendered":"<p style=\"text-align: justify;\">El Concejal de Turismo Diego Cuenca, ha informado acerca del nuevo proyecto emprendido por CaudeteTurismo enfocado a la restauraci\u00f3n de una de las salas nobles del edificio que alberga la Oficina de Turismo.<\/p>\n<p style=\"text-align: justify;\">Realizados por Lourdes Ca\u00f1izares, profesional del mundo de la restauraci\u00f3n, la estancia objeto del proyecto, adjudicado por poco m\u00e1s de 3.000\u20ac y costeado \u00edntegramente por las arcas municipales, se localiza en la planta primera del inmueble, con fachada a la Calle Mayor y Abad\u00eda.<\/p>\n<p style=\"text-align: justify;\">El sal\u00f3n es originario del S.XVIII, aunque su aspecto actual es parcialmente fruto de una remodelaci\u00f3n del S.XIX, cuyos elementos decorativos son de estilo isabelino (1833-1868), contando con delicado papel pintado a mano en sus paredes, y techos pintados al fresco, adem\u00e1s de una bonita carpinter\u00eda y baldosas de pavimento hidr\u00e1ulico.<\/p>\n<p style=\"text-align: justify;\">Los trabajos consisten en la limpieza y restauraci\u00f3n del papel de paredes y pintado del techo, usando para ello t\u00e9cnicas de restauraci\u00f3n especializadas y no invasivas.<\/p>\n<p><a href=\"https:\/\/www.caudete.org\/ayuntamiento\/wp-content\/uploads\/2024\/11\/WhatsApp-Image-2024-11-21-at-13.55.36-1.jpeg\" rel='prettyPhoto'><img fetchpriority=\"high\" decoding=\"async\" class=\"alignnone wp-image-26695 size-full\" src=\"https:\/\/www.caudete.org\/ayuntamiento\/wp-content\/uploads\/2024\/11\/WhatsApp-Image-2024-11-21-at-13.55.36-1.jpeg\" alt=\"\" width=\"1200\" height=\"1600\" srcset=\"https:\/\/www.caudete.org\/ayuntamiento\/wp-content\/uploads\/2024\/11\/WhatsApp-Image-2024-11-21-at-13.55.36-1.jpeg 1200w, https:\/\/www.caudete.org\/ayuntamiento\/wp-content\/uploads\/2024\/11\/WhatsApp-Image-2024-11-21-at-13.55.36-1-225x300.jpeg 225w, https:\/\/www.caudete.org\/ayuntamiento\/wp-content\/uploads\/2024\/11\/WhatsApp-Image-2024-11-21-at-13.55.36-1-768x1024.jpeg 768w, https:\/\/www.caudete.org\/ayuntamiento\/wp-content\/uploads\/2024\/11\/WhatsApp-Image-2024-11-21-at-13.55.36-1-1152x1536.jpeg 1152w\" sizes=\"(max-width: 1200px) 100vw, 1200px\" \/><\/a><\/p>\n","protected":false},"excerpt":{"rendered":"<p>El Concejal de Turismo Diego Cuenca, ha informado acerca del nuevo proyecto emprendido por CaudeteTurismo enfocado a la restauraci\u00f3n de una de las salas nobles del edificio que alberga la Oficina de Turismo. Realizados por Lourdes Ca\u00f1izares, profesional del mundo de la restauraci\u00f3n, la estancia objeto del proyecto, adjudicado por poco m\u00e1s de 3.000\u20ac y &hellip;<\/p>\n","protected":false},"author":3,"featured_media":26696,"comment_status":"closed","ping_status":"open","sticky":false,"template":"","format":"standard","meta":{"ngg_post_thumbnail":0,"footnotes":""},"categories":[43],"tags":[],"class_list":["post-26694","post","type-post","status-publish","format-standard","has-post-thumbnail","hentry","category-turismo"],"yoast_head":"<!-- This site is optimized with the Yoast SEO plugin v27.5 - https:\/\/yoast.com\/product\/yoast-seo-wordpress\/ -->\n<title>Comienza la restauraci\u00f3n de una parte noble de la Casa que ocupa la Oficina de Turismo - MI Ayuntamiento de Caudete<\/title>\n<meta name=\"description\" content=\"P\u00e1gina Oficial del Ayuntamiento de Caudete (Albacete)\" \/>\n<meta name=\"robots\" content=\"index, follow, max-snippet:-1, max-image-preview:large, max-video-preview:-1\" \/>\n<link rel=\"canonical\" href=\"https:\/\/www.caudete.org\/ayuntamiento\/comienza-la-restauracion-de-una-parte-noble-de-la-casa-que-ocupa-la-oficina-de-turismo\/\" \/>\n<meta property=\"og:locale\" content=\"es_ES\" \/>\n<meta property=\"og:type\" content=\"article\" \/>\n<meta property=\"og:title\" content=\"Comienza la restauraci\u00f3n de una parte noble de la Casa que ocupa la Oficina de Turismo - MI Ayuntamiento de Caudete\" \/>\n<meta property=\"og:description\" content=\"P\u00e1gina Oficial del Ayuntamiento de Caudete (Albacete)\" \/>\n<meta property=\"og:url\" content=\"https:\/\/www.caudete.org\/ayuntamiento\/comienza-la-restauracion-de-una-parte-noble-de-la-casa-que-ocupa-la-oficina-de-turismo\/\" \/>\n<meta property=\"og:site_name\" content=\"MI Ayuntamiento de Caudete\" \/>\n<meta property=\"article:publisher\" content=\"https:\/\/www.facebook.com\/ayuntamientocaudete\/\" \/>\n<meta property=\"article:published_time\" content=\"2024-11-21T19:42:43+00:00\" \/>\n<meta property=\"article:modified_time\" content=\"2024-12-03T08:48:52+00:00\" \/>\n<meta property=\"og:image\" content=\"https:\/\/www.caudete.org\/ayuntamiento\/wp-content\/uploads\/2024\/11\/WhatsApp-Image-2024-11-21-at-13.55.36.jpeg\" \/>\n\t<meta property=\"og:image:width\" content=\"1600\" \/>\n\t<meta property=\"og:image:height\" content=\"1200\" \/>\n\t<meta property=\"og:image:type\" content=\"image\/jpeg\" \/>\n<meta name=\"author\" content=\"alcalde\" \/>\n<meta name=\"twitter:card\" content=\"summary_large_image\" \/>\n<meta name=\"twitter:label1\" content=\"Escrito por\" \/>\n\t<meta name=\"twitter:data1\" content=\"alcalde\" \/>\n\t<meta name=\"twitter:label2\" content=\"Tiempo de lectura\" \/>\n\t<meta name=\"twitter:data2\" content=\"2 minutos\" \/>\n<script type=\"application\/ld+json\" class=\"yoast-schema-graph\">{\"@context\":\"https:\\\/\\\/schema.org\",\"@graph\":[{\"@type\":\"Article\",\"@id\":\"https:\\\/\\\/www.caudete.org\\\/ayuntamiento\\\/comienza-la-restauracion-de-una-parte-noble-de-la-casa-que-ocupa-la-oficina-de-turismo\\\/#article\",\"isPartOf\":{\"@id\":\"https:\\\/\\\/www.caudete.org\\\/ayuntamiento\\\/comienza-la-restauracion-de-una-parte-noble-de-la-casa-que-ocupa-la-oficina-de-turismo\\\/\"},\"author\":{\"name\":\"alcalde\",\"@id\":\"https:\\\/\\\/www.caudete.org\\\/ayuntamiento\\\/#\\\/schema\\\/person\\\/cc646da9133078ee4d8dd47457947253\"},\"headline\":\"Comienza la restauraci\u00f3n de una parte noble de la Casa que ocupa la Oficina de Turismo\",\"datePublished\":\"2024-11-21T19:42:43+00:00\",\"dateModified\":\"2024-12-03T08:48:52+00:00\",\"mainEntityOfPage\":{\"@id\":\"https:\\\/\\\/www.caudete.org\\\/ayuntamiento\\\/comienza-la-restauracion-de-una-parte-noble-de-la-casa-que-ocupa-la-oficina-de-turismo\\\/\"},\"wordCount\":185,\"image\":{\"@id\":\"https:\\\/\\\/www.caudete.org\\\/ayuntamiento\\\/comienza-la-restauracion-de-una-parte-noble-de-la-casa-que-ocupa-la-oficina-de-turismo\\\/#primaryimage\"},\"thumbnailUrl\":\"https:\\\/\\\/www.caudete.org\\\/ayuntamiento\\\/wp-content\\\/uploads\\\/2024\\\/11\\\/WhatsApp-Image-2024-11-21-at-13.55.36.jpeg\",\"articleSection\":[\"Turismo\"],\"inLanguage\":\"es\"},{\"@type\":\"WebPage\",\"@id\":\"https:\\\/\\\/www.caudete.org\\\/ayuntamiento\\\/comienza-la-restauracion-de-una-parte-noble-de-la-casa-que-ocupa-la-oficina-de-turismo\\\/\",\"url\":\"https:\\\/\\\/www.caudete.org\\\/ayuntamiento\\\/comienza-la-restauracion-de-una-parte-noble-de-la-casa-que-ocupa-la-oficina-de-turismo\\\/\",\"name\":\"Comienza la restauraci\u00f3n de una parte noble de la Casa que ocupa la Oficina de Turismo - MI Ayuntamiento de Caudete\",\"isPartOf\":{\"@id\":\"https:\\\/\\\/www.caudete.org\\\/ayuntamiento\\\/#website\"},\"primaryImageOfPage\":{\"@id\":\"https:\\\/\\\/www.caudete.org\\\/ayuntamiento\\\/comienza-la-restauracion-de-una-parte-noble-de-la-casa-que-ocupa-la-oficina-de-turismo\\\/#primaryimage\"},\"image\":{\"@id\":\"https:\\\/\\\/www.caudete.org\\\/ayuntamiento\\\/comienza-la-restauracion-de-una-parte-noble-de-la-casa-que-ocupa-la-oficina-de-turismo\\\/#primaryimage\"},\"thumbnailUrl\":\"https:\\\/\\\/www.caudete.org\\\/ayuntamiento\\\/wp-content\\\/uploads\\\/2024\\\/11\\\/WhatsApp-Image-2024-11-21-at-13.55.36.jpeg\",\"datePublished\":\"2024-11-21T19:42:43+00:00\",\"dateModified\":\"2024-12-03T08:48:52+00:00\",\"author\":{\"@id\":\"https:\\\/\\\/www.caudete.org\\\/ayuntamiento\\\/#\\\/schema\\\/person\\\/cc646da9133078ee4d8dd47457947253\"},\"description\":\"P\u00e1gina Oficial del Ayuntamiento de Caudete (Albacete)\",\"breadcrumb\":{\"@id\":\"https:\\\/\\\/www.caudete.org\\\/ayuntamiento\\\/comienza-la-restauracion-de-una-parte-noble-de-la-casa-que-ocupa-la-oficina-de-turismo\\\/#breadcrumb\"},\"inLanguage\":\"es\",\"potentialAction\":[{\"@type\":\"ReadAction\",\"target\":[\"https:\\\/\\\/www.caudete.org\\\/ayuntamiento\\\/comienza-la-restauracion-de-una-parte-noble-de-la-casa-que-ocupa-la-oficina-de-turismo\\\/\"]}]},{\"@type\":\"ImageObject\",\"inLanguage\":\"es\",\"@id\":\"https:\\\/\\\/www.caudete.org\\\/ayuntamiento\\\/comienza-la-restauracion-de-una-parte-noble-de-la-casa-que-ocupa-la-oficina-de-turismo\\\/#primaryimage\",\"url\":\"https:\\\/\\\/www.caudete.org\\\/ayuntamiento\\\/wp-content\\\/uploads\\\/2024\\\/11\\\/WhatsApp-Image-2024-11-21-at-13.55.36.jpeg\",\"contentUrl\":\"https:\\\/\\\/www.caudete.org\\\/ayuntamiento\\\/wp-content\\\/uploads\\\/2024\\\/11\\\/WhatsApp-Image-2024-11-21-at-13.55.36.jpeg\",\"width\":1600,\"height\":1200},{\"@type\":\"BreadcrumbList\",\"@id\":\"https:\\\/\\\/www.caudete.org\\\/ayuntamiento\\\/comienza-la-restauracion-de-una-parte-noble-de-la-casa-que-ocupa-la-oficina-de-turismo\\\/#breadcrumb\",\"itemListElement\":[{\"@type\":\"ListItem\",\"position\":1,\"name\":\"Inicio\",\"item\":\"https:\\\/\\\/www.caudete.org\\\/ayuntamiento\\\/\"},{\"@type\":\"ListItem\",\"position\":2,\"name\":\"Comienza la restauraci\u00f3n de una parte noble de la Casa que ocupa la Oficina de Turismo\"}]},{\"@type\":\"WebSite\",\"@id\":\"https:\\\/\\\/www.caudete.org\\\/ayuntamiento\\\/#website\",\"url\":\"https:\\\/\\\/www.caudete.org\\\/ayuntamiento\\\/\",\"name\":\"MI Ayuntamiento de Caudete\",\"description\":\"P\u00e1gina Oficial del MI Ayuntamiento de Caudete\",\"potentialAction\":[{\"@type\":\"SearchAction\",\"target\":{\"@type\":\"EntryPoint\",\"urlTemplate\":\"https:\\\/\\\/www.caudete.org\\\/ayuntamiento\\\/?s={search_term_string}\"},\"query-input\":{\"@type\":\"PropertyValueSpecification\",\"valueRequired\":true,\"valueName\":\"search_term_string\"}}],\"inLanguage\":\"es\"},{\"@type\":\"Person\",\"@id\":\"https:\\\/\\\/www.caudete.org\\\/ayuntamiento\\\/#\\\/schema\\\/person\\\/cc646da9133078ee4d8dd47457947253\",\"name\":\"alcalde\",\"image\":{\"@type\":\"ImageObject\",\"inLanguage\":\"es\",\"@id\":\"https:\\\/\\\/secure.gravatar.com\\\/avatar\\\/84a817ba065b29ff08d666b215a215f5c79186a645ccb25b14a663d48a130f77?s=96&d=mm&r=g\",\"url\":\"https:\\\/\\\/secure.gravatar.com\\\/avatar\\\/84a817ba065b29ff08d666b215a215f5c79186a645ccb25b14a663d48a130f77?s=96&d=mm&r=g\",\"contentUrl\":\"https:\\\/\\\/secure.gravatar.com\\\/avatar\\\/84a817ba065b29ff08d666b215a215f5c79186a645ccb25b14a663d48a130f77?s=96&d=mm&r=g\",\"caption\":\"alcalde\"},\"url\":\"https:\\\/\\\/www.caudete.org\\\/ayuntamiento\\\/author\\\/alcalde\\\/\"}]}<\/script>\n<!-- \/ Yoast SEO plugin. -->","yoast_head_json":{"title":"Comienza la restauraci\u00f3n de una parte noble de la Casa que ocupa la Oficina de Turismo - MI Ayuntamiento de Caudete","description":"P\u00e1gina Oficial del Ayuntamiento de Caudete (Albacete)","robots":{"index":"index","follow":"follow","max-snippet":"max-snippet:-1","max-image-preview":"max-image-preview:large","max-video-preview":"max-video-preview:-1"},"canonical":"https:\/\/www.caudete.org\/ayuntamiento\/comienza-la-restauracion-de-una-parte-noble-de-la-casa-que-ocupa-la-oficina-de-turismo\/","og_locale":"es_ES","og_type":"article","og_title":"Comienza la restauraci\u00f3n de una parte noble de la Casa que ocupa la Oficina de Turismo - MI Ayuntamiento de Caudete","og_description":"P\u00e1gina Oficial del Ayuntamiento de Caudete (Albacete)","og_url":"https:\/\/www.caudete.org\/ayuntamiento\/comienza-la-restauracion-de-una-parte-noble-de-la-casa-que-ocupa-la-oficina-de-turismo\/","og_site_name":"MI Ayuntamiento de Caudete","article_publisher":"https:\/\/www.facebook.com\/ayuntamientocaudete\/","article_published_time":"2024-11-21T19:42:43+00:00","article_modified_time":"2024-12-03T08:48:52+00:00","og_image":[{"width":1600,"height":1200,"url":"https:\/\/www.caudete.org\/ayuntamiento\/wp-content\/uploads\/2024\/11\/WhatsApp-Image-2024-11-21-at-13.55.36.jpeg","type":"image\/jpeg"}],"author":"alcalde","twitter_card":"summary_large_image","twitter_misc":{"Escrito por":"alcalde","Tiempo de lectura":"2 minutos"},"schema":{"@context":"https:\/\/schema.org","@graph":[{"@type":"Article","@id":"https:\/\/www.caudete.org\/ayuntamiento\/comienza-la-restauracion-de-una-parte-noble-de-la-casa-que-ocupa-la-oficina-de-turismo\/#article","isPartOf":{"@id":"https:\/\/www.caudete.org\/ayuntamiento\/comienza-la-restauracion-de-una-parte-noble-de-la-casa-que-ocupa-la-oficina-de-turismo\/"},"author":{"name":"alcalde","@id":"https:\/\/www.caudete.org\/ayuntamiento\/#\/schema\/person\/cc646da9133078ee4d8dd47457947253"},"headline":"Comienza la restauraci\u00f3n de una parte noble de la Casa que ocupa la Oficina de Turismo","datePublished":"2024-11-21T19:42:43+00:00","dateModified":"2024-12-03T08:48:52+00:00","mainEntityOfPage":{"@id":"https:\/\/www.caudete.org\/ayuntamiento\/comienza-la-restauracion-de-una-parte-noble-de-la-casa-que-ocupa-la-oficina-de-turismo\/"},"wordCount":185,"image":{"@id":"https:\/\/www.caudete.org\/ayuntamiento\/comienza-la-restauracion-de-una-parte-noble-de-la-casa-que-ocupa-la-oficina-de-turismo\/#primaryimage"},"thumbnailUrl":"https:\/\/www.caudete.org\/ayuntamiento\/wp-content\/uploads\/2024\/11\/WhatsApp-Image-2024-11-21-at-13.55.36.jpeg","articleSection":["Turismo"],"inLanguage":"es"},{"@type":"WebPage","@id":"https:\/\/www.caudete.org\/ayuntamiento\/comienza-la-restauracion-de-una-parte-noble-de-la-casa-que-ocupa-la-oficina-de-turismo\/","url":"https:\/\/www.caudete.org\/ayuntamiento\/comienza-la-restauracion-de-una-parte-noble-de-la-casa-que-ocupa-la-oficina-de-turismo\/","name":"Comienza la restauraci\u00f3n de una parte noble de la Casa que ocupa la Oficina de Turismo - MI Ayuntamiento de Caudete","isPartOf":{"@id":"https:\/\/www.caudete.org\/ayuntamiento\/#website"},"primaryImageOfPage":{"@id":"https:\/\/www.caudete.org\/ayuntamiento\/comienza-la-restauracion-de-una-parte-noble-de-la-casa-que-ocupa-la-oficina-de-turismo\/#primaryimage"},"image":{"@id":"https:\/\/www.caudete.org\/ayuntamiento\/comienza-la-restauracion-de-una-parte-noble-de-la-casa-que-ocupa-la-oficina-de-turismo\/#primaryimage"},"thumbnailUrl":"https:\/\/www.caudete.org\/ayuntamiento\/wp-content\/uploads\/2024\/11\/WhatsApp-Image-2024-11-21-at-13.55.36.jpeg","datePublished":"2024-11-21T19:42:43+00:00","dateModified":"2024-12-03T08:48:52+00:00","author":{"@id":"https:\/\/www.caudete.org\/ayuntamiento\/#\/schema\/person\/cc646da9133078ee4d8dd47457947253"},"description":"P\u00e1gina Oficial del Ayuntamiento de Caudete (Albacete)","breadcrumb":{"@id":"https:\/\/www.caudete.org\/ayuntamiento\/comienza-la-restauracion-de-una-parte-noble-de-la-casa-que-ocupa-la-oficina-de-turismo\/#breadcrumb"},"inLanguage":"es","potentialAction":[{"@type":"ReadAction","target":["https:\/\/www.caudete.org\/ayuntamiento\/comienza-la-restauracion-de-una-parte-noble-de-la-casa-que-ocupa-la-oficina-de-turismo\/"]}]},{"@type":"ImageObject","inLanguage":"es","@id":"https:\/\/www.caudete.org\/ayuntamiento\/comienza-la-restauracion-de-una-parte-noble-de-la-casa-que-ocupa-la-oficina-de-turismo\/#primaryimage","url":"https:\/\/www.caudete.org\/ayuntamiento\/wp-content\/uploads\/2024\/11\/WhatsApp-Image-2024-11-21-at-13.55.36.jpeg","contentUrl":"https:\/\/www.caudete.org\/ayuntamiento\/wp-content\/uploads\/2024\/11\/WhatsApp-Image-2024-11-21-at-13.55.36.jpeg","width":1600,"height":1200},{"@type":"BreadcrumbList","@id":"https:\/\/www.caudete.org\/ayuntamiento\/comienza-la-restauracion-de-una-parte-noble-de-la-casa-que-ocupa-la-oficina-de-turismo\/#breadcrumb","itemListElement":[{"@type":"ListItem","position":1,"name":"Inicio","item":"https:\/\/www.caudete.org\/ayuntamiento\/"},{"@type":"ListItem","position":2,"name":"Comienza la restauraci\u00f3n de una parte noble de la Casa que ocupa la Oficina de Turismo"}]},{"@type":"WebSite","@id":"https:\/\/www.caudete.org\/ayuntamiento\/#website","url":"https:\/\/www.caudete.org\/ayuntamiento\/","name":"MI Ayuntamiento de Caudete","description":"P\u00e1gina Oficial del MI Ayuntamiento de Caudete","potentialAction":[{"@type":"SearchAction","target":{"@type":"EntryPoint","urlTemplate":"https:\/\/www.caudete.org\/ayuntamiento\/?s={search_term_string}"},"query-input":{"@type":"PropertyValueSpecification","valueRequired":true,"valueName":"search_term_string"}}],"inLanguage":"es"},{"@type":"Person","@id":"https:\/\/www.caudete.org\/ayuntamiento\/#\/schema\/person\/cc646da9133078ee4d8dd47457947253","name":"alcalde","image":{"@type":"ImageObject","inLanguage":"es","@id":"https:\/\/secure.gravatar.com\/avatar\/84a817ba065b29ff08d666b215a215f5c79186a645ccb25b14a663d48a130f77?s=96&d=mm&r=g","url":"https:\/\/secure.gravatar.com\/avatar\/84a817ba065b29ff08d666b215a215f5c79186a645ccb25b14a663d48a130f77?s=96&d=mm&r=g","contentUrl":"https:\/\/secure.gravatar.com\/avatar\/84a817ba065b29ff08d666b215a215f5c79186a645ccb25b14a663d48a130f77?s=96&d=mm&r=g","caption":"alcalde"},"url":"https:\/\/www.caudete.org\/ayuntamiento\/author\/alcalde\/"}]}},"_links":{"self":[{"href":"https:\/\/www.caudete.org\/ayuntamiento\/wp-json\/wp\/v2\/posts\/26694","targetHints":{"allow":["GET"]}}],"collection":[{"href":"https:\/\/www.caudete.org\/ayuntamiento\/wp-json\/wp\/v2\/posts"}],"about":[{"href":"https:\/\/www.caudete.org\/ayuntamiento\/wp-json\/wp\/v2\/types\/post"}],"author":[{"embeddable":true,"href":"https:\/\/www.caudete.org\/ayuntamiento\/wp-json\/wp\/v2\/users\/3"}],"replies":[{"embeddable":true,"href":"https:\/\/www.caudete.org\/ayuntamiento\/wp-json\/wp\/v2\/comments?post=26694"}],"version-history":[{"count":1,"href":"https:\/\/www.caudete.org\/ayuntamiento\/wp-json\/wp\/v2\/posts\/26694\/revisions"}],"predecessor-version":[{"id":26697,"href":"https:\/\/www.caudete.org\/ayuntamiento\/wp-json\/wp\/v2\/posts\/26694\/revisions\/26697"}],"wp:featuredmedia":[{"embeddable":true,"href":"https:\/\/www.caudete.org\/ayuntamiento\/wp-json\/wp\/v2\/media\/26696"}],"wp:attachment":[{"href":"https:\/\/www.caudete.org\/ayuntamiento\/wp-json\/wp\/v2\/media?parent=26694"}],"wp:term":[{"taxonomy":"category","embeddable":true,"href":"https:\/\/www.caudete.org\/ayuntamiento\/wp-json\/wp\/v2\/categories?post=26694"},{"taxonomy":"post_tag","embeddable":true,"href":"https:\/\/www.caudete.org\/ayuntamiento\/wp-json\/wp\/v2\/tags?post=26694"}],"curies":[{"name":"wp","href":"https:\/\/api.w.org\/{rel}","templated":true}]}}