{"id":26700,"date":"2024-11-25T11:58:05","date_gmt":"2024-11-25T10:58:05","guid":{"rendered":"https:\/\/www.caudete.org\/ayuntamiento\/?p=26700"},"modified":"2024-11-25T11:59:25","modified_gmt":"2024-11-25T10:59:25","slug":"continuan-las-labores-de-limpieza-en-la-zona-de-los-cadalsos","status":"publish","type":"post","link":"https:\/\/www.caudete.org\/ayuntamiento\/continuan-las-labores-de-limpieza-en-la-zona-de-los-cadalsos\/","title":{"rendered":"Contin\u00faan las labores de limpieza en la zona de Los Cadalsos"},"content":{"rendered":"<p align=\"justify\"><span style=\"font-size: medium;\">Desde la Concejal\u00eda de Medio Ambiente informamos que tras retirar todos los vertidos ilegales y adecentar los puntos limpios de la Vereda de Santa Ana, se esta continuando con las labores de limpieza en la zona de Los Cadalsos.(otra zona afectada por los vertidos ilegales ) que mostramos en las fotograf\u00edas.<\/span><\/p>\n<p align=\"justify\"><span style=\"font-size: medium;\">Para los trabajos realizados en la Vereda Sana Ana se colocaron dos contenedores de obra que posteriormente se trasladaron a la zona de Los Cadalsos para terminar de llenarlos. Debido a la cantidad de escombro vertido en la zona, se tuvo que contratar dos contenedores adicionales y as\u00ed poder retirar todo el escombro superficial. A su vez , se contrat\u00f3 otro contenedor para retirar el resto de vertidos de otros materiales como pueden ser ropa, enseres etc, residuos que no pueden ser mezclados con lo escombros.<\/span><\/p>\n<p align=\"justify\"><span style=\"font-size: medium;\">Estas labores de limpieza se est\u00e1n realizando por operarios de Fobesa, empresa de limpieza municipal, y un maquinista local. Dichas labores solo pueden realizarse en la zona superficial, ya que la rambla es de dif\u00edcil acceso y, debido a su peligrosidad, ser\u00eda necesario la contrataci\u00f3n de maquinaria especifica para ello.<\/span><\/p>\n<p align=\"justify\"><span style=\"font-size: medium;\">Recordar que todas estas acciones las pagamos todos los Caudetanos, al tener que destinar recursos de limpieza del casco urbano a la limpieza de vertidos ilegales en la periferia.<\/span><\/p>\n<p align=\"justify\"><span style=\"font-size: medium;\">Con el fin de prevenir estos actos, se han instalado una serie de carteles donde se informa que verter cualquier tipo de residuo conlleva una sanci\u00f3n administrativa que va de los 2000\u20ac a los 20.000\u20ac<\/span><\/p>\n<p align=\"justify\"><span style=\"font-size: medium;\">Desde la concejal\u00eda de Medio Ambiente, solicitamos y agradecemos la colaboraci\u00f3n ciudadana ya que es muy importante para identificar a los responsables de estos vertidos, para cualquier informaci\u00f3n, pueden ponerse en contacto con la Polic\u00eda Local ( 965827034 ) o el \u00c1rea de Medio Ambiente<\/span><\/p>\n<p align=\"justify\"><a href=\"https:\/\/www.caudete.org\/ayuntamiento\/wp-content\/uploads\/2024\/11\/WhatsApp-Image-2024-11-08-at-10.03.34.jpg\" rel='prettyPhoto'><img fetchpriority=\"high\" decoding=\"async\" class=\"alignnone size-full wp-image-26701\" src=\"https:\/\/www.caudete.org\/ayuntamiento\/wp-content\/uploads\/2024\/11\/WhatsApp-Image-2024-11-08-at-10.03.34.jpg\" alt=\"\" width=\"1000\" height=\"1000\" srcset=\"https:\/\/www.caudete.org\/ayuntamiento\/wp-content\/uploads\/2024\/11\/WhatsApp-Image-2024-11-08-at-10.03.34.jpg 1000w, https:\/\/www.caudete.org\/ayuntamiento\/wp-content\/uploads\/2024\/11\/WhatsApp-Image-2024-11-08-at-10.03.34-300x300.jpg 300w, https:\/\/www.caudete.org\/ayuntamiento\/wp-content\/uploads\/2024\/11\/WhatsApp-Image-2024-11-08-at-10.03.34-150x150.jpg 150w, https:\/\/www.caudete.org\/ayuntamiento\/wp-content\/uploads\/2024\/11\/WhatsApp-Image-2024-11-08-at-10.03.34-768x768.jpg 768w, https:\/\/www.caudete.org\/ayuntamiento\/wp-content\/uploads\/2024\/11\/WhatsApp-Image-2024-11-08-at-10.03.34-60x60.jpg 60w\" sizes=\"(max-width: 1000px) 100vw, 1000px\" \/><\/a> <a href=\"https:\/\/www.caudete.org\/ayuntamiento\/wp-content\/uploads\/2024\/11\/WhatsApp-Image-2024-11-08-at-10.06.33-1.jpg\" rel='prettyPhoto'><img decoding=\"async\" class=\"alignnone size-full wp-image-26702\" src=\"https:\/\/www.caudete.org\/ayuntamiento\/wp-content\/uploads\/2024\/11\/WhatsApp-Image-2024-11-08-at-10.06.33-1.jpg\" alt=\"\" width=\"1000\" height=\"1000\" srcset=\"https:\/\/www.caudete.org\/ayuntamiento\/wp-content\/uploads\/2024\/11\/WhatsApp-Image-2024-11-08-at-10.06.33-1.jpg 1000w, https:\/\/www.caudete.org\/ayuntamiento\/wp-content\/uploads\/2024\/11\/WhatsApp-Image-2024-11-08-at-10.06.33-1-300x300.jpg 300w, https:\/\/www.caudete.org\/ayuntamiento\/wp-content\/uploads\/2024\/11\/WhatsApp-Image-2024-11-08-at-10.06.33-1-150x150.jpg 150w, https:\/\/www.caudete.org\/ayuntamiento\/wp-content\/uploads\/2024\/11\/WhatsApp-Image-2024-11-08-at-10.06.33-1-768x768.jpg 768w, https:\/\/www.caudete.org\/ayuntamiento\/wp-content\/uploads\/2024\/11\/WhatsApp-Image-2024-11-08-at-10.06.33-1-60x60.jpg 60w\" sizes=\"(max-width: 1000px) 100vw, 1000px\" \/><\/a> <a href=\"https:\/\/www.caudete.org\/ayuntamiento\/wp-content\/uploads\/2024\/11\/WhatsApp-Image-2024-11-08-at-10.06.33-2.jpg\" rel='prettyPhoto'><img decoding=\"async\" class=\"alignnone size-full wp-image-26703\" src=\"https:\/\/www.caudete.org\/ayuntamiento\/wp-content\/uploads\/2024\/11\/WhatsApp-Image-2024-11-08-at-10.06.33-2.jpg\" alt=\"\" width=\"1000\" height=\"1000\" srcset=\"https:\/\/www.caudete.org\/ayuntamiento\/wp-content\/uploads\/2024\/11\/WhatsApp-Image-2024-11-08-at-10.06.33-2.jpg 1000w, https:\/\/www.caudete.org\/ayuntamiento\/wp-content\/uploads\/2024\/11\/WhatsApp-Image-2024-11-08-at-10.06.33-2-300x300.jpg 300w, https:\/\/www.caudete.org\/ayuntamiento\/wp-content\/uploads\/2024\/11\/WhatsApp-Image-2024-11-08-at-10.06.33-2-150x150.jpg 150w, https:\/\/www.caudete.org\/ayuntamiento\/wp-content\/uploads\/2024\/11\/WhatsApp-Image-2024-11-08-at-10.06.33-2-768x768.jpg 768w, https:\/\/www.caudete.org\/ayuntamiento\/wp-content\/uploads\/2024\/11\/WhatsApp-Image-2024-11-08-at-10.06.33-2-60x60.jpg 60w\" sizes=\"(max-width: 1000px) 100vw, 1000px\" \/><\/a> <a href=\"https:\/\/www.caudete.org\/ayuntamiento\/wp-content\/uploads\/2024\/11\/WhatsApp-Image-2024-11-08-at-10.06.33.jpg\" rel='prettyPhoto'><img loading=\"lazy\" decoding=\"async\" class=\"alignnone size-full wp-image-26704\" src=\"https:\/\/www.caudete.org\/ayuntamiento\/wp-content\/uploads\/2024\/11\/WhatsApp-Image-2024-11-08-at-10.06.33.jpg\" alt=\"\" width=\"1000\" height=\"1000\" srcset=\"https:\/\/www.caudete.org\/ayuntamiento\/wp-content\/uploads\/2024\/11\/WhatsApp-Image-2024-11-08-at-10.06.33.jpg 1000w, https:\/\/www.caudete.org\/ayuntamiento\/wp-content\/uploads\/2024\/11\/WhatsApp-Image-2024-11-08-at-10.06.33-300x300.jpg 300w, https:\/\/www.caudete.org\/ayuntamiento\/wp-content\/uploads\/2024\/11\/WhatsApp-Image-2024-11-08-at-10.06.33-150x150.jpg 150w, https:\/\/www.caudete.org\/ayuntamiento\/wp-content\/uploads\/2024\/11\/WhatsApp-Image-2024-11-08-at-10.06.33-768x768.jpg 768w, https:\/\/www.caudete.org\/ayuntamiento\/wp-content\/uploads\/2024\/11\/WhatsApp-Image-2024-11-08-at-10.06.33-60x60.jpg 60w\" sizes=\"(max-width: 1000px) 100vw, 1000px\" \/><\/a> <a href=\"https:\/\/www.caudete.org\/ayuntamiento\/wp-content\/uploads\/2024\/11\/WhatsApp-Image-2024-11-08-at-10.07.27.jpg\" rel='prettyPhoto'><img loading=\"lazy\" decoding=\"async\" class=\"alignnone size-full wp-image-26705\" src=\"https:\/\/www.caudete.org\/ayuntamiento\/wp-content\/uploads\/2024\/11\/WhatsApp-Image-2024-11-08-at-10.07.27.jpg\" alt=\"\" width=\"1000\" height=\"1000\" srcset=\"https:\/\/www.caudete.org\/ayuntamiento\/wp-content\/uploads\/2024\/11\/WhatsApp-Image-2024-11-08-at-10.07.27.jpg 1000w, https:\/\/www.caudete.org\/ayuntamiento\/wp-content\/uploads\/2024\/11\/WhatsApp-Image-2024-11-08-at-10.07.27-300x300.jpg 300w, https:\/\/www.caudete.org\/ayuntamiento\/wp-content\/uploads\/2024\/11\/WhatsApp-Image-2024-11-08-at-10.07.27-150x150.jpg 150w, https:\/\/www.caudete.org\/ayuntamiento\/wp-content\/uploads\/2024\/11\/WhatsApp-Image-2024-11-08-at-10.07.27-768x768.jpg 768w, https:\/\/www.caudete.org\/ayuntamiento\/wp-content\/uploads\/2024\/11\/WhatsApp-Image-2024-11-08-at-10.07.27-60x60.jpg 60w\" sizes=\"(max-width: 1000px) 100vw, 1000px\" \/><\/a> <a href=\"https:\/\/www.caudete.org\/ayuntamiento\/wp-content\/uploads\/2024\/11\/WhatsApp-Image-2024-11-08-at-10.13.34.jpg\" rel='prettyPhoto'><img loading=\"lazy\" decoding=\"async\" class=\"alignnone size-full wp-image-26706\" src=\"https:\/\/www.caudete.org\/ayuntamiento\/wp-content\/uploads\/2024\/11\/WhatsApp-Image-2024-11-08-at-10.13.34.jpg\" alt=\"\" width=\"1000\" height=\"1000\" srcset=\"https:\/\/www.caudete.org\/ayuntamiento\/wp-content\/uploads\/2024\/11\/WhatsApp-Image-2024-11-08-at-10.13.34.jpg 1000w, https:\/\/www.caudete.org\/ayuntamiento\/wp-content\/uploads\/2024\/11\/WhatsApp-Image-2024-11-08-at-10.13.34-300x300.jpg 300w, https:\/\/www.caudete.org\/ayuntamiento\/wp-content\/uploads\/2024\/11\/WhatsApp-Image-2024-11-08-at-10.13.34-150x150.jpg 150w, https:\/\/www.caudete.org\/ayuntamiento\/wp-content\/uploads\/2024\/11\/WhatsApp-Image-2024-11-08-at-10.13.34-768x768.jpg 768w, https:\/\/www.caudete.org\/ayuntamiento\/wp-content\/uploads\/2024\/11\/WhatsApp-Image-2024-11-08-at-10.13.34-60x60.jpg 60w\" sizes=\"(max-width: 1000px) 100vw, 1000px\" \/><\/a><\/p>\n","protected":false},"excerpt":{"rendered":"<p>Desde la Concejal\u00eda de Medio Ambiente informamos que tras retirar todos los vertidos ilegales y adecentar los puntos limpios de la Vereda de Santa Ana, se esta continuando con las labores de limpieza en la zona de Los Cadalsos.(otra zona afectada por los vertidos ilegales ) que mostramos en las fotograf\u00edas. Para los trabajos realizados &hellip;<\/p>\n","protected":false},"author":5,"featured_media":26707,"comment_status":"closed","ping_status":"open","sticky":false,"template":"","format":"standard","meta":{"ngg_post_thumbnail":0,"footnotes":""},"categories":[29],"tags":[],"class_list":["post-26700","post","type-post","status-publish","format-standard","has-post-thumbnail","hentry","category-medio-ambiente"],"yoast_head":"<!-- This site is optimized with the Yoast SEO plugin v27.5 - https:\/\/yoast.com\/product\/yoast-seo-wordpress\/ -->\n<title>Contin\u00faan las labores de limpieza en la zona de Los Cadalsos - MI Ayuntamiento de Caudete<\/title>\n<meta name=\"description\" content=\"P\u00e1gina Oficial del Ayuntamiento de Caudete (Albacete)\" \/>\n<meta name=\"robots\" content=\"index, follow, max-snippet:-1, max-image-preview:large, max-video-preview:-1\" \/>\n<link rel=\"canonical\" href=\"https:\/\/www.caudete.org\/ayuntamiento\/continuan-las-labores-de-limpieza-en-la-zona-de-los-cadalsos\/\" \/>\n<meta property=\"og:locale\" content=\"es_ES\" \/>\n<meta property=\"og:type\" content=\"article\" \/>\n<meta property=\"og:title\" content=\"Contin\u00faan las labores de limpieza en la zona de Los Cadalsos - MI Ayuntamiento de Caudete\" \/>\n<meta property=\"og:description\" content=\"P\u00e1gina Oficial del Ayuntamiento de Caudete (Albacete)\" \/>\n<meta property=\"og:url\" content=\"https:\/\/www.caudete.org\/ayuntamiento\/continuan-las-labores-de-limpieza-en-la-zona-de-los-cadalsos\/\" \/>\n<meta property=\"og:site_name\" content=\"MI Ayuntamiento de Caudete\" \/>\n<meta property=\"article:publisher\" content=\"https:\/\/www.facebook.com\/ayuntamientocaudete\/\" \/>\n<meta property=\"article:published_time\" content=\"2024-11-25T10:58:05+00:00\" \/>\n<meta property=\"article:modified_time\" content=\"2024-11-25T10:59:25+00:00\" \/>\n<meta property=\"og:image\" content=\"https:\/\/www.caudete.org\/ayuntamiento\/wp-content\/uploads\/2024\/11\/WhatsApp-Image-2024-11-08-at-10.03.34-port.jpg\" \/>\n\t<meta property=\"og:image:width\" content=\"1000\" \/>\n\t<meta property=\"og:image:height\" content=\"442\" \/>\n\t<meta property=\"og:image:type\" content=\"image\/jpeg\" \/>\n<meta name=\"author\" content=\"Dpto Informatica MI Ayuntamiento de Caudete\" \/>\n<meta name=\"twitter:card\" content=\"summary_large_image\" \/>\n<meta name=\"twitter:label1\" content=\"Escrito por\" \/>\n\t<meta name=\"twitter:data1\" content=\"Dpto Informatica MI Ayuntamiento de Caudete\" \/>\n\t<meta name=\"twitter:label2\" content=\"Tiempo de lectura\" \/>\n\t<meta name=\"twitter:data2\" content=\"3 minutos\" \/>\n<script type=\"application\/ld+json\" class=\"yoast-schema-graph\">{\"@context\":\"https:\\\/\\\/schema.org\",\"@graph\":[{\"@type\":\"Article\",\"@id\":\"https:\\\/\\\/www.caudete.org\\\/ayuntamiento\\\/continuan-las-labores-de-limpieza-en-la-zona-de-los-cadalsos\\\/#article\",\"isPartOf\":{\"@id\":\"https:\\\/\\\/www.caudete.org\\\/ayuntamiento\\\/continuan-las-labores-de-limpieza-en-la-zona-de-los-cadalsos\\\/\"},\"author\":{\"name\":\"Dpto Informatica MI Ayuntamiento de Caudete\",\"@id\":\"https:\\\/\\\/www.caudete.org\\\/ayuntamiento\\\/#\\\/schema\\\/person\\\/4b9eab41761957db9b1bf9c418d1ef46\"},\"headline\":\"Contin\u00faan las labores de limpieza en la zona de Los Cadalsos\",\"datePublished\":\"2024-11-25T10:58:05+00:00\",\"dateModified\":\"2024-11-25T10:59:25+00:00\",\"mainEntityOfPage\":{\"@id\":\"https:\\\/\\\/www.caudete.org\\\/ayuntamiento\\\/continuan-las-labores-de-limpieza-en-la-zona-de-los-cadalsos\\\/\"},\"wordCount\":313,\"image\":{\"@id\":\"https:\\\/\\\/www.caudete.org\\\/ayuntamiento\\\/continuan-las-labores-de-limpieza-en-la-zona-de-los-cadalsos\\\/#primaryimage\"},\"thumbnailUrl\":\"https:\\\/\\\/www.caudete.org\\\/ayuntamiento\\\/wp-content\\\/uploads\\\/2024\\\/11\\\/WhatsApp-Image-2024-11-08-at-10.03.34-port.jpg\",\"articleSection\":[\"Medio Ambiente\"],\"inLanguage\":\"es\"},{\"@type\":\"WebPage\",\"@id\":\"https:\\\/\\\/www.caudete.org\\\/ayuntamiento\\\/continuan-las-labores-de-limpieza-en-la-zona-de-los-cadalsos\\\/\",\"url\":\"https:\\\/\\\/www.caudete.org\\\/ayuntamiento\\\/continuan-las-labores-de-limpieza-en-la-zona-de-los-cadalsos\\\/\",\"name\":\"Contin\u00faan las labores de limpieza en la zona de Los Cadalsos - MI Ayuntamiento de Caudete\",\"isPartOf\":{\"@id\":\"https:\\\/\\\/www.caudete.org\\\/ayuntamiento\\\/#website\"},\"primaryImageOfPage\":{\"@id\":\"https:\\\/\\\/www.caudete.org\\\/ayuntamiento\\\/continuan-las-labores-de-limpieza-en-la-zona-de-los-cadalsos\\\/#primaryimage\"},\"image\":{\"@id\":\"https:\\\/\\\/www.caudete.org\\\/ayuntamiento\\\/continuan-las-labores-de-limpieza-en-la-zona-de-los-cadalsos\\\/#primaryimage\"},\"thumbnailUrl\":\"https:\\\/\\\/www.caudete.org\\\/ayuntamiento\\\/wp-content\\\/uploads\\\/2024\\\/11\\\/WhatsApp-Image-2024-11-08-at-10.03.34-port.jpg\",\"datePublished\":\"2024-11-25T10:58:05+00:00\",\"dateModified\":\"2024-11-25T10:59:25+00:00\",\"author\":{\"@id\":\"https:\\\/\\\/www.caudete.org\\\/ayuntamiento\\\/#\\\/schema\\\/person\\\/4b9eab41761957db9b1bf9c418d1ef46\"},\"description\":\"P\u00e1gina Oficial del Ayuntamiento de Caudete (Albacete)\",\"breadcrumb\":{\"@id\":\"https:\\\/\\\/www.caudete.org\\\/ayuntamiento\\\/continuan-las-labores-de-limpieza-en-la-zona-de-los-cadalsos\\\/#breadcrumb\"},\"inLanguage\":\"es\",\"potentialAction\":[{\"@type\":\"ReadAction\",\"target\":[\"https:\\\/\\\/www.caudete.org\\\/ayuntamiento\\\/continuan-las-labores-de-limpieza-en-la-zona-de-los-cadalsos\\\/\"]}]},{\"@type\":\"ImageObject\",\"inLanguage\":\"es\",\"@id\":\"https:\\\/\\\/www.caudete.org\\\/ayuntamiento\\\/continuan-las-labores-de-limpieza-en-la-zona-de-los-cadalsos\\\/#primaryimage\",\"url\":\"https:\\\/\\\/www.caudete.org\\\/ayuntamiento\\\/wp-content\\\/uploads\\\/2024\\\/11\\\/WhatsApp-Image-2024-11-08-at-10.03.34-port.jpg\",\"contentUrl\":\"https:\\\/\\\/www.caudete.org\\\/ayuntamiento\\\/wp-content\\\/uploads\\\/2024\\\/11\\\/WhatsApp-Image-2024-11-08-at-10.03.34-port.jpg\",\"width\":1000,\"height\":442},{\"@type\":\"BreadcrumbList\",\"@id\":\"https:\\\/\\\/www.caudete.org\\\/ayuntamiento\\\/continuan-las-labores-de-limpieza-en-la-zona-de-los-cadalsos\\\/#breadcrumb\",\"itemListElement\":[{\"@type\":\"ListItem\",\"position\":1,\"name\":\"Inicio\",\"item\":\"https:\\\/\\\/www.caudete.org\\\/ayuntamiento\\\/\"},{\"@type\":\"ListItem\",\"position\":2,\"name\":\"Contin\u00faan las labores de limpieza en la zona de Los Cadalsos\"}]},{\"@type\":\"WebSite\",\"@id\":\"https:\\\/\\\/www.caudete.org\\\/ayuntamiento\\\/#website\",\"url\":\"https:\\\/\\\/www.caudete.org\\\/ayuntamiento\\\/\",\"name\":\"MI Ayuntamiento de Caudete\",\"description\":\"P\u00e1gina Oficial del MI Ayuntamiento de Caudete\",\"potentialAction\":[{\"@type\":\"SearchAction\",\"target\":{\"@type\":\"EntryPoint\",\"urlTemplate\":\"https:\\\/\\\/www.caudete.org\\\/ayuntamiento\\\/?s={search_term_string}\"},\"query-input\":{\"@type\":\"PropertyValueSpecification\",\"valueRequired\":true,\"valueName\":\"search_term_string\"}}],\"inLanguage\":\"es\"},{\"@type\":\"Person\",\"@id\":\"https:\\\/\\\/www.caudete.org\\\/ayuntamiento\\\/#\\\/schema\\\/person\\\/4b9eab41761957db9b1bf9c418d1ef46\",\"name\":\"Dpto Informatica MI Ayuntamiento de Caudete\",\"image\":{\"@type\":\"ImageObject\",\"inLanguage\":\"es\",\"@id\":\"https:\\\/\\\/secure.gravatar.com\\\/avatar\\\/ac0321ee4a0a83e82a253e7b2d348ef539e2c8fe16d06b600bde04de1b364fa7?s=96&d=mm&r=g\",\"url\":\"https:\\\/\\\/secure.gravatar.com\\\/avatar\\\/ac0321ee4a0a83e82a253e7b2d348ef539e2c8fe16d06b600bde04de1b364fa7?s=96&d=mm&r=g\",\"contentUrl\":\"https:\\\/\\\/secure.gravatar.com\\\/avatar\\\/ac0321ee4a0a83e82a253e7b2d348ef539e2c8fe16d06b600bde04de1b364fa7?s=96&d=mm&r=g\",\"caption\":\"Dpto Informatica MI Ayuntamiento de Caudete\"},\"url\":\"https:\\\/\\\/www.caudete.org\\\/ayuntamiento\\\/author\\\/informatica\\\/\"}]}<\/script>\n<!-- \/ Yoast SEO plugin. -->","yoast_head_json":{"title":"Contin\u00faan las labores de limpieza en la zona de Los Cadalsos - MI Ayuntamiento de Caudete","description":"P\u00e1gina Oficial del Ayuntamiento de Caudete (Albacete)","robots":{"index":"index","follow":"follow","max-snippet":"max-snippet:-1","max-image-preview":"max-image-preview:large","max-video-preview":"max-video-preview:-1"},"canonical":"https:\/\/www.caudete.org\/ayuntamiento\/continuan-las-labores-de-limpieza-en-la-zona-de-los-cadalsos\/","og_locale":"es_ES","og_type":"article","og_title":"Contin\u00faan las labores de limpieza en la zona de Los Cadalsos - MI Ayuntamiento de Caudete","og_description":"P\u00e1gina Oficial del Ayuntamiento de Caudete (Albacete)","og_url":"https:\/\/www.caudete.org\/ayuntamiento\/continuan-las-labores-de-limpieza-en-la-zona-de-los-cadalsos\/","og_site_name":"MI Ayuntamiento de Caudete","article_publisher":"https:\/\/www.facebook.com\/ayuntamientocaudete\/","article_published_time":"2024-11-25T10:58:05+00:00","article_modified_time":"2024-11-25T10:59:25+00:00","og_image":[{"width":1000,"height":442,"url":"https:\/\/www.caudete.org\/ayuntamiento\/wp-content\/uploads\/2024\/11\/WhatsApp-Image-2024-11-08-at-10.03.34-port.jpg","type":"image\/jpeg"}],"author":"Dpto Informatica MI Ayuntamiento de Caudete","twitter_card":"summary_large_image","twitter_misc":{"Escrito por":"Dpto Informatica MI Ayuntamiento de Caudete","Tiempo de lectura":"3 minutos"},"schema":{"@context":"https:\/\/schema.org","@graph":[{"@type":"Article","@id":"https:\/\/www.caudete.org\/ayuntamiento\/continuan-las-labores-de-limpieza-en-la-zona-de-los-cadalsos\/#article","isPartOf":{"@id":"https:\/\/www.caudete.org\/ayuntamiento\/continuan-las-labores-de-limpieza-en-la-zona-de-los-cadalsos\/"},"author":{"name":"Dpto Informatica MI Ayuntamiento de Caudete","@id":"https:\/\/www.caudete.org\/ayuntamiento\/#\/schema\/person\/4b9eab41761957db9b1bf9c418d1ef46"},"headline":"Contin\u00faan las labores de limpieza en la zona de Los Cadalsos","datePublished":"2024-11-25T10:58:05+00:00","dateModified":"2024-11-25T10:59:25+00:00","mainEntityOfPage":{"@id":"https:\/\/www.caudete.org\/ayuntamiento\/continuan-las-labores-de-limpieza-en-la-zona-de-los-cadalsos\/"},"wordCount":313,"image":{"@id":"https:\/\/www.caudete.org\/ayuntamiento\/continuan-las-labores-de-limpieza-en-la-zona-de-los-cadalsos\/#primaryimage"},"thumbnailUrl":"https:\/\/www.caudete.org\/ayuntamiento\/wp-content\/uploads\/2024\/11\/WhatsApp-Image-2024-11-08-at-10.03.34-port.jpg","articleSection":["Medio Ambiente"],"inLanguage":"es"},{"@type":"WebPage","@id":"https:\/\/www.caudete.org\/ayuntamiento\/continuan-las-labores-de-limpieza-en-la-zona-de-los-cadalsos\/","url":"https:\/\/www.caudete.org\/ayuntamiento\/continuan-las-labores-de-limpieza-en-la-zona-de-los-cadalsos\/","name":"Contin\u00faan las labores de limpieza en la zona de Los Cadalsos - MI Ayuntamiento de Caudete","isPartOf":{"@id":"https:\/\/www.caudete.org\/ayuntamiento\/#website"},"primaryImageOfPage":{"@id":"https:\/\/www.caudete.org\/ayuntamiento\/continuan-las-labores-de-limpieza-en-la-zona-de-los-cadalsos\/#primaryimage"},"image":{"@id":"https:\/\/www.caudete.org\/ayuntamiento\/continuan-las-labores-de-limpieza-en-la-zona-de-los-cadalsos\/#primaryimage"},"thumbnailUrl":"https:\/\/www.caudete.org\/ayuntamiento\/wp-content\/uploads\/2024\/11\/WhatsApp-Image-2024-11-08-at-10.03.34-port.jpg","datePublished":"2024-11-25T10:58:05+00:00","dateModified":"2024-11-25T10:59:25+00:00","author":{"@id":"https:\/\/www.caudete.org\/ayuntamiento\/#\/schema\/person\/4b9eab41761957db9b1bf9c418d1ef46"},"description":"P\u00e1gina Oficial del Ayuntamiento de Caudete (Albacete)","breadcrumb":{"@id":"https:\/\/www.caudete.org\/ayuntamiento\/continuan-las-labores-de-limpieza-en-la-zona-de-los-cadalsos\/#breadcrumb"},"inLanguage":"es","potentialAction":[{"@type":"ReadAction","target":["https:\/\/www.caudete.org\/ayuntamiento\/continuan-las-labores-de-limpieza-en-la-zona-de-los-cadalsos\/"]}]},{"@type":"ImageObject","inLanguage":"es","@id":"https:\/\/www.caudete.org\/ayuntamiento\/continuan-las-labores-de-limpieza-en-la-zona-de-los-cadalsos\/#primaryimage","url":"https:\/\/www.caudete.org\/ayuntamiento\/wp-content\/uploads\/2024\/11\/WhatsApp-Image-2024-11-08-at-10.03.34-port.jpg","contentUrl":"https:\/\/www.caudete.org\/ayuntamiento\/wp-content\/uploads\/2024\/11\/WhatsApp-Image-2024-11-08-at-10.03.34-port.jpg","width":1000,"height":442},{"@type":"BreadcrumbList","@id":"https:\/\/www.caudete.org\/ayuntamiento\/continuan-las-labores-de-limpieza-en-la-zona-de-los-cadalsos\/#breadcrumb","itemListElement":[{"@type":"ListItem","position":1,"name":"Inicio","item":"https:\/\/www.caudete.org\/ayuntamiento\/"},{"@type":"ListItem","position":2,"name":"Contin\u00faan las labores de limpieza en la zona de Los Cadalsos"}]},{"@type":"WebSite","@id":"https:\/\/www.caudete.org\/ayuntamiento\/#website","url":"https:\/\/www.caudete.org\/ayuntamiento\/","name":"MI Ayuntamiento de Caudete","description":"P\u00e1gina Oficial del MI Ayuntamiento de Caudete","potentialAction":[{"@type":"SearchAction","target":{"@type":"EntryPoint","urlTemplate":"https:\/\/www.caudete.org\/ayuntamiento\/?s={search_term_string}"},"query-input":{"@type":"PropertyValueSpecification","valueRequired":true,"valueName":"search_term_string"}}],"inLanguage":"es"},{"@type":"Person","@id":"https:\/\/www.caudete.org\/ayuntamiento\/#\/schema\/person\/4b9eab41761957db9b1bf9c418d1ef46","name":"Dpto Informatica MI Ayuntamiento de Caudete","image":{"@type":"ImageObject","inLanguage":"es","@id":"https:\/\/secure.gravatar.com\/avatar\/ac0321ee4a0a83e82a253e7b2d348ef539e2c8fe16d06b600bde04de1b364fa7?s=96&d=mm&r=g","url":"https:\/\/secure.gravatar.com\/avatar\/ac0321ee4a0a83e82a253e7b2d348ef539e2c8fe16d06b600bde04de1b364fa7?s=96&d=mm&r=g","contentUrl":"https:\/\/secure.gravatar.com\/avatar\/ac0321ee4a0a83e82a253e7b2d348ef539e2c8fe16d06b600bde04de1b364fa7?s=96&d=mm&r=g","caption":"Dpto Informatica MI Ayuntamiento de Caudete"},"url":"https:\/\/www.caudete.org\/ayuntamiento\/author\/informatica\/"}]}},"_links":{"self":[{"href":"https:\/\/www.caudete.org\/ayuntamiento\/wp-json\/wp\/v2\/posts\/26700","targetHints":{"allow":["GET"]}}],"collection":[{"href":"https:\/\/www.caudete.org\/ayuntamiento\/wp-json\/wp\/v2\/posts"}],"about":[{"href":"https:\/\/www.caudete.org\/ayuntamiento\/wp-json\/wp\/v2\/types\/post"}],"author":[{"embeddable":true,"href":"https:\/\/www.caudete.org\/ayuntamiento\/wp-json\/wp\/v2\/users\/5"}],"replies":[{"embeddable":true,"href":"https:\/\/www.caudete.org\/ayuntamiento\/wp-json\/wp\/v2\/comments?post=26700"}],"version-history":[{"count":1,"href":"https:\/\/www.caudete.org\/ayuntamiento\/wp-json\/wp\/v2\/posts\/26700\/revisions"}],"predecessor-version":[{"id":26708,"href":"https:\/\/www.caudete.org\/ayuntamiento\/wp-json\/wp\/v2\/posts\/26700\/revisions\/26708"}],"wp:featuredmedia":[{"embeddable":true,"href":"https:\/\/www.caudete.org\/ayuntamiento\/wp-json\/wp\/v2\/media\/26707"}],"wp:attachment":[{"href":"https:\/\/www.caudete.org\/ayuntamiento\/wp-json\/wp\/v2\/media?parent=26700"}],"wp:term":[{"taxonomy":"category","embeddable":true,"href":"https:\/\/www.caudete.org\/ayuntamiento\/wp-json\/wp\/v2\/categories?post=26700"},{"taxonomy":"post_tag","embeddable":true,"href":"https:\/\/www.caudete.org\/ayuntamiento\/wp-json\/wp\/v2\/tags?post=26700"}],"curies":[{"name":"wp","href":"https:\/\/api.w.org\/{rel}","templated":true}]}}